{"id":14713,"date":"2024-04-15T22:46:06","date_gmt":"2024-04-16T01:46:06","guid":{"rendered":"https:\/\/apuntesdesanluis.com\/?p=14713"},"modified":"2024-04-15T22:46:06","modified_gmt":"2024-04-16T01:46:06","slug":"no-hay-plata-san-luis-no-sera-sede-de-dos-competencias-internacionales","status":"publish","type":"post","link":"https:\/\/apuntesdesanluis.com\/index.php\/2024\/04\/15\/no-hay-plata-san-luis-no-sera-sede-de-dos-competencias-internacionales\/","title":{"rendered":"NO HAY PLATA: SAN LUIS NO SER\u00c1 SEDE DE DOS COMPETENCIAS INTERNACIONALES"},"content":{"rendered":"<h3>Ni de los <strong>Juegos Sudamericanos de la Juventud<\/strong> ni del <strong>Mundial de Pelota-Paleta 2026<\/strong>. El secretario de Deportes, <strong>Gabriel Rivero<\/strong>, explic\u00f3 que la Provincia tuvo que tomar la dif\u00edcil decisi\u00f3n de no llevar adelante la organizaci\u00f3n de estos eventos internacionales debido a las circunstancias econ\u00f3micas adversas.<\/h3>\n<h3>\u201cTenemos que entender que la operaci\u00f3n de los Juegos de la Juventud tienen un costo para la Provincia de 30.000 millones de pesos, m\u00e1s el Mundial de Pelota-Paleta que ten\u00eda una operatoria aproximada de 10.000 millones de pesos\u201d, explic\u00f3 Rivero y a\u00f1adi\u00f3: \u201cEntender\u00e1n que es una situaci\u00f3n econ\u00f3mica muy dif\u00edcil de afrontar para la Provincia\u201d.<\/h3>\n<h3>La decisi\u00f3n ya fue comunicada al Comit\u00e9 Ol\u00edmpico como as\u00ed tambi\u00e9n a la Confederaci\u00f3n Argentina de Pelota-Paleta.<\/h3>\n<h3>\u201cUn equipamiento para la gimnasia, \u00fanicamente, tiene un costo de 400 mil euros, y ustedes piensen que el programa deportivo de los Juegos Sudamericanos contemplaba 39 deportes. Entonces, operativamente iba a ser muy dif\u00edcil sostener unos Juegos de esa magnitud\u201d, concluy\u00f3 Rivero.<\/h3>\n<p>&nbsp;<\/p>\n<p>&nbsp;<\/p>\n<p>&nbsp;<\/p>\n<p>&nbsp;<\/p>\n<p>&nbsp;<\/p>\n","protected":false},"excerpt":{"rendered":"<p>Ni de los Juegos Sudamericanos de la Juventud ni del Mundial de Pelota-Paleta 2026. El&#8230;<\/p>\n","protected":false},"author":1,"featured_media":14714,"comment_status":"closed","ping_status":"closed","sticky":false,"template":"","format":"standard","meta":{"footnotes":""},"categories":[6,8],"tags":[],"class_list":["post-14713","post","type-post","status-publish","format-standard","has-post-thumbnail","hentry","category-ciudad-provincia","category-deportes"],"yoast_head":"<!-- This site is optimized with the Yoast SEO plugin v26.1.1 - https:\/\/yoast.com\/wordpress\/plugins\/seo\/ -->\n<title>NO HAY PLATA: SAN LUIS NO SER\u00c1 SEDE DE DOS COMPETENCIAS INTERNACIONALES - Apuntes de San Luis<\/title>\n<meta name=\"robots\" content=\"index, follow, max-snippet:-1, max-image-preview:large, max-video-preview:-1\" \/>\n<link rel=\"canonical\" href=\"https:\/\/apuntesdesanluis.com\/index.php\/2024\/04\/15\/no-hay-plata-san-luis-no-sera-sede-de-dos-competencias-internacionales\/\" \/>\n<meta property=\"og:locale\" content=\"es_ES\" \/>\n<meta property=\"og:type\" content=\"article\" \/>\n<meta property=\"og:title\" content=\"NO HAY PLATA: SAN LUIS NO SER\u00c1 SEDE DE DOS COMPETENCIAS INTERNACIONALES - Apuntes de San Luis\" \/>\n<meta property=\"og:description\" content=\"Ni de los Juegos Sudamericanos de la Juventud ni del Mundial de Pelota-Paleta 2026. El...\" \/>\n<meta property=\"og:url\" content=\"https:\/\/apuntesdesanluis.com\/index.php\/2024\/04\/15\/no-hay-plata-san-luis-no-sera-sede-de-dos-competencias-internacionales\/\" \/>\n<meta property=\"og:site_name\" content=\"Apuntes de San Luis\" \/>\n<meta property=\"article:published_time\" content=\"2024-04-16T01:46:06+00:00\" \/>\n<meta property=\"og:image\" content=\"https:\/\/apuntesdesanluis.com\/wp-content\/uploads\/2024\/04\/rivero.png\" \/>\n\t<meta property=\"og:image:width\" content=\"600\" \/>\n\t<meta property=\"og:image:height\" content=\"319\" \/>\n\t<meta property=\"og:image:type\" content=\"image\/png\" \/>\n<meta name=\"author\" content=\"apuntesdesanluis.com\" \/>\n<meta name=\"twitter:card\" content=\"summary_large_image\" \/>\n<meta name=\"twitter:label1\" content=\"Escrito por\" \/>\n\t<meta name=\"twitter:data1\" content=\"apuntesdesanluis.com\" \/>\n\t<meta name=\"twitter:label2\" content=\"Tiempo de lectura\" \/>\n\t<meta name=\"twitter:data2\" content=\"1 minuto\" \/>\n<script type=\"application\/ld+json\" class=\"yoast-schema-graph\">{\"@context\":\"https:\/\/schema.org\",\"@graph\":[{\"@type\":\"Article\",\"@id\":\"https:\/\/apuntesdesanluis.com\/index.php\/2024\/04\/15\/no-hay-plata-san-luis-no-sera-sede-de-dos-competencias-internacionales\/#article\",\"isPartOf\":{\"@id\":\"https:\/\/apuntesdesanluis.com\/index.php\/2024\/04\/15\/no-hay-plata-san-luis-no-sera-sede-de-dos-competencias-internacionales\/\"},\"author\":{\"name\":\"apuntesdesanluis.com\",\"@id\":\"https:\/\/apuntesdesanluis.com\/#\/schema\/person\/b55151d52296fcce64d1a72538a70b90\"},\"headline\":\"NO HAY PLATA: SAN LUIS NO SER\u00c1 SEDE DE DOS COMPETENCIAS INTERNACIONALES\",\"datePublished\":\"2024-04-16T01:46:06+00:00\",\"mainEntityOfPage\":{\"@id\":\"https:\/\/apuntesdesanluis.com\/index.php\/2024\/04\/15\/no-hay-plata-san-luis-no-sera-sede-de-dos-competencias-internacionales\/\"},\"wordCount\":189,\"publisher\":{\"@id\":\"https:\/\/apuntesdesanluis.com\/#\/schema\/person\/b55151d52296fcce64d1a72538a70b90\"},\"image\":{\"@id\":\"https:\/\/apuntesdesanluis.com\/index.php\/2024\/04\/15\/no-hay-plata-san-luis-no-sera-sede-de-dos-competencias-internacionales\/#primaryimage\"},\"thumbnailUrl\":\"https:\/\/apuntesdesanluis.com\/wp-content\/uploads\/2024\/04\/rivero.png\",\"articleSection\":[\"Ciudad\/Provincia\",\"Deportes\"],\"inLanguage\":\"es-AR\"},{\"@type\":\"WebPage\",\"@id\":\"https:\/\/apuntesdesanluis.com\/index.php\/2024\/04\/15\/no-hay-plata-san-luis-no-sera-sede-de-dos-competencias-internacionales\/\",\"url\":\"https:\/\/apuntesdesanluis.com\/index.php\/2024\/04\/15\/no-hay-plata-san-luis-no-sera-sede-de-dos-competencias-internacionales\/\",\"name\":\"NO HAY PLATA: SAN LUIS NO SER\u00c1 SEDE DE DOS COMPETENCIAS INTERNACIONALES - Apuntes de San Luis\",\"isPartOf\":{\"@id\":\"https:\/\/apuntesdesanluis.com\/#website\"},\"primaryImageOfPage\":{\"@id\":\"https:\/\/apuntesdesanluis.com\/index.php\/2024\/04\/15\/no-hay-plata-san-luis-no-sera-sede-de-dos-competencias-internacionales\/#primaryimage\"},\"image\":{\"@id\":\"https:\/\/apuntesdesanluis.com\/index.php\/2024\/04\/15\/no-hay-plata-san-luis-no-sera-sede-de-dos-competencias-internacionales\/#primaryimage\"},\"thumbnailUrl\":\"https:\/\/apuntesdesanluis.com\/wp-content\/uploads\/2024\/04\/rivero.png\",\"datePublished\":\"2024-04-16T01:46:06+00:00\",\"breadcrumb\":{\"@id\":\"https:\/\/apuntesdesanluis.com\/index.php\/2024\/04\/15\/no-hay-plata-san-luis-no-sera-sede-de-dos-competencias-internacionales\/#breadcrumb\"},\"inLanguage\":\"es-AR\",\"potentialAction\":[{\"@type\":\"ReadAction\",\"target\":[\"https:\/\/apuntesdesanluis.com\/index.php\/2024\/04\/15\/no-hay-plata-san-luis-no-sera-sede-de-dos-competencias-internacionales\/\"]}]},{\"@type\":\"ImageObject\",\"inLanguage\":\"es-AR\",\"@id\":\"https:\/\/apuntesdesanluis.com\/index.php\/2024\/04\/15\/no-hay-plata-san-luis-no-sera-sede-de-dos-competencias-internacionales\/#primaryimage\",\"url\":\"https:\/\/apuntesdesanluis.com\/wp-content\/uploads\/2024\/04\/rivero.png\",\"contentUrl\":\"https:\/\/apuntesdesanluis.com\/wp-content\/uploads\/2024\/04\/rivero.png\",\"width\":600,\"height\":319},{\"@type\":\"BreadcrumbList\",\"@id\":\"https:\/\/apuntesdesanluis.com\/index.php\/2024\/04\/15\/no-hay-plata-san-luis-no-sera-sede-de-dos-competencias-internacionales\/#breadcrumb\",\"itemListElement\":[{\"@type\":\"ListItem\",\"position\":1,\"name\":\"Inicio\",\"item\":\"https:\/\/apuntesdesanluis.com\/\"},{\"@type\":\"ListItem\",\"position\":2,\"name\":\"NO HAY PLATA: SAN LUIS NO SER\u00c1 SEDE DE DOS COMPETENCIAS INTERNACIONALES\"}]},{\"@type\":\"WebSite\",\"@id\":\"https:\/\/apuntesdesanluis.com\/#website\",\"url\":\"https:\/\/apuntesdesanluis.com\/\",\"name\":\"Apuntes de San Luis\",\"description\":\"\",\"publisher\":{\"@id\":\"https:\/\/apuntesdesanluis.com\/#\/schema\/person\/b55151d52296fcce64d1a72538a70b90\"},\"potentialAction\":[{\"@type\":\"SearchAction\",\"target\":{\"@type\":\"EntryPoint\",\"urlTemplate\":\"https:\/\/apuntesdesanluis.com\/?s={search_term_string}\"},\"query-input\":{\"@type\":\"PropertyValueSpecification\",\"valueRequired\":true,\"valueName\":\"search_term_string\"}}],\"inLanguage\":\"es-AR\"},{\"@type\":[\"Person\",\"Organization\"],\"@id\":\"https:\/\/apuntesdesanluis.com\/#\/schema\/person\/b55151d52296fcce64d1a72538a70b90\",\"name\":\"apuntesdesanluis.com\",\"image\":{\"@type\":\"ImageObject\",\"inLanguage\":\"es-AR\",\"@id\":\"https:\/\/apuntesdesanluis.com\/#\/schema\/person\/image\/\",\"url\":\"https:\/\/apuntesdesanluis.com\/wp-content\/uploads\/2023\/07\/cropped-apuntesdesanluis.png\",\"contentUrl\":\"https:\/\/apuntesdesanluis.com\/wp-content\/uploads\/2023\/07\/cropped-apuntesdesanluis.png\",\"width\":450,\"height\":112,\"caption\":\"apuntesdesanluis.com\"},\"logo\":{\"@id\":\"https:\/\/apuntesdesanluis.com\/#\/schema\/person\/image\/\"},\"sameAs\":[\"https:\/\/apuntesdesanluis.com\"],\"url\":\"https:\/\/apuntesdesanluis.com\/index.php\/author\/apuntesdesanluis-com\/\"}]}<\/script>\n<!-- \/ Yoast SEO plugin. -->","yoast_head_json":{"title":"NO HAY PLATA: SAN LUIS NO SER\u00c1 SEDE DE DOS COMPETENCIAS INTERNACIONALES - Apuntes de San Luis","robots":{"index":"index","follow":"follow","max-snippet":"max-snippet:-1","max-image-preview":"max-image-preview:large","max-video-preview":"max-video-preview:-1"},"canonical":"https:\/\/apuntesdesanluis.com\/index.php\/2024\/04\/15\/no-hay-plata-san-luis-no-sera-sede-de-dos-competencias-internacionales\/","og_locale":"es_ES","og_type":"article","og_title":"NO HAY PLATA: SAN LUIS NO SER\u00c1 SEDE DE DOS COMPETENCIAS INTERNACIONALES - Apuntes de San Luis","og_description":"Ni de los Juegos Sudamericanos de la Juventud ni del Mundial de Pelota-Paleta 2026. El...","og_url":"https:\/\/apuntesdesanluis.com\/index.php\/2024\/04\/15\/no-hay-plata-san-luis-no-sera-sede-de-dos-competencias-internacionales\/","og_site_name":"Apuntes de San Luis","article_published_time":"2024-04-16T01:46:06+00:00","og_image":[{"width":600,"height":319,"url":"https:\/\/apuntesdesanluis.com\/wp-content\/uploads\/2024\/04\/rivero.png","type":"image\/png"}],"author":"apuntesdesanluis.com","twitter_card":"summary_large_image","twitter_misc":{"Escrito por":"apuntesdesanluis.com","Tiempo de lectura":"1 minuto"},"schema":{"@context":"https:\/\/schema.org","@graph":[{"@type":"Article","@id":"https:\/\/apuntesdesanluis.com\/index.php\/2024\/04\/15\/no-hay-plata-san-luis-no-sera-sede-de-dos-competencias-internacionales\/#article","isPartOf":{"@id":"https:\/\/apuntesdesanluis.com\/index.php\/2024\/04\/15\/no-hay-plata-san-luis-no-sera-sede-de-dos-competencias-internacionales\/"},"author":{"name":"apuntesdesanluis.com","@id":"https:\/\/apuntesdesanluis.com\/#\/schema\/person\/b55151d52296fcce64d1a72538a70b90"},"headline":"NO HAY PLATA: SAN LUIS NO SER\u00c1 SEDE DE DOS COMPETENCIAS INTERNACIONALES","datePublished":"2024-04-16T01:46:06+00:00","mainEntityOfPage":{"@id":"https:\/\/apuntesdesanluis.com\/index.php\/2024\/04\/15\/no-hay-plata-san-luis-no-sera-sede-de-dos-competencias-internacionales\/"},"wordCount":189,"publisher":{"@id":"https:\/\/apuntesdesanluis.com\/#\/schema\/person\/b55151d52296fcce64d1a72538a70b90"},"image":{"@id":"https:\/\/apuntesdesanluis.com\/index.php\/2024\/04\/15\/no-hay-plata-san-luis-no-sera-sede-de-dos-competencias-internacionales\/#primaryimage"},"thumbnailUrl":"https:\/\/apuntesdesanluis.com\/wp-content\/uploads\/2024\/04\/rivero.png","articleSection":["Ciudad\/Provincia","Deportes"],"inLanguage":"es-AR"},{"@type":"WebPage","@id":"https:\/\/apuntesdesanluis.com\/index.php\/2024\/04\/15\/no-hay-plata-san-luis-no-sera-sede-de-dos-competencias-internacionales\/","url":"https:\/\/apuntesdesanluis.com\/index.php\/2024\/04\/15\/no-hay-plata-san-luis-no-sera-sede-de-dos-competencias-internacionales\/","name":"NO HAY PLATA: SAN LUIS NO SER\u00c1 SEDE DE DOS COMPETENCIAS INTERNACIONALES - Apuntes de San Luis","isPartOf":{"@id":"https:\/\/apuntesdesanluis.com\/#website"},"primaryImageOfPage":{"@id":"https:\/\/apuntesdesanluis.com\/index.php\/2024\/04\/15\/no-hay-plata-san-luis-no-sera-sede-de-dos-competencias-internacionales\/#primaryimage"},"image":{"@id":"https:\/\/apuntesdesanluis.com\/index.php\/2024\/04\/15\/no-hay-plata-san-luis-no-sera-sede-de-dos-competencias-internacionales\/#primaryimage"},"thumbnailUrl":"https:\/\/apuntesdesanluis.com\/wp-content\/uploads\/2024\/04\/rivero.png","datePublished":"2024-04-16T01:46:06+00:00","breadcrumb":{"@id":"https:\/\/apuntesdesanluis.com\/index.php\/2024\/04\/15\/no-hay-plata-san-luis-no-sera-sede-de-dos-competencias-internacionales\/#breadcrumb"},"inLanguage":"es-AR","potentialAction":[{"@type":"ReadAction","target":["https:\/\/apuntesdesanluis.com\/index.php\/2024\/04\/15\/no-hay-plata-san-luis-no-sera-sede-de-dos-competencias-internacionales\/"]}]},{"@type":"ImageObject","inLanguage":"es-AR","@id":"https:\/\/apuntesdesanluis.com\/index.php\/2024\/04\/15\/no-hay-plata-san-luis-no-sera-sede-de-dos-competencias-internacionales\/#primaryimage","url":"https:\/\/apuntesdesanluis.com\/wp-content\/uploads\/2024\/04\/rivero.png","contentUrl":"https:\/\/apuntesdesanluis.com\/wp-content\/uploads\/2024\/04\/rivero.png","width":600,"height":319},{"@type":"BreadcrumbList","@id":"https:\/\/apuntesdesanluis.com\/index.php\/2024\/04\/15\/no-hay-plata-san-luis-no-sera-sede-de-dos-competencias-internacionales\/#breadcrumb","itemListElement":[{"@type":"ListItem","position":1,"name":"Inicio","item":"https:\/\/apuntesdesanluis.com\/"},{"@type":"ListItem","position":2,"name":"NO HAY PLATA: SAN LUIS NO SER\u00c1 SEDE DE DOS COMPETENCIAS INTERNACIONALES"}]},{"@type":"WebSite","@id":"https:\/\/apuntesdesanluis.com\/#website","url":"https:\/\/apuntesdesanluis.com\/","name":"Apuntes de San Luis","description":"","publisher":{"@id":"https:\/\/apuntesdesanluis.com\/#\/schema\/person\/b55151d52296fcce64d1a72538a70b90"},"potentialAction":[{"@type":"SearchAction","target":{"@type":"EntryPoint","urlTemplate":"https:\/\/apuntesdesanluis.com\/?s={search_term_string}"},"query-input":{"@type":"PropertyValueSpecification","valueRequired":true,"valueName":"search_term_string"}}],"inLanguage":"es-AR"},{"@type":["Person","Organization"],"@id":"https:\/\/apuntesdesanluis.com\/#\/schema\/person\/b55151d52296fcce64d1a72538a70b90","name":"apuntesdesanluis.com","image":{"@type":"ImageObject","inLanguage":"es-AR","@id":"https:\/\/apuntesdesanluis.com\/#\/schema\/person\/image\/","url":"https:\/\/apuntesdesanluis.com\/wp-content\/uploads\/2023\/07\/cropped-apuntesdesanluis.png","contentUrl":"https:\/\/apuntesdesanluis.com\/wp-content\/uploads\/2023\/07\/cropped-apuntesdesanluis.png","width":450,"height":112,"caption":"apuntesdesanluis.com"},"logo":{"@id":"https:\/\/apuntesdesanluis.com\/#\/schema\/person\/image\/"},"sameAs":["https:\/\/apuntesdesanluis.com"],"url":"https:\/\/apuntesdesanluis.com\/index.php\/author\/apuntesdesanluis-com\/"}]}},"featured_image_urls":{"full":["https:\/\/apuntesdesanluis.com\/wp-content\/uploads\/2024\/04\/rivero.png",600,319,false],"thumbnail":["https:\/\/apuntesdesanluis.com\/wp-content\/uploads\/2024\/04\/rivero-150x150.png",150,150,true],"medium":["https:\/\/apuntesdesanluis.com\/wp-content\/uploads\/2024\/04\/rivero-300x160.png",300,160,true],"medium_large":["https:\/\/apuntesdesanluis.com\/wp-content\/uploads\/2024\/04\/rivero.png",600,319,false],"large":["https:\/\/apuntesdesanluis.com\/wp-content\/uploads\/2024\/04\/rivero.png",600,319,false],"1536x1536":["https:\/\/apuntesdesanluis.com\/wp-content\/uploads\/2024\/04\/rivero.png",600,319,false],"2048x2048":["https:\/\/apuntesdesanluis.com\/wp-content\/uploads\/2024\/04\/rivero.png",600,319,false],"newsever-slider-full":["https:\/\/apuntesdesanluis.com\/wp-content\/uploads\/2024\/04\/rivero.png",600,319,false],"newsever-featured":["https:\/\/apuntesdesanluis.com\/wp-content\/uploads\/2024\/04\/rivero.png",600,319,false],"newsever-medium":["https:\/\/apuntesdesanluis.com\/wp-content\/uploads\/2024\/04\/rivero.png",600,319,false]},"author_info":{"display_name":"apuntesdesanluis.com","author_link":"https:\/\/apuntesdesanluis.com\/index.php\/author\/apuntesdesanluis-com\/"},"category_info":"<a href=\"https:\/\/apuntesdesanluis.com\/index.php\/category\/ciudad-provincia\/\" rel=\"category tag\">Ciudad\/Provincia<\/a> <a href=\"https:\/\/apuntesdesanluis.com\/index.php\/category\/deportes\/\" rel=\"category tag\">Deportes<\/a>","tag_info":"Deportes","comment_count":"0","_links":{"self":[{"href":"https:\/\/apuntesdesanluis.com\/index.php\/wp-json\/wp\/v2\/posts\/14713","targetHints":{"allow":["GET"]}}],"collection":[{"href":"https:\/\/apuntesdesanluis.com\/index.php\/wp-json\/wp\/v2\/posts"}],"about":[{"href":"https:\/\/apuntesdesanluis.com\/index.php\/wp-json\/wp\/v2\/types\/post"}],"author":[{"embeddable":true,"href":"https:\/\/apuntesdesanluis.com\/index.php\/wp-json\/wp\/v2\/users\/1"}],"replies":[{"embeddable":true,"href":"https:\/\/apuntesdesanluis.com\/index.php\/wp-json\/wp\/v2\/comments?post=14713"}],"version-history":[{"count":1,"href":"https:\/\/apuntesdesanluis.com\/index.php\/wp-json\/wp\/v2\/posts\/14713\/revisions"}],"predecessor-version":[{"id":14715,"href":"https:\/\/apuntesdesanluis.com\/index.php\/wp-json\/wp\/v2\/posts\/14713\/revisions\/14715"}],"wp:featuredmedia":[{"embeddable":true,"href":"https:\/\/apuntesdesanluis.com\/index.php\/wp-json\/wp\/v2\/media\/14714"}],"wp:attachment":[{"href":"https:\/\/apuntesdesanluis.com\/index.php\/wp-json\/wp\/v2\/media?parent=14713"}],"wp:term":[{"taxonomy":"category","embeddable":true,"href":"https:\/\/apuntesdesanluis.com\/index.php\/wp-json\/wp\/v2\/categories?post=14713"},{"taxonomy":"post_tag","embeddable":true,"href":"https:\/\/apuntesdesanluis.com\/index.php\/wp-json\/wp\/v2\/tags?post=14713"}],"curies":[{"name":"wp","href":"https:\/\/api.w.org\/{rel}","templated":true}]}}