{"id":14727,"date":"2024-04-15T20:07:24","date_gmt":"2024-04-15T23:07:24","guid":{"rendered":"https:\/\/apuntesdesanluis.com\/?p=14727"},"modified":"2024-04-16T01:26:45","modified_gmt":"2024-04-16T04:26:45","slug":"comenzo-el-juicio-por-el-caso-skanska-con-de-vido-en-el-banquillo-de-los-acusados","status":"publish","type":"post","link":"https:\/\/apuntesdesanluis.com\/index.php\/2024\/04\/15\/comenzo-el-juicio-por-el-caso-skanska-con-de-vido-en-el-banquillo-de-los-acusados\/","title":{"rendered":"COMENZ\u00d3 EL JUICIO POR EL CASO SKANSKA, CON DE VIDO EN EL BANQUILLO DE LOS ACUSADOS"},"content":{"rendered":"<h3>El Tribunal Oral Federal 4 comenz\u00f3 este lunes el juicio oral y p\u00fablico 19 a\u00f1os despu\u00e9s del caso Skanska, el cual marc\u00f3 los inicios del kirchnerismo, por la adjudicaci\u00f3n de gasoductos en la Argentina.<\/h3>\n<h3>El entonces ministro de Planificaci\u00f3n Federal, <strong>Julio De Vido<\/strong>, y el secretario de Obras P\u00fablicas, <strong>Jos\u00e9 L\u00f3pez<\/strong>, son los principales acusados. \u00c9l primero de ellos asisti\u00f3 a la sala AMIA de Comodoro Py para presenciar en persona el juicio en tanto que el segundo lo hizo v\u00eda plataforma virtual por problemas de salud que adujo su defensa.<\/h3>\n<h3>Seg\u00fan la Justicia, hubo cobro de sobornos para la concesi\u00f3n de la obra y la construcci\u00f3n de los gasoductos Norte y Sur por unos 13 millones de pesos en aquel momento.<\/h3>\n<h3>De cara al juicio y como instrucci\u00f3n suplementaria, el Tribunal ya pidi\u00f3 al actual Ministerio de Obras P\u00fablicas el listado de ingresos y egresos al edificio entre el 1 de noviembre de 2004 y el 1 de mayo de 2006, para develar la trama de los sobornos que presuntamente se pagaron.<\/h3>\n<h3>La causa Skanska fue el primer gran caso de corrupci\u00f3n que puso en jaque al kirchnerismo y hasta se descubri\u00f3 que existieron usinas de las cuales las empresas se prove\u00edan de facturas truchas para justificar una serie de erogaciones. Por eso la causa inicialmente tambi\u00e9n era investigada por un juez del fuero penal econ\u00f3mico.<\/h3>\n<h3>Entre las idas y vueltas, la C\u00e1mara Federal hab\u00eda archivado el expediente que supo estar en manos del fallecido juez Norberto Oyarbide, al desconocer la grabaci\u00f3n de un directivo de Skanska que reconoci\u00f3 el pago de sobornos a funcionarios.<\/h3>\n<h3>En ese primer tramo fueron sobrese\u00eddos el ex secretario de Energ\u00eda Daniel Cameron y el ex interventor de Enargas Fulvio Madaro.<\/h3>\n<h3>Fue la Corte Suprema la que valid\u00f3 la grabaci\u00f3n hecha por Javier Azcarate y a partir de ah\u00ed se reactiv\u00f3 la denuncia que apunt\u00f3 a De Vido, L\u00f3pez y otros. Seg\u00fan la investigaci\u00f3n, entre 2004 y 2006 De Vido recibi\u00f3 sobornos a cambio de direccionar la obra a favor de la multinacional sueca.<\/h3>\n<h3>La denuncia se hizo en 2006 y la realiz\u00f3 el entonces diputado de la Coalici\u00f3n C\u00edvica Adri\u00e1n P\u00e9rez por supuestas irregularidades en el proyecto de ampliaci\u00f3n de gas en 2005. A lo largo de los a\u00f1os, muchos de los acusados fueron favorecidos por un cierre parcial de la causa de la mano de la C\u00e1mara Federal que sobresey\u00f3 al ex secretario de Energ\u00eda Daniel C\u00e1meron, y al ex interventor del Enargas Fulvio Madaro, entre otros.<\/h3>\n<h3>&#8220;La empresa Skanska, al momento de la negociaci\u00f3n de las ofertas presentadas en el concurso privado, acord\u00f3 con sus competidores para elevar los costos, lo que fue consentido por los funcionarios p\u00fablicos que intervinieron directa e indirectamente en el procedimiento. A su vez, los sobornos que se pagaron, de acuerdo al egreso que se acredit\u00f3 de la firma Skanska, rondar\u00edan los 14 millones de pesos&#8221;, dijo el juez Sebasti\u00e1n Casanello al elevar el caso a juicio en 2019.<\/h3>\n<h3>&#8220;Para respaldar esas actividades ficticias, los representantes de Skanska S.A. decidieron darle un marco legal que les permitiera justificar cada uno de los egresos. As\u00ed fue que computaron las transacciones como gastos vinculados al proyecto central adjudicado, previamente, por el Estado Nacional\u201d, concluy\u00f3.<\/h3>\n<p>&nbsp;<\/p>\n<p>&nbsp;<\/p>\n<p>&nbsp;<\/p>\n<p>&nbsp;<\/p>\n<p>&nbsp;<\/p>\n","protected":false},"excerpt":{"rendered":"<p>El Tribunal Oral Federal 4 comenz\u00f3 este lunes el juicio oral y p\u00fablico 19 a\u00f1os&#8230;<\/p>\n","protected":false},"author":1,"featured_media":14728,"comment_status":"closed","ping_status":"closed","sticky":false,"template":"","format":"standard","meta":{"footnotes":""},"categories":[5],"tags":[],"class_list":["post-14727","post","type-post","status-publish","format-standard","has-post-thumbnail","hentry","category-nacionales-internacionales"],"yoast_head":"<!-- This site is optimized with the Yoast SEO plugin v26.1.1 - https:\/\/yoast.com\/wordpress\/plugins\/seo\/ -->\n<title>COMENZ\u00d3 EL JUICIO POR EL CASO SKANSKA, CON DE VIDO EN EL BANQUILLO DE LOS ACUSADOS - Apuntes de San Luis<\/title>\n<meta name=\"robots\" content=\"index, follow, max-snippet:-1, max-image-preview:large, max-video-preview:-1\" \/>\n<link rel=\"canonical\" href=\"https:\/\/apuntesdesanluis.com\/index.php\/2024\/04\/15\/comenzo-el-juicio-por-el-caso-skanska-con-de-vido-en-el-banquillo-de-los-acusados\/\" \/>\n<meta property=\"og:locale\" content=\"es_ES\" \/>\n<meta property=\"og:type\" content=\"article\" \/>\n<meta property=\"og:title\" content=\"COMENZ\u00d3 EL JUICIO POR EL CASO SKANSKA, CON DE VIDO EN EL BANQUILLO DE LOS ACUSADOS - Apuntes de San Luis\" \/>\n<meta property=\"og:description\" content=\"El Tribunal Oral Federal 4 comenz\u00f3 este lunes el juicio oral y p\u00fablico 19 a\u00f1os...\" \/>\n<meta property=\"og:url\" content=\"https:\/\/apuntesdesanluis.com\/index.php\/2024\/04\/15\/comenzo-el-juicio-por-el-caso-skanska-con-de-vido-en-el-banquillo-de-los-acusados\/\" \/>\n<meta property=\"og:site_name\" content=\"Apuntes de San Luis\" \/>\n<meta property=\"article:published_time\" content=\"2024-04-15T23:07:24+00:00\" \/>\n<meta property=\"article:modified_time\" content=\"2024-04-16T04:26:45+00:00\" \/>\n<meta property=\"og:image\" content=\"https:\/\/apuntesdesanluis.com\/wp-content\/uploads\/2024\/04\/julio-de-vido.png\" \/>\n\t<meta property=\"og:image:width\" content=\"716\" \/>\n\t<meta property=\"og:image:height\" content=\"433\" \/>\n\t<meta property=\"og:image:type\" content=\"image\/png\" \/>\n<meta name=\"author\" content=\"apuntesdesanluis.com\" \/>\n<meta name=\"twitter:card\" content=\"summary_large_image\" \/>\n<meta name=\"twitter:label1\" content=\"Escrito por\" \/>\n\t<meta name=\"twitter:data1\" content=\"apuntesdesanluis.com\" \/>\n\t<meta name=\"twitter:label2\" content=\"Tiempo de lectura\" \/>\n\t<meta name=\"twitter:data2\" content=\"3 minutos\" \/>\n<script type=\"application\/ld+json\" class=\"yoast-schema-graph\">{\"@context\":\"https:\/\/schema.org\",\"@graph\":[{\"@type\":\"Article\",\"@id\":\"https:\/\/apuntesdesanluis.com\/index.php\/2024\/04\/15\/comenzo-el-juicio-por-el-caso-skanska-con-de-vido-en-el-banquillo-de-los-acusados\/#article\",\"isPartOf\":{\"@id\":\"https:\/\/apuntesdesanluis.com\/index.php\/2024\/04\/15\/comenzo-el-juicio-por-el-caso-skanska-con-de-vido-en-el-banquillo-de-los-acusados\/\"},\"author\":{\"name\":\"apuntesdesanluis.com\",\"@id\":\"https:\/\/apuntesdesanluis.com\/#\/schema\/person\/b55151d52296fcce64d1a72538a70b90\"},\"headline\":\"COMENZ\u00d3 EL JUICIO POR EL CASO SKANSKA, CON DE VIDO EN EL BANQUILLO DE LOS ACUSADOS\",\"datePublished\":\"2024-04-15T23:07:24+00:00\",\"dateModified\":\"2024-04-16T04:26:45+00:00\",\"mainEntityOfPage\":{\"@id\":\"https:\/\/apuntesdesanluis.com\/index.php\/2024\/04\/15\/comenzo-el-juicio-por-el-caso-skanska-con-de-vido-en-el-banquillo-de-los-acusados\/\"},\"wordCount\":584,\"publisher\":{\"@id\":\"https:\/\/apuntesdesanluis.com\/#\/schema\/person\/b55151d52296fcce64d1a72538a70b90\"},\"image\":{\"@id\":\"https:\/\/apuntesdesanluis.com\/index.php\/2024\/04\/15\/comenzo-el-juicio-por-el-caso-skanska-con-de-vido-en-el-banquillo-de-los-acusados\/#primaryimage\"},\"thumbnailUrl\":\"https:\/\/apuntesdesanluis.com\/wp-content\/uploads\/2024\/04\/julio-de-vido.png\",\"articleSection\":[\"Nacionales\/Internacionales\"],\"inLanguage\":\"es-AR\"},{\"@type\":\"WebPage\",\"@id\":\"https:\/\/apuntesdesanluis.com\/index.php\/2024\/04\/15\/comenzo-el-juicio-por-el-caso-skanska-con-de-vido-en-el-banquillo-de-los-acusados\/\",\"url\":\"https:\/\/apuntesdesanluis.com\/index.php\/2024\/04\/15\/comenzo-el-juicio-por-el-caso-skanska-con-de-vido-en-el-banquillo-de-los-acusados\/\",\"name\":\"COMENZ\u00d3 EL JUICIO POR EL CASO SKANSKA, CON DE VIDO EN EL BANQUILLO DE LOS ACUSADOS - Apuntes de San Luis\",\"isPartOf\":{\"@id\":\"https:\/\/apuntesdesanluis.com\/#website\"},\"primaryImageOfPage\":{\"@id\":\"https:\/\/apuntesdesanluis.com\/index.php\/2024\/04\/15\/comenzo-el-juicio-por-el-caso-skanska-con-de-vido-en-el-banquillo-de-los-acusados\/#primaryimage\"},\"image\":{\"@id\":\"https:\/\/apuntesdesanluis.com\/index.php\/2024\/04\/15\/comenzo-el-juicio-por-el-caso-skanska-con-de-vido-en-el-banquillo-de-los-acusados\/#primaryimage\"},\"thumbnailUrl\":\"https:\/\/apuntesdesanluis.com\/wp-content\/uploads\/2024\/04\/julio-de-vido.png\",\"datePublished\":\"2024-04-15T23:07:24+00:00\",\"dateModified\":\"2024-04-16T04:26:45+00:00\",\"breadcrumb\":{\"@id\":\"https:\/\/apuntesdesanluis.com\/index.php\/2024\/04\/15\/comenzo-el-juicio-por-el-caso-skanska-con-de-vido-en-el-banquillo-de-los-acusados\/#breadcrumb\"},\"inLanguage\":\"es-AR\",\"potentialAction\":[{\"@type\":\"ReadAction\",\"target\":[\"https:\/\/apuntesdesanluis.com\/index.php\/2024\/04\/15\/comenzo-el-juicio-por-el-caso-skanska-con-de-vido-en-el-banquillo-de-los-acusados\/\"]}]},{\"@type\":\"ImageObject\",\"inLanguage\":\"es-AR\",\"@id\":\"https:\/\/apuntesdesanluis.com\/index.php\/2024\/04\/15\/comenzo-el-juicio-por-el-caso-skanska-con-de-vido-en-el-banquillo-de-los-acusados\/#primaryimage\",\"url\":\"https:\/\/apuntesdesanluis.com\/wp-content\/uploads\/2024\/04\/julio-de-vido.png\",\"contentUrl\":\"https:\/\/apuntesdesanluis.com\/wp-content\/uploads\/2024\/04\/julio-de-vido.png\",\"width\":716,\"height\":433},{\"@type\":\"BreadcrumbList\",\"@id\":\"https:\/\/apuntesdesanluis.com\/index.php\/2024\/04\/15\/comenzo-el-juicio-por-el-caso-skanska-con-de-vido-en-el-banquillo-de-los-acusados\/#breadcrumb\",\"itemListElement\":[{\"@type\":\"ListItem\",\"position\":1,\"name\":\"Inicio\",\"item\":\"https:\/\/apuntesdesanluis.com\/\"},{\"@type\":\"ListItem\",\"position\":2,\"name\":\"COMENZ\u00d3 EL JUICIO POR EL CASO SKANSKA, CON DE VIDO EN EL BANQUILLO DE LOS ACUSADOS\"}]},{\"@type\":\"WebSite\",\"@id\":\"https:\/\/apuntesdesanluis.com\/#website\",\"url\":\"https:\/\/apuntesdesanluis.com\/\",\"name\":\"Apuntes de San Luis\",\"description\":\"\",\"publisher\":{\"@id\":\"https:\/\/apuntesdesanluis.com\/#\/schema\/person\/b55151d52296fcce64d1a72538a70b90\"},\"potentialAction\":[{\"@type\":\"SearchAction\",\"target\":{\"@type\":\"EntryPoint\",\"urlTemplate\":\"https:\/\/apuntesdesanluis.com\/?s={search_term_string}\"},\"query-input\":{\"@type\":\"PropertyValueSpecification\",\"valueRequired\":true,\"valueName\":\"search_term_string\"}}],\"inLanguage\":\"es-AR\"},{\"@type\":[\"Person\",\"Organization\"],\"@id\":\"https:\/\/apuntesdesanluis.com\/#\/schema\/person\/b55151d52296fcce64d1a72538a70b90\",\"name\":\"apuntesdesanluis.com\",\"image\":{\"@type\":\"ImageObject\",\"inLanguage\":\"es-AR\",\"@id\":\"https:\/\/apuntesdesanluis.com\/#\/schema\/person\/image\/\",\"url\":\"https:\/\/apuntesdesanluis.com\/wp-content\/uploads\/2023\/07\/cropped-apuntesdesanluis.png\",\"contentUrl\":\"https:\/\/apuntesdesanluis.com\/wp-content\/uploads\/2023\/07\/cropped-apuntesdesanluis.png\",\"width\":450,\"height\":112,\"caption\":\"apuntesdesanluis.com\"},\"logo\":{\"@id\":\"https:\/\/apuntesdesanluis.com\/#\/schema\/person\/image\/\"},\"sameAs\":[\"https:\/\/apuntesdesanluis.com\"],\"url\":\"https:\/\/apuntesdesanluis.com\/index.php\/author\/apuntesdesanluis-com\/\"}]}<\/script>\n<!-- \/ Yoast SEO plugin. -->","yoast_head_json":{"title":"COMENZ\u00d3 EL JUICIO POR EL CASO SKANSKA, CON DE VIDO EN EL BANQUILLO DE LOS ACUSADOS - Apuntes de San Luis","robots":{"index":"index","follow":"follow","max-snippet":"max-snippet:-1","max-image-preview":"max-image-preview:large","max-video-preview":"max-video-preview:-1"},"canonical":"https:\/\/apuntesdesanluis.com\/index.php\/2024\/04\/15\/comenzo-el-juicio-por-el-caso-skanska-con-de-vido-en-el-banquillo-de-los-acusados\/","og_locale":"es_ES","og_type":"article","og_title":"COMENZ\u00d3 EL JUICIO POR EL CASO SKANSKA, CON DE VIDO EN EL BANQUILLO DE LOS ACUSADOS - Apuntes de San Luis","og_description":"El Tribunal Oral Federal 4 comenz\u00f3 este lunes el juicio oral y p\u00fablico 19 a\u00f1os...","og_url":"https:\/\/apuntesdesanluis.com\/index.php\/2024\/04\/15\/comenzo-el-juicio-por-el-caso-skanska-con-de-vido-en-el-banquillo-de-los-acusados\/","og_site_name":"Apuntes de San Luis","article_published_time":"2024-04-15T23:07:24+00:00","article_modified_time":"2024-04-16T04:26:45+00:00","og_image":[{"width":716,"height":433,"url":"https:\/\/apuntesdesanluis.com\/wp-content\/uploads\/2024\/04\/julio-de-vido.png","type":"image\/png"}],"author":"apuntesdesanluis.com","twitter_card":"summary_large_image","twitter_misc":{"Escrito por":"apuntesdesanluis.com","Tiempo de lectura":"3 minutos"},"schema":{"@context":"https:\/\/schema.org","@graph":[{"@type":"Article","@id":"https:\/\/apuntesdesanluis.com\/index.php\/2024\/04\/15\/comenzo-el-juicio-por-el-caso-skanska-con-de-vido-en-el-banquillo-de-los-acusados\/#article","isPartOf":{"@id":"https:\/\/apuntesdesanluis.com\/index.php\/2024\/04\/15\/comenzo-el-juicio-por-el-caso-skanska-con-de-vido-en-el-banquillo-de-los-acusados\/"},"author":{"name":"apuntesdesanluis.com","@id":"https:\/\/apuntesdesanluis.com\/#\/schema\/person\/b55151d52296fcce64d1a72538a70b90"},"headline":"COMENZ\u00d3 EL JUICIO POR EL CASO SKANSKA, CON DE VIDO EN EL BANQUILLO DE LOS ACUSADOS","datePublished":"2024-04-15T23:07:24+00:00","dateModified":"2024-04-16T04:26:45+00:00","mainEntityOfPage":{"@id":"https:\/\/apuntesdesanluis.com\/index.php\/2024\/04\/15\/comenzo-el-juicio-por-el-caso-skanska-con-de-vido-en-el-banquillo-de-los-acusados\/"},"wordCount":584,"publisher":{"@id":"https:\/\/apuntesdesanluis.com\/#\/schema\/person\/b55151d52296fcce64d1a72538a70b90"},"image":{"@id":"https:\/\/apuntesdesanluis.com\/index.php\/2024\/04\/15\/comenzo-el-juicio-por-el-caso-skanska-con-de-vido-en-el-banquillo-de-los-acusados\/#primaryimage"},"thumbnailUrl":"https:\/\/apuntesdesanluis.com\/wp-content\/uploads\/2024\/04\/julio-de-vido.png","articleSection":["Nacionales\/Internacionales"],"inLanguage":"es-AR"},{"@type":"WebPage","@id":"https:\/\/apuntesdesanluis.com\/index.php\/2024\/04\/15\/comenzo-el-juicio-por-el-caso-skanska-con-de-vido-en-el-banquillo-de-los-acusados\/","url":"https:\/\/apuntesdesanluis.com\/index.php\/2024\/04\/15\/comenzo-el-juicio-por-el-caso-skanska-con-de-vido-en-el-banquillo-de-los-acusados\/","name":"COMENZ\u00d3 EL JUICIO POR EL CASO SKANSKA, CON DE VIDO EN EL BANQUILLO DE LOS ACUSADOS - Apuntes de San Luis","isPartOf":{"@id":"https:\/\/apuntesdesanluis.com\/#website"},"primaryImageOfPage":{"@id":"https:\/\/apuntesdesanluis.com\/index.php\/2024\/04\/15\/comenzo-el-juicio-por-el-caso-skanska-con-de-vido-en-el-banquillo-de-los-acusados\/#primaryimage"},"image":{"@id":"https:\/\/apuntesdesanluis.com\/index.php\/2024\/04\/15\/comenzo-el-juicio-por-el-caso-skanska-con-de-vido-en-el-banquillo-de-los-acusados\/#primaryimage"},"thumbnailUrl":"https:\/\/apuntesdesanluis.com\/wp-content\/uploads\/2024\/04\/julio-de-vido.png","datePublished":"2024-04-15T23:07:24+00:00","dateModified":"2024-04-16T04:26:45+00:00","breadcrumb":{"@id":"https:\/\/apuntesdesanluis.com\/index.php\/2024\/04\/15\/comenzo-el-juicio-por-el-caso-skanska-con-de-vido-en-el-banquillo-de-los-acusados\/#breadcrumb"},"inLanguage":"es-AR","potentialAction":[{"@type":"ReadAction","target":["https:\/\/apuntesdesanluis.com\/index.php\/2024\/04\/15\/comenzo-el-juicio-por-el-caso-skanska-con-de-vido-en-el-banquillo-de-los-acusados\/"]}]},{"@type":"ImageObject","inLanguage":"es-AR","@id":"https:\/\/apuntesdesanluis.com\/index.php\/2024\/04\/15\/comenzo-el-juicio-por-el-caso-skanska-con-de-vido-en-el-banquillo-de-los-acusados\/#primaryimage","url":"https:\/\/apuntesdesanluis.com\/wp-content\/uploads\/2024\/04\/julio-de-vido.png","contentUrl":"https:\/\/apuntesdesanluis.com\/wp-content\/uploads\/2024\/04\/julio-de-vido.png","width":716,"height":433},{"@type":"BreadcrumbList","@id":"https:\/\/apuntesdesanluis.com\/index.php\/2024\/04\/15\/comenzo-el-juicio-por-el-caso-skanska-con-de-vido-en-el-banquillo-de-los-acusados\/#breadcrumb","itemListElement":[{"@type":"ListItem","position":1,"name":"Inicio","item":"https:\/\/apuntesdesanluis.com\/"},{"@type":"ListItem","position":2,"name":"COMENZ\u00d3 EL JUICIO POR EL CASO SKANSKA, CON DE VIDO EN EL BANQUILLO DE LOS ACUSADOS"}]},{"@type":"WebSite","@id":"https:\/\/apuntesdesanluis.com\/#website","url":"https:\/\/apuntesdesanluis.com\/","name":"Apuntes de San Luis","description":"","publisher":{"@id":"https:\/\/apuntesdesanluis.com\/#\/schema\/person\/b55151d52296fcce64d1a72538a70b90"},"potentialAction":[{"@type":"SearchAction","target":{"@type":"EntryPoint","urlTemplate":"https:\/\/apuntesdesanluis.com\/?s={search_term_string}"},"query-input":{"@type":"PropertyValueSpecification","valueRequired":true,"valueName":"search_term_string"}}],"inLanguage":"es-AR"},{"@type":["Person","Organization"],"@id":"https:\/\/apuntesdesanluis.com\/#\/schema\/person\/b55151d52296fcce64d1a72538a70b90","name":"apuntesdesanluis.com","image":{"@type":"ImageObject","inLanguage":"es-AR","@id":"https:\/\/apuntesdesanluis.com\/#\/schema\/person\/image\/","url":"https:\/\/apuntesdesanluis.com\/wp-content\/uploads\/2023\/07\/cropped-apuntesdesanluis.png","contentUrl":"https:\/\/apuntesdesanluis.com\/wp-content\/uploads\/2023\/07\/cropped-apuntesdesanluis.png","width":450,"height":112,"caption":"apuntesdesanluis.com"},"logo":{"@id":"https:\/\/apuntesdesanluis.com\/#\/schema\/person\/image\/"},"sameAs":["https:\/\/apuntesdesanluis.com"],"url":"https:\/\/apuntesdesanluis.com\/index.php\/author\/apuntesdesanluis-com\/"}]}},"featured_image_urls":{"full":["https:\/\/apuntesdesanluis.com\/wp-content\/uploads\/2024\/04\/julio-de-vido.png",716,433,false],"thumbnail":["https:\/\/apuntesdesanluis.com\/wp-content\/uploads\/2024\/04\/julio-de-vido-150x150.png",150,150,true],"medium":["https:\/\/apuntesdesanluis.com\/wp-content\/uploads\/2024\/04\/julio-de-vido-300x181.png",300,181,true],"medium_large":["https:\/\/apuntesdesanluis.com\/wp-content\/uploads\/2024\/04\/julio-de-vido.png",640,387,false],"large":["https:\/\/apuntesdesanluis.com\/wp-content\/uploads\/2024\/04\/julio-de-vido.png",640,387,false],"1536x1536":["https:\/\/apuntesdesanluis.com\/wp-content\/uploads\/2024\/04\/julio-de-vido.png",716,433,false],"2048x2048":["https:\/\/apuntesdesanluis.com\/wp-content\/uploads\/2024\/04\/julio-de-vido.png",716,433,false],"newsever-slider-full":["https:\/\/apuntesdesanluis.com\/wp-content\/uploads\/2024\/04\/julio-de-vido.png",716,433,false],"newsever-featured":["https:\/\/apuntesdesanluis.com\/wp-content\/uploads\/2024\/04\/julio-de-vido.png",716,433,false],"newsever-medium":["https:\/\/apuntesdesanluis.com\/wp-content\/uploads\/2024\/04\/julio-de-vido.png",716,433,false]},"author_info":{"display_name":"apuntesdesanluis.com","author_link":"https:\/\/apuntesdesanluis.com\/index.php\/author\/apuntesdesanluis-com\/"},"category_info":"<a href=\"https:\/\/apuntesdesanluis.com\/index.php\/category\/nacionales-internacionales\/\" rel=\"category tag\">Nacionales\/Internacionales<\/a>","tag_info":"Nacionales\/Internacionales","comment_count":"0","_links":{"self":[{"href":"https:\/\/apuntesdesanluis.com\/index.php\/wp-json\/wp\/v2\/posts\/14727","targetHints":{"allow":["GET"]}}],"collection":[{"href":"https:\/\/apuntesdesanluis.com\/index.php\/wp-json\/wp\/v2\/posts"}],"about":[{"href":"https:\/\/apuntesdesanluis.com\/index.php\/wp-json\/wp\/v2\/types\/post"}],"author":[{"embeddable":true,"href":"https:\/\/apuntesdesanluis.com\/index.php\/wp-json\/wp\/v2\/users\/1"}],"replies":[{"embeddable":true,"href":"https:\/\/apuntesdesanluis.com\/index.php\/wp-json\/wp\/v2\/comments?post=14727"}],"version-history":[{"count":1,"href":"https:\/\/apuntesdesanluis.com\/index.php\/wp-json\/wp\/v2\/posts\/14727\/revisions"}],"predecessor-version":[{"id":14729,"href":"https:\/\/apuntesdesanluis.com\/index.php\/wp-json\/wp\/v2\/posts\/14727\/revisions\/14729"}],"wp:featuredmedia":[{"embeddable":true,"href":"https:\/\/apuntesdesanluis.com\/index.php\/wp-json\/wp\/v2\/media\/14728"}],"wp:attachment":[{"href":"https:\/\/apuntesdesanluis.com\/index.php\/wp-json\/wp\/v2\/media?parent=14727"}],"wp:term":[{"taxonomy":"category","embeddable":true,"href":"https:\/\/apuntesdesanluis.com\/index.php\/wp-json\/wp\/v2\/categories?post=14727"},{"taxonomy":"post_tag","embeddable":true,"href":"https:\/\/apuntesdesanluis.com\/index.php\/wp-json\/wp\/v2\/tags?post=14727"}],"curies":[{"name":"wp","href":"https:\/\/api.w.org\/{rel}","templated":true}]}}