{"id":14730,"date":"2024-04-15T21:14:43","date_gmt":"2024-04-16T00:14:43","guid":{"rendered":"https:\/\/apuntesdesanluis.com\/?p=14730"},"modified":"2024-04-16T01:26:20","modified_gmt":"2024-04-16T04:26:20","slug":"jorge-lanata-demandara-a-javier-milei-no-recibo-sobres","status":"publish","type":"post","link":"https:\/\/apuntesdesanluis.com\/index.php\/2024\/04\/15\/jorge-lanata-demandara-a-javier-milei-no-recibo-sobres\/","title":{"rendered":"JORGE LANATA DEMANDAR\u00c1 A JAVIER MILEI: \u201cNO RECIBO SOBRES\u201d"},"content":{"rendered":"<h3>Un entredicho entre <strong>Jorge Lanata<\/strong> y <strong>Javier Milei<\/strong> podr\u00eda terminar en la Justicia, seg\u00fan asegur\u00f3 el conductor de \u201cLanata sin filtro\u201d, que est\u00e1 dispuesto a denunciar al Presidente por \u201ccalumnias e injurias\u201d.<\/h3>\n<h3>Todo comenz\u00f3 cuando el periodista critic\u00f3 la reuni\u00f3n que organiz\u00f3 Milei tras el ataque de Ir\u00e1n a Israel, en la cual se encontraba el embajador de Israel, Eyal Sela.<\/h3>\n<p><img fetchpriority=\"high\" decoding=\"async\" class=\"wp-image-14731 aligncenter\" src=\"https:\/\/apuntesdesanluis.com\/wp-content\/uploads\/2024\/04\/POSTEO-OFICINA-DEL-PRESIDENTE-300x221.png\" alt=\"\" width=\"581\" height=\"428\" srcset=\"https:\/\/apuntesdesanluis.com\/wp-content\/uploads\/2024\/04\/POSTEO-OFICINA-DEL-PRESIDENTE-300x221.png 300w, https:\/\/apuntesdesanluis.com\/wp-content\/uploads\/2024\/04\/POSTEO-OFICINA-DEL-PRESIDENTE.png 636w\" sizes=\"(max-width: 581px) 100vw, 581px\" \/><\/p>\n<h3>El mandatario argentino le respondi\u00f3 mencion\u00e1ndolo en la red social X: \u201cSer\u00eda bueno que el larretista Lanata se informe bien sobre la reuni\u00f3n. Jorgito, no mientas. En la reuni\u00f3n, el embajador cont\u00f3 la visi\u00f3n oficial de Israel y luego se retir\u00f3 dando as\u00ed comienzo a la reuni\u00f3n formal del CC. Cr\u00edticas s\u00ed. Mentiras no. \u00bfDecir la verdad requiere sobre?\u201d.<\/h3>\n<p><img decoding=\"async\" class=\"wp-image-14732 aligncenter\" src=\"https:\/\/apuntesdesanluis.com\/wp-content\/uploads\/2024\/04\/POSTEO-MILEI-253x300.png\" alt=\"\" width=\"580\" height=\"688\" srcset=\"https:\/\/apuntesdesanluis.com\/wp-content\/uploads\/2024\/04\/POSTEO-MILEI-253x300.png 253w, https:\/\/apuntesdesanluis.com\/wp-content\/uploads\/2024\/04\/POSTEO-MILEI.png 586w\" sizes=\"(max-width: 580px) 100vw, 580px\" \/><\/p>\n<h3>Al leer el posteo, Lanata se ofendi\u00f3 y respondi\u00f3: \u201cNo puede ser que diga lo que se le cante de cualquiera; a ver si as\u00ed se acostumbra a no insultar con libertad. \u00c9l no puede hablar de sobres sin pruebas, sea el presidente de Naciones Unidas o el presidente de la Argentina. Entonces nos encontraremos en Tribunales con el Presidente y veremos si \u00e9l lo puede sostener\u2026 Yo no soy larretista, pero podr\u00eda serlo, me importa muy poco. Sobres no recibo y es p\u00fablico, hace 40 a\u00f1os que laburo\u201d.<\/h3>\n<h3>\u201cMilei piensa que si habl\u00e1s sobre tal tema se instala, entonces quiere desinstalarlo de cualquier manera. Esto pasa en la historia argentina desde hace a\u00f1os: los pol\u00edticos no saben una mierda del medio. Que haya medido en los canales a los que fue de panelista no quiere decir que sabe de medios; sabe de show. Los medios son otra cosa. Que yo diga algo no significa que se instale de inmediato, no tengo ese poder y nadie lo tiene, pero \u00e9l act\u00faa como si creyese eso\u201d, afirm\u00f3 Lanata.<\/h3>\n<h3>\u201cDespu\u00e9s se van, y el que hoy te aprieta, ma\u00f1ana te viene a pedir que le hagas un favor. Ellos no se dan cuenta de que los \u00fanicos que estamos todo el tiempo somos el p\u00fablico, los periodistas y el poder econ\u00f3mico. Los pol\u00edticos entran y salen, y mucho se van por la puerta de atr\u00e1s\u201d, consider\u00f3 el conductor.<\/h3>\n<p><iframe title=\"Jorge Lanata demandar\u00e1 a Javier Milei por tratarlo de &quot;ensobrado&quot;\" width=\"640\" height=\"360\" src=\"https:\/\/www.youtube.com\/embed\/pl8bOao0v8s?feature=oembed\" frameborder=\"0\" allow=\"accelerometer; autoplay; clipboard-write; encrypted-media; gyroscope; picture-in-picture; web-share\" referrerpolicy=\"strict-origin-when-cross-origin\" allowfullscreen><\/iframe><\/p>\n<h3>Lanata pidi\u00f3 el apoyo de sus colegas: \u201cEn este pa\u00eds desaparecieron 100 periodistas durante la dictadura. Tenemos que defendernos entre nosotros, no puede ser que porque hay cierta parte a favor de Milei no los estemos defendiendo. Salen a defender dos o tres, y los dem\u00e1s miran para otro lado porque o, en efecto, son ensobrados, o porque son mile\u00edstas oportunistas\u201d.<\/h3>\n<h3>Con cierta iron\u00eda, Milei escribi\u00f3 en X que \u201ces interesante lo que sucede cada vez que uno muestra a un periodista mintiendo\u201d, ironiz\u00f3 a trav\u00e9s de su cuenta de X, ratificando sus acusaciones.<\/h3>\n<p>&nbsp;<\/p>\n<p>&nbsp;<\/p>\n<p>&nbsp;<\/p>\n<p>&nbsp;<\/p>\n<p>&nbsp;<\/p>\n<p>&nbsp;<\/p>\n","protected":false},"excerpt":{"rendered":"<p>Un entredicho entre Jorge Lanata y Javier Milei podr\u00eda terminar en la Justicia, seg\u00fan asegur\u00f3&#8230;<\/p>\n","protected":false},"author":1,"featured_media":14734,"comment_status":"closed","ping_status":"closed","sticky":false,"template":"","format":"standard","meta":{"footnotes":""},"categories":[5],"tags":[],"class_list":["post-14730","post","type-post","status-publish","format-standard","has-post-thumbnail","hentry","category-nacionales-internacionales"],"yoast_head":"<!-- This site is optimized with the Yoast SEO plugin v26.1.1 - https:\/\/yoast.com\/wordpress\/plugins\/seo\/ -->\n<title>JORGE LANATA DEMANDAR\u00c1 A JAVIER MILEI: \u201cNO RECIBO SOBRES\u201d - Apuntes de San Luis<\/title>\n<meta name=\"robots\" content=\"index, follow, max-snippet:-1, max-image-preview:large, max-video-preview:-1\" \/>\n<link rel=\"canonical\" href=\"https:\/\/apuntesdesanluis.com\/index.php\/2024\/04\/15\/jorge-lanata-demandara-a-javier-milei-no-recibo-sobres\/\" \/>\n<meta property=\"og:locale\" content=\"es_ES\" \/>\n<meta property=\"og:type\" content=\"article\" \/>\n<meta property=\"og:title\" content=\"JORGE LANATA DEMANDAR\u00c1 A JAVIER MILEI: \u201cNO RECIBO SOBRES\u201d - Apuntes de San Luis\" \/>\n<meta property=\"og:description\" content=\"Un entredicho entre Jorge Lanata y Javier Milei podr\u00eda terminar en la Justicia, seg\u00fan asegur\u00f3...\" \/>\n<meta property=\"og:url\" content=\"https:\/\/apuntesdesanluis.com\/index.php\/2024\/04\/15\/jorge-lanata-demandara-a-javier-milei-no-recibo-sobres\/\" \/>\n<meta property=\"og:site_name\" content=\"Apuntes de San Luis\" \/>\n<meta property=\"article:published_time\" content=\"2024-04-16T00:14:43+00:00\" \/>\n<meta property=\"article:modified_time\" content=\"2024-04-16T04:26:20+00:00\" \/>\n<meta property=\"og:image\" content=\"https:\/\/apuntesdesanluis.com\/wp-content\/uploads\/2024\/04\/LANATA-MILEI.webp\" \/>\n\t<meta property=\"og:image:width\" content=\"620\" \/>\n\t<meta property=\"og:image:height\" content=\"350\" \/>\n\t<meta property=\"og:image:type\" content=\"image\/webp\" \/>\n<meta name=\"author\" content=\"apuntesdesanluis.com\" \/>\n<meta name=\"twitter:card\" content=\"summary_large_image\" \/>\n<meta name=\"twitter:label1\" content=\"Escrito por\" \/>\n\t<meta name=\"twitter:data1\" content=\"apuntesdesanluis.com\" \/>\n\t<meta name=\"twitter:label2\" content=\"Tiempo de lectura\" \/>\n\t<meta name=\"twitter:data2\" content=\"3 minutos\" \/>\n<script type=\"application\/ld+json\" class=\"yoast-schema-graph\">{\"@context\":\"https:\/\/schema.org\",\"@graph\":[{\"@type\":\"Article\",\"@id\":\"https:\/\/apuntesdesanluis.com\/index.php\/2024\/04\/15\/jorge-lanata-demandara-a-javier-milei-no-recibo-sobres\/#article\",\"isPartOf\":{\"@id\":\"https:\/\/apuntesdesanluis.com\/index.php\/2024\/04\/15\/jorge-lanata-demandara-a-javier-milei-no-recibo-sobres\/\"},\"author\":{\"name\":\"apuntesdesanluis.com\",\"@id\":\"https:\/\/apuntesdesanluis.com\/#\/schema\/person\/b55151d52296fcce64d1a72538a70b90\"},\"headline\":\"JORGE LANATA DEMANDAR\u00c1 A JAVIER MILEI: \u201cNO RECIBO SOBRES\u201d\",\"datePublished\":\"2024-04-16T00:14:43+00:00\",\"dateModified\":\"2024-04-16T04:26:20+00:00\",\"mainEntityOfPage\":{\"@id\":\"https:\/\/apuntesdesanluis.com\/index.php\/2024\/04\/15\/jorge-lanata-demandara-a-javier-milei-no-recibo-sobres\/\"},\"wordCount\":501,\"publisher\":{\"@id\":\"https:\/\/apuntesdesanluis.com\/#\/schema\/person\/b55151d52296fcce64d1a72538a70b90\"},\"image\":{\"@id\":\"https:\/\/apuntesdesanluis.com\/index.php\/2024\/04\/15\/jorge-lanata-demandara-a-javier-milei-no-recibo-sobres\/#primaryimage\"},\"thumbnailUrl\":\"https:\/\/apuntesdesanluis.com\/wp-content\/uploads\/2024\/04\/LANATA-MILEI.webp\",\"articleSection\":[\"Nacionales\/Internacionales\"],\"inLanguage\":\"es-AR\"},{\"@type\":\"WebPage\",\"@id\":\"https:\/\/apuntesdesanluis.com\/index.php\/2024\/04\/15\/jorge-lanata-demandara-a-javier-milei-no-recibo-sobres\/\",\"url\":\"https:\/\/apuntesdesanluis.com\/index.php\/2024\/04\/15\/jorge-lanata-demandara-a-javier-milei-no-recibo-sobres\/\",\"name\":\"JORGE LANATA DEMANDAR\u00c1 A JAVIER MILEI: \u201cNO RECIBO SOBRES\u201d - Apuntes de San Luis\",\"isPartOf\":{\"@id\":\"https:\/\/apuntesdesanluis.com\/#website\"},\"primaryImageOfPage\":{\"@id\":\"https:\/\/apuntesdesanluis.com\/index.php\/2024\/04\/15\/jorge-lanata-demandara-a-javier-milei-no-recibo-sobres\/#primaryimage\"},\"image\":{\"@id\":\"https:\/\/apuntesdesanluis.com\/index.php\/2024\/04\/15\/jorge-lanata-demandara-a-javier-milei-no-recibo-sobres\/#primaryimage\"},\"thumbnailUrl\":\"https:\/\/apuntesdesanluis.com\/wp-content\/uploads\/2024\/04\/LANATA-MILEI.webp\",\"datePublished\":\"2024-04-16T00:14:43+00:00\",\"dateModified\":\"2024-04-16T04:26:20+00:00\",\"breadcrumb\":{\"@id\":\"https:\/\/apuntesdesanluis.com\/index.php\/2024\/04\/15\/jorge-lanata-demandara-a-javier-milei-no-recibo-sobres\/#breadcrumb\"},\"inLanguage\":\"es-AR\",\"potentialAction\":[{\"@type\":\"ReadAction\",\"target\":[\"https:\/\/apuntesdesanluis.com\/index.php\/2024\/04\/15\/jorge-lanata-demandara-a-javier-milei-no-recibo-sobres\/\"]}]},{\"@type\":\"ImageObject\",\"inLanguage\":\"es-AR\",\"@id\":\"https:\/\/apuntesdesanluis.com\/index.php\/2024\/04\/15\/jorge-lanata-demandara-a-javier-milei-no-recibo-sobres\/#primaryimage\",\"url\":\"https:\/\/apuntesdesanluis.com\/wp-content\/uploads\/2024\/04\/LANATA-MILEI.webp\",\"contentUrl\":\"https:\/\/apuntesdesanluis.com\/wp-content\/uploads\/2024\/04\/LANATA-MILEI.webp\",\"width\":620,\"height\":350},{\"@type\":\"BreadcrumbList\",\"@id\":\"https:\/\/apuntesdesanluis.com\/index.php\/2024\/04\/15\/jorge-lanata-demandara-a-javier-milei-no-recibo-sobres\/#breadcrumb\",\"itemListElement\":[{\"@type\":\"ListItem\",\"position\":1,\"name\":\"Inicio\",\"item\":\"https:\/\/apuntesdesanluis.com\/\"},{\"@type\":\"ListItem\",\"position\":2,\"name\":\"JORGE LANATA DEMANDAR\u00c1 A JAVIER MILEI: \u201cNO RECIBO SOBRES\u201d\"}]},{\"@type\":\"WebSite\",\"@id\":\"https:\/\/apuntesdesanluis.com\/#website\",\"url\":\"https:\/\/apuntesdesanluis.com\/\",\"name\":\"Apuntes de San Luis\",\"description\":\"\",\"publisher\":{\"@id\":\"https:\/\/apuntesdesanluis.com\/#\/schema\/person\/b55151d52296fcce64d1a72538a70b90\"},\"potentialAction\":[{\"@type\":\"SearchAction\",\"target\":{\"@type\":\"EntryPoint\",\"urlTemplate\":\"https:\/\/apuntesdesanluis.com\/?s={search_term_string}\"},\"query-input\":{\"@type\":\"PropertyValueSpecification\",\"valueRequired\":true,\"valueName\":\"search_term_string\"}}],\"inLanguage\":\"es-AR\"},{\"@type\":[\"Person\",\"Organization\"],\"@id\":\"https:\/\/apuntesdesanluis.com\/#\/schema\/person\/b55151d52296fcce64d1a72538a70b90\",\"name\":\"apuntesdesanluis.com\",\"image\":{\"@type\":\"ImageObject\",\"inLanguage\":\"es-AR\",\"@id\":\"https:\/\/apuntesdesanluis.com\/#\/schema\/person\/image\/\",\"url\":\"https:\/\/apuntesdesanluis.com\/wp-content\/uploads\/2023\/07\/cropped-apuntesdesanluis.png\",\"contentUrl\":\"https:\/\/apuntesdesanluis.com\/wp-content\/uploads\/2023\/07\/cropped-apuntesdesanluis.png\",\"width\":450,\"height\":112,\"caption\":\"apuntesdesanluis.com\"},\"logo\":{\"@id\":\"https:\/\/apuntesdesanluis.com\/#\/schema\/person\/image\/\"},\"sameAs\":[\"https:\/\/apuntesdesanluis.com\"],\"url\":\"https:\/\/apuntesdesanluis.com\/index.php\/author\/apuntesdesanluis-com\/\"}]}<\/script>\n<!-- \/ Yoast SEO plugin. -->","yoast_head_json":{"title":"JORGE LANATA DEMANDAR\u00c1 A JAVIER MILEI: \u201cNO RECIBO SOBRES\u201d - Apuntes de San Luis","robots":{"index":"index","follow":"follow","max-snippet":"max-snippet:-1","max-image-preview":"max-image-preview:large","max-video-preview":"max-video-preview:-1"},"canonical":"https:\/\/apuntesdesanluis.com\/index.php\/2024\/04\/15\/jorge-lanata-demandara-a-javier-milei-no-recibo-sobres\/","og_locale":"es_ES","og_type":"article","og_title":"JORGE LANATA DEMANDAR\u00c1 A JAVIER MILEI: \u201cNO RECIBO SOBRES\u201d - Apuntes de San Luis","og_description":"Un entredicho entre Jorge Lanata y Javier Milei podr\u00eda terminar en la Justicia, seg\u00fan asegur\u00f3...","og_url":"https:\/\/apuntesdesanluis.com\/index.php\/2024\/04\/15\/jorge-lanata-demandara-a-javier-milei-no-recibo-sobres\/","og_site_name":"Apuntes de San Luis","article_published_time":"2024-04-16T00:14:43+00:00","article_modified_time":"2024-04-16T04:26:20+00:00","og_image":[{"width":620,"height":350,"url":"https:\/\/apuntesdesanluis.com\/wp-content\/uploads\/2024\/04\/LANATA-MILEI.webp","type":"image\/webp"}],"author":"apuntesdesanluis.com","twitter_card":"summary_large_image","twitter_misc":{"Escrito por":"apuntesdesanluis.com","Tiempo de lectura":"3 minutos"},"schema":{"@context":"https:\/\/schema.org","@graph":[{"@type":"Article","@id":"https:\/\/apuntesdesanluis.com\/index.php\/2024\/04\/15\/jorge-lanata-demandara-a-javier-milei-no-recibo-sobres\/#article","isPartOf":{"@id":"https:\/\/apuntesdesanluis.com\/index.php\/2024\/04\/15\/jorge-lanata-demandara-a-javier-milei-no-recibo-sobres\/"},"author":{"name":"apuntesdesanluis.com","@id":"https:\/\/apuntesdesanluis.com\/#\/schema\/person\/b55151d52296fcce64d1a72538a70b90"},"headline":"JORGE LANATA DEMANDAR\u00c1 A JAVIER MILEI: \u201cNO RECIBO SOBRES\u201d","datePublished":"2024-04-16T00:14:43+00:00","dateModified":"2024-04-16T04:26:20+00:00","mainEntityOfPage":{"@id":"https:\/\/apuntesdesanluis.com\/index.php\/2024\/04\/15\/jorge-lanata-demandara-a-javier-milei-no-recibo-sobres\/"},"wordCount":501,"publisher":{"@id":"https:\/\/apuntesdesanluis.com\/#\/schema\/person\/b55151d52296fcce64d1a72538a70b90"},"image":{"@id":"https:\/\/apuntesdesanluis.com\/index.php\/2024\/04\/15\/jorge-lanata-demandara-a-javier-milei-no-recibo-sobres\/#primaryimage"},"thumbnailUrl":"https:\/\/apuntesdesanluis.com\/wp-content\/uploads\/2024\/04\/LANATA-MILEI.webp","articleSection":["Nacionales\/Internacionales"],"inLanguage":"es-AR"},{"@type":"WebPage","@id":"https:\/\/apuntesdesanluis.com\/index.php\/2024\/04\/15\/jorge-lanata-demandara-a-javier-milei-no-recibo-sobres\/","url":"https:\/\/apuntesdesanluis.com\/index.php\/2024\/04\/15\/jorge-lanata-demandara-a-javier-milei-no-recibo-sobres\/","name":"JORGE LANATA DEMANDAR\u00c1 A JAVIER MILEI: \u201cNO RECIBO SOBRES\u201d - Apuntes de San Luis","isPartOf":{"@id":"https:\/\/apuntesdesanluis.com\/#website"},"primaryImageOfPage":{"@id":"https:\/\/apuntesdesanluis.com\/index.php\/2024\/04\/15\/jorge-lanata-demandara-a-javier-milei-no-recibo-sobres\/#primaryimage"},"image":{"@id":"https:\/\/apuntesdesanluis.com\/index.php\/2024\/04\/15\/jorge-lanata-demandara-a-javier-milei-no-recibo-sobres\/#primaryimage"},"thumbnailUrl":"https:\/\/apuntesdesanluis.com\/wp-content\/uploads\/2024\/04\/LANATA-MILEI.webp","datePublished":"2024-04-16T00:14:43+00:00","dateModified":"2024-04-16T04:26:20+00:00","breadcrumb":{"@id":"https:\/\/apuntesdesanluis.com\/index.php\/2024\/04\/15\/jorge-lanata-demandara-a-javier-milei-no-recibo-sobres\/#breadcrumb"},"inLanguage":"es-AR","potentialAction":[{"@type":"ReadAction","target":["https:\/\/apuntesdesanluis.com\/index.php\/2024\/04\/15\/jorge-lanata-demandara-a-javier-milei-no-recibo-sobres\/"]}]},{"@type":"ImageObject","inLanguage":"es-AR","@id":"https:\/\/apuntesdesanluis.com\/index.php\/2024\/04\/15\/jorge-lanata-demandara-a-javier-milei-no-recibo-sobres\/#primaryimage","url":"https:\/\/apuntesdesanluis.com\/wp-content\/uploads\/2024\/04\/LANATA-MILEI.webp","contentUrl":"https:\/\/apuntesdesanluis.com\/wp-content\/uploads\/2024\/04\/LANATA-MILEI.webp","width":620,"height":350},{"@type":"BreadcrumbList","@id":"https:\/\/apuntesdesanluis.com\/index.php\/2024\/04\/15\/jorge-lanata-demandara-a-javier-milei-no-recibo-sobres\/#breadcrumb","itemListElement":[{"@type":"ListItem","position":1,"name":"Inicio","item":"https:\/\/apuntesdesanluis.com\/"},{"@type":"ListItem","position":2,"name":"JORGE LANATA DEMANDAR\u00c1 A JAVIER MILEI: \u201cNO RECIBO SOBRES\u201d"}]},{"@type":"WebSite","@id":"https:\/\/apuntesdesanluis.com\/#website","url":"https:\/\/apuntesdesanluis.com\/","name":"Apuntes de San Luis","description":"","publisher":{"@id":"https:\/\/apuntesdesanluis.com\/#\/schema\/person\/b55151d52296fcce64d1a72538a70b90"},"potentialAction":[{"@type":"SearchAction","target":{"@type":"EntryPoint","urlTemplate":"https:\/\/apuntesdesanluis.com\/?s={search_term_string}"},"query-input":{"@type":"PropertyValueSpecification","valueRequired":true,"valueName":"search_term_string"}}],"inLanguage":"es-AR"},{"@type":["Person","Organization"],"@id":"https:\/\/apuntesdesanluis.com\/#\/schema\/person\/b55151d52296fcce64d1a72538a70b90","name":"apuntesdesanluis.com","image":{"@type":"ImageObject","inLanguage":"es-AR","@id":"https:\/\/apuntesdesanluis.com\/#\/schema\/person\/image\/","url":"https:\/\/apuntesdesanluis.com\/wp-content\/uploads\/2023\/07\/cropped-apuntesdesanluis.png","contentUrl":"https:\/\/apuntesdesanluis.com\/wp-content\/uploads\/2023\/07\/cropped-apuntesdesanluis.png","width":450,"height":112,"caption":"apuntesdesanluis.com"},"logo":{"@id":"https:\/\/apuntesdesanluis.com\/#\/schema\/person\/image\/"},"sameAs":["https:\/\/apuntesdesanluis.com"],"url":"https:\/\/apuntesdesanluis.com\/index.php\/author\/apuntesdesanluis-com\/"}]}},"featured_image_urls":{"full":["https:\/\/apuntesdesanluis.com\/wp-content\/uploads\/2024\/04\/LANATA-MILEI.webp",620,350,false],"thumbnail":["https:\/\/apuntesdesanluis.com\/wp-content\/uploads\/2024\/04\/LANATA-MILEI-150x150.webp",150,150,true],"medium":["https:\/\/apuntesdesanluis.com\/wp-content\/uploads\/2024\/04\/LANATA-MILEI-300x169.webp",300,169,true],"medium_large":["https:\/\/apuntesdesanluis.com\/wp-content\/uploads\/2024\/04\/LANATA-MILEI.webp",620,350,false],"large":["https:\/\/apuntesdesanluis.com\/wp-content\/uploads\/2024\/04\/LANATA-MILEI.webp",620,350,false],"1536x1536":["https:\/\/apuntesdesanluis.com\/wp-content\/uploads\/2024\/04\/LANATA-MILEI.webp",620,350,false],"2048x2048":["https:\/\/apuntesdesanluis.com\/wp-content\/uploads\/2024\/04\/LANATA-MILEI.webp",620,350,false],"newsever-slider-full":["https:\/\/apuntesdesanluis.com\/wp-content\/uploads\/2024\/04\/LANATA-MILEI.webp",620,350,false],"newsever-featured":["https:\/\/apuntesdesanluis.com\/wp-content\/uploads\/2024\/04\/LANATA-MILEI.webp",620,350,false],"newsever-medium":["https:\/\/apuntesdesanluis.com\/wp-content\/uploads\/2024\/04\/LANATA-MILEI.webp",620,350,false]},"author_info":{"display_name":"apuntesdesanluis.com","author_link":"https:\/\/apuntesdesanluis.com\/index.php\/author\/apuntesdesanluis-com\/"},"category_info":"<a href=\"https:\/\/apuntesdesanluis.com\/index.php\/category\/nacionales-internacionales\/\" rel=\"category tag\">Nacionales\/Internacionales<\/a>","tag_info":"Nacionales\/Internacionales","comment_count":"0","_links":{"self":[{"href":"https:\/\/apuntesdesanluis.com\/index.php\/wp-json\/wp\/v2\/posts\/14730","targetHints":{"allow":["GET"]}}],"collection":[{"href":"https:\/\/apuntesdesanluis.com\/index.php\/wp-json\/wp\/v2\/posts"}],"about":[{"href":"https:\/\/apuntesdesanluis.com\/index.php\/wp-json\/wp\/v2\/types\/post"}],"author":[{"embeddable":true,"href":"https:\/\/apuntesdesanluis.com\/index.php\/wp-json\/wp\/v2\/users\/1"}],"replies":[{"embeddable":true,"href":"https:\/\/apuntesdesanluis.com\/index.php\/wp-json\/wp\/v2\/comments?post=14730"}],"version-history":[{"count":1,"href":"https:\/\/apuntesdesanluis.com\/index.php\/wp-json\/wp\/v2\/posts\/14730\/revisions"}],"predecessor-version":[{"id":14733,"href":"https:\/\/apuntesdesanluis.com\/index.php\/wp-json\/wp\/v2\/posts\/14730\/revisions\/14733"}],"wp:featuredmedia":[{"embeddable":true,"href":"https:\/\/apuntesdesanluis.com\/index.php\/wp-json\/wp\/v2\/media\/14734"}],"wp:attachment":[{"href":"https:\/\/apuntesdesanluis.com\/index.php\/wp-json\/wp\/v2\/media?parent=14730"}],"wp:term":[{"taxonomy":"category","embeddable":true,"href":"https:\/\/apuntesdesanluis.com\/index.php\/wp-json\/wp\/v2\/categories?post=14730"},{"taxonomy":"post_tag","embeddable":true,"href":"https:\/\/apuntesdesanluis.com\/index.php\/wp-json\/wp\/v2\/tags?post=14730"}],"curies":[{"name":"wp","href":"https:\/\/api.w.org\/{rel}","templated":true}]}}