{"id":14738,"date":"2024-04-15T22:24:41","date_gmt":"2024-04-16T01:24:41","guid":{"rendered":"https:\/\/apuntesdesanluis.com\/?p=14738"},"modified":"2024-04-16T01:25:55","modified_gmt":"2024-04-16T04:25:55","slug":"el-director-del-centro-ana-frank-critico-el-protagonismo-de-milei-y-pidio-una-posicion-mas-pacifista","status":"publish","type":"post","link":"https:\/\/apuntesdesanluis.com\/index.php\/2024\/04\/15\/el-director-del-centro-ana-frank-critico-el-protagonismo-de-milei-y-pidio-una-posicion-mas-pacifista\/","title":{"rendered":"EL DIRECTOR DEL CENTRO ANA FRANK CRITIC\u00d3 EL &#8220;PROTAGONISMO&#8221; DE MILEI Y PIDI\u00d3 UNA POSICI\u00d3N &#8220;M\u00c1S PACIFISTA&#8221;"},"content":{"rendered":"<h3>El director del Centro Ana Frank para Argentina y Am\u00e9rica Latina, <strong>H\u00e9ctor Shalom<\/strong>, advirti\u00f3 este lunes que la postura del presidente <strong>Javier Milei<\/strong> en el conflicto entre Israel e Ir\u00e1n &#8220;incrementa el riesgo&#8221; para la comunidad jud\u00eda en el pa\u00eds y critic\u00f3 la b\u00fasqueda de \u201cprotagonismo\u201d del mandatario, que este domingo encabez\u00f3 una reuni\u00f3n del Comit\u00e9 de Crisis para analizar la situaci\u00f3n.<\/h3>\n<h3>Luego de que se avivara el conflicto internacional y que el gobierno argentino se expresara a favor de Israel, el referente de la comunidad jud\u00eda cuestion\u00f3 la b\u00fasqueda de &#8220;protagonismo&#8221; del mandatario nacional. &#8220;Desde el 7 de octubre (cuando se dieron los ataques armados en Israel) el crecimiento de los discursos antisemitas ha sido exponencial. Esto hace que haya un riesgo en las instituciones jud\u00edas en el mundo&#8221;, consider\u00f3 Shalom.<\/h3>\n<h3>En declaraciones a radio Rivadavia, el director del Centro Ana Frank sostuvo que la &#8220;Argentina por algunas razones fue elegida para los atentados (de 1992 y 1994), porque es posible encontrar socios locales, porque la impunidad finalmente se consigue, la triple frontera&#8221;, etc\u00e9tera. &#8220;A esto hay que agregarle las posturas que est\u00e1 tomando el presidente, que aumentan la vulnerabiliad de los jud\u00edos en el pa\u00eds&#8221;, subray\u00f3 Shalom.<\/h3>\n<h3>Al respecto, evalu\u00f3 que &#8220;por supuesto la defensa del Estado de Israel es importante&#8221;, pero el gobierno &#8220;deber\u00eda tener una posici\u00f3n m\u00e1s pacifista que belicista&#8221;. &#8220;Deber\u00eda poner en un lugar central la defensa de Israel, pero con una visi\u00f3n pacifista de la regi\u00f3n y no belicista&#8221;, resalt\u00f3 el referente. Y sobre la posici\u00f3n de Milei advirti\u00f3: &#8220;Una postura de buscar un protagonismo en este conflicto creo que incrementa el riesgo de la comunidad jud\u00eda en nuestro pa\u00eds&#8221;.<\/h3>\n<h3>La ministra de Seguridad, Patricia Bullrich, decidi\u00f3 este lunes bajar el nivel de alerta de &#8220;naranja&#8221; a &#8220;moderado&#8221; en el pa\u00eds por el conflicto entre Ir\u00e1n e Israel, pero se mantienen los controles reforzados en puntos clave. La decisi\u00f3n la tom\u00f3 la funcionaria de Javier Milei en l\u00ednea con lo definido por el gobierno de los Estados Unidos en las \u00faltimas horas.<\/h3>\n<h3>Este domingo, al explicar la decisi\u00f3n de elevar el nivel de alerta a &#8220;naranja&#8221;, Bullrich sostuvo que se trataba de una cuesti\u00f3n de estrategia en la relaci\u00f3n con el pa\u00eds norteamericano. &#8220;Hay un tema estrat\u00e9gico de Estados Unidos en esto. Despu\u00e9s, el otro tema son las preocupaciones que tienen sobre cu\u00e1les son las infraestructuras cr\u00edticas que puedan estar en manos de China. Ellos tienen una gran preocupaci\u00f3n por China y en menor medida Rusia. As\u00ed es como profundizan la alianza con pa\u00edses como los nuestros&#8221;, sostuvo Bullrich.<\/h3>\n<h3>En un principio, el alerta hab\u00eda quedado en &#8220;naranja&#8221;, que es un nivel alto con &#8220;riesgo importante&#8221;. Ahora, el color est\u00e1 en &#8220;amarillo&#8221;, con hechos de &#8220;riesgo moderado&#8221;. En simult\u00e1neo, la Canciller\u00eda orden\u00f3 reabrir las embajadas argentinas en Israel, Ir\u00e1n, El L\u00edbano y Siria, luego de que el s\u00e1bado por la noche se decidiera cerrarlas por el alto riesgo.<\/h3>\n<p>&nbsp;<\/p>\n<p>&nbsp;<\/p>\n<p>&nbsp;<\/p>\n","protected":false},"excerpt":{"rendered":"<p>El director del Centro Ana Frank para Argentina y Am\u00e9rica Latina, H\u00e9ctor Shalom, advirti\u00f3 este&#8230;<\/p>\n","protected":false},"author":1,"featured_media":14739,"comment_status":"closed","ping_status":"closed","sticky":false,"template":"","format":"standard","meta":{"footnotes":""},"categories":[5],"tags":[],"class_list":["post-14738","post","type-post","status-publish","format-standard","has-post-thumbnail","hentry","category-nacionales-internacionales"],"yoast_head":"<!-- This site is optimized with the Yoast SEO plugin v26.1.1 - https:\/\/yoast.com\/wordpress\/plugins\/seo\/ -->\n<title>EL DIRECTOR DEL CENTRO ANA FRANK CRITIC\u00d3 EL &quot;PROTAGONISMO&quot; DE MILEI Y PIDI\u00d3 UNA POSICI\u00d3N &quot;M\u00c1S PACIFISTA&quot; - Apuntes de San Luis<\/title>\n<meta name=\"robots\" content=\"index, follow, max-snippet:-1, max-image-preview:large, max-video-preview:-1\" \/>\n<link rel=\"canonical\" href=\"https:\/\/apuntesdesanluis.com\/index.php\/2024\/04\/15\/el-director-del-centro-ana-frank-critico-el-protagonismo-de-milei-y-pidio-una-posicion-mas-pacifista\/\" \/>\n<meta property=\"og:locale\" content=\"es_ES\" \/>\n<meta property=\"og:type\" content=\"article\" \/>\n<meta property=\"og:title\" content=\"EL DIRECTOR DEL CENTRO ANA FRANK CRITIC\u00d3 EL &quot;PROTAGONISMO&quot; DE MILEI Y PIDI\u00d3 UNA POSICI\u00d3N &quot;M\u00c1S PACIFISTA&quot; - Apuntes de San Luis\" \/>\n<meta property=\"og:description\" content=\"El director del Centro Ana Frank para Argentina y Am\u00e9rica Latina, H\u00e9ctor Shalom, advirti\u00f3 este...\" \/>\n<meta property=\"og:url\" content=\"https:\/\/apuntesdesanluis.com\/index.php\/2024\/04\/15\/el-director-del-centro-ana-frank-critico-el-protagonismo-de-milei-y-pidio-una-posicion-mas-pacifista\/\" \/>\n<meta property=\"og:site_name\" content=\"Apuntes de San Luis\" \/>\n<meta property=\"article:published_time\" content=\"2024-04-16T01:24:41+00:00\" \/>\n<meta property=\"article:modified_time\" content=\"2024-04-16T04:25:55+00:00\" \/>\n<meta property=\"og:image\" content=\"https:\/\/apuntesdesanluis.com\/wp-content\/uploads\/2024\/04\/HECTOR-SHALOM.png\" \/>\n\t<meta property=\"og:image:width\" content=\"725\" \/>\n\t<meta property=\"og:image:height\" content=\"419\" \/>\n\t<meta property=\"og:image:type\" content=\"image\/png\" \/>\n<meta name=\"author\" content=\"apuntesdesanluis.com\" \/>\n<meta name=\"twitter:card\" content=\"summary_large_image\" \/>\n<meta name=\"twitter:label1\" content=\"Escrito por\" \/>\n\t<meta name=\"twitter:data1\" content=\"apuntesdesanluis.com\" \/>\n\t<meta name=\"twitter:label2\" content=\"Tiempo de lectura\" \/>\n\t<meta name=\"twitter:data2\" content=\"3 minutos\" \/>\n<script type=\"application\/ld+json\" class=\"yoast-schema-graph\">{\"@context\":\"https:\/\/schema.org\",\"@graph\":[{\"@type\":\"Article\",\"@id\":\"https:\/\/apuntesdesanluis.com\/index.php\/2024\/04\/15\/el-director-del-centro-ana-frank-critico-el-protagonismo-de-milei-y-pidio-una-posicion-mas-pacifista\/#article\",\"isPartOf\":{\"@id\":\"https:\/\/apuntesdesanluis.com\/index.php\/2024\/04\/15\/el-director-del-centro-ana-frank-critico-el-protagonismo-de-milei-y-pidio-una-posicion-mas-pacifista\/\"},\"author\":{\"name\":\"apuntesdesanluis.com\",\"@id\":\"https:\/\/apuntesdesanluis.com\/#\/schema\/person\/b55151d52296fcce64d1a72538a70b90\"},\"headline\":\"EL DIRECTOR DEL CENTRO ANA FRANK CRITIC\u00d3 EL &#8220;PROTAGONISMO&#8221; DE MILEI Y PIDI\u00d3 UNA POSICI\u00d3N &#8220;M\u00c1S PACIFISTA&#8221;\",\"datePublished\":\"2024-04-16T01:24:41+00:00\",\"dateModified\":\"2024-04-16T04:25:55+00:00\",\"mainEntityOfPage\":{\"@id\":\"https:\/\/apuntesdesanluis.com\/index.php\/2024\/04\/15\/el-director-del-centro-ana-frank-critico-el-protagonismo-de-milei-y-pidio-una-posicion-mas-pacifista\/\"},\"wordCount\":546,\"publisher\":{\"@id\":\"https:\/\/apuntesdesanluis.com\/#\/schema\/person\/b55151d52296fcce64d1a72538a70b90\"},\"image\":{\"@id\":\"https:\/\/apuntesdesanluis.com\/index.php\/2024\/04\/15\/el-director-del-centro-ana-frank-critico-el-protagonismo-de-milei-y-pidio-una-posicion-mas-pacifista\/#primaryimage\"},\"thumbnailUrl\":\"https:\/\/apuntesdesanluis.com\/wp-content\/uploads\/2024\/04\/HECTOR-SHALOM.png\",\"articleSection\":[\"Nacionales\/Internacionales\"],\"inLanguage\":\"es-AR\"},{\"@type\":\"WebPage\",\"@id\":\"https:\/\/apuntesdesanluis.com\/index.php\/2024\/04\/15\/el-director-del-centro-ana-frank-critico-el-protagonismo-de-milei-y-pidio-una-posicion-mas-pacifista\/\",\"url\":\"https:\/\/apuntesdesanluis.com\/index.php\/2024\/04\/15\/el-director-del-centro-ana-frank-critico-el-protagonismo-de-milei-y-pidio-una-posicion-mas-pacifista\/\",\"name\":\"EL DIRECTOR DEL CENTRO ANA FRANK CRITIC\u00d3 EL \\\"PROTAGONISMO\\\" DE MILEI Y PIDI\u00d3 UNA POSICI\u00d3N \\\"M\u00c1S PACIFISTA\\\" - Apuntes de San Luis\",\"isPartOf\":{\"@id\":\"https:\/\/apuntesdesanluis.com\/#website\"},\"primaryImageOfPage\":{\"@id\":\"https:\/\/apuntesdesanluis.com\/index.php\/2024\/04\/15\/el-director-del-centro-ana-frank-critico-el-protagonismo-de-milei-y-pidio-una-posicion-mas-pacifista\/#primaryimage\"},\"image\":{\"@id\":\"https:\/\/apuntesdesanluis.com\/index.php\/2024\/04\/15\/el-director-del-centro-ana-frank-critico-el-protagonismo-de-milei-y-pidio-una-posicion-mas-pacifista\/#primaryimage\"},\"thumbnailUrl\":\"https:\/\/apuntesdesanluis.com\/wp-content\/uploads\/2024\/04\/HECTOR-SHALOM.png\",\"datePublished\":\"2024-04-16T01:24:41+00:00\",\"dateModified\":\"2024-04-16T04:25:55+00:00\",\"breadcrumb\":{\"@id\":\"https:\/\/apuntesdesanluis.com\/index.php\/2024\/04\/15\/el-director-del-centro-ana-frank-critico-el-protagonismo-de-milei-y-pidio-una-posicion-mas-pacifista\/#breadcrumb\"},\"inLanguage\":\"es-AR\",\"potentialAction\":[{\"@type\":\"ReadAction\",\"target\":[\"https:\/\/apuntesdesanluis.com\/index.php\/2024\/04\/15\/el-director-del-centro-ana-frank-critico-el-protagonismo-de-milei-y-pidio-una-posicion-mas-pacifista\/\"]}]},{\"@type\":\"ImageObject\",\"inLanguage\":\"es-AR\",\"@id\":\"https:\/\/apuntesdesanluis.com\/index.php\/2024\/04\/15\/el-director-del-centro-ana-frank-critico-el-protagonismo-de-milei-y-pidio-una-posicion-mas-pacifista\/#primaryimage\",\"url\":\"https:\/\/apuntesdesanluis.com\/wp-content\/uploads\/2024\/04\/HECTOR-SHALOM.png\",\"contentUrl\":\"https:\/\/apuntesdesanluis.com\/wp-content\/uploads\/2024\/04\/HECTOR-SHALOM.png\",\"width\":725,\"height\":419},{\"@type\":\"BreadcrumbList\",\"@id\":\"https:\/\/apuntesdesanluis.com\/index.php\/2024\/04\/15\/el-director-del-centro-ana-frank-critico-el-protagonismo-de-milei-y-pidio-una-posicion-mas-pacifista\/#breadcrumb\",\"itemListElement\":[{\"@type\":\"ListItem\",\"position\":1,\"name\":\"Inicio\",\"item\":\"https:\/\/apuntesdesanluis.com\/\"},{\"@type\":\"ListItem\",\"position\":2,\"name\":\"EL DIRECTOR DEL CENTRO ANA FRANK CRITIC\u00d3 EL &#8220;PROTAGONISMO&#8221; DE MILEI Y PIDI\u00d3 UNA POSICI\u00d3N &#8220;M\u00c1S PACIFISTA&#8221;\"}]},{\"@type\":\"WebSite\",\"@id\":\"https:\/\/apuntesdesanluis.com\/#website\",\"url\":\"https:\/\/apuntesdesanluis.com\/\",\"name\":\"Apuntes de San Luis\",\"description\":\"\",\"publisher\":{\"@id\":\"https:\/\/apuntesdesanluis.com\/#\/schema\/person\/b55151d52296fcce64d1a72538a70b90\"},\"potentialAction\":[{\"@type\":\"SearchAction\",\"target\":{\"@type\":\"EntryPoint\",\"urlTemplate\":\"https:\/\/apuntesdesanluis.com\/?s={search_term_string}\"},\"query-input\":{\"@type\":\"PropertyValueSpecification\",\"valueRequired\":true,\"valueName\":\"search_term_string\"}}],\"inLanguage\":\"es-AR\"},{\"@type\":[\"Person\",\"Organization\"],\"@id\":\"https:\/\/apuntesdesanluis.com\/#\/schema\/person\/b55151d52296fcce64d1a72538a70b90\",\"name\":\"apuntesdesanluis.com\",\"image\":{\"@type\":\"ImageObject\",\"inLanguage\":\"es-AR\",\"@id\":\"https:\/\/apuntesdesanluis.com\/#\/schema\/person\/image\/\",\"url\":\"https:\/\/apuntesdesanluis.com\/wp-content\/uploads\/2023\/07\/cropped-apuntesdesanluis.png\",\"contentUrl\":\"https:\/\/apuntesdesanluis.com\/wp-content\/uploads\/2023\/07\/cropped-apuntesdesanluis.png\",\"width\":450,\"height\":112,\"caption\":\"apuntesdesanluis.com\"},\"logo\":{\"@id\":\"https:\/\/apuntesdesanluis.com\/#\/schema\/person\/image\/\"},\"sameAs\":[\"https:\/\/apuntesdesanluis.com\"],\"url\":\"https:\/\/apuntesdesanluis.com\/index.php\/author\/apuntesdesanluis-com\/\"}]}<\/script>\n<!-- \/ Yoast SEO plugin. -->","yoast_head_json":{"title":"EL DIRECTOR DEL CENTRO ANA FRANK CRITIC\u00d3 EL \"PROTAGONISMO\" DE MILEI Y PIDI\u00d3 UNA POSICI\u00d3N \"M\u00c1S PACIFISTA\" - Apuntes de San Luis","robots":{"index":"index","follow":"follow","max-snippet":"max-snippet:-1","max-image-preview":"max-image-preview:large","max-video-preview":"max-video-preview:-1"},"canonical":"https:\/\/apuntesdesanluis.com\/index.php\/2024\/04\/15\/el-director-del-centro-ana-frank-critico-el-protagonismo-de-milei-y-pidio-una-posicion-mas-pacifista\/","og_locale":"es_ES","og_type":"article","og_title":"EL DIRECTOR DEL CENTRO ANA FRANK CRITIC\u00d3 EL \"PROTAGONISMO\" DE MILEI Y PIDI\u00d3 UNA POSICI\u00d3N \"M\u00c1S PACIFISTA\" - Apuntes de San Luis","og_description":"El director del Centro Ana Frank para Argentina y Am\u00e9rica Latina, H\u00e9ctor Shalom, advirti\u00f3 este...","og_url":"https:\/\/apuntesdesanluis.com\/index.php\/2024\/04\/15\/el-director-del-centro-ana-frank-critico-el-protagonismo-de-milei-y-pidio-una-posicion-mas-pacifista\/","og_site_name":"Apuntes de San Luis","article_published_time":"2024-04-16T01:24:41+00:00","article_modified_time":"2024-04-16T04:25:55+00:00","og_image":[{"width":725,"height":419,"url":"https:\/\/apuntesdesanluis.com\/wp-content\/uploads\/2024\/04\/HECTOR-SHALOM.png","type":"image\/png"}],"author":"apuntesdesanluis.com","twitter_card":"summary_large_image","twitter_misc":{"Escrito por":"apuntesdesanluis.com","Tiempo de lectura":"3 minutos"},"schema":{"@context":"https:\/\/schema.org","@graph":[{"@type":"Article","@id":"https:\/\/apuntesdesanluis.com\/index.php\/2024\/04\/15\/el-director-del-centro-ana-frank-critico-el-protagonismo-de-milei-y-pidio-una-posicion-mas-pacifista\/#article","isPartOf":{"@id":"https:\/\/apuntesdesanluis.com\/index.php\/2024\/04\/15\/el-director-del-centro-ana-frank-critico-el-protagonismo-de-milei-y-pidio-una-posicion-mas-pacifista\/"},"author":{"name":"apuntesdesanluis.com","@id":"https:\/\/apuntesdesanluis.com\/#\/schema\/person\/b55151d52296fcce64d1a72538a70b90"},"headline":"EL DIRECTOR DEL CENTRO ANA FRANK CRITIC\u00d3 EL &#8220;PROTAGONISMO&#8221; DE MILEI Y PIDI\u00d3 UNA POSICI\u00d3N &#8220;M\u00c1S PACIFISTA&#8221;","datePublished":"2024-04-16T01:24:41+00:00","dateModified":"2024-04-16T04:25:55+00:00","mainEntityOfPage":{"@id":"https:\/\/apuntesdesanluis.com\/index.php\/2024\/04\/15\/el-director-del-centro-ana-frank-critico-el-protagonismo-de-milei-y-pidio-una-posicion-mas-pacifista\/"},"wordCount":546,"publisher":{"@id":"https:\/\/apuntesdesanluis.com\/#\/schema\/person\/b55151d52296fcce64d1a72538a70b90"},"image":{"@id":"https:\/\/apuntesdesanluis.com\/index.php\/2024\/04\/15\/el-director-del-centro-ana-frank-critico-el-protagonismo-de-milei-y-pidio-una-posicion-mas-pacifista\/#primaryimage"},"thumbnailUrl":"https:\/\/apuntesdesanluis.com\/wp-content\/uploads\/2024\/04\/HECTOR-SHALOM.png","articleSection":["Nacionales\/Internacionales"],"inLanguage":"es-AR"},{"@type":"WebPage","@id":"https:\/\/apuntesdesanluis.com\/index.php\/2024\/04\/15\/el-director-del-centro-ana-frank-critico-el-protagonismo-de-milei-y-pidio-una-posicion-mas-pacifista\/","url":"https:\/\/apuntesdesanluis.com\/index.php\/2024\/04\/15\/el-director-del-centro-ana-frank-critico-el-protagonismo-de-milei-y-pidio-una-posicion-mas-pacifista\/","name":"EL DIRECTOR DEL CENTRO ANA FRANK CRITIC\u00d3 EL \"PROTAGONISMO\" DE MILEI Y PIDI\u00d3 UNA POSICI\u00d3N \"M\u00c1S PACIFISTA\" - Apuntes de San Luis","isPartOf":{"@id":"https:\/\/apuntesdesanluis.com\/#website"},"primaryImageOfPage":{"@id":"https:\/\/apuntesdesanluis.com\/index.php\/2024\/04\/15\/el-director-del-centro-ana-frank-critico-el-protagonismo-de-milei-y-pidio-una-posicion-mas-pacifista\/#primaryimage"},"image":{"@id":"https:\/\/apuntesdesanluis.com\/index.php\/2024\/04\/15\/el-director-del-centro-ana-frank-critico-el-protagonismo-de-milei-y-pidio-una-posicion-mas-pacifista\/#primaryimage"},"thumbnailUrl":"https:\/\/apuntesdesanluis.com\/wp-content\/uploads\/2024\/04\/HECTOR-SHALOM.png","datePublished":"2024-04-16T01:24:41+00:00","dateModified":"2024-04-16T04:25:55+00:00","breadcrumb":{"@id":"https:\/\/apuntesdesanluis.com\/index.php\/2024\/04\/15\/el-director-del-centro-ana-frank-critico-el-protagonismo-de-milei-y-pidio-una-posicion-mas-pacifista\/#breadcrumb"},"inLanguage":"es-AR","potentialAction":[{"@type":"ReadAction","target":["https:\/\/apuntesdesanluis.com\/index.php\/2024\/04\/15\/el-director-del-centro-ana-frank-critico-el-protagonismo-de-milei-y-pidio-una-posicion-mas-pacifista\/"]}]},{"@type":"ImageObject","inLanguage":"es-AR","@id":"https:\/\/apuntesdesanluis.com\/index.php\/2024\/04\/15\/el-director-del-centro-ana-frank-critico-el-protagonismo-de-milei-y-pidio-una-posicion-mas-pacifista\/#primaryimage","url":"https:\/\/apuntesdesanluis.com\/wp-content\/uploads\/2024\/04\/HECTOR-SHALOM.png","contentUrl":"https:\/\/apuntesdesanluis.com\/wp-content\/uploads\/2024\/04\/HECTOR-SHALOM.png","width":725,"height":419},{"@type":"BreadcrumbList","@id":"https:\/\/apuntesdesanluis.com\/index.php\/2024\/04\/15\/el-director-del-centro-ana-frank-critico-el-protagonismo-de-milei-y-pidio-una-posicion-mas-pacifista\/#breadcrumb","itemListElement":[{"@type":"ListItem","position":1,"name":"Inicio","item":"https:\/\/apuntesdesanluis.com\/"},{"@type":"ListItem","position":2,"name":"EL DIRECTOR DEL CENTRO ANA FRANK CRITIC\u00d3 EL &#8220;PROTAGONISMO&#8221; DE MILEI Y PIDI\u00d3 UNA POSICI\u00d3N &#8220;M\u00c1S PACIFISTA&#8221;"}]},{"@type":"WebSite","@id":"https:\/\/apuntesdesanluis.com\/#website","url":"https:\/\/apuntesdesanluis.com\/","name":"Apuntes de San Luis","description":"","publisher":{"@id":"https:\/\/apuntesdesanluis.com\/#\/schema\/person\/b55151d52296fcce64d1a72538a70b90"},"potentialAction":[{"@type":"SearchAction","target":{"@type":"EntryPoint","urlTemplate":"https:\/\/apuntesdesanluis.com\/?s={search_term_string}"},"query-input":{"@type":"PropertyValueSpecification","valueRequired":true,"valueName":"search_term_string"}}],"inLanguage":"es-AR"},{"@type":["Person","Organization"],"@id":"https:\/\/apuntesdesanluis.com\/#\/schema\/person\/b55151d52296fcce64d1a72538a70b90","name":"apuntesdesanluis.com","image":{"@type":"ImageObject","inLanguage":"es-AR","@id":"https:\/\/apuntesdesanluis.com\/#\/schema\/person\/image\/","url":"https:\/\/apuntesdesanluis.com\/wp-content\/uploads\/2023\/07\/cropped-apuntesdesanluis.png","contentUrl":"https:\/\/apuntesdesanluis.com\/wp-content\/uploads\/2023\/07\/cropped-apuntesdesanluis.png","width":450,"height":112,"caption":"apuntesdesanluis.com"},"logo":{"@id":"https:\/\/apuntesdesanluis.com\/#\/schema\/person\/image\/"},"sameAs":["https:\/\/apuntesdesanluis.com"],"url":"https:\/\/apuntesdesanluis.com\/index.php\/author\/apuntesdesanluis-com\/"}]}},"featured_image_urls":{"full":["https:\/\/apuntesdesanluis.com\/wp-content\/uploads\/2024\/04\/HECTOR-SHALOM.png",725,419,false],"thumbnail":["https:\/\/apuntesdesanluis.com\/wp-content\/uploads\/2024\/04\/HECTOR-SHALOM-150x150.png",150,150,true],"medium":["https:\/\/apuntesdesanluis.com\/wp-content\/uploads\/2024\/04\/HECTOR-SHALOM-300x173.png",300,173,true],"medium_large":["https:\/\/apuntesdesanluis.com\/wp-content\/uploads\/2024\/04\/HECTOR-SHALOM.png",640,370,false],"large":["https:\/\/apuntesdesanluis.com\/wp-content\/uploads\/2024\/04\/HECTOR-SHALOM.png",640,370,false],"1536x1536":["https:\/\/apuntesdesanluis.com\/wp-content\/uploads\/2024\/04\/HECTOR-SHALOM.png",725,419,false],"2048x2048":["https:\/\/apuntesdesanluis.com\/wp-content\/uploads\/2024\/04\/HECTOR-SHALOM.png",725,419,false],"newsever-slider-full":["https:\/\/apuntesdesanluis.com\/wp-content\/uploads\/2024\/04\/HECTOR-SHALOM.png",725,419,false],"newsever-featured":["https:\/\/apuntesdesanluis.com\/wp-content\/uploads\/2024\/04\/HECTOR-SHALOM.png",725,419,false],"newsever-medium":["https:\/\/apuntesdesanluis.com\/wp-content\/uploads\/2024\/04\/HECTOR-SHALOM-720x419.png",720,419,true]},"author_info":{"display_name":"apuntesdesanluis.com","author_link":"https:\/\/apuntesdesanluis.com\/index.php\/author\/apuntesdesanluis-com\/"},"category_info":"<a href=\"https:\/\/apuntesdesanluis.com\/index.php\/category\/nacionales-internacionales\/\" rel=\"category tag\">Nacionales\/Internacionales<\/a>","tag_info":"Nacionales\/Internacionales","comment_count":"0","_links":{"self":[{"href":"https:\/\/apuntesdesanluis.com\/index.php\/wp-json\/wp\/v2\/posts\/14738","targetHints":{"allow":["GET"]}}],"collection":[{"href":"https:\/\/apuntesdesanluis.com\/index.php\/wp-json\/wp\/v2\/posts"}],"about":[{"href":"https:\/\/apuntesdesanluis.com\/index.php\/wp-json\/wp\/v2\/types\/post"}],"author":[{"embeddable":true,"href":"https:\/\/apuntesdesanluis.com\/index.php\/wp-json\/wp\/v2\/users\/1"}],"replies":[{"embeddable":true,"href":"https:\/\/apuntesdesanluis.com\/index.php\/wp-json\/wp\/v2\/comments?post=14738"}],"version-history":[{"count":1,"href":"https:\/\/apuntesdesanluis.com\/index.php\/wp-json\/wp\/v2\/posts\/14738\/revisions"}],"predecessor-version":[{"id":14740,"href":"https:\/\/apuntesdesanluis.com\/index.php\/wp-json\/wp\/v2\/posts\/14738\/revisions\/14740"}],"wp:featuredmedia":[{"embeddable":true,"href":"https:\/\/apuntesdesanluis.com\/index.php\/wp-json\/wp\/v2\/media\/14739"}],"wp:attachment":[{"href":"https:\/\/apuntesdesanluis.com\/index.php\/wp-json\/wp\/v2\/media?parent=14738"}],"wp:term":[{"taxonomy":"category","embeddable":true,"href":"https:\/\/apuntesdesanluis.com\/index.php\/wp-json\/wp\/v2\/categories?post=14738"},{"taxonomy":"post_tag","embeddable":true,"href":"https:\/\/apuntesdesanluis.com\/index.php\/wp-json\/wp\/v2\/tags?post=14738"}],"curies":[{"name":"wp","href":"https:\/\/api.w.org\/{rel}","templated":true}]}}