{"id":14751,"date":"2024-04-15T23:52:29","date_gmt":"2024-04-16T02:52:29","guid":{"rendered":"https:\/\/apuntesdesanluis.com\/?p=14751"},"modified":"2024-04-16T17:58:59","modified_gmt":"2024-04-16T20:58:59","slug":"la-unvime-y-la-intendencia-de-tilisarao-inauguraron-la-primera-extension-aulica","status":"publish","type":"post","link":"https:\/\/apuntesdesanluis.com\/index.php\/2024\/04\/15\/la-unvime-y-la-intendencia-de-tilisarao-inauguraron-la-primera-extension-aulica\/","title":{"rendered":"LA UNVIME Y LA INTENDENCIA DE TILISARAO INAUGURARON LA PRIMERA EXTENSI\u00d3N \u00c1ULICA"},"content":{"rendered":"<h3>\u201cEl hecho de que ustedes est\u00e9n ac\u00e1 constituye un acto de plena justicia social y es una oportunidad que tienen que aprovechar\u201d, expres\u00f3 el Rector <strong>Marcelo Sosa<\/strong> este lunes, en ocasi\u00f3n de dejar formalmente inaugurado el ciclo acad\u00e9mico en la <strong>Extensi\u00f3n \u00c1ulica de Tilisarao<\/strong>.<\/h3>\n<h3>Aproximadamente 180 j\u00f3venes comenzaron a cursar el Profesorado Universitario de Educaci\u00f3n Inicial, que dicta la Escuela de Ciencias Sociales y Educaci\u00f3n.<\/h3>\n<h3>Este hecho, de car\u00e1cter hist\u00f3rico puesto que se trata de la primera extensi\u00f3n \u00e1ulica de la UNViMe en el interior provincial, pone de relieve el compromiso de la Universidad para con la regi\u00f3n. Fue posible, como se recordar\u00e1, tras una serie de gestiones llevadas adelante por las autoridades de nuestra Universidad en conjunto con la Intendencia de la localidad del departamento Chacabuco.<\/h3>\n<h3>\u00abEstamos muy contentos de estar en esta pujante ciudad, concretando lo que propusimos hacer: una universidad que abrace a la regi\u00f3n, para acercar nuestra oferta acad\u00e9mica a quienes la necesitan\u00bb, hab\u00eda manifestado el Dr. Marcelo Sosa semanas atr\u00e1s, durante un acto donde se concret\u00f3 la r\u00fabrica preliminar de este acuerdo con el jefe comunal de Tilisarao,\u00a0 <strong>Juan Manuel Olgu\u00edn<\/strong>.<\/h3>\n<p><img fetchpriority=\"high\" decoding=\"async\" class=\"wp-image-14753 aligncenter\" src=\"https:\/\/apuntesdesanluis.com\/wp-content\/uploads\/2024\/04\/SOSA-Y-OLGUIN-300x153.png\" alt=\"\" width=\"593\" height=\"302\" srcset=\"https:\/\/apuntesdesanluis.com\/wp-content\/uploads\/2024\/04\/SOSA-Y-OLGUIN-300x153.png 300w, https:\/\/apuntesdesanluis.com\/wp-content\/uploads\/2024\/04\/SOSA-Y-OLGUIN.png 600w\" sizes=\"(max-width: 593px) 100vw, 593px\" \/><\/p>\n<h3>En esta ocasi\u00f3n, el lunes por la tarde tras la bienvenida a las autoridades, docentes y estudiantes que asistieron para el comienzo formal de su a\u00f1o acad\u00e9mico, se procedi\u00f3 a la firma del convenio entre el Rector Marcelo Sosa y el Intendente municipal, ante un sal\u00f3n de actos repleto que acompa\u00f1\u00f3 con aplausos este suceso sin precedentes: la primera carrera que abre la universidad fuera de las sedes acad\u00e9micas de Villa Mercedes y Justo Daract.<\/h3>\n<h3>Participaron de la ceremonia funcionarios de gobierno y educaci\u00f3n de Tilisarao, concejales y legisladores, como as\u00ed tambi\u00e9n la intendente de la localidad aleda\u00f1a, San Pablo, Yamila Ochoa, y de Naschel, Valeria Kuhn. Tambi\u00e9n familiares de los alumnos e invitados especiales.<\/h3>\n<h3><strong>PALABRAS DEL INTENDENTE<\/strong><\/h3>\n<h3>\u00a0\u201cAgradezco la presencia de las jefas comunales porque este acto que estamos concretando hoy es tambi\u00e9n resultado de mucho trabajo mancomunado y acompa\u00f1amiento entre las localidades vecinas en conjunto con la UNViMe\u201d, enfatiz\u00f3 el intendente Olgu\u00edn.<\/h3>\n<h3>\u201cEs un orgullo para Tilisarao recibir a la Universidad Nacional de Villa Mercedes. Este es el primer paso de un sue\u00f1o que nosotros tenemos de hacer de esta localidad una \u00b4ciudad educadora\u00b4 y, m\u00e1s a\u00fan, en tiempos donde est\u00e1 en debate y discusi\u00f3n la continuidad de la educaci\u00f3n p\u00fablica\u201d, sostuvo el jefe comunal, quien celebr\u00f3 especialmente el trabajo en conjunto con el Rector Marcelo Sosa en pos de avanzar hacia esta concreci\u00f3n.<\/h3>\n<p><img decoding=\"async\" class=\"wp-image-14754 aligncenter\" src=\"https:\/\/apuntesdesanluis.com\/wp-content\/uploads\/2024\/04\/JUAN-MANUEL-OLGUIN-300x199.png\" alt=\"\" width=\"641\" height=\"425\" srcset=\"https:\/\/apuntesdesanluis.com\/wp-content\/uploads\/2024\/04\/JUAN-MANUEL-OLGUIN-300x199.png 300w, https:\/\/apuntesdesanluis.com\/wp-content\/uploads\/2024\/04\/JUAN-MANUEL-OLGUIN.png 600w\" sizes=\"(max-width: 641px) 100vw, 641px\" \/><\/p>\n<h3>\u201cNosotros, como gobierno de esta ciudad, y la UNViMe, apuntamos a la educaci\u00f3n libre y gratuita, con un esfuerzo econ\u00f3mico muy fuerte para solventar los costos totales de la carrera, lo que constituye una decisi\u00f3n pol\u00edtica que asumi\u00f3 esta gesti\u00f3n desde el primer momento\u201d, resalt\u00f3 Olgu\u00edn.<\/h3>\n<h3>Finalmente, inst\u00f3 al numeroso grupo de estudiantes a poner el mayor compromiso y dedicaci\u00f3n, confiando que es el puntapi\u00e9 inicial hacia ese anhelo de contar, en un tiempo m\u00e1s, con los primeros profesionales universitarios egresados en esa localidad.<\/h3>\n<h3><strong>PALABRAS DEL RECTOR <\/strong><\/h3>\n<h3>\u201cNo somos los mismos despu\u00e9s de pasar por un aula, no seremos los mismo despu\u00e9s de pasar por la Universidad\u201d, enfatiz\u00f3 el Rector, poniendo de relieve el impacto que tiene en el desarrollo de las personas y del territorio el acceso a educaci\u00f3n superior. Durante su clase magistral, dej\u00f3 un mensaje de esperanza y de fuerte compromiso con el futuro de la regi\u00f3n.<\/h3>\n<p><img decoding=\"async\" class=\"wp-image-14755 aligncenter\" src=\"https:\/\/apuntesdesanluis.com\/wp-content\/uploads\/2024\/04\/DR.-MARCELO-SOSA-300x216.png\" alt=\"\" width=\"651\" height=\"469\" srcset=\"https:\/\/apuntesdesanluis.com\/wp-content\/uploads\/2024\/04\/DR.-MARCELO-SOSA-300x216.png 300w, https:\/\/apuntesdesanluis.com\/wp-content\/uploads\/2024\/04\/DR.-MARCELO-SOSA.png 600w\" sizes=\"(max-width: 651px) 100vw, 651px\" \/><\/p>\n<h3>\u201cEse es nuestro horizonte y hacia all\u00e1 caminamos; lo queremos para transformar, para que sea mejor y la Universidad les permitir\u00e1 potenciar y rescatar el patrimonio de esta localidad; redescubriendo los valores que nos identifican como Patria, para dise\u00f1ar un futuro distinto, pensando que el ma\u00f1ana puede ser m\u00e1s\u201d, concluy\u00f3 el Dr. Sosa, cosechando aplausos de todos los presentes.<\/h3>\n<h3>Finalmente, la Directora de Escuela Lic. Roxana Tropich, comparti\u00f3 un primer momento introductorio con el numeroso grupo de estudiantes presentes, oportunidad en que les brind\u00f3 una c\u00e1lida bienvenida y les present\u00f3 parte del equipo docente con quienes llevar\u00e1n adelante esta primera etapa de la cursada, como flamantes alumnas de la Universidad Nacional de Villa Mercedes. (Prensa UNViMe)<\/h3>\n<p><img loading=\"lazy\" decoding=\"async\" class=\"wp-image-14756 aligncenter\" src=\"https:\/\/apuntesdesanluis.com\/wp-content\/uploads\/2024\/04\/ROXANA-300x152.png\" alt=\"\" width=\"659\" height=\"334\" srcset=\"https:\/\/apuntesdesanluis.com\/wp-content\/uploads\/2024\/04\/ROXANA-300x152.png 300w, https:\/\/apuntesdesanluis.com\/wp-content\/uploads\/2024\/04\/ROXANA.png 600w\" sizes=\"(max-width: 659px) 100vw, 659px\" \/><\/p>\n<p>&nbsp;<\/p>\n<p>&nbsp;<\/p>\n<p>&nbsp;<\/p>\n","protected":false},"excerpt":{"rendered":"<p>\u201cEl hecho de que ustedes est\u00e9n ac\u00e1 constituye un acto de plena justicia social y&#8230;<\/p>\n","protected":false},"author":1,"featured_media":14752,"comment_status":"closed","ping_status":"closed","sticky":false,"template":"","format":"standard","meta":{"footnotes":""},"categories":[6],"tags":[],"class_list":["post-14751","post","type-post","status-publish","format-standard","has-post-thumbnail","hentry","category-ciudad-provincia"],"yoast_head":"<!-- This site is optimized with the Yoast SEO plugin v26.1.1 - https:\/\/yoast.com\/wordpress\/plugins\/seo\/ -->\n<title>LA UNVIME Y LA INTENDENCIA DE TILISARAO INAUGURARON LA PRIMERA EXTENSI\u00d3N \u00c1ULICA - Apuntes de San Luis<\/title>\n<meta name=\"robots\" content=\"index, follow, max-snippet:-1, max-image-preview:large, max-video-preview:-1\" \/>\n<link rel=\"canonical\" href=\"https:\/\/apuntesdesanluis.com\/index.php\/2024\/04\/15\/la-unvime-y-la-intendencia-de-tilisarao-inauguraron-la-primera-extension-aulica\/\" \/>\n<meta property=\"og:locale\" content=\"es_ES\" \/>\n<meta property=\"og:type\" content=\"article\" \/>\n<meta property=\"og:title\" content=\"LA UNVIME Y LA INTENDENCIA DE TILISARAO INAUGURARON LA PRIMERA EXTENSI\u00d3N \u00c1ULICA - Apuntes de San Luis\" \/>\n<meta property=\"og:description\" content=\"\u201cEl hecho de que ustedes est\u00e9n ac\u00e1 constituye un acto de plena justicia social y...\" \/>\n<meta property=\"og:url\" content=\"https:\/\/apuntesdesanluis.com\/index.php\/2024\/04\/15\/la-unvime-y-la-intendencia-de-tilisarao-inauguraron-la-primera-extension-aulica\/\" \/>\n<meta property=\"og:site_name\" content=\"Apuntes de San Luis\" \/>\n<meta property=\"article:published_time\" content=\"2024-04-16T02:52:29+00:00\" \/>\n<meta property=\"article:modified_time\" content=\"2024-04-16T20:58:59+00:00\" \/>\n<meta property=\"og:image\" content=\"https:\/\/apuntesdesanluis.com\/wp-content\/uploads\/2024\/04\/INAUGURACION-EXTENSION-AULICA.png\" \/>\n\t<meta property=\"og:image:width\" content=\"600\" \/>\n\t<meta property=\"og:image:height\" content=\"290\" \/>\n\t<meta property=\"og:image:type\" content=\"image\/png\" \/>\n<meta name=\"author\" content=\"apuntesdesanluis.com\" \/>\n<meta name=\"twitter:card\" content=\"summary_large_image\" \/>\n<meta name=\"twitter:label1\" content=\"Escrito por\" \/>\n\t<meta name=\"twitter:data1\" content=\"apuntesdesanluis.com\" \/>\n\t<meta name=\"twitter:label2\" content=\"Tiempo de lectura\" \/>\n\t<meta name=\"twitter:data2\" content=\"4 minutos\" \/>\n<script type=\"application\/ld+json\" class=\"yoast-schema-graph\">{\"@context\":\"https:\/\/schema.org\",\"@graph\":[{\"@type\":\"Article\",\"@id\":\"https:\/\/apuntesdesanluis.com\/index.php\/2024\/04\/15\/la-unvime-y-la-intendencia-de-tilisarao-inauguraron-la-primera-extension-aulica\/#article\",\"isPartOf\":{\"@id\":\"https:\/\/apuntesdesanluis.com\/index.php\/2024\/04\/15\/la-unvime-y-la-intendencia-de-tilisarao-inauguraron-la-primera-extension-aulica\/\"},\"author\":{\"name\":\"apuntesdesanluis.com\",\"@id\":\"https:\/\/apuntesdesanluis.com\/#\/schema\/person\/b55151d52296fcce64d1a72538a70b90\"},\"headline\":\"LA UNVIME Y LA INTENDENCIA DE TILISARAO INAUGURARON LA PRIMERA EXTENSI\u00d3N \u00c1ULICA\",\"datePublished\":\"2024-04-16T02:52:29+00:00\",\"dateModified\":\"2024-04-16T20:58:59+00:00\",\"mainEntityOfPage\":{\"@id\":\"https:\/\/apuntesdesanluis.com\/index.php\/2024\/04\/15\/la-unvime-y-la-intendencia-de-tilisarao-inauguraron-la-primera-extension-aulica\/\"},\"wordCount\":746,\"publisher\":{\"@id\":\"https:\/\/apuntesdesanluis.com\/#\/schema\/person\/b55151d52296fcce64d1a72538a70b90\"},\"image\":{\"@id\":\"https:\/\/apuntesdesanluis.com\/index.php\/2024\/04\/15\/la-unvime-y-la-intendencia-de-tilisarao-inauguraron-la-primera-extension-aulica\/#primaryimage\"},\"thumbnailUrl\":\"https:\/\/apuntesdesanluis.com\/wp-content\/uploads\/2024\/04\/INAUGURACION-EXTENSION-AULICA.png\",\"articleSection\":[\"Ciudad\/Provincia\"],\"inLanguage\":\"es-AR\"},{\"@type\":\"WebPage\",\"@id\":\"https:\/\/apuntesdesanluis.com\/index.php\/2024\/04\/15\/la-unvime-y-la-intendencia-de-tilisarao-inauguraron-la-primera-extension-aulica\/\",\"url\":\"https:\/\/apuntesdesanluis.com\/index.php\/2024\/04\/15\/la-unvime-y-la-intendencia-de-tilisarao-inauguraron-la-primera-extension-aulica\/\",\"name\":\"LA UNVIME Y LA INTENDENCIA DE TILISARAO INAUGURARON LA PRIMERA EXTENSI\u00d3N \u00c1ULICA - Apuntes de San Luis\",\"isPartOf\":{\"@id\":\"https:\/\/apuntesdesanluis.com\/#website\"},\"primaryImageOfPage\":{\"@id\":\"https:\/\/apuntesdesanluis.com\/index.php\/2024\/04\/15\/la-unvime-y-la-intendencia-de-tilisarao-inauguraron-la-primera-extension-aulica\/#primaryimage\"},\"image\":{\"@id\":\"https:\/\/apuntesdesanluis.com\/index.php\/2024\/04\/15\/la-unvime-y-la-intendencia-de-tilisarao-inauguraron-la-primera-extension-aulica\/#primaryimage\"},\"thumbnailUrl\":\"https:\/\/apuntesdesanluis.com\/wp-content\/uploads\/2024\/04\/INAUGURACION-EXTENSION-AULICA.png\",\"datePublished\":\"2024-04-16T02:52:29+00:00\",\"dateModified\":\"2024-04-16T20:58:59+00:00\",\"breadcrumb\":{\"@id\":\"https:\/\/apuntesdesanluis.com\/index.php\/2024\/04\/15\/la-unvime-y-la-intendencia-de-tilisarao-inauguraron-la-primera-extension-aulica\/#breadcrumb\"},\"inLanguage\":\"es-AR\",\"potentialAction\":[{\"@type\":\"ReadAction\",\"target\":[\"https:\/\/apuntesdesanluis.com\/index.php\/2024\/04\/15\/la-unvime-y-la-intendencia-de-tilisarao-inauguraron-la-primera-extension-aulica\/\"]}]},{\"@type\":\"ImageObject\",\"inLanguage\":\"es-AR\",\"@id\":\"https:\/\/apuntesdesanluis.com\/index.php\/2024\/04\/15\/la-unvime-y-la-intendencia-de-tilisarao-inauguraron-la-primera-extension-aulica\/#primaryimage\",\"url\":\"https:\/\/apuntesdesanluis.com\/wp-content\/uploads\/2024\/04\/INAUGURACION-EXTENSION-AULICA.png\",\"contentUrl\":\"https:\/\/apuntesdesanluis.com\/wp-content\/uploads\/2024\/04\/INAUGURACION-EXTENSION-AULICA.png\",\"width\":600,\"height\":290},{\"@type\":\"BreadcrumbList\",\"@id\":\"https:\/\/apuntesdesanluis.com\/index.php\/2024\/04\/15\/la-unvime-y-la-intendencia-de-tilisarao-inauguraron-la-primera-extension-aulica\/#breadcrumb\",\"itemListElement\":[{\"@type\":\"ListItem\",\"position\":1,\"name\":\"Inicio\",\"item\":\"https:\/\/apuntesdesanluis.com\/\"},{\"@type\":\"ListItem\",\"position\":2,\"name\":\"LA UNVIME Y LA INTENDENCIA DE TILISARAO INAUGURARON LA PRIMERA EXTENSI\u00d3N \u00c1ULICA\"}]},{\"@type\":\"WebSite\",\"@id\":\"https:\/\/apuntesdesanluis.com\/#website\",\"url\":\"https:\/\/apuntesdesanluis.com\/\",\"name\":\"Apuntes de San Luis\",\"description\":\"\",\"publisher\":{\"@id\":\"https:\/\/apuntesdesanluis.com\/#\/schema\/person\/b55151d52296fcce64d1a72538a70b90\"},\"potentialAction\":[{\"@type\":\"SearchAction\",\"target\":{\"@type\":\"EntryPoint\",\"urlTemplate\":\"https:\/\/apuntesdesanluis.com\/?s={search_term_string}\"},\"query-input\":{\"@type\":\"PropertyValueSpecification\",\"valueRequired\":true,\"valueName\":\"search_term_string\"}}],\"inLanguage\":\"es-AR\"},{\"@type\":[\"Person\",\"Organization\"],\"@id\":\"https:\/\/apuntesdesanluis.com\/#\/schema\/person\/b55151d52296fcce64d1a72538a70b90\",\"name\":\"apuntesdesanluis.com\",\"image\":{\"@type\":\"ImageObject\",\"inLanguage\":\"es-AR\",\"@id\":\"https:\/\/apuntesdesanluis.com\/#\/schema\/person\/image\/\",\"url\":\"https:\/\/apuntesdesanluis.com\/wp-content\/uploads\/2023\/07\/cropped-apuntesdesanluis.png\",\"contentUrl\":\"https:\/\/apuntesdesanluis.com\/wp-content\/uploads\/2023\/07\/cropped-apuntesdesanluis.png\",\"width\":450,\"height\":112,\"caption\":\"apuntesdesanluis.com\"},\"logo\":{\"@id\":\"https:\/\/apuntesdesanluis.com\/#\/schema\/person\/image\/\"},\"sameAs\":[\"https:\/\/apuntesdesanluis.com\"],\"url\":\"https:\/\/apuntesdesanluis.com\/index.php\/author\/apuntesdesanluis-com\/\"}]}<\/script>\n<!-- \/ Yoast SEO plugin. -->","yoast_head_json":{"title":"LA UNVIME Y LA INTENDENCIA DE TILISARAO INAUGURARON LA PRIMERA EXTENSI\u00d3N \u00c1ULICA - Apuntes de San Luis","robots":{"index":"index","follow":"follow","max-snippet":"max-snippet:-1","max-image-preview":"max-image-preview:large","max-video-preview":"max-video-preview:-1"},"canonical":"https:\/\/apuntesdesanluis.com\/index.php\/2024\/04\/15\/la-unvime-y-la-intendencia-de-tilisarao-inauguraron-la-primera-extension-aulica\/","og_locale":"es_ES","og_type":"article","og_title":"LA UNVIME Y LA INTENDENCIA DE TILISARAO INAUGURARON LA PRIMERA EXTENSI\u00d3N \u00c1ULICA - Apuntes de San Luis","og_description":"\u201cEl hecho de que ustedes est\u00e9n ac\u00e1 constituye un acto de plena justicia social y...","og_url":"https:\/\/apuntesdesanluis.com\/index.php\/2024\/04\/15\/la-unvime-y-la-intendencia-de-tilisarao-inauguraron-la-primera-extension-aulica\/","og_site_name":"Apuntes de San Luis","article_published_time":"2024-04-16T02:52:29+00:00","article_modified_time":"2024-04-16T20:58:59+00:00","og_image":[{"width":600,"height":290,"url":"https:\/\/apuntesdesanluis.com\/wp-content\/uploads\/2024\/04\/INAUGURACION-EXTENSION-AULICA.png","type":"image\/png"}],"author":"apuntesdesanluis.com","twitter_card":"summary_large_image","twitter_misc":{"Escrito por":"apuntesdesanluis.com","Tiempo de lectura":"4 minutos"},"schema":{"@context":"https:\/\/schema.org","@graph":[{"@type":"Article","@id":"https:\/\/apuntesdesanluis.com\/index.php\/2024\/04\/15\/la-unvime-y-la-intendencia-de-tilisarao-inauguraron-la-primera-extension-aulica\/#article","isPartOf":{"@id":"https:\/\/apuntesdesanluis.com\/index.php\/2024\/04\/15\/la-unvime-y-la-intendencia-de-tilisarao-inauguraron-la-primera-extension-aulica\/"},"author":{"name":"apuntesdesanluis.com","@id":"https:\/\/apuntesdesanluis.com\/#\/schema\/person\/b55151d52296fcce64d1a72538a70b90"},"headline":"LA UNVIME Y LA INTENDENCIA DE TILISARAO INAUGURARON LA PRIMERA EXTENSI\u00d3N \u00c1ULICA","datePublished":"2024-04-16T02:52:29+00:00","dateModified":"2024-04-16T20:58:59+00:00","mainEntityOfPage":{"@id":"https:\/\/apuntesdesanluis.com\/index.php\/2024\/04\/15\/la-unvime-y-la-intendencia-de-tilisarao-inauguraron-la-primera-extension-aulica\/"},"wordCount":746,"publisher":{"@id":"https:\/\/apuntesdesanluis.com\/#\/schema\/person\/b55151d52296fcce64d1a72538a70b90"},"image":{"@id":"https:\/\/apuntesdesanluis.com\/index.php\/2024\/04\/15\/la-unvime-y-la-intendencia-de-tilisarao-inauguraron-la-primera-extension-aulica\/#primaryimage"},"thumbnailUrl":"https:\/\/apuntesdesanluis.com\/wp-content\/uploads\/2024\/04\/INAUGURACION-EXTENSION-AULICA.png","articleSection":["Ciudad\/Provincia"],"inLanguage":"es-AR"},{"@type":"WebPage","@id":"https:\/\/apuntesdesanluis.com\/index.php\/2024\/04\/15\/la-unvime-y-la-intendencia-de-tilisarao-inauguraron-la-primera-extension-aulica\/","url":"https:\/\/apuntesdesanluis.com\/index.php\/2024\/04\/15\/la-unvime-y-la-intendencia-de-tilisarao-inauguraron-la-primera-extension-aulica\/","name":"LA UNVIME Y LA INTENDENCIA DE TILISARAO INAUGURARON LA PRIMERA EXTENSI\u00d3N \u00c1ULICA - Apuntes de San Luis","isPartOf":{"@id":"https:\/\/apuntesdesanluis.com\/#website"},"primaryImageOfPage":{"@id":"https:\/\/apuntesdesanluis.com\/index.php\/2024\/04\/15\/la-unvime-y-la-intendencia-de-tilisarao-inauguraron-la-primera-extension-aulica\/#primaryimage"},"image":{"@id":"https:\/\/apuntesdesanluis.com\/index.php\/2024\/04\/15\/la-unvime-y-la-intendencia-de-tilisarao-inauguraron-la-primera-extension-aulica\/#primaryimage"},"thumbnailUrl":"https:\/\/apuntesdesanluis.com\/wp-content\/uploads\/2024\/04\/INAUGURACION-EXTENSION-AULICA.png","datePublished":"2024-04-16T02:52:29+00:00","dateModified":"2024-04-16T20:58:59+00:00","breadcrumb":{"@id":"https:\/\/apuntesdesanluis.com\/index.php\/2024\/04\/15\/la-unvime-y-la-intendencia-de-tilisarao-inauguraron-la-primera-extension-aulica\/#breadcrumb"},"inLanguage":"es-AR","potentialAction":[{"@type":"ReadAction","target":["https:\/\/apuntesdesanluis.com\/index.php\/2024\/04\/15\/la-unvime-y-la-intendencia-de-tilisarao-inauguraron-la-primera-extension-aulica\/"]}]},{"@type":"ImageObject","inLanguage":"es-AR","@id":"https:\/\/apuntesdesanluis.com\/index.php\/2024\/04\/15\/la-unvime-y-la-intendencia-de-tilisarao-inauguraron-la-primera-extension-aulica\/#primaryimage","url":"https:\/\/apuntesdesanluis.com\/wp-content\/uploads\/2024\/04\/INAUGURACION-EXTENSION-AULICA.png","contentUrl":"https:\/\/apuntesdesanluis.com\/wp-content\/uploads\/2024\/04\/INAUGURACION-EXTENSION-AULICA.png","width":600,"height":290},{"@type":"BreadcrumbList","@id":"https:\/\/apuntesdesanluis.com\/index.php\/2024\/04\/15\/la-unvime-y-la-intendencia-de-tilisarao-inauguraron-la-primera-extension-aulica\/#breadcrumb","itemListElement":[{"@type":"ListItem","position":1,"name":"Inicio","item":"https:\/\/apuntesdesanluis.com\/"},{"@type":"ListItem","position":2,"name":"LA UNVIME Y LA INTENDENCIA DE TILISARAO INAUGURARON LA PRIMERA EXTENSI\u00d3N \u00c1ULICA"}]},{"@type":"WebSite","@id":"https:\/\/apuntesdesanluis.com\/#website","url":"https:\/\/apuntesdesanluis.com\/","name":"Apuntes de San Luis","description":"","publisher":{"@id":"https:\/\/apuntesdesanluis.com\/#\/schema\/person\/b55151d52296fcce64d1a72538a70b90"},"potentialAction":[{"@type":"SearchAction","target":{"@type":"EntryPoint","urlTemplate":"https:\/\/apuntesdesanluis.com\/?s={search_term_string}"},"query-input":{"@type":"PropertyValueSpecification","valueRequired":true,"valueName":"search_term_string"}}],"inLanguage":"es-AR"},{"@type":["Person","Organization"],"@id":"https:\/\/apuntesdesanluis.com\/#\/schema\/person\/b55151d52296fcce64d1a72538a70b90","name":"apuntesdesanluis.com","image":{"@type":"ImageObject","inLanguage":"es-AR","@id":"https:\/\/apuntesdesanluis.com\/#\/schema\/person\/image\/","url":"https:\/\/apuntesdesanluis.com\/wp-content\/uploads\/2023\/07\/cropped-apuntesdesanluis.png","contentUrl":"https:\/\/apuntesdesanluis.com\/wp-content\/uploads\/2023\/07\/cropped-apuntesdesanluis.png","width":450,"height":112,"caption":"apuntesdesanluis.com"},"logo":{"@id":"https:\/\/apuntesdesanluis.com\/#\/schema\/person\/image\/"},"sameAs":["https:\/\/apuntesdesanluis.com"],"url":"https:\/\/apuntesdesanluis.com\/index.php\/author\/apuntesdesanluis-com\/"}]}},"featured_image_urls":{"full":["https:\/\/apuntesdesanluis.com\/wp-content\/uploads\/2024\/04\/INAUGURACION-EXTENSION-AULICA.png",600,290,false],"thumbnail":["https:\/\/apuntesdesanluis.com\/wp-content\/uploads\/2024\/04\/INAUGURACION-EXTENSION-AULICA-150x150.png",150,150,true],"medium":["https:\/\/apuntesdesanluis.com\/wp-content\/uploads\/2024\/04\/INAUGURACION-EXTENSION-AULICA-300x145.png",300,145,true],"medium_large":["https:\/\/apuntesdesanluis.com\/wp-content\/uploads\/2024\/04\/INAUGURACION-EXTENSION-AULICA.png",600,290,false],"large":["https:\/\/apuntesdesanluis.com\/wp-content\/uploads\/2024\/04\/INAUGURACION-EXTENSION-AULICA.png",600,290,false],"1536x1536":["https:\/\/apuntesdesanluis.com\/wp-content\/uploads\/2024\/04\/INAUGURACION-EXTENSION-AULICA.png",600,290,false],"2048x2048":["https:\/\/apuntesdesanluis.com\/wp-content\/uploads\/2024\/04\/INAUGURACION-EXTENSION-AULICA.png",600,290,false],"newsever-slider-full":["https:\/\/apuntesdesanluis.com\/wp-content\/uploads\/2024\/04\/INAUGURACION-EXTENSION-AULICA.png",600,290,false],"newsever-featured":["https:\/\/apuntesdesanluis.com\/wp-content\/uploads\/2024\/04\/INAUGURACION-EXTENSION-AULICA.png",600,290,false],"newsever-medium":["https:\/\/apuntesdesanluis.com\/wp-content\/uploads\/2024\/04\/INAUGURACION-EXTENSION-AULICA.png",600,290,false]},"author_info":{"display_name":"apuntesdesanluis.com","author_link":"https:\/\/apuntesdesanluis.com\/index.php\/author\/apuntesdesanluis-com\/"},"category_info":"<a href=\"https:\/\/apuntesdesanluis.com\/index.php\/category\/ciudad-provincia\/\" rel=\"category tag\">Ciudad\/Provincia<\/a>","tag_info":"Ciudad\/Provincia","comment_count":"0","_links":{"self":[{"href":"https:\/\/apuntesdesanluis.com\/index.php\/wp-json\/wp\/v2\/posts\/14751","targetHints":{"allow":["GET"]}}],"collection":[{"href":"https:\/\/apuntesdesanluis.com\/index.php\/wp-json\/wp\/v2\/posts"}],"about":[{"href":"https:\/\/apuntesdesanluis.com\/index.php\/wp-json\/wp\/v2\/types\/post"}],"author":[{"embeddable":true,"href":"https:\/\/apuntesdesanluis.com\/index.php\/wp-json\/wp\/v2\/users\/1"}],"replies":[{"embeddable":true,"href":"https:\/\/apuntesdesanluis.com\/index.php\/wp-json\/wp\/v2\/comments?post=14751"}],"version-history":[{"count":3,"href":"https:\/\/apuntesdesanluis.com\/index.php\/wp-json\/wp\/v2\/posts\/14751\/revisions"}],"predecessor-version":[{"id":14759,"href":"https:\/\/apuntesdesanluis.com\/index.php\/wp-json\/wp\/v2\/posts\/14751\/revisions\/14759"}],"wp:featuredmedia":[{"embeddable":true,"href":"https:\/\/apuntesdesanluis.com\/index.php\/wp-json\/wp\/v2\/media\/14752"}],"wp:attachment":[{"href":"https:\/\/apuntesdesanluis.com\/index.php\/wp-json\/wp\/v2\/media?parent=14751"}],"wp:term":[{"taxonomy":"category","embeddable":true,"href":"https:\/\/apuntesdesanluis.com\/index.php\/wp-json\/wp\/v2\/categories?post=14751"},{"taxonomy":"post_tag","embeddable":true,"href":"https:\/\/apuntesdesanluis.com\/index.php\/wp-json\/wp\/v2\/tags?post=14751"}],"curies":[{"name":"wp","href":"https:\/\/api.w.org\/{rel}","templated":true}]}}