{"id":14766,"date":"2024-04-16T18:54:38","date_gmt":"2024-04-16T21:54:38","guid":{"rendered":"https:\/\/apuntesdesanluis.com\/?p=14766"},"modified":"2024-04-16T18:54:38","modified_gmt":"2024-04-16T21:54:38","slug":"concaran-prorrogan-prisiones-preventivas-de-dos-imputados-en-causas-de-homicidio","status":"publish","type":"post","link":"https:\/\/apuntesdesanluis.com\/index.php\/2024\/04\/16\/concaran-prorrogan-prisiones-preventivas-de-dos-imputados-en-causas-de-homicidio\/","title":{"rendered":"CONCAR\u00c1N: PRORROGAN PRISIONES PREVENTIVAS DE DOS IMPUTADOS EN CAUSAS DE HOMICIDIO"},"content":{"rendered":"<h3>El juez subrogante del Juzgado de Garant\u00eda N\u00b0 2 con asiento en la localidad de Concar\u00e1n, Jorge Pinto, inform\u00f3 sobre pr\u00f3rrogas de prisi\u00f3n preventiva en dos causas donde se investigan homicidios ocurridos en julio y agosto de 2023. El primer caso es la que tiene como imputado a <strong>Pablo Ashworth<\/strong>, acusado de homicidio agravado por el v\u00ednculo en perjuicio de <strong>Jorge \u201cTedy\u201d Ashworth<\/strong>, su padre.<\/h3>\n<h3>El magistrado hizo lugar a la solicitud de la Fiscal\u00eda de Instrucci\u00f3n N\u00b0 1 de la Tercera Circunscripci\u00f3n y extendi\u00f3 la medida coercitiva personal hasta el 18 de mayo. El hecho ocurri\u00f3 el 4 de julio de 2023 en el campo de la v\u00edctima, ubicado en la zona rural de San Pablo, cerca de Tilisarao. Ashworth padre fue encontrado sin vida dentro de una camioneta que estaba prendida fuego. La causa fue elevada a juicio y en los pr\u00f3ximos d\u00edas se conocer\u00e1 la fecha del debate oral.<\/h3>\n<h3><strong>FEMICIDIO<\/strong><\/h3>\n<h3>El segundo caso tiene a R.P. como principal acusado del delito de homicidio doblemente calificado por el v\u00ednculo y por ser cometido en un contexto de violencia de g\u00e9nero en perjuicio de<strong> Margarita Quiroga<\/strong>, su pareja con quien convivi\u00f3 durante 20 a\u00f1os. Pinto prorrog\u00f3 hasta el 12 de mayo la prisi\u00f3n preventiva del imputado. Esta causa tambi\u00e9n fue elevada a juicio en marzo y la fiscal\u00eda solicit\u00f3 que, al momento de dictar sentencia, el acusado sea condenado a la pena de prisi\u00f3n perpetua.<\/h3>\n<h3>En su relato de hechos, la fiscal\u00a0 D\u00e9bora Roy Gitto, asistida por la instructora del proceso, Lorena Ohanian, sostuvo que el 12 de agosto de 2023, alrededor de las 6 de la ma\u00f1ana, el imputado atac\u00f3 a Quiroga con un cuchillo con la intenci\u00f3n de quitarle la vida. El ataque se produjo en el domicilio donde ambos conviv\u00edan, ubicado en Barrio \u201cEl Porvenir\u201d de la localidad de Concar\u00e1n.<\/h3>\n<p>&nbsp;<\/p>\n<p>&nbsp;<\/p>\n<p>&nbsp;<\/p>\n<p>&nbsp;<\/p>\n<p>&nbsp;<\/p>\n<p>&nbsp;<\/p>\n","protected":false},"excerpt":{"rendered":"<p>El juez subrogante del Juzgado de Garant\u00eda N\u00b0 2 con asiento en la localidad de&#8230;<\/p>\n","protected":false},"author":1,"featured_media":2168,"comment_status":"closed","ping_status":"closed","sticky":false,"template":"","format":"standard","meta":{"footnotes":""},"categories":[6],"tags":[],"class_list":["post-14766","post","type-post","status-publish","format-standard","has-post-thumbnail","hentry","category-ciudad-provincia"],"yoast_head":"<!-- This site is optimized with the Yoast SEO plugin v26.1.1 - https:\/\/yoast.com\/wordpress\/plugins\/seo\/ -->\n<title>CONCAR\u00c1N: PRORROGAN PRISIONES PREVENTIVAS DE DOS IMPUTADOS EN CAUSAS DE HOMICIDIO - Apuntes de San Luis<\/title>\n<meta name=\"robots\" content=\"index, follow, max-snippet:-1, max-image-preview:large, max-video-preview:-1\" \/>\n<link rel=\"canonical\" href=\"https:\/\/apuntesdesanluis.com\/index.php\/2024\/04\/16\/concaran-prorrogan-prisiones-preventivas-de-dos-imputados-en-causas-de-homicidio\/\" \/>\n<meta property=\"og:locale\" content=\"es_ES\" \/>\n<meta property=\"og:type\" content=\"article\" \/>\n<meta property=\"og:title\" content=\"CONCAR\u00c1N: PRORROGAN PRISIONES PREVENTIVAS DE DOS IMPUTADOS EN CAUSAS DE HOMICIDIO - Apuntes de San Luis\" \/>\n<meta property=\"og:description\" content=\"El juez subrogante del Juzgado de Garant\u00eda N\u00b0 2 con asiento en la localidad de...\" \/>\n<meta property=\"og:url\" content=\"https:\/\/apuntesdesanluis.com\/index.php\/2024\/04\/16\/concaran-prorrogan-prisiones-preventivas-de-dos-imputados-en-causas-de-homicidio\/\" \/>\n<meta property=\"og:site_name\" content=\"Apuntes de San Luis\" \/>\n<meta property=\"article:published_time\" content=\"2024-04-16T21:54:38+00:00\" \/>\n<meta property=\"og:image\" content=\"https:\/\/apuntesdesanluis.com\/wp-content\/uploads\/2023\/08\/TRIBUNALES-CONCARAN.png\" \/>\n\t<meta property=\"og:image:width\" content=\"600\" \/>\n\t<meta property=\"og:image:height\" content=\"390\" \/>\n\t<meta property=\"og:image:type\" content=\"image\/png\" \/>\n<meta name=\"author\" content=\"apuntesdesanluis.com\" \/>\n<meta name=\"twitter:card\" content=\"summary_large_image\" \/>\n<meta name=\"twitter:label1\" content=\"Escrito por\" \/>\n\t<meta name=\"twitter:data1\" content=\"apuntesdesanluis.com\" \/>\n\t<meta name=\"twitter:label2\" content=\"Tiempo de lectura\" \/>\n\t<meta name=\"twitter:data2\" content=\"2 minutos\" \/>\n<script type=\"application\/ld+json\" class=\"yoast-schema-graph\">{\"@context\":\"https:\/\/schema.org\",\"@graph\":[{\"@type\":\"Article\",\"@id\":\"https:\/\/apuntesdesanluis.com\/index.php\/2024\/04\/16\/concaran-prorrogan-prisiones-preventivas-de-dos-imputados-en-causas-de-homicidio\/#article\",\"isPartOf\":{\"@id\":\"https:\/\/apuntesdesanluis.com\/index.php\/2024\/04\/16\/concaran-prorrogan-prisiones-preventivas-de-dos-imputados-en-causas-de-homicidio\/\"},\"author\":{\"name\":\"apuntesdesanluis.com\",\"@id\":\"https:\/\/apuntesdesanluis.com\/#\/schema\/person\/b55151d52296fcce64d1a72538a70b90\"},\"headline\":\"CONCAR\u00c1N: PRORROGAN PRISIONES PREVENTIVAS DE DOS IMPUTADOS EN CAUSAS DE HOMICIDIO\",\"datePublished\":\"2024-04-16T21:54:38+00:00\",\"mainEntityOfPage\":{\"@id\":\"https:\/\/apuntesdesanluis.com\/index.php\/2024\/04\/16\/concaran-prorrogan-prisiones-preventivas-de-dos-imputados-en-causas-de-homicidio\/\"},\"wordCount\":335,\"publisher\":{\"@id\":\"https:\/\/apuntesdesanluis.com\/#\/schema\/person\/b55151d52296fcce64d1a72538a70b90\"},\"image\":{\"@id\":\"https:\/\/apuntesdesanluis.com\/index.php\/2024\/04\/16\/concaran-prorrogan-prisiones-preventivas-de-dos-imputados-en-causas-de-homicidio\/#primaryimage\"},\"thumbnailUrl\":\"https:\/\/apuntesdesanluis.com\/wp-content\/uploads\/2023\/08\/TRIBUNALES-CONCARAN.png\",\"articleSection\":[\"Ciudad\/Provincia\"],\"inLanguage\":\"es-AR\"},{\"@type\":\"WebPage\",\"@id\":\"https:\/\/apuntesdesanluis.com\/index.php\/2024\/04\/16\/concaran-prorrogan-prisiones-preventivas-de-dos-imputados-en-causas-de-homicidio\/\",\"url\":\"https:\/\/apuntesdesanluis.com\/index.php\/2024\/04\/16\/concaran-prorrogan-prisiones-preventivas-de-dos-imputados-en-causas-de-homicidio\/\",\"name\":\"CONCAR\u00c1N: PRORROGAN PRISIONES PREVENTIVAS DE DOS IMPUTADOS EN CAUSAS DE HOMICIDIO - Apuntes de San Luis\",\"isPartOf\":{\"@id\":\"https:\/\/apuntesdesanluis.com\/#website\"},\"primaryImageOfPage\":{\"@id\":\"https:\/\/apuntesdesanluis.com\/index.php\/2024\/04\/16\/concaran-prorrogan-prisiones-preventivas-de-dos-imputados-en-causas-de-homicidio\/#primaryimage\"},\"image\":{\"@id\":\"https:\/\/apuntesdesanluis.com\/index.php\/2024\/04\/16\/concaran-prorrogan-prisiones-preventivas-de-dos-imputados-en-causas-de-homicidio\/#primaryimage\"},\"thumbnailUrl\":\"https:\/\/apuntesdesanluis.com\/wp-content\/uploads\/2023\/08\/TRIBUNALES-CONCARAN.png\",\"datePublished\":\"2024-04-16T21:54:38+00:00\",\"breadcrumb\":{\"@id\":\"https:\/\/apuntesdesanluis.com\/index.php\/2024\/04\/16\/concaran-prorrogan-prisiones-preventivas-de-dos-imputados-en-causas-de-homicidio\/#breadcrumb\"},\"inLanguage\":\"es-AR\",\"potentialAction\":[{\"@type\":\"ReadAction\",\"target\":[\"https:\/\/apuntesdesanluis.com\/index.php\/2024\/04\/16\/concaran-prorrogan-prisiones-preventivas-de-dos-imputados-en-causas-de-homicidio\/\"]}]},{\"@type\":\"ImageObject\",\"inLanguage\":\"es-AR\",\"@id\":\"https:\/\/apuntesdesanluis.com\/index.php\/2024\/04\/16\/concaran-prorrogan-prisiones-preventivas-de-dos-imputados-en-causas-de-homicidio\/#primaryimage\",\"url\":\"https:\/\/apuntesdesanluis.com\/wp-content\/uploads\/2023\/08\/TRIBUNALES-CONCARAN.png\",\"contentUrl\":\"https:\/\/apuntesdesanluis.com\/wp-content\/uploads\/2023\/08\/TRIBUNALES-CONCARAN.png\",\"width\":600,\"height\":390},{\"@type\":\"BreadcrumbList\",\"@id\":\"https:\/\/apuntesdesanluis.com\/index.php\/2024\/04\/16\/concaran-prorrogan-prisiones-preventivas-de-dos-imputados-en-causas-de-homicidio\/#breadcrumb\",\"itemListElement\":[{\"@type\":\"ListItem\",\"position\":1,\"name\":\"Inicio\",\"item\":\"https:\/\/apuntesdesanluis.com\/\"},{\"@type\":\"ListItem\",\"position\":2,\"name\":\"CONCAR\u00c1N: PRORROGAN PRISIONES PREVENTIVAS DE DOS IMPUTADOS EN CAUSAS DE HOMICIDIO\"}]},{\"@type\":\"WebSite\",\"@id\":\"https:\/\/apuntesdesanluis.com\/#website\",\"url\":\"https:\/\/apuntesdesanluis.com\/\",\"name\":\"Apuntes de San Luis\",\"description\":\"\",\"publisher\":{\"@id\":\"https:\/\/apuntesdesanluis.com\/#\/schema\/person\/b55151d52296fcce64d1a72538a70b90\"},\"potentialAction\":[{\"@type\":\"SearchAction\",\"target\":{\"@type\":\"EntryPoint\",\"urlTemplate\":\"https:\/\/apuntesdesanluis.com\/?s={search_term_string}\"},\"query-input\":{\"@type\":\"PropertyValueSpecification\",\"valueRequired\":true,\"valueName\":\"search_term_string\"}}],\"inLanguage\":\"es-AR\"},{\"@type\":[\"Person\",\"Organization\"],\"@id\":\"https:\/\/apuntesdesanluis.com\/#\/schema\/person\/b55151d52296fcce64d1a72538a70b90\",\"name\":\"apuntesdesanluis.com\",\"image\":{\"@type\":\"ImageObject\",\"inLanguage\":\"es-AR\",\"@id\":\"https:\/\/apuntesdesanluis.com\/#\/schema\/person\/image\/\",\"url\":\"https:\/\/apuntesdesanluis.com\/wp-content\/uploads\/2023\/07\/cropped-apuntesdesanluis.png\",\"contentUrl\":\"https:\/\/apuntesdesanluis.com\/wp-content\/uploads\/2023\/07\/cropped-apuntesdesanluis.png\",\"width\":450,\"height\":112,\"caption\":\"apuntesdesanluis.com\"},\"logo\":{\"@id\":\"https:\/\/apuntesdesanluis.com\/#\/schema\/person\/image\/\"},\"sameAs\":[\"https:\/\/apuntesdesanluis.com\"],\"url\":\"https:\/\/apuntesdesanluis.com\/index.php\/author\/apuntesdesanluis-com\/\"}]}<\/script>\n<!-- \/ Yoast SEO plugin. -->","yoast_head_json":{"title":"CONCAR\u00c1N: PRORROGAN PRISIONES PREVENTIVAS DE DOS IMPUTADOS EN CAUSAS DE HOMICIDIO - Apuntes de San Luis","robots":{"index":"index","follow":"follow","max-snippet":"max-snippet:-1","max-image-preview":"max-image-preview:large","max-video-preview":"max-video-preview:-1"},"canonical":"https:\/\/apuntesdesanluis.com\/index.php\/2024\/04\/16\/concaran-prorrogan-prisiones-preventivas-de-dos-imputados-en-causas-de-homicidio\/","og_locale":"es_ES","og_type":"article","og_title":"CONCAR\u00c1N: PRORROGAN PRISIONES PREVENTIVAS DE DOS IMPUTADOS EN CAUSAS DE HOMICIDIO - Apuntes de San Luis","og_description":"El juez subrogante del Juzgado de Garant\u00eda N\u00b0 2 con asiento en la localidad de...","og_url":"https:\/\/apuntesdesanluis.com\/index.php\/2024\/04\/16\/concaran-prorrogan-prisiones-preventivas-de-dos-imputados-en-causas-de-homicidio\/","og_site_name":"Apuntes de San Luis","article_published_time":"2024-04-16T21:54:38+00:00","og_image":[{"width":600,"height":390,"url":"https:\/\/apuntesdesanluis.com\/wp-content\/uploads\/2023\/08\/TRIBUNALES-CONCARAN.png","type":"image\/png"}],"author":"apuntesdesanluis.com","twitter_card":"summary_large_image","twitter_misc":{"Escrito por":"apuntesdesanluis.com","Tiempo de lectura":"2 minutos"},"schema":{"@context":"https:\/\/schema.org","@graph":[{"@type":"Article","@id":"https:\/\/apuntesdesanluis.com\/index.php\/2024\/04\/16\/concaran-prorrogan-prisiones-preventivas-de-dos-imputados-en-causas-de-homicidio\/#article","isPartOf":{"@id":"https:\/\/apuntesdesanluis.com\/index.php\/2024\/04\/16\/concaran-prorrogan-prisiones-preventivas-de-dos-imputados-en-causas-de-homicidio\/"},"author":{"name":"apuntesdesanluis.com","@id":"https:\/\/apuntesdesanluis.com\/#\/schema\/person\/b55151d52296fcce64d1a72538a70b90"},"headline":"CONCAR\u00c1N: PRORROGAN PRISIONES PREVENTIVAS DE DOS IMPUTADOS EN CAUSAS DE HOMICIDIO","datePublished":"2024-04-16T21:54:38+00:00","mainEntityOfPage":{"@id":"https:\/\/apuntesdesanluis.com\/index.php\/2024\/04\/16\/concaran-prorrogan-prisiones-preventivas-de-dos-imputados-en-causas-de-homicidio\/"},"wordCount":335,"publisher":{"@id":"https:\/\/apuntesdesanluis.com\/#\/schema\/person\/b55151d52296fcce64d1a72538a70b90"},"image":{"@id":"https:\/\/apuntesdesanluis.com\/index.php\/2024\/04\/16\/concaran-prorrogan-prisiones-preventivas-de-dos-imputados-en-causas-de-homicidio\/#primaryimage"},"thumbnailUrl":"https:\/\/apuntesdesanluis.com\/wp-content\/uploads\/2023\/08\/TRIBUNALES-CONCARAN.png","articleSection":["Ciudad\/Provincia"],"inLanguage":"es-AR"},{"@type":"WebPage","@id":"https:\/\/apuntesdesanluis.com\/index.php\/2024\/04\/16\/concaran-prorrogan-prisiones-preventivas-de-dos-imputados-en-causas-de-homicidio\/","url":"https:\/\/apuntesdesanluis.com\/index.php\/2024\/04\/16\/concaran-prorrogan-prisiones-preventivas-de-dos-imputados-en-causas-de-homicidio\/","name":"CONCAR\u00c1N: PRORROGAN PRISIONES PREVENTIVAS DE DOS IMPUTADOS EN CAUSAS DE HOMICIDIO - Apuntes de San Luis","isPartOf":{"@id":"https:\/\/apuntesdesanluis.com\/#website"},"primaryImageOfPage":{"@id":"https:\/\/apuntesdesanluis.com\/index.php\/2024\/04\/16\/concaran-prorrogan-prisiones-preventivas-de-dos-imputados-en-causas-de-homicidio\/#primaryimage"},"image":{"@id":"https:\/\/apuntesdesanluis.com\/index.php\/2024\/04\/16\/concaran-prorrogan-prisiones-preventivas-de-dos-imputados-en-causas-de-homicidio\/#primaryimage"},"thumbnailUrl":"https:\/\/apuntesdesanluis.com\/wp-content\/uploads\/2023\/08\/TRIBUNALES-CONCARAN.png","datePublished":"2024-04-16T21:54:38+00:00","breadcrumb":{"@id":"https:\/\/apuntesdesanluis.com\/index.php\/2024\/04\/16\/concaran-prorrogan-prisiones-preventivas-de-dos-imputados-en-causas-de-homicidio\/#breadcrumb"},"inLanguage":"es-AR","potentialAction":[{"@type":"ReadAction","target":["https:\/\/apuntesdesanluis.com\/index.php\/2024\/04\/16\/concaran-prorrogan-prisiones-preventivas-de-dos-imputados-en-causas-de-homicidio\/"]}]},{"@type":"ImageObject","inLanguage":"es-AR","@id":"https:\/\/apuntesdesanluis.com\/index.php\/2024\/04\/16\/concaran-prorrogan-prisiones-preventivas-de-dos-imputados-en-causas-de-homicidio\/#primaryimage","url":"https:\/\/apuntesdesanluis.com\/wp-content\/uploads\/2023\/08\/TRIBUNALES-CONCARAN.png","contentUrl":"https:\/\/apuntesdesanluis.com\/wp-content\/uploads\/2023\/08\/TRIBUNALES-CONCARAN.png","width":600,"height":390},{"@type":"BreadcrumbList","@id":"https:\/\/apuntesdesanluis.com\/index.php\/2024\/04\/16\/concaran-prorrogan-prisiones-preventivas-de-dos-imputados-en-causas-de-homicidio\/#breadcrumb","itemListElement":[{"@type":"ListItem","position":1,"name":"Inicio","item":"https:\/\/apuntesdesanluis.com\/"},{"@type":"ListItem","position":2,"name":"CONCAR\u00c1N: PRORROGAN PRISIONES PREVENTIVAS DE DOS IMPUTADOS EN CAUSAS DE HOMICIDIO"}]},{"@type":"WebSite","@id":"https:\/\/apuntesdesanluis.com\/#website","url":"https:\/\/apuntesdesanluis.com\/","name":"Apuntes de San Luis","description":"","publisher":{"@id":"https:\/\/apuntesdesanluis.com\/#\/schema\/person\/b55151d52296fcce64d1a72538a70b90"},"potentialAction":[{"@type":"SearchAction","target":{"@type":"EntryPoint","urlTemplate":"https:\/\/apuntesdesanluis.com\/?s={search_term_string}"},"query-input":{"@type":"PropertyValueSpecification","valueRequired":true,"valueName":"search_term_string"}}],"inLanguage":"es-AR"},{"@type":["Person","Organization"],"@id":"https:\/\/apuntesdesanluis.com\/#\/schema\/person\/b55151d52296fcce64d1a72538a70b90","name":"apuntesdesanluis.com","image":{"@type":"ImageObject","inLanguage":"es-AR","@id":"https:\/\/apuntesdesanluis.com\/#\/schema\/person\/image\/","url":"https:\/\/apuntesdesanluis.com\/wp-content\/uploads\/2023\/07\/cropped-apuntesdesanluis.png","contentUrl":"https:\/\/apuntesdesanluis.com\/wp-content\/uploads\/2023\/07\/cropped-apuntesdesanluis.png","width":450,"height":112,"caption":"apuntesdesanluis.com"},"logo":{"@id":"https:\/\/apuntesdesanluis.com\/#\/schema\/person\/image\/"},"sameAs":["https:\/\/apuntesdesanluis.com"],"url":"https:\/\/apuntesdesanluis.com\/index.php\/author\/apuntesdesanluis-com\/"}]}},"featured_image_urls":{"full":["https:\/\/apuntesdesanluis.com\/wp-content\/uploads\/2023\/08\/TRIBUNALES-CONCARAN.png",600,390,false],"thumbnail":["https:\/\/apuntesdesanluis.com\/wp-content\/uploads\/2023\/08\/TRIBUNALES-CONCARAN-150x150.png",150,150,true],"medium":["https:\/\/apuntesdesanluis.com\/wp-content\/uploads\/2023\/08\/TRIBUNALES-CONCARAN-300x195.png",300,195,true],"medium_large":["https:\/\/apuntesdesanluis.com\/wp-content\/uploads\/2023\/08\/TRIBUNALES-CONCARAN.png",600,390,false],"large":["https:\/\/apuntesdesanluis.com\/wp-content\/uploads\/2023\/08\/TRIBUNALES-CONCARAN.png",600,390,false],"1536x1536":["https:\/\/apuntesdesanluis.com\/wp-content\/uploads\/2023\/08\/TRIBUNALES-CONCARAN.png",600,390,false],"2048x2048":["https:\/\/apuntesdesanluis.com\/wp-content\/uploads\/2023\/08\/TRIBUNALES-CONCARAN.png",600,390,false],"newsever-slider-full":["https:\/\/apuntesdesanluis.com\/wp-content\/uploads\/2023\/08\/TRIBUNALES-CONCARAN.png",600,390,false],"newsever-featured":["https:\/\/apuntesdesanluis.com\/wp-content\/uploads\/2023\/08\/TRIBUNALES-CONCARAN.png",600,390,false],"newsever-medium":["https:\/\/apuntesdesanluis.com\/wp-content\/uploads\/2023\/08\/TRIBUNALES-CONCARAN.png",600,390,false]},"author_info":{"display_name":"apuntesdesanluis.com","author_link":"https:\/\/apuntesdesanluis.com\/index.php\/author\/apuntesdesanluis-com\/"},"category_info":"<a href=\"https:\/\/apuntesdesanluis.com\/index.php\/category\/ciudad-provincia\/\" rel=\"category tag\">Ciudad\/Provincia<\/a>","tag_info":"Ciudad\/Provincia","comment_count":"0","_links":{"self":[{"href":"https:\/\/apuntesdesanluis.com\/index.php\/wp-json\/wp\/v2\/posts\/14766","targetHints":{"allow":["GET"]}}],"collection":[{"href":"https:\/\/apuntesdesanluis.com\/index.php\/wp-json\/wp\/v2\/posts"}],"about":[{"href":"https:\/\/apuntesdesanluis.com\/index.php\/wp-json\/wp\/v2\/types\/post"}],"author":[{"embeddable":true,"href":"https:\/\/apuntesdesanluis.com\/index.php\/wp-json\/wp\/v2\/users\/1"}],"replies":[{"embeddable":true,"href":"https:\/\/apuntesdesanluis.com\/index.php\/wp-json\/wp\/v2\/comments?post=14766"}],"version-history":[{"count":1,"href":"https:\/\/apuntesdesanluis.com\/index.php\/wp-json\/wp\/v2\/posts\/14766\/revisions"}],"predecessor-version":[{"id":14767,"href":"https:\/\/apuntesdesanluis.com\/index.php\/wp-json\/wp\/v2\/posts\/14766\/revisions\/14767"}],"wp:featuredmedia":[{"embeddable":true,"href":"https:\/\/apuntesdesanluis.com\/index.php\/wp-json\/wp\/v2\/media\/2168"}],"wp:attachment":[{"href":"https:\/\/apuntesdesanluis.com\/index.php\/wp-json\/wp\/v2\/media?parent=14766"}],"wp:term":[{"taxonomy":"category","embeddable":true,"href":"https:\/\/apuntesdesanluis.com\/index.php\/wp-json\/wp\/v2\/categories?post=14766"},{"taxonomy":"post_tag","embeddable":true,"href":"https:\/\/apuntesdesanluis.com\/index.php\/wp-json\/wp\/v2\/tags?post=14766"}],"curies":[{"name":"wp","href":"https:\/\/api.w.org\/{rel}","templated":true}]}}