{"id":1478,"date":"2023-08-11T19:44:02","date_gmt":"2023-08-11T22:44:02","guid":{"rendered":"https:\/\/apuntesdesanluis.com\/?p=1478"},"modified":"2023-08-11T19:44:41","modified_gmt":"2023-08-11T22:44:41","slug":"de-locos-colectivero-fue-arrastrado-200-metros-en-el-capo-de-una-camioneta-tras-discusion-de-transito","status":"publish","type":"post","link":"https:\/\/apuntesdesanluis.com\/index.php\/2023\/08\/11\/de-locos-colectivero-fue-arrastrado-200-metros-en-el-capo-de-una-camioneta-tras-discusion-de-transito\/","title":{"rendered":"DE LOCOS: COLECTIVERO FUE ARRASTRADO 200 METROS EN EL CAP\u00d3 DE UNA CAMIONETA TRAS DISCUSI\u00d3N DE TR\u00c1NSITO"},"content":{"rendered":"<h3 class=\"yiv7409174924ydp6329976emsonormal\" style=\"background: white;\"><span style=\"font-family: 'Arial','sans-serif'; color: #1d2228;\">La secuencia sucedi\u00f3 en la ma\u00f1ana del viernes en Ciudadela y todo qued\u00f3 registrado por otro veh\u00edculo que presenci\u00f3 el ataque. <\/span><\/h3>\n<h3 class=\"yiv7409174924ydp6329976emsonormal\" style=\"background: white;\"><span style=\"font-family: 'Arial','sans-serif'; color: #1d2228;\">El ataque comenz\u00f3 el viernes cerca de las siete de la ma\u00f1ana cuando, a una cuadra de la estaci\u00f3n de tren, hubo un roce entre el veh\u00edculo y un colectivo de la l\u00ednea 378 perteneciente a la empresa Almafuerte.<\/span><\/h3>\n<h3 class=\"yiv7409174924ydp6329976emsonormal\" style=\"background: white;\"><span style=\"font-family: 'Arial','sans-serif'; color: #1d2228;\">All\u00ed se inici\u00f3 una discusi\u00f3n que termin\u00f3 convirti\u00e9ndose en un relato salvaje. Es que de un momento a otro el conductor de la camioneta avanz\u00f3 contra el chofer y lo llev\u00f3 encima durante 200 metros.\u00a0<\/span><span style=\"font-family: 'Arial','sans-serif'; color: #1d2228;\">La secuencia termin\u00f3 en la Av. Rivadavia y Luchter cuando el colectivero logr\u00f3 soltarse y cay\u00f3 sobre el pavimento.<\/span><\/h3>\n<h3 class=\"yiv7409174924ydp6329976emsonormal\" style=\"background: white;\"><span style=\"font-family: 'Arial','sans-serif'; color: #1d2228;\">Todo qued\u00f3 registrado por la acompa\u00f1ante de otro auto que presenci\u00f3 el ataque y le pidi\u00f3 al conductor de la camioneta que detenga la marcha.<\/span><\/h3>\n<p><iframe title=\"RELATO SALVAJE EN CIUDADELA, CON UN COLECTIVERO LLEVADO EN EL CAP\u00d3 DE UNA CAMIONETA\" width=\"640\" height=\"360\" src=\"https:\/\/www.youtube.com\/embed\/-_NqC-AJaJY?feature=oembed\" frameborder=\"0\" allow=\"accelerometer; autoplay; clipboard-write; encrypted-media; gyroscope; picture-in-picture; web-share\" referrerpolicy=\"strict-origin-when-cross-origin\" allowfullscreen><\/iframe><\/p>\n<h3 class=\"yiv7409174924ydp6329976emsonormal\" style=\"background: white;\"><span style=\"font-family: 'Arial','sans-serif'; color: #1d2228;\">\u201cLos pudimos encerrar y hacerlos frenar. Yo iba con mi se\u00f1ora, que es la que va filmando\u201d, explic\u00f3 el hombre que film\u00f3.<\/span><\/h3>\n<h3 class=\"yiv7409174924ydp6329976emsonormal\" style=\"background: white;\"><span style=\"font-family: 'Arial','sans-serif'; color: #1d2228;\">Adem\u00e1s, se\u00f1al\u00f3 que el chofer estaba asustado y que pasajeros de la unidad bajaron para asistirlo. <\/span><\/h3>\n<h3 class=\"yiv7409174924ydp6329976emsonormal\" style=\"background: white;\"><span style=\"font-family: 'Arial','sans-serif'; color: #1d2228;\">\u201cSe bajaron los dos ocupantes de la camioneta y le rompieron los vidrios al colectivo. El chofer se le puso adelante pidi\u00e9ndole la documentaci\u00f3n y el conductor arranc\u00f3 y lo arrastr\u00f3 sobre Rivadavia por cerca de 200 metros\u201d, detall\u00f3 un testigo.<\/span><\/h3>\n<h3 class=\"yiv7409174924ydp6329976emsonormal\" style=\"background: white;\"><span style=\"font-family: 'Arial','sans-serif'; color: #1d2228;\">Su supo que la v\u00edctima no radic\u00f3 una denuncia formal a pesar de que la Polic\u00eda y la Justicia trataM de encontrar al colectivero para tomarle declaraci\u00f3n.<\/span><\/h3>\n","protected":false},"excerpt":{"rendered":"<p>La secuencia sucedi\u00f3 en la ma\u00f1ana del viernes en Ciudadela y todo qued\u00f3 registrado por&#8230;<\/p>\n","protected":false},"author":1,"featured_media":1479,"comment_status":"closed","ping_status":"closed","sticky":false,"template":"","format":"standard","meta":{"footnotes":""},"categories":[5],"tags":[],"class_list":["post-1478","post","type-post","status-publish","format-standard","has-post-thumbnail","hentry","category-nacionales-internacionales"],"yoast_head":"<!-- This site is optimized with the Yoast SEO plugin v26.1.1 - https:\/\/yoast.com\/wordpress\/plugins\/seo\/ -->\n<title>DE LOCOS: COLECTIVERO FUE ARRASTRADO 200 METROS EN EL CAP\u00d3 DE UNA CAMIONETA TRAS DISCUSI\u00d3N DE TR\u00c1NSITO - Apuntes de San Luis<\/title>\n<meta name=\"robots\" content=\"index, follow, max-snippet:-1, max-image-preview:large, max-video-preview:-1\" \/>\n<link rel=\"canonical\" href=\"https:\/\/apuntesdesanluis.com\/index.php\/2023\/08\/11\/de-locos-colectivero-fue-arrastrado-200-metros-en-el-capo-de-una-camioneta-tras-discusion-de-transito\/\" \/>\n<meta property=\"og:locale\" content=\"es_ES\" \/>\n<meta property=\"og:type\" content=\"article\" \/>\n<meta property=\"og:title\" content=\"DE LOCOS: COLECTIVERO FUE ARRASTRADO 200 METROS EN EL CAP\u00d3 DE UNA CAMIONETA TRAS DISCUSI\u00d3N DE TR\u00c1NSITO - Apuntes de San Luis\" \/>\n<meta property=\"og:description\" content=\"La secuencia sucedi\u00f3 en la ma\u00f1ana del viernes en Ciudadela y todo qued\u00f3 registrado por...\" \/>\n<meta property=\"og:url\" content=\"https:\/\/apuntesdesanluis.com\/index.php\/2023\/08\/11\/de-locos-colectivero-fue-arrastrado-200-metros-en-el-capo-de-una-camioneta-tras-discusion-de-transito\/\" \/>\n<meta property=\"og:site_name\" content=\"Apuntes de San Luis\" \/>\n<meta property=\"article:published_time\" content=\"2023-08-11T22:44:02+00:00\" \/>\n<meta property=\"article:modified_time\" content=\"2023-08-11T22:44:41+00:00\" \/>\n<meta property=\"og:image\" content=\"https:\/\/apuntesdesanluis.com\/wp-content\/uploads\/2023\/08\/COLECTIVERO.png\" \/>\n\t<meta property=\"og:image:width\" content=\"594\" \/>\n\t<meta property=\"og:image:height\" content=\"367\" \/>\n\t<meta property=\"og:image:type\" content=\"image\/png\" \/>\n<meta name=\"author\" content=\"apuntesdesanluis.com\" \/>\n<meta name=\"twitter:card\" content=\"summary_large_image\" \/>\n<meta name=\"twitter:label1\" content=\"Escrito por\" \/>\n\t<meta name=\"twitter:data1\" content=\"apuntesdesanluis.com\" \/>\n\t<meta name=\"twitter:label2\" content=\"Tiempo de lectura\" \/>\n\t<meta name=\"twitter:data2\" content=\"2 minutos\" \/>\n<script type=\"application\/ld+json\" class=\"yoast-schema-graph\">{\"@context\":\"https:\/\/schema.org\",\"@graph\":[{\"@type\":\"Article\",\"@id\":\"https:\/\/apuntesdesanluis.com\/index.php\/2023\/08\/11\/de-locos-colectivero-fue-arrastrado-200-metros-en-el-capo-de-una-camioneta-tras-discusion-de-transito\/#article\",\"isPartOf\":{\"@id\":\"https:\/\/apuntesdesanluis.com\/index.php\/2023\/08\/11\/de-locos-colectivero-fue-arrastrado-200-metros-en-el-capo-de-una-camioneta-tras-discusion-de-transito\/\"},\"author\":{\"name\":\"apuntesdesanluis.com\",\"@id\":\"https:\/\/apuntesdesanluis.com\/#\/schema\/person\/b55151d52296fcce64d1a72538a70b90\"},\"headline\":\"DE LOCOS: COLECTIVERO FUE ARRASTRADO 200 METROS EN EL CAP\u00d3 DE UNA CAMIONETA TRAS DISCUSI\u00d3N DE TR\u00c1NSITO\",\"datePublished\":\"2023-08-11T22:44:02+00:00\",\"dateModified\":\"2023-08-11T22:44:41+00:00\",\"mainEntityOfPage\":{\"@id\":\"https:\/\/apuntesdesanluis.com\/index.php\/2023\/08\/11\/de-locos-colectivero-fue-arrastrado-200-metros-en-el-capo-de-una-camioneta-tras-discusion-de-transito\/\"},\"wordCount\":284,\"publisher\":{\"@id\":\"https:\/\/apuntesdesanluis.com\/#\/schema\/person\/b55151d52296fcce64d1a72538a70b90\"},\"image\":{\"@id\":\"https:\/\/apuntesdesanluis.com\/index.php\/2023\/08\/11\/de-locos-colectivero-fue-arrastrado-200-metros-en-el-capo-de-una-camioneta-tras-discusion-de-transito\/#primaryimage\"},\"thumbnailUrl\":\"https:\/\/apuntesdesanluis.com\/wp-content\/uploads\/2023\/08\/COLECTIVERO.png\",\"articleSection\":[\"Nacionales\/Internacionales\"],\"inLanguage\":\"es-AR\"},{\"@type\":\"WebPage\",\"@id\":\"https:\/\/apuntesdesanluis.com\/index.php\/2023\/08\/11\/de-locos-colectivero-fue-arrastrado-200-metros-en-el-capo-de-una-camioneta-tras-discusion-de-transito\/\",\"url\":\"https:\/\/apuntesdesanluis.com\/index.php\/2023\/08\/11\/de-locos-colectivero-fue-arrastrado-200-metros-en-el-capo-de-una-camioneta-tras-discusion-de-transito\/\",\"name\":\"DE LOCOS: COLECTIVERO FUE ARRASTRADO 200 METROS EN EL CAP\u00d3 DE UNA CAMIONETA TRAS DISCUSI\u00d3N DE TR\u00c1NSITO - Apuntes de San Luis\",\"isPartOf\":{\"@id\":\"https:\/\/apuntesdesanluis.com\/#website\"},\"primaryImageOfPage\":{\"@id\":\"https:\/\/apuntesdesanluis.com\/index.php\/2023\/08\/11\/de-locos-colectivero-fue-arrastrado-200-metros-en-el-capo-de-una-camioneta-tras-discusion-de-transito\/#primaryimage\"},\"image\":{\"@id\":\"https:\/\/apuntesdesanluis.com\/index.php\/2023\/08\/11\/de-locos-colectivero-fue-arrastrado-200-metros-en-el-capo-de-una-camioneta-tras-discusion-de-transito\/#primaryimage\"},\"thumbnailUrl\":\"https:\/\/apuntesdesanluis.com\/wp-content\/uploads\/2023\/08\/COLECTIVERO.png\",\"datePublished\":\"2023-08-11T22:44:02+00:00\",\"dateModified\":\"2023-08-11T22:44:41+00:00\",\"breadcrumb\":{\"@id\":\"https:\/\/apuntesdesanluis.com\/index.php\/2023\/08\/11\/de-locos-colectivero-fue-arrastrado-200-metros-en-el-capo-de-una-camioneta-tras-discusion-de-transito\/#breadcrumb\"},\"inLanguage\":\"es-AR\",\"potentialAction\":[{\"@type\":\"ReadAction\",\"target\":[\"https:\/\/apuntesdesanluis.com\/index.php\/2023\/08\/11\/de-locos-colectivero-fue-arrastrado-200-metros-en-el-capo-de-una-camioneta-tras-discusion-de-transito\/\"]}]},{\"@type\":\"ImageObject\",\"inLanguage\":\"es-AR\",\"@id\":\"https:\/\/apuntesdesanluis.com\/index.php\/2023\/08\/11\/de-locos-colectivero-fue-arrastrado-200-metros-en-el-capo-de-una-camioneta-tras-discusion-de-transito\/#primaryimage\",\"url\":\"https:\/\/apuntesdesanluis.com\/wp-content\/uploads\/2023\/08\/COLECTIVERO.png\",\"contentUrl\":\"https:\/\/apuntesdesanluis.com\/wp-content\/uploads\/2023\/08\/COLECTIVERO.png\",\"width\":594,\"height\":367},{\"@type\":\"BreadcrumbList\",\"@id\":\"https:\/\/apuntesdesanluis.com\/index.php\/2023\/08\/11\/de-locos-colectivero-fue-arrastrado-200-metros-en-el-capo-de-una-camioneta-tras-discusion-de-transito\/#breadcrumb\",\"itemListElement\":[{\"@type\":\"ListItem\",\"position\":1,\"name\":\"Inicio\",\"item\":\"https:\/\/apuntesdesanluis.com\/\"},{\"@type\":\"ListItem\",\"position\":2,\"name\":\"DE LOCOS: COLECTIVERO FUE ARRASTRADO 200 METROS EN EL CAP\u00d3 DE UNA CAMIONETA TRAS DISCUSI\u00d3N DE TR\u00c1NSITO\"}]},{\"@type\":\"WebSite\",\"@id\":\"https:\/\/apuntesdesanluis.com\/#website\",\"url\":\"https:\/\/apuntesdesanluis.com\/\",\"name\":\"Apuntes de San Luis\",\"description\":\"\",\"publisher\":{\"@id\":\"https:\/\/apuntesdesanluis.com\/#\/schema\/person\/b55151d52296fcce64d1a72538a70b90\"},\"potentialAction\":[{\"@type\":\"SearchAction\",\"target\":{\"@type\":\"EntryPoint\",\"urlTemplate\":\"https:\/\/apuntesdesanluis.com\/?s={search_term_string}\"},\"query-input\":{\"@type\":\"PropertyValueSpecification\",\"valueRequired\":true,\"valueName\":\"search_term_string\"}}],\"inLanguage\":\"es-AR\"},{\"@type\":[\"Person\",\"Organization\"],\"@id\":\"https:\/\/apuntesdesanluis.com\/#\/schema\/person\/b55151d52296fcce64d1a72538a70b90\",\"name\":\"apuntesdesanluis.com\",\"image\":{\"@type\":\"ImageObject\",\"inLanguage\":\"es-AR\",\"@id\":\"https:\/\/apuntesdesanluis.com\/#\/schema\/person\/image\/\",\"url\":\"https:\/\/apuntesdesanluis.com\/wp-content\/uploads\/2023\/07\/cropped-apuntesdesanluis.png\",\"contentUrl\":\"https:\/\/apuntesdesanluis.com\/wp-content\/uploads\/2023\/07\/cropped-apuntesdesanluis.png\",\"width\":450,\"height\":112,\"caption\":\"apuntesdesanluis.com\"},\"logo\":{\"@id\":\"https:\/\/apuntesdesanluis.com\/#\/schema\/person\/image\/\"},\"sameAs\":[\"https:\/\/apuntesdesanluis.com\"],\"url\":\"https:\/\/apuntesdesanluis.com\/index.php\/author\/apuntesdesanluis-com\/\"}]}<\/script>\n<!-- \/ Yoast SEO plugin. -->","yoast_head_json":{"title":"DE LOCOS: COLECTIVERO FUE ARRASTRADO 200 METROS EN EL CAP\u00d3 DE UNA CAMIONETA TRAS DISCUSI\u00d3N DE TR\u00c1NSITO - Apuntes de San Luis","robots":{"index":"index","follow":"follow","max-snippet":"max-snippet:-1","max-image-preview":"max-image-preview:large","max-video-preview":"max-video-preview:-1"},"canonical":"https:\/\/apuntesdesanluis.com\/index.php\/2023\/08\/11\/de-locos-colectivero-fue-arrastrado-200-metros-en-el-capo-de-una-camioneta-tras-discusion-de-transito\/","og_locale":"es_ES","og_type":"article","og_title":"DE LOCOS: COLECTIVERO FUE ARRASTRADO 200 METROS EN EL CAP\u00d3 DE UNA CAMIONETA TRAS DISCUSI\u00d3N DE TR\u00c1NSITO - Apuntes de San Luis","og_description":"La secuencia sucedi\u00f3 en la ma\u00f1ana del viernes en Ciudadela y todo qued\u00f3 registrado por...","og_url":"https:\/\/apuntesdesanluis.com\/index.php\/2023\/08\/11\/de-locos-colectivero-fue-arrastrado-200-metros-en-el-capo-de-una-camioneta-tras-discusion-de-transito\/","og_site_name":"Apuntes de San Luis","article_published_time":"2023-08-11T22:44:02+00:00","article_modified_time":"2023-08-11T22:44:41+00:00","og_image":[{"width":594,"height":367,"url":"https:\/\/apuntesdesanluis.com\/wp-content\/uploads\/2023\/08\/COLECTIVERO.png","type":"image\/png"}],"author":"apuntesdesanluis.com","twitter_card":"summary_large_image","twitter_misc":{"Escrito por":"apuntesdesanluis.com","Tiempo de lectura":"2 minutos"},"schema":{"@context":"https:\/\/schema.org","@graph":[{"@type":"Article","@id":"https:\/\/apuntesdesanluis.com\/index.php\/2023\/08\/11\/de-locos-colectivero-fue-arrastrado-200-metros-en-el-capo-de-una-camioneta-tras-discusion-de-transito\/#article","isPartOf":{"@id":"https:\/\/apuntesdesanluis.com\/index.php\/2023\/08\/11\/de-locos-colectivero-fue-arrastrado-200-metros-en-el-capo-de-una-camioneta-tras-discusion-de-transito\/"},"author":{"name":"apuntesdesanluis.com","@id":"https:\/\/apuntesdesanluis.com\/#\/schema\/person\/b55151d52296fcce64d1a72538a70b90"},"headline":"DE LOCOS: COLECTIVERO FUE ARRASTRADO 200 METROS EN EL CAP\u00d3 DE UNA CAMIONETA TRAS DISCUSI\u00d3N DE TR\u00c1NSITO","datePublished":"2023-08-11T22:44:02+00:00","dateModified":"2023-08-11T22:44:41+00:00","mainEntityOfPage":{"@id":"https:\/\/apuntesdesanluis.com\/index.php\/2023\/08\/11\/de-locos-colectivero-fue-arrastrado-200-metros-en-el-capo-de-una-camioneta-tras-discusion-de-transito\/"},"wordCount":284,"publisher":{"@id":"https:\/\/apuntesdesanluis.com\/#\/schema\/person\/b55151d52296fcce64d1a72538a70b90"},"image":{"@id":"https:\/\/apuntesdesanluis.com\/index.php\/2023\/08\/11\/de-locos-colectivero-fue-arrastrado-200-metros-en-el-capo-de-una-camioneta-tras-discusion-de-transito\/#primaryimage"},"thumbnailUrl":"https:\/\/apuntesdesanluis.com\/wp-content\/uploads\/2023\/08\/COLECTIVERO.png","articleSection":["Nacionales\/Internacionales"],"inLanguage":"es-AR"},{"@type":"WebPage","@id":"https:\/\/apuntesdesanluis.com\/index.php\/2023\/08\/11\/de-locos-colectivero-fue-arrastrado-200-metros-en-el-capo-de-una-camioneta-tras-discusion-de-transito\/","url":"https:\/\/apuntesdesanluis.com\/index.php\/2023\/08\/11\/de-locos-colectivero-fue-arrastrado-200-metros-en-el-capo-de-una-camioneta-tras-discusion-de-transito\/","name":"DE LOCOS: COLECTIVERO FUE ARRASTRADO 200 METROS EN EL CAP\u00d3 DE UNA CAMIONETA TRAS DISCUSI\u00d3N DE TR\u00c1NSITO - Apuntes de San Luis","isPartOf":{"@id":"https:\/\/apuntesdesanluis.com\/#website"},"primaryImageOfPage":{"@id":"https:\/\/apuntesdesanluis.com\/index.php\/2023\/08\/11\/de-locos-colectivero-fue-arrastrado-200-metros-en-el-capo-de-una-camioneta-tras-discusion-de-transito\/#primaryimage"},"image":{"@id":"https:\/\/apuntesdesanluis.com\/index.php\/2023\/08\/11\/de-locos-colectivero-fue-arrastrado-200-metros-en-el-capo-de-una-camioneta-tras-discusion-de-transito\/#primaryimage"},"thumbnailUrl":"https:\/\/apuntesdesanluis.com\/wp-content\/uploads\/2023\/08\/COLECTIVERO.png","datePublished":"2023-08-11T22:44:02+00:00","dateModified":"2023-08-11T22:44:41+00:00","breadcrumb":{"@id":"https:\/\/apuntesdesanluis.com\/index.php\/2023\/08\/11\/de-locos-colectivero-fue-arrastrado-200-metros-en-el-capo-de-una-camioneta-tras-discusion-de-transito\/#breadcrumb"},"inLanguage":"es-AR","potentialAction":[{"@type":"ReadAction","target":["https:\/\/apuntesdesanluis.com\/index.php\/2023\/08\/11\/de-locos-colectivero-fue-arrastrado-200-metros-en-el-capo-de-una-camioneta-tras-discusion-de-transito\/"]}]},{"@type":"ImageObject","inLanguage":"es-AR","@id":"https:\/\/apuntesdesanluis.com\/index.php\/2023\/08\/11\/de-locos-colectivero-fue-arrastrado-200-metros-en-el-capo-de-una-camioneta-tras-discusion-de-transito\/#primaryimage","url":"https:\/\/apuntesdesanluis.com\/wp-content\/uploads\/2023\/08\/COLECTIVERO.png","contentUrl":"https:\/\/apuntesdesanluis.com\/wp-content\/uploads\/2023\/08\/COLECTIVERO.png","width":594,"height":367},{"@type":"BreadcrumbList","@id":"https:\/\/apuntesdesanluis.com\/index.php\/2023\/08\/11\/de-locos-colectivero-fue-arrastrado-200-metros-en-el-capo-de-una-camioneta-tras-discusion-de-transito\/#breadcrumb","itemListElement":[{"@type":"ListItem","position":1,"name":"Inicio","item":"https:\/\/apuntesdesanluis.com\/"},{"@type":"ListItem","position":2,"name":"DE LOCOS: COLECTIVERO FUE ARRASTRADO 200 METROS EN EL CAP\u00d3 DE UNA CAMIONETA TRAS DISCUSI\u00d3N DE TR\u00c1NSITO"}]},{"@type":"WebSite","@id":"https:\/\/apuntesdesanluis.com\/#website","url":"https:\/\/apuntesdesanluis.com\/","name":"Apuntes de San Luis","description":"","publisher":{"@id":"https:\/\/apuntesdesanluis.com\/#\/schema\/person\/b55151d52296fcce64d1a72538a70b90"},"potentialAction":[{"@type":"SearchAction","target":{"@type":"EntryPoint","urlTemplate":"https:\/\/apuntesdesanluis.com\/?s={search_term_string}"},"query-input":{"@type":"PropertyValueSpecification","valueRequired":true,"valueName":"search_term_string"}}],"inLanguage":"es-AR"},{"@type":["Person","Organization"],"@id":"https:\/\/apuntesdesanluis.com\/#\/schema\/person\/b55151d52296fcce64d1a72538a70b90","name":"apuntesdesanluis.com","image":{"@type":"ImageObject","inLanguage":"es-AR","@id":"https:\/\/apuntesdesanluis.com\/#\/schema\/person\/image\/","url":"https:\/\/apuntesdesanluis.com\/wp-content\/uploads\/2023\/07\/cropped-apuntesdesanluis.png","contentUrl":"https:\/\/apuntesdesanluis.com\/wp-content\/uploads\/2023\/07\/cropped-apuntesdesanluis.png","width":450,"height":112,"caption":"apuntesdesanluis.com"},"logo":{"@id":"https:\/\/apuntesdesanluis.com\/#\/schema\/person\/image\/"},"sameAs":["https:\/\/apuntesdesanluis.com"],"url":"https:\/\/apuntesdesanluis.com\/index.php\/author\/apuntesdesanluis-com\/"}]}},"featured_image_urls":{"full":["https:\/\/apuntesdesanluis.com\/wp-content\/uploads\/2023\/08\/COLECTIVERO.png",594,367,false],"thumbnail":["https:\/\/apuntesdesanluis.com\/wp-content\/uploads\/2023\/08\/COLECTIVERO-150x150.png",150,150,true],"medium":["https:\/\/apuntesdesanluis.com\/wp-content\/uploads\/2023\/08\/COLECTIVERO-300x185.png",300,185,true],"medium_large":["https:\/\/apuntesdesanluis.com\/wp-content\/uploads\/2023\/08\/COLECTIVERO.png",594,367,false],"large":["https:\/\/apuntesdesanluis.com\/wp-content\/uploads\/2023\/08\/COLECTIVERO.png",594,367,false],"1536x1536":["https:\/\/apuntesdesanluis.com\/wp-content\/uploads\/2023\/08\/COLECTIVERO.png",594,367,false],"2048x2048":["https:\/\/apuntesdesanluis.com\/wp-content\/uploads\/2023\/08\/COLECTIVERO.png",594,367,false],"newsever-slider-full":["https:\/\/apuntesdesanluis.com\/wp-content\/uploads\/2023\/08\/COLECTIVERO.png",594,367,false],"newsever-featured":["https:\/\/apuntesdesanluis.com\/wp-content\/uploads\/2023\/08\/COLECTIVERO.png",594,367,false],"newsever-medium":["https:\/\/apuntesdesanluis.com\/wp-content\/uploads\/2023\/08\/COLECTIVERO.png",594,367,false]},"author_info":{"display_name":"apuntesdesanluis.com","author_link":"https:\/\/apuntesdesanluis.com\/index.php\/author\/apuntesdesanluis-com\/"},"category_info":"<a href=\"https:\/\/apuntesdesanluis.com\/index.php\/category\/nacionales-internacionales\/\" rel=\"category tag\">Nacionales\/Internacionales<\/a>","tag_info":"Nacionales\/Internacionales","comment_count":"0","_links":{"self":[{"href":"https:\/\/apuntesdesanluis.com\/index.php\/wp-json\/wp\/v2\/posts\/1478","targetHints":{"allow":["GET"]}}],"collection":[{"href":"https:\/\/apuntesdesanluis.com\/index.php\/wp-json\/wp\/v2\/posts"}],"about":[{"href":"https:\/\/apuntesdesanluis.com\/index.php\/wp-json\/wp\/v2\/types\/post"}],"author":[{"embeddable":true,"href":"https:\/\/apuntesdesanluis.com\/index.php\/wp-json\/wp\/v2\/users\/1"}],"replies":[{"embeddable":true,"href":"https:\/\/apuntesdesanluis.com\/index.php\/wp-json\/wp\/v2\/comments?post=1478"}],"version-history":[{"count":2,"href":"https:\/\/apuntesdesanluis.com\/index.php\/wp-json\/wp\/v2\/posts\/1478\/revisions"}],"predecessor-version":[{"id":1481,"href":"https:\/\/apuntesdesanluis.com\/index.php\/wp-json\/wp\/v2\/posts\/1478\/revisions\/1481"}],"wp:featuredmedia":[{"embeddable":true,"href":"https:\/\/apuntesdesanluis.com\/index.php\/wp-json\/wp\/v2\/media\/1479"}],"wp:attachment":[{"href":"https:\/\/apuntesdesanluis.com\/index.php\/wp-json\/wp\/v2\/media?parent=1478"}],"wp:term":[{"taxonomy":"category","embeddable":true,"href":"https:\/\/apuntesdesanluis.com\/index.php\/wp-json\/wp\/v2\/categories?post=1478"},{"taxonomy":"post_tag","embeddable":true,"href":"https:\/\/apuntesdesanluis.com\/index.php\/wp-json\/wp\/v2\/tags?post=1478"}],"curies":[{"name":"wp","href":"https:\/\/api.w.org\/{rel}","templated":true}]}}