{"id":14791,"date":"2024-04-17T12:20:04","date_gmt":"2024-04-17T15:20:04","guid":{"rendered":"https:\/\/apuntesdesanluis.com\/?p=14791"},"modified":"2024-04-17T12:20:04","modified_gmt":"2024-04-17T15:20:04","slug":"las-tres-universidades-nacionales-de-san-luis-organizan-la-marcha-federal-en-la-provincia","status":"publish","type":"post","link":"https:\/\/apuntesdesanluis.com\/index.php\/2024\/04\/17\/las-tres-universidades-nacionales-de-san-luis-organizan-la-marcha-federal-en-la-provincia\/","title":{"rendered":"LAS TRES UNIVERSIDADES NACIONALES DE SAN LUIS ORGANIZAN LA MARCHA FEDERAL EN LA PROVINCIA"},"content":{"rendered":"<h3>Este martes se realiz\u00f3 un encuentro entre las m\u00e1ximas autoridades, representantes gremiales docentes y nodocentes y estudiantiles de la <strong>Universidad Nacional de San Luis (UNSL), la Universidad Nacional de Villa Mercedes (UNViMe) y la Universidad Nacional de los Comechingones (UNLC).<\/strong><\/h3>\n<h3>\u00a0El objetivo de la reuni\u00f3n fue unificar criterios y poner a disposici\u00f3n recursos para avanzar en la organizaci\u00f3n de la gran marcha que se realizar\u00e1 en la ciudad de San Luis (en consonancia de lo que suceder\u00e1 en Buenos Aires), el pr\u00f3ximo 23 de abril.<\/h3>\n<h3>En dicho encuentro, se defini\u00f3 que el pr\u00f3ximo martes 23 de abril se marchar\u00e1 bajo el lema: \u201cEn defensa de la universidad p\u00fablica, la ciencia y la tecnolog\u00eda\u201d.<\/h3>\n<h3>La concentraci\u00f3n se realizar\u00e1 a las 17:30 horas en el edificio de Rectorado. A partir de las 18:00 horas se marchar\u00e1 por las calles de San Luis hacia la Escuela Normal Juan Pascual Pringles (ENJPP).<\/h3>\n<h3><strong>COMISI\u00d3N<\/strong><\/h3>\n<h3>Producto de esta reuni\u00f3n se conform\u00f3 una Comisi\u00f3n integrada por representantes de la Asociaci\u00f3n Docentes Universitarios (ADU), del Sindicato de Docentes e Investigadores Universitarios (SIDIU), de la Asociaci\u00f3n Sindical de Docentes Universitarios de San Luis (ASIDUN), del Sindicato de Docentes Universitarios de la Provincia de San Luis (SinDUPSL) y de la Asociaci\u00f3n Gremial de Docentes e Investigadores de la UNViMe (ADOI). Tambi\u00e9n fueron parte integrantes de la Asociaci\u00f3n de Trabajadores y Trabajadoras de la Universidad Nacional de los Comechingones (ATTUNCO), de la Asociaci\u00f3n del Personal Nodocente de la Universidad Nacional de San Luis (APUNSL), del Sindicato de Trabajadores No Docentes UNViMe (SITUNVIME) y de la Asociaci\u00f3n de Docentes de la Universidad de los Comechingones (ADUNCO). Por parte de las representaciones estudiantiles, participaron integrantes de Estudiantes por la UNViMe (EPU), de San Luis Independiente y Franja Morada.<\/h3>\n<p><img fetchpriority=\"high\" decoding=\"async\" class=\"wp-image-14793 aligncenter\" src=\"https:\/\/apuntesdesanluis.com\/wp-content\/uploads\/2024\/04\/LAS-3-UNIS-300x194.jpg\" alt=\"\" width=\"510\" height=\"330\" srcset=\"https:\/\/apuntesdesanluis.com\/wp-content\/uploads\/2024\/04\/LAS-3-UNIS-300x194.jpg 300w, https:\/\/apuntesdesanluis.com\/wp-content\/uploads\/2024\/04\/LAS-3-UNIS.jpg 600w\" sizes=\"(max-width: 510px) 100vw, 510px\" \/><\/p>\n<h3>Sobre la importancia de esta reuni\u00f3n de universidades nacionales de San Luis, Arnoldo Pucci, secretario General de ADOI celebr\u00f3 este encuentro: \u00aba la defensa de la educaci\u00f3n p\u00fablica, la ciencia y la tecnolog\u00eda la vamos a resolver todos unidos, es la manera de visualizar esto y concientizar a la comunidad en la que estamos inmersos\u00bb.<\/h3>\n<h3>Por su parte, Emiliano La V\u00eda, nodocente y docente de la UNLC sostuvo que es fundamental hacer foco de que sin la educaci\u00f3n p\u00fablica quedan muchas cosas a futuro en una delgada l\u00ednea: \u00abcreo que esta marcha ser\u00e1 un punto muy importante para la comunidad universitaria y deber\u00eda serlo para toda la comunidad en general\u00bb.<\/h3>\n<h3>Por su parte, Valentina Vera de Franja Morada expres\u00f3: \u00abcualquier persona que mire a su alrededor va a ver que toda la sociedad est\u00e1 atravesada por la universidad p\u00fablica, es una parte fundamental de la comunidad\u00bb. Finalmente, Malena Niemetz presidenta de San Luis Independiente de la Facultad de Psicolog\u00eda (UNSL), destac\u00f3 que esta reuni\u00f3n fue una muestra muy importante de unidad en la Provincia: \u00abes fundamental que toda la comunidad se encuentre en las calles este 23 de abril en defensa de la educaci\u00f3n p\u00fablica, derecho hist\u00f3ricamente conquistado para que todas las personas puedan acceder a estudiar en una instituci\u00f3n p\u00fablica, gratuita, laica y de calidad\u00bb, dijo.<\/h3>\n<h3><strong>AUTORIDADES<\/strong><\/h3>\n<h3>Previo al encuentro de representantes gremiales y estudiantiles universitarios, se realiz\u00f3 una reuni\u00f3n entre el rector de la UNSL, C.P.N. <strong>V\u00edctor Mori\u00f1igo<\/strong>, el rector de la UNViMe, Dr. <strong>Marcelo Sosa<\/strong> y el secretario General de la UNLC, Ing. <strong>Jorge Canta Verbeke<\/strong>. Tras la reuni\u00f3n, las autoridades dieron inicio al encuentro de representantes que se desarroll\u00f3 en el Sal\u00f3n de los Escudos.<\/h3>\n<p><img decoding=\"async\" class=\"wp-image-14794 aligncenter\" src=\"https:\/\/apuntesdesanluis.com\/wp-content\/uploads\/2024\/04\/lOS-RECTORES-300x178.jpg\" alt=\"\" width=\"517\" height=\"307\" srcset=\"https:\/\/apuntesdesanluis.com\/wp-content\/uploads\/2024\/04\/lOS-RECTORES-300x178.jpg 300w, https:\/\/apuntesdesanluis.com\/wp-content\/uploads\/2024\/04\/lOS-RECTORES.jpg 600w\" sizes=\"(max-width: 517px) 100vw, 517px\" \/><\/p>\n<h3>El Rector de la UNSL fue el encargado de iniciar el encuentro. En sus palabras se expres\u00f3 acerca de la pluralidad y convergencia de todas las universidades: \u00absiempre teniendo la consigna de que los gremios nodocentes y docentes, los centros de estudiantes y las autoridades est\u00e1n poniendo toda su disposici\u00f3n para esto\u00bb.<\/h3>\n<h3>Por su parte, el Rector de la UNViMe, destac\u00f3 que este ataque in\u00e9dito en la historia de la universidad argentina se resuelve en conjunto y que salir a la calle es uno de los recursos para ello: \u00abesto va a tener resultados si estamos organizados, si lo hacemos unidos y con libertad\u00bb, dijo.<\/h3>\n<h3>Finalmente, el Secretario General de la UNLC, resalt\u00f3 la necesidad de llegar a un acuerdo para que el 23 sea un \u00e9xito.<\/h3>\n<h3><\/h3>\n<h3><\/h3>\n<h3><\/h3>\n<p>&nbsp;<\/p>\n","protected":false},"excerpt":{"rendered":"<p>Este martes se realiz\u00f3 un encuentro entre las m\u00e1ximas autoridades, representantes gremiales docentes y nodocentes&#8230;<\/p>\n","protected":false},"author":1,"featured_media":14792,"comment_status":"closed","ping_status":"closed","sticky":false,"template":"","format":"standard","meta":{"footnotes":""},"categories":[6],"tags":[],"class_list":["post-14791","post","type-post","status-publish","format-standard","has-post-thumbnail","hentry","category-ciudad-provincia"],"yoast_head":"<!-- This site is optimized with the Yoast SEO plugin v26.1.1 - https:\/\/yoast.com\/wordpress\/plugins\/seo\/ -->\n<title>LAS TRES UNIVERSIDADES NACIONALES DE SAN LUIS ORGANIZAN LA MARCHA FEDERAL EN LA PROVINCIA - Apuntes de San Luis<\/title>\n<meta name=\"robots\" content=\"index, follow, max-snippet:-1, max-image-preview:large, max-video-preview:-1\" \/>\n<link rel=\"canonical\" href=\"https:\/\/apuntesdesanluis.com\/index.php\/2024\/04\/17\/las-tres-universidades-nacionales-de-san-luis-organizan-la-marcha-federal-en-la-provincia\/\" \/>\n<meta property=\"og:locale\" content=\"es_ES\" \/>\n<meta property=\"og:type\" content=\"article\" \/>\n<meta property=\"og:title\" content=\"LAS TRES UNIVERSIDADES NACIONALES DE SAN LUIS ORGANIZAN LA MARCHA FEDERAL EN LA PROVINCIA - Apuntes de San Luis\" \/>\n<meta property=\"og:description\" content=\"Este martes se realiz\u00f3 un encuentro entre las m\u00e1ximas autoridades, representantes gremiales docentes y nodocentes...\" \/>\n<meta property=\"og:url\" content=\"https:\/\/apuntesdesanluis.com\/index.php\/2024\/04\/17\/las-tres-universidades-nacionales-de-san-luis-organizan-la-marcha-federal-en-la-provincia\/\" \/>\n<meta property=\"og:site_name\" content=\"Apuntes de San Luis\" \/>\n<meta property=\"article:published_time\" content=\"2024-04-17T15:20:04+00:00\" \/>\n<meta property=\"og:image\" content=\"https:\/\/apuntesdesanluis.com\/wp-content\/uploads\/2024\/04\/REUNION-3-UNIVERSIDADES.jpg\" \/>\n\t<meta property=\"og:image:width\" content=\"600\" \/>\n\t<meta property=\"og:image:height\" content=\"350\" \/>\n\t<meta property=\"og:image:type\" content=\"image\/jpeg\" \/>\n<meta name=\"author\" content=\"apuntesdesanluis.com\" \/>\n<meta name=\"twitter:card\" content=\"summary_large_image\" \/>\n<meta name=\"twitter:label1\" content=\"Escrito por\" \/>\n\t<meta name=\"twitter:data1\" content=\"apuntesdesanluis.com\" \/>\n\t<meta name=\"twitter:label2\" content=\"Tiempo de lectura\" \/>\n\t<meta name=\"twitter:data2\" content=\"4 minutos\" \/>\n<script type=\"application\/ld+json\" class=\"yoast-schema-graph\">{\"@context\":\"https:\/\/schema.org\",\"@graph\":[{\"@type\":\"Article\",\"@id\":\"https:\/\/apuntesdesanluis.com\/index.php\/2024\/04\/17\/las-tres-universidades-nacionales-de-san-luis-organizan-la-marcha-federal-en-la-provincia\/#article\",\"isPartOf\":{\"@id\":\"https:\/\/apuntesdesanluis.com\/index.php\/2024\/04\/17\/las-tres-universidades-nacionales-de-san-luis-organizan-la-marcha-federal-en-la-provincia\/\"},\"author\":{\"name\":\"apuntesdesanluis.com\",\"@id\":\"https:\/\/apuntesdesanluis.com\/#\/schema\/person\/b55151d52296fcce64d1a72538a70b90\"},\"headline\":\"LAS TRES UNIVERSIDADES NACIONALES DE SAN LUIS ORGANIZAN LA MARCHA FEDERAL EN LA PROVINCIA\",\"datePublished\":\"2024-04-17T15:20:04+00:00\",\"mainEntityOfPage\":{\"@id\":\"https:\/\/apuntesdesanluis.com\/index.php\/2024\/04\/17\/las-tres-universidades-nacionales-de-san-luis-organizan-la-marcha-federal-en-la-provincia\/\"},\"wordCount\":746,\"publisher\":{\"@id\":\"https:\/\/apuntesdesanluis.com\/#\/schema\/person\/b55151d52296fcce64d1a72538a70b90\"},\"image\":{\"@id\":\"https:\/\/apuntesdesanluis.com\/index.php\/2024\/04\/17\/las-tres-universidades-nacionales-de-san-luis-organizan-la-marcha-federal-en-la-provincia\/#primaryimage\"},\"thumbnailUrl\":\"https:\/\/apuntesdesanluis.com\/wp-content\/uploads\/2024\/04\/REUNION-3-UNIVERSIDADES.jpg\",\"articleSection\":[\"Ciudad\/Provincia\"],\"inLanguage\":\"es-AR\"},{\"@type\":\"WebPage\",\"@id\":\"https:\/\/apuntesdesanluis.com\/index.php\/2024\/04\/17\/las-tres-universidades-nacionales-de-san-luis-organizan-la-marcha-federal-en-la-provincia\/\",\"url\":\"https:\/\/apuntesdesanluis.com\/index.php\/2024\/04\/17\/las-tres-universidades-nacionales-de-san-luis-organizan-la-marcha-federal-en-la-provincia\/\",\"name\":\"LAS TRES UNIVERSIDADES NACIONALES DE SAN LUIS ORGANIZAN LA MARCHA FEDERAL EN LA PROVINCIA - Apuntes de San Luis\",\"isPartOf\":{\"@id\":\"https:\/\/apuntesdesanluis.com\/#website\"},\"primaryImageOfPage\":{\"@id\":\"https:\/\/apuntesdesanluis.com\/index.php\/2024\/04\/17\/las-tres-universidades-nacionales-de-san-luis-organizan-la-marcha-federal-en-la-provincia\/#primaryimage\"},\"image\":{\"@id\":\"https:\/\/apuntesdesanluis.com\/index.php\/2024\/04\/17\/las-tres-universidades-nacionales-de-san-luis-organizan-la-marcha-federal-en-la-provincia\/#primaryimage\"},\"thumbnailUrl\":\"https:\/\/apuntesdesanluis.com\/wp-content\/uploads\/2024\/04\/REUNION-3-UNIVERSIDADES.jpg\",\"datePublished\":\"2024-04-17T15:20:04+00:00\",\"breadcrumb\":{\"@id\":\"https:\/\/apuntesdesanluis.com\/index.php\/2024\/04\/17\/las-tres-universidades-nacionales-de-san-luis-organizan-la-marcha-federal-en-la-provincia\/#breadcrumb\"},\"inLanguage\":\"es-AR\",\"potentialAction\":[{\"@type\":\"ReadAction\",\"target\":[\"https:\/\/apuntesdesanluis.com\/index.php\/2024\/04\/17\/las-tres-universidades-nacionales-de-san-luis-organizan-la-marcha-federal-en-la-provincia\/\"]}]},{\"@type\":\"ImageObject\",\"inLanguage\":\"es-AR\",\"@id\":\"https:\/\/apuntesdesanluis.com\/index.php\/2024\/04\/17\/las-tres-universidades-nacionales-de-san-luis-organizan-la-marcha-federal-en-la-provincia\/#primaryimage\",\"url\":\"https:\/\/apuntesdesanluis.com\/wp-content\/uploads\/2024\/04\/REUNION-3-UNIVERSIDADES.jpg\",\"contentUrl\":\"https:\/\/apuntesdesanluis.com\/wp-content\/uploads\/2024\/04\/REUNION-3-UNIVERSIDADES.jpg\",\"width\":600,\"height\":350},{\"@type\":\"BreadcrumbList\",\"@id\":\"https:\/\/apuntesdesanluis.com\/index.php\/2024\/04\/17\/las-tres-universidades-nacionales-de-san-luis-organizan-la-marcha-federal-en-la-provincia\/#breadcrumb\",\"itemListElement\":[{\"@type\":\"ListItem\",\"position\":1,\"name\":\"Inicio\",\"item\":\"https:\/\/apuntesdesanluis.com\/\"},{\"@type\":\"ListItem\",\"position\":2,\"name\":\"LAS TRES UNIVERSIDADES NACIONALES DE SAN LUIS ORGANIZAN LA MARCHA FEDERAL EN LA PROVINCIA\"}]},{\"@type\":\"WebSite\",\"@id\":\"https:\/\/apuntesdesanluis.com\/#website\",\"url\":\"https:\/\/apuntesdesanluis.com\/\",\"name\":\"Apuntes de San Luis\",\"description\":\"\",\"publisher\":{\"@id\":\"https:\/\/apuntesdesanluis.com\/#\/schema\/person\/b55151d52296fcce64d1a72538a70b90\"},\"potentialAction\":[{\"@type\":\"SearchAction\",\"target\":{\"@type\":\"EntryPoint\",\"urlTemplate\":\"https:\/\/apuntesdesanluis.com\/?s={search_term_string}\"},\"query-input\":{\"@type\":\"PropertyValueSpecification\",\"valueRequired\":true,\"valueName\":\"search_term_string\"}}],\"inLanguage\":\"es-AR\"},{\"@type\":[\"Person\",\"Organization\"],\"@id\":\"https:\/\/apuntesdesanluis.com\/#\/schema\/person\/b55151d52296fcce64d1a72538a70b90\",\"name\":\"apuntesdesanluis.com\",\"image\":{\"@type\":\"ImageObject\",\"inLanguage\":\"es-AR\",\"@id\":\"https:\/\/apuntesdesanluis.com\/#\/schema\/person\/image\/\",\"url\":\"https:\/\/apuntesdesanluis.com\/wp-content\/uploads\/2023\/07\/cropped-apuntesdesanluis.png\",\"contentUrl\":\"https:\/\/apuntesdesanluis.com\/wp-content\/uploads\/2023\/07\/cropped-apuntesdesanluis.png\",\"width\":450,\"height\":112,\"caption\":\"apuntesdesanluis.com\"},\"logo\":{\"@id\":\"https:\/\/apuntesdesanluis.com\/#\/schema\/person\/image\/\"},\"sameAs\":[\"https:\/\/apuntesdesanluis.com\"],\"url\":\"https:\/\/apuntesdesanluis.com\/index.php\/author\/apuntesdesanluis-com\/\"}]}<\/script>\n<!-- \/ Yoast SEO plugin. -->","yoast_head_json":{"title":"LAS TRES UNIVERSIDADES NACIONALES DE SAN LUIS ORGANIZAN LA MARCHA FEDERAL EN LA PROVINCIA - Apuntes de San Luis","robots":{"index":"index","follow":"follow","max-snippet":"max-snippet:-1","max-image-preview":"max-image-preview:large","max-video-preview":"max-video-preview:-1"},"canonical":"https:\/\/apuntesdesanluis.com\/index.php\/2024\/04\/17\/las-tres-universidades-nacionales-de-san-luis-organizan-la-marcha-federal-en-la-provincia\/","og_locale":"es_ES","og_type":"article","og_title":"LAS TRES UNIVERSIDADES NACIONALES DE SAN LUIS ORGANIZAN LA MARCHA FEDERAL EN LA PROVINCIA - Apuntes de San Luis","og_description":"Este martes se realiz\u00f3 un encuentro entre las m\u00e1ximas autoridades, representantes gremiales docentes y nodocentes...","og_url":"https:\/\/apuntesdesanluis.com\/index.php\/2024\/04\/17\/las-tres-universidades-nacionales-de-san-luis-organizan-la-marcha-federal-en-la-provincia\/","og_site_name":"Apuntes de San Luis","article_published_time":"2024-04-17T15:20:04+00:00","og_image":[{"width":600,"height":350,"url":"https:\/\/apuntesdesanluis.com\/wp-content\/uploads\/2024\/04\/REUNION-3-UNIVERSIDADES.jpg","type":"image\/jpeg"}],"author":"apuntesdesanluis.com","twitter_card":"summary_large_image","twitter_misc":{"Escrito por":"apuntesdesanluis.com","Tiempo de lectura":"4 minutos"},"schema":{"@context":"https:\/\/schema.org","@graph":[{"@type":"Article","@id":"https:\/\/apuntesdesanluis.com\/index.php\/2024\/04\/17\/las-tres-universidades-nacionales-de-san-luis-organizan-la-marcha-federal-en-la-provincia\/#article","isPartOf":{"@id":"https:\/\/apuntesdesanluis.com\/index.php\/2024\/04\/17\/las-tres-universidades-nacionales-de-san-luis-organizan-la-marcha-federal-en-la-provincia\/"},"author":{"name":"apuntesdesanluis.com","@id":"https:\/\/apuntesdesanluis.com\/#\/schema\/person\/b55151d52296fcce64d1a72538a70b90"},"headline":"LAS TRES UNIVERSIDADES NACIONALES DE SAN LUIS ORGANIZAN LA MARCHA FEDERAL EN LA PROVINCIA","datePublished":"2024-04-17T15:20:04+00:00","mainEntityOfPage":{"@id":"https:\/\/apuntesdesanluis.com\/index.php\/2024\/04\/17\/las-tres-universidades-nacionales-de-san-luis-organizan-la-marcha-federal-en-la-provincia\/"},"wordCount":746,"publisher":{"@id":"https:\/\/apuntesdesanluis.com\/#\/schema\/person\/b55151d52296fcce64d1a72538a70b90"},"image":{"@id":"https:\/\/apuntesdesanluis.com\/index.php\/2024\/04\/17\/las-tres-universidades-nacionales-de-san-luis-organizan-la-marcha-federal-en-la-provincia\/#primaryimage"},"thumbnailUrl":"https:\/\/apuntesdesanluis.com\/wp-content\/uploads\/2024\/04\/REUNION-3-UNIVERSIDADES.jpg","articleSection":["Ciudad\/Provincia"],"inLanguage":"es-AR"},{"@type":"WebPage","@id":"https:\/\/apuntesdesanluis.com\/index.php\/2024\/04\/17\/las-tres-universidades-nacionales-de-san-luis-organizan-la-marcha-federal-en-la-provincia\/","url":"https:\/\/apuntesdesanluis.com\/index.php\/2024\/04\/17\/las-tres-universidades-nacionales-de-san-luis-organizan-la-marcha-federal-en-la-provincia\/","name":"LAS TRES UNIVERSIDADES NACIONALES DE SAN LUIS ORGANIZAN LA MARCHA FEDERAL EN LA PROVINCIA - Apuntes de San Luis","isPartOf":{"@id":"https:\/\/apuntesdesanluis.com\/#website"},"primaryImageOfPage":{"@id":"https:\/\/apuntesdesanluis.com\/index.php\/2024\/04\/17\/las-tres-universidades-nacionales-de-san-luis-organizan-la-marcha-federal-en-la-provincia\/#primaryimage"},"image":{"@id":"https:\/\/apuntesdesanluis.com\/index.php\/2024\/04\/17\/las-tres-universidades-nacionales-de-san-luis-organizan-la-marcha-federal-en-la-provincia\/#primaryimage"},"thumbnailUrl":"https:\/\/apuntesdesanluis.com\/wp-content\/uploads\/2024\/04\/REUNION-3-UNIVERSIDADES.jpg","datePublished":"2024-04-17T15:20:04+00:00","breadcrumb":{"@id":"https:\/\/apuntesdesanluis.com\/index.php\/2024\/04\/17\/las-tres-universidades-nacionales-de-san-luis-organizan-la-marcha-federal-en-la-provincia\/#breadcrumb"},"inLanguage":"es-AR","potentialAction":[{"@type":"ReadAction","target":["https:\/\/apuntesdesanluis.com\/index.php\/2024\/04\/17\/las-tres-universidades-nacionales-de-san-luis-organizan-la-marcha-federal-en-la-provincia\/"]}]},{"@type":"ImageObject","inLanguage":"es-AR","@id":"https:\/\/apuntesdesanluis.com\/index.php\/2024\/04\/17\/las-tres-universidades-nacionales-de-san-luis-organizan-la-marcha-federal-en-la-provincia\/#primaryimage","url":"https:\/\/apuntesdesanluis.com\/wp-content\/uploads\/2024\/04\/REUNION-3-UNIVERSIDADES.jpg","contentUrl":"https:\/\/apuntesdesanluis.com\/wp-content\/uploads\/2024\/04\/REUNION-3-UNIVERSIDADES.jpg","width":600,"height":350},{"@type":"BreadcrumbList","@id":"https:\/\/apuntesdesanluis.com\/index.php\/2024\/04\/17\/las-tres-universidades-nacionales-de-san-luis-organizan-la-marcha-federal-en-la-provincia\/#breadcrumb","itemListElement":[{"@type":"ListItem","position":1,"name":"Inicio","item":"https:\/\/apuntesdesanluis.com\/"},{"@type":"ListItem","position":2,"name":"LAS TRES UNIVERSIDADES NACIONALES DE SAN LUIS ORGANIZAN LA MARCHA FEDERAL EN LA PROVINCIA"}]},{"@type":"WebSite","@id":"https:\/\/apuntesdesanluis.com\/#website","url":"https:\/\/apuntesdesanluis.com\/","name":"Apuntes de San Luis","description":"","publisher":{"@id":"https:\/\/apuntesdesanluis.com\/#\/schema\/person\/b55151d52296fcce64d1a72538a70b90"},"potentialAction":[{"@type":"SearchAction","target":{"@type":"EntryPoint","urlTemplate":"https:\/\/apuntesdesanluis.com\/?s={search_term_string}"},"query-input":{"@type":"PropertyValueSpecification","valueRequired":true,"valueName":"search_term_string"}}],"inLanguage":"es-AR"},{"@type":["Person","Organization"],"@id":"https:\/\/apuntesdesanluis.com\/#\/schema\/person\/b55151d52296fcce64d1a72538a70b90","name":"apuntesdesanluis.com","image":{"@type":"ImageObject","inLanguage":"es-AR","@id":"https:\/\/apuntesdesanluis.com\/#\/schema\/person\/image\/","url":"https:\/\/apuntesdesanluis.com\/wp-content\/uploads\/2023\/07\/cropped-apuntesdesanluis.png","contentUrl":"https:\/\/apuntesdesanluis.com\/wp-content\/uploads\/2023\/07\/cropped-apuntesdesanluis.png","width":450,"height":112,"caption":"apuntesdesanluis.com"},"logo":{"@id":"https:\/\/apuntesdesanluis.com\/#\/schema\/person\/image\/"},"sameAs":["https:\/\/apuntesdesanluis.com"],"url":"https:\/\/apuntesdesanluis.com\/index.php\/author\/apuntesdesanluis-com\/"}]}},"featured_image_urls":{"full":["https:\/\/apuntesdesanluis.com\/wp-content\/uploads\/2024\/04\/REUNION-3-UNIVERSIDADES.jpg",600,350,false],"thumbnail":["https:\/\/apuntesdesanluis.com\/wp-content\/uploads\/2024\/04\/REUNION-3-UNIVERSIDADES-150x150.jpg",150,150,true],"medium":["https:\/\/apuntesdesanluis.com\/wp-content\/uploads\/2024\/04\/REUNION-3-UNIVERSIDADES-300x175.jpg",300,175,true],"medium_large":["https:\/\/apuntesdesanluis.com\/wp-content\/uploads\/2024\/04\/REUNION-3-UNIVERSIDADES.jpg",600,350,false],"large":["https:\/\/apuntesdesanluis.com\/wp-content\/uploads\/2024\/04\/REUNION-3-UNIVERSIDADES.jpg",600,350,false],"1536x1536":["https:\/\/apuntesdesanluis.com\/wp-content\/uploads\/2024\/04\/REUNION-3-UNIVERSIDADES.jpg",600,350,false],"2048x2048":["https:\/\/apuntesdesanluis.com\/wp-content\/uploads\/2024\/04\/REUNION-3-UNIVERSIDADES.jpg",600,350,false],"newsever-slider-full":["https:\/\/apuntesdesanluis.com\/wp-content\/uploads\/2024\/04\/REUNION-3-UNIVERSIDADES.jpg",600,350,false],"newsever-featured":["https:\/\/apuntesdesanluis.com\/wp-content\/uploads\/2024\/04\/REUNION-3-UNIVERSIDADES.jpg",600,350,false],"newsever-medium":["https:\/\/apuntesdesanluis.com\/wp-content\/uploads\/2024\/04\/REUNION-3-UNIVERSIDADES.jpg",600,350,false]},"author_info":{"display_name":"apuntesdesanluis.com","author_link":"https:\/\/apuntesdesanluis.com\/index.php\/author\/apuntesdesanluis-com\/"},"category_info":"<a href=\"https:\/\/apuntesdesanluis.com\/index.php\/category\/ciudad-provincia\/\" rel=\"category tag\">Ciudad\/Provincia<\/a>","tag_info":"Ciudad\/Provincia","comment_count":"0","_links":{"self":[{"href":"https:\/\/apuntesdesanluis.com\/index.php\/wp-json\/wp\/v2\/posts\/14791","targetHints":{"allow":["GET"]}}],"collection":[{"href":"https:\/\/apuntesdesanluis.com\/index.php\/wp-json\/wp\/v2\/posts"}],"about":[{"href":"https:\/\/apuntesdesanluis.com\/index.php\/wp-json\/wp\/v2\/types\/post"}],"author":[{"embeddable":true,"href":"https:\/\/apuntesdesanluis.com\/index.php\/wp-json\/wp\/v2\/users\/1"}],"replies":[{"embeddable":true,"href":"https:\/\/apuntesdesanluis.com\/index.php\/wp-json\/wp\/v2\/comments?post=14791"}],"version-history":[{"count":1,"href":"https:\/\/apuntesdesanluis.com\/index.php\/wp-json\/wp\/v2\/posts\/14791\/revisions"}],"predecessor-version":[{"id":14795,"href":"https:\/\/apuntesdesanluis.com\/index.php\/wp-json\/wp\/v2\/posts\/14791\/revisions\/14795"}],"wp:featuredmedia":[{"embeddable":true,"href":"https:\/\/apuntesdesanluis.com\/index.php\/wp-json\/wp\/v2\/media\/14792"}],"wp:attachment":[{"href":"https:\/\/apuntesdesanluis.com\/index.php\/wp-json\/wp\/v2\/media?parent=14791"}],"wp:term":[{"taxonomy":"category","embeddable":true,"href":"https:\/\/apuntesdesanluis.com\/index.php\/wp-json\/wp\/v2\/categories?post=14791"},{"taxonomy":"post_tag","embeddable":true,"href":"https:\/\/apuntesdesanluis.com\/index.php\/wp-json\/wp\/v2\/tags?post=14791"}],"curies":[{"name":"wp","href":"https:\/\/api.w.org\/{rel}","templated":true}]}}