{"id":14796,"date":"2024-04-17T12:28:22","date_gmt":"2024-04-17T15:28:22","guid":{"rendered":"https:\/\/apuntesdesanluis.com\/?p=14796"},"modified":"2024-04-17T12:28:22","modified_gmt":"2024-04-17T15:28:22","slug":"prision-preventiva-para-integrantes-de-una-banda-que-asalto-un-comercio","status":"publish","type":"post","link":"https:\/\/apuntesdesanluis.com\/index.php\/2024\/04\/17\/prision-preventiva-para-integrantes-de-una-banda-que-asalto-un-comercio\/","title":{"rendered":"PRISI\u00d3N PREVENTIVA PARA INTEGRANTES DE UNA BANDA QUE ASALT\u00d3 UN COMERCIO"},"content":{"rendered":"<h3>En una extensa audiencia el Ministerio P\u00fablico Fiscal solicit\u00f3 el encarcelamiento preventivo de tres hombres que participaron de un hecho delictivo registrado el 6 de abril, en Villa Mercedes.<\/h3>\n<h3>A lo largo de una audiencia que comenz\u00f3 a las 12:45 y se extendi\u00f3 hasta casi las 6 de la tarde, el Ministerio P\u00fablico Fiscal de la Segunda Circunscripci\u00f3n \u2013 representado por el Dr. Maximiliano Bazla Cassina y la Dra. Cecilia Framini \u2013 solicit\u00f3 el encarcelamiento preventivo de tres hombres que participaron de un robo en una despensa ubicada en la calle Lisandro de Latorre, de Villa Mercedes.<\/h3>\n<h3>El hecho investigado ocurri\u00f3 el pasado seis de abril, cuando los imputados utilizando un arma de fuego y un arma blanca robaron 11 mil pesos de la caja registradora, celular y cuchillo.<\/h3>\n<h3>La audiencia de formulaci\u00f3n de cargos se celebr\u00f3 el pasado 8 de abril. Ayer, vencida la pr\u00f3rroga de detenci\u00f3n solicitada por la defensa, se celebr\u00f3 una nueva audiencia a fin de tratar el pedido de medida de coerci\u00f3n solicitada por el Ministerio P\u00fablico Fiscal.<\/h3>\n<p><img fetchpriority=\"high\" decoding=\"async\" class=\"wp-image-14798 aligncenter\" src=\"https:\/\/apuntesdesanluis.com\/wp-content\/uploads\/2024\/04\/fiscal-300x214.png\" alt=\"\" width=\"573\" height=\"409\" srcset=\"https:\/\/apuntesdesanluis.com\/wp-content\/uploads\/2024\/04\/fiscal-300x214.png 300w, https:\/\/apuntesdesanluis.com\/wp-content\/uploads\/2024\/04\/fiscal.png 510w\" sizes=\"(max-width: 573px) 100vw, 573px\" \/><\/p>\n<h3>Entre los argumentos mencionados a la hora de solicitar el encarcelamiento preventivo, el Ministerio P\u00fablico Fiscal destac\u00f3 la peligrosidad desplegada a la hora de cometer el hecho \u2013 uso de arma de fuego -; la evasi\u00f3n de los imputados\u00a0 ya que luego de cometer el hecho se dieron a la fuga y que dos de ellos no ten\u00edan residencia en Villa Mercedes como as\u00ed tambi\u00e9n, la peligrosidad de los imputados sobre los testigos.<\/h3>\n<h3>En la audiencia tambi\u00e9n estuvieron presentes en representaci\u00f3n de los imputados las defensoras oficiales \u2013 Dra. Victoria Celeste Su\u00e1rez y Ximena Bertoli -.<\/h3>\n<h3>Luego de escuchar los argumentos de las partes, el Dr. Mat\u00edas Farinazzo dispuso la prisi\u00f3n preventiva por el t\u00e9rmino de cuatro meses para los tres hombres, ordenando su traslado al Servicio Penitenciario Provincial, como co autores del delito de robo doblemente calificado por el uso de arma de fuego con aptitud para el disparo en poblado y en banda y rechaz\u00f3 el pedido de medida de coerci\u00f3n respecto a la mujer.<\/h3>\n<h3>Cabe mencionar que durante la ma\u00f1ana tambi\u00e9n se desarroll\u00f3 una extensa audiencia en una causa vinculada, por un hecho registrado el cuatro de abril en una gestor\u00eda de Villa Mercedes, donde dos personas \u2013 un hombre y una mujer \u2013 ingresaron y robaron un tel\u00e9fono celular, que la mujer ofreci\u00f3 posteriormente para comprar en la despensa ubicada en calle Lisandro de Latorre. En este expediente \u2013 donde se contin\u00faa la investigaci\u00f3n para identificar a los dos hombres que participaron del hecho \u2013 el Dr. Farinazzo Tempestini, Juez de Garant\u00eda N\u00ba 2 \u00a0de Villa Mercedes no dio lugar a la prisi\u00f3n preventiva solicitada por el Ministerio P\u00fablico Fiscal, conforme lo dispuesto en el Art. 206 inc b el cual establece que en caso de proceder condena condicional no procede la prisi\u00f3n preventiva.<\/h3>\n<h3><\/h3>\n<h3><\/h3>\n","protected":false},"excerpt":{"rendered":"<p>En una extensa audiencia el Ministerio P\u00fablico Fiscal solicit\u00f3 el encarcelamiento preventivo de tres hombres&#8230;<\/p>\n","protected":false},"author":1,"featured_media":14797,"comment_status":"closed","ping_status":"closed","sticky":false,"template":"","format":"standard","meta":{"footnotes":""},"categories":[6],"tags":[],"class_list":["post-14796","post","type-post","status-publish","format-standard","has-post-thumbnail","hentry","category-ciudad-provincia"],"yoast_head":"<!-- This site is optimized with the Yoast SEO plugin v26.1.1 - https:\/\/yoast.com\/wordpress\/plugins\/seo\/ -->\n<title>PRISI\u00d3N PREVENTIVA PARA INTEGRANTES DE UNA BANDA QUE ASALT\u00d3 UN COMERCIO - Apuntes de San Luis<\/title>\n<meta name=\"robots\" content=\"index, follow, max-snippet:-1, max-image-preview:large, max-video-preview:-1\" \/>\n<link rel=\"canonical\" href=\"https:\/\/apuntesdesanluis.com\/index.php\/2024\/04\/17\/prision-preventiva-para-integrantes-de-una-banda-que-asalto-un-comercio\/\" \/>\n<meta property=\"og:locale\" content=\"es_ES\" \/>\n<meta property=\"og:type\" content=\"article\" \/>\n<meta property=\"og:title\" content=\"PRISI\u00d3N PREVENTIVA PARA INTEGRANTES DE UNA BANDA QUE ASALT\u00d3 UN COMERCIO - Apuntes de San Luis\" \/>\n<meta property=\"og:description\" content=\"En una extensa audiencia el Ministerio P\u00fablico Fiscal solicit\u00f3 el encarcelamiento preventivo de tres hombres...\" \/>\n<meta property=\"og:url\" content=\"https:\/\/apuntesdesanluis.com\/index.php\/2024\/04\/17\/prision-preventiva-para-integrantes-de-una-banda-que-asalto-un-comercio\/\" \/>\n<meta property=\"og:site_name\" content=\"Apuntes de San Luis\" \/>\n<meta property=\"article:published_time\" content=\"2024-04-17T15:28:22+00:00\" \/>\n<meta property=\"og:image\" content=\"https:\/\/apuntesdesanluis.com\/wp-content\/uploads\/2024\/04\/juez.png\" \/>\n\t<meta property=\"og:image:width\" content=\"600\" \/>\n\t<meta property=\"og:image:height\" content=\"394\" \/>\n\t<meta property=\"og:image:type\" content=\"image\/png\" \/>\n<meta name=\"author\" content=\"apuntesdesanluis.com\" \/>\n<meta name=\"twitter:card\" content=\"summary_large_image\" \/>\n<meta name=\"twitter:label1\" content=\"Escrito por\" \/>\n\t<meta name=\"twitter:data1\" content=\"apuntesdesanluis.com\" \/>\n\t<meta name=\"twitter:label2\" content=\"Tiempo de lectura\" \/>\n\t<meta name=\"twitter:data2\" content=\"3 minutos\" \/>\n<script type=\"application\/ld+json\" class=\"yoast-schema-graph\">{\"@context\":\"https:\/\/schema.org\",\"@graph\":[{\"@type\":\"Article\",\"@id\":\"https:\/\/apuntesdesanluis.com\/index.php\/2024\/04\/17\/prision-preventiva-para-integrantes-de-una-banda-que-asalto-un-comercio\/#article\",\"isPartOf\":{\"@id\":\"https:\/\/apuntesdesanluis.com\/index.php\/2024\/04\/17\/prision-preventiva-para-integrantes-de-una-banda-que-asalto-un-comercio\/\"},\"author\":{\"name\":\"apuntesdesanluis.com\",\"@id\":\"https:\/\/apuntesdesanluis.com\/#\/schema\/person\/b55151d52296fcce64d1a72538a70b90\"},\"headline\":\"PRISI\u00d3N PREVENTIVA PARA INTEGRANTES DE UNA BANDA QUE ASALT\u00d3 UN COMERCIO\",\"datePublished\":\"2024-04-17T15:28:22+00:00\",\"mainEntityOfPage\":{\"@id\":\"https:\/\/apuntesdesanluis.com\/index.php\/2024\/04\/17\/prision-preventiva-para-integrantes-de-una-banda-que-asalto-un-comercio\/\"},\"wordCount\":497,\"publisher\":{\"@id\":\"https:\/\/apuntesdesanluis.com\/#\/schema\/person\/b55151d52296fcce64d1a72538a70b90\"},\"image\":{\"@id\":\"https:\/\/apuntesdesanluis.com\/index.php\/2024\/04\/17\/prision-preventiva-para-integrantes-de-una-banda-que-asalto-un-comercio\/#primaryimage\"},\"thumbnailUrl\":\"https:\/\/apuntesdesanluis.com\/wp-content\/uploads\/2024\/04\/juez.png\",\"articleSection\":[\"Ciudad\/Provincia\"],\"inLanguage\":\"es-AR\"},{\"@type\":\"WebPage\",\"@id\":\"https:\/\/apuntesdesanluis.com\/index.php\/2024\/04\/17\/prision-preventiva-para-integrantes-de-una-banda-que-asalto-un-comercio\/\",\"url\":\"https:\/\/apuntesdesanluis.com\/index.php\/2024\/04\/17\/prision-preventiva-para-integrantes-de-una-banda-que-asalto-un-comercio\/\",\"name\":\"PRISI\u00d3N PREVENTIVA PARA INTEGRANTES DE UNA BANDA QUE ASALT\u00d3 UN COMERCIO - Apuntes de San Luis\",\"isPartOf\":{\"@id\":\"https:\/\/apuntesdesanluis.com\/#website\"},\"primaryImageOfPage\":{\"@id\":\"https:\/\/apuntesdesanluis.com\/index.php\/2024\/04\/17\/prision-preventiva-para-integrantes-de-una-banda-que-asalto-un-comercio\/#primaryimage\"},\"image\":{\"@id\":\"https:\/\/apuntesdesanluis.com\/index.php\/2024\/04\/17\/prision-preventiva-para-integrantes-de-una-banda-que-asalto-un-comercio\/#primaryimage\"},\"thumbnailUrl\":\"https:\/\/apuntesdesanluis.com\/wp-content\/uploads\/2024\/04\/juez.png\",\"datePublished\":\"2024-04-17T15:28:22+00:00\",\"breadcrumb\":{\"@id\":\"https:\/\/apuntesdesanluis.com\/index.php\/2024\/04\/17\/prision-preventiva-para-integrantes-de-una-banda-que-asalto-un-comercio\/#breadcrumb\"},\"inLanguage\":\"es-AR\",\"potentialAction\":[{\"@type\":\"ReadAction\",\"target\":[\"https:\/\/apuntesdesanluis.com\/index.php\/2024\/04\/17\/prision-preventiva-para-integrantes-de-una-banda-que-asalto-un-comercio\/\"]}]},{\"@type\":\"ImageObject\",\"inLanguage\":\"es-AR\",\"@id\":\"https:\/\/apuntesdesanluis.com\/index.php\/2024\/04\/17\/prision-preventiva-para-integrantes-de-una-banda-que-asalto-un-comercio\/#primaryimage\",\"url\":\"https:\/\/apuntesdesanluis.com\/wp-content\/uploads\/2024\/04\/juez.png\",\"contentUrl\":\"https:\/\/apuntesdesanluis.com\/wp-content\/uploads\/2024\/04\/juez.png\",\"width\":600,\"height\":394},{\"@type\":\"BreadcrumbList\",\"@id\":\"https:\/\/apuntesdesanluis.com\/index.php\/2024\/04\/17\/prision-preventiva-para-integrantes-de-una-banda-que-asalto-un-comercio\/#breadcrumb\",\"itemListElement\":[{\"@type\":\"ListItem\",\"position\":1,\"name\":\"Inicio\",\"item\":\"https:\/\/apuntesdesanluis.com\/\"},{\"@type\":\"ListItem\",\"position\":2,\"name\":\"PRISI\u00d3N PREVENTIVA PARA INTEGRANTES DE UNA BANDA QUE ASALT\u00d3 UN COMERCIO\"}]},{\"@type\":\"WebSite\",\"@id\":\"https:\/\/apuntesdesanluis.com\/#website\",\"url\":\"https:\/\/apuntesdesanluis.com\/\",\"name\":\"Apuntes de San Luis\",\"description\":\"\",\"publisher\":{\"@id\":\"https:\/\/apuntesdesanluis.com\/#\/schema\/person\/b55151d52296fcce64d1a72538a70b90\"},\"potentialAction\":[{\"@type\":\"SearchAction\",\"target\":{\"@type\":\"EntryPoint\",\"urlTemplate\":\"https:\/\/apuntesdesanluis.com\/?s={search_term_string}\"},\"query-input\":{\"@type\":\"PropertyValueSpecification\",\"valueRequired\":true,\"valueName\":\"search_term_string\"}}],\"inLanguage\":\"es-AR\"},{\"@type\":[\"Person\",\"Organization\"],\"@id\":\"https:\/\/apuntesdesanluis.com\/#\/schema\/person\/b55151d52296fcce64d1a72538a70b90\",\"name\":\"apuntesdesanluis.com\",\"image\":{\"@type\":\"ImageObject\",\"inLanguage\":\"es-AR\",\"@id\":\"https:\/\/apuntesdesanluis.com\/#\/schema\/person\/image\/\",\"url\":\"https:\/\/apuntesdesanluis.com\/wp-content\/uploads\/2023\/07\/cropped-apuntesdesanluis.png\",\"contentUrl\":\"https:\/\/apuntesdesanluis.com\/wp-content\/uploads\/2023\/07\/cropped-apuntesdesanluis.png\",\"width\":450,\"height\":112,\"caption\":\"apuntesdesanluis.com\"},\"logo\":{\"@id\":\"https:\/\/apuntesdesanluis.com\/#\/schema\/person\/image\/\"},\"sameAs\":[\"https:\/\/apuntesdesanluis.com\"],\"url\":\"https:\/\/apuntesdesanluis.com\/index.php\/author\/apuntesdesanluis-com\/\"}]}<\/script>\n<!-- \/ Yoast SEO plugin. -->","yoast_head_json":{"title":"PRISI\u00d3N PREVENTIVA PARA INTEGRANTES DE UNA BANDA QUE ASALT\u00d3 UN COMERCIO - Apuntes de San Luis","robots":{"index":"index","follow":"follow","max-snippet":"max-snippet:-1","max-image-preview":"max-image-preview:large","max-video-preview":"max-video-preview:-1"},"canonical":"https:\/\/apuntesdesanluis.com\/index.php\/2024\/04\/17\/prision-preventiva-para-integrantes-de-una-banda-que-asalto-un-comercio\/","og_locale":"es_ES","og_type":"article","og_title":"PRISI\u00d3N PREVENTIVA PARA INTEGRANTES DE UNA BANDA QUE ASALT\u00d3 UN COMERCIO - Apuntes de San Luis","og_description":"En una extensa audiencia el Ministerio P\u00fablico Fiscal solicit\u00f3 el encarcelamiento preventivo de tres hombres...","og_url":"https:\/\/apuntesdesanluis.com\/index.php\/2024\/04\/17\/prision-preventiva-para-integrantes-de-una-banda-que-asalto-un-comercio\/","og_site_name":"Apuntes de San Luis","article_published_time":"2024-04-17T15:28:22+00:00","og_image":[{"width":600,"height":394,"url":"https:\/\/apuntesdesanluis.com\/wp-content\/uploads\/2024\/04\/juez.png","type":"image\/png"}],"author":"apuntesdesanluis.com","twitter_card":"summary_large_image","twitter_misc":{"Escrito por":"apuntesdesanluis.com","Tiempo de lectura":"3 minutos"},"schema":{"@context":"https:\/\/schema.org","@graph":[{"@type":"Article","@id":"https:\/\/apuntesdesanluis.com\/index.php\/2024\/04\/17\/prision-preventiva-para-integrantes-de-una-banda-que-asalto-un-comercio\/#article","isPartOf":{"@id":"https:\/\/apuntesdesanluis.com\/index.php\/2024\/04\/17\/prision-preventiva-para-integrantes-de-una-banda-que-asalto-un-comercio\/"},"author":{"name":"apuntesdesanluis.com","@id":"https:\/\/apuntesdesanluis.com\/#\/schema\/person\/b55151d52296fcce64d1a72538a70b90"},"headline":"PRISI\u00d3N PREVENTIVA PARA INTEGRANTES DE UNA BANDA QUE ASALT\u00d3 UN COMERCIO","datePublished":"2024-04-17T15:28:22+00:00","mainEntityOfPage":{"@id":"https:\/\/apuntesdesanluis.com\/index.php\/2024\/04\/17\/prision-preventiva-para-integrantes-de-una-banda-que-asalto-un-comercio\/"},"wordCount":497,"publisher":{"@id":"https:\/\/apuntesdesanluis.com\/#\/schema\/person\/b55151d52296fcce64d1a72538a70b90"},"image":{"@id":"https:\/\/apuntesdesanluis.com\/index.php\/2024\/04\/17\/prision-preventiva-para-integrantes-de-una-banda-que-asalto-un-comercio\/#primaryimage"},"thumbnailUrl":"https:\/\/apuntesdesanluis.com\/wp-content\/uploads\/2024\/04\/juez.png","articleSection":["Ciudad\/Provincia"],"inLanguage":"es-AR"},{"@type":"WebPage","@id":"https:\/\/apuntesdesanluis.com\/index.php\/2024\/04\/17\/prision-preventiva-para-integrantes-de-una-banda-que-asalto-un-comercio\/","url":"https:\/\/apuntesdesanluis.com\/index.php\/2024\/04\/17\/prision-preventiva-para-integrantes-de-una-banda-que-asalto-un-comercio\/","name":"PRISI\u00d3N PREVENTIVA PARA INTEGRANTES DE UNA BANDA QUE ASALT\u00d3 UN COMERCIO - Apuntes de San Luis","isPartOf":{"@id":"https:\/\/apuntesdesanluis.com\/#website"},"primaryImageOfPage":{"@id":"https:\/\/apuntesdesanluis.com\/index.php\/2024\/04\/17\/prision-preventiva-para-integrantes-de-una-banda-que-asalto-un-comercio\/#primaryimage"},"image":{"@id":"https:\/\/apuntesdesanluis.com\/index.php\/2024\/04\/17\/prision-preventiva-para-integrantes-de-una-banda-que-asalto-un-comercio\/#primaryimage"},"thumbnailUrl":"https:\/\/apuntesdesanluis.com\/wp-content\/uploads\/2024\/04\/juez.png","datePublished":"2024-04-17T15:28:22+00:00","breadcrumb":{"@id":"https:\/\/apuntesdesanluis.com\/index.php\/2024\/04\/17\/prision-preventiva-para-integrantes-de-una-banda-que-asalto-un-comercio\/#breadcrumb"},"inLanguage":"es-AR","potentialAction":[{"@type":"ReadAction","target":["https:\/\/apuntesdesanluis.com\/index.php\/2024\/04\/17\/prision-preventiva-para-integrantes-de-una-banda-que-asalto-un-comercio\/"]}]},{"@type":"ImageObject","inLanguage":"es-AR","@id":"https:\/\/apuntesdesanluis.com\/index.php\/2024\/04\/17\/prision-preventiva-para-integrantes-de-una-banda-que-asalto-un-comercio\/#primaryimage","url":"https:\/\/apuntesdesanluis.com\/wp-content\/uploads\/2024\/04\/juez.png","contentUrl":"https:\/\/apuntesdesanluis.com\/wp-content\/uploads\/2024\/04\/juez.png","width":600,"height":394},{"@type":"BreadcrumbList","@id":"https:\/\/apuntesdesanluis.com\/index.php\/2024\/04\/17\/prision-preventiva-para-integrantes-de-una-banda-que-asalto-un-comercio\/#breadcrumb","itemListElement":[{"@type":"ListItem","position":1,"name":"Inicio","item":"https:\/\/apuntesdesanluis.com\/"},{"@type":"ListItem","position":2,"name":"PRISI\u00d3N PREVENTIVA PARA INTEGRANTES DE UNA BANDA QUE ASALT\u00d3 UN COMERCIO"}]},{"@type":"WebSite","@id":"https:\/\/apuntesdesanluis.com\/#website","url":"https:\/\/apuntesdesanluis.com\/","name":"Apuntes de San Luis","description":"","publisher":{"@id":"https:\/\/apuntesdesanluis.com\/#\/schema\/person\/b55151d52296fcce64d1a72538a70b90"},"potentialAction":[{"@type":"SearchAction","target":{"@type":"EntryPoint","urlTemplate":"https:\/\/apuntesdesanluis.com\/?s={search_term_string}"},"query-input":{"@type":"PropertyValueSpecification","valueRequired":true,"valueName":"search_term_string"}}],"inLanguage":"es-AR"},{"@type":["Person","Organization"],"@id":"https:\/\/apuntesdesanluis.com\/#\/schema\/person\/b55151d52296fcce64d1a72538a70b90","name":"apuntesdesanluis.com","image":{"@type":"ImageObject","inLanguage":"es-AR","@id":"https:\/\/apuntesdesanluis.com\/#\/schema\/person\/image\/","url":"https:\/\/apuntesdesanluis.com\/wp-content\/uploads\/2023\/07\/cropped-apuntesdesanluis.png","contentUrl":"https:\/\/apuntesdesanluis.com\/wp-content\/uploads\/2023\/07\/cropped-apuntesdesanluis.png","width":450,"height":112,"caption":"apuntesdesanluis.com"},"logo":{"@id":"https:\/\/apuntesdesanluis.com\/#\/schema\/person\/image\/"},"sameAs":["https:\/\/apuntesdesanluis.com"],"url":"https:\/\/apuntesdesanluis.com\/index.php\/author\/apuntesdesanluis-com\/"}]}},"featured_image_urls":{"full":["https:\/\/apuntesdesanluis.com\/wp-content\/uploads\/2024\/04\/juez.png",600,394,false],"thumbnail":["https:\/\/apuntesdesanluis.com\/wp-content\/uploads\/2024\/04\/juez-150x150.png",150,150,true],"medium":["https:\/\/apuntesdesanluis.com\/wp-content\/uploads\/2024\/04\/juez-300x197.png",300,197,true],"medium_large":["https:\/\/apuntesdesanluis.com\/wp-content\/uploads\/2024\/04\/juez.png",600,394,false],"large":["https:\/\/apuntesdesanluis.com\/wp-content\/uploads\/2024\/04\/juez.png",600,394,false],"1536x1536":["https:\/\/apuntesdesanluis.com\/wp-content\/uploads\/2024\/04\/juez.png",600,394,false],"2048x2048":["https:\/\/apuntesdesanluis.com\/wp-content\/uploads\/2024\/04\/juez.png",600,394,false],"newsever-slider-full":["https:\/\/apuntesdesanluis.com\/wp-content\/uploads\/2024\/04\/juez.png",600,394,false],"newsever-featured":["https:\/\/apuntesdesanluis.com\/wp-content\/uploads\/2024\/04\/juez.png",600,394,false],"newsever-medium":["https:\/\/apuntesdesanluis.com\/wp-content\/uploads\/2024\/04\/juez.png",600,394,false]},"author_info":{"display_name":"apuntesdesanluis.com","author_link":"https:\/\/apuntesdesanluis.com\/index.php\/author\/apuntesdesanluis-com\/"},"category_info":"<a href=\"https:\/\/apuntesdesanluis.com\/index.php\/category\/ciudad-provincia\/\" rel=\"category tag\">Ciudad\/Provincia<\/a>","tag_info":"Ciudad\/Provincia","comment_count":"0","_links":{"self":[{"href":"https:\/\/apuntesdesanluis.com\/index.php\/wp-json\/wp\/v2\/posts\/14796","targetHints":{"allow":["GET"]}}],"collection":[{"href":"https:\/\/apuntesdesanluis.com\/index.php\/wp-json\/wp\/v2\/posts"}],"about":[{"href":"https:\/\/apuntesdesanluis.com\/index.php\/wp-json\/wp\/v2\/types\/post"}],"author":[{"embeddable":true,"href":"https:\/\/apuntesdesanluis.com\/index.php\/wp-json\/wp\/v2\/users\/1"}],"replies":[{"embeddable":true,"href":"https:\/\/apuntesdesanluis.com\/index.php\/wp-json\/wp\/v2\/comments?post=14796"}],"version-history":[{"count":1,"href":"https:\/\/apuntesdesanluis.com\/index.php\/wp-json\/wp\/v2\/posts\/14796\/revisions"}],"predecessor-version":[{"id":14799,"href":"https:\/\/apuntesdesanluis.com\/index.php\/wp-json\/wp\/v2\/posts\/14796\/revisions\/14799"}],"wp:featuredmedia":[{"embeddable":true,"href":"https:\/\/apuntesdesanluis.com\/index.php\/wp-json\/wp\/v2\/media\/14797"}],"wp:attachment":[{"href":"https:\/\/apuntesdesanluis.com\/index.php\/wp-json\/wp\/v2\/media?parent=14796"}],"wp:term":[{"taxonomy":"category","embeddable":true,"href":"https:\/\/apuntesdesanluis.com\/index.php\/wp-json\/wp\/v2\/categories?post=14796"},{"taxonomy":"post_tag","embeddable":true,"href":"https:\/\/apuntesdesanluis.com\/index.php\/wp-json\/wp\/v2\/tags?post=14796"}],"curies":[{"name":"wp","href":"https:\/\/api.w.org\/{rel}","templated":true}]}}