{"id":14800,"date":"2024-04-17T12:37:50","date_gmt":"2024-04-17T15:37:50","guid":{"rendered":"https:\/\/apuntesdesanluis.com\/?p=14800"},"modified":"2024-04-17T12:37:50","modified_gmt":"2024-04-17T15:37:50","slug":"detalles-del-secuestro-de-13-armas-de-fuego-tras-21-allanamientos-en-villa-mercedes","status":"publish","type":"post","link":"https:\/\/apuntesdesanluis.com\/index.php\/2024\/04\/17\/detalles-del-secuestro-de-13-armas-de-fuego-tras-21-allanamientos-en-villa-mercedes\/","title":{"rendered":"DETALLES DEL SECUESTRO DE 13 ARMAS DE FUEGO TRAS 21 ALLANAMIENTOS EN VILLA MERCEDES"},"content":{"rendered":"<h3>El operativo estar\u00eda vinculado a distintos hechos delictivos.<\/h3>\n<h3>Este mi\u00e9rcoles por la ma\u00f1ana el Ministerio P\u00fablico Fiscal junto a personal policial del Departamento de Investigaciones-DG13- brind\u00f3 una conferencia de prensa en relaci\u00f3n a la investigaci\u00f3n de una causa donde se realizaron 21 allanamientos.<\/h3>\n<h3>La conferencia se desarroll\u00f3 en la sala de prensa de la Unidad de Prensa y Comunicaci\u00f3n Institucional de la Segunda Circunscripci\u00f3n Judicial.<\/h3>\n<h3>Desde el Ministerio P\u00fablico Fiscal estuvieron presentes el Dr. Maximiliano Bazla Cassina \u2013Fiscal de Instrucci\u00f3n N\u00ba 1-, las Dras. Cecilia Framini y Nayla Cabrera Mu\u00f1oz \u2013Fiscales Adjuntas-. De la polic\u00eda estuvieron el Jefe de la DG13 Comisario General,\u00a0 Adrian Ramallo; Jefe de Unidad, Juan Salinas; Jefe del Departamento de investigaciones Villa Mercedes Comisario, Germ\u00e1n G\u00f3mez.<\/h3>\n<h3>El fiscal inform\u00f3 que en la jornada de ayer martes 16 de abril se realizaron 21 allanamientos en distintos domicilios de la ciudad de Villa Mercedes en el marco de una investigaci\u00f3n que se est\u00e1 realizando por la utilizaci\u00f3n de armas que ser\u00edan utilizadas en m\u00faltiples hechos il\u00edcitos.<\/h3>\n<h3>Asimismo, se debe determinar la existencia de personas que ten\u00edan en su poder estas armas, si las alquilaban o vend\u00edan y si existe alg\u00fan grado de participaci\u00f3n en los hechos, dijo el fiscal.<\/h3>\n<p><img fetchpriority=\"high\" decoding=\"async\" class=\"wp-image-14802 aligncenter\" src=\"https:\/\/apuntesdesanluis.com\/wp-content\/uploads\/2024\/04\/armas-300x162.png\" alt=\"\" width=\"591\" height=\"319\" srcset=\"https:\/\/apuntesdesanluis.com\/wp-content\/uploads\/2024\/04\/armas-300x162.png 300w, https:\/\/apuntesdesanluis.com\/wp-content\/uploads\/2024\/04\/armas.png 596w\" sizes=\"(max-width: 591px) 100vw, 591px\" \/><\/p>\n<h3>\u201cSe secuestraron 13 armas de fuego de distintos calibres. Los procedimientos fueron efectivos porque se sacaron 13 armas de circulaci\u00f3n que no se encontraban registradas y que podr\u00edan ser utilizadas para cometer il\u00edcitos\u201d explic\u00f3 el Dr. Bazla.<\/h3>\n<p><iframe title=\"Conferencia de Prensa- 21 allanamientos causa por armas de fuego\" width=\"640\" height=\"360\" src=\"https:\/\/www.youtube.com\/embed\/99DDD3_Ygrg?feature=oembed\" frameborder=\"0\" allow=\"accelerometer; autoplay; clipboard-write; encrypted-media; gyroscope; picture-in-picture; web-share\" referrerpolicy=\"strict-origin-when-cross-origin\" allowfullscreen><\/iframe><\/p>\n<p>&nbsp;<\/p>\n<p>&nbsp;<\/p>\n<p>&nbsp;<\/p>\n<p>&nbsp;<\/p>\n<p>&nbsp;<\/p>\n","protected":false},"excerpt":{"rendered":"<p>El operativo estar\u00eda vinculado a distintos hechos delictivos. Este mi\u00e9rcoles por la ma\u00f1ana el Ministerio&#8230;<\/p>\n","protected":false},"author":1,"featured_media":14801,"comment_status":"closed","ping_status":"closed","sticky":false,"template":"","format":"standard","meta":{"footnotes":""},"categories":[6],"tags":[],"class_list":["post-14800","post","type-post","status-publish","format-standard","has-post-thumbnail","hentry","category-ciudad-provincia"],"yoast_head":"<!-- This site is optimized with the Yoast SEO plugin v26.1.1 - https:\/\/yoast.com\/wordpress\/plugins\/seo\/ -->\n<title>DETALLES DEL SECUESTRO DE 13 ARMAS DE FUEGO TRAS 21 ALLANAMIENTOS EN VILLA MERCEDES - Apuntes de San Luis<\/title>\n<meta name=\"robots\" content=\"index, follow, max-snippet:-1, max-image-preview:large, max-video-preview:-1\" \/>\n<link rel=\"canonical\" href=\"https:\/\/apuntesdesanluis.com\/index.php\/2024\/04\/17\/detalles-del-secuestro-de-13-armas-de-fuego-tras-21-allanamientos-en-villa-mercedes\/\" \/>\n<meta property=\"og:locale\" content=\"es_ES\" \/>\n<meta property=\"og:type\" content=\"article\" \/>\n<meta property=\"og:title\" content=\"DETALLES DEL SECUESTRO DE 13 ARMAS DE FUEGO TRAS 21 ALLANAMIENTOS EN VILLA MERCEDES - Apuntes de San Luis\" \/>\n<meta property=\"og:description\" content=\"El operativo estar\u00eda vinculado a distintos hechos delictivos. Este mi\u00e9rcoles por la ma\u00f1ana el Ministerio...\" \/>\n<meta property=\"og:url\" content=\"https:\/\/apuntesdesanluis.com\/index.php\/2024\/04\/17\/detalles-del-secuestro-de-13-armas-de-fuego-tras-21-allanamientos-en-villa-mercedes\/\" \/>\n<meta property=\"og:site_name\" content=\"Apuntes de San Luis\" \/>\n<meta property=\"article:published_time\" content=\"2024-04-17T15:37:50+00:00\" \/>\n<meta property=\"og:image\" content=\"https:\/\/apuntesdesanluis.com\/wp-content\/uploads\/2024\/04\/conferencia.png\" \/>\n\t<meta property=\"og:image:width\" content=\"600\" \/>\n\t<meta property=\"og:image:height\" content=\"331\" \/>\n\t<meta property=\"og:image:type\" content=\"image\/png\" \/>\n<meta name=\"author\" content=\"apuntesdesanluis.com\" \/>\n<meta name=\"twitter:card\" content=\"summary_large_image\" \/>\n<meta name=\"twitter:label1\" content=\"Escrito por\" \/>\n\t<meta name=\"twitter:data1\" content=\"apuntesdesanluis.com\" \/>\n\t<meta name=\"twitter:label2\" content=\"Tiempo de lectura\" \/>\n\t<meta name=\"twitter:data2\" content=\"2 minutos\" \/>\n<script type=\"application\/ld+json\" class=\"yoast-schema-graph\">{\"@context\":\"https:\/\/schema.org\",\"@graph\":[{\"@type\":\"Article\",\"@id\":\"https:\/\/apuntesdesanluis.com\/index.php\/2024\/04\/17\/detalles-del-secuestro-de-13-armas-de-fuego-tras-21-allanamientos-en-villa-mercedes\/#article\",\"isPartOf\":{\"@id\":\"https:\/\/apuntesdesanluis.com\/index.php\/2024\/04\/17\/detalles-del-secuestro-de-13-armas-de-fuego-tras-21-allanamientos-en-villa-mercedes\/\"},\"author\":{\"name\":\"apuntesdesanluis.com\",\"@id\":\"https:\/\/apuntesdesanluis.com\/#\/schema\/person\/b55151d52296fcce64d1a72538a70b90\"},\"headline\":\"DETALLES DEL SECUESTRO DE 13 ARMAS DE FUEGO TRAS 21 ALLANAMIENTOS EN VILLA MERCEDES\",\"datePublished\":\"2024-04-17T15:37:50+00:00\",\"mainEntityOfPage\":{\"@id\":\"https:\/\/apuntesdesanluis.com\/index.php\/2024\/04\/17\/detalles-del-secuestro-de-13-armas-de-fuego-tras-21-allanamientos-en-villa-mercedes\/\"},\"wordCount\":287,\"publisher\":{\"@id\":\"https:\/\/apuntesdesanluis.com\/#\/schema\/person\/b55151d52296fcce64d1a72538a70b90\"},\"image\":{\"@id\":\"https:\/\/apuntesdesanluis.com\/index.php\/2024\/04\/17\/detalles-del-secuestro-de-13-armas-de-fuego-tras-21-allanamientos-en-villa-mercedes\/#primaryimage\"},\"thumbnailUrl\":\"https:\/\/apuntesdesanluis.com\/wp-content\/uploads\/2024\/04\/conferencia.png\",\"articleSection\":[\"Ciudad\/Provincia\"],\"inLanguage\":\"es-AR\"},{\"@type\":\"WebPage\",\"@id\":\"https:\/\/apuntesdesanluis.com\/index.php\/2024\/04\/17\/detalles-del-secuestro-de-13-armas-de-fuego-tras-21-allanamientos-en-villa-mercedes\/\",\"url\":\"https:\/\/apuntesdesanluis.com\/index.php\/2024\/04\/17\/detalles-del-secuestro-de-13-armas-de-fuego-tras-21-allanamientos-en-villa-mercedes\/\",\"name\":\"DETALLES DEL SECUESTRO DE 13 ARMAS DE FUEGO TRAS 21 ALLANAMIENTOS EN VILLA MERCEDES - Apuntes de San Luis\",\"isPartOf\":{\"@id\":\"https:\/\/apuntesdesanluis.com\/#website\"},\"primaryImageOfPage\":{\"@id\":\"https:\/\/apuntesdesanluis.com\/index.php\/2024\/04\/17\/detalles-del-secuestro-de-13-armas-de-fuego-tras-21-allanamientos-en-villa-mercedes\/#primaryimage\"},\"image\":{\"@id\":\"https:\/\/apuntesdesanluis.com\/index.php\/2024\/04\/17\/detalles-del-secuestro-de-13-armas-de-fuego-tras-21-allanamientos-en-villa-mercedes\/#primaryimage\"},\"thumbnailUrl\":\"https:\/\/apuntesdesanluis.com\/wp-content\/uploads\/2024\/04\/conferencia.png\",\"datePublished\":\"2024-04-17T15:37:50+00:00\",\"breadcrumb\":{\"@id\":\"https:\/\/apuntesdesanluis.com\/index.php\/2024\/04\/17\/detalles-del-secuestro-de-13-armas-de-fuego-tras-21-allanamientos-en-villa-mercedes\/#breadcrumb\"},\"inLanguage\":\"es-AR\",\"potentialAction\":[{\"@type\":\"ReadAction\",\"target\":[\"https:\/\/apuntesdesanluis.com\/index.php\/2024\/04\/17\/detalles-del-secuestro-de-13-armas-de-fuego-tras-21-allanamientos-en-villa-mercedes\/\"]}]},{\"@type\":\"ImageObject\",\"inLanguage\":\"es-AR\",\"@id\":\"https:\/\/apuntesdesanluis.com\/index.php\/2024\/04\/17\/detalles-del-secuestro-de-13-armas-de-fuego-tras-21-allanamientos-en-villa-mercedes\/#primaryimage\",\"url\":\"https:\/\/apuntesdesanluis.com\/wp-content\/uploads\/2024\/04\/conferencia.png\",\"contentUrl\":\"https:\/\/apuntesdesanluis.com\/wp-content\/uploads\/2024\/04\/conferencia.png\",\"width\":600,\"height\":331},{\"@type\":\"BreadcrumbList\",\"@id\":\"https:\/\/apuntesdesanluis.com\/index.php\/2024\/04\/17\/detalles-del-secuestro-de-13-armas-de-fuego-tras-21-allanamientos-en-villa-mercedes\/#breadcrumb\",\"itemListElement\":[{\"@type\":\"ListItem\",\"position\":1,\"name\":\"Inicio\",\"item\":\"https:\/\/apuntesdesanluis.com\/\"},{\"@type\":\"ListItem\",\"position\":2,\"name\":\"DETALLES DEL SECUESTRO DE 13 ARMAS DE FUEGO TRAS 21 ALLANAMIENTOS EN VILLA MERCEDES\"}]},{\"@type\":\"WebSite\",\"@id\":\"https:\/\/apuntesdesanluis.com\/#website\",\"url\":\"https:\/\/apuntesdesanluis.com\/\",\"name\":\"Apuntes de San Luis\",\"description\":\"\",\"publisher\":{\"@id\":\"https:\/\/apuntesdesanluis.com\/#\/schema\/person\/b55151d52296fcce64d1a72538a70b90\"},\"potentialAction\":[{\"@type\":\"SearchAction\",\"target\":{\"@type\":\"EntryPoint\",\"urlTemplate\":\"https:\/\/apuntesdesanluis.com\/?s={search_term_string}\"},\"query-input\":{\"@type\":\"PropertyValueSpecification\",\"valueRequired\":true,\"valueName\":\"search_term_string\"}}],\"inLanguage\":\"es-AR\"},{\"@type\":[\"Person\",\"Organization\"],\"@id\":\"https:\/\/apuntesdesanluis.com\/#\/schema\/person\/b55151d52296fcce64d1a72538a70b90\",\"name\":\"apuntesdesanluis.com\",\"image\":{\"@type\":\"ImageObject\",\"inLanguage\":\"es-AR\",\"@id\":\"https:\/\/apuntesdesanluis.com\/#\/schema\/person\/image\/\",\"url\":\"https:\/\/apuntesdesanluis.com\/wp-content\/uploads\/2023\/07\/cropped-apuntesdesanluis.png\",\"contentUrl\":\"https:\/\/apuntesdesanluis.com\/wp-content\/uploads\/2023\/07\/cropped-apuntesdesanluis.png\",\"width\":450,\"height\":112,\"caption\":\"apuntesdesanluis.com\"},\"logo\":{\"@id\":\"https:\/\/apuntesdesanluis.com\/#\/schema\/person\/image\/\"},\"sameAs\":[\"https:\/\/apuntesdesanluis.com\"],\"url\":\"https:\/\/apuntesdesanluis.com\/index.php\/author\/apuntesdesanluis-com\/\"}]}<\/script>\n<!-- \/ Yoast SEO plugin. -->","yoast_head_json":{"title":"DETALLES DEL SECUESTRO DE 13 ARMAS DE FUEGO TRAS 21 ALLANAMIENTOS EN VILLA MERCEDES - Apuntes de San Luis","robots":{"index":"index","follow":"follow","max-snippet":"max-snippet:-1","max-image-preview":"max-image-preview:large","max-video-preview":"max-video-preview:-1"},"canonical":"https:\/\/apuntesdesanluis.com\/index.php\/2024\/04\/17\/detalles-del-secuestro-de-13-armas-de-fuego-tras-21-allanamientos-en-villa-mercedes\/","og_locale":"es_ES","og_type":"article","og_title":"DETALLES DEL SECUESTRO DE 13 ARMAS DE FUEGO TRAS 21 ALLANAMIENTOS EN VILLA MERCEDES - Apuntes de San Luis","og_description":"El operativo estar\u00eda vinculado a distintos hechos delictivos. Este mi\u00e9rcoles por la ma\u00f1ana el Ministerio...","og_url":"https:\/\/apuntesdesanluis.com\/index.php\/2024\/04\/17\/detalles-del-secuestro-de-13-armas-de-fuego-tras-21-allanamientos-en-villa-mercedes\/","og_site_name":"Apuntes de San Luis","article_published_time":"2024-04-17T15:37:50+00:00","og_image":[{"width":600,"height":331,"url":"https:\/\/apuntesdesanluis.com\/wp-content\/uploads\/2024\/04\/conferencia.png","type":"image\/png"}],"author":"apuntesdesanluis.com","twitter_card":"summary_large_image","twitter_misc":{"Escrito por":"apuntesdesanluis.com","Tiempo de lectura":"2 minutos"},"schema":{"@context":"https:\/\/schema.org","@graph":[{"@type":"Article","@id":"https:\/\/apuntesdesanluis.com\/index.php\/2024\/04\/17\/detalles-del-secuestro-de-13-armas-de-fuego-tras-21-allanamientos-en-villa-mercedes\/#article","isPartOf":{"@id":"https:\/\/apuntesdesanluis.com\/index.php\/2024\/04\/17\/detalles-del-secuestro-de-13-armas-de-fuego-tras-21-allanamientos-en-villa-mercedes\/"},"author":{"name":"apuntesdesanluis.com","@id":"https:\/\/apuntesdesanluis.com\/#\/schema\/person\/b55151d52296fcce64d1a72538a70b90"},"headline":"DETALLES DEL SECUESTRO DE 13 ARMAS DE FUEGO TRAS 21 ALLANAMIENTOS EN VILLA MERCEDES","datePublished":"2024-04-17T15:37:50+00:00","mainEntityOfPage":{"@id":"https:\/\/apuntesdesanluis.com\/index.php\/2024\/04\/17\/detalles-del-secuestro-de-13-armas-de-fuego-tras-21-allanamientos-en-villa-mercedes\/"},"wordCount":287,"publisher":{"@id":"https:\/\/apuntesdesanluis.com\/#\/schema\/person\/b55151d52296fcce64d1a72538a70b90"},"image":{"@id":"https:\/\/apuntesdesanluis.com\/index.php\/2024\/04\/17\/detalles-del-secuestro-de-13-armas-de-fuego-tras-21-allanamientos-en-villa-mercedes\/#primaryimage"},"thumbnailUrl":"https:\/\/apuntesdesanluis.com\/wp-content\/uploads\/2024\/04\/conferencia.png","articleSection":["Ciudad\/Provincia"],"inLanguage":"es-AR"},{"@type":"WebPage","@id":"https:\/\/apuntesdesanluis.com\/index.php\/2024\/04\/17\/detalles-del-secuestro-de-13-armas-de-fuego-tras-21-allanamientos-en-villa-mercedes\/","url":"https:\/\/apuntesdesanluis.com\/index.php\/2024\/04\/17\/detalles-del-secuestro-de-13-armas-de-fuego-tras-21-allanamientos-en-villa-mercedes\/","name":"DETALLES DEL SECUESTRO DE 13 ARMAS DE FUEGO TRAS 21 ALLANAMIENTOS EN VILLA MERCEDES - Apuntes de San Luis","isPartOf":{"@id":"https:\/\/apuntesdesanluis.com\/#website"},"primaryImageOfPage":{"@id":"https:\/\/apuntesdesanluis.com\/index.php\/2024\/04\/17\/detalles-del-secuestro-de-13-armas-de-fuego-tras-21-allanamientos-en-villa-mercedes\/#primaryimage"},"image":{"@id":"https:\/\/apuntesdesanluis.com\/index.php\/2024\/04\/17\/detalles-del-secuestro-de-13-armas-de-fuego-tras-21-allanamientos-en-villa-mercedes\/#primaryimage"},"thumbnailUrl":"https:\/\/apuntesdesanluis.com\/wp-content\/uploads\/2024\/04\/conferencia.png","datePublished":"2024-04-17T15:37:50+00:00","breadcrumb":{"@id":"https:\/\/apuntesdesanluis.com\/index.php\/2024\/04\/17\/detalles-del-secuestro-de-13-armas-de-fuego-tras-21-allanamientos-en-villa-mercedes\/#breadcrumb"},"inLanguage":"es-AR","potentialAction":[{"@type":"ReadAction","target":["https:\/\/apuntesdesanluis.com\/index.php\/2024\/04\/17\/detalles-del-secuestro-de-13-armas-de-fuego-tras-21-allanamientos-en-villa-mercedes\/"]}]},{"@type":"ImageObject","inLanguage":"es-AR","@id":"https:\/\/apuntesdesanluis.com\/index.php\/2024\/04\/17\/detalles-del-secuestro-de-13-armas-de-fuego-tras-21-allanamientos-en-villa-mercedes\/#primaryimage","url":"https:\/\/apuntesdesanluis.com\/wp-content\/uploads\/2024\/04\/conferencia.png","contentUrl":"https:\/\/apuntesdesanluis.com\/wp-content\/uploads\/2024\/04\/conferencia.png","width":600,"height":331},{"@type":"BreadcrumbList","@id":"https:\/\/apuntesdesanluis.com\/index.php\/2024\/04\/17\/detalles-del-secuestro-de-13-armas-de-fuego-tras-21-allanamientos-en-villa-mercedes\/#breadcrumb","itemListElement":[{"@type":"ListItem","position":1,"name":"Inicio","item":"https:\/\/apuntesdesanluis.com\/"},{"@type":"ListItem","position":2,"name":"DETALLES DEL SECUESTRO DE 13 ARMAS DE FUEGO TRAS 21 ALLANAMIENTOS EN VILLA MERCEDES"}]},{"@type":"WebSite","@id":"https:\/\/apuntesdesanluis.com\/#website","url":"https:\/\/apuntesdesanluis.com\/","name":"Apuntes de San Luis","description":"","publisher":{"@id":"https:\/\/apuntesdesanluis.com\/#\/schema\/person\/b55151d52296fcce64d1a72538a70b90"},"potentialAction":[{"@type":"SearchAction","target":{"@type":"EntryPoint","urlTemplate":"https:\/\/apuntesdesanluis.com\/?s={search_term_string}"},"query-input":{"@type":"PropertyValueSpecification","valueRequired":true,"valueName":"search_term_string"}}],"inLanguage":"es-AR"},{"@type":["Person","Organization"],"@id":"https:\/\/apuntesdesanluis.com\/#\/schema\/person\/b55151d52296fcce64d1a72538a70b90","name":"apuntesdesanluis.com","image":{"@type":"ImageObject","inLanguage":"es-AR","@id":"https:\/\/apuntesdesanluis.com\/#\/schema\/person\/image\/","url":"https:\/\/apuntesdesanluis.com\/wp-content\/uploads\/2023\/07\/cropped-apuntesdesanluis.png","contentUrl":"https:\/\/apuntesdesanluis.com\/wp-content\/uploads\/2023\/07\/cropped-apuntesdesanluis.png","width":450,"height":112,"caption":"apuntesdesanluis.com"},"logo":{"@id":"https:\/\/apuntesdesanluis.com\/#\/schema\/person\/image\/"},"sameAs":["https:\/\/apuntesdesanluis.com"],"url":"https:\/\/apuntesdesanluis.com\/index.php\/author\/apuntesdesanluis-com\/"}]}},"featured_image_urls":{"full":["https:\/\/apuntesdesanluis.com\/wp-content\/uploads\/2024\/04\/conferencia.png",600,331,false],"thumbnail":["https:\/\/apuntesdesanluis.com\/wp-content\/uploads\/2024\/04\/conferencia-150x150.png",150,150,true],"medium":["https:\/\/apuntesdesanluis.com\/wp-content\/uploads\/2024\/04\/conferencia-300x166.png",300,166,true],"medium_large":["https:\/\/apuntesdesanluis.com\/wp-content\/uploads\/2024\/04\/conferencia.png",600,331,false],"large":["https:\/\/apuntesdesanluis.com\/wp-content\/uploads\/2024\/04\/conferencia.png",600,331,false],"1536x1536":["https:\/\/apuntesdesanluis.com\/wp-content\/uploads\/2024\/04\/conferencia.png",600,331,false],"2048x2048":["https:\/\/apuntesdesanluis.com\/wp-content\/uploads\/2024\/04\/conferencia.png",600,331,false],"newsever-slider-full":["https:\/\/apuntesdesanluis.com\/wp-content\/uploads\/2024\/04\/conferencia.png",600,331,false],"newsever-featured":["https:\/\/apuntesdesanluis.com\/wp-content\/uploads\/2024\/04\/conferencia.png",600,331,false],"newsever-medium":["https:\/\/apuntesdesanluis.com\/wp-content\/uploads\/2024\/04\/conferencia.png",600,331,false]},"author_info":{"display_name":"apuntesdesanluis.com","author_link":"https:\/\/apuntesdesanluis.com\/index.php\/author\/apuntesdesanluis-com\/"},"category_info":"<a href=\"https:\/\/apuntesdesanluis.com\/index.php\/category\/ciudad-provincia\/\" rel=\"category tag\">Ciudad\/Provincia<\/a>","tag_info":"Ciudad\/Provincia","comment_count":"0","_links":{"self":[{"href":"https:\/\/apuntesdesanluis.com\/index.php\/wp-json\/wp\/v2\/posts\/14800","targetHints":{"allow":["GET"]}}],"collection":[{"href":"https:\/\/apuntesdesanluis.com\/index.php\/wp-json\/wp\/v2\/posts"}],"about":[{"href":"https:\/\/apuntesdesanluis.com\/index.php\/wp-json\/wp\/v2\/types\/post"}],"author":[{"embeddable":true,"href":"https:\/\/apuntesdesanluis.com\/index.php\/wp-json\/wp\/v2\/users\/1"}],"replies":[{"embeddable":true,"href":"https:\/\/apuntesdesanluis.com\/index.php\/wp-json\/wp\/v2\/comments?post=14800"}],"version-history":[{"count":1,"href":"https:\/\/apuntesdesanluis.com\/index.php\/wp-json\/wp\/v2\/posts\/14800\/revisions"}],"predecessor-version":[{"id":14803,"href":"https:\/\/apuntesdesanluis.com\/index.php\/wp-json\/wp\/v2\/posts\/14800\/revisions\/14803"}],"wp:featuredmedia":[{"embeddable":true,"href":"https:\/\/apuntesdesanluis.com\/index.php\/wp-json\/wp\/v2\/media\/14801"}],"wp:attachment":[{"href":"https:\/\/apuntesdesanluis.com\/index.php\/wp-json\/wp\/v2\/media?parent=14800"}],"wp:term":[{"taxonomy":"category","embeddable":true,"href":"https:\/\/apuntesdesanluis.com\/index.php\/wp-json\/wp\/v2\/categories?post=14800"},{"taxonomy":"post_tag","embeddable":true,"href":"https:\/\/apuntesdesanluis.com\/index.php\/wp-json\/wp\/v2\/tags?post=14800"}],"curies":[{"name":"wp","href":"https:\/\/api.w.org\/{rel}","templated":true}]}}