{"id":14804,"date":"2024-04-17T12:47:46","date_gmt":"2024-04-17T15:47:46","guid":{"rendered":"https:\/\/apuntesdesanluis.com\/?p=14804"},"modified":"2024-04-17T12:47:46","modified_gmt":"2024-04-17T15:47:46","slug":"se-profundiza-la-caida-de-las-transferencias-a-las-provincias","status":"publish","type":"post","link":"https:\/\/apuntesdesanluis.com\/index.php\/2024\/04\/17\/se-profundiza-la-caida-de-las-transferencias-a-las-provincias\/","title":{"rendered":"SE PROFUNDIZA LA CA\u00cdDA DE LAS TRANSFERENCIAS A LAS PROVINCIAS"},"content":{"rendered":"<h3>En medio de la discusi\u00f3n con gobernadores por la Ley de Bases, <strong>las transferencias a provincias cayeron 28,8% interanual<\/strong> en las dos primeras semanas de abril, sumando las autom\u00e1ticas y las discrecionales.<\/h3>\n<h3>En el caso de las transferencias autom\u00e1ticas (aquellas que se giran en forma directa por coparticipaci\u00f3n o leyes complementarias), hasta el 15 de abril inclusive se distribuyeron $ 991.182 millones, que representa un incremento nominal interanual del 206,1%, pero que en t\u00e9rminos reales (descontada la inflaci\u00f3n) equivale a una baja del 22,4% interanual.<\/h3>\n<h3>Chubut y Neuqu\u00e9n presentan las ca\u00eddas m\u00e1s fuertes (-22,9%) y CABA la menor (-19,1%).<\/h3>\n<h3>Los datos corresponden a un trabajo realizado por la consultora Politik\u00f3n Chaco y difundido hoy.<\/h3>\n<p><img fetchpriority=\"high\" decoding=\"async\" class=\"wp-image-14806 aligncenter\" src=\"https:\/\/apuntesdesanluis.com\/wp-content\/uploads\/2024\/04\/transf.autm_.-1-300x217.png\" alt=\"\" width=\"534\" height=\"386\" srcset=\"https:\/\/apuntesdesanluis.com\/wp-content\/uploads\/2024\/04\/transf.autm_.-1-300x217.png 300w, https:\/\/apuntesdesanluis.com\/wp-content\/uploads\/2024\/04\/transf.autm_.-1.png 600w\" sizes=\"(max-width: 534px) 100vw, 534px\" \/><\/p>\n<h3>El trabajo a\u00f1ade que, las transferencias no autom\u00e1ticas en igual per\u00edodo, totalizaron $ 23.316 millones, contra los $ 37.738 millones que se distribuyeron en la primera quincena de abril 2023. Por ende, la variaci\u00f3n interanual nominal es de -38,2%; en t\u00e9rminos reales, representa una baja del 84,3%.<\/h3>\n<p><img decoding=\"async\" class=\"wp-image-14807 aligncenter\" src=\"https:\/\/apuntesdesanluis.com\/wp-content\/uploads\/2024\/04\/transf.-no-autom-300x264.png\" alt=\"\" width=\"539\" height=\"474\" srcset=\"https:\/\/apuntesdesanluis.com\/wp-content\/uploads\/2024\/04\/transf.-no-autom-300x264.png 300w, https:\/\/apuntesdesanluis.com\/wp-content\/uploads\/2024\/04\/transf.-no-autom.png 600w\" sizes=\"(max-width: 539px) 100vw, 539px\" \/><\/p>\n<h3>En este contexto, las 24 jurisdicciones sufren bajas reales en diferentes niveles: Santa Cruz exhibe la m\u00e1s leve (-28,2%) al tiempo que hay seis provincias donde la baja es del 100%; de esas seis, cinco no han recibido fondos en lo que va del mes (Chaco, Chubut, La Pampa, San Luis y Tierra del Fuego) mientras que en el caso de La Rioja, recibi\u00f3 apenas $ 62 mil por lo que tambi\u00e9n la ca\u00edda es del 100%.<\/h3>\n<h3>Sumando las transferencias nacionales (autom\u00e1ticas y no autom\u00e1ticas), en la primera quincena de abril 2024 sostuvieron una ca\u00edda real interanual del 28,8%, con las 24 jurisdicciones mostrando ca\u00eddas. En este marco, La Rioja exhibe el mayor descenso (-43,2%) y Santa Cruz presente el m\u00e1s leve (-23,4%).<\/h3>\n<p>&nbsp;<\/p>\n<p>&nbsp;<\/p>\n<p>&nbsp;<\/p>\n<p>&nbsp;<\/p>\n<p>&nbsp;<\/p>\n<p>&nbsp;<\/p>\n","protected":false},"excerpt":{"rendered":"<p>En medio de la discusi\u00f3n con gobernadores por la Ley de Bases, las transferencias a&#8230;<\/p>\n","protected":false},"author":1,"featured_media":14805,"comment_status":"closed","ping_status":"closed","sticky":false,"template":"","format":"standard","meta":{"footnotes":""},"categories":[5],"tags":[],"class_list":["post-14804","post","type-post","status-publish","format-standard","has-post-thumbnail","hentry","category-nacionales-internacionales"],"yoast_head":"<!-- This site is optimized with the Yoast SEO plugin v26.1.1 - https:\/\/yoast.com\/wordpress\/plugins\/seo\/ -->\n<title>SE PROFUNDIZA LA CA\u00cdDA DE LAS TRANSFERENCIAS A LAS PROVINCIAS - Apuntes de San Luis<\/title>\n<meta name=\"robots\" content=\"index, follow, max-snippet:-1, max-image-preview:large, max-video-preview:-1\" \/>\n<link rel=\"canonical\" href=\"https:\/\/apuntesdesanluis.com\/index.php\/2024\/04\/17\/se-profundiza-la-caida-de-las-transferencias-a-las-provincias\/\" \/>\n<meta property=\"og:locale\" content=\"es_ES\" \/>\n<meta property=\"og:type\" content=\"article\" \/>\n<meta property=\"og:title\" content=\"SE PROFUNDIZA LA CA\u00cdDA DE LAS TRANSFERENCIAS A LAS PROVINCIAS - Apuntes de San Luis\" \/>\n<meta property=\"og:description\" content=\"En medio de la discusi\u00f3n con gobernadores por la Ley de Bases, las transferencias a...\" \/>\n<meta property=\"og:url\" content=\"https:\/\/apuntesdesanluis.com\/index.php\/2024\/04\/17\/se-profundiza-la-caida-de-las-transferencias-a-las-provincias\/\" \/>\n<meta property=\"og:site_name\" content=\"Apuntes de San Luis\" \/>\n<meta property=\"article:published_time\" content=\"2024-04-17T15:47:46+00:00\" \/>\n<meta property=\"og:image\" content=\"https:\/\/apuntesdesanluis.com\/wp-content\/uploads\/2024\/04\/Ministerio-de-Economia.png\" \/>\n\t<meta property=\"og:image:width\" content=\"600\" \/>\n\t<meta property=\"og:image:height\" content=\"366\" \/>\n\t<meta property=\"og:image:type\" content=\"image\/png\" \/>\n<meta name=\"author\" content=\"apuntesdesanluis.com\" \/>\n<meta name=\"twitter:card\" content=\"summary_large_image\" \/>\n<meta name=\"twitter:label1\" content=\"Escrito por\" \/>\n\t<meta name=\"twitter:data1\" content=\"apuntesdesanluis.com\" \/>\n\t<meta name=\"twitter:label2\" content=\"Tiempo de lectura\" \/>\n\t<meta name=\"twitter:data2\" content=\"2 minutos\" \/>\n<script type=\"application\/ld+json\" class=\"yoast-schema-graph\">{\"@context\":\"https:\/\/schema.org\",\"@graph\":[{\"@type\":\"Article\",\"@id\":\"https:\/\/apuntesdesanluis.com\/index.php\/2024\/04\/17\/se-profundiza-la-caida-de-las-transferencias-a-las-provincias\/#article\",\"isPartOf\":{\"@id\":\"https:\/\/apuntesdesanluis.com\/index.php\/2024\/04\/17\/se-profundiza-la-caida-de-las-transferencias-a-las-provincias\/\"},\"author\":{\"name\":\"apuntesdesanluis.com\",\"@id\":\"https:\/\/apuntesdesanluis.com\/#\/schema\/person\/b55151d52296fcce64d1a72538a70b90\"},\"headline\":\"SE PROFUNDIZA LA CA\u00cdDA DE LAS TRANSFERENCIAS A LAS PROVINCIAS\",\"datePublished\":\"2024-04-17T15:47:46+00:00\",\"mainEntityOfPage\":{\"@id\":\"https:\/\/apuntesdesanluis.com\/index.php\/2024\/04\/17\/se-profundiza-la-caida-de-las-transferencias-a-las-provincias\/\"},\"wordCount\":304,\"publisher\":{\"@id\":\"https:\/\/apuntesdesanluis.com\/#\/schema\/person\/b55151d52296fcce64d1a72538a70b90\"},\"image\":{\"@id\":\"https:\/\/apuntesdesanluis.com\/index.php\/2024\/04\/17\/se-profundiza-la-caida-de-las-transferencias-a-las-provincias\/#primaryimage\"},\"thumbnailUrl\":\"https:\/\/apuntesdesanluis.com\/wp-content\/uploads\/2024\/04\/Ministerio-de-Economia.png\",\"articleSection\":[\"Nacionales\/Internacionales\"],\"inLanguage\":\"es-AR\"},{\"@type\":\"WebPage\",\"@id\":\"https:\/\/apuntesdesanluis.com\/index.php\/2024\/04\/17\/se-profundiza-la-caida-de-las-transferencias-a-las-provincias\/\",\"url\":\"https:\/\/apuntesdesanluis.com\/index.php\/2024\/04\/17\/se-profundiza-la-caida-de-las-transferencias-a-las-provincias\/\",\"name\":\"SE PROFUNDIZA LA CA\u00cdDA DE LAS TRANSFERENCIAS A LAS PROVINCIAS - Apuntes de San Luis\",\"isPartOf\":{\"@id\":\"https:\/\/apuntesdesanluis.com\/#website\"},\"primaryImageOfPage\":{\"@id\":\"https:\/\/apuntesdesanluis.com\/index.php\/2024\/04\/17\/se-profundiza-la-caida-de-las-transferencias-a-las-provincias\/#primaryimage\"},\"image\":{\"@id\":\"https:\/\/apuntesdesanluis.com\/index.php\/2024\/04\/17\/se-profundiza-la-caida-de-las-transferencias-a-las-provincias\/#primaryimage\"},\"thumbnailUrl\":\"https:\/\/apuntesdesanluis.com\/wp-content\/uploads\/2024\/04\/Ministerio-de-Economia.png\",\"datePublished\":\"2024-04-17T15:47:46+00:00\",\"breadcrumb\":{\"@id\":\"https:\/\/apuntesdesanluis.com\/index.php\/2024\/04\/17\/se-profundiza-la-caida-de-las-transferencias-a-las-provincias\/#breadcrumb\"},\"inLanguage\":\"es-AR\",\"potentialAction\":[{\"@type\":\"ReadAction\",\"target\":[\"https:\/\/apuntesdesanluis.com\/index.php\/2024\/04\/17\/se-profundiza-la-caida-de-las-transferencias-a-las-provincias\/\"]}]},{\"@type\":\"ImageObject\",\"inLanguage\":\"es-AR\",\"@id\":\"https:\/\/apuntesdesanluis.com\/index.php\/2024\/04\/17\/se-profundiza-la-caida-de-las-transferencias-a-las-provincias\/#primaryimage\",\"url\":\"https:\/\/apuntesdesanluis.com\/wp-content\/uploads\/2024\/04\/Ministerio-de-Economia.png\",\"contentUrl\":\"https:\/\/apuntesdesanluis.com\/wp-content\/uploads\/2024\/04\/Ministerio-de-Economia.png\",\"width\":600,\"height\":366},{\"@type\":\"BreadcrumbList\",\"@id\":\"https:\/\/apuntesdesanluis.com\/index.php\/2024\/04\/17\/se-profundiza-la-caida-de-las-transferencias-a-las-provincias\/#breadcrumb\",\"itemListElement\":[{\"@type\":\"ListItem\",\"position\":1,\"name\":\"Inicio\",\"item\":\"https:\/\/apuntesdesanluis.com\/\"},{\"@type\":\"ListItem\",\"position\":2,\"name\":\"SE PROFUNDIZA LA CA\u00cdDA DE LAS TRANSFERENCIAS A LAS PROVINCIAS\"}]},{\"@type\":\"WebSite\",\"@id\":\"https:\/\/apuntesdesanluis.com\/#website\",\"url\":\"https:\/\/apuntesdesanluis.com\/\",\"name\":\"Apuntes de San Luis\",\"description\":\"\",\"publisher\":{\"@id\":\"https:\/\/apuntesdesanluis.com\/#\/schema\/person\/b55151d52296fcce64d1a72538a70b90\"},\"potentialAction\":[{\"@type\":\"SearchAction\",\"target\":{\"@type\":\"EntryPoint\",\"urlTemplate\":\"https:\/\/apuntesdesanluis.com\/?s={search_term_string}\"},\"query-input\":{\"@type\":\"PropertyValueSpecification\",\"valueRequired\":true,\"valueName\":\"search_term_string\"}}],\"inLanguage\":\"es-AR\"},{\"@type\":[\"Person\",\"Organization\"],\"@id\":\"https:\/\/apuntesdesanluis.com\/#\/schema\/person\/b55151d52296fcce64d1a72538a70b90\",\"name\":\"apuntesdesanluis.com\",\"image\":{\"@type\":\"ImageObject\",\"inLanguage\":\"es-AR\",\"@id\":\"https:\/\/apuntesdesanluis.com\/#\/schema\/person\/image\/\",\"url\":\"https:\/\/apuntesdesanluis.com\/wp-content\/uploads\/2023\/07\/cropped-apuntesdesanluis.png\",\"contentUrl\":\"https:\/\/apuntesdesanluis.com\/wp-content\/uploads\/2023\/07\/cropped-apuntesdesanluis.png\",\"width\":450,\"height\":112,\"caption\":\"apuntesdesanluis.com\"},\"logo\":{\"@id\":\"https:\/\/apuntesdesanluis.com\/#\/schema\/person\/image\/\"},\"sameAs\":[\"https:\/\/apuntesdesanluis.com\"],\"url\":\"https:\/\/apuntesdesanluis.com\/index.php\/author\/apuntesdesanluis-com\/\"}]}<\/script>\n<!-- \/ Yoast SEO plugin. -->","yoast_head_json":{"title":"SE PROFUNDIZA LA CA\u00cdDA DE LAS TRANSFERENCIAS A LAS PROVINCIAS - Apuntes de San Luis","robots":{"index":"index","follow":"follow","max-snippet":"max-snippet:-1","max-image-preview":"max-image-preview:large","max-video-preview":"max-video-preview:-1"},"canonical":"https:\/\/apuntesdesanluis.com\/index.php\/2024\/04\/17\/se-profundiza-la-caida-de-las-transferencias-a-las-provincias\/","og_locale":"es_ES","og_type":"article","og_title":"SE PROFUNDIZA LA CA\u00cdDA DE LAS TRANSFERENCIAS A LAS PROVINCIAS - Apuntes de San Luis","og_description":"En medio de la discusi\u00f3n con gobernadores por la Ley de Bases, las transferencias a...","og_url":"https:\/\/apuntesdesanluis.com\/index.php\/2024\/04\/17\/se-profundiza-la-caida-de-las-transferencias-a-las-provincias\/","og_site_name":"Apuntes de San Luis","article_published_time":"2024-04-17T15:47:46+00:00","og_image":[{"width":600,"height":366,"url":"https:\/\/apuntesdesanluis.com\/wp-content\/uploads\/2024\/04\/Ministerio-de-Economia.png","type":"image\/png"}],"author":"apuntesdesanluis.com","twitter_card":"summary_large_image","twitter_misc":{"Escrito por":"apuntesdesanluis.com","Tiempo de lectura":"2 minutos"},"schema":{"@context":"https:\/\/schema.org","@graph":[{"@type":"Article","@id":"https:\/\/apuntesdesanluis.com\/index.php\/2024\/04\/17\/se-profundiza-la-caida-de-las-transferencias-a-las-provincias\/#article","isPartOf":{"@id":"https:\/\/apuntesdesanluis.com\/index.php\/2024\/04\/17\/se-profundiza-la-caida-de-las-transferencias-a-las-provincias\/"},"author":{"name":"apuntesdesanluis.com","@id":"https:\/\/apuntesdesanluis.com\/#\/schema\/person\/b55151d52296fcce64d1a72538a70b90"},"headline":"SE PROFUNDIZA LA CA\u00cdDA DE LAS TRANSFERENCIAS A LAS PROVINCIAS","datePublished":"2024-04-17T15:47:46+00:00","mainEntityOfPage":{"@id":"https:\/\/apuntesdesanluis.com\/index.php\/2024\/04\/17\/se-profundiza-la-caida-de-las-transferencias-a-las-provincias\/"},"wordCount":304,"publisher":{"@id":"https:\/\/apuntesdesanluis.com\/#\/schema\/person\/b55151d52296fcce64d1a72538a70b90"},"image":{"@id":"https:\/\/apuntesdesanluis.com\/index.php\/2024\/04\/17\/se-profundiza-la-caida-de-las-transferencias-a-las-provincias\/#primaryimage"},"thumbnailUrl":"https:\/\/apuntesdesanluis.com\/wp-content\/uploads\/2024\/04\/Ministerio-de-Economia.png","articleSection":["Nacionales\/Internacionales"],"inLanguage":"es-AR"},{"@type":"WebPage","@id":"https:\/\/apuntesdesanluis.com\/index.php\/2024\/04\/17\/se-profundiza-la-caida-de-las-transferencias-a-las-provincias\/","url":"https:\/\/apuntesdesanluis.com\/index.php\/2024\/04\/17\/se-profundiza-la-caida-de-las-transferencias-a-las-provincias\/","name":"SE PROFUNDIZA LA CA\u00cdDA DE LAS TRANSFERENCIAS A LAS PROVINCIAS - Apuntes de San Luis","isPartOf":{"@id":"https:\/\/apuntesdesanluis.com\/#website"},"primaryImageOfPage":{"@id":"https:\/\/apuntesdesanluis.com\/index.php\/2024\/04\/17\/se-profundiza-la-caida-de-las-transferencias-a-las-provincias\/#primaryimage"},"image":{"@id":"https:\/\/apuntesdesanluis.com\/index.php\/2024\/04\/17\/se-profundiza-la-caida-de-las-transferencias-a-las-provincias\/#primaryimage"},"thumbnailUrl":"https:\/\/apuntesdesanluis.com\/wp-content\/uploads\/2024\/04\/Ministerio-de-Economia.png","datePublished":"2024-04-17T15:47:46+00:00","breadcrumb":{"@id":"https:\/\/apuntesdesanluis.com\/index.php\/2024\/04\/17\/se-profundiza-la-caida-de-las-transferencias-a-las-provincias\/#breadcrumb"},"inLanguage":"es-AR","potentialAction":[{"@type":"ReadAction","target":["https:\/\/apuntesdesanluis.com\/index.php\/2024\/04\/17\/se-profundiza-la-caida-de-las-transferencias-a-las-provincias\/"]}]},{"@type":"ImageObject","inLanguage":"es-AR","@id":"https:\/\/apuntesdesanluis.com\/index.php\/2024\/04\/17\/se-profundiza-la-caida-de-las-transferencias-a-las-provincias\/#primaryimage","url":"https:\/\/apuntesdesanluis.com\/wp-content\/uploads\/2024\/04\/Ministerio-de-Economia.png","contentUrl":"https:\/\/apuntesdesanluis.com\/wp-content\/uploads\/2024\/04\/Ministerio-de-Economia.png","width":600,"height":366},{"@type":"BreadcrumbList","@id":"https:\/\/apuntesdesanluis.com\/index.php\/2024\/04\/17\/se-profundiza-la-caida-de-las-transferencias-a-las-provincias\/#breadcrumb","itemListElement":[{"@type":"ListItem","position":1,"name":"Inicio","item":"https:\/\/apuntesdesanluis.com\/"},{"@type":"ListItem","position":2,"name":"SE PROFUNDIZA LA CA\u00cdDA DE LAS TRANSFERENCIAS A LAS PROVINCIAS"}]},{"@type":"WebSite","@id":"https:\/\/apuntesdesanluis.com\/#website","url":"https:\/\/apuntesdesanluis.com\/","name":"Apuntes de San Luis","description":"","publisher":{"@id":"https:\/\/apuntesdesanluis.com\/#\/schema\/person\/b55151d52296fcce64d1a72538a70b90"},"potentialAction":[{"@type":"SearchAction","target":{"@type":"EntryPoint","urlTemplate":"https:\/\/apuntesdesanluis.com\/?s={search_term_string}"},"query-input":{"@type":"PropertyValueSpecification","valueRequired":true,"valueName":"search_term_string"}}],"inLanguage":"es-AR"},{"@type":["Person","Organization"],"@id":"https:\/\/apuntesdesanluis.com\/#\/schema\/person\/b55151d52296fcce64d1a72538a70b90","name":"apuntesdesanluis.com","image":{"@type":"ImageObject","inLanguage":"es-AR","@id":"https:\/\/apuntesdesanluis.com\/#\/schema\/person\/image\/","url":"https:\/\/apuntesdesanluis.com\/wp-content\/uploads\/2023\/07\/cropped-apuntesdesanluis.png","contentUrl":"https:\/\/apuntesdesanluis.com\/wp-content\/uploads\/2023\/07\/cropped-apuntesdesanluis.png","width":450,"height":112,"caption":"apuntesdesanluis.com"},"logo":{"@id":"https:\/\/apuntesdesanluis.com\/#\/schema\/person\/image\/"},"sameAs":["https:\/\/apuntesdesanluis.com"],"url":"https:\/\/apuntesdesanluis.com\/index.php\/author\/apuntesdesanluis-com\/"}]}},"featured_image_urls":{"full":["https:\/\/apuntesdesanluis.com\/wp-content\/uploads\/2024\/04\/Ministerio-de-Economia.png",600,366,false],"thumbnail":["https:\/\/apuntesdesanluis.com\/wp-content\/uploads\/2024\/04\/Ministerio-de-Economia-150x150.png",150,150,true],"medium":["https:\/\/apuntesdesanluis.com\/wp-content\/uploads\/2024\/04\/Ministerio-de-Economia-300x183.png",300,183,true],"medium_large":["https:\/\/apuntesdesanluis.com\/wp-content\/uploads\/2024\/04\/Ministerio-de-Economia.png",600,366,false],"large":["https:\/\/apuntesdesanluis.com\/wp-content\/uploads\/2024\/04\/Ministerio-de-Economia.png",600,366,false],"1536x1536":["https:\/\/apuntesdesanluis.com\/wp-content\/uploads\/2024\/04\/Ministerio-de-Economia.png",600,366,false],"2048x2048":["https:\/\/apuntesdesanluis.com\/wp-content\/uploads\/2024\/04\/Ministerio-de-Economia.png",600,366,false],"newsever-slider-full":["https:\/\/apuntesdesanluis.com\/wp-content\/uploads\/2024\/04\/Ministerio-de-Economia.png",600,366,false],"newsever-featured":["https:\/\/apuntesdesanluis.com\/wp-content\/uploads\/2024\/04\/Ministerio-de-Economia.png",600,366,false],"newsever-medium":["https:\/\/apuntesdesanluis.com\/wp-content\/uploads\/2024\/04\/Ministerio-de-Economia.png",600,366,false]},"author_info":{"display_name":"apuntesdesanluis.com","author_link":"https:\/\/apuntesdesanluis.com\/index.php\/author\/apuntesdesanluis-com\/"},"category_info":"<a href=\"https:\/\/apuntesdesanluis.com\/index.php\/category\/nacionales-internacionales\/\" rel=\"category tag\">Nacionales\/Internacionales<\/a>","tag_info":"Nacionales\/Internacionales","comment_count":"0","_links":{"self":[{"href":"https:\/\/apuntesdesanluis.com\/index.php\/wp-json\/wp\/v2\/posts\/14804","targetHints":{"allow":["GET"]}}],"collection":[{"href":"https:\/\/apuntesdesanluis.com\/index.php\/wp-json\/wp\/v2\/posts"}],"about":[{"href":"https:\/\/apuntesdesanluis.com\/index.php\/wp-json\/wp\/v2\/types\/post"}],"author":[{"embeddable":true,"href":"https:\/\/apuntesdesanluis.com\/index.php\/wp-json\/wp\/v2\/users\/1"}],"replies":[{"embeddable":true,"href":"https:\/\/apuntesdesanluis.com\/index.php\/wp-json\/wp\/v2\/comments?post=14804"}],"version-history":[{"count":1,"href":"https:\/\/apuntesdesanluis.com\/index.php\/wp-json\/wp\/v2\/posts\/14804\/revisions"}],"predecessor-version":[{"id":14808,"href":"https:\/\/apuntesdesanluis.com\/index.php\/wp-json\/wp\/v2\/posts\/14804\/revisions\/14808"}],"wp:featuredmedia":[{"embeddable":true,"href":"https:\/\/apuntesdesanluis.com\/index.php\/wp-json\/wp\/v2\/media\/14805"}],"wp:attachment":[{"href":"https:\/\/apuntesdesanluis.com\/index.php\/wp-json\/wp\/v2\/media?parent=14804"}],"wp:term":[{"taxonomy":"category","embeddable":true,"href":"https:\/\/apuntesdesanluis.com\/index.php\/wp-json\/wp\/v2\/categories?post=14804"},{"taxonomy":"post_tag","embeddable":true,"href":"https:\/\/apuntesdesanluis.com\/index.php\/wp-json\/wp\/v2\/tags?post=14804"}],"curies":[{"name":"wp","href":"https:\/\/api.w.org\/{rel}","templated":true}]}}