{"id":14833,"date":"2024-04-17T20:32:37","date_gmt":"2024-04-17T23:32:37","guid":{"rendered":"https:\/\/apuntesdesanluis.com\/?p=14833"},"modified":"2024-04-17T20:34:02","modified_gmt":"2024-04-17T23:34:02","slug":"juzgan-a-un-hombre-de-justo-daract-por-homicidio-culposo-en-accidente-de-transito","status":"publish","type":"post","link":"https:\/\/apuntesdesanluis.com\/index.php\/2024\/04\/17\/juzgan-a-un-hombre-de-justo-daract-por-homicidio-culposo-en-accidente-de-transito\/","title":{"rendered":"JUZGAN A UN HOMBRE DE JUSTO DARACT POR HOMICIDIO CULPOSO EN ACCIDENTE DE TR\u00c1NSITO"},"content":{"rendered":"<h3>Por un hecho ocurrido en agosto del 2022 en Justo Daract, donde perdi\u00f3 la vida Joaqu\u00edn Alexis Cabrera.<\/h3>\n<h3>En la ma\u00f1ana de este mi\u00e9rcoles,\u00a0 inici\u00f3 un juicio\u00a0 en el\u00a0 marco de una causa por homicidio culposo en accidente de tr\u00e1nsito que tramita ante la Oficina Judicial del Colegio de Jueces de la Segunda Circunscripci\u00f3n Judicial. Estuvo dirigido por la integraci\u00f3n unipersonal de la Dra. Virna Eguinoa, integrante del Colegio de Jueces de la Segunda Circunscripci\u00f3n Judicial.<\/h3>\n<h3>El hecho se produjo el 7 de agosto del 2022, aproximadamente entre las 6 y las 6:30 de la ma\u00f1ana cuando un grupo de j\u00f3venes, entre los cuales se encontraba <strong>Joaqu\u00edn Alexis Cabrera<\/strong>, circulaba por la calle Juan Llerena, en sentido este a oeste, frente al Club Talleres de Justo Daract. En ese marco, Cabrera fue embestido por el acusado, quien manejaba un veh\u00edculo marca Peugeot. Ese impacto le produjo heridas, que terminaron ocasionando su muerte, unos d\u00edas despu\u00e9s mientras permanec\u00eda internado en Villa Mercedes.<\/h3>\n<h3>Hoy se desarrollaron los alegatos de apertura. En primer lugar, la querella \u2013 Dr. Flavio \u00c1vila-\u00a0 describi\u00f3 la plataforma f\u00e1ctica y detall\u00f3 la forma en la que se produjo el hecho. Mencion\u00f3 que el acusado, luego de embestir a Cabrera, se dio a la fuga y destac\u00f3 que, seg\u00fan la pericia realizada por la Lic. Barbara Galv\u00e1n, el acusado circulaba a una velocidad que superaba el l\u00edmite establecido.<\/h3>\n<h3>Calific\u00f3 al acusado como part\u00edcipe del delito de homicidio culposo doblemente calificado por darse a la fuga y por conducir con un nivel de alcoholemia\u00a0 por encima de lo permitido.<\/h3>\n<p><img fetchpriority=\"high\" decoding=\"async\" class=\"wp-image-14835 aligncenter\" src=\"https:\/\/apuntesdesanluis.com\/wp-content\/uploads\/2024\/04\/FISCAL-1-300x201.png\" alt=\"\" width=\"666\" height=\"446\" srcset=\"https:\/\/apuntesdesanluis.com\/wp-content\/uploads\/2024\/04\/FISCAL-1-300x201.png 300w, https:\/\/apuntesdesanluis.com\/wp-content\/uploads\/2024\/04\/FISCAL-1.png 600w\" sizes=\"(max-width: 666px) 100vw, 666px\" \/><\/p>\n<h3>A continuaci\u00f3n, el Fiscal de Juicio, Dr. N\u00e9stor Lucero, adhiri\u00f3 a la plataforma f\u00e1ctica formulada por la querella y anticip\u00f3 que el Ministerio P\u00fablico Fiscal demostrar\u00e1 durante el debate el hecho il\u00edcito acaecido el 7 de agosto del 2022 en Justo Daract. Asegur\u00f3 que el raid delictivo\u00a0 del acusado continu\u00f3 luego de embestir a Cabrera. \u201cSe dio a la fuga y en esta fuga, tiene otro siniestro\u201d, dijo ya que al acusado habr\u00eda protagonizado otro accidente en el que impact\u00f3 contra un remis minutos despu\u00e9s del primer suceso. Calific\u00f3 al acusado como autor del delito de homicidio culposo doblemente calificado por darse a la fuga y por conducir con un nivel de alcoholemia\u00a0 por encima de lo permitido.<\/h3>\n<h3>Por \u00faltimo, la defensa del acusado \u2013 ejercida por los Dres. Gustavo Otegui y Juan Manuel Domine \u2013\u00a0 no discuti\u00f3 la plataforma f\u00e1ctica pero anticip\u00f3 que debatir\u00edan la din\u00e1mica del accidente y c\u00f3mo sucedieron los hechos.\u00a0 Explicaron que durante el debate oral presentar\u00e1n testigos que aportar\u00e1n informaci\u00f3n sobre el accidente ya que, desde su punto de vista, la v\u00edctima caminaba por la calle, muy cerca de la l\u00ednea divisoria, junto a otras personas. \u201cEntendemos que hay una culpa de la v\u00edctima a la hora de transitar por la calzada\u201d, concluy\u00f3.<\/h3>\n<h3>Luego de los alegatos de apertura, la Dra. Eguinoa declar\u00f3 abierta la etapa probatoria.<\/h3>\n<h3>Para obtener m\u00e1s informaci\u00f3n sobre esta causa ingrese al siguiente enlace:<\/h3>\n<h3><span style=\"color: #3366ff;\"><a style=\"color: #3366ff;\" href=\"https:\/\/www.periodicojudicial.gov.ar\/juzgaran-a-un-joven-acusado-de-homicidio-culposo-en-accidente-de-transito\/\">https:\/\/www.periodicojudicial.gov.ar\/juzgaran-a-un-joven-acusado-de-homicidio-culposo-en-accidente-de-transito\/<\/a><\/span><\/h3>\n<p>&nbsp;<\/p>\n<p>&nbsp;<\/p>\n<p>&nbsp;<\/p>\n<p>&nbsp;<\/p>\n","protected":false},"excerpt":{"rendered":"<p>Por un hecho ocurrido en agosto del 2022 en Justo Daract, donde perdi\u00f3 la vida&#8230;<\/p>\n","protected":false},"author":1,"featured_media":14834,"comment_status":"closed","ping_status":"closed","sticky":false,"template":"","format":"standard","meta":{"footnotes":""},"categories":[6],"tags":[],"class_list":["post-14833","post","type-post","status-publish","format-standard","has-post-thumbnail","hentry","category-ciudad-provincia"],"yoast_head":"<!-- This site is optimized with the Yoast SEO plugin v26.1.1 - https:\/\/yoast.com\/wordpress\/plugins\/seo\/ -->\n<title>JUZGAN A UN HOMBRE DE JUSTO DARACT POR HOMICIDIO CULPOSO EN ACCIDENTE DE TR\u00c1NSITO - Apuntes de San Luis<\/title>\n<meta name=\"robots\" content=\"index, follow, max-snippet:-1, max-image-preview:large, max-video-preview:-1\" \/>\n<link rel=\"canonical\" href=\"https:\/\/apuntesdesanluis.com\/index.php\/2024\/04\/17\/juzgan-a-un-hombre-de-justo-daract-por-homicidio-culposo-en-accidente-de-transito\/\" \/>\n<meta property=\"og:locale\" content=\"es_ES\" \/>\n<meta property=\"og:type\" content=\"article\" \/>\n<meta property=\"og:title\" content=\"JUZGAN A UN HOMBRE DE JUSTO DARACT POR HOMICIDIO CULPOSO EN ACCIDENTE DE TR\u00c1NSITO - Apuntes de San Luis\" \/>\n<meta property=\"og:description\" content=\"Por un hecho ocurrido en agosto del 2022 en Justo Daract, donde perdi\u00f3 la vida...\" \/>\n<meta property=\"og:url\" content=\"https:\/\/apuntesdesanluis.com\/index.php\/2024\/04\/17\/juzgan-a-un-hombre-de-justo-daract-por-homicidio-culposo-en-accidente-de-transito\/\" \/>\n<meta property=\"og:site_name\" content=\"Apuntes de San Luis\" \/>\n<meta property=\"article:published_time\" content=\"2024-04-17T23:32:37+00:00\" \/>\n<meta property=\"article:modified_time\" content=\"2024-04-17T23:34:02+00:00\" \/>\n<meta property=\"og:image\" content=\"https:\/\/apuntesdesanluis.com\/wp-content\/uploads\/2024\/04\/AUDIENCIA-2.png\" \/>\n\t<meta property=\"og:image:width\" content=\"600\" \/>\n\t<meta property=\"og:image:height\" content=\"346\" \/>\n\t<meta property=\"og:image:type\" content=\"image\/png\" \/>\n<meta name=\"author\" content=\"apuntesdesanluis.com\" \/>\n<meta name=\"twitter:card\" content=\"summary_large_image\" \/>\n<meta name=\"twitter:label1\" content=\"Escrito por\" \/>\n\t<meta name=\"twitter:data1\" content=\"apuntesdesanluis.com\" \/>\n\t<meta name=\"twitter:label2\" content=\"Tiempo de lectura\" \/>\n\t<meta name=\"twitter:data2\" content=\"3 minutos\" \/>\n<script type=\"application\/ld+json\" class=\"yoast-schema-graph\">{\"@context\":\"https:\/\/schema.org\",\"@graph\":[{\"@type\":\"Article\",\"@id\":\"https:\/\/apuntesdesanluis.com\/index.php\/2024\/04\/17\/juzgan-a-un-hombre-de-justo-daract-por-homicidio-culposo-en-accidente-de-transito\/#article\",\"isPartOf\":{\"@id\":\"https:\/\/apuntesdesanluis.com\/index.php\/2024\/04\/17\/juzgan-a-un-hombre-de-justo-daract-por-homicidio-culposo-en-accidente-de-transito\/\"},\"author\":{\"name\":\"apuntesdesanluis.com\",\"@id\":\"https:\/\/apuntesdesanluis.com\/#\/schema\/person\/b55151d52296fcce64d1a72538a70b90\"},\"headline\":\"JUZGAN A UN HOMBRE DE JUSTO DARACT POR HOMICIDIO CULPOSO EN ACCIDENTE DE TR\u00c1NSITO\",\"datePublished\":\"2024-04-17T23:32:37+00:00\",\"dateModified\":\"2024-04-17T23:34:02+00:00\",\"mainEntityOfPage\":{\"@id\":\"https:\/\/apuntesdesanluis.com\/index.php\/2024\/04\/17\/juzgan-a-un-hombre-de-justo-daract-por-homicidio-culposo-en-accidente-de-transito\/\"},\"wordCount\":545,\"publisher\":{\"@id\":\"https:\/\/apuntesdesanluis.com\/#\/schema\/person\/b55151d52296fcce64d1a72538a70b90\"},\"image\":{\"@id\":\"https:\/\/apuntesdesanluis.com\/index.php\/2024\/04\/17\/juzgan-a-un-hombre-de-justo-daract-por-homicidio-culposo-en-accidente-de-transito\/#primaryimage\"},\"thumbnailUrl\":\"https:\/\/apuntesdesanluis.com\/wp-content\/uploads\/2024\/04\/AUDIENCIA-2.png\",\"articleSection\":[\"Ciudad\/Provincia\"],\"inLanguage\":\"es-AR\"},{\"@type\":\"WebPage\",\"@id\":\"https:\/\/apuntesdesanluis.com\/index.php\/2024\/04\/17\/juzgan-a-un-hombre-de-justo-daract-por-homicidio-culposo-en-accidente-de-transito\/\",\"url\":\"https:\/\/apuntesdesanluis.com\/index.php\/2024\/04\/17\/juzgan-a-un-hombre-de-justo-daract-por-homicidio-culposo-en-accidente-de-transito\/\",\"name\":\"JUZGAN A UN HOMBRE DE JUSTO DARACT POR HOMICIDIO CULPOSO EN ACCIDENTE DE TR\u00c1NSITO - Apuntes de San Luis\",\"isPartOf\":{\"@id\":\"https:\/\/apuntesdesanluis.com\/#website\"},\"primaryImageOfPage\":{\"@id\":\"https:\/\/apuntesdesanluis.com\/index.php\/2024\/04\/17\/juzgan-a-un-hombre-de-justo-daract-por-homicidio-culposo-en-accidente-de-transito\/#primaryimage\"},\"image\":{\"@id\":\"https:\/\/apuntesdesanluis.com\/index.php\/2024\/04\/17\/juzgan-a-un-hombre-de-justo-daract-por-homicidio-culposo-en-accidente-de-transito\/#primaryimage\"},\"thumbnailUrl\":\"https:\/\/apuntesdesanluis.com\/wp-content\/uploads\/2024\/04\/AUDIENCIA-2.png\",\"datePublished\":\"2024-04-17T23:32:37+00:00\",\"dateModified\":\"2024-04-17T23:34:02+00:00\",\"breadcrumb\":{\"@id\":\"https:\/\/apuntesdesanluis.com\/index.php\/2024\/04\/17\/juzgan-a-un-hombre-de-justo-daract-por-homicidio-culposo-en-accidente-de-transito\/#breadcrumb\"},\"inLanguage\":\"es-AR\",\"potentialAction\":[{\"@type\":\"ReadAction\",\"target\":[\"https:\/\/apuntesdesanluis.com\/index.php\/2024\/04\/17\/juzgan-a-un-hombre-de-justo-daract-por-homicidio-culposo-en-accidente-de-transito\/\"]}]},{\"@type\":\"ImageObject\",\"inLanguage\":\"es-AR\",\"@id\":\"https:\/\/apuntesdesanluis.com\/index.php\/2024\/04\/17\/juzgan-a-un-hombre-de-justo-daract-por-homicidio-culposo-en-accidente-de-transito\/#primaryimage\",\"url\":\"https:\/\/apuntesdesanluis.com\/wp-content\/uploads\/2024\/04\/AUDIENCIA-2.png\",\"contentUrl\":\"https:\/\/apuntesdesanluis.com\/wp-content\/uploads\/2024\/04\/AUDIENCIA-2.png\",\"width\":600,\"height\":346},{\"@type\":\"BreadcrumbList\",\"@id\":\"https:\/\/apuntesdesanluis.com\/index.php\/2024\/04\/17\/juzgan-a-un-hombre-de-justo-daract-por-homicidio-culposo-en-accidente-de-transito\/#breadcrumb\",\"itemListElement\":[{\"@type\":\"ListItem\",\"position\":1,\"name\":\"Inicio\",\"item\":\"https:\/\/apuntesdesanluis.com\/\"},{\"@type\":\"ListItem\",\"position\":2,\"name\":\"JUZGAN A UN HOMBRE DE JUSTO DARACT POR HOMICIDIO CULPOSO EN ACCIDENTE DE TR\u00c1NSITO\"}]},{\"@type\":\"WebSite\",\"@id\":\"https:\/\/apuntesdesanluis.com\/#website\",\"url\":\"https:\/\/apuntesdesanluis.com\/\",\"name\":\"Apuntes de San Luis\",\"description\":\"\",\"publisher\":{\"@id\":\"https:\/\/apuntesdesanluis.com\/#\/schema\/person\/b55151d52296fcce64d1a72538a70b90\"},\"potentialAction\":[{\"@type\":\"SearchAction\",\"target\":{\"@type\":\"EntryPoint\",\"urlTemplate\":\"https:\/\/apuntesdesanluis.com\/?s={search_term_string}\"},\"query-input\":{\"@type\":\"PropertyValueSpecification\",\"valueRequired\":true,\"valueName\":\"search_term_string\"}}],\"inLanguage\":\"es-AR\"},{\"@type\":[\"Person\",\"Organization\"],\"@id\":\"https:\/\/apuntesdesanluis.com\/#\/schema\/person\/b55151d52296fcce64d1a72538a70b90\",\"name\":\"apuntesdesanluis.com\",\"image\":{\"@type\":\"ImageObject\",\"inLanguage\":\"es-AR\",\"@id\":\"https:\/\/apuntesdesanluis.com\/#\/schema\/person\/image\/\",\"url\":\"https:\/\/apuntesdesanluis.com\/wp-content\/uploads\/2023\/07\/cropped-apuntesdesanluis.png\",\"contentUrl\":\"https:\/\/apuntesdesanluis.com\/wp-content\/uploads\/2023\/07\/cropped-apuntesdesanluis.png\",\"width\":450,\"height\":112,\"caption\":\"apuntesdesanluis.com\"},\"logo\":{\"@id\":\"https:\/\/apuntesdesanluis.com\/#\/schema\/person\/image\/\"},\"sameAs\":[\"https:\/\/apuntesdesanluis.com\"],\"url\":\"https:\/\/apuntesdesanluis.com\/index.php\/author\/apuntesdesanluis-com\/\"}]}<\/script>\n<!-- \/ Yoast SEO plugin. -->","yoast_head_json":{"title":"JUZGAN A UN HOMBRE DE JUSTO DARACT POR HOMICIDIO CULPOSO EN ACCIDENTE DE TR\u00c1NSITO - Apuntes de San Luis","robots":{"index":"index","follow":"follow","max-snippet":"max-snippet:-1","max-image-preview":"max-image-preview:large","max-video-preview":"max-video-preview:-1"},"canonical":"https:\/\/apuntesdesanluis.com\/index.php\/2024\/04\/17\/juzgan-a-un-hombre-de-justo-daract-por-homicidio-culposo-en-accidente-de-transito\/","og_locale":"es_ES","og_type":"article","og_title":"JUZGAN A UN HOMBRE DE JUSTO DARACT POR HOMICIDIO CULPOSO EN ACCIDENTE DE TR\u00c1NSITO - Apuntes de San Luis","og_description":"Por un hecho ocurrido en agosto del 2022 en Justo Daract, donde perdi\u00f3 la vida...","og_url":"https:\/\/apuntesdesanluis.com\/index.php\/2024\/04\/17\/juzgan-a-un-hombre-de-justo-daract-por-homicidio-culposo-en-accidente-de-transito\/","og_site_name":"Apuntes de San Luis","article_published_time":"2024-04-17T23:32:37+00:00","article_modified_time":"2024-04-17T23:34:02+00:00","og_image":[{"width":600,"height":346,"url":"https:\/\/apuntesdesanluis.com\/wp-content\/uploads\/2024\/04\/AUDIENCIA-2.png","type":"image\/png"}],"author":"apuntesdesanluis.com","twitter_card":"summary_large_image","twitter_misc":{"Escrito por":"apuntesdesanluis.com","Tiempo de lectura":"3 minutos"},"schema":{"@context":"https:\/\/schema.org","@graph":[{"@type":"Article","@id":"https:\/\/apuntesdesanluis.com\/index.php\/2024\/04\/17\/juzgan-a-un-hombre-de-justo-daract-por-homicidio-culposo-en-accidente-de-transito\/#article","isPartOf":{"@id":"https:\/\/apuntesdesanluis.com\/index.php\/2024\/04\/17\/juzgan-a-un-hombre-de-justo-daract-por-homicidio-culposo-en-accidente-de-transito\/"},"author":{"name":"apuntesdesanluis.com","@id":"https:\/\/apuntesdesanluis.com\/#\/schema\/person\/b55151d52296fcce64d1a72538a70b90"},"headline":"JUZGAN A UN HOMBRE DE JUSTO DARACT POR HOMICIDIO CULPOSO EN ACCIDENTE DE TR\u00c1NSITO","datePublished":"2024-04-17T23:32:37+00:00","dateModified":"2024-04-17T23:34:02+00:00","mainEntityOfPage":{"@id":"https:\/\/apuntesdesanluis.com\/index.php\/2024\/04\/17\/juzgan-a-un-hombre-de-justo-daract-por-homicidio-culposo-en-accidente-de-transito\/"},"wordCount":545,"publisher":{"@id":"https:\/\/apuntesdesanluis.com\/#\/schema\/person\/b55151d52296fcce64d1a72538a70b90"},"image":{"@id":"https:\/\/apuntesdesanluis.com\/index.php\/2024\/04\/17\/juzgan-a-un-hombre-de-justo-daract-por-homicidio-culposo-en-accidente-de-transito\/#primaryimage"},"thumbnailUrl":"https:\/\/apuntesdesanluis.com\/wp-content\/uploads\/2024\/04\/AUDIENCIA-2.png","articleSection":["Ciudad\/Provincia"],"inLanguage":"es-AR"},{"@type":"WebPage","@id":"https:\/\/apuntesdesanluis.com\/index.php\/2024\/04\/17\/juzgan-a-un-hombre-de-justo-daract-por-homicidio-culposo-en-accidente-de-transito\/","url":"https:\/\/apuntesdesanluis.com\/index.php\/2024\/04\/17\/juzgan-a-un-hombre-de-justo-daract-por-homicidio-culposo-en-accidente-de-transito\/","name":"JUZGAN A UN HOMBRE DE JUSTO DARACT POR HOMICIDIO CULPOSO EN ACCIDENTE DE TR\u00c1NSITO - Apuntes de San Luis","isPartOf":{"@id":"https:\/\/apuntesdesanluis.com\/#website"},"primaryImageOfPage":{"@id":"https:\/\/apuntesdesanluis.com\/index.php\/2024\/04\/17\/juzgan-a-un-hombre-de-justo-daract-por-homicidio-culposo-en-accidente-de-transito\/#primaryimage"},"image":{"@id":"https:\/\/apuntesdesanluis.com\/index.php\/2024\/04\/17\/juzgan-a-un-hombre-de-justo-daract-por-homicidio-culposo-en-accidente-de-transito\/#primaryimage"},"thumbnailUrl":"https:\/\/apuntesdesanluis.com\/wp-content\/uploads\/2024\/04\/AUDIENCIA-2.png","datePublished":"2024-04-17T23:32:37+00:00","dateModified":"2024-04-17T23:34:02+00:00","breadcrumb":{"@id":"https:\/\/apuntesdesanluis.com\/index.php\/2024\/04\/17\/juzgan-a-un-hombre-de-justo-daract-por-homicidio-culposo-en-accidente-de-transito\/#breadcrumb"},"inLanguage":"es-AR","potentialAction":[{"@type":"ReadAction","target":["https:\/\/apuntesdesanluis.com\/index.php\/2024\/04\/17\/juzgan-a-un-hombre-de-justo-daract-por-homicidio-culposo-en-accidente-de-transito\/"]}]},{"@type":"ImageObject","inLanguage":"es-AR","@id":"https:\/\/apuntesdesanluis.com\/index.php\/2024\/04\/17\/juzgan-a-un-hombre-de-justo-daract-por-homicidio-culposo-en-accidente-de-transito\/#primaryimage","url":"https:\/\/apuntesdesanluis.com\/wp-content\/uploads\/2024\/04\/AUDIENCIA-2.png","contentUrl":"https:\/\/apuntesdesanluis.com\/wp-content\/uploads\/2024\/04\/AUDIENCIA-2.png","width":600,"height":346},{"@type":"BreadcrumbList","@id":"https:\/\/apuntesdesanluis.com\/index.php\/2024\/04\/17\/juzgan-a-un-hombre-de-justo-daract-por-homicidio-culposo-en-accidente-de-transito\/#breadcrumb","itemListElement":[{"@type":"ListItem","position":1,"name":"Inicio","item":"https:\/\/apuntesdesanluis.com\/"},{"@type":"ListItem","position":2,"name":"JUZGAN A UN HOMBRE DE JUSTO DARACT POR HOMICIDIO CULPOSO EN ACCIDENTE DE TR\u00c1NSITO"}]},{"@type":"WebSite","@id":"https:\/\/apuntesdesanluis.com\/#website","url":"https:\/\/apuntesdesanluis.com\/","name":"Apuntes de San Luis","description":"","publisher":{"@id":"https:\/\/apuntesdesanluis.com\/#\/schema\/person\/b55151d52296fcce64d1a72538a70b90"},"potentialAction":[{"@type":"SearchAction","target":{"@type":"EntryPoint","urlTemplate":"https:\/\/apuntesdesanluis.com\/?s={search_term_string}"},"query-input":{"@type":"PropertyValueSpecification","valueRequired":true,"valueName":"search_term_string"}}],"inLanguage":"es-AR"},{"@type":["Person","Organization"],"@id":"https:\/\/apuntesdesanluis.com\/#\/schema\/person\/b55151d52296fcce64d1a72538a70b90","name":"apuntesdesanluis.com","image":{"@type":"ImageObject","inLanguage":"es-AR","@id":"https:\/\/apuntesdesanluis.com\/#\/schema\/person\/image\/","url":"https:\/\/apuntesdesanluis.com\/wp-content\/uploads\/2023\/07\/cropped-apuntesdesanluis.png","contentUrl":"https:\/\/apuntesdesanluis.com\/wp-content\/uploads\/2023\/07\/cropped-apuntesdesanluis.png","width":450,"height":112,"caption":"apuntesdesanluis.com"},"logo":{"@id":"https:\/\/apuntesdesanluis.com\/#\/schema\/person\/image\/"},"sameAs":["https:\/\/apuntesdesanluis.com"],"url":"https:\/\/apuntesdesanluis.com\/index.php\/author\/apuntesdesanluis-com\/"}]}},"featured_image_urls":{"full":["https:\/\/apuntesdesanluis.com\/wp-content\/uploads\/2024\/04\/AUDIENCIA-2.png",600,346,false],"thumbnail":["https:\/\/apuntesdesanluis.com\/wp-content\/uploads\/2024\/04\/AUDIENCIA-2-150x150.png",150,150,true],"medium":["https:\/\/apuntesdesanluis.com\/wp-content\/uploads\/2024\/04\/AUDIENCIA-2-300x173.png",300,173,true],"medium_large":["https:\/\/apuntesdesanluis.com\/wp-content\/uploads\/2024\/04\/AUDIENCIA-2.png",600,346,false],"large":["https:\/\/apuntesdesanluis.com\/wp-content\/uploads\/2024\/04\/AUDIENCIA-2.png",600,346,false],"1536x1536":["https:\/\/apuntesdesanluis.com\/wp-content\/uploads\/2024\/04\/AUDIENCIA-2.png",600,346,false],"2048x2048":["https:\/\/apuntesdesanluis.com\/wp-content\/uploads\/2024\/04\/AUDIENCIA-2.png",600,346,false],"newsever-slider-full":["https:\/\/apuntesdesanluis.com\/wp-content\/uploads\/2024\/04\/AUDIENCIA-2.png",600,346,false],"newsever-featured":["https:\/\/apuntesdesanluis.com\/wp-content\/uploads\/2024\/04\/AUDIENCIA-2.png",600,346,false],"newsever-medium":["https:\/\/apuntesdesanluis.com\/wp-content\/uploads\/2024\/04\/AUDIENCIA-2.png",600,346,false]},"author_info":{"display_name":"apuntesdesanluis.com","author_link":"https:\/\/apuntesdesanluis.com\/index.php\/author\/apuntesdesanluis-com\/"},"category_info":"<a href=\"https:\/\/apuntesdesanluis.com\/index.php\/category\/ciudad-provincia\/\" rel=\"category tag\">Ciudad\/Provincia<\/a>","tag_info":"Ciudad\/Provincia","comment_count":"0","_links":{"self":[{"href":"https:\/\/apuntesdesanluis.com\/index.php\/wp-json\/wp\/v2\/posts\/14833","targetHints":{"allow":["GET"]}}],"collection":[{"href":"https:\/\/apuntesdesanluis.com\/index.php\/wp-json\/wp\/v2\/posts"}],"about":[{"href":"https:\/\/apuntesdesanluis.com\/index.php\/wp-json\/wp\/v2\/types\/post"}],"author":[{"embeddable":true,"href":"https:\/\/apuntesdesanluis.com\/index.php\/wp-json\/wp\/v2\/users\/1"}],"replies":[{"embeddable":true,"href":"https:\/\/apuntesdesanluis.com\/index.php\/wp-json\/wp\/v2\/comments?post=14833"}],"version-history":[{"count":3,"href":"https:\/\/apuntesdesanluis.com\/index.php\/wp-json\/wp\/v2\/posts\/14833\/revisions"}],"predecessor-version":[{"id":14838,"href":"https:\/\/apuntesdesanluis.com\/index.php\/wp-json\/wp\/v2\/posts\/14833\/revisions\/14838"}],"wp:featuredmedia":[{"embeddable":true,"href":"https:\/\/apuntesdesanluis.com\/index.php\/wp-json\/wp\/v2\/media\/14834"}],"wp:attachment":[{"href":"https:\/\/apuntesdesanluis.com\/index.php\/wp-json\/wp\/v2\/media?parent=14833"}],"wp:term":[{"taxonomy":"category","embeddable":true,"href":"https:\/\/apuntesdesanluis.com\/index.php\/wp-json\/wp\/v2\/categories?post=14833"},{"taxonomy":"post_tag","embeddable":true,"href":"https:\/\/apuntesdesanluis.com\/index.php\/wp-json\/wp\/v2\/tags?post=14833"}],"curies":[{"name":"wp","href":"https:\/\/api.w.org\/{rel}","templated":true}]}}