{"id":14845,"date":"2024-04-17T20:54:44","date_gmt":"2024-04-17T23:54:44","guid":{"rendered":"https:\/\/apuntesdesanluis.com\/?p=14845"},"modified":"2024-04-17T20:54:44","modified_gmt":"2024-04-17T23:54:44","slug":"dudas-del-procurador-luis-martinez-sobre-el-proyecto-de-bajar-la-edad-de-imputabilidad","status":"publish","type":"post","link":"https:\/\/apuntesdesanluis.com\/index.php\/2024\/04\/17\/dudas-del-procurador-luis-martinez-sobre-el-proyecto-de-bajar-la-edad-de-imputabilidad\/","title":{"rendered":"DUDAS DEL PROCURADOR LUIS MARTINEZ SOBRE EL PROYECTO DE BAJAR LA EDAD DE IMPUTABILIDAD"},"content":{"rendered":"<h3>El Procurador General de la provincia de San Luis, <strong>Luis Mart\u00edne<\/strong>z, opin\u00f3 sobre la baja de edad de imputabilidad, a trav\u00e9s de una entrevista que se difundi\u00f3 en el canal de Youtube del Poder Judicial de la provincia.<\/h3>\n<h3>El proyecto de ley de reforma del r\u00e9gimen penal juvenil propone bajar a 14 a\u00f1os la edad de imputabilidad. El anteproyecto es de autor\u00eda del Ministerio de Justicia de la Naci\u00f3n y busca presentarlo en los pr\u00f3ximos d\u00edas a la C\u00e1mara de Diputados.<\/h3>\n<h3>Mart\u00ednez dijo que la discusi\u00f3n en torno a este tema se encuentra simplificada ya que no viene acompa\u00f1ada de la pregunta \u00bfqu\u00e9 hacemos con las infancias? y \u00bfqu\u00e9 hacemos con la falta de oportunidades?<\/h3>\n<h3>\u201c\u00bfC\u00f3mo se comprometen los Estados a que esos chicos al menos desarrollen sus primeras infancias bien alimentados, bien educados, en un contexto seguro?\u201d se pregunt\u00f3 el Procurador.<\/h3>\n<h3>Y a\u00f1adi\u00f3 que cuando los ni\u00f1os no tienen oportunidades aprenden patrones de conducta y \u201cconstruyen modelos hasta que llegan a ser delincuentes por primera vez\u201d.<\/h3>\n<h3>\u201cEl Estado hace un reduccionismo se come todo este tiempo del crecimiento del ni\u00f1o y con una simpleza absoluta, por la demanda social, dice que la salida m\u00e1s f\u00e1cil es encarcelar ni\u00f1os\u201d.<\/h3>\n<p><iframe title=\"BAJA DE LA EDAD DE IMPUTABILIDAD: ENTREVISTA AL PROCURADOR GENERAL DE LA PROVINCIA LUIS MART\u00cdNEZ\" width=\"640\" height=\"360\" src=\"https:\/\/www.youtube.com\/embed\/NLH-wyNvnJA?feature=oembed\" frameborder=\"0\" allow=\"accelerometer; autoplay; clipboard-write; encrypted-media; gyroscope; picture-in-picture; web-share\" referrerpolicy=\"strict-origin-when-cross-origin\" allowfullscreen><\/iframe><\/p>\n<h3>\u201cA LOS NI\u00d1OS LOS VAN A INVISIBILIZAR DOS VECES\u201d<\/h3>\n<h3>El funcionario coment\u00f3 en primer lugar los invisibilizar\u00e1n como sujetos de la sociedad, porque no se les brindan oportunidades, y en segundo lugar, priv\u00e1ndolos de su libertad.<\/h3>\n<h3>\u201cLa discusi\u00f3n sobre la imputabilidad est\u00e1 bien y que reconozcamos las capacidades intelectuales de esos adolescentes que tienen un despertar prematuro para tomar consciencia de sus actos, pero esto no nos exime de discutir cuestiones anteriores\u201d.<\/h3>\n<h3>En este sentido el Procurador dijo que hay que hacerse la pregunta sobre c\u00f3mo ese ni\u00f1o lleg\u00f3 a delinquir y qu\u00e9 responsabilidades tenemos todos los actores sociales en esa realidad.<\/h3>\n<h3>\u201cNO POD\u00c9S REINSENTAR A QUIEN NO ESTABA ADENTRO\u201d<\/h3>\n<h3>Mart\u00ednez dijo que primero hay que ser parte de algo para luego ser reinsertado. \u201cSi las sociedades y las instituciones me expulsan entonces \u00bfa qui\u00e9n estoy pretendiendo reinsertar?, si el chico ya no estaba ah\u00ed\u201d.<\/h3>\n<h3>Finalmente dijo que se debe dar una discusi\u00f3n \u201cpura y sana\u201d y que no responda \u00fanicamente a la coyuntura del momento.<\/h3>\n<p>&nbsp;<\/p>\n<p>&nbsp;<\/p>\n","protected":false},"excerpt":{"rendered":"<p>El Procurador General de la provincia de San Luis, Luis Mart\u00ednez, opin\u00f3 sobre la baja&#8230;<\/p>\n","protected":false},"author":1,"featured_media":14846,"comment_status":"closed","ping_status":"closed","sticky":false,"template":"","format":"standard","meta":{"footnotes":""},"categories":[6],"tags":[],"class_list":["post-14845","post","type-post","status-publish","format-standard","has-post-thumbnail","hentry","category-ciudad-provincia"],"yoast_head":"<!-- This site is optimized with the Yoast SEO plugin v26.1.1 - https:\/\/yoast.com\/wordpress\/plugins\/seo\/ -->\n<title>DUDAS DEL PROCURADOR LUIS MARTINEZ SOBRE EL PROYECTO DE BAJAR LA EDAD DE IMPUTABILIDAD - Apuntes de San Luis<\/title>\n<meta name=\"robots\" content=\"index, follow, max-snippet:-1, max-image-preview:large, max-video-preview:-1\" \/>\n<link rel=\"canonical\" href=\"https:\/\/apuntesdesanluis.com\/index.php\/2024\/04\/17\/dudas-del-procurador-luis-martinez-sobre-el-proyecto-de-bajar-la-edad-de-imputabilidad\/\" \/>\n<meta property=\"og:locale\" content=\"es_ES\" \/>\n<meta property=\"og:type\" content=\"article\" \/>\n<meta property=\"og:title\" content=\"DUDAS DEL PROCURADOR LUIS MARTINEZ SOBRE EL PROYECTO DE BAJAR LA EDAD DE IMPUTABILIDAD - Apuntes de San Luis\" \/>\n<meta property=\"og:description\" content=\"El Procurador General de la provincia de San Luis, Luis Mart\u00ednez, opin\u00f3 sobre la baja...\" \/>\n<meta property=\"og:url\" content=\"https:\/\/apuntesdesanluis.com\/index.php\/2024\/04\/17\/dudas-del-procurador-luis-martinez-sobre-el-proyecto-de-bajar-la-edad-de-imputabilidad\/\" \/>\n<meta property=\"og:site_name\" content=\"Apuntes de San Luis\" \/>\n<meta property=\"article:published_time\" content=\"2024-04-17T23:54:44+00:00\" \/>\n<meta property=\"og:image\" content=\"https:\/\/apuntesdesanluis.com\/wp-content\/uploads\/2024\/04\/luis-martinez.png\" \/>\n\t<meta property=\"og:image:width\" content=\"667\" \/>\n\t<meta property=\"og:image:height\" content=\"385\" \/>\n\t<meta property=\"og:image:type\" content=\"image\/png\" \/>\n<meta name=\"author\" content=\"apuntesdesanluis.com\" \/>\n<meta name=\"twitter:card\" content=\"summary_large_image\" \/>\n<meta name=\"twitter:label1\" content=\"Escrito por\" \/>\n\t<meta name=\"twitter:data1\" content=\"apuntesdesanluis.com\" \/>\n\t<meta name=\"twitter:label2\" content=\"Tiempo de lectura\" \/>\n\t<meta name=\"twitter:data2\" content=\"2 minutos\" \/>\n<script type=\"application\/ld+json\" class=\"yoast-schema-graph\">{\"@context\":\"https:\/\/schema.org\",\"@graph\":[{\"@type\":\"Article\",\"@id\":\"https:\/\/apuntesdesanluis.com\/index.php\/2024\/04\/17\/dudas-del-procurador-luis-martinez-sobre-el-proyecto-de-bajar-la-edad-de-imputabilidad\/#article\",\"isPartOf\":{\"@id\":\"https:\/\/apuntesdesanluis.com\/index.php\/2024\/04\/17\/dudas-del-procurador-luis-martinez-sobre-el-proyecto-de-bajar-la-edad-de-imputabilidad\/\"},\"author\":{\"name\":\"apuntesdesanluis.com\",\"@id\":\"https:\/\/apuntesdesanluis.com\/#\/schema\/person\/b55151d52296fcce64d1a72538a70b90\"},\"headline\":\"DUDAS DEL PROCURADOR LUIS MARTINEZ SOBRE EL PROYECTO DE BAJAR LA EDAD DE IMPUTABILIDAD\",\"datePublished\":\"2024-04-17T23:54:44+00:00\",\"mainEntityOfPage\":{\"@id\":\"https:\/\/apuntesdesanluis.com\/index.php\/2024\/04\/17\/dudas-del-procurador-luis-martinez-sobre-el-proyecto-de-bajar-la-edad-de-imputabilidad\/\"},\"wordCount\":415,\"publisher\":{\"@id\":\"https:\/\/apuntesdesanluis.com\/#\/schema\/person\/b55151d52296fcce64d1a72538a70b90\"},\"image\":{\"@id\":\"https:\/\/apuntesdesanluis.com\/index.php\/2024\/04\/17\/dudas-del-procurador-luis-martinez-sobre-el-proyecto-de-bajar-la-edad-de-imputabilidad\/#primaryimage\"},\"thumbnailUrl\":\"https:\/\/apuntesdesanluis.com\/wp-content\/uploads\/2024\/04\/luis-martinez-e1739358379788.png\",\"articleSection\":[\"Ciudad\/Provincia\"],\"inLanguage\":\"es-AR\"},{\"@type\":\"WebPage\",\"@id\":\"https:\/\/apuntesdesanluis.com\/index.php\/2024\/04\/17\/dudas-del-procurador-luis-martinez-sobre-el-proyecto-de-bajar-la-edad-de-imputabilidad\/\",\"url\":\"https:\/\/apuntesdesanluis.com\/index.php\/2024\/04\/17\/dudas-del-procurador-luis-martinez-sobre-el-proyecto-de-bajar-la-edad-de-imputabilidad\/\",\"name\":\"DUDAS DEL PROCURADOR LUIS MARTINEZ SOBRE EL PROYECTO DE BAJAR LA EDAD DE IMPUTABILIDAD - Apuntes de San Luis\",\"isPartOf\":{\"@id\":\"https:\/\/apuntesdesanluis.com\/#website\"},\"primaryImageOfPage\":{\"@id\":\"https:\/\/apuntesdesanluis.com\/index.php\/2024\/04\/17\/dudas-del-procurador-luis-martinez-sobre-el-proyecto-de-bajar-la-edad-de-imputabilidad\/#primaryimage\"},\"image\":{\"@id\":\"https:\/\/apuntesdesanluis.com\/index.php\/2024\/04\/17\/dudas-del-procurador-luis-martinez-sobre-el-proyecto-de-bajar-la-edad-de-imputabilidad\/#primaryimage\"},\"thumbnailUrl\":\"https:\/\/apuntesdesanluis.com\/wp-content\/uploads\/2024\/04\/luis-martinez-e1739358379788.png\",\"datePublished\":\"2024-04-17T23:54:44+00:00\",\"breadcrumb\":{\"@id\":\"https:\/\/apuntesdesanluis.com\/index.php\/2024\/04\/17\/dudas-del-procurador-luis-martinez-sobre-el-proyecto-de-bajar-la-edad-de-imputabilidad\/#breadcrumb\"},\"inLanguage\":\"es-AR\",\"potentialAction\":[{\"@type\":\"ReadAction\",\"target\":[\"https:\/\/apuntesdesanluis.com\/index.php\/2024\/04\/17\/dudas-del-procurador-luis-martinez-sobre-el-proyecto-de-bajar-la-edad-de-imputabilidad\/\"]}]},{\"@type\":\"ImageObject\",\"inLanguage\":\"es-AR\",\"@id\":\"https:\/\/apuntesdesanluis.com\/index.php\/2024\/04\/17\/dudas-del-procurador-luis-martinez-sobre-el-proyecto-de-bajar-la-edad-de-imputabilidad\/#primaryimage\",\"url\":\"https:\/\/apuntesdesanluis.com\/wp-content\/uploads\/2024\/04\/luis-martinez-e1739358379788.png\",\"contentUrl\":\"https:\/\/apuntesdesanluis.com\/wp-content\/uploads\/2024\/04\/luis-martinez-e1739358379788.png\",\"width\":667,\"height\":385},{\"@type\":\"BreadcrumbList\",\"@id\":\"https:\/\/apuntesdesanluis.com\/index.php\/2024\/04\/17\/dudas-del-procurador-luis-martinez-sobre-el-proyecto-de-bajar-la-edad-de-imputabilidad\/#breadcrumb\",\"itemListElement\":[{\"@type\":\"ListItem\",\"position\":1,\"name\":\"Inicio\",\"item\":\"https:\/\/apuntesdesanluis.com\/\"},{\"@type\":\"ListItem\",\"position\":2,\"name\":\"DUDAS DEL PROCURADOR LUIS MARTINEZ SOBRE EL PROYECTO DE BAJAR LA EDAD DE IMPUTABILIDAD\"}]},{\"@type\":\"WebSite\",\"@id\":\"https:\/\/apuntesdesanluis.com\/#website\",\"url\":\"https:\/\/apuntesdesanluis.com\/\",\"name\":\"Apuntes de San Luis\",\"description\":\"\",\"publisher\":{\"@id\":\"https:\/\/apuntesdesanluis.com\/#\/schema\/person\/b55151d52296fcce64d1a72538a70b90\"},\"potentialAction\":[{\"@type\":\"SearchAction\",\"target\":{\"@type\":\"EntryPoint\",\"urlTemplate\":\"https:\/\/apuntesdesanluis.com\/?s={search_term_string}\"},\"query-input\":{\"@type\":\"PropertyValueSpecification\",\"valueRequired\":true,\"valueName\":\"search_term_string\"}}],\"inLanguage\":\"es-AR\"},{\"@type\":[\"Person\",\"Organization\"],\"@id\":\"https:\/\/apuntesdesanluis.com\/#\/schema\/person\/b55151d52296fcce64d1a72538a70b90\",\"name\":\"apuntesdesanluis.com\",\"image\":{\"@type\":\"ImageObject\",\"inLanguage\":\"es-AR\",\"@id\":\"https:\/\/apuntesdesanluis.com\/#\/schema\/person\/image\/\",\"url\":\"https:\/\/apuntesdesanluis.com\/wp-content\/uploads\/2023\/07\/cropped-apuntesdesanluis.png\",\"contentUrl\":\"https:\/\/apuntesdesanluis.com\/wp-content\/uploads\/2023\/07\/cropped-apuntesdesanluis.png\",\"width\":450,\"height\":112,\"caption\":\"apuntesdesanluis.com\"},\"logo\":{\"@id\":\"https:\/\/apuntesdesanluis.com\/#\/schema\/person\/image\/\"},\"sameAs\":[\"https:\/\/apuntesdesanluis.com\"],\"url\":\"https:\/\/apuntesdesanluis.com\/index.php\/author\/apuntesdesanluis-com\/\"}]}<\/script>\n<!-- \/ Yoast SEO plugin. -->","yoast_head_json":{"title":"DUDAS DEL PROCURADOR LUIS MARTINEZ SOBRE EL PROYECTO DE BAJAR LA EDAD DE IMPUTABILIDAD - Apuntes de San Luis","robots":{"index":"index","follow":"follow","max-snippet":"max-snippet:-1","max-image-preview":"max-image-preview:large","max-video-preview":"max-video-preview:-1"},"canonical":"https:\/\/apuntesdesanluis.com\/index.php\/2024\/04\/17\/dudas-del-procurador-luis-martinez-sobre-el-proyecto-de-bajar-la-edad-de-imputabilidad\/","og_locale":"es_ES","og_type":"article","og_title":"DUDAS DEL PROCURADOR LUIS MARTINEZ SOBRE EL PROYECTO DE BAJAR LA EDAD DE IMPUTABILIDAD - Apuntes de San Luis","og_description":"El Procurador General de la provincia de San Luis, Luis Mart\u00ednez, opin\u00f3 sobre la baja...","og_url":"https:\/\/apuntesdesanluis.com\/index.php\/2024\/04\/17\/dudas-del-procurador-luis-martinez-sobre-el-proyecto-de-bajar-la-edad-de-imputabilidad\/","og_site_name":"Apuntes de San Luis","article_published_time":"2024-04-17T23:54:44+00:00","og_image":[{"width":667,"height":385,"url":"https:\/\/apuntesdesanluis.com\/wp-content\/uploads\/2024\/04\/luis-martinez.png","type":"image\/png"}],"author":"apuntesdesanluis.com","twitter_card":"summary_large_image","twitter_misc":{"Escrito por":"apuntesdesanluis.com","Tiempo de lectura":"2 minutos"},"schema":{"@context":"https:\/\/schema.org","@graph":[{"@type":"Article","@id":"https:\/\/apuntesdesanluis.com\/index.php\/2024\/04\/17\/dudas-del-procurador-luis-martinez-sobre-el-proyecto-de-bajar-la-edad-de-imputabilidad\/#article","isPartOf":{"@id":"https:\/\/apuntesdesanluis.com\/index.php\/2024\/04\/17\/dudas-del-procurador-luis-martinez-sobre-el-proyecto-de-bajar-la-edad-de-imputabilidad\/"},"author":{"name":"apuntesdesanluis.com","@id":"https:\/\/apuntesdesanluis.com\/#\/schema\/person\/b55151d52296fcce64d1a72538a70b90"},"headline":"DUDAS DEL PROCURADOR LUIS MARTINEZ SOBRE EL PROYECTO DE BAJAR LA EDAD DE IMPUTABILIDAD","datePublished":"2024-04-17T23:54:44+00:00","mainEntityOfPage":{"@id":"https:\/\/apuntesdesanluis.com\/index.php\/2024\/04\/17\/dudas-del-procurador-luis-martinez-sobre-el-proyecto-de-bajar-la-edad-de-imputabilidad\/"},"wordCount":415,"publisher":{"@id":"https:\/\/apuntesdesanluis.com\/#\/schema\/person\/b55151d52296fcce64d1a72538a70b90"},"image":{"@id":"https:\/\/apuntesdesanluis.com\/index.php\/2024\/04\/17\/dudas-del-procurador-luis-martinez-sobre-el-proyecto-de-bajar-la-edad-de-imputabilidad\/#primaryimage"},"thumbnailUrl":"https:\/\/apuntesdesanluis.com\/wp-content\/uploads\/2024\/04\/luis-martinez-e1739358379788.png","articleSection":["Ciudad\/Provincia"],"inLanguage":"es-AR"},{"@type":"WebPage","@id":"https:\/\/apuntesdesanluis.com\/index.php\/2024\/04\/17\/dudas-del-procurador-luis-martinez-sobre-el-proyecto-de-bajar-la-edad-de-imputabilidad\/","url":"https:\/\/apuntesdesanluis.com\/index.php\/2024\/04\/17\/dudas-del-procurador-luis-martinez-sobre-el-proyecto-de-bajar-la-edad-de-imputabilidad\/","name":"DUDAS DEL PROCURADOR LUIS MARTINEZ SOBRE EL PROYECTO DE BAJAR LA EDAD DE IMPUTABILIDAD - Apuntes de San Luis","isPartOf":{"@id":"https:\/\/apuntesdesanluis.com\/#website"},"primaryImageOfPage":{"@id":"https:\/\/apuntesdesanluis.com\/index.php\/2024\/04\/17\/dudas-del-procurador-luis-martinez-sobre-el-proyecto-de-bajar-la-edad-de-imputabilidad\/#primaryimage"},"image":{"@id":"https:\/\/apuntesdesanluis.com\/index.php\/2024\/04\/17\/dudas-del-procurador-luis-martinez-sobre-el-proyecto-de-bajar-la-edad-de-imputabilidad\/#primaryimage"},"thumbnailUrl":"https:\/\/apuntesdesanluis.com\/wp-content\/uploads\/2024\/04\/luis-martinez-e1739358379788.png","datePublished":"2024-04-17T23:54:44+00:00","breadcrumb":{"@id":"https:\/\/apuntesdesanluis.com\/index.php\/2024\/04\/17\/dudas-del-procurador-luis-martinez-sobre-el-proyecto-de-bajar-la-edad-de-imputabilidad\/#breadcrumb"},"inLanguage":"es-AR","potentialAction":[{"@type":"ReadAction","target":["https:\/\/apuntesdesanluis.com\/index.php\/2024\/04\/17\/dudas-del-procurador-luis-martinez-sobre-el-proyecto-de-bajar-la-edad-de-imputabilidad\/"]}]},{"@type":"ImageObject","inLanguage":"es-AR","@id":"https:\/\/apuntesdesanluis.com\/index.php\/2024\/04\/17\/dudas-del-procurador-luis-martinez-sobre-el-proyecto-de-bajar-la-edad-de-imputabilidad\/#primaryimage","url":"https:\/\/apuntesdesanluis.com\/wp-content\/uploads\/2024\/04\/luis-martinez-e1739358379788.png","contentUrl":"https:\/\/apuntesdesanluis.com\/wp-content\/uploads\/2024\/04\/luis-martinez-e1739358379788.png","width":667,"height":385},{"@type":"BreadcrumbList","@id":"https:\/\/apuntesdesanluis.com\/index.php\/2024\/04\/17\/dudas-del-procurador-luis-martinez-sobre-el-proyecto-de-bajar-la-edad-de-imputabilidad\/#breadcrumb","itemListElement":[{"@type":"ListItem","position":1,"name":"Inicio","item":"https:\/\/apuntesdesanluis.com\/"},{"@type":"ListItem","position":2,"name":"DUDAS DEL PROCURADOR LUIS MARTINEZ SOBRE EL PROYECTO DE BAJAR LA EDAD DE IMPUTABILIDAD"}]},{"@type":"WebSite","@id":"https:\/\/apuntesdesanluis.com\/#website","url":"https:\/\/apuntesdesanluis.com\/","name":"Apuntes de San Luis","description":"","publisher":{"@id":"https:\/\/apuntesdesanluis.com\/#\/schema\/person\/b55151d52296fcce64d1a72538a70b90"},"potentialAction":[{"@type":"SearchAction","target":{"@type":"EntryPoint","urlTemplate":"https:\/\/apuntesdesanluis.com\/?s={search_term_string}"},"query-input":{"@type":"PropertyValueSpecification","valueRequired":true,"valueName":"search_term_string"}}],"inLanguage":"es-AR"},{"@type":["Person","Organization"],"@id":"https:\/\/apuntesdesanluis.com\/#\/schema\/person\/b55151d52296fcce64d1a72538a70b90","name":"apuntesdesanluis.com","image":{"@type":"ImageObject","inLanguage":"es-AR","@id":"https:\/\/apuntesdesanluis.com\/#\/schema\/person\/image\/","url":"https:\/\/apuntesdesanluis.com\/wp-content\/uploads\/2023\/07\/cropped-apuntesdesanluis.png","contentUrl":"https:\/\/apuntesdesanluis.com\/wp-content\/uploads\/2023\/07\/cropped-apuntesdesanluis.png","width":450,"height":112,"caption":"apuntesdesanluis.com"},"logo":{"@id":"https:\/\/apuntesdesanluis.com\/#\/schema\/person\/image\/"},"sameAs":["https:\/\/apuntesdesanluis.com"],"url":"https:\/\/apuntesdesanluis.com\/index.php\/author\/apuntesdesanluis-com\/"}]}},"featured_image_urls":{"full":["https:\/\/apuntesdesanluis.com\/wp-content\/uploads\/2024\/04\/luis-martinez-e1739358379788.png",667,385,false],"thumbnail":["https:\/\/apuntesdesanluis.com\/wp-content\/uploads\/2024\/04\/luis-martinez-e1739358379788-150x150.png",150,150,true],"medium":["https:\/\/apuntesdesanluis.com\/wp-content\/uploads\/2024\/04\/luis-martinez-e1739358379788-300x173.png",300,173,true],"medium_large":["https:\/\/apuntesdesanluis.com\/wp-content\/uploads\/2024\/04\/luis-martinez-e1739358379788.png",640,369,false],"large":["https:\/\/apuntesdesanluis.com\/wp-content\/uploads\/2024\/04\/luis-martinez-e1739358379788.png",640,369,false],"1536x1536":["https:\/\/apuntesdesanluis.com\/wp-content\/uploads\/2024\/04\/luis-martinez-e1739358379788.png",667,385,false],"2048x2048":["https:\/\/apuntesdesanluis.com\/wp-content\/uploads\/2024\/04\/luis-martinez-e1739358379788.png",667,385,false],"newsever-slider-full":["https:\/\/apuntesdesanluis.com\/wp-content\/uploads\/2024\/04\/luis-martinez-e1739358379788.png",667,385,false],"newsever-featured":["https:\/\/apuntesdesanluis.com\/wp-content\/uploads\/2024\/04\/luis-martinez-e1739358379788.png",667,385,false],"newsever-medium":["https:\/\/apuntesdesanluis.com\/wp-content\/uploads\/2024\/04\/luis-martinez-e1739358379788.png",667,385,false]},"author_info":{"display_name":"apuntesdesanluis.com","author_link":"https:\/\/apuntesdesanluis.com\/index.php\/author\/apuntesdesanluis-com\/"},"category_info":"<a href=\"https:\/\/apuntesdesanluis.com\/index.php\/category\/ciudad-provincia\/\" rel=\"category tag\">Ciudad\/Provincia<\/a>","tag_info":"Ciudad\/Provincia","comment_count":"0","_links":{"self":[{"href":"https:\/\/apuntesdesanluis.com\/index.php\/wp-json\/wp\/v2\/posts\/14845","targetHints":{"allow":["GET"]}}],"collection":[{"href":"https:\/\/apuntesdesanluis.com\/index.php\/wp-json\/wp\/v2\/posts"}],"about":[{"href":"https:\/\/apuntesdesanluis.com\/index.php\/wp-json\/wp\/v2\/types\/post"}],"author":[{"embeddable":true,"href":"https:\/\/apuntesdesanluis.com\/index.php\/wp-json\/wp\/v2\/users\/1"}],"replies":[{"embeddable":true,"href":"https:\/\/apuntesdesanluis.com\/index.php\/wp-json\/wp\/v2\/comments?post=14845"}],"version-history":[{"count":1,"href":"https:\/\/apuntesdesanluis.com\/index.php\/wp-json\/wp\/v2\/posts\/14845\/revisions"}],"predecessor-version":[{"id":14847,"href":"https:\/\/apuntesdesanluis.com\/index.php\/wp-json\/wp\/v2\/posts\/14845\/revisions\/14847"}],"wp:featuredmedia":[{"embeddable":true,"href":"https:\/\/apuntesdesanluis.com\/index.php\/wp-json\/wp\/v2\/media\/14846"}],"wp:attachment":[{"href":"https:\/\/apuntesdesanluis.com\/index.php\/wp-json\/wp\/v2\/media?parent=14845"}],"wp:term":[{"taxonomy":"category","embeddable":true,"href":"https:\/\/apuntesdesanluis.com\/index.php\/wp-json\/wp\/v2\/categories?post=14845"},{"taxonomy":"post_tag","embeddable":true,"href":"https:\/\/apuntesdesanluis.com\/index.php\/wp-json\/wp\/v2\/tags?post=14845"}],"curies":[{"name":"wp","href":"https:\/\/api.w.org\/{rel}","templated":true}]}}