{"id":14848,"date":"2024-04-17T21:05:46","date_gmt":"2024-04-18T00:05:46","guid":{"rendered":"https:\/\/apuntesdesanluis.com\/?p=14848"},"modified":"2024-04-17T21:05:46","modified_gmt":"2024-04-18T00:05:46","slug":"condenaron-a-27-anos-y-6-meses-de-prision-al-femicida-de-la-argentina-lola-chomnalez","status":"publish","type":"post","link":"https:\/\/apuntesdesanluis.com\/index.php\/2024\/04\/17\/condenaron-a-27-anos-y-6-meses-de-prision-al-femicida-de-la-argentina-lola-chomnalez\/","title":{"rendered":"CONDENARON A 27 A\u00d1OS Y 6 MESES DE PRISI\u00d3N AL FEMICIDA DE LA ARGENTINA LOLA CHOMNALEZ"},"content":{"rendered":"<h3>La justicia uruguaya conden\u00f3 este mi\u00e9rcoles a 27 a\u00f1os y 6 meses de prisi\u00f3n a <strong>Leonardo David Sena<\/strong> por el femicidio de <strong>Lola Chomnalez<\/strong>, la adolescente argentina asesinada en diciembre de 2014 en una playa Barra de Valizas, Uruguay.<\/h3>\n<h3>El homicida, preso desde mayo de 2022, fue encontrado culpable del delito de \u201chomicidio muy especialmente agravado\u201d. A la pena impuesta se le descontar\u00e1 el tiempo que permaneci\u00f3 detenido con prisi\u00f3n preventiva.<\/h3>\n<p><img fetchpriority=\"high\" decoding=\"async\" class=\"wp-image-14850 aligncenter\" src=\"https:\/\/apuntesdesanluis.com\/wp-content\/uploads\/2024\/04\/lola-300x196.png\" alt=\"\" width=\"687\" height=\"449\" srcset=\"https:\/\/apuntesdesanluis.com\/wp-content\/uploads\/2024\/04\/lola-300x196.png 300w, https:\/\/apuntesdesanluis.com\/wp-content\/uploads\/2024\/04\/lola.png 545w\" sizes=\"(max-width: 687px) 100vw, 687px\" \/><\/p>\n<h3>Entre lo argumentado por el juez Juan Gim\u00e9nez Vera para haber impuesto esa condena para un delito que establece penas de entre 15 y 30 a\u00f1os, consider\u00f3 el nivel de \u201cpeligrosidad\u201d del acusado, sus antecedentes (una condena anterior por lesiones y otra por violaci\u00f3n) y el haber enterrado el cuerpo de la v\u00edctima luego de haberla matado.<\/h3>\n<h3>La fiscal de Rocha, Mariela N\u00fa\u00f1ez, hab\u00eda pedido que se le impusiera a Sena la pena m\u00e1xima establecida para este tipo de delitos, pero el juez consider\u00f3 que no se cumpl\u00edan todos los agravantes para ello.<\/h3>\n<h3>Sena, que tiene antecedentes penales por otros dos hechos, fue detenido en mayo de 2022 en el Chuy, en el l\u00edmite de Uruguay con Brasil, luego de que distintos testigos se\u00f1alaron que era frecuente verlo en la zona de Castillos y Rocha, y que un cotejo de ADN diera positivo respecto de su sangre y la hallada en la escena del crimen.<\/h3>\n<h3>\u201cA trav\u00e9s de material gen\u00e9tico pudimos ubicar a una persona, que es quien deposit\u00f3 su material gen\u00e9tico, valga la redundancia, en la escena del hecho, es decir, en la toalla que estaba en el interior de la mochila que llevaba Lola en su interior el d\u00eda que falleci\u00f3 y en su documento nacional de identificaci\u00f3n argentino\u201d, explic\u00f3 el juez Gim\u00e9nez Vera.<\/h3>\n<h3>A su vez, Sena asegur\u00f3 en ese momento que era inocente y que su sangre lleg\u00f3 a los mencionados elementos porque se hab\u00eda cortado con una botella de vidrio mientras trabajaba, poco antes de que fuera a tomar mates a la playa donde se encontr\u00f3 con la mochila de Lola y sus pertenencias.\u00a0Pero varios testigos lo contradijeron.<\/h3>\n<h3>Por este caso, tambi\u00e9n est\u00e1 preso \u00c1ngel Eduardo Moreira Mart\u00ednez, alias \u201cEl Cachila\u201d. Este \u201ccuidacoches\u201d fue absuelto en primera instancia por el juez Gim\u00e9nez Vera, pero el Tribunal de Apelaciones del 4\u00b0 Turno revoc\u00f3 en febrero de 2022 ese fallo y lo conden\u00f3 a 8 a\u00f1os de prisi\u00f3n por \u201cencubrimiento\u201d del crimen.<\/h3>\n<h3>Moreira fue liberado en junio de ese mismo a\u00f1o tras la absoluci\u00f3n de primera instancia, pero volvi\u00f3 a ser detenido durante unos meses por violar una restricci\u00f3n de acercamiento solicitada por su expareja y por la que cumpli\u00f3 arresto domiciliario.<\/h3>\n<h3>La absoluci\u00f3n de \u201cCachila\u201d fue apelada por la ahora exfiscal de Rocha, J\u00e9ssica Pereyra, quien hab\u00eda requerido una condena de 10 a\u00f1os de prisi\u00f3n.<\/h3>\n<h3>Mientras que el fallo de Apelaciones, a cargo de los jueces Luis Vicinguerra, \u00c1ngel Shaban y Gabriela Cobelli, resolvi\u00f3 por unanimidad que le correspond\u00edan 8 a\u00f1os de c\u00e1rcel. Finalmente, en febrero de este a\u00f1o, la Suprema Corte confirm\u00f3 esa \u00faltima decisi\u00f3n y \u201cCachila\u201d volvi\u00f3 a prisi\u00f3n.<\/h3>\n<h3>EL CASO<\/h3>\n<h3>Lola viaj\u00f3 a Barra de Valizas el s\u00e1bado 27 de diciembre de 2014 y se aloj\u00f3 en la casa de su madrina. Al d\u00eda siguiente, la adolescente desapareci\u00f3 cuando sali\u00f3 a caminar por la playa y dos d\u00edas despu\u00e9s fue encontrada asesinada a unos cuatro kil\u00f3metros de la casa, en una zona de m\u00e9danos.<\/h3>\n<h3>Mediante la autopsia se determin\u00f3 que muri\u00f3 por asfixia por sofocaci\u00f3n y que presentaba varios cortes hechos con un arma blanca en distintas partes del cuerpo.<\/h3>\n<h3>Para la fiscal\u00eda, la adolescente trat\u00f3 de escapar corriendo de sus asesinos, fue alcanzada, herida con un arma blanca y golpeada en la cabeza para finalmente morir asfixiada cuando, ante sus probables pedidos de auxilio, le apretaron la cara contra la arena.<\/h3>\n<h3>\u201cEl Cachila\u201d fue detenido al comienzo de la investigaci\u00f3n, pero qued\u00f3 libre ya que dio negativo el cotejo de su ADN con el material gen\u00e9tico hallado en los objetos de la v\u00edctima, pero en 2019 la Justicia uruguaya lo volvi\u00f3 a imputar y lo detuvo como encubridor al concluir que \u201cestuvo presente antes, durante y despu\u00e9s del homicidio\u201d de la adolescente.<\/h3>\n<h3>Desde entonces, los peritos de la Polic\u00eda Cient\u00edfica continuaron con los cotejos de ADN con cada uno de los nuevos ingresados al sistema carcelario por otras causas y as\u00ed llegaron al familiar del ahora condenado de ser el autor material del crimen.<\/h3>\n<h3>PERSEVERANCIA<\/h3>\n<h3>Durante la investigaci\u00f3n del crimen de Lola se encontr\u00f3 en la mochila y en el DNI de la adolescente un perfil de ADN que correspond\u00eda a un hombre. En primera instancia, Natalia Sandberg cotej\u00f3 la muestra con el banco de datos del Registro Nacional de Huellas Gen\u00e9ticas, donde est\u00e1 la informaci\u00f3n de todas las personas que tienen antecedentes penales, pero el resultado fue negativo.<\/h3>\n<h3>Fue algo que la funcionaria repiti\u00f3 recurrentemente todos estos a\u00f1os, ya que el banco de datos se actualiza a diario. Pero hasta hace no mucho fue casi in\u00fatil.<\/h3>\n<h3>Y fue en ese contexto que a la profesional se le ocurri\u00f3 una idea que destrabar\u00eda la causa: hacer un an\u00e1lisis de ese ADN por separado. Es decir, discriminar la l\u00ednea paterna de la materna de su composici\u00f3n.<\/h3>\n<h3>As\u00ed, cuando cotej\u00f3 la muestra con la l\u00ednea paterna el resultado otra vez no fue el esperado. Todo parec\u00eda estancarse nuevamente. Pero, la genetista no se rindi\u00f3: propuso avanzar por el lado materno y descubri\u00f3, luego de compararlo con todo el banco de datos, que el ADN del supuesto agresor de Lola coincid\u00eda con el de un hombre que estaba preso por otra causa pero s\u00f3lo ten\u00eda v\u00ednculo por su madre.<\/h3>\n<h3>De acuerdo con lo que explicaron las autoridades, el detenido ten\u00eda un \u201cmapa gen\u00e9tico\u201d muy parecido al encontrado en las pertenencias de Chomnalez.<\/h3>\n<h3>A partir de all\u00ed se abri\u00f3 un nuevo camino. Con ese hallazgo, la Polic\u00eda Cient\u00edfica logr\u00f3 ubicar a la mam\u00e1 de ese recluso. La Justicia autoriz\u00f3 la extracci\u00f3n de una muestra de la mujer y descubrieron as\u00ed que aquel preso era medio hermano del hombre que hab\u00eda manipulado la mochila y el DNI de la adolescente argentina de 15 a\u00f1os en el 2014. Adem\u00e1s, ese rastro aportado por la mujer coincidi\u00f3 con la muestra hallada hace varios a\u00f1os en las pertenencias de la v\u00edctima.<\/h3>\n<h3>Otro dato no menor: la madre del sospechoso tambi\u00e9n declar\u00f3 ante la Polic\u00eda que hab\u00eda tenido 11 hijos, y entre ellos aport\u00f3 el nombre de Leonardo David Sena. Dijo que desde chico \u00e9l vivi\u00f3 con una familia en la zona de La Paloma o Rocha, porque lo hab\u00eda dado en adopci\u00f3n. Ya con una identidad y un lugar algo delimitado, el cerco comenz\u00f3 a hacerse m\u00e1s peque\u00f1o.<\/h3>\n<h3>Sin embargo, no pod\u00edan dar con \u00e9l. De hecho no ten\u00edan la certeza de que fuera la persona que estaba buscando porque de los 11 hijos, ocho son hombres. De esos, sab\u00edan que tres ten\u00edan antecedentes penales pero tambi\u00e9n contaban con la certeza de que no hab\u00edan matado a Lola porque sus ADN estaban en el registro y no coincid\u00edan con los rastros de la mochila y el DNI de Chomnalez.<\/h3>\n<h3>El objetivo entonces se centr\u00f3 en cinco personas, pero los investigadores se enfocaron en uno solo: el de Sena, ya que ten\u00eda antecedentes por violaci\u00f3n y violencia. El motivo de que su huella gen\u00e9tica no haya sido encontrada en el banco de datos de Polic\u00eda Cient\u00edfica es porque este registro se cre\u00f3 en 2012, y los delitos los hab\u00eda cometido en 2003 y 2009.<\/h3>\n<h3>Hasta ese momento no sab\u00edan d\u00f3nde estaba el sospechoso. Sin embargo, surgi\u00f3 otro giro inesperado. Ir\u00f3nicamente, Sena denunci\u00f3 la semana anterior haber sido v\u00edctima de un robo en la ciudad de Chuy, en la frontera con Brasil, lo que permiti\u00f3 ubicarlo: brind\u00f3 todos sus datos personales.<\/h3>\n<h3>Con esa informaci\u00f3n, la Justicia orden\u00f3 el allanamiento de su vivienda. El sospechoso dijo no saber por qu\u00e9 lo buscaban y se neg\u00f3 a realizar la prueba de ADN. Fue por eso que, con la orden del juez, los polic\u00edas se llevaron un cepillo de dientes y as\u00ed lo cotejaron con las muestras gen\u00e9ticas del crimen de Lola. El resultado coincidi\u00f3 con los rastros hallados en las pertenencias de la adolescente y finalmente qued\u00f3 detenido por el delito de homicidio muy especialmente agravado.<\/h3>\n<p>&nbsp;<\/p>\n<p>&nbsp;<\/p>\n<p>&nbsp;<\/p>\n<p>&nbsp;<\/p>\n<p>&nbsp;<\/p>\n<p>&nbsp;<\/p>\n","protected":false},"excerpt":{"rendered":"<p>La justicia uruguaya conden\u00f3 este mi\u00e9rcoles a 27 a\u00f1os y 6 meses de prisi\u00f3n a&#8230;<\/p>\n","protected":false},"author":1,"featured_media":14849,"comment_status":"closed","ping_status":"closed","sticky":false,"template":"","format":"standard","meta":{"footnotes":""},"categories":[5],"tags":[],"class_list":["post-14848","post","type-post","status-publish","format-standard","has-post-thumbnail","hentry","category-nacionales-internacionales"],"yoast_head":"<!-- This site is optimized with the Yoast SEO plugin v26.1.1 - https:\/\/yoast.com\/wordpress\/plugins\/seo\/ -->\n<title>CONDENARON A 27 A\u00d1OS Y 6 MESES DE PRISI\u00d3N AL FEMICIDA DE LA ARGENTINA LOLA CHOMNALEZ - Apuntes de San Luis<\/title>\n<meta name=\"robots\" content=\"index, follow, max-snippet:-1, max-image-preview:large, max-video-preview:-1\" \/>\n<link rel=\"canonical\" href=\"https:\/\/apuntesdesanluis.com\/index.php\/2024\/04\/17\/condenaron-a-27-anos-y-6-meses-de-prision-al-femicida-de-la-argentina-lola-chomnalez\/\" \/>\n<meta property=\"og:locale\" content=\"es_ES\" \/>\n<meta property=\"og:type\" content=\"article\" \/>\n<meta property=\"og:title\" content=\"CONDENARON A 27 A\u00d1OS Y 6 MESES DE PRISI\u00d3N AL FEMICIDA DE LA ARGENTINA LOLA CHOMNALEZ - Apuntes de San Luis\" \/>\n<meta property=\"og:description\" content=\"La justicia uruguaya conden\u00f3 este mi\u00e9rcoles a 27 a\u00f1os y 6 meses de prisi\u00f3n a...\" \/>\n<meta property=\"og:url\" content=\"https:\/\/apuntesdesanluis.com\/index.php\/2024\/04\/17\/condenaron-a-27-anos-y-6-meses-de-prision-al-femicida-de-la-argentina-lola-chomnalez\/\" \/>\n<meta property=\"og:site_name\" content=\"Apuntes de San Luis\" \/>\n<meta property=\"article:published_time\" content=\"2024-04-18T00:05:46+00:00\" \/>\n<meta property=\"og:image\" content=\"https:\/\/apuntesdesanluis.com\/wp-content\/uploads\/2024\/04\/homicida.png\" \/>\n\t<meta property=\"og:image:width\" content=\"550\" \/>\n\t<meta property=\"og:image:height\" content=\"341\" \/>\n\t<meta property=\"og:image:type\" content=\"image\/png\" \/>\n<meta name=\"author\" content=\"apuntesdesanluis.com\" \/>\n<meta name=\"twitter:card\" content=\"summary_large_image\" \/>\n<meta name=\"twitter:label1\" content=\"Escrito por\" \/>\n\t<meta name=\"twitter:data1\" content=\"apuntesdesanluis.com\" \/>\n\t<meta name=\"twitter:label2\" content=\"Tiempo de lectura\" \/>\n\t<meta name=\"twitter:data2\" content=\"7 minutos\" \/>\n<script type=\"application\/ld+json\" class=\"yoast-schema-graph\">{\"@context\":\"https:\/\/schema.org\",\"@graph\":[{\"@type\":\"Article\",\"@id\":\"https:\/\/apuntesdesanluis.com\/index.php\/2024\/04\/17\/condenaron-a-27-anos-y-6-meses-de-prision-al-femicida-de-la-argentina-lola-chomnalez\/#article\",\"isPartOf\":{\"@id\":\"https:\/\/apuntesdesanluis.com\/index.php\/2024\/04\/17\/condenaron-a-27-anos-y-6-meses-de-prision-al-femicida-de-la-argentina-lola-chomnalez\/\"},\"author\":{\"name\":\"apuntesdesanluis.com\",\"@id\":\"https:\/\/apuntesdesanluis.com\/#\/schema\/person\/b55151d52296fcce64d1a72538a70b90\"},\"headline\":\"CONDENARON A 27 A\u00d1OS Y 6 MESES DE PRISI\u00d3N AL FEMICIDA DE LA ARGENTINA LOLA CHOMNALEZ\",\"datePublished\":\"2024-04-18T00:05:46+00:00\",\"mainEntityOfPage\":{\"@id\":\"https:\/\/apuntesdesanluis.com\/index.php\/2024\/04\/17\/condenaron-a-27-anos-y-6-meses-de-prision-al-femicida-de-la-argentina-lola-chomnalez\/\"},\"wordCount\":1481,\"publisher\":{\"@id\":\"https:\/\/apuntesdesanluis.com\/#\/schema\/person\/b55151d52296fcce64d1a72538a70b90\"},\"image\":{\"@id\":\"https:\/\/apuntesdesanluis.com\/index.php\/2024\/04\/17\/condenaron-a-27-anos-y-6-meses-de-prision-al-femicida-de-la-argentina-lola-chomnalez\/#primaryimage\"},\"thumbnailUrl\":\"https:\/\/apuntesdesanluis.com\/wp-content\/uploads\/2024\/04\/homicida.png\",\"articleSection\":[\"Nacionales\/Internacionales\"],\"inLanguage\":\"es-AR\"},{\"@type\":\"WebPage\",\"@id\":\"https:\/\/apuntesdesanluis.com\/index.php\/2024\/04\/17\/condenaron-a-27-anos-y-6-meses-de-prision-al-femicida-de-la-argentina-lola-chomnalez\/\",\"url\":\"https:\/\/apuntesdesanluis.com\/index.php\/2024\/04\/17\/condenaron-a-27-anos-y-6-meses-de-prision-al-femicida-de-la-argentina-lola-chomnalez\/\",\"name\":\"CONDENARON A 27 A\u00d1OS Y 6 MESES DE PRISI\u00d3N AL FEMICIDA DE LA ARGENTINA LOLA CHOMNALEZ - Apuntes de San Luis\",\"isPartOf\":{\"@id\":\"https:\/\/apuntesdesanluis.com\/#website\"},\"primaryImageOfPage\":{\"@id\":\"https:\/\/apuntesdesanluis.com\/index.php\/2024\/04\/17\/condenaron-a-27-anos-y-6-meses-de-prision-al-femicida-de-la-argentina-lola-chomnalez\/#primaryimage\"},\"image\":{\"@id\":\"https:\/\/apuntesdesanluis.com\/index.php\/2024\/04\/17\/condenaron-a-27-anos-y-6-meses-de-prision-al-femicida-de-la-argentina-lola-chomnalez\/#primaryimage\"},\"thumbnailUrl\":\"https:\/\/apuntesdesanluis.com\/wp-content\/uploads\/2024\/04\/homicida.png\",\"datePublished\":\"2024-04-18T00:05:46+00:00\",\"breadcrumb\":{\"@id\":\"https:\/\/apuntesdesanluis.com\/index.php\/2024\/04\/17\/condenaron-a-27-anos-y-6-meses-de-prision-al-femicida-de-la-argentina-lola-chomnalez\/#breadcrumb\"},\"inLanguage\":\"es-AR\",\"potentialAction\":[{\"@type\":\"ReadAction\",\"target\":[\"https:\/\/apuntesdesanluis.com\/index.php\/2024\/04\/17\/condenaron-a-27-anos-y-6-meses-de-prision-al-femicida-de-la-argentina-lola-chomnalez\/\"]}]},{\"@type\":\"ImageObject\",\"inLanguage\":\"es-AR\",\"@id\":\"https:\/\/apuntesdesanluis.com\/index.php\/2024\/04\/17\/condenaron-a-27-anos-y-6-meses-de-prision-al-femicida-de-la-argentina-lola-chomnalez\/#primaryimage\",\"url\":\"https:\/\/apuntesdesanluis.com\/wp-content\/uploads\/2024\/04\/homicida.png\",\"contentUrl\":\"https:\/\/apuntesdesanluis.com\/wp-content\/uploads\/2024\/04\/homicida.png\",\"width\":550,\"height\":341},{\"@type\":\"BreadcrumbList\",\"@id\":\"https:\/\/apuntesdesanluis.com\/index.php\/2024\/04\/17\/condenaron-a-27-anos-y-6-meses-de-prision-al-femicida-de-la-argentina-lola-chomnalez\/#breadcrumb\",\"itemListElement\":[{\"@type\":\"ListItem\",\"position\":1,\"name\":\"Inicio\",\"item\":\"https:\/\/apuntesdesanluis.com\/\"},{\"@type\":\"ListItem\",\"position\":2,\"name\":\"CONDENARON A 27 A\u00d1OS Y 6 MESES DE PRISI\u00d3N AL FEMICIDA DE LA ARGENTINA LOLA CHOMNALEZ\"}]},{\"@type\":\"WebSite\",\"@id\":\"https:\/\/apuntesdesanluis.com\/#website\",\"url\":\"https:\/\/apuntesdesanluis.com\/\",\"name\":\"Apuntes de San Luis\",\"description\":\"\",\"publisher\":{\"@id\":\"https:\/\/apuntesdesanluis.com\/#\/schema\/person\/b55151d52296fcce64d1a72538a70b90\"},\"potentialAction\":[{\"@type\":\"SearchAction\",\"target\":{\"@type\":\"EntryPoint\",\"urlTemplate\":\"https:\/\/apuntesdesanluis.com\/?s={search_term_string}\"},\"query-input\":{\"@type\":\"PropertyValueSpecification\",\"valueRequired\":true,\"valueName\":\"search_term_string\"}}],\"inLanguage\":\"es-AR\"},{\"@type\":[\"Person\",\"Organization\"],\"@id\":\"https:\/\/apuntesdesanluis.com\/#\/schema\/person\/b55151d52296fcce64d1a72538a70b90\",\"name\":\"apuntesdesanluis.com\",\"image\":{\"@type\":\"ImageObject\",\"inLanguage\":\"es-AR\",\"@id\":\"https:\/\/apuntesdesanluis.com\/#\/schema\/person\/image\/\",\"url\":\"https:\/\/apuntesdesanluis.com\/wp-content\/uploads\/2023\/07\/cropped-apuntesdesanluis.png\",\"contentUrl\":\"https:\/\/apuntesdesanluis.com\/wp-content\/uploads\/2023\/07\/cropped-apuntesdesanluis.png\",\"width\":450,\"height\":112,\"caption\":\"apuntesdesanluis.com\"},\"logo\":{\"@id\":\"https:\/\/apuntesdesanluis.com\/#\/schema\/person\/image\/\"},\"sameAs\":[\"https:\/\/apuntesdesanluis.com\"],\"url\":\"https:\/\/apuntesdesanluis.com\/index.php\/author\/apuntesdesanluis-com\/\"}]}<\/script>\n<!-- \/ Yoast SEO plugin. -->","yoast_head_json":{"title":"CONDENARON A 27 A\u00d1OS Y 6 MESES DE PRISI\u00d3N AL FEMICIDA DE LA ARGENTINA LOLA CHOMNALEZ - Apuntes de San Luis","robots":{"index":"index","follow":"follow","max-snippet":"max-snippet:-1","max-image-preview":"max-image-preview:large","max-video-preview":"max-video-preview:-1"},"canonical":"https:\/\/apuntesdesanluis.com\/index.php\/2024\/04\/17\/condenaron-a-27-anos-y-6-meses-de-prision-al-femicida-de-la-argentina-lola-chomnalez\/","og_locale":"es_ES","og_type":"article","og_title":"CONDENARON A 27 A\u00d1OS Y 6 MESES DE PRISI\u00d3N AL FEMICIDA DE LA ARGENTINA LOLA CHOMNALEZ - Apuntes de San Luis","og_description":"La justicia uruguaya conden\u00f3 este mi\u00e9rcoles a 27 a\u00f1os y 6 meses de prisi\u00f3n a...","og_url":"https:\/\/apuntesdesanluis.com\/index.php\/2024\/04\/17\/condenaron-a-27-anos-y-6-meses-de-prision-al-femicida-de-la-argentina-lola-chomnalez\/","og_site_name":"Apuntes de San Luis","article_published_time":"2024-04-18T00:05:46+00:00","og_image":[{"width":550,"height":341,"url":"https:\/\/apuntesdesanluis.com\/wp-content\/uploads\/2024\/04\/homicida.png","type":"image\/png"}],"author":"apuntesdesanluis.com","twitter_card":"summary_large_image","twitter_misc":{"Escrito por":"apuntesdesanluis.com","Tiempo de lectura":"7 minutos"},"schema":{"@context":"https:\/\/schema.org","@graph":[{"@type":"Article","@id":"https:\/\/apuntesdesanluis.com\/index.php\/2024\/04\/17\/condenaron-a-27-anos-y-6-meses-de-prision-al-femicida-de-la-argentina-lola-chomnalez\/#article","isPartOf":{"@id":"https:\/\/apuntesdesanluis.com\/index.php\/2024\/04\/17\/condenaron-a-27-anos-y-6-meses-de-prision-al-femicida-de-la-argentina-lola-chomnalez\/"},"author":{"name":"apuntesdesanluis.com","@id":"https:\/\/apuntesdesanluis.com\/#\/schema\/person\/b55151d52296fcce64d1a72538a70b90"},"headline":"CONDENARON A 27 A\u00d1OS Y 6 MESES DE PRISI\u00d3N AL FEMICIDA DE LA ARGENTINA LOLA CHOMNALEZ","datePublished":"2024-04-18T00:05:46+00:00","mainEntityOfPage":{"@id":"https:\/\/apuntesdesanluis.com\/index.php\/2024\/04\/17\/condenaron-a-27-anos-y-6-meses-de-prision-al-femicida-de-la-argentina-lola-chomnalez\/"},"wordCount":1481,"publisher":{"@id":"https:\/\/apuntesdesanluis.com\/#\/schema\/person\/b55151d52296fcce64d1a72538a70b90"},"image":{"@id":"https:\/\/apuntesdesanluis.com\/index.php\/2024\/04\/17\/condenaron-a-27-anos-y-6-meses-de-prision-al-femicida-de-la-argentina-lola-chomnalez\/#primaryimage"},"thumbnailUrl":"https:\/\/apuntesdesanluis.com\/wp-content\/uploads\/2024\/04\/homicida.png","articleSection":["Nacionales\/Internacionales"],"inLanguage":"es-AR"},{"@type":"WebPage","@id":"https:\/\/apuntesdesanluis.com\/index.php\/2024\/04\/17\/condenaron-a-27-anos-y-6-meses-de-prision-al-femicida-de-la-argentina-lola-chomnalez\/","url":"https:\/\/apuntesdesanluis.com\/index.php\/2024\/04\/17\/condenaron-a-27-anos-y-6-meses-de-prision-al-femicida-de-la-argentina-lola-chomnalez\/","name":"CONDENARON A 27 A\u00d1OS Y 6 MESES DE PRISI\u00d3N AL FEMICIDA DE LA ARGENTINA LOLA CHOMNALEZ - Apuntes de San Luis","isPartOf":{"@id":"https:\/\/apuntesdesanluis.com\/#website"},"primaryImageOfPage":{"@id":"https:\/\/apuntesdesanluis.com\/index.php\/2024\/04\/17\/condenaron-a-27-anos-y-6-meses-de-prision-al-femicida-de-la-argentina-lola-chomnalez\/#primaryimage"},"image":{"@id":"https:\/\/apuntesdesanluis.com\/index.php\/2024\/04\/17\/condenaron-a-27-anos-y-6-meses-de-prision-al-femicida-de-la-argentina-lola-chomnalez\/#primaryimage"},"thumbnailUrl":"https:\/\/apuntesdesanluis.com\/wp-content\/uploads\/2024\/04\/homicida.png","datePublished":"2024-04-18T00:05:46+00:00","breadcrumb":{"@id":"https:\/\/apuntesdesanluis.com\/index.php\/2024\/04\/17\/condenaron-a-27-anos-y-6-meses-de-prision-al-femicida-de-la-argentina-lola-chomnalez\/#breadcrumb"},"inLanguage":"es-AR","potentialAction":[{"@type":"ReadAction","target":["https:\/\/apuntesdesanluis.com\/index.php\/2024\/04\/17\/condenaron-a-27-anos-y-6-meses-de-prision-al-femicida-de-la-argentina-lola-chomnalez\/"]}]},{"@type":"ImageObject","inLanguage":"es-AR","@id":"https:\/\/apuntesdesanluis.com\/index.php\/2024\/04\/17\/condenaron-a-27-anos-y-6-meses-de-prision-al-femicida-de-la-argentina-lola-chomnalez\/#primaryimage","url":"https:\/\/apuntesdesanluis.com\/wp-content\/uploads\/2024\/04\/homicida.png","contentUrl":"https:\/\/apuntesdesanluis.com\/wp-content\/uploads\/2024\/04\/homicida.png","width":550,"height":341},{"@type":"BreadcrumbList","@id":"https:\/\/apuntesdesanluis.com\/index.php\/2024\/04\/17\/condenaron-a-27-anos-y-6-meses-de-prision-al-femicida-de-la-argentina-lola-chomnalez\/#breadcrumb","itemListElement":[{"@type":"ListItem","position":1,"name":"Inicio","item":"https:\/\/apuntesdesanluis.com\/"},{"@type":"ListItem","position":2,"name":"CONDENARON A 27 A\u00d1OS Y 6 MESES DE PRISI\u00d3N AL FEMICIDA DE LA ARGENTINA LOLA CHOMNALEZ"}]},{"@type":"WebSite","@id":"https:\/\/apuntesdesanluis.com\/#website","url":"https:\/\/apuntesdesanluis.com\/","name":"Apuntes de San Luis","description":"","publisher":{"@id":"https:\/\/apuntesdesanluis.com\/#\/schema\/person\/b55151d52296fcce64d1a72538a70b90"},"potentialAction":[{"@type":"SearchAction","target":{"@type":"EntryPoint","urlTemplate":"https:\/\/apuntesdesanluis.com\/?s={search_term_string}"},"query-input":{"@type":"PropertyValueSpecification","valueRequired":true,"valueName":"search_term_string"}}],"inLanguage":"es-AR"},{"@type":["Person","Organization"],"@id":"https:\/\/apuntesdesanluis.com\/#\/schema\/person\/b55151d52296fcce64d1a72538a70b90","name":"apuntesdesanluis.com","image":{"@type":"ImageObject","inLanguage":"es-AR","@id":"https:\/\/apuntesdesanluis.com\/#\/schema\/person\/image\/","url":"https:\/\/apuntesdesanluis.com\/wp-content\/uploads\/2023\/07\/cropped-apuntesdesanluis.png","contentUrl":"https:\/\/apuntesdesanluis.com\/wp-content\/uploads\/2023\/07\/cropped-apuntesdesanluis.png","width":450,"height":112,"caption":"apuntesdesanluis.com"},"logo":{"@id":"https:\/\/apuntesdesanluis.com\/#\/schema\/person\/image\/"},"sameAs":["https:\/\/apuntesdesanluis.com"],"url":"https:\/\/apuntesdesanluis.com\/index.php\/author\/apuntesdesanluis-com\/"}]}},"featured_image_urls":{"full":["https:\/\/apuntesdesanluis.com\/wp-content\/uploads\/2024\/04\/homicida.png",550,341,false],"thumbnail":["https:\/\/apuntesdesanluis.com\/wp-content\/uploads\/2024\/04\/homicida-150x150.png",150,150,true],"medium":["https:\/\/apuntesdesanluis.com\/wp-content\/uploads\/2024\/04\/homicida-300x186.png",300,186,true],"medium_large":["https:\/\/apuntesdesanluis.com\/wp-content\/uploads\/2024\/04\/homicida.png",550,341,false],"large":["https:\/\/apuntesdesanluis.com\/wp-content\/uploads\/2024\/04\/homicida.png",550,341,false],"1536x1536":["https:\/\/apuntesdesanluis.com\/wp-content\/uploads\/2024\/04\/homicida.png",550,341,false],"2048x2048":["https:\/\/apuntesdesanluis.com\/wp-content\/uploads\/2024\/04\/homicida.png",550,341,false],"newsever-slider-full":["https:\/\/apuntesdesanluis.com\/wp-content\/uploads\/2024\/04\/homicida.png",550,341,false],"newsever-featured":["https:\/\/apuntesdesanluis.com\/wp-content\/uploads\/2024\/04\/homicida.png",550,341,false],"newsever-medium":["https:\/\/apuntesdesanluis.com\/wp-content\/uploads\/2024\/04\/homicida.png",550,341,false]},"author_info":{"display_name":"apuntesdesanluis.com","author_link":"https:\/\/apuntesdesanluis.com\/index.php\/author\/apuntesdesanluis-com\/"},"category_info":"<a href=\"https:\/\/apuntesdesanluis.com\/index.php\/category\/nacionales-internacionales\/\" rel=\"category tag\">Nacionales\/Internacionales<\/a>","tag_info":"Nacionales\/Internacionales","comment_count":"0","_links":{"self":[{"href":"https:\/\/apuntesdesanluis.com\/index.php\/wp-json\/wp\/v2\/posts\/14848","targetHints":{"allow":["GET"]}}],"collection":[{"href":"https:\/\/apuntesdesanluis.com\/index.php\/wp-json\/wp\/v2\/posts"}],"about":[{"href":"https:\/\/apuntesdesanluis.com\/index.php\/wp-json\/wp\/v2\/types\/post"}],"author":[{"embeddable":true,"href":"https:\/\/apuntesdesanluis.com\/index.php\/wp-json\/wp\/v2\/users\/1"}],"replies":[{"embeddable":true,"href":"https:\/\/apuntesdesanluis.com\/index.php\/wp-json\/wp\/v2\/comments?post=14848"}],"version-history":[{"count":1,"href":"https:\/\/apuntesdesanluis.com\/index.php\/wp-json\/wp\/v2\/posts\/14848\/revisions"}],"predecessor-version":[{"id":14851,"href":"https:\/\/apuntesdesanluis.com\/index.php\/wp-json\/wp\/v2\/posts\/14848\/revisions\/14851"}],"wp:featuredmedia":[{"embeddable":true,"href":"https:\/\/apuntesdesanluis.com\/index.php\/wp-json\/wp\/v2\/media\/14849"}],"wp:attachment":[{"href":"https:\/\/apuntesdesanluis.com\/index.php\/wp-json\/wp\/v2\/media?parent=14848"}],"wp:term":[{"taxonomy":"category","embeddable":true,"href":"https:\/\/apuntesdesanluis.com\/index.php\/wp-json\/wp\/v2\/categories?post=14848"},{"taxonomy":"post_tag","embeddable":true,"href":"https:\/\/apuntesdesanluis.com\/index.php\/wp-json\/wp\/v2\/tags?post=14848"}],"curies":[{"name":"wp","href":"https:\/\/api.w.org\/{rel}","templated":true}]}}