{"id":14852,"date":"2024-04-17T21:12:36","date_gmt":"2024-04-18T00:12:36","guid":{"rendered":"https:\/\/apuntesdesanluis.com\/?p=14852"},"modified":"2024-04-17T21:12:36","modified_gmt":"2024-04-18T00:12:36","slug":"el-gobierno-anuncio-que-la-mayoria-de-las-prepagas-daran-marcha-atras-con-los-aumentos-y-hasta-devolveran-plata","status":"publish","type":"post","link":"https:\/\/apuntesdesanluis.com\/index.php\/2024\/04\/17\/el-gobierno-anuncio-que-la-mayoria-de-las-prepagas-daran-marcha-atras-con-los-aumentos-y-hasta-devolveran-plata\/","title":{"rendered":"EL GOBIERNO ANUNCI\u00d3 QUE LA MAYOR\u00cdA DE LAS PREPAGAS DAR\u00c1N MARCHA ATR\u00c1S CON LOS AUMENTOS Y HASTA DEVOLVER\u00c1N PLATA"},"content":{"rendered":"<h3>El Gobierno anunci\u00f3 que las empresas de medicina prepagas que nuclean el 75% de los afilados van a retrotraer los aumentos a valores de diciembre de 2023 y recalcularlos en funci\u00f3n de la variaci\u00f3n del \u00cdndice de Precios al Consumidor (IPC).<\/h3>\n<h3>As\u00ed lo inform\u00f3 el vocero presidencial, <strong>Manuel Adorni<\/strong>, en la habitual conferencia de prensa en la que detall\u00f3 que por disposici\u00f3n de la Secretar\u00eda de Industria y Comercio del Ministerio de Econom\u00eda siete empresas del sector tendr\u00e1n que aplicar este \u00edndice para ajustar las cuotas por el plazo de 6 meses.<\/h3>\n<h3>El dictamen obliga adem\u00e1s a las compa\u00f1\u00edas a cesar cualquier intercambio de informaci\u00f3n y a aportar datos a la Comisi\u00f3n Nacional de Defensa de la Competencia sobre cantidad de afiliados y precios nominales de los planes de salud ofrecidos.<\/h3>\n<h3>&#8220;La Argentina de la avivada se termin\u00f3 el 10 de diciembre&#8221;, remarc\u00f3 el portavoz del presidente Javier Milei, y agreg\u00f3: &#8220;El Gobierno del Presidente Milei no va a convalidar maniobras especulativas desde ning\u00fan punto de vista\u201d.<\/h3>\n<h3>A la disposici\u00f3n, se suma la medida cautelar que present\u00f3 la Superintendencia de Salud ante la Justicia, tal y como anticip\u00f3 semanas atr\u00e1s Noticias Argentinas, para obligar a las empresas que concentran el 90% del mercado de medicina prepaga a retrotraer el valor de las cuotas y a devolver a los afiliados el monto por encima de la inflaci\u00f3n que cobraron desde diciembre.<\/h3>\n<h3>\u201cEste organismo no controla m\u00e1s los precios pero s\u00ed busca garantizar la libre competencia y la libertad de elegir en beneficio de los argentinos\u201d, aclararon.<\/h3>\n<h3>De esta manera, el Gobierno conf\u00eda en poder resolver un reclamo que afectaba principalmente a la clase media y que hab\u00eda generado un importante cruce con el rubro.<\/h3>\n<h3>D\u00edas atr\u00e1s, el ministro de Econom\u00eda, Luis Caputo, hab\u00eda asegurado que \u201clas prepagas le est\u00e1n declarando la guerra a la clase media\u201d con los aumentos desmedidos, por lo que hab\u00eda se\u00f1alado que desde el Gobierno iban a hacer \u201ctodo lo que est\u00e9 al alcance\u201d para defender a ese sector de la poblaci\u00f3n: incluso, se desliz\u00f3 la posibilidad de recurrir a la Justicia.<\/h3>\n<h3>El encargado de dar la cara por las empresas de medicina prepaga fue Claudio Belocopitt, due\u00f1o de Swiss Medical y quien fue titular de la Uni\u00f3n Argentina de Salud (UAS) hasta el pasado lunes.<\/h3>\n<h3>El empresario rechaz\u00f3 las acusaciones que recibi\u00f3 y se mostr\u00f3 ofendido por el hecho de que se haya revelado la cantidad de dinero que recibi\u00f3 de parte del Estado en concepto de ATP durante la pandemia de coronavirus: afirm\u00f3 que el Gobierno del presidente Javier Milei le tir\u00f3 \u201cun balde de mierda\u201d para desprestigiarlo.<\/h3>\n<p>&nbsp;<\/p>\n<p>&nbsp;<\/p>\n<p>&nbsp;<\/p>\n","protected":false},"excerpt":{"rendered":"<p>El Gobierno anunci\u00f3 que las empresas de medicina prepagas que nuclean el 75% de los&#8230;<\/p>\n","protected":false},"author":1,"featured_media":14853,"comment_status":"closed","ping_status":"closed","sticky":false,"template":"","format":"standard","meta":{"footnotes":""},"categories":[5],"tags":[],"class_list":["post-14852","post","type-post","status-publish","format-standard","has-post-thumbnail","hentry","category-nacionales-internacionales"],"yoast_head":"<!-- This site is optimized with the Yoast SEO plugin v26.1.1 - https:\/\/yoast.com\/wordpress\/plugins\/seo\/ -->\n<title>EL GOBIERNO ANUNCI\u00d3 QUE LA MAYOR\u00cdA DE LAS PREPAGAS DAR\u00c1N MARCHA ATR\u00c1S CON LOS AUMENTOS Y HASTA DEVOLVER\u00c1N PLATA - Apuntes de San Luis<\/title>\n<meta name=\"robots\" content=\"index, follow, max-snippet:-1, max-image-preview:large, max-video-preview:-1\" \/>\n<link rel=\"canonical\" href=\"https:\/\/apuntesdesanluis.com\/index.php\/2024\/04\/17\/el-gobierno-anuncio-que-la-mayoria-de-las-prepagas-daran-marcha-atras-con-los-aumentos-y-hasta-devolveran-plata\/\" \/>\n<meta property=\"og:locale\" content=\"es_ES\" \/>\n<meta property=\"og:type\" content=\"article\" \/>\n<meta property=\"og:title\" content=\"EL GOBIERNO ANUNCI\u00d3 QUE LA MAYOR\u00cdA DE LAS PREPAGAS DAR\u00c1N MARCHA ATR\u00c1S CON LOS AUMENTOS Y HASTA DEVOLVER\u00c1N PLATA - Apuntes de San Luis\" \/>\n<meta property=\"og:description\" content=\"El Gobierno anunci\u00f3 que las empresas de medicina prepagas que nuclean el 75% de los...\" \/>\n<meta property=\"og:url\" content=\"https:\/\/apuntesdesanluis.com\/index.php\/2024\/04\/17\/el-gobierno-anuncio-que-la-mayoria-de-las-prepagas-daran-marcha-atras-con-los-aumentos-y-hasta-devolveran-plata\/\" \/>\n<meta property=\"og:site_name\" content=\"Apuntes de San Luis\" \/>\n<meta property=\"article:published_time\" content=\"2024-04-18T00:12:36+00:00\" \/>\n<meta property=\"og:image\" content=\"https:\/\/apuntesdesanluis.com\/wp-content\/uploads\/2024\/04\/OBRAS-SOCIUALES.png\" \/>\n\t<meta property=\"og:image:width\" content=\"773\" \/>\n\t<meta property=\"og:image:height\" content=\"432\" \/>\n\t<meta property=\"og:image:type\" content=\"image\/png\" \/>\n<meta name=\"author\" content=\"apuntesdesanluis.com\" \/>\n<meta name=\"twitter:card\" content=\"summary_large_image\" \/>\n<meta name=\"twitter:label1\" content=\"Escrito por\" \/>\n\t<meta name=\"twitter:data1\" content=\"apuntesdesanluis.com\" \/>\n\t<meta name=\"twitter:label2\" content=\"Tiempo de lectura\" \/>\n\t<meta name=\"twitter:data2\" content=\"2 minutos\" \/>\n<script type=\"application\/ld+json\" class=\"yoast-schema-graph\">{\"@context\":\"https:\/\/schema.org\",\"@graph\":[{\"@type\":\"Article\",\"@id\":\"https:\/\/apuntesdesanluis.com\/index.php\/2024\/04\/17\/el-gobierno-anuncio-que-la-mayoria-de-las-prepagas-daran-marcha-atras-con-los-aumentos-y-hasta-devolveran-plata\/#article\",\"isPartOf\":{\"@id\":\"https:\/\/apuntesdesanluis.com\/index.php\/2024\/04\/17\/el-gobierno-anuncio-que-la-mayoria-de-las-prepagas-daran-marcha-atras-con-los-aumentos-y-hasta-devolveran-plata\/\"},\"author\":{\"name\":\"apuntesdesanluis.com\",\"@id\":\"https:\/\/apuntesdesanluis.com\/#\/schema\/person\/b55151d52296fcce64d1a72538a70b90\"},\"headline\":\"EL GOBIERNO ANUNCI\u00d3 QUE LA MAYOR\u00cdA DE LAS PREPAGAS DAR\u00c1N MARCHA ATR\u00c1S CON LOS AUMENTOS Y HASTA DEVOLVER\u00c1N PLATA\",\"datePublished\":\"2024-04-18T00:12:36+00:00\",\"mainEntityOfPage\":{\"@id\":\"https:\/\/apuntesdesanluis.com\/index.php\/2024\/04\/17\/el-gobierno-anuncio-que-la-mayoria-de-las-prepagas-daran-marcha-atras-con-los-aumentos-y-hasta-devolveran-plata\/\"},\"wordCount\":481,\"publisher\":{\"@id\":\"https:\/\/apuntesdesanluis.com\/#\/schema\/person\/b55151d52296fcce64d1a72538a70b90\"},\"image\":{\"@id\":\"https:\/\/apuntesdesanluis.com\/index.php\/2024\/04\/17\/el-gobierno-anuncio-que-la-mayoria-de-las-prepagas-daran-marcha-atras-con-los-aumentos-y-hasta-devolveran-plata\/#primaryimage\"},\"thumbnailUrl\":\"https:\/\/apuntesdesanluis.com\/wp-content\/uploads\/2024\/04\/OBRAS-SOCIUALES.png\",\"articleSection\":[\"Nacionales\/Internacionales\"],\"inLanguage\":\"es-AR\"},{\"@type\":\"WebPage\",\"@id\":\"https:\/\/apuntesdesanluis.com\/index.php\/2024\/04\/17\/el-gobierno-anuncio-que-la-mayoria-de-las-prepagas-daran-marcha-atras-con-los-aumentos-y-hasta-devolveran-plata\/\",\"url\":\"https:\/\/apuntesdesanluis.com\/index.php\/2024\/04\/17\/el-gobierno-anuncio-que-la-mayoria-de-las-prepagas-daran-marcha-atras-con-los-aumentos-y-hasta-devolveran-plata\/\",\"name\":\"EL GOBIERNO ANUNCI\u00d3 QUE LA MAYOR\u00cdA DE LAS PREPAGAS DAR\u00c1N MARCHA ATR\u00c1S CON LOS AUMENTOS Y HASTA DEVOLVER\u00c1N PLATA - Apuntes de San Luis\",\"isPartOf\":{\"@id\":\"https:\/\/apuntesdesanluis.com\/#website\"},\"primaryImageOfPage\":{\"@id\":\"https:\/\/apuntesdesanluis.com\/index.php\/2024\/04\/17\/el-gobierno-anuncio-que-la-mayoria-de-las-prepagas-daran-marcha-atras-con-los-aumentos-y-hasta-devolveran-plata\/#primaryimage\"},\"image\":{\"@id\":\"https:\/\/apuntesdesanluis.com\/index.php\/2024\/04\/17\/el-gobierno-anuncio-que-la-mayoria-de-las-prepagas-daran-marcha-atras-con-los-aumentos-y-hasta-devolveran-plata\/#primaryimage\"},\"thumbnailUrl\":\"https:\/\/apuntesdesanluis.com\/wp-content\/uploads\/2024\/04\/OBRAS-SOCIUALES.png\",\"datePublished\":\"2024-04-18T00:12:36+00:00\",\"breadcrumb\":{\"@id\":\"https:\/\/apuntesdesanluis.com\/index.php\/2024\/04\/17\/el-gobierno-anuncio-que-la-mayoria-de-las-prepagas-daran-marcha-atras-con-los-aumentos-y-hasta-devolveran-plata\/#breadcrumb\"},\"inLanguage\":\"es-AR\",\"potentialAction\":[{\"@type\":\"ReadAction\",\"target\":[\"https:\/\/apuntesdesanluis.com\/index.php\/2024\/04\/17\/el-gobierno-anuncio-que-la-mayoria-de-las-prepagas-daran-marcha-atras-con-los-aumentos-y-hasta-devolveran-plata\/\"]}]},{\"@type\":\"ImageObject\",\"inLanguage\":\"es-AR\",\"@id\":\"https:\/\/apuntesdesanluis.com\/index.php\/2024\/04\/17\/el-gobierno-anuncio-que-la-mayoria-de-las-prepagas-daran-marcha-atras-con-los-aumentos-y-hasta-devolveran-plata\/#primaryimage\",\"url\":\"https:\/\/apuntesdesanluis.com\/wp-content\/uploads\/2024\/04\/OBRAS-SOCIUALES.png\",\"contentUrl\":\"https:\/\/apuntesdesanluis.com\/wp-content\/uploads\/2024\/04\/OBRAS-SOCIUALES.png\",\"width\":773,\"height\":432},{\"@type\":\"BreadcrumbList\",\"@id\":\"https:\/\/apuntesdesanluis.com\/index.php\/2024\/04\/17\/el-gobierno-anuncio-que-la-mayoria-de-las-prepagas-daran-marcha-atras-con-los-aumentos-y-hasta-devolveran-plata\/#breadcrumb\",\"itemListElement\":[{\"@type\":\"ListItem\",\"position\":1,\"name\":\"Inicio\",\"item\":\"https:\/\/apuntesdesanluis.com\/\"},{\"@type\":\"ListItem\",\"position\":2,\"name\":\"EL GOBIERNO ANUNCI\u00d3 QUE LA MAYOR\u00cdA DE LAS PREPAGAS DAR\u00c1N MARCHA ATR\u00c1S CON LOS AUMENTOS Y HASTA DEVOLVER\u00c1N PLATA\"}]},{\"@type\":\"WebSite\",\"@id\":\"https:\/\/apuntesdesanluis.com\/#website\",\"url\":\"https:\/\/apuntesdesanluis.com\/\",\"name\":\"Apuntes de San Luis\",\"description\":\"\",\"publisher\":{\"@id\":\"https:\/\/apuntesdesanluis.com\/#\/schema\/person\/b55151d52296fcce64d1a72538a70b90\"},\"potentialAction\":[{\"@type\":\"SearchAction\",\"target\":{\"@type\":\"EntryPoint\",\"urlTemplate\":\"https:\/\/apuntesdesanluis.com\/?s={search_term_string}\"},\"query-input\":{\"@type\":\"PropertyValueSpecification\",\"valueRequired\":true,\"valueName\":\"search_term_string\"}}],\"inLanguage\":\"es-AR\"},{\"@type\":[\"Person\",\"Organization\"],\"@id\":\"https:\/\/apuntesdesanluis.com\/#\/schema\/person\/b55151d52296fcce64d1a72538a70b90\",\"name\":\"apuntesdesanluis.com\",\"image\":{\"@type\":\"ImageObject\",\"inLanguage\":\"es-AR\",\"@id\":\"https:\/\/apuntesdesanluis.com\/#\/schema\/person\/image\/\",\"url\":\"https:\/\/apuntesdesanluis.com\/wp-content\/uploads\/2023\/07\/cropped-apuntesdesanluis.png\",\"contentUrl\":\"https:\/\/apuntesdesanluis.com\/wp-content\/uploads\/2023\/07\/cropped-apuntesdesanluis.png\",\"width\":450,\"height\":112,\"caption\":\"apuntesdesanluis.com\"},\"logo\":{\"@id\":\"https:\/\/apuntesdesanluis.com\/#\/schema\/person\/image\/\"},\"sameAs\":[\"https:\/\/apuntesdesanluis.com\"],\"url\":\"https:\/\/apuntesdesanluis.com\/index.php\/author\/apuntesdesanluis-com\/\"}]}<\/script>\n<!-- \/ Yoast SEO plugin. -->","yoast_head_json":{"title":"EL GOBIERNO ANUNCI\u00d3 QUE LA MAYOR\u00cdA DE LAS PREPAGAS DAR\u00c1N MARCHA ATR\u00c1S CON LOS AUMENTOS Y HASTA DEVOLVER\u00c1N PLATA - Apuntes de San Luis","robots":{"index":"index","follow":"follow","max-snippet":"max-snippet:-1","max-image-preview":"max-image-preview:large","max-video-preview":"max-video-preview:-1"},"canonical":"https:\/\/apuntesdesanluis.com\/index.php\/2024\/04\/17\/el-gobierno-anuncio-que-la-mayoria-de-las-prepagas-daran-marcha-atras-con-los-aumentos-y-hasta-devolveran-plata\/","og_locale":"es_ES","og_type":"article","og_title":"EL GOBIERNO ANUNCI\u00d3 QUE LA MAYOR\u00cdA DE LAS PREPAGAS DAR\u00c1N MARCHA ATR\u00c1S CON LOS AUMENTOS Y HASTA DEVOLVER\u00c1N PLATA - Apuntes de San Luis","og_description":"El Gobierno anunci\u00f3 que las empresas de medicina prepagas que nuclean el 75% de los...","og_url":"https:\/\/apuntesdesanluis.com\/index.php\/2024\/04\/17\/el-gobierno-anuncio-que-la-mayoria-de-las-prepagas-daran-marcha-atras-con-los-aumentos-y-hasta-devolveran-plata\/","og_site_name":"Apuntes de San Luis","article_published_time":"2024-04-18T00:12:36+00:00","og_image":[{"width":773,"height":432,"url":"https:\/\/apuntesdesanluis.com\/wp-content\/uploads\/2024\/04\/OBRAS-SOCIUALES.png","type":"image\/png"}],"author":"apuntesdesanluis.com","twitter_card":"summary_large_image","twitter_misc":{"Escrito por":"apuntesdesanluis.com","Tiempo de lectura":"2 minutos"},"schema":{"@context":"https:\/\/schema.org","@graph":[{"@type":"Article","@id":"https:\/\/apuntesdesanluis.com\/index.php\/2024\/04\/17\/el-gobierno-anuncio-que-la-mayoria-de-las-prepagas-daran-marcha-atras-con-los-aumentos-y-hasta-devolveran-plata\/#article","isPartOf":{"@id":"https:\/\/apuntesdesanluis.com\/index.php\/2024\/04\/17\/el-gobierno-anuncio-que-la-mayoria-de-las-prepagas-daran-marcha-atras-con-los-aumentos-y-hasta-devolveran-plata\/"},"author":{"name":"apuntesdesanluis.com","@id":"https:\/\/apuntesdesanluis.com\/#\/schema\/person\/b55151d52296fcce64d1a72538a70b90"},"headline":"EL GOBIERNO ANUNCI\u00d3 QUE LA MAYOR\u00cdA DE LAS PREPAGAS DAR\u00c1N MARCHA ATR\u00c1S CON LOS AUMENTOS Y HASTA DEVOLVER\u00c1N PLATA","datePublished":"2024-04-18T00:12:36+00:00","mainEntityOfPage":{"@id":"https:\/\/apuntesdesanluis.com\/index.php\/2024\/04\/17\/el-gobierno-anuncio-que-la-mayoria-de-las-prepagas-daran-marcha-atras-con-los-aumentos-y-hasta-devolveran-plata\/"},"wordCount":481,"publisher":{"@id":"https:\/\/apuntesdesanluis.com\/#\/schema\/person\/b55151d52296fcce64d1a72538a70b90"},"image":{"@id":"https:\/\/apuntesdesanluis.com\/index.php\/2024\/04\/17\/el-gobierno-anuncio-que-la-mayoria-de-las-prepagas-daran-marcha-atras-con-los-aumentos-y-hasta-devolveran-plata\/#primaryimage"},"thumbnailUrl":"https:\/\/apuntesdesanluis.com\/wp-content\/uploads\/2024\/04\/OBRAS-SOCIUALES.png","articleSection":["Nacionales\/Internacionales"],"inLanguage":"es-AR"},{"@type":"WebPage","@id":"https:\/\/apuntesdesanluis.com\/index.php\/2024\/04\/17\/el-gobierno-anuncio-que-la-mayoria-de-las-prepagas-daran-marcha-atras-con-los-aumentos-y-hasta-devolveran-plata\/","url":"https:\/\/apuntesdesanluis.com\/index.php\/2024\/04\/17\/el-gobierno-anuncio-que-la-mayoria-de-las-prepagas-daran-marcha-atras-con-los-aumentos-y-hasta-devolveran-plata\/","name":"EL GOBIERNO ANUNCI\u00d3 QUE LA MAYOR\u00cdA DE LAS PREPAGAS DAR\u00c1N MARCHA ATR\u00c1S CON LOS AUMENTOS Y HASTA DEVOLVER\u00c1N PLATA - Apuntes de San Luis","isPartOf":{"@id":"https:\/\/apuntesdesanluis.com\/#website"},"primaryImageOfPage":{"@id":"https:\/\/apuntesdesanluis.com\/index.php\/2024\/04\/17\/el-gobierno-anuncio-que-la-mayoria-de-las-prepagas-daran-marcha-atras-con-los-aumentos-y-hasta-devolveran-plata\/#primaryimage"},"image":{"@id":"https:\/\/apuntesdesanluis.com\/index.php\/2024\/04\/17\/el-gobierno-anuncio-que-la-mayoria-de-las-prepagas-daran-marcha-atras-con-los-aumentos-y-hasta-devolveran-plata\/#primaryimage"},"thumbnailUrl":"https:\/\/apuntesdesanluis.com\/wp-content\/uploads\/2024\/04\/OBRAS-SOCIUALES.png","datePublished":"2024-04-18T00:12:36+00:00","breadcrumb":{"@id":"https:\/\/apuntesdesanluis.com\/index.php\/2024\/04\/17\/el-gobierno-anuncio-que-la-mayoria-de-las-prepagas-daran-marcha-atras-con-los-aumentos-y-hasta-devolveran-plata\/#breadcrumb"},"inLanguage":"es-AR","potentialAction":[{"@type":"ReadAction","target":["https:\/\/apuntesdesanluis.com\/index.php\/2024\/04\/17\/el-gobierno-anuncio-que-la-mayoria-de-las-prepagas-daran-marcha-atras-con-los-aumentos-y-hasta-devolveran-plata\/"]}]},{"@type":"ImageObject","inLanguage":"es-AR","@id":"https:\/\/apuntesdesanluis.com\/index.php\/2024\/04\/17\/el-gobierno-anuncio-que-la-mayoria-de-las-prepagas-daran-marcha-atras-con-los-aumentos-y-hasta-devolveran-plata\/#primaryimage","url":"https:\/\/apuntesdesanluis.com\/wp-content\/uploads\/2024\/04\/OBRAS-SOCIUALES.png","contentUrl":"https:\/\/apuntesdesanluis.com\/wp-content\/uploads\/2024\/04\/OBRAS-SOCIUALES.png","width":773,"height":432},{"@type":"BreadcrumbList","@id":"https:\/\/apuntesdesanluis.com\/index.php\/2024\/04\/17\/el-gobierno-anuncio-que-la-mayoria-de-las-prepagas-daran-marcha-atras-con-los-aumentos-y-hasta-devolveran-plata\/#breadcrumb","itemListElement":[{"@type":"ListItem","position":1,"name":"Inicio","item":"https:\/\/apuntesdesanluis.com\/"},{"@type":"ListItem","position":2,"name":"EL GOBIERNO ANUNCI\u00d3 QUE LA MAYOR\u00cdA DE LAS PREPAGAS DAR\u00c1N MARCHA ATR\u00c1S CON LOS AUMENTOS Y HASTA DEVOLVER\u00c1N PLATA"}]},{"@type":"WebSite","@id":"https:\/\/apuntesdesanluis.com\/#website","url":"https:\/\/apuntesdesanluis.com\/","name":"Apuntes de San Luis","description":"","publisher":{"@id":"https:\/\/apuntesdesanluis.com\/#\/schema\/person\/b55151d52296fcce64d1a72538a70b90"},"potentialAction":[{"@type":"SearchAction","target":{"@type":"EntryPoint","urlTemplate":"https:\/\/apuntesdesanluis.com\/?s={search_term_string}"},"query-input":{"@type":"PropertyValueSpecification","valueRequired":true,"valueName":"search_term_string"}}],"inLanguage":"es-AR"},{"@type":["Person","Organization"],"@id":"https:\/\/apuntesdesanluis.com\/#\/schema\/person\/b55151d52296fcce64d1a72538a70b90","name":"apuntesdesanluis.com","image":{"@type":"ImageObject","inLanguage":"es-AR","@id":"https:\/\/apuntesdesanluis.com\/#\/schema\/person\/image\/","url":"https:\/\/apuntesdesanluis.com\/wp-content\/uploads\/2023\/07\/cropped-apuntesdesanluis.png","contentUrl":"https:\/\/apuntesdesanluis.com\/wp-content\/uploads\/2023\/07\/cropped-apuntesdesanluis.png","width":450,"height":112,"caption":"apuntesdesanluis.com"},"logo":{"@id":"https:\/\/apuntesdesanluis.com\/#\/schema\/person\/image\/"},"sameAs":["https:\/\/apuntesdesanluis.com"],"url":"https:\/\/apuntesdesanluis.com\/index.php\/author\/apuntesdesanluis-com\/"}]}},"featured_image_urls":{"full":["https:\/\/apuntesdesanluis.com\/wp-content\/uploads\/2024\/04\/OBRAS-SOCIUALES.png",773,432,false],"thumbnail":["https:\/\/apuntesdesanluis.com\/wp-content\/uploads\/2024\/04\/OBRAS-SOCIUALES-150x150.png",150,150,true],"medium":["https:\/\/apuntesdesanluis.com\/wp-content\/uploads\/2024\/04\/OBRAS-SOCIUALES-300x168.png",300,168,true],"medium_large":["https:\/\/apuntesdesanluis.com\/wp-content\/uploads\/2024\/04\/OBRAS-SOCIUALES-768x429.png",640,358,true],"large":["https:\/\/apuntesdesanluis.com\/wp-content\/uploads\/2024\/04\/OBRAS-SOCIUALES.png",640,358,false],"1536x1536":["https:\/\/apuntesdesanluis.com\/wp-content\/uploads\/2024\/04\/OBRAS-SOCIUALES.png",773,432,false],"2048x2048":["https:\/\/apuntesdesanluis.com\/wp-content\/uploads\/2024\/04\/OBRAS-SOCIUALES.png",773,432,false],"newsever-slider-full":["https:\/\/apuntesdesanluis.com\/wp-content\/uploads\/2024\/04\/OBRAS-SOCIUALES.png",773,432,false],"newsever-featured":["https:\/\/apuntesdesanluis.com\/wp-content\/uploads\/2024\/04\/OBRAS-SOCIUALES.png",773,432,false],"newsever-medium":["https:\/\/apuntesdesanluis.com\/wp-content\/uploads\/2024\/04\/OBRAS-SOCIUALES-720x432.png",720,432,true]},"author_info":{"display_name":"apuntesdesanluis.com","author_link":"https:\/\/apuntesdesanluis.com\/index.php\/author\/apuntesdesanluis-com\/"},"category_info":"<a href=\"https:\/\/apuntesdesanluis.com\/index.php\/category\/nacionales-internacionales\/\" rel=\"category tag\">Nacionales\/Internacionales<\/a>","tag_info":"Nacionales\/Internacionales","comment_count":"0","_links":{"self":[{"href":"https:\/\/apuntesdesanluis.com\/index.php\/wp-json\/wp\/v2\/posts\/14852","targetHints":{"allow":["GET"]}}],"collection":[{"href":"https:\/\/apuntesdesanluis.com\/index.php\/wp-json\/wp\/v2\/posts"}],"about":[{"href":"https:\/\/apuntesdesanluis.com\/index.php\/wp-json\/wp\/v2\/types\/post"}],"author":[{"embeddable":true,"href":"https:\/\/apuntesdesanluis.com\/index.php\/wp-json\/wp\/v2\/users\/1"}],"replies":[{"embeddable":true,"href":"https:\/\/apuntesdesanluis.com\/index.php\/wp-json\/wp\/v2\/comments?post=14852"}],"version-history":[{"count":1,"href":"https:\/\/apuntesdesanluis.com\/index.php\/wp-json\/wp\/v2\/posts\/14852\/revisions"}],"predecessor-version":[{"id":14854,"href":"https:\/\/apuntesdesanluis.com\/index.php\/wp-json\/wp\/v2\/posts\/14852\/revisions\/14854"}],"wp:featuredmedia":[{"embeddable":true,"href":"https:\/\/apuntesdesanluis.com\/index.php\/wp-json\/wp\/v2\/media\/14853"}],"wp:attachment":[{"href":"https:\/\/apuntesdesanluis.com\/index.php\/wp-json\/wp\/v2\/media?parent=14852"}],"wp:term":[{"taxonomy":"category","embeddable":true,"href":"https:\/\/apuntesdesanluis.com\/index.php\/wp-json\/wp\/v2\/categories?post=14852"},{"taxonomy":"post_tag","embeddable":true,"href":"https:\/\/apuntesdesanluis.com\/index.php\/wp-json\/wp\/v2\/tags?post=14852"}],"curies":[{"name":"wp","href":"https:\/\/api.w.org\/{rel}","templated":true}]}}