{"id":14855,"date":"2024-04-17T21:23:27","date_gmt":"2024-04-18T00:23:27","guid":{"rendered":"https:\/\/apuntesdesanluis.com\/?p=14855"},"modified":"2024-04-17T21:23:38","modified_gmt":"2024-04-18T00:23:38","slug":"internaron-a-marcela-pagano-que-entro-en-crisis-despues-de-un-llamado-amenazante-para-que-renuncie","status":"publish","type":"post","link":"https:\/\/apuntesdesanluis.com\/index.php\/2024\/04\/17\/internaron-a-marcela-pagano-que-entro-en-crisis-despues-de-un-llamado-amenazante-para-que-renuncie\/","title":{"rendered":"INTERNARON A MARCELA PAGANO, QUE ENTR\u00d3 EN CRISIS DESPU\u00c9S DE UN LLAMADO &#8220;AMENAZANTE&#8221; PARA QUE RENUNCIE"},"content":{"rendered":"<h3>La diputada, luego de la pelea con <strong>Karina Milei<\/strong> y <strong>Mart\u00edn Menem<\/strong>, colaps\u00f3 con v\u00f3mitos y tiene una \u00falcera sangrante. Su familia le pide que directamente abandone La Libertad Avanza.<\/h3>\n<h3><strong>Marcela Pagano<\/strong> entr\u00f3 en una severa crisis que oblig\u00f3 a internarla luego de recibir este martes por la noche un llamado amenazante para que renuncie a la Comisi\u00f3n de Juicio Pol\u00edtico, como pretenden Karina Milei y Mart\u00edn Menem.<\/h3>\n<h3>Allegados a la diputada libertaria confirmaron que luego del llamado comenz\u00f3 con un episodio de v\u00f3mitos que oblig\u00f3 a internarla. Seg\u00fan estas fuentes los m\u00e9dicos le diagnosticaron &#8220;ulcera sangrante&#8221; y luego de sedarla ordenaron sacarle el celular para tratar de bajarle los niveles de estr\u00e9s.<\/h3>\n<h3>La situaci\u00f3n es de tal gravedad que la familia de Pagano le est\u00e1 pidiendo que directamente deje La Libertad Avanza.<\/h3>\n<h3>En esa conversaci\u00f3n Pagano le ofreci\u00f3 a su interlocutor, que habr\u00eda sido Mart\u00edn Menem, renunciar a todas las comisiones que integra, incluida la de Juicio Pol\u00edtico, pero pidi\u00f3 a cambio &#8220;una salida digna&#8221; y advirti\u00f3 su preocupaci\u00f3n por no hacer algo ilegal, ya que su nombramiento fue votado por todos los diputados de la comisi\u00f3n.<\/h3>\n<h3>El problema de Pagano es que los Menem y Karina Milei (foto) pretenden que desconozca el acta de su designaci\u00f3n y la periodista no est\u00e1 dispuesta a dar ese paso y ofrece la renuncia, soluci\u00f3n que hasta esta crisis no se le aceptaba.<\/h3>\n<p><img fetchpriority=\"high\" decoding=\"async\" class=\"wp-image-14857 aligncenter\" src=\"https:\/\/apuntesdesanluis.com\/wp-content\/uploads\/2024\/04\/karina-milei-y-martin-menem-300x189.png\" alt=\"\" width=\"695\" height=\"438\" srcset=\"https:\/\/apuntesdesanluis.com\/wp-content\/uploads\/2024\/04\/karina-milei-y-martin-menem-300x189.png 300w, https:\/\/apuntesdesanluis.com\/wp-content\/uploads\/2024\/04\/karina-milei-y-martin-menem.png 762w\" sizes=\"(max-width: 695px) 100vw, 695px\" \/><\/p>\n<h3>La situaci\u00f3n es de tal gravedad que la familia de Pagano le est\u00e1 pidiendo que directamente deje La Libertad Avanza.<\/h3>\n<h3>La desesperaci\u00f3n de Menem para que Pagano desconozca su designaci\u00f3n se debe a que el PRO le hab\u00eda avisado que este este jueves no iba a acompa\u00f1ar el intento de desplazar a la periodista de la presidencia de la comisi\u00f3n de Juicio Pol\u00edtico.<\/h3>\n<h3>Como adelant\u00f3 LPO en exclusiva, ni siquiera el PRO iba a acompa\u00f1ar al riojano en su embestida contra la periodista, dej\u00e1ndolo sin el qu\u00f3rum necesario para abrir la reuni\u00f3n paralela. El creciente malhumor del bloque macrista con el gobierno de Melei qued\u00f3 en evidencia este martes cuando no acompa\u00f1aron a los libertarios en el dictamen que pretend\u00edan imponer sobre la nueva f\u00f3rmula jubilatoria.<\/h3>\n<h3>En ese contexto, los diputados que respaldaron a Menem en su pelea contra Oscar Zago culparon a Pagano por el fracaso pol\u00edtico de su propia jugada.<\/h3>\n<h3>Sin el apoyo del macrismo, el radicalismo, el pichettismo y el peronismo, los libertarios se arriesgaban a presentarse a la reuni\u00f3n convocada por el presidente de la C\u00e1mara Baja sin alcanzar el n\u00famero suficiente para sesionar. &#8220;A lo sumo juntan seis&#8221;, anticip\u00f3 a un diputado macrista.<\/h3>\n<h3>Asimismo, otra de las maniobras que evaluaba Menem en medio de la desesperaci\u00f3n, era forzar una reuni\u00f3n de la comisi\u00f3n de Presupuesto, presidida por Jos\u00e9 Luis Espert, para tratar el paquete fiscal, cuyo expediente protocolizado ingres\u00f3 en las \u00faltimas horas.<\/h3>\n<h3>&#8220;Busca tapar el vac\u00edo que le hizo el PRO y la derrota que eso implica convocando a una comisi\u00f3n que concentra la atenci\u00f3n&#8221;, analiz\u00f3 un diputado peronista. <strong>(La Pol\u00edtica Online)<\/strong><\/h3>\n<p>&nbsp;<\/p>\n<p>&nbsp;<\/p>\n<p>&nbsp;<\/p>\n<p>&nbsp;<\/p>\n<p>&nbsp;<\/p>\n<p>&nbsp;<\/p>\n","protected":false},"excerpt":{"rendered":"<p>La diputada, luego de la pelea con Karina Milei y Mart\u00edn Menem, colaps\u00f3 con v\u00f3mitos&#8230;<\/p>\n","protected":false},"author":1,"featured_media":14856,"comment_status":"closed","ping_status":"closed","sticky":false,"template":"","format":"standard","meta":{"footnotes":""},"categories":[5],"tags":[],"class_list":["post-14855","post","type-post","status-publish","format-standard","has-post-thumbnail","hentry","category-nacionales-internacionales"],"yoast_head":"<!-- This site is optimized with the Yoast SEO plugin v26.1.1 - https:\/\/yoast.com\/wordpress\/plugins\/seo\/ -->\n<title>INTERNARON A MARCELA PAGANO, QUE ENTR\u00d3 EN CRISIS DESPU\u00c9S DE UN LLAMADO &quot;AMENAZANTE&quot; PARA QUE RENUNCIE - Apuntes de San Luis<\/title>\n<meta name=\"robots\" content=\"index, follow, max-snippet:-1, max-image-preview:large, max-video-preview:-1\" \/>\n<link rel=\"canonical\" href=\"https:\/\/apuntesdesanluis.com\/index.php\/2024\/04\/17\/internaron-a-marcela-pagano-que-entro-en-crisis-despues-de-un-llamado-amenazante-para-que-renuncie\/\" \/>\n<meta property=\"og:locale\" content=\"es_ES\" \/>\n<meta property=\"og:type\" content=\"article\" \/>\n<meta property=\"og:title\" content=\"INTERNARON A MARCELA PAGANO, QUE ENTR\u00d3 EN CRISIS DESPU\u00c9S DE UN LLAMADO &quot;AMENAZANTE&quot; PARA QUE RENUNCIE - Apuntes de San Luis\" \/>\n<meta property=\"og:description\" content=\"La diputada, luego de la pelea con Karina Milei y Mart\u00edn Menem, colaps\u00f3 con v\u00f3mitos...\" \/>\n<meta property=\"og:url\" content=\"https:\/\/apuntesdesanluis.com\/index.php\/2024\/04\/17\/internaron-a-marcela-pagano-que-entro-en-crisis-despues-de-un-llamado-amenazante-para-que-renuncie\/\" \/>\n<meta property=\"og:site_name\" content=\"Apuntes de San Luis\" \/>\n<meta property=\"article:published_time\" content=\"2024-04-18T00:23:27+00:00\" \/>\n<meta property=\"article:modified_time\" content=\"2024-04-18T00:23:38+00:00\" \/>\n<meta property=\"og:image\" content=\"https:\/\/apuntesdesanluis.com\/wp-content\/uploads\/2024\/04\/marcela-pagano.png\" \/>\n\t<meta property=\"og:image:width\" content=\"598\" \/>\n\t<meta property=\"og:image:height\" content=\"417\" \/>\n\t<meta property=\"og:image:type\" content=\"image\/png\" \/>\n<meta name=\"author\" content=\"apuntesdesanluis.com\" \/>\n<meta name=\"twitter:card\" content=\"summary_large_image\" \/>\n<meta name=\"twitter:label1\" content=\"Escrito por\" \/>\n\t<meta name=\"twitter:data1\" content=\"apuntesdesanluis.com\" \/>\n\t<meta name=\"twitter:label2\" content=\"Tiempo de lectura\" \/>\n\t<meta name=\"twitter:data2\" content=\"3 minutos\" \/>\n<script type=\"application\/ld+json\" class=\"yoast-schema-graph\">{\"@context\":\"https:\/\/schema.org\",\"@graph\":[{\"@type\":\"Article\",\"@id\":\"https:\/\/apuntesdesanluis.com\/index.php\/2024\/04\/17\/internaron-a-marcela-pagano-que-entro-en-crisis-despues-de-un-llamado-amenazante-para-que-renuncie\/#article\",\"isPartOf\":{\"@id\":\"https:\/\/apuntesdesanluis.com\/index.php\/2024\/04\/17\/internaron-a-marcela-pagano-que-entro-en-crisis-despues-de-un-llamado-amenazante-para-que-renuncie\/\"},\"author\":{\"name\":\"apuntesdesanluis.com\",\"@id\":\"https:\/\/apuntesdesanluis.com\/#\/schema\/person\/b55151d52296fcce64d1a72538a70b90\"},\"headline\":\"INTERNARON A MARCELA PAGANO, QUE ENTR\u00d3 EN CRISIS DESPU\u00c9S DE UN LLAMADO &#8220;AMENAZANTE&#8221; PARA QUE RENUNCIE\",\"datePublished\":\"2024-04-18T00:23:27+00:00\",\"dateModified\":\"2024-04-18T00:23:38+00:00\",\"mainEntityOfPage\":{\"@id\":\"https:\/\/apuntesdesanluis.com\/index.php\/2024\/04\/17\/internaron-a-marcela-pagano-que-entro-en-crisis-despues-de-un-llamado-amenazante-para-que-renuncie\/\"},\"wordCount\":565,\"publisher\":{\"@id\":\"https:\/\/apuntesdesanluis.com\/#\/schema\/person\/b55151d52296fcce64d1a72538a70b90\"},\"image\":{\"@id\":\"https:\/\/apuntesdesanluis.com\/index.php\/2024\/04\/17\/internaron-a-marcela-pagano-que-entro-en-crisis-despues-de-un-llamado-amenazante-para-que-renuncie\/#primaryimage\"},\"thumbnailUrl\":\"https:\/\/apuntesdesanluis.com\/wp-content\/uploads\/2024\/04\/marcela-pagano.png\",\"articleSection\":[\"Nacionales\/Internacionales\"],\"inLanguage\":\"es-AR\"},{\"@type\":\"WebPage\",\"@id\":\"https:\/\/apuntesdesanluis.com\/index.php\/2024\/04\/17\/internaron-a-marcela-pagano-que-entro-en-crisis-despues-de-un-llamado-amenazante-para-que-renuncie\/\",\"url\":\"https:\/\/apuntesdesanluis.com\/index.php\/2024\/04\/17\/internaron-a-marcela-pagano-que-entro-en-crisis-despues-de-un-llamado-amenazante-para-que-renuncie\/\",\"name\":\"INTERNARON A MARCELA PAGANO, QUE ENTR\u00d3 EN CRISIS DESPU\u00c9S DE UN LLAMADO \\\"AMENAZANTE\\\" PARA QUE RENUNCIE - Apuntes de San Luis\",\"isPartOf\":{\"@id\":\"https:\/\/apuntesdesanluis.com\/#website\"},\"primaryImageOfPage\":{\"@id\":\"https:\/\/apuntesdesanluis.com\/index.php\/2024\/04\/17\/internaron-a-marcela-pagano-que-entro-en-crisis-despues-de-un-llamado-amenazante-para-que-renuncie\/#primaryimage\"},\"image\":{\"@id\":\"https:\/\/apuntesdesanluis.com\/index.php\/2024\/04\/17\/internaron-a-marcela-pagano-que-entro-en-crisis-despues-de-un-llamado-amenazante-para-que-renuncie\/#primaryimage\"},\"thumbnailUrl\":\"https:\/\/apuntesdesanluis.com\/wp-content\/uploads\/2024\/04\/marcela-pagano.png\",\"datePublished\":\"2024-04-18T00:23:27+00:00\",\"dateModified\":\"2024-04-18T00:23:38+00:00\",\"breadcrumb\":{\"@id\":\"https:\/\/apuntesdesanluis.com\/index.php\/2024\/04\/17\/internaron-a-marcela-pagano-que-entro-en-crisis-despues-de-un-llamado-amenazante-para-que-renuncie\/#breadcrumb\"},\"inLanguage\":\"es-AR\",\"potentialAction\":[{\"@type\":\"ReadAction\",\"target\":[\"https:\/\/apuntesdesanluis.com\/index.php\/2024\/04\/17\/internaron-a-marcela-pagano-que-entro-en-crisis-despues-de-un-llamado-amenazante-para-que-renuncie\/\"]}]},{\"@type\":\"ImageObject\",\"inLanguage\":\"es-AR\",\"@id\":\"https:\/\/apuntesdesanluis.com\/index.php\/2024\/04\/17\/internaron-a-marcela-pagano-que-entro-en-crisis-despues-de-un-llamado-amenazante-para-que-renuncie\/#primaryimage\",\"url\":\"https:\/\/apuntesdesanluis.com\/wp-content\/uploads\/2024\/04\/marcela-pagano.png\",\"contentUrl\":\"https:\/\/apuntesdesanluis.com\/wp-content\/uploads\/2024\/04\/marcela-pagano.png\",\"width\":598,\"height\":417},{\"@type\":\"BreadcrumbList\",\"@id\":\"https:\/\/apuntesdesanluis.com\/index.php\/2024\/04\/17\/internaron-a-marcela-pagano-que-entro-en-crisis-despues-de-un-llamado-amenazante-para-que-renuncie\/#breadcrumb\",\"itemListElement\":[{\"@type\":\"ListItem\",\"position\":1,\"name\":\"Inicio\",\"item\":\"https:\/\/apuntesdesanluis.com\/\"},{\"@type\":\"ListItem\",\"position\":2,\"name\":\"INTERNARON A MARCELA PAGANO, QUE ENTR\u00d3 EN CRISIS DESPU\u00c9S DE UN LLAMADO &#8220;AMENAZANTE&#8221; PARA QUE RENUNCIE\"}]},{\"@type\":\"WebSite\",\"@id\":\"https:\/\/apuntesdesanluis.com\/#website\",\"url\":\"https:\/\/apuntesdesanluis.com\/\",\"name\":\"Apuntes de San Luis\",\"description\":\"\",\"publisher\":{\"@id\":\"https:\/\/apuntesdesanluis.com\/#\/schema\/person\/b55151d52296fcce64d1a72538a70b90\"},\"potentialAction\":[{\"@type\":\"SearchAction\",\"target\":{\"@type\":\"EntryPoint\",\"urlTemplate\":\"https:\/\/apuntesdesanluis.com\/?s={search_term_string}\"},\"query-input\":{\"@type\":\"PropertyValueSpecification\",\"valueRequired\":true,\"valueName\":\"search_term_string\"}}],\"inLanguage\":\"es-AR\"},{\"@type\":[\"Person\",\"Organization\"],\"@id\":\"https:\/\/apuntesdesanluis.com\/#\/schema\/person\/b55151d52296fcce64d1a72538a70b90\",\"name\":\"apuntesdesanluis.com\",\"image\":{\"@type\":\"ImageObject\",\"inLanguage\":\"es-AR\",\"@id\":\"https:\/\/apuntesdesanluis.com\/#\/schema\/person\/image\/\",\"url\":\"https:\/\/apuntesdesanluis.com\/wp-content\/uploads\/2023\/07\/cropped-apuntesdesanluis.png\",\"contentUrl\":\"https:\/\/apuntesdesanluis.com\/wp-content\/uploads\/2023\/07\/cropped-apuntesdesanluis.png\",\"width\":450,\"height\":112,\"caption\":\"apuntesdesanluis.com\"},\"logo\":{\"@id\":\"https:\/\/apuntesdesanluis.com\/#\/schema\/person\/image\/\"},\"sameAs\":[\"https:\/\/apuntesdesanluis.com\"],\"url\":\"https:\/\/apuntesdesanluis.com\/index.php\/author\/apuntesdesanluis-com\/\"}]}<\/script>\n<!-- \/ Yoast SEO plugin. -->","yoast_head_json":{"title":"INTERNARON A MARCELA PAGANO, QUE ENTR\u00d3 EN CRISIS DESPU\u00c9S DE UN LLAMADO \"AMENAZANTE\" PARA QUE RENUNCIE - Apuntes de San Luis","robots":{"index":"index","follow":"follow","max-snippet":"max-snippet:-1","max-image-preview":"max-image-preview:large","max-video-preview":"max-video-preview:-1"},"canonical":"https:\/\/apuntesdesanluis.com\/index.php\/2024\/04\/17\/internaron-a-marcela-pagano-que-entro-en-crisis-despues-de-un-llamado-amenazante-para-que-renuncie\/","og_locale":"es_ES","og_type":"article","og_title":"INTERNARON A MARCELA PAGANO, QUE ENTR\u00d3 EN CRISIS DESPU\u00c9S DE UN LLAMADO \"AMENAZANTE\" PARA QUE RENUNCIE - Apuntes de San Luis","og_description":"La diputada, luego de la pelea con Karina Milei y Mart\u00edn Menem, colaps\u00f3 con v\u00f3mitos...","og_url":"https:\/\/apuntesdesanluis.com\/index.php\/2024\/04\/17\/internaron-a-marcela-pagano-que-entro-en-crisis-despues-de-un-llamado-amenazante-para-que-renuncie\/","og_site_name":"Apuntes de San Luis","article_published_time":"2024-04-18T00:23:27+00:00","article_modified_time":"2024-04-18T00:23:38+00:00","og_image":[{"width":598,"height":417,"url":"https:\/\/apuntesdesanluis.com\/wp-content\/uploads\/2024\/04\/marcela-pagano.png","type":"image\/png"}],"author":"apuntesdesanluis.com","twitter_card":"summary_large_image","twitter_misc":{"Escrito por":"apuntesdesanluis.com","Tiempo de lectura":"3 minutos"},"schema":{"@context":"https:\/\/schema.org","@graph":[{"@type":"Article","@id":"https:\/\/apuntesdesanluis.com\/index.php\/2024\/04\/17\/internaron-a-marcela-pagano-que-entro-en-crisis-despues-de-un-llamado-amenazante-para-que-renuncie\/#article","isPartOf":{"@id":"https:\/\/apuntesdesanluis.com\/index.php\/2024\/04\/17\/internaron-a-marcela-pagano-que-entro-en-crisis-despues-de-un-llamado-amenazante-para-que-renuncie\/"},"author":{"name":"apuntesdesanluis.com","@id":"https:\/\/apuntesdesanluis.com\/#\/schema\/person\/b55151d52296fcce64d1a72538a70b90"},"headline":"INTERNARON A MARCELA PAGANO, QUE ENTR\u00d3 EN CRISIS DESPU\u00c9S DE UN LLAMADO &#8220;AMENAZANTE&#8221; PARA QUE RENUNCIE","datePublished":"2024-04-18T00:23:27+00:00","dateModified":"2024-04-18T00:23:38+00:00","mainEntityOfPage":{"@id":"https:\/\/apuntesdesanluis.com\/index.php\/2024\/04\/17\/internaron-a-marcela-pagano-que-entro-en-crisis-despues-de-un-llamado-amenazante-para-que-renuncie\/"},"wordCount":565,"publisher":{"@id":"https:\/\/apuntesdesanluis.com\/#\/schema\/person\/b55151d52296fcce64d1a72538a70b90"},"image":{"@id":"https:\/\/apuntesdesanluis.com\/index.php\/2024\/04\/17\/internaron-a-marcela-pagano-que-entro-en-crisis-despues-de-un-llamado-amenazante-para-que-renuncie\/#primaryimage"},"thumbnailUrl":"https:\/\/apuntesdesanluis.com\/wp-content\/uploads\/2024\/04\/marcela-pagano.png","articleSection":["Nacionales\/Internacionales"],"inLanguage":"es-AR"},{"@type":"WebPage","@id":"https:\/\/apuntesdesanluis.com\/index.php\/2024\/04\/17\/internaron-a-marcela-pagano-que-entro-en-crisis-despues-de-un-llamado-amenazante-para-que-renuncie\/","url":"https:\/\/apuntesdesanluis.com\/index.php\/2024\/04\/17\/internaron-a-marcela-pagano-que-entro-en-crisis-despues-de-un-llamado-amenazante-para-que-renuncie\/","name":"INTERNARON A MARCELA PAGANO, QUE ENTR\u00d3 EN CRISIS DESPU\u00c9S DE UN LLAMADO \"AMENAZANTE\" PARA QUE RENUNCIE - Apuntes de San Luis","isPartOf":{"@id":"https:\/\/apuntesdesanluis.com\/#website"},"primaryImageOfPage":{"@id":"https:\/\/apuntesdesanluis.com\/index.php\/2024\/04\/17\/internaron-a-marcela-pagano-que-entro-en-crisis-despues-de-un-llamado-amenazante-para-que-renuncie\/#primaryimage"},"image":{"@id":"https:\/\/apuntesdesanluis.com\/index.php\/2024\/04\/17\/internaron-a-marcela-pagano-que-entro-en-crisis-despues-de-un-llamado-amenazante-para-que-renuncie\/#primaryimage"},"thumbnailUrl":"https:\/\/apuntesdesanluis.com\/wp-content\/uploads\/2024\/04\/marcela-pagano.png","datePublished":"2024-04-18T00:23:27+00:00","dateModified":"2024-04-18T00:23:38+00:00","breadcrumb":{"@id":"https:\/\/apuntesdesanluis.com\/index.php\/2024\/04\/17\/internaron-a-marcela-pagano-que-entro-en-crisis-despues-de-un-llamado-amenazante-para-que-renuncie\/#breadcrumb"},"inLanguage":"es-AR","potentialAction":[{"@type":"ReadAction","target":["https:\/\/apuntesdesanluis.com\/index.php\/2024\/04\/17\/internaron-a-marcela-pagano-que-entro-en-crisis-despues-de-un-llamado-amenazante-para-que-renuncie\/"]}]},{"@type":"ImageObject","inLanguage":"es-AR","@id":"https:\/\/apuntesdesanluis.com\/index.php\/2024\/04\/17\/internaron-a-marcela-pagano-que-entro-en-crisis-despues-de-un-llamado-amenazante-para-que-renuncie\/#primaryimage","url":"https:\/\/apuntesdesanluis.com\/wp-content\/uploads\/2024\/04\/marcela-pagano.png","contentUrl":"https:\/\/apuntesdesanluis.com\/wp-content\/uploads\/2024\/04\/marcela-pagano.png","width":598,"height":417},{"@type":"BreadcrumbList","@id":"https:\/\/apuntesdesanluis.com\/index.php\/2024\/04\/17\/internaron-a-marcela-pagano-que-entro-en-crisis-despues-de-un-llamado-amenazante-para-que-renuncie\/#breadcrumb","itemListElement":[{"@type":"ListItem","position":1,"name":"Inicio","item":"https:\/\/apuntesdesanluis.com\/"},{"@type":"ListItem","position":2,"name":"INTERNARON A MARCELA PAGANO, QUE ENTR\u00d3 EN CRISIS DESPU\u00c9S DE UN LLAMADO &#8220;AMENAZANTE&#8221; PARA QUE RENUNCIE"}]},{"@type":"WebSite","@id":"https:\/\/apuntesdesanluis.com\/#website","url":"https:\/\/apuntesdesanluis.com\/","name":"Apuntes de San Luis","description":"","publisher":{"@id":"https:\/\/apuntesdesanluis.com\/#\/schema\/person\/b55151d52296fcce64d1a72538a70b90"},"potentialAction":[{"@type":"SearchAction","target":{"@type":"EntryPoint","urlTemplate":"https:\/\/apuntesdesanluis.com\/?s={search_term_string}"},"query-input":{"@type":"PropertyValueSpecification","valueRequired":true,"valueName":"search_term_string"}}],"inLanguage":"es-AR"},{"@type":["Person","Organization"],"@id":"https:\/\/apuntesdesanluis.com\/#\/schema\/person\/b55151d52296fcce64d1a72538a70b90","name":"apuntesdesanluis.com","image":{"@type":"ImageObject","inLanguage":"es-AR","@id":"https:\/\/apuntesdesanluis.com\/#\/schema\/person\/image\/","url":"https:\/\/apuntesdesanluis.com\/wp-content\/uploads\/2023\/07\/cropped-apuntesdesanluis.png","contentUrl":"https:\/\/apuntesdesanluis.com\/wp-content\/uploads\/2023\/07\/cropped-apuntesdesanluis.png","width":450,"height":112,"caption":"apuntesdesanluis.com"},"logo":{"@id":"https:\/\/apuntesdesanluis.com\/#\/schema\/person\/image\/"},"sameAs":["https:\/\/apuntesdesanluis.com"],"url":"https:\/\/apuntesdesanluis.com\/index.php\/author\/apuntesdesanluis-com\/"}]}},"featured_image_urls":{"full":["https:\/\/apuntesdesanluis.com\/wp-content\/uploads\/2024\/04\/marcela-pagano.png",598,417,false],"thumbnail":["https:\/\/apuntesdesanluis.com\/wp-content\/uploads\/2024\/04\/marcela-pagano-150x150.png",150,150,true],"medium":["https:\/\/apuntesdesanluis.com\/wp-content\/uploads\/2024\/04\/marcela-pagano-300x209.png",300,209,true],"medium_large":["https:\/\/apuntesdesanluis.com\/wp-content\/uploads\/2024\/04\/marcela-pagano.png",598,417,false],"large":["https:\/\/apuntesdesanluis.com\/wp-content\/uploads\/2024\/04\/marcela-pagano.png",598,417,false],"1536x1536":["https:\/\/apuntesdesanluis.com\/wp-content\/uploads\/2024\/04\/marcela-pagano.png",598,417,false],"2048x2048":["https:\/\/apuntesdesanluis.com\/wp-content\/uploads\/2024\/04\/marcela-pagano.png",598,417,false],"newsever-slider-full":["https:\/\/apuntesdesanluis.com\/wp-content\/uploads\/2024\/04\/marcela-pagano.png",598,417,false],"newsever-featured":["https:\/\/apuntesdesanluis.com\/wp-content\/uploads\/2024\/04\/marcela-pagano.png",598,417,false],"newsever-medium":["https:\/\/apuntesdesanluis.com\/wp-content\/uploads\/2024\/04\/marcela-pagano.png",598,417,false]},"author_info":{"display_name":"apuntesdesanluis.com","author_link":"https:\/\/apuntesdesanluis.com\/index.php\/author\/apuntesdesanluis-com\/"},"category_info":"<a href=\"https:\/\/apuntesdesanluis.com\/index.php\/category\/nacionales-internacionales\/\" rel=\"category tag\">Nacionales\/Internacionales<\/a>","tag_info":"Nacionales\/Internacionales","comment_count":"0","_links":{"self":[{"href":"https:\/\/apuntesdesanluis.com\/index.php\/wp-json\/wp\/v2\/posts\/14855","targetHints":{"allow":["GET"]}}],"collection":[{"href":"https:\/\/apuntesdesanluis.com\/index.php\/wp-json\/wp\/v2\/posts"}],"about":[{"href":"https:\/\/apuntesdesanluis.com\/index.php\/wp-json\/wp\/v2\/types\/post"}],"author":[{"embeddable":true,"href":"https:\/\/apuntesdesanluis.com\/index.php\/wp-json\/wp\/v2\/users\/1"}],"replies":[{"embeddable":true,"href":"https:\/\/apuntesdesanluis.com\/index.php\/wp-json\/wp\/v2\/comments?post=14855"}],"version-history":[{"count":1,"href":"https:\/\/apuntesdesanluis.com\/index.php\/wp-json\/wp\/v2\/posts\/14855\/revisions"}],"predecessor-version":[{"id":14858,"href":"https:\/\/apuntesdesanluis.com\/index.php\/wp-json\/wp\/v2\/posts\/14855\/revisions\/14858"}],"wp:featuredmedia":[{"embeddable":true,"href":"https:\/\/apuntesdesanluis.com\/index.php\/wp-json\/wp\/v2\/media\/14856"}],"wp:attachment":[{"href":"https:\/\/apuntesdesanluis.com\/index.php\/wp-json\/wp\/v2\/media?parent=14855"}],"wp:term":[{"taxonomy":"category","embeddable":true,"href":"https:\/\/apuntesdesanluis.com\/index.php\/wp-json\/wp\/v2\/categories?post=14855"},{"taxonomy":"post_tag","embeddable":true,"href":"https:\/\/apuntesdesanluis.com\/index.php\/wp-json\/wp\/v2\/tags?post=14855"}],"curies":[{"name":"wp","href":"https:\/\/api.w.org\/{rel}","templated":true}]}}