{"id":14870,"date":"2024-04-18T10:25:13","date_gmt":"2024-04-18T13:25:13","guid":{"rendered":"https:\/\/apuntesdesanluis.com\/?p=14870"},"modified":"2024-04-18T18:25:41","modified_gmt":"2024-04-18T21:25:41","slug":"asumieron-las-conducciones-de-los-centros-de-estudiantes-de-fcejs-y-fica","status":"publish","type":"post","link":"https:\/\/apuntesdesanluis.com\/index.php\/2024\/04\/18\/asumieron-las-conducciones-de-los-centros-de-estudiantes-de-fcejs-y-fica\/","title":{"rendered":"ASUMIERON LAS CONDUCCIONES DE LOS CENTROS DE ESTUDIANTES DE FCEJS Y FICA"},"content":{"rendered":"<h3>En un evento hist\u00f3rico, asumieron las nuevas conducciones de los centros de estudiantes de las <strong>Facultades de Ciencias Econ\u00f3micas, Jur\u00eddicas y Sociales (FCEJS)<\/strong> y de <strong>Ingenier\u00eda y Ciencias Agropecuarias (FICA)<\/strong> de la Universidad Nacional de San Luis.<\/h3>\n<h3>Por primera vez desde el retorno a la democracia en Argentina, los centros de estudiantes de las dos facultades ubicadas en Villa Mercedes, no ser\u00e1n conducidos por la Franja Morada, sino que estar\u00e1n a cargo de San Luis Independiente, un espacio que se impuso en seis de las ocho dependencias que tiene la casa de estudios.<\/h3>\n<h3>Del evento participaron el vicerrector de la casa de estudios, <strong>H\u00e9ctor Flores<\/strong>, el decano de la FICA, <strong>Sergio Ribotta<\/strong>, la decana de la FCEJS, <strong>Roxana Camiletti<\/strong>, entre otras autoridades de la sede villamercedina de esta Universidad.<\/h3>\n<p><img fetchpriority=\"high\" decoding=\"async\" class=\"wp-image-14872 aligncenter\" src=\"https:\/\/apuntesdesanluis.com\/wp-content\/uploads\/2024\/04\/gALETTO-Y-SEPULVEDA-300x200.jpg\" alt=\"\" width=\"564\" height=\"376\" srcset=\"https:\/\/apuntesdesanluis.com\/wp-content\/uploads\/2024\/04\/gALETTO-Y-SEPULVEDA-300x200.jpg 300w, https:\/\/apuntesdesanluis.com\/wp-content\/uploads\/2024\/04\/gALETTO-Y-SEPULVEDA.jpg 600w\" sizes=\"(max-width: 564px) 100vw, 564px\" \/><\/p>\n<h3>Tambi\u00e9n se hizo presente la Municipalidad de Villa Mercedes en las figuras de la viceintendenta<strong> Silvina Galetto<\/strong> y el Secretario de Gobierno <strong>Germ\u00e1n Sep\u00falveda<\/strong>, mientras que el intendente <strong>Maximiliano Frontera<\/strong> envi\u00f3 su salutaci\u00f3n al no poder asistir por motivos de agenda. Adem\u00e1s, participaron actores sociales y sindicales de la comunidad, contando con representantes locales de las tres centrales de trabajadores (CGT, CTA de los Trabajadores y CTA Aut\u00f3noma).<\/h3>\n<h3>La flamante presidenta del Centro de Estudiantes de la FCEJS, <strong>Emma Carabias Vigil<\/strong>, comparti\u00f3 un discurso en el que destac\u00f3 que &#8220;este es un momento hist\u00f3rico para la UNSL, donde por primera vez hay una fuerza distinta, independiente, como conducci\u00f3n de los centros de estudiantes del centro universitario de Villa Mercedes&#8221;.<\/h3>\n<p><img decoding=\"async\" class=\"wp-image-14873 aligncenter\" src=\"https:\/\/apuntesdesanluis.com\/wp-content\/uploads\/2024\/04\/centro-estudiantes-300x200.jpg\" alt=\"\" width=\"572\" height=\"381\" srcset=\"https:\/\/apuntesdesanluis.com\/wp-content\/uploads\/2024\/04\/centro-estudiantes-300x200.jpg 300w, https:\/\/apuntesdesanluis.com\/wp-content\/uploads\/2024\/04\/centro-estudiantes.jpg 600w\" sizes=\"(max-width: 572px) 100vw, 572px\" \/><\/p>\n<h3>Por su parte, el presidente del Centro de Estudiantes de la FICA, <strong>Nehuen Ortolani<\/strong>, destac\u00f3: &#8220;Esto para nosotros no es un objetivo en s\u00ed mismo, sino un medio para construir desde nuestro lugar, en la universidad p\u00fablica, gratuita, inclusiva y de excelencia, una sociedad m\u00e1s justa y equitativa.&#8221;<\/h3>\n<p><img decoding=\"async\" class=\"wp-image-14874 aligncenter\" src=\"https:\/\/apuntesdesanluis.com\/wp-content\/uploads\/2024\/04\/presidente-estudiante-300x200.jpg\" alt=\"\" width=\"572\" height=\"381\" srcset=\"https:\/\/apuntesdesanluis.com\/wp-content\/uploads\/2024\/04\/presidente-estudiante-300x200.jpg 300w, https:\/\/apuntesdesanluis.com\/wp-content\/uploads\/2024\/04\/presidente-estudiante.jpg 600w\" sizes=\"(max-width: 572px) 100vw, 572px\" \/><\/p>\n<h3>Al finalizar el acto, los participantes firmaron una \u201cDeclaraci\u00f3n en Defensa de la Educaci\u00f3n P\u00fablica\u201d en la que destacaron la importancia de la educaci\u00f3n, la ciencia y la tecnolog\u00eda para nuestro pa\u00eds y se comprometieron \u201ca defender nuestra educaci\u00f3n gratuita, p\u00fablica, laica y de excelencia\u201d.<\/h3>\n<h3>El texto completo de la declaraci\u00f3n:<\/h3>\n<h3><strong>DECLARACI\u00d3N EN DEFENSA DE LA EDUCACI\u00d3N P\u00daBLICA<\/strong><\/h3>\n<h3>\u201cEn la Ciudad de Villa Mercedes, al 17 de abril de 2024, en el marco de la asunci\u00f3n de los Centros de Estudiantes de la Facultad de Ingenier\u00eda y Ciencias Agropecuarias, y de la Facultad de Ciencias Econ\u00f3micas, Jur\u00eddicas y Sociales, la comunidad universitaria y la comunidad en general aqu\u00ed presente se manifiestan en defensa de la educaci\u00f3n p\u00fablica.<\/h3>\n<h3>El sistema universitario, cient\u00edfico y tecnol\u00f3gico argentino son motivo de orgullo y prestigio internacional para nuestra naci\u00f3n. S\u00f3lo por citar un ejemplo, de ella han surgido los cinco premios Nobel que hacen de Argentina el pa\u00eds Latinoamericano que m\u00e1s veces ha recibido este reconocimiento. Asimismo, la educaci\u00f3n es un motor fundamental para el desarrollo de nuestra sociedad, la promoci\u00f3n de la igualdad de oportunidades y el ascenso social.<\/h3>\n<h3>Por estos, y m\u00e1s motivos, nos comprometemos a defender nuestra educaci\u00f3n gratuita, p\u00fablica, laica y de excelencia\u201d.<\/h3>\n<p>&nbsp;<\/p>\n<p>&nbsp;<\/p>\n<p>&nbsp;<\/p>\n","protected":false},"excerpt":{"rendered":"<p>En un evento hist\u00f3rico, asumieron las nuevas conducciones de los centros de estudiantes de las&#8230;<\/p>\n","protected":false},"author":1,"featured_media":14871,"comment_status":"closed","ping_status":"closed","sticky":false,"template":"","format":"standard","meta":{"footnotes":""},"categories":[6],"tags":[],"class_list":["post-14870","post","type-post","status-publish","format-standard","has-post-thumbnail","hentry","category-ciudad-provincia"],"yoast_head":"<!-- This site is optimized with the Yoast SEO plugin v26.1.1 - https:\/\/yoast.com\/wordpress\/plugins\/seo\/ -->\n<title>ASUMIERON LAS CONDUCCIONES DE LOS CENTROS DE ESTUDIANTES DE FCEJS Y FICA - Apuntes de San Luis<\/title>\n<meta name=\"robots\" content=\"index, follow, max-snippet:-1, max-image-preview:large, max-video-preview:-1\" \/>\n<link rel=\"canonical\" href=\"https:\/\/apuntesdesanluis.com\/index.php\/2024\/04\/18\/asumieron-las-conducciones-de-los-centros-de-estudiantes-de-fcejs-y-fica\/\" \/>\n<meta property=\"og:locale\" content=\"es_ES\" \/>\n<meta property=\"og:type\" content=\"article\" \/>\n<meta property=\"og:title\" content=\"ASUMIERON LAS CONDUCCIONES DE LOS CENTROS DE ESTUDIANTES DE FCEJS Y FICA - Apuntes de San Luis\" \/>\n<meta property=\"og:description\" content=\"En un evento hist\u00f3rico, asumieron las nuevas conducciones de los centros de estudiantes de las...\" \/>\n<meta property=\"og:url\" content=\"https:\/\/apuntesdesanluis.com\/index.php\/2024\/04\/18\/asumieron-las-conducciones-de-los-centros-de-estudiantes-de-fcejs-y-fica\/\" \/>\n<meta property=\"og:site_name\" content=\"Apuntes de San Luis\" \/>\n<meta property=\"article:published_time\" content=\"2024-04-18T13:25:13+00:00\" \/>\n<meta property=\"article:modified_time\" content=\"2024-04-18T21:25:41+00:00\" \/>\n<meta property=\"og:image\" content=\"https:\/\/apuntesdesanluis.com\/wp-content\/uploads\/2024\/04\/estudiantes.jpg\" \/>\n\t<meta property=\"og:image:width\" content=\"600\" \/>\n\t<meta property=\"og:image:height\" content=\"399\" \/>\n\t<meta property=\"og:image:type\" content=\"image\/jpeg\" \/>\n<meta name=\"author\" content=\"apuntesdesanluis.com\" \/>\n<meta name=\"twitter:card\" content=\"summary_large_image\" \/>\n<meta name=\"twitter:label1\" content=\"Escrito por\" \/>\n\t<meta name=\"twitter:data1\" content=\"apuntesdesanluis.com\" \/>\n\t<meta name=\"twitter:label2\" content=\"Tiempo de lectura\" \/>\n\t<meta name=\"twitter:data2\" content=\"3 minutos\" \/>\n<script type=\"application\/ld+json\" class=\"yoast-schema-graph\">{\"@context\":\"https:\/\/schema.org\",\"@graph\":[{\"@type\":\"Article\",\"@id\":\"https:\/\/apuntesdesanluis.com\/index.php\/2024\/04\/18\/asumieron-las-conducciones-de-los-centros-de-estudiantes-de-fcejs-y-fica\/#article\",\"isPartOf\":{\"@id\":\"https:\/\/apuntesdesanluis.com\/index.php\/2024\/04\/18\/asumieron-las-conducciones-de-los-centros-de-estudiantes-de-fcejs-y-fica\/\"},\"author\":{\"name\":\"apuntesdesanluis.com\",\"@id\":\"https:\/\/apuntesdesanluis.com\/#\/schema\/person\/b55151d52296fcce64d1a72538a70b90\"},\"headline\":\"ASUMIERON LAS CONDUCCIONES DE LOS CENTROS DE ESTUDIANTES DE FCEJS Y FICA\",\"datePublished\":\"2024-04-18T13:25:13+00:00\",\"dateModified\":\"2024-04-18T21:25:41+00:00\",\"mainEntityOfPage\":{\"@id\":\"https:\/\/apuntesdesanluis.com\/index.php\/2024\/04\/18\/asumieron-las-conducciones-de-los-centros-de-estudiantes-de-fcejs-y-fica\/\"},\"wordCount\":557,\"publisher\":{\"@id\":\"https:\/\/apuntesdesanluis.com\/#\/schema\/person\/b55151d52296fcce64d1a72538a70b90\"},\"image\":{\"@id\":\"https:\/\/apuntesdesanluis.com\/index.php\/2024\/04\/18\/asumieron-las-conducciones-de-los-centros-de-estudiantes-de-fcejs-y-fica\/#primaryimage\"},\"thumbnailUrl\":\"https:\/\/apuntesdesanluis.com\/wp-content\/uploads\/2024\/04\/estudiantes.jpg\",\"articleSection\":[\"Ciudad\/Provincia\"],\"inLanguage\":\"es-AR\"},{\"@type\":\"WebPage\",\"@id\":\"https:\/\/apuntesdesanluis.com\/index.php\/2024\/04\/18\/asumieron-las-conducciones-de-los-centros-de-estudiantes-de-fcejs-y-fica\/\",\"url\":\"https:\/\/apuntesdesanluis.com\/index.php\/2024\/04\/18\/asumieron-las-conducciones-de-los-centros-de-estudiantes-de-fcejs-y-fica\/\",\"name\":\"ASUMIERON LAS CONDUCCIONES DE LOS CENTROS DE ESTUDIANTES DE FCEJS Y FICA - Apuntes de San Luis\",\"isPartOf\":{\"@id\":\"https:\/\/apuntesdesanluis.com\/#website\"},\"primaryImageOfPage\":{\"@id\":\"https:\/\/apuntesdesanluis.com\/index.php\/2024\/04\/18\/asumieron-las-conducciones-de-los-centros-de-estudiantes-de-fcejs-y-fica\/#primaryimage\"},\"image\":{\"@id\":\"https:\/\/apuntesdesanluis.com\/index.php\/2024\/04\/18\/asumieron-las-conducciones-de-los-centros-de-estudiantes-de-fcejs-y-fica\/#primaryimage\"},\"thumbnailUrl\":\"https:\/\/apuntesdesanluis.com\/wp-content\/uploads\/2024\/04\/estudiantes.jpg\",\"datePublished\":\"2024-04-18T13:25:13+00:00\",\"dateModified\":\"2024-04-18T21:25:41+00:00\",\"breadcrumb\":{\"@id\":\"https:\/\/apuntesdesanluis.com\/index.php\/2024\/04\/18\/asumieron-las-conducciones-de-los-centros-de-estudiantes-de-fcejs-y-fica\/#breadcrumb\"},\"inLanguage\":\"es-AR\",\"potentialAction\":[{\"@type\":\"ReadAction\",\"target\":[\"https:\/\/apuntesdesanluis.com\/index.php\/2024\/04\/18\/asumieron-las-conducciones-de-los-centros-de-estudiantes-de-fcejs-y-fica\/\"]}]},{\"@type\":\"ImageObject\",\"inLanguage\":\"es-AR\",\"@id\":\"https:\/\/apuntesdesanluis.com\/index.php\/2024\/04\/18\/asumieron-las-conducciones-de-los-centros-de-estudiantes-de-fcejs-y-fica\/#primaryimage\",\"url\":\"https:\/\/apuntesdesanluis.com\/wp-content\/uploads\/2024\/04\/estudiantes.jpg\",\"contentUrl\":\"https:\/\/apuntesdesanluis.com\/wp-content\/uploads\/2024\/04\/estudiantes.jpg\",\"width\":600,\"height\":399},{\"@type\":\"BreadcrumbList\",\"@id\":\"https:\/\/apuntesdesanluis.com\/index.php\/2024\/04\/18\/asumieron-las-conducciones-de-los-centros-de-estudiantes-de-fcejs-y-fica\/#breadcrumb\",\"itemListElement\":[{\"@type\":\"ListItem\",\"position\":1,\"name\":\"Inicio\",\"item\":\"https:\/\/apuntesdesanluis.com\/\"},{\"@type\":\"ListItem\",\"position\":2,\"name\":\"ASUMIERON LAS CONDUCCIONES DE LOS CENTROS DE ESTUDIANTES DE FCEJS Y FICA\"}]},{\"@type\":\"WebSite\",\"@id\":\"https:\/\/apuntesdesanluis.com\/#website\",\"url\":\"https:\/\/apuntesdesanluis.com\/\",\"name\":\"Apuntes de San Luis\",\"description\":\"\",\"publisher\":{\"@id\":\"https:\/\/apuntesdesanluis.com\/#\/schema\/person\/b55151d52296fcce64d1a72538a70b90\"},\"potentialAction\":[{\"@type\":\"SearchAction\",\"target\":{\"@type\":\"EntryPoint\",\"urlTemplate\":\"https:\/\/apuntesdesanluis.com\/?s={search_term_string}\"},\"query-input\":{\"@type\":\"PropertyValueSpecification\",\"valueRequired\":true,\"valueName\":\"search_term_string\"}}],\"inLanguage\":\"es-AR\"},{\"@type\":[\"Person\",\"Organization\"],\"@id\":\"https:\/\/apuntesdesanluis.com\/#\/schema\/person\/b55151d52296fcce64d1a72538a70b90\",\"name\":\"apuntesdesanluis.com\",\"image\":{\"@type\":\"ImageObject\",\"inLanguage\":\"es-AR\",\"@id\":\"https:\/\/apuntesdesanluis.com\/#\/schema\/person\/image\/\",\"url\":\"https:\/\/apuntesdesanluis.com\/wp-content\/uploads\/2023\/07\/cropped-apuntesdesanluis.png\",\"contentUrl\":\"https:\/\/apuntesdesanluis.com\/wp-content\/uploads\/2023\/07\/cropped-apuntesdesanluis.png\",\"width\":450,\"height\":112,\"caption\":\"apuntesdesanluis.com\"},\"logo\":{\"@id\":\"https:\/\/apuntesdesanluis.com\/#\/schema\/person\/image\/\"},\"sameAs\":[\"https:\/\/apuntesdesanluis.com\"],\"url\":\"https:\/\/apuntesdesanluis.com\/index.php\/author\/apuntesdesanluis-com\/\"}]}<\/script>\n<!-- \/ Yoast SEO plugin. -->","yoast_head_json":{"title":"ASUMIERON LAS CONDUCCIONES DE LOS CENTROS DE ESTUDIANTES DE FCEJS Y FICA - Apuntes de San Luis","robots":{"index":"index","follow":"follow","max-snippet":"max-snippet:-1","max-image-preview":"max-image-preview:large","max-video-preview":"max-video-preview:-1"},"canonical":"https:\/\/apuntesdesanluis.com\/index.php\/2024\/04\/18\/asumieron-las-conducciones-de-los-centros-de-estudiantes-de-fcejs-y-fica\/","og_locale":"es_ES","og_type":"article","og_title":"ASUMIERON LAS CONDUCCIONES DE LOS CENTROS DE ESTUDIANTES DE FCEJS Y FICA - Apuntes de San Luis","og_description":"En un evento hist\u00f3rico, asumieron las nuevas conducciones de los centros de estudiantes de las...","og_url":"https:\/\/apuntesdesanluis.com\/index.php\/2024\/04\/18\/asumieron-las-conducciones-de-los-centros-de-estudiantes-de-fcejs-y-fica\/","og_site_name":"Apuntes de San Luis","article_published_time":"2024-04-18T13:25:13+00:00","article_modified_time":"2024-04-18T21:25:41+00:00","og_image":[{"width":600,"height":399,"url":"https:\/\/apuntesdesanluis.com\/wp-content\/uploads\/2024\/04\/estudiantes.jpg","type":"image\/jpeg"}],"author":"apuntesdesanluis.com","twitter_card":"summary_large_image","twitter_misc":{"Escrito por":"apuntesdesanluis.com","Tiempo de lectura":"3 minutos"},"schema":{"@context":"https:\/\/schema.org","@graph":[{"@type":"Article","@id":"https:\/\/apuntesdesanluis.com\/index.php\/2024\/04\/18\/asumieron-las-conducciones-de-los-centros-de-estudiantes-de-fcejs-y-fica\/#article","isPartOf":{"@id":"https:\/\/apuntesdesanluis.com\/index.php\/2024\/04\/18\/asumieron-las-conducciones-de-los-centros-de-estudiantes-de-fcejs-y-fica\/"},"author":{"name":"apuntesdesanluis.com","@id":"https:\/\/apuntesdesanluis.com\/#\/schema\/person\/b55151d52296fcce64d1a72538a70b90"},"headline":"ASUMIERON LAS CONDUCCIONES DE LOS CENTROS DE ESTUDIANTES DE FCEJS Y FICA","datePublished":"2024-04-18T13:25:13+00:00","dateModified":"2024-04-18T21:25:41+00:00","mainEntityOfPage":{"@id":"https:\/\/apuntesdesanluis.com\/index.php\/2024\/04\/18\/asumieron-las-conducciones-de-los-centros-de-estudiantes-de-fcejs-y-fica\/"},"wordCount":557,"publisher":{"@id":"https:\/\/apuntesdesanluis.com\/#\/schema\/person\/b55151d52296fcce64d1a72538a70b90"},"image":{"@id":"https:\/\/apuntesdesanluis.com\/index.php\/2024\/04\/18\/asumieron-las-conducciones-de-los-centros-de-estudiantes-de-fcejs-y-fica\/#primaryimage"},"thumbnailUrl":"https:\/\/apuntesdesanluis.com\/wp-content\/uploads\/2024\/04\/estudiantes.jpg","articleSection":["Ciudad\/Provincia"],"inLanguage":"es-AR"},{"@type":"WebPage","@id":"https:\/\/apuntesdesanluis.com\/index.php\/2024\/04\/18\/asumieron-las-conducciones-de-los-centros-de-estudiantes-de-fcejs-y-fica\/","url":"https:\/\/apuntesdesanluis.com\/index.php\/2024\/04\/18\/asumieron-las-conducciones-de-los-centros-de-estudiantes-de-fcejs-y-fica\/","name":"ASUMIERON LAS CONDUCCIONES DE LOS CENTROS DE ESTUDIANTES DE FCEJS Y FICA - Apuntes de San Luis","isPartOf":{"@id":"https:\/\/apuntesdesanluis.com\/#website"},"primaryImageOfPage":{"@id":"https:\/\/apuntesdesanluis.com\/index.php\/2024\/04\/18\/asumieron-las-conducciones-de-los-centros-de-estudiantes-de-fcejs-y-fica\/#primaryimage"},"image":{"@id":"https:\/\/apuntesdesanluis.com\/index.php\/2024\/04\/18\/asumieron-las-conducciones-de-los-centros-de-estudiantes-de-fcejs-y-fica\/#primaryimage"},"thumbnailUrl":"https:\/\/apuntesdesanluis.com\/wp-content\/uploads\/2024\/04\/estudiantes.jpg","datePublished":"2024-04-18T13:25:13+00:00","dateModified":"2024-04-18T21:25:41+00:00","breadcrumb":{"@id":"https:\/\/apuntesdesanluis.com\/index.php\/2024\/04\/18\/asumieron-las-conducciones-de-los-centros-de-estudiantes-de-fcejs-y-fica\/#breadcrumb"},"inLanguage":"es-AR","potentialAction":[{"@type":"ReadAction","target":["https:\/\/apuntesdesanluis.com\/index.php\/2024\/04\/18\/asumieron-las-conducciones-de-los-centros-de-estudiantes-de-fcejs-y-fica\/"]}]},{"@type":"ImageObject","inLanguage":"es-AR","@id":"https:\/\/apuntesdesanluis.com\/index.php\/2024\/04\/18\/asumieron-las-conducciones-de-los-centros-de-estudiantes-de-fcejs-y-fica\/#primaryimage","url":"https:\/\/apuntesdesanluis.com\/wp-content\/uploads\/2024\/04\/estudiantes.jpg","contentUrl":"https:\/\/apuntesdesanluis.com\/wp-content\/uploads\/2024\/04\/estudiantes.jpg","width":600,"height":399},{"@type":"BreadcrumbList","@id":"https:\/\/apuntesdesanluis.com\/index.php\/2024\/04\/18\/asumieron-las-conducciones-de-los-centros-de-estudiantes-de-fcejs-y-fica\/#breadcrumb","itemListElement":[{"@type":"ListItem","position":1,"name":"Inicio","item":"https:\/\/apuntesdesanluis.com\/"},{"@type":"ListItem","position":2,"name":"ASUMIERON LAS CONDUCCIONES DE LOS CENTROS DE ESTUDIANTES DE FCEJS Y FICA"}]},{"@type":"WebSite","@id":"https:\/\/apuntesdesanluis.com\/#website","url":"https:\/\/apuntesdesanluis.com\/","name":"Apuntes de San Luis","description":"","publisher":{"@id":"https:\/\/apuntesdesanluis.com\/#\/schema\/person\/b55151d52296fcce64d1a72538a70b90"},"potentialAction":[{"@type":"SearchAction","target":{"@type":"EntryPoint","urlTemplate":"https:\/\/apuntesdesanluis.com\/?s={search_term_string}"},"query-input":{"@type":"PropertyValueSpecification","valueRequired":true,"valueName":"search_term_string"}}],"inLanguage":"es-AR"},{"@type":["Person","Organization"],"@id":"https:\/\/apuntesdesanluis.com\/#\/schema\/person\/b55151d52296fcce64d1a72538a70b90","name":"apuntesdesanluis.com","image":{"@type":"ImageObject","inLanguage":"es-AR","@id":"https:\/\/apuntesdesanluis.com\/#\/schema\/person\/image\/","url":"https:\/\/apuntesdesanluis.com\/wp-content\/uploads\/2023\/07\/cropped-apuntesdesanluis.png","contentUrl":"https:\/\/apuntesdesanluis.com\/wp-content\/uploads\/2023\/07\/cropped-apuntesdesanluis.png","width":450,"height":112,"caption":"apuntesdesanluis.com"},"logo":{"@id":"https:\/\/apuntesdesanluis.com\/#\/schema\/person\/image\/"},"sameAs":["https:\/\/apuntesdesanluis.com"],"url":"https:\/\/apuntesdesanluis.com\/index.php\/author\/apuntesdesanluis-com\/"}]}},"featured_image_urls":{"full":["https:\/\/apuntesdesanluis.com\/wp-content\/uploads\/2024\/04\/estudiantes.jpg",600,399,false],"thumbnail":["https:\/\/apuntesdesanluis.com\/wp-content\/uploads\/2024\/04\/estudiantes-150x150.jpg",150,150,true],"medium":["https:\/\/apuntesdesanluis.com\/wp-content\/uploads\/2024\/04\/estudiantes-300x200.jpg",300,200,true],"medium_large":["https:\/\/apuntesdesanluis.com\/wp-content\/uploads\/2024\/04\/estudiantes.jpg",600,399,false],"large":["https:\/\/apuntesdesanluis.com\/wp-content\/uploads\/2024\/04\/estudiantes.jpg",600,399,false],"1536x1536":["https:\/\/apuntesdesanluis.com\/wp-content\/uploads\/2024\/04\/estudiantes.jpg",600,399,false],"2048x2048":["https:\/\/apuntesdesanluis.com\/wp-content\/uploads\/2024\/04\/estudiantes.jpg",600,399,false],"newsever-slider-full":["https:\/\/apuntesdesanluis.com\/wp-content\/uploads\/2024\/04\/estudiantes.jpg",600,399,false],"newsever-featured":["https:\/\/apuntesdesanluis.com\/wp-content\/uploads\/2024\/04\/estudiantes.jpg",600,399,false],"newsever-medium":["https:\/\/apuntesdesanluis.com\/wp-content\/uploads\/2024\/04\/estudiantes.jpg",600,399,false]},"author_info":{"display_name":"apuntesdesanluis.com","author_link":"https:\/\/apuntesdesanluis.com\/index.php\/author\/apuntesdesanluis-com\/"},"category_info":"<a href=\"https:\/\/apuntesdesanluis.com\/index.php\/category\/ciudad-provincia\/\" rel=\"category tag\">Ciudad\/Provincia<\/a>","tag_info":"Ciudad\/Provincia","comment_count":"0","_links":{"self":[{"href":"https:\/\/apuntesdesanluis.com\/index.php\/wp-json\/wp\/v2\/posts\/14870","targetHints":{"allow":["GET"]}}],"collection":[{"href":"https:\/\/apuntesdesanluis.com\/index.php\/wp-json\/wp\/v2\/posts"}],"about":[{"href":"https:\/\/apuntesdesanluis.com\/index.php\/wp-json\/wp\/v2\/types\/post"}],"author":[{"embeddable":true,"href":"https:\/\/apuntesdesanluis.com\/index.php\/wp-json\/wp\/v2\/users\/1"}],"replies":[{"embeddable":true,"href":"https:\/\/apuntesdesanluis.com\/index.php\/wp-json\/wp\/v2\/comments?post=14870"}],"version-history":[{"count":1,"href":"https:\/\/apuntesdesanluis.com\/index.php\/wp-json\/wp\/v2\/posts\/14870\/revisions"}],"predecessor-version":[{"id":14875,"href":"https:\/\/apuntesdesanluis.com\/index.php\/wp-json\/wp\/v2\/posts\/14870\/revisions\/14875"}],"wp:featuredmedia":[{"embeddable":true,"href":"https:\/\/apuntesdesanluis.com\/index.php\/wp-json\/wp\/v2\/media\/14871"}],"wp:attachment":[{"href":"https:\/\/apuntesdesanluis.com\/index.php\/wp-json\/wp\/v2\/media?parent=14870"}],"wp:term":[{"taxonomy":"category","embeddable":true,"href":"https:\/\/apuntesdesanluis.com\/index.php\/wp-json\/wp\/v2\/categories?post=14870"},{"taxonomy":"post_tag","embeddable":true,"href":"https:\/\/apuntesdesanluis.com\/index.php\/wp-json\/wp\/v2\/tags?post=14870"}],"curies":[{"name":"wp","href":"https:\/\/api.w.org\/{rel}","templated":true}]}}