{"id":14876,"date":"2024-04-18T18:41:03","date_gmt":"2024-04-18T21:41:03","guid":{"rendered":"https:\/\/apuntesdesanluis.com\/?p=14876"},"modified":"2024-04-18T18:41:30","modified_gmt":"2024-04-18T21:41:30","slug":"imputaron-a-los-padres-del-menor-que-llevo-al-cole-una-replica-de-arma-de-fuego","status":"publish","type":"post","link":"https:\/\/apuntesdesanluis.com\/index.php\/2024\/04\/18\/imputaron-a-los-padres-del-menor-que-llevo-al-cole-una-replica-de-arma-de-fuego\/","title":{"rendered":"IMPUTARON A LOS PADRES DEL MENOR QUE LLEV\u00d3 AL COLE UNA R\u00c9PLICA DE ARMA DE FUEGO"},"content":{"rendered":"<h3>El hecho tuvo lugar este mi\u00e9rcoles alrededor de las 20:40, cuando personal policial de la Comisar\u00eda de Atenci\u00f3n a la Ni\u00f1ez, Adolescencia y Familia (CANAF) acudi\u00f3 al <strong>Colegio N\u00b0 1 \u201cJuan Cris\u00f3stomo Lafinur\u201d<\/strong> (ex Colegio Nacional), ubicado en San Mart\u00edn y Jun\u00edn de la ciudad de San Luis, debido a que un adolescente de 16 a\u00f1os hab\u00eda exhibido una posible arma de fuego en las redes sociales, estando dentro del establecimiento educativo.<\/h3>\n<h3>Tras entrevistarse con las autoridades de la escuela, los efectivos policiales constataron que el arma era de juguete.<\/h3>\n<h3>En ese sentido, se hizo presente personal del Ministerio de Educaci\u00f3n, quienes labraron las respectivas actas.<\/h3>\n<h3>Se le dio conocimiento al fiscal de Instrucci\u00f3n de turno, Dr. Roche Esteban, quien dispuso que se haga entrega del adolescente a sus familiares, y se labre comunica situaci\u00f3n.<\/h3>\n<h3>Tambi\u00e9n tom\u00f3 conocimiento la Dra. Daniela Benenatti, del Juzgado Penal, Juvenil y Contravencional quien dispuso que se labre la correspondiente infracci\u00f3n a los progenitores, por &#8220;Omisi\u00f3n por vigilancia&#8221;.<\/h3>\n<h3><strong>IMPUTACI\u00d3N<\/strong><\/h3>\n<h3>El incidente ocurrido este mi\u00e9rcoles a la noche en el Colegio N\u00ba 1 \u201cJuan Cris\u00f3stomo Lafinur\u201d de la ciudad de San Luis puso de relieve la responsabilidad de los padres en la supervisi\u00f3n de sus hijos.<\/h3>\n<h3>La jueza Penal Juvenil y Contravencional de la Primera Circunscripci\u00f3n, Daniela Benenatti, imput\u00f3 a los progenitores del adolescente de 16 a\u00f1os por omitir el deber de vigilancia parental, una infracci\u00f3n establecida en el art\u00edculo 64 del C\u00f3digo Contravencional Provincial.<\/h3>\n<h3>La norma establece claramente que los padres o tutores son responsables de la conducta de los menores bajo su cuidado. En este contexto, la omisi\u00f3n por vigilancia se presenta como una falta cuando los padres no ejercen el debido control sobre las acciones de sus hijos, lo que puede resultar en situaciones peligrosas o perjudiciales para terceros.<\/h3>\n<h3>\u201cEs un art\u00edculo que siempre lo utilizamos cuando existe omisi\u00f3n de vigilar a sus hijos, en este caso, que el adolescente concurra al establecimiento escolar munido de un arma, independientemente que sea una r\u00e9plica o un de juguete\u201d, dijo la jueza.<\/h3>\n<h3>Aunque el arma en cuesti\u00f3n no representaba un peligro real, su presencia en un entorno escolar gener\u00f3 alarma y preocupaci\u00f3n entre los estudiantes y el personal docente. \u201cSe va a citar a los los progenitores y poner en conocimiento de la contravenci\u00f3n, que una vez que est\u00e1 establecida se les va a aplicar la sanci\u00f3n correspondiente. Adem\u00e1s, se los va intimar para que en lo sucesivo se abstengan de omitir este deber que tienen sobre sus hijos\u201d, explic\u00f3 Benenatti.<\/h3>\n<h3>Las sanciones que prev\u00e9 el C\u00f3digo incluyen trabajo comunitario de cinco a quince d\u00edas o multa de cien a quinientas Unidades de Multa. \u201cEn todos los casos se invitar\u00e1 al menor a concurrir a los grupos de apoyo, a los programas de capacitaci\u00f3n y a participar con sus padres o tutores en los trabajos comunitarios2, dice el texto del art\u00edculo.<\/h3>\n<h3>La medida adoptada por justicia busca, no solo aplicar una sanci\u00f3n en respuesta a la contravenci\u00f3n cometida, sino tambi\u00e9n enviar un mensaje claro sobre la importancia de la supervisi\u00f3n parental y la prevenci\u00f3n de incidentes similares en el futuro.<\/h3>\n<h3><strong>\u201cSE SACABA SELFIES\u201d<\/strong><\/h3>\n<h3>El fiscal de Instrucci\u00f3n N\u00b0 3, Esteban Roche, confirm\u00f3 que el rev\u00f3lver que ten\u00eda el adolescente era de juguete y que se sacaba fotos para despu\u00e9s subirlas a las redes sociales. \u201cEra un arma de juguete y el joven en principio se sacaba selfies. Se le realiz\u00f3 un protocolo m\u00e9dico y preventivamente se le secuestr\u00f3 la mochila y luego se le dio intervenci\u00f3n al Juzgado Penal Juvenil\u201d.<\/h3>\n<p>&nbsp;<\/p>\n<p>&nbsp;<\/p>\n","protected":false},"excerpt":{"rendered":"<p>El hecho tuvo lugar este mi\u00e9rcoles alrededor de las 20:40, cuando personal policial de la&#8230;<\/p>\n","protected":false},"author":1,"featured_media":14877,"comment_status":"closed","ping_status":"closed","sticky":false,"template":"","format":"standard","meta":{"footnotes":""},"categories":[6],"tags":[],"class_list":["post-14876","post","type-post","status-publish","format-standard","has-post-thumbnail","hentry","category-ciudad-provincia"],"yoast_head":"<!-- This site is optimized with the Yoast SEO plugin v26.1.1 - https:\/\/yoast.com\/wordpress\/plugins\/seo\/ -->\n<title>IMPUTARON A LOS PADRES DEL MENOR QUE LLEV\u00d3 AL COLE UNA R\u00c9PLICA DE ARMA DE FUEGO - Apuntes de San Luis<\/title>\n<meta name=\"robots\" content=\"index, follow, max-snippet:-1, max-image-preview:large, max-video-preview:-1\" \/>\n<link rel=\"canonical\" href=\"https:\/\/apuntesdesanluis.com\/index.php\/2024\/04\/18\/imputaron-a-los-padres-del-menor-que-llevo-al-cole-una-replica-de-arma-de-fuego\/\" \/>\n<meta property=\"og:locale\" content=\"es_ES\" \/>\n<meta property=\"og:type\" content=\"article\" \/>\n<meta property=\"og:title\" content=\"IMPUTARON A LOS PADRES DEL MENOR QUE LLEV\u00d3 AL COLE UNA R\u00c9PLICA DE ARMA DE FUEGO - Apuntes de San Luis\" \/>\n<meta property=\"og:description\" content=\"El hecho tuvo lugar este mi\u00e9rcoles alrededor de las 20:40, cuando personal policial de la...\" \/>\n<meta property=\"og:url\" content=\"https:\/\/apuntesdesanluis.com\/index.php\/2024\/04\/18\/imputaron-a-los-padres-del-menor-que-llevo-al-cole-una-replica-de-arma-de-fuego\/\" \/>\n<meta property=\"og:site_name\" content=\"Apuntes de San Luis\" \/>\n<meta property=\"article:published_time\" content=\"2024-04-18T21:41:03+00:00\" \/>\n<meta property=\"article:modified_time\" content=\"2024-04-18T21:41:30+00:00\" \/>\n<meta property=\"og:image\" content=\"https:\/\/apuntesdesanluis.com\/wp-content\/uploads\/2024\/04\/colegio-jcl.png\" \/>\n\t<meta property=\"og:image:width\" content=\"629\" \/>\n\t<meta property=\"og:image:height\" content=\"384\" \/>\n\t<meta property=\"og:image:type\" content=\"image\/png\" \/>\n<meta name=\"author\" content=\"apuntesdesanluis.com\" \/>\n<meta name=\"twitter:card\" content=\"summary_large_image\" \/>\n<meta name=\"twitter:label1\" content=\"Escrito por\" \/>\n\t<meta name=\"twitter:data1\" content=\"apuntesdesanluis.com\" \/>\n\t<meta name=\"twitter:label2\" content=\"Tiempo de lectura\" \/>\n\t<meta name=\"twitter:data2\" content=\"3 minutos\" \/>\n<script type=\"application\/ld+json\" class=\"yoast-schema-graph\">{\"@context\":\"https:\/\/schema.org\",\"@graph\":[{\"@type\":\"Article\",\"@id\":\"https:\/\/apuntesdesanluis.com\/index.php\/2024\/04\/18\/imputaron-a-los-padres-del-menor-que-llevo-al-cole-una-replica-de-arma-de-fuego\/#article\",\"isPartOf\":{\"@id\":\"https:\/\/apuntesdesanluis.com\/index.php\/2024\/04\/18\/imputaron-a-los-padres-del-menor-que-llevo-al-cole-una-replica-de-arma-de-fuego\/\"},\"author\":{\"name\":\"apuntesdesanluis.com\",\"@id\":\"https:\/\/apuntesdesanluis.com\/#\/schema\/person\/b55151d52296fcce64d1a72538a70b90\"},\"headline\":\"IMPUTARON A LOS PADRES DEL MENOR QUE LLEV\u00d3 AL COLE UNA R\u00c9PLICA DE ARMA DE FUEGO\",\"datePublished\":\"2024-04-18T21:41:03+00:00\",\"dateModified\":\"2024-04-18T21:41:30+00:00\",\"mainEntityOfPage\":{\"@id\":\"https:\/\/apuntesdesanluis.com\/index.php\/2024\/04\/18\/imputaron-a-los-padres-del-menor-que-llevo-al-cole-una-replica-de-arma-de-fuego\/\"},\"wordCount\":645,\"publisher\":{\"@id\":\"https:\/\/apuntesdesanluis.com\/#\/schema\/person\/b55151d52296fcce64d1a72538a70b90\"},\"image\":{\"@id\":\"https:\/\/apuntesdesanluis.com\/index.php\/2024\/04\/18\/imputaron-a-los-padres-del-menor-que-llevo-al-cole-una-replica-de-arma-de-fuego\/#primaryimage\"},\"thumbnailUrl\":\"https:\/\/apuntesdesanluis.com\/wp-content\/uploads\/2024\/04\/colegio-jcl.png\",\"articleSection\":[\"Ciudad\/Provincia\"],\"inLanguage\":\"es-AR\"},{\"@type\":\"WebPage\",\"@id\":\"https:\/\/apuntesdesanluis.com\/index.php\/2024\/04\/18\/imputaron-a-los-padres-del-menor-que-llevo-al-cole-una-replica-de-arma-de-fuego\/\",\"url\":\"https:\/\/apuntesdesanluis.com\/index.php\/2024\/04\/18\/imputaron-a-los-padres-del-menor-que-llevo-al-cole-una-replica-de-arma-de-fuego\/\",\"name\":\"IMPUTARON A LOS PADRES DEL MENOR QUE LLEV\u00d3 AL COLE UNA R\u00c9PLICA DE ARMA DE FUEGO - Apuntes de San Luis\",\"isPartOf\":{\"@id\":\"https:\/\/apuntesdesanluis.com\/#website\"},\"primaryImageOfPage\":{\"@id\":\"https:\/\/apuntesdesanluis.com\/index.php\/2024\/04\/18\/imputaron-a-los-padres-del-menor-que-llevo-al-cole-una-replica-de-arma-de-fuego\/#primaryimage\"},\"image\":{\"@id\":\"https:\/\/apuntesdesanluis.com\/index.php\/2024\/04\/18\/imputaron-a-los-padres-del-menor-que-llevo-al-cole-una-replica-de-arma-de-fuego\/#primaryimage\"},\"thumbnailUrl\":\"https:\/\/apuntesdesanluis.com\/wp-content\/uploads\/2024\/04\/colegio-jcl.png\",\"datePublished\":\"2024-04-18T21:41:03+00:00\",\"dateModified\":\"2024-04-18T21:41:30+00:00\",\"breadcrumb\":{\"@id\":\"https:\/\/apuntesdesanluis.com\/index.php\/2024\/04\/18\/imputaron-a-los-padres-del-menor-que-llevo-al-cole-una-replica-de-arma-de-fuego\/#breadcrumb\"},\"inLanguage\":\"es-AR\",\"potentialAction\":[{\"@type\":\"ReadAction\",\"target\":[\"https:\/\/apuntesdesanluis.com\/index.php\/2024\/04\/18\/imputaron-a-los-padres-del-menor-que-llevo-al-cole-una-replica-de-arma-de-fuego\/\"]}]},{\"@type\":\"ImageObject\",\"inLanguage\":\"es-AR\",\"@id\":\"https:\/\/apuntesdesanluis.com\/index.php\/2024\/04\/18\/imputaron-a-los-padres-del-menor-que-llevo-al-cole-una-replica-de-arma-de-fuego\/#primaryimage\",\"url\":\"https:\/\/apuntesdesanluis.com\/wp-content\/uploads\/2024\/04\/colegio-jcl.png\",\"contentUrl\":\"https:\/\/apuntesdesanluis.com\/wp-content\/uploads\/2024\/04\/colegio-jcl.png\",\"width\":629,\"height\":384},{\"@type\":\"BreadcrumbList\",\"@id\":\"https:\/\/apuntesdesanluis.com\/index.php\/2024\/04\/18\/imputaron-a-los-padres-del-menor-que-llevo-al-cole-una-replica-de-arma-de-fuego\/#breadcrumb\",\"itemListElement\":[{\"@type\":\"ListItem\",\"position\":1,\"name\":\"Inicio\",\"item\":\"https:\/\/apuntesdesanluis.com\/\"},{\"@type\":\"ListItem\",\"position\":2,\"name\":\"IMPUTARON A LOS PADRES DEL MENOR QUE LLEV\u00d3 AL COLE UNA R\u00c9PLICA DE ARMA DE FUEGO\"}]},{\"@type\":\"WebSite\",\"@id\":\"https:\/\/apuntesdesanluis.com\/#website\",\"url\":\"https:\/\/apuntesdesanluis.com\/\",\"name\":\"Apuntes de San Luis\",\"description\":\"\",\"publisher\":{\"@id\":\"https:\/\/apuntesdesanluis.com\/#\/schema\/person\/b55151d52296fcce64d1a72538a70b90\"},\"potentialAction\":[{\"@type\":\"SearchAction\",\"target\":{\"@type\":\"EntryPoint\",\"urlTemplate\":\"https:\/\/apuntesdesanluis.com\/?s={search_term_string}\"},\"query-input\":{\"@type\":\"PropertyValueSpecification\",\"valueRequired\":true,\"valueName\":\"search_term_string\"}}],\"inLanguage\":\"es-AR\"},{\"@type\":[\"Person\",\"Organization\"],\"@id\":\"https:\/\/apuntesdesanluis.com\/#\/schema\/person\/b55151d52296fcce64d1a72538a70b90\",\"name\":\"apuntesdesanluis.com\",\"image\":{\"@type\":\"ImageObject\",\"inLanguage\":\"es-AR\",\"@id\":\"https:\/\/apuntesdesanluis.com\/#\/schema\/person\/image\/\",\"url\":\"https:\/\/apuntesdesanluis.com\/wp-content\/uploads\/2023\/07\/cropped-apuntesdesanluis.png\",\"contentUrl\":\"https:\/\/apuntesdesanluis.com\/wp-content\/uploads\/2023\/07\/cropped-apuntesdesanluis.png\",\"width\":450,\"height\":112,\"caption\":\"apuntesdesanluis.com\"},\"logo\":{\"@id\":\"https:\/\/apuntesdesanluis.com\/#\/schema\/person\/image\/\"},\"sameAs\":[\"https:\/\/apuntesdesanluis.com\"],\"url\":\"https:\/\/apuntesdesanluis.com\/index.php\/author\/apuntesdesanluis-com\/\"}]}<\/script>\n<!-- \/ Yoast SEO plugin. -->","yoast_head_json":{"title":"IMPUTARON A LOS PADRES DEL MENOR QUE LLEV\u00d3 AL COLE UNA R\u00c9PLICA DE ARMA DE FUEGO - Apuntes de San Luis","robots":{"index":"index","follow":"follow","max-snippet":"max-snippet:-1","max-image-preview":"max-image-preview:large","max-video-preview":"max-video-preview:-1"},"canonical":"https:\/\/apuntesdesanluis.com\/index.php\/2024\/04\/18\/imputaron-a-los-padres-del-menor-que-llevo-al-cole-una-replica-de-arma-de-fuego\/","og_locale":"es_ES","og_type":"article","og_title":"IMPUTARON A LOS PADRES DEL MENOR QUE LLEV\u00d3 AL COLE UNA R\u00c9PLICA DE ARMA DE FUEGO - Apuntes de San Luis","og_description":"El hecho tuvo lugar este mi\u00e9rcoles alrededor de las 20:40, cuando personal policial de la...","og_url":"https:\/\/apuntesdesanluis.com\/index.php\/2024\/04\/18\/imputaron-a-los-padres-del-menor-que-llevo-al-cole-una-replica-de-arma-de-fuego\/","og_site_name":"Apuntes de San Luis","article_published_time":"2024-04-18T21:41:03+00:00","article_modified_time":"2024-04-18T21:41:30+00:00","og_image":[{"width":629,"height":384,"url":"https:\/\/apuntesdesanluis.com\/wp-content\/uploads\/2024\/04\/colegio-jcl.png","type":"image\/png"}],"author":"apuntesdesanluis.com","twitter_card":"summary_large_image","twitter_misc":{"Escrito por":"apuntesdesanluis.com","Tiempo de lectura":"3 minutos"},"schema":{"@context":"https:\/\/schema.org","@graph":[{"@type":"Article","@id":"https:\/\/apuntesdesanluis.com\/index.php\/2024\/04\/18\/imputaron-a-los-padres-del-menor-que-llevo-al-cole-una-replica-de-arma-de-fuego\/#article","isPartOf":{"@id":"https:\/\/apuntesdesanluis.com\/index.php\/2024\/04\/18\/imputaron-a-los-padres-del-menor-que-llevo-al-cole-una-replica-de-arma-de-fuego\/"},"author":{"name":"apuntesdesanluis.com","@id":"https:\/\/apuntesdesanluis.com\/#\/schema\/person\/b55151d52296fcce64d1a72538a70b90"},"headline":"IMPUTARON A LOS PADRES DEL MENOR QUE LLEV\u00d3 AL COLE UNA R\u00c9PLICA DE ARMA DE FUEGO","datePublished":"2024-04-18T21:41:03+00:00","dateModified":"2024-04-18T21:41:30+00:00","mainEntityOfPage":{"@id":"https:\/\/apuntesdesanluis.com\/index.php\/2024\/04\/18\/imputaron-a-los-padres-del-menor-que-llevo-al-cole-una-replica-de-arma-de-fuego\/"},"wordCount":645,"publisher":{"@id":"https:\/\/apuntesdesanluis.com\/#\/schema\/person\/b55151d52296fcce64d1a72538a70b90"},"image":{"@id":"https:\/\/apuntesdesanluis.com\/index.php\/2024\/04\/18\/imputaron-a-los-padres-del-menor-que-llevo-al-cole-una-replica-de-arma-de-fuego\/#primaryimage"},"thumbnailUrl":"https:\/\/apuntesdesanluis.com\/wp-content\/uploads\/2024\/04\/colegio-jcl.png","articleSection":["Ciudad\/Provincia"],"inLanguage":"es-AR"},{"@type":"WebPage","@id":"https:\/\/apuntesdesanluis.com\/index.php\/2024\/04\/18\/imputaron-a-los-padres-del-menor-que-llevo-al-cole-una-replica-de-arma-de-fuego\/","url":"https:\/\/apuntesdesanluis.com\/index.php\/2024\/04\/18\/imputaron-a-los-padres-del-menor-que-llevo-al-cole-una-replica-de-arma-de-fuego\/","name":"IMPUTARON A LOS PADRES DEL MENOR QUE LLEV\u00d3 AL COLE UNA R\u00c9PLICA DE ARMA DE FUEGO - Apuntes de San Luis","isPartOf":{"@id":"https:\/\/apuntesdesanluis.com\/#website"},"primaryImageOfPage":{"@id":"https:\/\/apuntesdesanluis.com\/index.php\/2024\/04\/18\/imputaron-a-los-padres-del-menor-que-llevo-al-cole-una-replica-de-arma-de-fuego\/#primaryimage"},"image":{"@id":"https:\/\/apuntesdesanluis.com\/index.php\/2024\/04\/18\/imputaron-a-los-padres-del-menor-que-llevo-al-cole-una-replica-de-arma-de-fuego\/#primaryimage"},"thumbnailUrl":"https:\/\/apuntesdesanluis.com\/wp-content\/uploads\/2024\/04\/colegio-jcl.png","datePublished":"2024-04-18T21:41:03+00:00","dateModified":"2024-04-18T21:41:30+00:00","breadcrumb":{"@id":"https:\/\/apuntesdesanluis.com\/index.php\/2024\/04\/18\/imputaron-a-los-padres-del-menor-que-llevo-al-cole-una-replica-de-arma-de-fuego\/#breadcrumb"},"inLanguage":"es-AR","potentialAction":[{"@type":"ReadAction","target":["https:\/\/apuntesdesanluis.com\/index.php\/2024\/04\/18\/imputaron-a-los-padres-del-menor-que-llevo-al-cole-una-replica-de-arma-de-fuego\/"]}]},{"@type":"ImageObject","inLanguage":"es-AR","@id":"https:\/\/apuntesdesanluis.com\/index.php\/2024\/04\/18\/imputaron-a-los-padres-del-menor-que-llevo-al-cole-una-replica-de-arma-de-fuego\/#primaryimage","url":"https:\/\/apuntesdesanluis.com\/wp-content\/uploads\/2024\/04\/colegio-jcl.png","contentUrl":"https:\/\/apuntesdesanluis.com\/wp-content\/uploads\/2024\/04\/colegio-jcl.png","width":629,"height":384},{"@type":"BreadcrumbList","@id":"https:\/\/apuntesdesanluis.com\/index.php\/2024\/04\/18\/imputaron-a-los-padres-del-menor-que-llevo-al-cole-una-replica-de-arma-de-fuego\/#breadcrumb","itemListElement":[{"@type":"ListItem","position":1,"name":"Inicio","item":"https:\/\/apuntesdesanluis.com\/"},{"@type":"ListItem","position":2,"name":"IMPUTARON A LOS PADRES DEL MENOR QUE LLEV\u00d3 AL COLE UNA R\u00c9PLICA DE ARMA DE FUEGO"}]},{"@type":"WebSite","@id":"https:\/\/apuntesdesanluis.com\/#website","url":"https:\/\/apuntesdesanluis.com\/","name":"Apuntes de San Luis","description":"","publisher":{"@id":"https:\/\/apuntesdesanluis.com\/#\/schema\/person\/b55151d52296fcce64d1a72538a70b90"},"potentialAction":[{"@type":"SearchAction","target":{"@type":"EntryPoint","urlTemplate":"https:\/\/apuntesdesanluis.com\/?s={search_term_string}"},"query-input":{"@type":"PropertyValueSpecification","valueRequired":true,"valueName":"search_term_string"}}],"inLanguage":"es-AR"},{"@type":["Person","Organization"],"@id":"https:\/\/apuntesdesanluis.com\/#\/schema\/person\/b55151d52296fcce64d1a72538a70b90","name":"apuntesdesanluis.com","image":{"@type":"ImageObject","inLanguage":"es-AR","@id":"https:\/\/apuntesdesanluis.com\/#\/schema\/person\/image\/","url":"https:\/\/apuntesdesanluis.com\/wp-content\/uploads\/2023\/07\/cropped-apuntesdesanluis.png","contentUrl":"https:\/\/apuntesdesanluis.com\/wp-content\/uploads\/2023\/07\/cropped-apuntesdesanluis.png","width":450,"height":112,"caption":"apuntesdesanluis.com"},"logo":{"@id":"https:\/\/apuntesdesanluis.com\/#\/schema\/person\/image\/"},"sameAs":["https:\/\/apuntesdesanluis.com"],"url":"https:\/\/apuntesdesanluis.com\/index.php\/author\/apuntesdesanluis-com\/"}]}},"featured_image_urls":{"full":["https:\/\/apuntesdesanluis.com\/wp-content\/uploads\/2024\/04\/colegio-jcl.png",629,384,false],"thumbnail":["https:\/\/apuntesdesanluis.com\/wp-content\/uploads\/2024\/04\/colegio-jcl-150x150.png",150,150,true],"medium":["https:\/\/apuntesdesanluis.com\/wp-content\/uploads\/2024\/04\/colegio-jcl-300x183.png",300,183,true],"medium_large":["https:\/\/apuntesdesanluis.com\/wp-content\/uploads\/2024\/04\/colegio-jcl.png",629,384,false],"large":["https:\/\/apuntesdesanluis.com\/wp-content\/uploads\/2024\/04\/colegio-jcl.png",629,384,false],"1536x1536":["https:\/\/apuntesdesanluis.com\/wp-content\/uploads\/2024\/04\/colegio-jcl.png",629,384,false],"2048x2048":["https:\/\/apuntesdesanluis.com\/wp-content\/uploads\/2024\/04\/colegio-jcl.png",629,384,false],"newsever-slider-full":["https:\/\/apuntesdesanluis.com\/wp-content\/uploads\/2024\/04\/colegio-jcl.png",629,384,false],"newsever-featured":["https:\/\/apuntesdesanluis.com\/wp-content\/uploads\/2024\/04\/colegio-jcl.png",629,384,false],"newsever-medium":["https:\/\/apuntesdesanluis.com\/wp-content\/uploads\/2024\/04\/colegio-jcl.png",629,384,false]},"author_info":{"display_name":"apuntesdesanluis.com","author_link":"https:\/\/apuntesdesanluis.com\/index.php\/author\/apuntesdesanluis-com\/"},"category_info":"<a href=\"https:\/\/apuntesdesanluis.com\/index.php\/category\/ciudad-provincia\/\" rel=\"category tag\">Ciudad\/Provincia<\/a>","tag_info":"Ciudad\/Provincia","comment_count":"0","_links":{"self":[{"href":"https:\/\/apuntesdesanluis.com\/index.php\/wp-json\/wp\/v2\/posts\/14876","targetHints":{"allow":["GET"]}}],"collection":[{"href":"https:\/\/apuntesdesanluis.com\/index.php\/wp-json\/wp\/v2\/posts"}],"about":[{"href":"https:\/\/apuntesdesanluis.com\/index.php\/wp-json\/wp\/v2\/types\/post"}],"author":[{"embeddable":true,"href":"https:\/\/apuntesdesanluis.com\/index.php\/wp-json\/wp\/v2\/users\/1"}],"replies":[{"embeddable":true,"href":"https:\/\/apuntesdesanluis.com\/index.php\/wp-json\/wp\/v2\/comments?post=14876"}],"version-history":[{"count":2,"href":"https:\/\/apuntesdesanluis.com\/index.php\/wp-json\/wp\/v2\/posts\/14876\/revisions"}],"predecessor-version":[{"id":14879,"href":"https:\/\/apuntesdesanluis.com\/index.php\/wp-json\/wp\/v2\/posts\/14876\/revisions\/14879"}],"wp:featuredmedia":[{"embeddable":true,"href":"https:\/\/apuntesdesanluis.com\/index.php\/wp-json\/wp\/v2\/media\/14877"}],"wp:attachment":[{"href":"https:\/\/apuntesdesanluis.com\/index.php\/wp-json\/wp\/v2\/media?parent=14876"}],"wp:term":[{"taxonomy":"category","embeddable":true,"href":"https:\/\/apuntesdesanluis.com\/index.php\/wp-json\/wp\/v2\/categories?post=14876"},{"taxonomy":"post_tag","embeddable":true,"href":"https:\/\/apuntesdesanluis.com\/index.php\/wp-json\/wp\/v2\/tags?post=14876"}],"curies":[{"name":"wp","href":"https:\/\/api.w.org\/{rel}","templated":true}]}}