{"id":1488,"date":"2023-08-11T19:58:32","date_gmt":"2023-08-11T22:58:32","guid":{"rendered":"https:\/\/apuntesdesanluis.com\/?p=1488"},"modified":"2023-08-11T19:58:32","modified_gmt":"2023-08-11T22:58:32","slug":"doce-anos-de-prision-por-abusar-sexualmente-de-su-hijastra","status":"publish","type":"post","link":"https:\/\/apuntesdesanluis.com\/index.php\/2023\/08\/11\/doce-anos-de-prision-por-abusar-sexualmente-de-su-hijastra\/","title":{"rendered":"DOCE A\u00d1OS DE PRISI\u00d3N POR ABUSAR SEXUALMENTE DE SU HIJASTRA"},"content":{"rendered":"<h3 class=\"yiv7409174924ydp6329976emsonormal\" style=\"background: white;\"><span style=\"font-family: 'Arial','sans-serif'; color: #1d2228;\"><strong>N.R.C.<\/strong> fue condenado este viernes a 12 a\u00f1os de prisi\u00f3n por resultar culpable del delito de abuso sexual con acceso carnal agravado por la relaci\u00f3n de convivencia preexistente con la v\u00edctima menor de edad. La damnificada es hija de la ex pareja del imputado y las agresiones sexuales ocurrieron entre el 2015 y el 2017, cuando la v\u00edctima ten\u00eda entre 9 y 11 a\u00f1os. <\/span><\/h3>\n<h3 class=\"yiv7409174924ydp6329976emsonormal\" style=\"background: white;\"><span style=\"font-family: 'Arial','sans-serif'; color: #1d2228;\">De acuerdo a la denuncia, los abusos sucedieron en una vivienda de la calle Falucho, habitada por el acusado, la v\u00edctima y su mam\u00e1, y otros ni\u00f1os. Fue all\u00ed cuando N.R.C., de 42 a\u00f1os, aprovechaba cuando su pareja se ausentaba o dorm\u00eda, para perpetrar sus ataques, \u201caprovechando la situaci\u00f3n de convivencia que ten\u00eda con la menor y la inmadurez de ella\u201d.<\/span><\/h3>\n<h3 class=\"yiv7409174924ydp6329976emsonormal\" style=\"background: white;\"><span style=\"font-family: 'Arial','sans-serif'; color: #1d2228;\">En los alegatos, el Fiscal de Juicio, Fernando Rodr\u00edguez hab\u00eda solicitado que el acusado sea condenado a 14 a\u00f1os de prisi\u00f3n mientras que la defensa, representada por Rodolfo Mercau, pidi\u00f3 que su cliente fuera absuelto.<\/span><\/h3>\n<h3 class=\"yiv7409174924ydp6329976emsonormal\" style=\"background: white;\"><span style=\"font-family: 'Arial','sans-serif'; color: #1d2228;\">El tribunal, integrado por Jos\u00e9 Luis Flores, Jorge Sabaini Zapata y Fernando Julio De Viana, jueces de la C\u00e1mara Penal N\u00b0 1 Residual de la ciudad de San Luis, emiti\u00f3 su decisi\u00f3n este viernes despu\u00e9s de las 15 horas. Como circunstancias atenuantes mencionaron la falta de antecedentes condenatorios y como agravantes el tiempo, modo, lugar respecto a la vulnerabilidad de la v\u00edctima y su adulta responsable.<\/span><\/h3>\n<h3 class=\"yiv7409174924ydp6329976emsonormal\" style=\"background: white;\"><span style=\"font-family: 'Arial','sans-serif'; color: #1d2228;\">El acusado hab\u00eda llegado al debate en libertad y luego de escuchar el veredicto fue trasladado al Servicio Penitenciario Provincial.<\/span><\/h3>\n","protected":false},"excerpt":{"rendered":"<p>N.R.C. fue condenado este viernes a 12 a\u00f1os de prisi\u00f3n por resultar culpable del delito&#8230;<\/p>\n","protected":false},"author":1,"featured_media":1489,"comment_status":"closed","ping_status":"closed","sticky":false,"template":"","format":"standard","meta":{"footnotes":""},"categories":[6],"tags":[],"class_list":["post-1488","post","type-post","status-publish","format-standard","has-post-thumbnail","hentry","category-ciudad-provincia"],"yoast_head":"<!-- This site is optimized with the Yoast SEO plugin v26.1.1 - https:\/\/yoast.com\/wordpress\/plugins\/seo\/ -->\n<title>DOCE A\u00d1OS DE PRISI\u00d3N POR ABUSAR SEXUALMENTE DE SU HIJASTRA - Apuntes de San Luis<\/title>\n<meta name=\"robots\" content=\"index, follow, max-snippet:-1, max-image-preview:large, max-video-preview:-1\" \/>\n<link rel=\"canonical\" href=\"https:\/\/apuntesdesanluis.com\/index.php\/2023\/08\/11\/doce-anos-de-prision-por-abusar-sexualmente-de-su-hijastra\/\" \/>\n<meta property=\"og:locale\" content=\"es_ES\" \/>\n<meta property=\"og:type\" content=\"article\" \/>\n<meta property=\"og:title\" content=\"DOCE A\u00d1OS DE PRISI\u00d3N POR ABUSAR SEXUALMENTE DE SU HIJASTRA - Apuntes de San Luis\" \/>\n<meta property=\"og:description\" content=\"N.R.C. fue condenado este viernes a 12 a\u00f1os de prisi\u00f3n por resultar culpable del delito...\" \/>\n<meta property=\"og:url\" content=\"https:\/\/apuntesdesanluis.com\/index.php\/2023\/08\/11\/doce-anos-de-prision-por-abusar-sexualmente-de-su-hijastra\/\" \/>\n<meta property=\"og:site_name\" content=\"Apuntes de San Luis\" \/>\n<meta property=\"article:published_time\" content=\"2023-08-11T22:58:32+00:00\" \/>\n<meta property=\"og:image\" content=\"https:\/\/apuntesdesanluis.com\/wp-content\/uploads\/2023\/08\/juicio-3.png\" \/>\n\t<meta property=\"og:image:width\" content=\"676\" \/>\n\t<meta property=\"og:image:height\" content=\"379\" \/>\n\t<meta property=\"og:image:type\" content=\"image\/png\" \/>\n<meta name=\"author\" content=\"apuntesdesanluis.com\" \/>\n<meta name=\"twitter:card\" content=\"summary_large_image\" \/>\n<meta name=\"twitter:label1\" content=\"Escrito por\" \/>\n\t<meta name=\"twitter:data1\" content=\"apuntesdesanluis.com\" \/>\n\t<meta name=\"twitter:label2\" content=\"Tiempo de lectura\" \/>\n\t<meta name=\"twitter:data2\" content=\"2 minutos\" \/>\n<script type=\"application\/ld+json\" class=\"yoast-schema-graph\">{\"@context\":\"https:\/\/schema.org\",\"@graph\":[{\"@type\":\"Article\",\"@id\":\"https:\/\/apuntesdesanluis.com\/index.php\/2023\/08\/11\/doce-anos-de-prision-por-abusar-sexualmente-de-su-hijastra\/#article\",\"isPartOf\":{\"@id\":\"https:\/\/apuntesdesanluis.com\/index.php\/2023\/08\/11\/doce-anos-de-prision-por-abusar-sexualmente-de-su-hijastra\/\"},\"author\":{\"name\":\"apuntesdesanluis.com\",\"@id\":\"https:\/\/apuntesdesanluis.com\/#\/schema\/person\/b55151d52296fcce64d1a72538a70b90\"},\"headline\":\"DOCE A\u00d1OS DE PRISI\u00d3N POR ABUSAR SEXUALMENTE DE SU HIJASTRA\",\"datePublished\":\"2023-08-11T22:58:32+00:00\",\"mainEntityOfPage\":{\"@id\":\"https:\/\/apuntesdesanluis.com\/index.php\/2023\/08\/11\/doce-anos-de-prision-por-abusar-sexualmente-de-su-hijastra\/\"},\"wordCount\":275,\"publisher\":{\"@id\":\"https:\/\/apuntesdesanluis.com\/#\/schema\/person\/b55151d52296fcce64d1a72538a70b90\"},\"image\":{\"@id\":\"https:\/\/apuntesdesanluis.com\/index.php\/2023\/08\/11\/doce-anos-de-prision-por-abusar-sexualmente-de-su-hijastra\/#primaryimage\"},\"thumbnailUrl\":\"https:\/\/apuntesdesanluis.com\/wp-content\/uploads\/2023\/08\/juicio-3.png\",\"articleSection\":[\"Ciudad\/Provincia\"],\"inLanguage\":\"es-AR\"},{\"@type\":\"WebPage\",\"@id\":\"https:\/\/apuntesdesanluis.com\/index.php\/2023\/08\/11\/doce-anos-de-prision-por-abusar-sexualmente-de-su-hijastra\/\",\"url\":\"https:\/\/apuntesdesanluis.com\/index.php\/2023\/08\/11\/doce-anos-de-prision-por-abusar-sexualmente-de-su-hijastra\/\",\"name\":\"DOCE A\u00d1OS DE PRISI\u00d3N POR ABUSAR SEXUALMENTE DE SU HIJASTRA - Apuntes de San Luis\",\"isPartOf\":{\"@id\":\"https:\/\/apuntesdesanluis.com\/#website\"},\"primaryImageOfPage\":{\"@id\":\"https:\/\/apuntesdesanluis.com\/index.php\/2023\/08\/11\/doce-anos-de-prision-por-abusar-sexualmente-de-su-hijastra\/#primaryimage\"},\"image\":{\"@id\":\"https:\/\/apuntesdesanluis.com\/index.php\/2023\/08\/11\/doce-anos-de-prision-por-abusar-sexualmente-de-su-hijastra\/#primaryimage\"},\"thumbnailUrl\":\"https:\/\/apuntesdesanluis.com\/wp-content\/uploads\/2023\/08\/juicio-3.png\",\"datePublished\":\"2023-08-11T22:58:32+00:00\",\"breadcrumb\":{\"@id\":\"https:\/\/apuntesdesanluis.com\/index.php\/2023\/08\/11\/doce-anos-de-prision-por-abusar-sexualmente-de-su-hijastra\/#breadcrumb\"},\"inLanguage\":\"es-AR\",\"potentialAction\":[{\"@type\":\"ReadAction\",\"target\":[\"https:\/\/apuntesdesanluis.com\/index.php\/2023\/08\/11\/doce-anos-de-prision-por-abusar-sexualmente-de-su-hijastra\/\"]}]},{\"@type\":\"ImageObject\",\"inLanguage\":\"es-AR\",\"@id\":\"https:\/\/apuntesdesanluis.com\/index.php\/2023\/08\/11\/doce-anos-de-prision-por-abusar-sexualmente-de-su-hijastra\/#primaryimage\",\"url\":\"https:\/\/apuntesdesanluis.com\/wp-content\/uploads\/2023\/08\/juicio-3.png\",\"contentUrl\":\"https:\/\/apuntesdesanluis.com\/wp-content\/uploads\/2023\/08\/juicio-3.png\",\"width\":676,\"height\":379},{\"@type\":\"BreadcrumbList\",\"@id\":\"https:\/\/apuntesdesanluis.com\/index.php\/2023\/08\/11\/doce-anos-de-prision-por-abusar-sexualmente-de-su-hijastra\/#breadcrumb\",\"itemListElement\":[{\"@type\":\"ListItem\",\"position\":1,\"name\":\"Inicio\",\"item\":\"https:\/\/apuntesdesanluis.com\/\"},{\"@type\":\"ListItem\",\"position\":2,\"name\":\"DOCE A\u00d1OS DE PRISI\u00d3N POR ABUSAR SEXUALMENTE DE SU HIJASTRA\"}]},{\"@type\":\"WebSite\",\"@id\":\"https:\/\/apuntesdesanluis.com\/#website\",\"url\":\"https:\/\/apuntesdesanluis.com\/\",\"name\":\"Apuntes de San Luis\",\"description\":\"\",\"publisher\":{\"@id\":\"https:\/\/apuntesdesanluis.com\/#\/schema\/person\/b55151d52296fcce64d1a72538a70b90\"},\"potentialAction\":[{\"@type\":\"SearchAction\",\"target\":{\"@type\":\"EntryPoint\",\"urlTemplate\":\"https:\/\/apuntesdesanluis.com\/?s={search_term_string}\"},\"query-input\":{\"@type\":\"PropertyValueSpecification\",\"valueRequired\":true,\"valueName\":\"search_term_string\"}}],\"inLanguage\":\"es-AR\"},{\"@type\":[\"Person\",\"Organization\"],\"@id\":\"https:\/\/apuntesdesanluis.com\/#\/schema\/person\/b55151d52296fcce64d1a72538a70b90\",\"name\":\"apuntesdesanluis.com\",\"image\":{\"@type\":\"ImageObject\",\"inLanguage\":\"es-AR\",\"@id\":\"https:\/\/apuntesdesanluis.com\/#\/schema\/person\/image\/\",\"url\":\"https:\/\/apuntesdesanluis.com\/wp-content\/uploads\/2023\/07\/cropped-apuntesdesanluis.png\",\"contentUrl\":\"https:\/\/apuntesdesanluis.com\/wp-content\/uploads\/2023\/07\/cropped-apuntesdesanluis.png\",\"width\":450,\"height\":112,\"caption\":\"apuntesdesanluis.com\"},\"logo\":{\"@id\":\"https:\/\/apuntesdesanluis.com\/#\/schema\/person\/image\/\"},\"sameAs\":[\"https:\/\/apuntesdesanluis.com\"],\"url\":\"https:\/\/apuntesdesanluis.com\/index.php\/author\/apuntesdesanluis-com\/\"}]}<\/script>\n<!-- \/ Yoast SEO plugin. -->","yoast_head_json":{"title":"DOCE A\u00d1OS DE PRISI\u00d3N POR ABUSAR SEXUALMENTE DE SU HIJASTRA - Apuntes de San Luis","robots":{"index":"index","follow":"follow","max-snippet":"max-snippet:-1","max-image-preview":"max-image-preview:large","max-video-preview":"max-video-preview:-1"},"canonical":"https:\/\/apuntesdesanluis.com\/index.php\/2023\/08\/11\/doce-anos-de-prision-por-abusar-sexualmente-de-su-hijastra\/","og_locale":"es_ES","og_type":"article","og_title":"DOCE A\u00d1OS DE PRISI\u00d3N POR ABUSAR SEXUALMENTE DE SU HIJASTRA - Apuntes de San Luis","og_description":"N.R.C. fue condenado este viernes a 12 a\u00f1os de prisi\u00f3n por resultar culpable del delito...","og_url":"https:\/\/apuntesdesanluis.com\/index.php\/2023\/08\/11\/doce-anos-de-prision-por-abusar-sexualmente-de-su-hijastra\/","og_site_name":"Apuntes de San Luis","article_published_time":"2023-08-11T22:58:32+00:00","og_image":[{"width":676,"height":379,"url":"https:\/\/apuntesdesanluis.com\/wp-content\/uploads\/2023\/08\/juicio-3.png","type":"image\/png"}],"author":"apuntesdesanluis.com","twitter_card":"summary_large_image","twitter_misc":{"Escrito por":"apuntesdesanluis.com","Tiempo de lectura":"2 minutos"},"schema":{"@context":"https:\/\/schema.org","@graph":[{"@type":"Article","@id":"https:\/\/apuntesdesanluis.com\/index.php\/2023\/08\/11\/doce-anos-de-prision-por-abusar-sexualmente-de-su-hijastra\/#article","isPartOf":{"@id":"https:\/\/apuntesdesanluis.com\/index.php\/2023\/08\/11\/doce-anos-de-prision-por-abusar-sexualmente-de-su-hijastra\/"},"author":{"name":"apuntesdesanluis.com","@id":"https:\/\/apuntesdesanluis.com\/#\/schema\/person\/b55151d52296fcce64d1a72538a70b90"},"headline":"DOCE A\u00d1OS DE PRISI\u00d3N POR ABUSAR SEXUALMENTE DE SU HIJASTRA","datePublished":"2023-08-11T22:58:32+00:00","mainEntityOfPage":{"@id":"https:\/\/apuntesdesanluis.com\/index.php\/2023\/08\/11\/doce-anos-de-prision-por-abusar-sexualmente-de-su-hijastra\/"},"wordCount":275,"publisher":{"@id":"https:\/\/apuntesdesanluis.com\/#\/schema\/person\/b55151d52296fcce64d1a72538a70b90"},"image":{"@id":"https:\/\/apuntesdesanluis.com\/index.php\/2023\/08\/11\/doce-anos-de-prision-por-abusar-sexualmente-de-su-hijastra\/#primaryimage"},"thumbnailUrl":"https:\/\/apuntesdesanluis.com\/wp-content\/uploads\/2023\/08\/juicio-3.png","articleSection":["Ciudad\/Provincia"],"inLanguage":"es-AR"},{"@type":"WebPage","@id":"https:\/\/apuntesdesanluis.com\/index.php\/2023\/08\/11\/doce-anos-de-prision-por-abusar-sexualmente-de-su-hijastra\/","url":"https:\/\/apuntesdesanluis.com\/index.php\/2023\/08\/11\/doce-anos-de-prision-por-abusar-sexualmente-de-su-hijastra\/","name":"DOCE A\u00d1OS DE PRISI\u00d3N POR ABUSAR SEXUALMENTE DE SU HIJASTRA - Apuntes de San Luis","isPartOf":{"@id":"https:\/\/apuntesdesanluis.com\/#website"},"primaryImageOfPage":{"@id":"https:\/\/apuntesdesanluis.com\/index.php\/2023\/08\/11\/doce-anos-de-prision-por-abusar-sexualmente-de-su-hijastra\/#primaryimage"},"image":{"@id":"https:\/\/apuntesdesanluis.com\/index.php\/2023\/08\/11\/doce-anos-de-prision-por-abusar-sexualmente-de-su-hijastra\/#primaryimage"},"thumbnailUrl":"https:\/\/apuntesdesanluis.com\/wp-content\/uploads\/2023\/08\/juicio-3.png","datePublished":"2023-08-11T22:58:32+00:00","breadcrumb":{"@id":"https:\/\/apuntesdesanluis.com\/index.php\/2023\/08\/11\/doce-anos-de-prision-por-abusar-sexualmente-de-su-hijastra\/#breadcrumb"},"inLanguage":"es-AR","potentialAction":[{"@type":"ReadAction","target":["https:\/\/apuntesdesanluis.com\/index.php\/2023\/08\/11\/doce-anos-de-prision-por-abusar-sexualmente-de-su-hijastra\/"]}]},{"@type":"ImageObject","inLanguage":"es-AR","@id":"https:\/\/apuntesdesanluis.com\/index.php\/2023\/08\/11\/doce-anos-de-prision-por-abusar-sexualmente-de-su-hijastra\/#primaryimage","url":"https:\/\/apuntesdesanluis.com\/wp-content\/uploads\/2023\/08\/juicio-3.png","contentUrl":"https:\/\/apuntesdesanluis.com\/wp-content\/uploads\/2023\/08\/juicio-3.png","width":676,"height":379},{"@type":"BreadcrumbList","@id":"https:\/\/apuntesdesanluis.com\/index.php\/2023\/08\/11\/doce-anos-de-prision-por-abusar-sexualmente-de-su-hijastra\/#breadcrumb","itemListElement":[{"@type":"ListItem","position":1,"name":"Inicio","item":"https:\/\/apuntesdesanluis.com\/"},{"@type":"ListItem","position":2,"name":"DOCE A\u00d1OS DE PRISI\u00d3N POR ABUSAR SEXUALMENTE DE SU HIJASTRA"}]},{"@type":"WebSite","@id":"https:\/\/apuntesdesanluis.com\/#website","url":"https:\/\/apuntesdesanluis.com\/","name":"Apuntes de San Luis","description":"","publisher":{"@id":"https:\/\/apuntesdesanluis.com\/#\/schema\/person\/b55151d52296fcce64d1a72538a70b90"},"potentialAction":[{"@type":"SearchAction","target":{"@type":"EntryPoint","urlTemplate":"https:\/\/apuntesdesanluis.com\/?s={search_term_string}"},"query-input":{"@type":"PropertyValueSpecification","valueRequired":true,"valueName":"search_term_string"}}],"inLanguage":"es-AR"},{"@type":["Person","Organization"],"@id":"https:\/\/apuntesdesanluis.com\/#\/schema\/person\/b55151d52296fcce64d1a72538a70b90","name":"apuntesdesanluis.com","image":{"@type":"ImageObject","inLanguage":"es-AR","@id":"https:\/\/apuntesdesanluis.com\/#\/schema\/person\/image\/","url":"https:\/\/apuntesdesanluis.com\/wp-content\/uploads\/2023\/07\/cropped-apuntesdesanluis.png","contentUrl":"https:\/\/apuntesdesanluis.com\/wp-content\/uploads\/2023\/07\/cropped-apuntesdesanluis.png","width":450,"height":112,"caption":"apuntesdesanluis.com"},"logo":{"@id":"https:\/\/apuntesdesanluis.com\/#\/schema\/person\/image\/"},"sameAs":["https:\/\/apuntesdesanluis.com"],"url":"https:\/\/apuntesdesanluis.com\/index.php\/author\/apuntesdesanluis-com\/"}]}},"featured_image_urls":{"full":["https:\/\/apuntesdesanluis.com\/wp-content\/uploads\/2023\/08\/juicio-3.png",676,379,false],"thumbnail":["https:\/\/apuntesdesanluis.com\/wp-content\/uploads\/2023\/08\/juicio-3-150x150.png",150,150,true],"medium":["https:\/\/apuntesdesanluis.com\/wp-content\/uploads\/2023\/08\/juicio-3-300x168.png",300,168,true],"medium_large":["https:\/\/apuntesdesanluis.com\/wp-content\/uploads\/2023\/08\/juicio-3.png",640,359,false],"large":["https:\/\/apuntesdesanluis.com\/wp-content\/uploads\/2023\/08\/juicio-3.png",640,359,false],"1536x1536":["https:\/\/apuntesdesanluis.com\/wp-content\/uploads\/2023\/08\/juicio-3.png",676,379,false],"2048x2048":["https:\/\/apuntesdesanluis.com\/wp-content\/uploads\/2023\/08\/juicio-3.png",676,379,false],"newsever-slider-full":["https:\/\/apuntesdesanluis.com\/wp-content\/uploads\/2023\/08\/juicio-3.png",676,379,false],"newsever-featured":["https:\/\/apuntesdesanluis.com\/wp-content\/uploads\/2023\/08\/juicio-3.png",676,379,false],"newsever-medium":["https:\/\/apuntesdesanluis.com\/wp-content\/uploads\/2023\/08\/juicio-3.png",676,379,false]},"author_info":{"display_name":"apuntesdesanluis.com","author_link":"https:\/\/apuntesdesanluis.com\/index.php\/author\/apuntesdesanluis-com\/"},"category_info":"<a href=\"https:\/\/apuntesdesanluis.com\/index.php\/category\/ciudad-provincia\/\" rel=\"category tag\">Ciudad\/Provincia<\/a>","tag_info":"Ciudad\/Provincia","comment_count":"0","_links":{"self":[{"href":"https:\/\/apuntesdesanluis.com\/index.php\/wp-json\/wp\/v2\/posts\/1488","targetHints":{"allow":["GET"]}}],"collection":[{"href":"https:\/\/apuntesdesanluis.com\/index.php\/wp-json\/wp\/v2\/posts"}],"about":[{"href":"https:\/\/apuntesdesanluis.com\/index.php\/wp-json\/wp\/v2\/types\/post"}],"author":[{"embeddable":true,"href":"https:\/\/apuntesdesanluis.com\/index.php\/wp-json\/wp\/v2\/users\/1"}],"replies":[{"embeddable":true,"href":"https:\/\/apuntesdesanluis.com\/index.php\/wp-json\/wp\/v2\/comments?post=1488"}],"version-history":[{"count":1,"href":"https:\/\/apuntesdesanluis.com\/index.php\/wp-json\/wp\/v2\/posts\/1488\/revisions"}],"predecessor-version":[{"id":1490,"href":"https:\/\/apuntesdesanluis.com\/index.php\/wp-json\/wp\/v2\/posts\/1488\/revisions\/1490"}],"wp:featuredmedia":[{"embeddable":true,"href":"https:\/\/apuntesdesanluis.com\/index.php\/wp-json\/wp\/v2\/media\/1489"}],"wp:attachment":[{"href":"https:\/\/apuntesdesanluis.com\/index.php\/wp-json\/wp\/v2\/media?parent=1488"}],"wp:term":[{"taxonomy":"category","embeddable":true,"href":"https:\/\/apuntesdesanluis.com\/index.php\/wp-json\/wp\/v2\/categories?post=1488"},{"taxonomy":"post_tag","embeddable":true,"href":"https:\/\/apuntesdesanluis.com\/index.php\/wp-json\/wp\/v2\/tags?post=1488"}],"curies":[{"name":"wp","href":"https:\/\/api.w.org\/{rel}","templated":true}]}}