{"id":14880,"date":"2024-04-18T19:08:23","date_gmt":"2024-04-18T22:08:23","guid":{"rendered":"https:\/\/apuntesdesanluis.com\/?p=14880"},"modified":"2024-04-18T19:10:05","modified_gmt":"2024-04-18T22:10:05","slug":"inauguraron-un-centro-de-acopio-de-envases-de-fitosanitarios","status":"publish","type":"post","link":"https:\/\/apuntesdesanluis.com\/index.php\/2024\/04\/18\/inauguraron-un-centro-de-acopio-de-envases-de-fitosanitarios\/","title":{"rendered":"INAUGURARON UN CENTRO DE ACOPIO DE ENVASES DE FITOSANITARIOS"},"content":{"rendered":"<h3>Es el segundo que funciona en San Luis con el auspicio de la fundaci\u00f3n <strong>CampoLimpio<\/strong>, que lucha por una agricultura amigable con el ambiente a partir de la recuperaci\u00f3n de envases vac\u00edos de herbicidas. El que abri\u00f3 el camino est\u00e1 instalado en Tilisarao. En la Argentina, se producen 20 millones de bidones por a\u00f1o, que necesitan ser reciclados. El gobernador <strong>Claudio Poggi<\/strong> particip\u00f3 de la actividad.<\/h3>\n<h3><img fetchpriority=\"high\" decoding=\"async\" class=\"wp-image-14882 aligncenter\" src=\"https:\/\/apuntesdesanluis.com\/wp-content\/uploads\/2024\/04\/poggi-1-300x181.png\" alt=\"\" width=\"623\" height=\"376\" srcset=\"https:\/\/apuntesdesanluis.com\/wp-content\/uploads\/2024\/04\/poggi-1-300x181.png 300w, https:\/\/apuntesdesanluis.com\/wp-content\/uploads\/2024\/04\/poggi-1.png 600w\" sizes=\"(max-width: 623px) 100vw, 623px\" \/><\/h3>\n<h3>La provincia de San Luis ya cuenta en Villa Mercedes con el segundo <strong>Centro de Almacenamiento Transitorio (CAT)<\/strong> que recibe envases vac\u00edos de fitosanitarios, con lo cual se beneficia el medio ambiente. El primero est\u00e1 ubicado en Tilisarao, en el kil\u00f3metro 881 de la autopista 55. Deben ser de pl\u00e1stico r\u00edgido y con el triple lavado realizado, seg\u00fan la norma IRAM 12.069. Cuenta con el asesoramiento t\u00e9cnico de la fundaci\u00f3n CampoLimpio, que tambi\u00e9n ofrece un despliegue de la log\u00edstica integral, la recepci\u00f3n de los envases vac\u00edos y una tarea de concientizaci\u00f3n para estar m\u00e1s cerca de los productores. Se trata de encuentros que tienen lugar en puntos geogr\u00e1ficos determinados en fechas espec\u00edficas, para que los productores puedan entregar sus bidones.<\/h3>\n<h3><strong>Ignacio Stegmann<\/strong>, director ejecutivo de CampoLimpio, asegur\u00f3 que para la fundaci\u00f3n \u201ces un gran orgullo ser parte del proceso de la inauguraci\u00f3n de este centro. Este es el primer paso para que los envases vuelvan formalmente a este sistema, que quede todo registrado y se emita un certificado de que el productor devolvi\u00f3 el envase y autom\u00e1ticamente quede todo trazado con ese pl\u00e1stico\u201d.<\/h3>\n<h3><img decoding=\"async\" class=\"wp-image-14883 aligncenter\" src=\"https:\/\/apuntesdesanluis.com\/wp-content\/uploads\/2024\/04\/stegman-300x189.png\" alt=\"\" width=\"630\" height=\"397\" srcset=\"https:\/\/apuntesdesanluis.com\/wp-content\/uploads\/2024\/04\/stegman-300x189.png 300w, https:\/\/apuntesdesanluis.com\/wp-content\/uploads\/2024\/04\/stegman.png 600w\" sizes=\"(max-width: 630px) 100vw, 630px\" \/><\/h3>\n<h3>El directivo asegur\u00f3 que el sistema que implementan \u201casegura que ese pl\u00e1stico va a recicladores habilitados y a partir de ah\u00ed a un uso permitido, como puede ser un durmiente, una se\u00f1alizaci\u00f3n vial, un evento para vialidad o lo que ya hacemos desde el a\u00f1o pasado, que es hacer nuevos envases con ese pl\u00e1stico. Ya tenemos la tecnolog\u00eda y la capacidad productiva para hacer en la Argentina envases tricapa con todo el pl\u00e1stico reciclado\u201d.<\/h3>\n<h3>Stegmann agreg\u00f3 que lo que no se puede reciclar va a disposici\u00f3n final de forma correcta, evitando que alg\u00fan sistema informal lleve ese pl\u00e1stico que tiene que ser tratado con particularidad, porque tuvo contenido qu\u00edmico y no puede quedar tirado en cualquier lado.<\/h3>\n<h3>CampoLimpio trabaja en 20 provincias, donde ya cuenta con 80 centros, lo que le permitir\u00e1 pasar de un par de a\u00f1os atr\u00e1s de 300.000 kilos de pl\u00e1stico reciclado, a los cuatro millones de kilos reciclados del a\u00f1o pasado. \u201cViene creciendo fuertemente esta curva de pl\u00e1stico, mejorando la cantidad y a la vez los usos. Hoy empieza un proceso que incluir\u00e1 mucho trabajo con los productores, el ambiente lo cuidamos entre todos, es un trabajo entre todos, cada uno tiene que hacer su parte para que este proceso ocurra\u201d, cerr\u00f3 Stegmann.<\/h3>\n<h3><strong><img decoding=\"async\" class=\"wp-image-14884 aligncenter\" src=\"https:\/\/apuntesdesanluis.com\/wp-content\/uploads\/2024\/04\/cacace-300x220.png\" alt=\"\" width=\"635\" height=\"466\" srcset=\"https:\/\/apuntesdesanluis.com\/wp-content\/uploads\/2024\/04\/cacace-300x220.png 300w, https:\/\/apuntesdesanluis.com\/wp-content\/uploads\/2024\/04\/cacace.png 600w\" sizes=\"(max-width: 635px) 100vw, 635px\" \/><\/strong><\/h3>\n<h3><strong>Federico Cacace<\/strong>, el secretario de Ambiente y Desarrollo Sustentable, record\u00f3 que en los primeros d\u00edas de la gesti\u00f3n hicimos las primeras tres campa\u00f1as con CampoLimpio, en Quines, Juan Llerena y Uni\u00f3n. Recolectamos aproximadamente unos 5.000 bidones, y ahora, hace muy poquito, estuvimos en Beasley, donde logramos recolectar unos 2.000 bidones m\u00e1s y as\u00ed vamos a seguir trabajando de la mano con la fundaci\u00f3n\u201d.<\/h3>\n<h3>\u201cPor mandato del gobernador Claudio Poggi, siempre de la mano de la sustentabilidad y del desarrollo, trabajamos para sumar un tercer eje, que es el social. Es lo que hace CampoLimpio con los envases que recupera: van a la econom\u00eda circular, se incorporan a un nuevo proceso productivo. Y a lo que no se puede, hay que darle una correcta disposici\u00f3n. Y de la mano de esto tambi\u00e9n estamos trabajando muy fuerte en materia de educaci\u00f3n ambiental, porque es absolutamente necesario para que campa\u00f1as o tareas como estas se lleven adelante de la manera correcta\u201d, agreg\u00f3 Cacace.<\/h3>\n<h3>En el cierre de la actividad, las autoridades, encabezadas por el gobernador Claudio Poggi, plantaron un algarrobo negro.<\/h3>\n<p>&nbsp;<\/p>\n<p>&nbsp;<\/p>\n<p>&nbsp;<\/p>\n<p>&nbsp;<\/p>\n<p>&nbsp;<\/p>\n<p>&nbsp;<\/p>\n","protected":false},"excerpt":{"rendered":"<p>Es el segundo que funciona en San Luis con el auspicio de la fundaci\u00f3n CampoLimpio,&#8230;<\/p>\n","protected":false},"author":1,"featured_media":14881,"comment_status":"closed","ping_status":"closed","sticky":false,"template":"","format":"standard","meta":{"footnotes":""},"categories":[6],"tags":[],"class_list":["post-14880","post","type-post","status-publish","format-standard","has-post-thumbnail","hentry","category-ciudad-provincia"],"yoast_head":"<!-- This site is optimized with the Yoast SEO plugin v26.1.1 - https:\/\/yoast.com\/wordpress\/plugins\/seo\/ -->\n<title>INAUGURARON UN CENTRO DE ACOPIO DE ENVASES DE FITOSANITARIOS - Apuntes de San Luis<\/title>\n<meta name=\"robots\" content=\"index, follow, max-snippet:-1, max-image-preview:large, max-video-preview:-1\" \/>\n<link rel=\"canonical\" href=\"https:\/\/apuntesdesanluis.com\/index.php\/2024\/04\/18\/inauguraron-un-centro-de-acopio-de-envases-de-fitosanitarios\/\" \/>\n<meta property=\"og:locale\" content=\"es_ES\" \/>\n<meta property=\"og:type\" content=\"article\" \/>\n<meta property=\"og:title\" content=\"INAUGURARON UN CENTRO DE ACOPIO DE ENVASES DE FITOSANITARIOS - Apuntes de San Luis\" \/>\n<meta property=\"og:description\" content=\"Es el segundo que funciona en San Luis con el auspicio de la fundaci\u00f3n CampoLimpio,...\" \/>\n<meta property=\"og:url\" content=\"https:\/\/apuntesdesanluis.com\/index.php\/2024\/04\/18\/inauguraron-un-centro-de-acopio-de-envases-de-fitosanitarios\/\" \/>\n<meta property=\"og:site_name\" content=\"Apuntes de San Luis\" \/>\n<meta property=\"article:published_time\" content=\"2024-04-18T22:08:23+00:00\" \/>\n<meta property=\"article:modified_time\" content=\"2024-04-18T22:10:05+00:00\" \/>\n<meta property=\"og:image\" content=\"https:\/\/apuntesdesanluis.com\/wp-content\/uploads\/2024\/04\/verges.png\" \/>\n\t<meta property=\"og:image:width\" content=\"600\" \/>\n\t<meta property=\"og:image:height\" content=\"336\" \/>\n\t<meta property=\"og:image:type\" content=\"image\/png\" \/>\n<meta name=\"author\" content=\"apuntesdesanluis.com\" \/>\n<meta name=\"twitter:card\" content=\"summary_large_image\" \/>\n<meta name=\"twitter:label1\" content=\"Escrito por\" \/>\n\t<meta name=\"twitter:data1\" content=\"apuntesdesanluis.com\" \/>\n\t<meta name=\"twitter:label2\" content=\"Tiempo de lectura\" \/>\n\t<meta name=\"twitter:data2\" content=\"4 minutos\" \/>\n<script type=\"application\/ld+json\" class=\"yoast-schema-graph\">{\"@context\":\"https:\/\/schema.org\",\"@graph\":[{\"@type\":\"Article\",\"@id\":\"https:\/\/apuntesdesanluis.com\/index.php\/2024\/04\/18\/inauguraron-un-centro-de-acopio-de-envases-de-fitosanitarios\/#article\",\"isPartOf\":{\"@id\":\"https:\/\/apuntesdesanluis.com\/index.php\/2024\/04\/18\/inauguraron-un-centro-de-acopio-de-envases-de-fitosanitarios\/\"},\"author\":{\"name\":\"apuntesdesanluis.com\",\"@id\":\"https:\/\/apuntesdesanluis.com\/#\/schema\/person\/b55151d52296fcce64d1a72538a70b90\"},\"headline\":\"INAUGURARON UN CENTRO DE ACOPIO DE ENVASES DE FITOSANITARIOS\",\"datePublished\":\"2024-04-18T22:08:23+00:00\",\"dateModified\":\"2024-04-18T22:10:05+00:00\",\"mainEntityOfPage\":{\"@id\":\"https:\/\/apuntesdesanluis.com\/index.php\/2024\/04\/18\/inauguraron-un-centro-de-acopio-de-envases-de-fitosanitarios\/\"},\"wordCount\":690,\"publisher\":{\"@id\":\"https:\/\/apuntesdesanluis.com\/#\/schema\/person\/b55151d52296fcce64d1a72538a70b90\"},\"image\":{\"@id\":\"https:\/\/apuntesdesanluis.com\/index.php\/2024\/04\/18\/inauguraron-un-centro-de-acopio-de-envases-de-fitosanitarios\/#primaryimage\"},\"thumbnailUrl\":\"https:\/\/apuntesdesanluis.com\/wp-content\/uploads\/2024\/04\/verges.png\",\"articleSection\":[\"Ciudad\/Provincia\"],\"inLanguage\":\"es-AR\"},{\"@type\":\"WebPage\",\"@id\":\"https:\/\/apuntesdesanluis.com\/index.php\/2024\/04\/18\/inauguraron-un-centro-de-acopio-de-envases-de-fitosanitarios\/\",\"url\":\"https:\/\/apuntesdesanluis.com\/index.php\/2024\/04\/18\/inauguraron-un-centro-de-acopio-de-envases-de-fitosanitarios\/\",\"name\":\"INAUGURARON UN CENTRO DE ACOPIO DE ENVASES DE FITOSANITARIOS - Apuntes de San Luis\",\"isPartOf\":{\"@id\":\"https:\/\/apuntesdesanluis.com\/#website\"},\"primaryImageOfPage\":{\"@id\":\"https:\/\/apuntesdesanluis.com\/index.php\/2024\/04\/18\/inauguraron-un-centro-de-acopio-de-envases-de-fitosanitarios\/#primaryimage\"},\"image\":{\"@id\":\"https:\/\/apuntesdesanluis.com\/index.php\/2024\/04\/18\/inauguraron-un-centro-de-acopio-de-envases-de-fitosanitarios\/#primaryimage\"},\"thumbnailUrl\":\"https:\/\/apuntesdesanluis.com\/wp-content\/uploads\/2024\/04\/verges.png\",\"datePublished\":\"2024-04-18T22:08:23+00:00\",\"dateModified\":\"2024-04-18T22:10:05+00:00\",\"breadcrumb\":{\"@id\":\"https:\/\/apuntesdesanluis.com\/index.php\/2024\/04\/18\/inauguraron-un-centro-de-acopio-de-envases-de-fitosanitarios\/#breadcrumb\"},\"inLanguage\":\"es-AR\",\"potentialAction\":[{\"@type\":\"ReadAction\",\"target\":[\"https:\/\/apuntesdesanluis.com\/index.php\/2024\/04\/18\/inauguraron-un-centro-de-acopio-de-envases-de-fitosanitarios\/\"]}]},{\"@type\":\"ImageObject\",\"inLanguage\":\"es-AR\",\"@id\":\"https:\/\/apuntesdesanluis.com\/index.php\/2024\/04\/18\/inauguraron-un-centro-de-acopio-de-envases-de-fitosanitarios\/#primaryimage\",\"url\":\"https:\/\/apuntesdesanluis.com\/wp-content\/uploads\/2024\/04\/verges.png\",\"contentUrl\":\"https:\/\/apuntesdesanluis.com\/wp-content\/uploads\/2024\/04\/verges.png\",\"width\":600,\"height\":336},{\"@type\":\"BreadcrumbList\",\"@id\":\"https:\/\/apuntesdesanluis.com\/index.php\/2024\/04\/18\/inauguraron-un-centro-de-acopio-de-envases-de-fitosanitarios\/#breadcrumb\",\"itemListElement\":[{\"@type\":\"ListItem\",\"position\":1,\"name\":\"Inicio\",\"item\":\"https:\/\/apuntesdesanluis.com\/\"},{\"@type\":\"ListItem\",\"position\":2,\"name\":\"INAUGURARON UN CENTRO DE ACOPIO DE ENVASES DE FITOSANITARIOS\"}]},{\"@type\":\"WebSite\",\"@id\":\"https:\/\/apuntesdesanluis.com\/#website\",\"url\":\"https:\/\/apuntesdesanluis.com\/\",\"name\":\"Apuntes de San Luis\",\"description\":\"\",\"publisher\":{\"@id\":\"https:\/\/apuntesdesanluis.com\/#\/schema\/person\/b55151d52296fcce64d1a72538a70b90\"},\"potentialAction\":[{\"@type\":\"SearchAction\",\"target\":{\"@type\":\"EntryPoint\",\"urlTemplate\":\"https:\/\/apuntesdesanluis.com\/?s={search_term_string}\"},\"query-input\":{\"@type\":\"PropertyValueSpecification\",\"valueRequired\":true,\"valueName\":\"search_term_string\"}}],\"inLanguage\":\"es-AR\"},{\"@type\":[\"Person\",\"Organization\"],\"@id\":\"https:\/\/apuntesdesanluis.com\/#\/schema\/person\/b55151d52296fcce64d1a72538a70b90\",\"name\":\"apuntesdesanluis.com\",\"image\":{\"@type\":\"ImageObject\",\"inLanguage\":\"es-AR\",\"@id\":\"https:\/\/apuntesdesanluis.com\/#\/schema\/person\/image\/\",\"url\":\"https:\/\/apuntesdesanluis.com\/wp-content\/uploads\/2023\/07\/cropped-apuntesdesanluis.png\",\"contentUrl\":\"https:\/\/apuntesdesanluis.com\/wp-content\/uploads\/2023\/07\/cropped-apuntesdesanluis.png\",\"width\":450,\"height\":112,\"caption\":\"apuntesdesanluis.com\"},\"logo\":{\"@id\":\"https:\/\/apuntesdesanluis.com\/#\/schema\/person\/image\/\"},\"sameAs\":[\"https:\/\/apuntesdesanluis.com\"],\"url\":\"https:\/\/apuntesdesanluis.com\/index.php\/author\/apuntesdesanluis-com\/\"}]}<\/script>\n<!-- \/ Yoast SEO plugin. -->","yoast_head_json":{"title":"INAUGURARON UN CENTRO DE ACOPIO DE ENVASES DE FITOSANITARIOS - Apuntes de San Luis","robots":{"index":"index","follow":"follow","max-snippet":"max-snippet:-1","max-image-preview":"max-image-preview:large","max-video-preview":"max-video-preview:-1"},"canonical":"https:\/\/apuntesdesanluis.com\/index.php\/2024\/04\/18\/inauguraron-un-centro-de-acopio-de-envases-de-fitosanitarios\/","og_locale":"es_ES","og_type":"article","og_title":"INAUGURARON UN CENTRO DE ACOPIO DE ENVASES DE FITOSANITARIOS - Apuntes de San Luis","og_description":"Es el segundo que funciona en San Luis con el auspicio de la fundaci\u00f3n CampoLimpio,...","og_url":"https:\/\/apuntesdesanluis.com\/index.php\/2024\/04\/18\/inauguraron-un-centro-de-acopio-de-envases-de-fitosanitarios\/","og_site_name":"Apuntes de San Luis","article_published_time":"2024-04-18T22:08:23+00:00","article_modified_time":"2024-04-18T22:10:05+00:00","og_image":[{"width":600,"height":336,"url":"https:\/\/apuntesdesanluis.com\/wp-content\/uploads\/2024\/04\/verges.png","type":"image\/png"}],"author":"apuntesdesanluis.com","twitter_card":"summary_large_image","twitter_misc":{"Escrito por":"apuntesdesanluis.com","Tiempo de lectura":"4 minutos"},"schema":{"@context":"https:\/\/schema.org","@graph":[{"@type":"Article","@id":"https:\/\/apuntesdesanluis.com\/index.php\/2024\/04\/18\/inauguraron-un-centro-de-acopio-de-envases-de-fitosanitarios\/#article","isPartOf":{"@id":"https:\/\/apuntesdesanluis.com\/index.php\/2024\/04\/18\/inauguraron-un-centro-de-acopio-de-envases-de-fitosanitarios\/"},"author":{"name":"apuntesdesanluis.com","@id":"https:\/\/apuntesdesanluis.com\/#\/schema\/person\/b55151d52296fcce64d1a72538a70b90"},"headline":"INAUGURARON UN CENTRO DE ACOPIO DE ENVASES DE FITOSANITARIOS","datePublished":"2024-04-18T22:08:23+00:00","dateModified":"2024-04-18T22:10:05+00:00","mainEntityOfPage":{"@id":"https:\/\/apuntesdesanluis.com\/index.php\/2024\/04\/18\/inauguraron-un-centro-de-acopio-de-envases-de-fitosanitarios\/"},"wordCount":690,"publisher":{"@id":"https:\/\/apuntesdesanluis.com\/#\/schema\/person\/b55151d52296fcce64d1a72538a70b90"},"image":{"@id":"https:\/\/apuntesdesanluis.com\/index.php\/2024\/04\/18\/inauguraron-un-centro-de-acopio-de-envases-de-fitosanitarios\/#primaryimage"},"thumbnailUrl":"https:\/\/apuntesdesanluis.com\/wp-content\/uploads\/2024\/04\/verges.png","articleSection":["Ciudad\/Provincia"],"inLanguage":"es-AR"},{"@type":"WebPage","@id":"https:\/\/apuntesdesanluis.com\/index.php\/2024\/04\/18\/inauguraron-un-centro-de-acopio-de-envases-de-fitosanitarios\/","url":"https:\/\/apuntesdesanluis.com\/index.php\/2024\/04\/18\/inauguraron-un-centro-de-acopio-de-envases-de-fitosanitarios\/","name":"INAUGURARON UN CENTRO DE ACOPIO DE ENVASES DE FITOSANITARIOS - Apuntes de San Luis","isPartOf":{"@id":"https:\/\/apuntesdesanluis.com\/#website"},"primaryImageOfPage":{"@id":"https:\/\/apuntesdesanluis.com\/index.php\/2024\/04\/18\/inauguraron-un-centro-de-acopio-de-envases-de-fitosanitarios\/#primaryimage"},"image":{"@id":"https:\/\/apuntesdesanluis.com\/index.php\/2024\/04\/18\/inauguraron-un-centro-de-acopio-de-envases-de-fitosanitarios\/#primaryimage"},"thumbnailUrl":"https:\/\/apuntesdesanluis.com\/wp-content\/uploads\/2024\/04\/verges.png","datePublished":"2024-04-18T22:08:23+00:00","dateModified":"2024-04-18T22:10:05+00:00","breadcrumb":{"@id":"https:\/\/apuntesdesanluis.com\/index.php\/2024\/04\/18\/inauguraron-un-centro-de-acopio-de-envases-de-fitosanitarios\/#breadcrumb"},"inLanguage":"es-AR","potentialAction":[{"@type":"ReadAction","target":["https:\/\/apuntesdesanluis.com\/index.php\/2024\/04\/18\/inauguraron-un-centro-de-acopio-de-envases-de-fitosanitarios\/"]}]},{"@type":"ImageObject","inLanguage":"es-AR","@id":"https:\/\/apuntesdesanluis.com\/index.php\/2024\/04\/18\/inauguraron-un-centro-de-acopio-de-envases-de-fitosanitarios\/#primaryimage","url":"https:\/\/apuntesdesanluis.com\/wp-content\/uploads\/2024\/04\/verges.png","contentUrl":"https:\/\/apuntesdesanluis.com\/wp-content\/uploads\/2024\/04\/verges.png","width":600,"height":336},{"@type":"BreadcrumbList","@id":"https:\/\/apuntesdesanluis.com\/index.php\/2024\/04\/18\/inauguraron-un-centro-de-acopio-de-envases-de-fitosanitarios\/#breadcrumb","itemListElement":[{"@type":"ListItem","position":1,"name":"Inicio","item":"https:\/\/apuntesdesanluis.com\/"},{"@type":"ListItem","position":2,"name":"INAUGURARON UN CENTRO DE ACOPIO DE ENVASES DE FITOSANITARIOS"}]},{"@type":"WebSite","@id":"https:\/\/apuntesdesanluis.com\/#website","url":"https:\/\/apuntesdesanluis.com\/","name":"Apuntes de San Luis","description":"","publisher":{"@id":"https:\/\/apuntesdesanluis.com\/#\/schema\/person\/b55151d52296fcce64d1a72538a70b90"},"potentialAction":[{"@type":"SearchAction","target":{"@type":"EntryPoint","urlTemplate":"https:\/\/apuntesdesanluis.com\/?s={search_term_string}"},"query-input":{"@type":"PropertyValueSpecification","valueRequired":true,"valueName":"search_term_string"}}],"inLanguage":"es-AR"},{"@type":["Person","Organization"],"@id":"https:\/\/apuntesdesanluis.com\/#\/schema\/person\/b55151d52296fcce64d1a72538a70b90","name":"apuntesdesanluis.com","image":{"@type":"ImageObject","inLanguage":"es-AR","@id":"https:\/\/apuntesdesanluis.com\/#\/schema\/person\/image\/","url":"https:\/\/apuntesdesanluis.com\/wp-content\/uploads\/2023\/07\/cropped-apuntesdesanluis.png","contentUrl":"https:\/\/apuntesdesanluis.com\/wp-content\/uploads\/2023\/07\/cropped-apuntesdesanluis.png","width":450,"height":112,"caption":"apuntesdesanluis.com"},"logo":{"@id":"https:\/\/apuntesdesanluis.com\/#\/schema\/person\/image\/"},"sameAs":["https:\/\/apuntesdesanluis.com"],"url":"https:\/\/apuntesdesanluis.com\/index.php\/author\/apuntesdesanluis-com\/"}]}},"featured_image_urls":{"full":["https:\/\/apuntesdesanluis.com\/wp-content\/uploads\/2024\/04\/verges.png",600,336,false],"thumbnail":["https:\/\/apuntesdesanluis.com\/wp-content\/uploads\/2024\/04\/verges-150x150.png",150,150,true],"medium":["https:\/\/apuntesdesanluis.com\/wp-content\/uploads\/2024\/04\/verges-300x168.png",300,168,true],"medium_large":["https:\/\/apuntesdesanluis.com\/wp-content\/uploads\/2024\/04\/verges.png",600,336,false],"large":["https:\/\/apuntesdesanluis.com\/wp-content\/uploads\/2024\/04\/verges.png",600,336,false],"1536x1536":["https:\/\/apuntesdesanluis.com\/wp-content\/uploads\/2024\/04\/verges.png",600,336,false],"2048x2048":["https:\/\/apuntesdesanluis.com\/wp-content\/uploads\/2024\/04\/verges.png",600,336,false],"newsever-slider-full":["https:\/\/apuntesdesanluis.com\/wp-content\/uploads\/2024\/04\/verges.png",600,336,false],"newsever-featured":["https:\/\/apuntesdesanluis.com\/wp-content\/uploads\/2024\/04\/verges.png",600,336,false],"newsever-medium":["https:\/\/apuntesdesanluis.com\/wp-content\/uploads\/2024\/04\/verges.png",600,336,false]},"author_info":{"display_name":"apuntesdesanluis.com","author_link":"https:\/\/apuntesdesanluis.com\/index.php\/author\/apuntesdesanluis-com\/"},"category_info":"<a href=\"https:\/\/apuntesdesanluis.com\/index.php\/category\/ciudad-provincia\/\" rel=\"category tag\">Ciudad\/Provincia<\/a>","tag_info":"Ciudad\/Provincia","comment_count":"0","_links":{"self":[{"href":"https:\/\/apuntesdesanluis.com\/index.php\/wp-json\/wp\/v2\/posts\/14880","targetHints":{"allow":["GET"]}}],"collection":[{"href":"https:\/\/apuntesdesanluis.com\/index.php\/wp-json\/wp\/v2\/posts"}],"about":[{"href":"https:\/\/apuntesdesanluis.com\/index.php\/wp-json\/wp\/v2\/types\/post"}],"author":[{"embeddable":true,"href":"https:\/\/apuntesdesanluis.com\/index.php\/wp-json\/wp\/v2\/users\/1"}],"replies":[{"embeddable":true,"href":"https:\/\/apuntesdesanluis.com\/index.php\/wp-json\/wp\/v2\/comments?post=14880"}],"version-history":[{"count":2,"href":"https:\/\/apuntesdesanluis.com\/index.php\/wp-json\/wp\/v2\/posts\/14880\/revisions"}],"predecessor-version":[{"id":14886,"href":"https:\/\/apuntesdesanluis.com\/index.php\/wp-json\/wp\/v2\/posts\/14880\/revisions\/14886"}],"wp:featuredmedia":[{"embeddable":true,"href":"https:\/\/apuntesdesanluis.com\/index.php\/wp-json\/wp\/v2\/media\/14881"}],"wp:attachment":[{"href":"https:\/\/apuntesdesanluis.com\/index.php\/wp-json\/wp\/v2\/media?parent=14880"}],"wp:term":[{"taxonomy":"category","embeddable":true,"href":"https:\/\/apuntesdesanluis.com\/index.php\/wp-json\/wp\/v2\/categories?post=14880"},{"taxonomy":"post_tag","embeddable":true,"href":"https:\/\/apuntesdesanluis.com\/index.php\/wp-json\/wp\/v2\/tags?post=14880"}],"curies":[{"name":"wp","href":"https:\/\/api.w.org\/{rel}","templated":true}]}}