{"id":14887,"date":"2024-04-18T19:47:39","date_gmt":"2024-04-18T22:47:39","guid":{"rendered":"https:\/\/apuntesdesanluis.com\/?p=14887"},"modified":"2024-04-18T19:47:39","modified_gmt":"2024-04-18T22:47:39","slug":"el-gobernador-se-interiorizo-de-las-reformas-en-plaza-san-martin","status":"publish","type":"post","link":"https:\/\/apuntesdesanluis.com\/index.php\/2024\/04\/18\/el-gobernador-se-interiorizo-de-las-reformas-en-plaza-san-martin\/","title":{"rendered":"EL GOBERNADOR SE INTERIORIZ\u00d3 DE LAS REFORMAS EN PLAZA SAN MART\u00cdN"},"content":{"rendered":"<h3>Los trabajos, sobre calle Pedernera, son ejecutados por la Municipalidad y tienen por objetivo brindar m\u00e1s comodidad al vecino. Poggi la recorri\u00f3 invitado por el intendente, Maximiliano Frontera.<\/h3>\n<h3>Los trabajos consisten en actualizar y renovar los juegos y en sumar un contrapiso y piso de goma antigolpes, que permitir\u00e1 una mayor accesibilidad para los ni\u00f1os y ni\u00f1as que quieran utilizarlos.<\/h3>\n<p><img fetchpriority=\"high\" decoding=\"async\" class=\"wp-image-14889 aligncenter\" src=\"https:\/\/apuntesdesanluis.com\/wp-content\/uploads\/2024\/04\/poggi-maxi-300x185.png\" alt=\"\" width=\"623\" height=\"384\" srcset=\"https:\/\/apuntesdesanluis.com\/wp-content\/uploads\/2024\/04\/poggi-maxi-300x185.png 300w, https:\/\/apuntesdesanluis.com\/wp-content\/uploads\/2024\/04\/poggi-maxi.png 600w\" sizes=\"(max-width: 623px) 100vw, 623px\" \/><\/p>\n<h3>Adem\u00e1s, se agregar\u00e1n m\u00e1s luminarias en el sector para que las familias puedan disfrutar del lugar en todo momento.<\/h3>\n<h3>El gobernador <strong>Claudio Poggi<\/strong> incluy\u00f3 este jueves en su agenda de actividades un recorrido por el lugar para interiorizarse sobre las mejoras.<\/h3>\n<h3>Fue tambi\u00e9n la oportunidad para que vecinos que pasaban por la zona se acercaran al Primer Mandatario para saludarlo, exponerle alguna cuesti\u00f3n personal o simplemente solicitarle una foto.<\/h3>\n<p><img decoding=\"async\" class=\"wp-image-14890 aligncenter\" src=\"https:\/\/apuntesdesanluis.com\/wp-content\/uploads\/2024\/04\/murales-300x195.png\" alt=\"\" width=\"623\" height=\"405\" srcset=\"https:\/\/apuntesdesanluis.com\/wp-content\/uploads\/2024\/04\/murales-300x195.png 300w, https:\/\/apuntesdesanluis.com\/wp-content\/uploads\/2024\/04\/murales.png 600w\" sizes=\"(max-width: 623px) 100vw, 623px\" \/><\/p>\n<h3><strong>Gast\u00f3n Funes<\/strong> es el encargado del espacio p\u00fablico que est\u00e1 en reformas. \u201cSe trata de poner en valor el sector de juegos de la plaza San Mart\u00edn, siempre respetando su estructura tradicional, porque es una plaza emblem\u00e1tica de la ciudad. Hicimos un contrapiso sobre el cual se va a agregar un piso de goma y despu\u00e9s juegos modernos e inclusivos. Las obras van a durar entre 45 y 60 d\u00edas\u201d, explic\u00f3.<\/h3>\n<p>&nbsp;<\/p>\n<p>&nbsp;<\/p>\n","protected":false},"excerpt":{"rendered":"<p>Los trabajos, sobre calle Pedernera, son ejecutados por la Municipalidad y tienen por objetivo brindar&#8230;<\/p>\n","protected":false},"author":1,"featured_media":14888,"comment_status":"closed","ping_status":"closed","sticky":false,"template":"","format":"standard","meta":{"footnotes":""},"categories":[6],"tags":[],"class_list":["post-14887","post","type-post","status-publish","format-standard","has-post-thumbnail","hentry","category-ciudad-provincia"],"yoast_head":"<!-- This site is optimized with the Yoast SEO plugin v26.1.1 - https:\/\/yoast.com\/wordpress\/plugins\/seo\/ -->\n<title>EL GOBERNADOR SE INTERIORIZ\u00d3 DE LAS REFORMAS EN PLAZA SAN MART\u00cdN - Apuntes de San Luis<\/title>\n<meta name=\"robots\" content=\"index, follow, max-snippet:-1, max-image-preview:large, max-video-preview:-1\" \/>\n<link rel=\"canonical\" href=\"https:\/\/apuntesdesanluis.com\/index.php\/2024\/04\/18\/el-gobernador-se-interiorizo-de-las-reformas-en-plaza-san-martin\/\" \/>\n<meta property=\"og:locale\" content=\"es_ES\" \/>\n<meta property=\"og:type\" content=\"article\" \/>\n<meta property=\"og:title\" content=\"EL GOBERNADOR SE INTERIORIZ\u00d3 DE LAS REFORMAS EN PLAZA SAN MART\u00cdN - Apuntes de San Luis\" \/>\n<meta property=\"og:description\" content=\"Los trabajos, sobre calle Pedernera, son ejecutados por la Municipalidad y tienen por objetivo brindar...\" \/>\n<meta property=\"og:url\" content=\"https:\/\/apuntesdesanluis.com\/index.php\/2024\/04\/18\/el-gobernador-se-interiorizo-de-las-reformas-en-plaza-san-martin\/\" \/>\n<meta property=\"og:site_name\" content=\"Apuntes de San Luis\" \/>\n<meta property=\"article:published_time\" content=\"2024-04-18T22:47:39+00:00\" \/>\n<meta property=\"og:image\" content=\"https:\/\/apuntesdesanluis.com\/wp-content\/uploads\/2024\/04\/reformas.png\" \/>\n\t<meta property=\"og:image:width\" content=\"600\" \/>\n\t<meta property=\"og:image:height\" content=\"341\" \/>\n\t<meta property=\"og:image:type\" content=\"image\/png\" \/>\n<meta name=\"author\" content=\"apuntesdesanluis.com\" \/>\n<meta name=\"twitter:card\" content=\"summary_large_image\" \/>\n<meta name=\"twitter:label1\" content=\"Escrito por\" \/>\n\t<meta name=\"twitter:data1\" content=\"apuntesdesanluis.com\" \/>\n\t<meta name=\"twitter:label2\" content=\"Tiempo de lectura\" \/>\n\t<meta name=\"twitter:data2\" content=\"2 minutos\" \/>\n<script type=\"application\/ld+json\" class=\"yoast-schema-graph\">{\"@context\":\"https:\/\/schema.org\",\"@graph\":[{\"@type\":\"Article\",\"@id\":\"https:\/\/apuntesdesanluis.com\/index.php\/2024\/04\/18\/el-gobernador-se-interiorizo-de-las-reformas-en-plaza-san-martin\/#article\",\"isPartOf\":{\"@id\":\"https:\/\/apuntesdesanluis.com\/index.php\/2024\/04\/18\/el-gobernador-se-interiorizo-de-las-reformas-en-plaza-san-martin\/\"},\"author\":{\"name\":\"apuntesdesanluis.com\",\"@id\":\"https:\/\/apuntesdesanluis.com\/#\/schema\/person\/b55151d52296fcce64d1a72538a70b90\"},\"headline\":\"EL GOBERNADOR SE INTERIORIZ\u00d3 DE LAS REFORMAS EN PLAZA SAN MART\u00cdN\",\"datePublished\":\"2024-04-18T22:47:39+00:00\",\"mainEntityOfPage\":{\"@id\":\"https:\/\/apuntesdesanluis.com\/index.php\/2024\/04\/18\/el-gobernador-se-interiorizo-de-las-reformas-en-plaza-san-martin\/\"},\"wordCount\":226,\"publisher\":{\"@id\":\"https:\/\/apuntesdesanluis.com\/#\/schema\/person\/b55151d52296fcce64d1a72538a70b90\"},\"image\":{\"@id\":\"https:\/\/apuntesdesanluis.com\/index.php\/2024\/04\/18\/el-gobernador-se-interiorizo-de-las-reformas-en-plaza-san-martin\/#primaryimage\"},\"thumbnailUrl\":\"https:\/\/apuntesdesanluis.com\/wp-content\/uploads\/2024\/04\/reformas.png\",\"articleSection\":[\"Ciudad\/Provincia\"],\"inLanguage\":\"es-AR\"},{\"@type\":\"WebPage\",\"@id\":\"https:\/\/apuntesdesanluis.com\/index.php\/2024\/04\/18\/el-gobernador-se-interiorizo-de-las-reformas-en-plaza-san-martin\/\",\"url\":\"https:\/\/apuntesdesanluis.com\/index.php\/2024\/04\/18\/el-gobernador-se-interiorizo-de-las-reformas-en-plaza-san-martin\/\",\"name\":\"EL GOBERNADOR SE INTERIORIZ\u00d3 DE LAS REFORMAS EN PLAZA SAN MART\u00cdN - Apuntes de San Luis\",\"isPartOf\":{\"@id\":\"https:\/\/apuntesdesanluis.com\/#website\"},\"primaryImageOfPage\":{\"@id\":\"https:\/\/apuntesdesanluis.com\/index.php\/2024\/04\/18\/el-gobernador-se-interiorizo-de-las-reformas-en-plaza-san-martin\/#primaryimage\"},\"image\":{\"@id\":\"https:\/\/apuntesdesanluis.com\/index.php\/2024\/04\/18\/el-gobernador-se-interiorizo-de-las-reformas-en-plaza-san-martin\/#primaryimage\"},\"thumbnailUrl\":\"https:\/\/apuntesdesanluis.com\/wp-content\/uploads\/2024\/04\/reformas.png\",\"datePublished\":\"2024-04-18T22:47:39+00:00\",\"breadcrumb\":{\"@id\":\"https:\/\/apuntesdesanluis.com\/index.php\/2024\/04\/18\/el-gobernador-se-interiorizo-de-las-reformas-en-plaza-san-martin\/#breadcrumb\"},\"inLanguage\":\"es-AR\",\"potentialAction\":[{\"@type\":\"ReadAction\",\"target\":[\"https:\/\/apuntesdesanluis.com\/index.php\/2024\/04\/18\/el-gobernador-se-interiorizo-de-las-reformas-en-plaza-san-martin\/\"]}]},{\"@type\":\"ImageObject\",\"inLanguage\":\"es-AR\",\"@id\":\"https:\/\/apuntesdesanluis.com\/index.php\/2024\/04\/18\/el-gobernador-se-interiorizo-de-las-reformas-en-plaza-san-martin\/#primaryimage\",\"url\":\"https:\/\/apuntesdesanluis.com\/wp-content\/uploads\/2024\/04\/reformas.png\",\"contentUrl\":\"https:\/\/apuntesdesanluis.com\/wp-content\/uploads\/2024\/04\/reformas.png\",\"width\":600,\"height\":341},{\"@type\":\"BreadcrumbList\",\"@id\":\"https:\/\/apuntesdesanluis.com\/index.php\/2024\/04\/18\/el-gobernador-se-interiorizo-de-las-reformas-en-plaza-san-martin\/#breadcrumb\",\"itemListElement\":[{\"@type\":\"ListItem\",\"position\":1,\"name\":\"Inicio\",\"item\":\"https:\/\/apuntesdesanluis.com\/\"},{\"@type\":\"ListItem\",\"position\":2,\"name\":\"EL GOBERNADOR SE INTERIORIZ\u00d3 DE LAS REFORMAS EN PLAZA SAN MART\u00cdN\"}]},{\"@type\":\"WebSite\",\"@id\":\"https:\/\/apuntesdesanluis.com\/#website\",\"url\":\"https:\/\/apuntesdesanluis.com\/\",\"name\":\"Apuntes de San Luis\",\"description\":\"\",\"publisher\":{\"@id\":\"https:\/\/apuntesdesanluis.com\/#\/schema\/person\/b55151d52296fcce64d1a72538a70b90\"},\"potentialAction\":[{\"@type\":\"SearchAction\",\"target\":{\"@type\":\"EntryPoint\",\"urlTemplate\":\"https:\/\/apuntesdesanluis.com\/?s={search_term_string}\"},\"query-input\":{\"@type\":\"PropertyValueSpecification\",\"valueRequired\":true,\"valueName\":\"search_term_string\"}}],\"inLanguage\":\"es-AR\"},{\"@type\":[\"Person\",\"Organization\"],\"@id\":\"https:\/\/apuntesdesanluis.com\/#\/schema\/person\/b55151d52296fcce64d1a72538a70b90\",\"name\":\"apuntesdesanluis.com\",\"image\":{\"@type\":\"ImageObject\",\"inLanguage\":\"es-AR\",\"@id\":\"https:\/\/apuntesdesanluis.com\/#\/schema\/person\/image\/\",\"url\":\"https:\/\/apuntesdesanluis.com\/wp-content\/uploads\/2023\/07\/cropped-apuntesdesanluis.png\",\"contentUrl\":\"https:\/\/apuntesdesanluis.com\/wp-content\/uploads\/2023\/07\/cropped-apuntesdesanluis.png\",\"width\":450,\"height\":112,\"caption\":\"apuntesdesanluis.com\"},\"logo\":{\"@id\":\"https:\/\/apuntesdesanluis.com\/#\/schema\/person\/image\/\"},\"sameAs\":[\"https:\/\/apuntesdesanluis.com\"],\"url\":\"https:\/\/apuntesdesanluis.com\/index.php\/author\/apuntesdesanluis-com\/\"}]}<\/script>\n<!-- \/ Yoast SEO plugin. -->","yoast_head_json":{"title":"EL GOBERNADOR SE INTERIORIZ\u00d3 DE LAS REFORMAS EN PLAZA SAN MART\u00cdN - Apuntes de San Luis","robots":{"index":"index","follow":"follow","max-snippet":"max-snippet:-1","max-image-preview":"max-image-preview:large","max-video-preview":"max-video-preview:-1"},"canonical":"https:\/\/apuntesdesanluis.com\/index.php\/2024\/04\/18\/el-gobernador-se-interiorizo-de-las-reformas-en-plaza-san-martin\/","og_locale":"es_ES","og_type":"article","og_title":"EL GOBERNADOR SE INTERIORIZ\u00d3 DE LAS REFORMAS EN PLAZA SAN MART\u00cdN - Apuntes de San Luis","og_description":"Los trabajos, sobre calle Pedernera, son ejecutados por la Municipalidad y tienen por objetivo brindar...","og_url":"https:\/\/apuntesdesanluis.com\/index.php\/2024\/04\/18\/el-gobernador-se-interiorizo-de-las-reformas-en-plaza-san-martin\/","og_site_name":"Apuntes de San Luis","article_published_time":"2024-04-18T22:47:39+00:00","og_image":[{"width":600,"height":341,"url":"https:\/\/apuntesdesanluis.com\/wp-content\/uploads\/2024\/04\/reformas.png","type":"image\/png"}],"author":"apuntesdesanluis.com","twitter_card":"summary_large_image","twitter_misc":{"Escrito por":"apuntesdesanluis.com","Tiempo de lectura":"2 minutos"},"schema":{"@context":"https:\/\/schema.org","@graph":[{"@type":"Article","@id":"https:\/\/apuntesdesanluis.com\/index.php\/2024\/04\/18\/el-gobernador-se-interiorizo-de-las-reformas-en-plaza-san-martin\/#article","isPartOf":{"@id":"https:\/\/apuntesdesanluis.com\/index.php\/2024\/04\/18\/el-gobernador-se-interiorizo-de-las-reformas-en-plaza-san-martin\/"},"author":{"name":"apuntesdesanluis.com","@id":"https:\/\/apuntesdesanluis.com\/#\/schema\/person\/b55151d52296fcce64d1a72538a70b90"},"headline":"EL GOBERNADOR SE INTERIORIZ\u00d3 DE LAS REFORMAS EN PLAZA SAN MART\u00cdN","datePublished":"2024-04-18T22:47:39+00:00","mainEntityOfPage":{"@id":"https:\/\/apuntesdesanluis.com\/index.php\/2024\/04\/18\/el-gobernador-se-interiorizo-de-las-reformas-en-plaza-san-martin\/"},"wordCount":226,"publisher":{"@id":"https:\/\/apuntesdesanluis.com\/#\/schema\/person\/b55151d52296fcce64d1a72538a70b90"},"image":{"@id":"https:\/\/apuntesdesanluis.com\/index.php\/2024\/04\/18\/el-gobernador-se-interiorizo-de-las-reformas-en-plaza-san-martin\/#primaryimage"},"thumbnailUrl":"https:\/\/apuntesdesanluis.com\/wp-content\/uploads\/2024\/04\/reformas.png","articleSection":["Ciudad\/Provincia"],"inLanguage":"es-AR"},{"@type":"WebPage","@id":"https:\/\/apuntesdesanluis.com\/index.php\/2024\/04\/18\/el-gobernador-se-interiorizo-de-las-reformas-en-plaza-san-martin\/","url":"https:\/\/apuntesdesanluis.com\/index.php\/2024\/04\/18\/el-gobernador-se-interiorizo-de-las-reformas-en-plaza-san-martin\/","name":"EL GOBERNADOR SE INTERIORIZ\u00d3 DE LAS REFORMAS EN PLAZA SAN MART\u00cdN - Apuntes de San Luis","isPartOf":{"@id":"https:\/\/apuntesdesanluis.com\/#website"},"primaryImageOfPage":{"@id":"https:\/\/apuntesdesanluis.com\/index.php\/2024\/04\/18\/el-gobernador-se-interiorizo-de-las-reformas-en-plaza-san-martin\/#primaryimage"},"image":{"@id":"https:\/\/apuntesdesanluis.com\/index.php\/2024\/04\/18\/el-gobernador-se-interiorizo-de-las-reformas-en-plaza-san-martin\/#primaryimage"},"thumbnailUrl":"https:\/\/apuntesdesanluis.com\/wp-content\/uploads\/2024\/04\/reformas.png","datePublished":"2024-04-18T22:47:39+00:00","breadcrumb":{"@id":"https:\/\/apuntesdesanluis.com\/index.php\/2024\/04\/18\/el-gobernador-se-interiorizo-de-las-reformas-en-plaza-san-martin\/#breadcrumb"},"inLanguage":"es-AR","potentialAction":[{"@type":"ReadAction","target":["https:\/\/apuntesdesanluis.com\/index.php\/2024\/04\/18\/el-gobernador-se-interiorizo-de-las-reformas-en-plaza-san-martin\/"]}]},{"@type":"ImageObject","inLanguage":"es-AR","@id":"https:\/\/apuntesdesanluis.com\/index.php\/2024\/04\/18\/el-gobernador-se-interiorizo-de-las-reformas-en-plaza-san-martin\/#primaryimage","url":"https:\/\/apuntesdesanluis.com\/wp-content\/uploads\/2024\/04\/reformas.png","contentUrl":"https:\/\/apuntesdesanluis.com\/wp-content\/uploads\/2024\/04\/reformas.png","width":600,"height":341},{"@type":"BreadcrumbList","@id":"https:\/\/apuntesdesanluis.com\/index.php\/2024\/04\/18\/el-gobernador-se-interiorizo-de-las-reformas-en-plaza-san-martin\/#breadcrumb","itemListElement":[{"@type":"ListItem","position":1,"name":"Inicio","item":"https:\/\/apuntesdesanluis.com\/"},{"@type":"ListItem","position":2,"name":"EL GOBERNADOR SE INTERIORIZ\u00d3 DE LAS REFORMAS EN PLAZA SAN MART\u00cdN"}]},{"@type":"WebSite","@id":"https:\/\/apuntesdesanluis.com\/#website","url":"https:\/\/apuntesdesanluis.com\/","name":"Apuntes de San Luis","description":"","publisher":{"@id":"https:\/\/apuntesdesanluis.com\/#\/schema\/person\/b55151d52296fcce64d1a72538a70b90"},"potentialAction":[{"@type":"SearchAction","target":{"@type":"EntryPoint","urlTemplate":"https:\/\/apuntesdesanluis.com\/?s={search_term_string}"},"query-input":{"@type":"PropertyValueSpecification","valueRequired":true,"valueName":"search_term_string"}}],"inLanguage":"es-AR"},{"@type":["Person","Organization"],"@id":"https:\/\/apuntesdesanluis.com\/#\/schema\/person\/b55151d52296fcce64d1a72538a70b90","name":"apuntesdesanluis.com","image":{"@type":"ImageObject","inLanguage":"es-AR","@id":"https:\/\/apuntesdesanluis.com\/#\/schema\/person\/image\/","url":"https:\/\/apuntesdesanluis.com\/wp-content\/uploads\/2023\/07\/cropped-apuntesdesanluis.png","contentUrl":"https:\/\/apuntesdesanluis.com\/wp-content\/uploads\/2023\/07\/cropped-apuntesdesanluis.png","width":450,"height":112,"caption":"apuntesdesanluis.com"},"logo":{"@id":"https:\/\/apuntesdesanluis.com\/#\/schema\/person\/image\/"},"sameAs":["https:\/\/apuntesdesanluis.com"],"url":"https:\/\/apuntesdesanluis.com\/index.php\/author\/apuntesdesanluis-com\/"}]}},"featured_image_urls":{"full":["https:\/\/apuntesdesanluis.com\/wp-content\/uploads\/2024\/04\/reformas.png",600,341,false],"thumbnail":["https:\/\/apuntesdesanluis.com\/wp-content\/uploads\/2024\/04\/reformas-150x150.png",150,150,true],"medium":["https:\/\/apuntesdesanluis.com\/wp-content\/uploads\/2024\/04\/reformas-300x171.png",300,171,true],"medium_large":["https:\/\/apuntesdesanluis.com\/wp-content\/uploads\/2024\/04\/reformas.png",600,341,false],"large":["https:\/\/apuntesdesanluis.com\/wp-content\/uploads\/2024\/04\/reformas.png",600,341,false],"1536x1536":["https:\/\/apuntesdesanluis.com\/wp-content\/uploads\/2024\/04\/reformas.png",600,341,false],"2048x2048":["https:\/\/apuntesdesanluis.com\/wp-content\/uploads\/2024\/04\/reformas.png",600,341,false],"newsever-slider-full":["https:\/\/apuntesdesanluis.com\/wp-content\/uploads\/2024\/04\/reformas.png",600,341,false],"newsever-featured":["https:\/\/apuntesdesanluis.com\/wp-content\/uploads\/2024\/04\/reformas.png",600,341,false],"newsever-medium":["https:\/\/apuntesdesanluis.com\/wp-content\/uploads\/2024\/04\/reformas.png",600,341,false]},"author_info":{"display_name":"apuntesdesanluis.com","author_link":"https:\/\/apuntesdesanluis.com\/index.php\/author\/apuntesdesanluis-com\/"},"category_info":"<a href=\"https:\/\/apuntesdesanluis.com\/index.php\/category\/ciudad-provincia\/\" rel=\"category tag\">Ciudad\/Provincia<\/a>","tag_info":"Ciudad\/Provincia","comment_count":"0","_links":{"self":[{"href":"https:\/\/apuntesdesanluis.com\/index.php\/wp-json\/wp\/v2\/posts\/14887","targetHints":{"allow":["GET"]}}],"collection":[{"href":"https:\/\/apuntesdesanluis.com\/index.php\/wp-json\/wp\/v2\/posts"}],"about":[{"href":"https:\/\/apuntesdesanluis.com\/index.php\/wp-json\/wp\/v2\/types\/post"}],"author":[{"embeddable":true,"href":"https:\/\/apuntesdesanluis.com\/index.php\/wp-json\/wp\/v2\/users\/1"}],"replies":[{"embeddable":true,"href":"https:\/\/apuntesdesanluis.com\/index.php\/wp-json\/wp\/v2\/comments?post=14887"}],"version-history":[{"count":1,"href":"https:\/\/apuntesdesanluis.com\/index.php\/wp-json\/wp\/v2\/posts\/14887\/revisions"}],"predecessor-version":[{"id":14891,"href":"https:\/\/apuntesdesanluis.com\/index.php\/wp-json\/wp\/v2\/posts\/14887\/revisions\/14891"}],"wp:featuredmedia":[{"embeddable":true,"href":"https:\/\/apuntesdesanluis.com\/index.php\/wp-json\/wp\/v2\/media\/14888"}],"wp:attachment":[{"href":"https:\/\/apuntesdesanluis.com\/index.php\/wp-json\/wp\/v2\/media?parent=14887"}],"wp:term":[{"taxonomy":"category","embeddable":true,"href":"https:\/\/apuntesdesanluis.com\/index.php\/wp-json\/wp\/v2\/categories?post=14887"},{"taxonomy":"post_tag","embeddable":true,"href":"https:\/\/apuntesdesanluis.com\/index.php\/wp-json\/wp\/v2\/tags?post=14887"}],"curies":[{"name":"wp","href":"https:\/\/api.w.org\/{rel}","templated":true}]}}