{"id":14907,"date":"2024-04-18T20:30:13","date_gmt":"2024-04-18T23:30:13","guid":{"rendered":"https:\/\/apuntesdesanluis.com\/?p=14907"},"modified":"2024-04-18T20:30:13","modified_gmt":"2024-04-18T23:30:13","slug":"villarruel-el-aumento-a-los-senadores-es-perfectamente-legal-y-no-tengo-herramienta-alguna-para-frenarlo","status":"publish","type":"post","link":"https:\/\/apuntesdesanluis.com\/index.php\/2024\/04\/18\/villarruel-el-aumento-a-los-senadores-es-perfectamente-legal-y-no-tengo-herramienta-alguna-para-frenarlo\/","title":{"rendered":"VILLARRUEL: \u201cEL AUMENTO A LOS SENADORES ES PERFECTAMENTE LEGAL Y NO TENGO HERRAMIENTA ALGUNA PARA FRENARLO\u201d"},"content":{"rendered":"<h3>La vicepresidenta y titular del Senado, <strong>Victoria Villarruel<\/strong>, expuso este jueves su defensa luego del aumento en las dietas de los senadores y asegur\u00f3 que dicha suma \u201ces perfectamente legal\u201d y que \u201cno tiene herramienta alguna para frenarla\u201d.<\/h3>\n<h3>\u201cHoy los senadores de todos los bloques acordaron un aumento de su salario que fue votado a mano alzada en el recinto por contar con los votos necesarios para hacerlo. Como Presidente del Senado NO soy senadora, no cobro del Senado y NO puedo interferir en esas decisiones\u201d, se justific\u00f3 la vicepresidenta, no haci\u00e9ndose responsable del incremento en las dietas.<\/h3>\n<h3>A trav\u00e9s de una publicaci\u00f3n en su cuenta de la red social X, Villarruel aclar\u00f3 que ella en su car\u00e1cter de vicepresidenta no est\u00e1 en condiciones de \u201cobligar a que se vote nominalmente ni a que se justifique la decisi\u00f3n avalada por todos\u201d dado que no es senadora.<\/h3>\n<h3><img fetchpriority=\"high\" decoding=\"async\" class=\"wp-image-14909 aligncenter\" src=\"https:\/\/apuntesdesanluis.com\/wp-content\/uploads\/2024\/04\/x-de-victoria-300x260.png\" alt=\"\" width=\"618\" height=\"536\" srcset=\"https:\/\/apuntesdesanluis.com\/wp-content\/uploads\/2024\/04\/x-de-victoria-300x260.png 300w, https:\/\/apuntesdesanluis.com\/wp-content\/uploads\/2024\/04\/x-de-victoria.png 767w\" sizes=\"(max-width: 618px) 100vw, 618px\" \/><\/h3>\n<h3>\u201cPodr\u00eda haberme levantado para no que no salga mi foto y parte del periodismo y de los trolls me acusen de lo que NO tengo injerencia alguna pero siempre doy la cara y hoy no va a ser la excepci\u00f3n\u201d, agreg\u00f3.<\/h3>\n<h3>\u201cLamento que se le mienta al pueblo y ciertos sectores aprovechen para intentar ensuciarme, pero lo que sucedi\u00f3 en el Senado es perfectamente legal y NO tengo herramienta alguna para frenarlo\u201d, remat\u00f3.<\/h3>\n<h3><\/h3>\n<h3>El aumento de dietas fue instrumentado en medio de la sesi\u00f3n de este jueves, en una jugada que se amas\u00f3 en secreto durante d\u00edas para que el presidente Javier Milei no tuviera tiempo para reaccionar y mover hilos para impedirlo.<\/h3>\n<h3>A ra\u00edz de esta maniobra, Villarruel qued\u00f3 envuelta en un esc\u00e1ndalo que lo enfrenta a su propia base pol\u00edtica y electoral, que considera que el sacrificio econ\u00f3mico debe ser una premisa compartida por todos, especialmente por aquellos que ganaron con la consigna de que \u201cno hay plata\u201d.<\/h3>\n<h3>La vicepresidenta ya hab\u00eda autorizado una recomposici\u00f3n de los sueldos de senadores nacionales en un 30% hace un mes atr\u00e1s, pero tras las cr\u00edticas que surgieron del propio jefe de Estado, termin\u00f3 cediendo y retrotrayendo el aumento.<\/h3>\n<h3>Sin embargo, luego de esa decisi\u00f3n ratific\u00f3 que ella estaba a favor del aumento ya que hab\u00eda que consideraba que la labor de los legisladores deb\u00eda estar bien recompensada de acuerdo al nivel de responsabilidad institucional que desempe\u00f1an.<\/h3>\n<h3>Este aumento alcanza una proporci\u00f3n much\u00edsimo mayor al 30%, ya que de cobrar 1.700.000 pesos en mano los senadores pasar\u00e1n a percibir m\u00e1s de 4 millones.<\/h3>\n<p>&nbsp;<\/p>\n<p>&nbsp;<\/p>\n<p>&nbsp;<\/p>\n<p>&nbsp;<\/p>\n<p>&nbsp;<\/p>\n","protected":false},"excerpt":{"rendered":"<p>La vicepresidenta y titular del Senado, Victoria Villarruel, expuso este jueves su defensa luego del&#8230;<\/p>\n","protected":false},"author":1,"featured_media":14908,"comment_status":"closed","ping_status":"closed","sticky":false,"template":"","format":"standard","meta":{"footnotes":""},"categories":[5],"tags":[],"class_list":["post-14907","post","type-post","status-publish","format-standard","has-post-thumbnail","hentry","category-nacionales-internacionales"],"yoast_head":"<!-- This site is optimized with the Yoast SEO plugin v26.1.1 - https:\/\/yoast.com\/wordpress\/plugins\/seo\/ -->\n<title>VILLARRUEL: \u201cEL AUMENTO A LOS SENADORES ES PERFECTAMENTE LEGAL Y NO TENGO HERRAMIENTA ALGUNA PARA FRENARLO\u201d - Apuntes de San Luis<\/title>\n<meta name=\"robots\" content=\"index, follow, max-snippet:-1, max-image-preview:large, max-video-preview:-1\" \/>\n<link rel=\"canonical\" href=\"https:\/\/apuntesdesanluis.com\/index.php\/2024\/04\/18\/villarruel-el-aumento-a-los-senadores-es-perfectamente-legal-y-no-tengo-herramienta-alguna-para-frenarlo\/\" \/>\n<meta property=\"og:locale\" content=\"es_ES\" \/>\n<meta property=\"og:type\" content=\"article\" \/>\n<meta property=\"og:title\" content=\"VILLARRUEL: \u201cEL AUMENTO A LOS SENADORES ES PERFECTAMENTE LEGAL Y NO TENGO HERRAMIENTA ALGUNA PARA FRENARLO\u201d - Apuntes de San Luis\" \/>\n<meta property=\"og:description\" content=\"La vicepresidenta y titular del Senado, Victoria Villarruel, expuso este jueves su defensa luego del...\" \/>\n<meta property=\"og:url\" content=\"https:\/\/apuntesdesanluis.com\/index.php\/2024\/04\/18\/villarruel-el-aumento-a-los-senadores-es-perfectamente-legal-y-no-tengo-herramienta-alguna-para-frenarlo\/\" \/>\n<meta property=\"og:site_name\" content=\"Apuntes de San Luis\" \/>\n<meta property=\"article:published_time\" content=\"2024-04-18T23:30:13+00:00\" \/>\n<meta property=\"og:image\" content=\"https:\/\/apuntesdesanluis.com\/wp-content\/uploads\/2024\/04\/villarruel.png\" \/>\n\t<meta property=\"og:image:width\" content=\"715\" \/>\n\t<meta property=\"og:image:height\" content=\"452\" \/>\n\t<meta property=\"og:image:type\" content=\"image\/png\" \/>\n<meta name=\"author\" content=\"apuntesdesanluis.com\" \/>\n<meta name=\"twitter:card\" content=\"summary_large_image\" \/>\n<meta name=\"twitter:label1\" content=\"Escrito por\" \/>\n\t<meta name=\"twitter:data1\" content=\"apuntesdesanluis.com\" \/>\n\t<meta name=\"twitter:label2\" content=\"Tiempo de lectura\" \/>\n\t<meta name=\"twitter:data2\" content=\"3 minutos\" \/>\n<script type=\"application\/ld+json\" class=\"yoast-schema-graph\">{\"@context\":\"https:\/\/schema.org\",\"@graph\":[{\"@type\":\"Article\",\"@id\":\"https:\/\/apuntesdesanluis.com\/index.php\/2024\/04\/18\/villarruel-el-aumento-a-los-senadores-es-perfectamente-legal-y-no-tengo-herramienta-alguna-para-frenarlo\/#article\",\"isPartOf\":{\"@id\":\"https:\/\/apuntesdesanluis.com\/index.php\/2024\/04\/18\/villarruel-el-aumento-a-los-senadores-es-perfectamente-legal-y-no-tengo-herramienta-alguna-para-frenarlo\/\"},\"author\":{\"name\":\"apuntesdesanluis.com\",\"@id\":\"https:\/\/apuntesdesanluis.com\/#\/schema\/person\/b55151d52296fcce64d1a72538a70b90\"},\"headline\":\"VILLARRUEL: \u201cEL AUMENTO A LOS SENADORES ES PERFECTAMENTE LEGAL Y NO TENGO HERRAMIENTA ALGUNA PARA FRENARLO\u201d\",\"datePublished\":\"2024-04-18T23:30:13+00:00\",\"mainEntityOfPage\":{\"@id\":\"https:\/\/apuntesdesanluis.com\/index.php\/2024\/04\/18\/villarruel-el-aumento-a-los-senadores-es-perfectamente-legal-y-no-tengo-herramienta-alguna-para-frenarlo\/\"},\"wordCount\":449,\"publisher\":{\"@id\":\"https:\/\/apuntesdesanluis.com\/#\/schema\/person\/b55151d52296fcce64d1a72538a70b90\"},\"image\":{\"@id\":\"https:\/\/apuntesdesanluis.com\/index.php\/2024\/04\/18\/villarruel-el-aumento-a-los-senadores-es-perfectamente-legal-y-no-tengo-herramienta-alguna-para-frenarlo\/#primaryimage\"},\"thumbnailUrl\":\"https:\/\/apuntesdesanluis.com\/wp-content\/uploads\/2024\/04\/villarruel.png\",\"articleSection\":[\"Nacionales\/Internacionales\"],\"inLanguage\":\"es-AR\"},{\"@type\":\"WebPage\",\"@id\":\"https:\/\/apuntesdesanluis.com\/index.php\/2024\/04\/18\/villarruel-el-aumento-a-los-senadores-es-perfectamente-legal-y-no-tengo-herramienta-alguna-para-frenarlo\/\",\"url\":\"https:\/\/apuntesdesanluis.com\/index.php\/2024\/04\/18\/villarruel-el-aumento-a-los-senadores-es-perfectamente-legal-y-no-tengo-herramienta-alguna-para-frenarlo\/\",\"name\":\"VILLARRUEL: \u201cEL AUMENTO A LOS SENADORES ES PERFECTAMENTE LEGAL Y NO TENGO HERRAMIENTA ALGUNA PARA FRENARLO\u201d - Apuntes de San Luis\",\"isPartOf\":{\"@id\":\"https:\/\/apuntesdesanluis.com\/#website\"},\"primaryImageOfPage\":{\"@id\":\"https:\/\/apuntesdesanluis.com\/index.php\/2024\/04\/18\/villarruel-el-aumento-a-los-senadores-es-perfectamente-legal-y-no-tengo-herramienta-alguna-para-frenarlo\/#primaryimage\"},\"image\":{\"@id\":\"https:\/\/apuntesdesanluis.com\/index.php\/2024\/04\/18\/villarruel-el-aumento-a-los-senadores-es-perfectamente-legal-y-no-tengo-herramienta-alguna-para-frenarlo\/#primaryimage\"},\"thumbnailUrl\":\"https:\/\/apuntesdesanluis.com\/wp-content\/uploads\/2024\/04\/villarruel.png\",\"datePublished\":\"2024-04-18T23:30:13+00:00\",\"breadcrumb\":{\"@id\":\"https:\/\/apuntesdesanluis.com\/index.php\/2024\/04\/18\/villarruel-el-aumento-a-los-senadores-es-perfectamente-legal-y-no-tengo-herramienta-alguna-para-frenarlo\/#breadcrumb\"},\"inLanguage\":\"es-AR\",\"potentialAction\":[{\"@type\":\"ReadAction\",\"target\":[\"https:\/\/apuntesdesanluis.com\/index.php\/2024\/04\/18\/villarruel-el-aumento-a-los-senadores-es-perfectamente-legal-y-no-tengo-herramienta-alguna-para-frenarlo\/\"]}]},{\"@type\":\"ImageObject\",\"inLanguage\":\"es-AR\",\"@id\":\"https:\/\/apuntesdesanluis.com\/index.php\/2024\/04\/18\/villarruel-el-aumento-a-los-senadores-es-perfectamente-legal-y-no-tengo-herramienta-alguna-para-frenarlo\/#primaryimage\",\"url\":\"https:\/\/apuntesdesanluis.com\/wp-content\/uploads\/2024\/04\/villarruel.png\",\"contentUrl\":\"https:\/\/apuntesdesanluis.com\/wp-content\/uploads\/2024\/04\/villarruel.png\",\"width\":715,\"height\":452},{\"@type\":\"BreadcrumbList\",\"@id\":\"https:\/\/apuntesdesanluis.com\/index.php\/2024\/04\/18\/villarruel-el-aumento-a-los-senadores-es-perfectamente-legal-y-no-tengo-herramienta-alguna-para-frenarlo\/#breadcrumb\",\"itemListElement\":[{\"@type\":\"ListItem\",\"position\":1,\"name\":\"Inicio\",\"item\":\"https:\/\/apuntesdesanluis.com\/\"},{\"@type\":\"ListItem\",\"position\":2,\"name\":\"VILLARRUEL: \u201cEL AUMENTO A LOS SENADORES ES PERFECTAMENTE LEGAL Y NO TENGO HERRAMIENTA ALGUNA PARA FRENARLO\u201d\"}]},{\"@type\":\"WebSite\",\"@id\":\"https:\/\/apuntesdesanluis.com\/#website\",\"url\":\"https:\/\/apuntesdesanluis.com\/\",\"name\":\"Apuntes de San Luis\",\"description\":\"\",\"publisher\":{\"@id\":\"https:\/\/apuntesdesanluis.com\/#\/schema\/person\/b55151d52296fcce64d1a72538a70b90\"},\"potentialAction\":[{\"@type\":\"SearchAction\",\"target\":{\"@type\":\"EntryPoint\",\"urlTemplate\":\"https:\/\/apuntesdesanluis.com\/?s={search_term_string}\"},\"query-input\":{\"@type\":\"PropertyValueSpecification\",\"valueRequired\":true,\"valueName\":\"search_term_string\"}}],\"inLanguage\":\"es-AR\"},{\"@type\":[\"Person\",\"Organization\"],\"@id\":\"https:\/\/apuntesdesanluis.com\/#\/schema\/person\/b55151d52296fcce64d1a72538a70b90\",\"name\":\"apuntesdesanluis.com\",\"image\":{\"@type\":\"ImageObject\",\"inLanguage\":\"es-AR\",\"@id\":\"https:\/\/apuntesdesanluis.com\/#\/schema\/person\/image\/\",\"url\":\"https:\/\/apuntesdesanluis.com\/wp-content\/uploads\/2023\/07\/cropped-apuntesdesanluis.png\",\"contentUrl\":\"https:\/\/apuntesdesanluis.com\/wp-content\/uploads\/2023\/07\/cropped-apuntesdesanluis.png\",\"width\":450,\"height\":112,\"caption\":\"apuntesdesanluis.com\"},\"logo\":{\"@id\":\"https:\/\/apuntesdesanluis.com\/#\/schema\/person\/image\/\"},\"sameAs\":[\"https:\/\/apuntesdesanluis.com\"],\"url\":\"https:\/\/apuntesdesanluis.com\/index.php\/author\/apuntesdesanluis-com\/\"}]}<\/script>\n<!-- \/ Yoast SEO plugin. -->","yoast_head_json":{"title":"VILLARRUEL: \u201cEL AUMENTO A LOS SENADORES ES PERFECTAMENTE LEGAL Y NO TENGO HERRAMIENTA ALGUNA PARA FRENARLO\u201d - Apuntes de San Luis","robots":{"index":"index","follow":"follow","max-snippet":"max-snippet:-1","max-image-preview":"max-image-preview:large","max-video-preview":"max-video-preview:-1"},"canonical":"https:\/\/apuntesdesanluis.com\/index.php\/2024\/04\/18\/villarruel-el-aumento-a-los-senadores-es-perfectamente-legal-y-no-tengo-herramienta-alguna-para-frenarlo\/","og_locale":"es_ES","og_type":"article","og_title":"VILLARRUEL: \u201cEL AUMENTO A LOS SENADORES ES PERFECTAMENTE LEGAL Y NO TENGO HERRAMIENTA ALGUNA PARA FRENARLO\u201d - Apuntes de San Luis","og_description":"La vicepresidenta y titular del Senado, Victoria Villarruel, expuso este jueves su defensa luego del...","og_url":"https:\/\/apuntesdesanluis.com\/index.php\/2024\/04\/18\/villarruel-el-aumento-a-los-senadores-es-perfectamente-legal-y-no-tengo-herramienta-alguna-para-frenarlo\/","og_site_name":"Apuntes de San Luis","article_published_time":"2024-04-18T23:30:13+00:00","og_image":[{"width":715,"height":452,"url":"https:\/\/apuntesdesanluis.com\/wp-content\/uploads\/2024\/04\/villarruel.png","type":"image\/png"}],"author":"apuntesdesanluis.com","twitter_card":"summary_large_image","twitter_misc":{"Escrito por":"apuntesdesanluis.com","Tiempo de lectura":"3 minutos"},"schema":{"@context":"https:\/\/schema.org","@graph":[{"@type":"Article","@id":"https:\/\/apuntesdesanluis.com\/index.php\/2024\/04\/18\/villarruel-el-aumento-a-los-senadores-es-perfectamente-legal-y-no-tengo-herramienta-alguna-para-frenarlo\/#article","isPartOf":{"@id":"https:\/\/apuntesdesanluis.com\/index.php\/2024\/04\/18\/villarruel-el-aumento-a-los-senadores-es-perfectamente-legal-y-no-tengo-herramienta-alguna-para-frenarlo\/"},"author":{"name":"apuntesdesanluis.com","@id":"https:\/\/apuntesdesanluis.com\/#\/schema\/person\/b55151d52296fcce64d1a72538a70b90"},"headline":"VILLARRUEL: \u201cEL AUMENTO A LOS SENADORES ES PERFECTAMENTE LEGAL Y NO TENGO HERRAMIENTA ALGUNA PARA FRENARLO\u201d","datePublished":"2024-04-18T23:30:13+00:00","mainEntityOfPage":{"@id":"https:\/\/apuntesdesanluis.com\/index.php\/2024\/04\/18\/villarruel-el-aumento-a-los-senadores-es-perfectamente-legal-y-no-tengo-herramienta-alguna-para-frenarlo\/"},"wordCount":449,"publisher":{"@id":"https:\/\/apuntesdesanluis.com\/#\/schema\/person\/b55151d52296fcce64d1a72538a70b90"},"image":{"@id":"https:\/\/apuntesdesanluis.com\/index.php\/2024\/04\/18\/villarruel-el-aumento-a-los-senadores-es-perfectamente-legal-y-no-tengo-herramienta-alguna-para-frenarlo\/#primaryimage"},"thumbnailUrl":"https:\/\/apuntesdesanluis.com\/wp-content\/uploads\/2024\/04\/villarruel.png","articleSection":["Nacionales\/Internacionales"],"inLanguage":"es-AR"},{"@type":"WebPage","@id":"https:\/\/apuntesdesanluis.com\/index.php\/2024\/04\/18\/villarruel-el-aumento-a-los-senadores-es-perfectamente-legal-y-no-tengo-herramienta-alguna-para-frenarlo\/","url":"https:\/\/apuntesdesanluis.com\/index.php\/2024\/04\/18\/villarruel-el-aumento-a-los-senadores-es-perfectamente-legal-y-no-tengo-herramienta-alguna-para-frenarlo\/","name":"VILLARRUEL: \u201cEL AUMENTO A LOS SENADORES ES PERFECTAMENTE LEGAL Y NO TENGO HERRAMIENTA ALGUNA PARA FRENARLO\u201d - Apuntes de San Luis","isPartOf":{"@id":"https:\/\/apuntesdesanluis.com\/#website"},"primaryImageOfPage":{"@id":"https:\/\/apuntesdesanluis.com\/index.php\/2024\/04\/18\/villarruel-el-aumento-a-los-senadores-es-perfectamente-legal-y-no-tengo-herramienta-alguna-para-frenarlo\/#primaryimage"},"image":{"@id":"https:\/\/apuntesdesanluis.com\/index.php\/2024\/04\/18\/villarruel-el-aumento-a-los-senadores-es-perfectamente-legal-y-no-tengo-herramienta-alguna-para-frenarlo\/#primaryimage"},"thumbnailUrl":"https:\/\/apuntesdesanluis.com\/wp-content\/uploads\/2024\/04\/villarruel.png","datePublished":"2024-04-18T23:30:13+00:00","breadcrumb":{"@id":"https:\/\/apuntesdesanluis.com\/index.php\/2024\/04\/18\/villarruel-el-aumento-a-los-senadores-es-perfectamente-legal-y-no-tengo-herramienta-alguna-para-frenarlo\/#breadcrumb"},"inLanguage":"es-AR","potentialAction":[{"@type":"ReadAction","target":["https:\/\/apuntesdesanluis.com\/index.php\/2024\/04\/18\/villarruel-el-aumento-a-los-senadores-es-perfectamente-legal-y-no-tengo-herramienta-alguna-para-frenarlo\/"]}]},{"@type":"ImageObject","inLanguage":"es-AR","@id":"https:\/\/apuntesdesanluis.com\/index.php\/2024\/04\/18\/villarruel-el-aumento-a-los-senadores-es-perfectamente-legal-y-no-tengo-herramienta-alguna-para-frenarlo\/#primaryimage","url":"https:\/\/apuntesdesanluis.com\/wp-content\/uploads\/2024\/04\/villarruel.png","contentUrl":"https:\/\/apuntesdesanluis.com\/wp-content\/uploads\/2024\/04\/villarruel.png","width":715,"height":452},{"@type":"BreadcrumbList","@id":"https:\/\/apuntesdesanluis.com\/index.php\/2024\/04\/18\/villarruel-el-aumento-a-los-senadores-es-perfectamente-legal-y-no-tengo-herramienta-alguna-para-frenarlo\/#breadcrumb","itemListElement":[{"@type":"ListItem","position":1,"name":"Inicio","item":"https:\/\/apuntesdesanluis.com\/"},{"@type":"ListItem","position":2,"name":"VILLARRUEL: \u201cEL AUMENTO A LOS SENADORES ES PERFECTAMENTE LEGAL Y NO TENGO HERRAMIENTA ALGUNA PARA FRENARLO\u201d"}]},{"@type":"WebSite","@id":"https:\/\/apuntesdesanluis.com\/#website","url":"https:\/\/apuntesdesanluis.com\/","name":"Apuntes de San Luis","description":"","publisher":{"@id":"https:\/\/apuntesdesanluis.com\/#\/schema\/person\/b55151d52296fcce64d1a72538a70b90"},"potentialAction":[{"@type":"SearchAction","target":{"@type":"EntryPoint","urlTemplate":"https:\/\/apuntesdesanluis.com\/?s={search_term_string}"},"query-input":{"@type":"PropertyValueSpecification","valueRequired":true,"valueName":"search_term_string"}}],"inLanguage":"es-AR"},{"@type":["Person","Organization"],"@id":"https:\/\/apuntesdesanluis.com\/#\/schema\/person\/b55151d52296fcce64d1a72538a70b90","name":"apuntesdesanluis.com","image":{"@type":"ImageObject","inLanguage":"es-AR","@id":"https:\/\/apuntesdesanluis.com\/#\/schema\/person\/image\/","url":"https:\/\/apuntesdesanluis.com\/wp-content\/uploads\/2023\/07\/cropped-apuntesdesanluis.png","contentUrl":"https:\/\/apuntesdesanluis.com\/wp-content\/uploads\/2023\/07\/cropped-apuntesdesanluis.png","width":450,"height":112,"caption":"apuntesdesanluis.com"},"logo":{"@id":"https:\/\/apuntesdesanluis.com\/#\/schema\/person\/image\/"},"sameAs":["https:\/\/apuntesdesanluis.com"],"url":"https:\/\/apuntesdesanluis.com\/index.php\/author\/apuntesdesanluis-com\/"}]}},"featured_image_urls":{"full":["https:\/\/apuntesdesanluis.com\/wp-content\/uploads\/2024\/04\/villarruel.png",715,452,false],"thumbnail":["https:\/\/apuntesdesanluis.com\/wp-content\/uploads\/2024\/04\/villarruel-150x150.png",150,150,true],"medium":["https:\/\/apuntesdesanluis.com\/wp-content\/uploads\/2024\/04\/villarruel-300x190.png",300,190,true],"medium_large":["https:\/\/apuntesdesanluis.com\/wp-content\/uploads\/2024\/04\/villarruel.png",640,405,false],"large":["https:\/\/apuntesdesanluis.com\/wp-content\/uploads\/2024\/04\/villarruel.png",640,405,false],"1536x1536":["https:\/\/apuntesdesanluis.com\/wp-content\/uploads\/2024\/04\/villarruel.png",715,452,false],"2048x2048":["https:\/\/apuntesdesanluis.com\/wp-content\/uploads\/2024\/04\/villarruel.png",715,452,false],"newsever-slider-full":["https:\/\/apuntesdesanluis.com\/wp-content\/uploads\/2024\/04\/villarruel.png",715,452,false],"newsever-featured":["https:\/\/apuntesdesanluis.com\/wp-content\/uploads\/2024\/04\/villarruel.png",715,452,false],"newsever-medium":["https:\/\/apuntesdesanluis.com\/wp-content\/uploads\/2024\/04\/villarruel.png",715,452,false]},"author_info":{"display_name":"apuntesdesanluis.com","author_link":"https:\/\/apuntesdesanluis.com\/index.php\/author\/apuntesdesanluis-com\/"},"category_info":"<a href=\"https:\/\/apuntesdesanluis.com\/index.php\/category\/nacionales-internacionales\/\" rel=\"category tag\">Nacionales\/Internacionales<\/a>","tag_info":"Nacionales\/Internacionales","comment_count":"0","_links":{"self":[{"href":"https:\/\/apuntesdesanluis.com\/index.php\/wp-json\/wp\/v2\/posts\/14907","targetHints":{"allow":["GET"]}}],"collection":[{"href":"https:\/\/apuntesdesanluis.com\/index.php\/wp-json\/wp\/v2\/posts"}],"about":[{"href":"https:\/\/apuntesdesanluis.com\/index.php\/wp-json\/wp\/v2\/types\/post"}],"author":[{"embeddable":true,"href":"https:\/\/apuntesdesanluis.com\/index.php\/wp-json\/wp\/v2\/users\/1"}],"replies":[{"embeddable":true,"href":"https:\/\/apuntesdesanluis.com\/index.php\/wp-json\/wp\/v2\/comments?post=14907"}],"version-history":[{"count":1,"href":"https:\/\/apuntesdesanluis.com\/index.php\/wp-json\/wp\/v2\/posts\/14907\/revisions"}],"predecessor-version":[{"id":14910,"href":"https:\/\/apuntesdesanluis.com\/index.php\/wp-json\/wp\/v2\/posts\/14907\/revisions\/14910"}],"wp:featuredmedia":[{"embeddable":true,"href":"https:\/\/apuntesdesanluis.com\/index.php\/wp-json\/wp\/v2\/media\/14908"}],"wp:attachment":[{"href":"https:\/\/apuntesdesanluis.com\/index.php\/wp-json\/wp\/v2\/media?parent=14907"}],"wp:term":[{"taxonomy":"category","embeddable":true,"href":"https:\/\/apuntesdesanluis.com\/index.php\/wp-json\/wp\/v2\/categories?post=14907"},{"taxonomy":"post_tag","embeddable":true,"href":"https:\/\/apuntesdesanluis.com\/index.php\/wp-json\/wp\/v2\/tags?post=14907"}],"curies":[{"name":"wp","href":"https:\/\/api.w.org\/{rel}","templated":true}]}}