{"id":14913,"date":"2024-04-18T20:40:45","date_gmt":"2024-04-18T23:40:45","guid":{"rendered":"https:\/\/apuntesdesanluis.com\/?p=14913"},"modified":"2024-04-18T20:40:45","modified_gmt":"2024-04-18T23:40:45","slug":"un-periodista-rosarino-revelo-que-su-tio-lo-abusaba-y-que-su-padre-hizo-lo-mismo-con-su-hermana","status":"publish","type":"post","link":"https:\/\/apuntesdesanluis.com\/index.php\/2024\/04\/18\/un-periodista-rosarino-revelo-que-su-tio-lo-abusaba-y-que-su-padre-hizo-lo-mismo-con-su-hermana\/","title":{"rendered":"UN PERIODISTA ROSARINO REVEL\u00d3 QUE SU T\u00cdO LO ABUSABA Y QUE SU PADRE HIZO LO MISMO CON SU HERMANA"},"content":{"rendered":"<h3>El conductor arranc\u00f3 su programa con un drama familiar que lleg\u00f3 a la Justicia.<\/h3>\n<h3>El periodista <strong>Juan Pedro Aleart<\/strong>, conductor del Canal 3 de Rosario, comenz\u00f3 su programa \u201cDe 12 a 14\u201d con un dram\u00e1tico relato familiar. El comunicador cont\u00f3 acerca de los abusos que \u00e9l y sus hermanos recib\u00edan por parte de su padre y su t\u00edo.<\/h3>\n<h3>Aleart revel\u00f3 que su padre, portador de VIH, abus\u00f3 sexualmente a su hermana desde que ella ten\u00eda 3 a\u00f1os y que hace algunas semanas lo denunciaron penalmente, por lo que se quit\u00f3 la vida.<\/h3>\n<h3>Tambi\u00e9n cont\u00f3 que a \u00e9l y a su hermano los abusaba su t\u00edo. \u201cEse t\u00edo se aprovech\u00f3 del contexto de vulnerabilidad extrema y abus\u00f3 sexualmente de m\u00ed y mi hermano desde los 6 a\u00f1os en adelante\u201d, cont\u00f3.<\/h3>\n<h3>La denuncia hac\u00eda el t\u00edo fue realizada a finales del a\u00f1o 2022 pero le notificaron que el delito prescribi\u00f3. \u201cLa Justicia me dio la espalda, pero la verdad siempre vence\u201d, dijo.<\/h3>\n<p><iframe title=\"El drama de Juan Pedro Aleart: revel\u00f3 que \u00e9l y sus hermanos sufrieron abusos sexuales-Telefe Rosario\" width=\"640\" height=\"360\" src=\"https:\/\/www.youtube.com\/embed\/ka3l2mEAqOk?feature=oembed\" frameborder=\"0\" allow=\"accelerometer; autoplay; clipboard-write; encrypted-media; gyroscope; picture-in-picture; web-share\" referrerpolicy=\"strict-origin-when-cross-origin\" allowfullscreen><\/iframe><\/p>\n<h3>A su vez, coment\u00f3 que se presentaron un varias pruebas contra su t\u00edo, \u201ctodos los indicadores de abuso me dieron positivo&#8221;.<\/h3>\n<h3>Helvilo Vila, el t\u00edo abusador, es bioqu\u00edmico docente de la Facultad de Ciencias M\u00e9dicas de la UNR. \u201cMi mam\u00e1 fue tanto v\u00edctima de todo esto como c\u00f3mplice\u201d, denunci\u00f3.<\/h3>\n<h3>El conductor habl\u00f3 sobre que su padre hac\u00eda parecer que todo era un juego y que les hicieron creer, a \u00e9l y a su hermano, que su hermana estaba loca.<\/h3>\n<h3>La causa ahora se encuentra en la Corte de la provincia. \u201cEspero que est\u00e9n a la altura de las circunstancias\u201d, expres\u00f3. Tambi\u00e9n le pidi\u00f3 al Presidente, legisladores e integrantes de la Corte Suprema tomar riendas en el asunto.<\/h3>\n<h3>\u201cLes quiero decir que el \u00fanico camino para sanar es poni\u00e9ndolo en palabras, es hablarlo, denunciarlo. El silencio es el mejor amigo de los abusadores\u201d, concluy\u00f3.<\/h3>\n<p>&nbsp;<\/p>\n<p>&nbsp;<\/p>\n<p>&nbsp;<\/p>\n<p>&nbsp;<\/p>\n<p>&nbsp;<\/p>\n","protected":false},"excerpt":{"rendered":"<p>El conductor arranc\u00f3 su programa con un drama familiar que lleg\u00f3 a la Justicia. El&#8230;<\/p>\n","protected":false},"author":1,"featured_media":14914,"comment_status":"closed","ping_status":"closed","sticky":false,"template":"","format":"standard","meta":{"footnotes":""},"categories":[5],"tags":[],"class_list":["post-14913","post","type-post","status-publish","format-standard","has-post-thumbnail","hentry","category-nacionales-internacionales"],"yoast_head":"<!-- This site is optimized with the Yoast SEO plugin v26.1.1 - https:\/\/yoast.com\/wordpress\/plugins\/seo\/ -->\n<title>UN PERIODISTA ROSARINO REVEL\u00d3 QUE SU T\u00cdO LO ABUSABA Y QUE SU PADRE HIZO LO MISMO CON SU HERMANA - Apuntes de San Luis<\/title>\n<meta name=\"robots\" content=\"index, follow, max-snippet:-1, max-image-preview:large, max-video-preview:-1\" \/>\n<link rel=\"canonical\" href=\"https:\/\/apuntesdesanluis.com\/index.php\/2024\/04\/18\/un-periodista-rosarino-revelo-que-su-tio-lo-abusaba-y-que-su-padre-hizo-lo-mismo-con-su-hermana\/\" \/>\n<meta property=\"og:locale\" content=\"es_ES\" \/>\n<meta property=\"og:type\" content=\"article\" \/>\n<meta property=\"og:title\" content=\"UN PERIODISTA ROSARINO REVEL\u00d3 QUE SU T\u00cdO LO ABUSABA Y QUE SU PADRE HIZO LO MISMO CON SU HERMANA - Apuntes de San Luis\" \/>\n<meta property=\"og:description\" content=\"El conductor arranc\u00f3 su programa con un drama familiar que lleg\u00f3 a la Justicia. El...\" \/>\n<meta property=\"og:url\" content=\"https:\/\/apuntesdesanluis.com\/index.php\/2024\/04\/18\/un-periodista-rosarino-revelo-que-su-tio-lo-abusaba-y-que-su-padre-hizo-lo-mismo-con-su-hermana\/\" \/>\n<meta property=\"og:site_name\" content=\"Apuntes de San Luis\" \/>\n<meta property=\"article:published_time\" content=\"2024-04-18T23:40:45+00:00\" \/>\n<meta property=\"og:image\" content=\"https:\/\/apuntesdesanluis.com\/wp-content\/uploads\/2024\/04\/periodista.png\" \/>\n\t<meta property=\"og:image:width\" content=\"600\" \/>\n\t<meta property=\"og:image:height\" content=\"314\" \/>\n\t<meta property=\"og:image:type\" content=\"image\/png\" \/>\n<meta name=\"author\" content=\"apuntesdesanluis.com\" \/>\n<meta name=\"twitter:card\" content=\"summary_large_image\" \/>\n<meta name=\"twitter:label1\" content=\"Escrito por\" \/>\n\t<meta name=\"twitter:data1\" content=\"apuntesdesanluis.com\" \/>\n\t<meta name=\"twitter:label2\" content=\"Tiempo de lectura\" \/>\n\t<meta name=\"twitter:data2\" content=\"2 minutos\" \/>\n<script type=\"application\/ld+json\" class=\"yoast-schema-graph\">{\"@context\":\"https:\/\/schema.org\",\"@graph\":[{\"@type\":\"Article\",\"@id\":\"https:\/\/apuntesdesanluis.com\/index.php\/2024\/04\/18\/un-periodista-rosarino-revelo-que-su-tio-lo-abusaba-y-que-su-padre-hizo-lo-mismo-con-su-hermana\/#article\",\"isPartOf\":{\"@id\":\"https:\/\/apuntesdesanluis.com\/index.php\/2024\/04\/18\/un-periodista-rosarino-revelo-que-su-tio-lo-abusaba-y-que-su-padre-hizo-lo-mismo-con-su-hermana\/\"},\"author\":{\"name\":\"apuntesdesanluis.com\",\"@id\":\"https:\/\/apuntesdesanluis.com\/#\/schema\/person\/b55151d52296fcce64d1a72538a70b90\"},\"headline\":\"UN PERIODISTA ROSARINO REVEL\u00d3 QUE SU T\u00cdO LO ABUSABA Y QUE SU PADRE HIZO LO MISMO CON SU HERMANA\",\"datePublished\":\"2024-04-18T23:40:45+00:00\",\"mainEntityOfPage\":{\"@id\":\"https:\/\/apuntesdesanluis.com\/index.php\/2024\/04\/18\/un-periodista-rosarino-revelo-que-su-tio-lo-abusaba-y-que-su-padre-hizo-lo-mismo-con-su-hermana\/\"},\"wordCount\":355,\"publisher\":{\"@id\":\"https:\/\/apuntesdesanluis.com\/#\/schema\/person\/b55151d52296fcce64d1a72538a70b90\"},\"image\":{\"@id\":\"https:\/\/apuntesdesanluis.com\/index.php\/2024\/04\/18\/un-periodista-rosarino-revelo-que-su-tio-lo-abusaba-y-que-su-padre-hizo-lo-mismo-con-su-hermana\/#primaryimage\"},\"thumbnailUrl\":\"https:\/\/apuntesdesanluis.com\/wp-content\/uploads\/2024\/04\/periodista.png\",\"articleSection\":[\"Nacionales\/Internacionales\"],\"inLanguage\":\"es-AR\"},{\"@type\":\"WebPage\",\"@id\":\"https:\/\/apuntesdesanluis.com\/index.php\/2024\/04\/18\/un-periodista-rosarino-revelo-que-su-tio-lo-abusaba-y-que-su-padre-hizo-lo-mismo-con-su-hermana\/\",\"url\":\"https:\/\/apuntesdesanluis.com\/index.php\/2024\/04\/18\/un-periodista-rosarino-revelo-que-su-tio-lo-abusaba-y-que-su-padre-hizo-lo-mismo-con-su-hermana\/\",\"name\":\"UN PERIODISTA ROSARINO REVEL\u00d3 QUE SU T\u00cdO LO ABUSABA Y QUE SU PADRE HIZO LO MISMO CON SU HERMANA - Apuntes de San Luis\",\"isPartOf\":{\"@id\":\"https:\/\/apuntesdesanluis.com\/#website\"},\"primaryImageOfPage\":{\"@id\":\"https:\/\/apuntesdesanluis.com\/index.php\/2024\/04\/18\/un-periodista-rosarino-revelo-que-su-tio-lo-abusaba-y-que-su-padre-hizo-lo-mismo-con-su-hermana\/#primaryimage\"},\"image\":{\"@id\":\"https:\/\/apuntesdesanluis.com\/index.php\/2024\/04\/18\/un-periodista-rosarino-revelo-que-su-tio-lo-abusaba-y-que-su-padre-hizo-lo-mismo-con-su-hermana\/#primaryimage\"},\"thumbnailUrl\":\"https:\/\/apuntesdesanluis.com\/wp-content\/uploads\/2024\/04\/periodista.png\",\"datePublished\":\"2024-04-18T23:40:45+00:00\",\"breadcrumb\":{\"@id\":\"https:\/\/apuntesdesanluis.com\/index.php\/2024\/04\/18\/un-periodista-rosarino-revelo-que-su-tio-lo-abusaba-y-que-su-padre-hizo-lo-mismo-con-su-hermana\/#breadcrumb\"},\"inLanguage\":\"es-AR\",\"potentialAction\":[{\"@type\":\"ReadAction\",\"target\":[\"https:\/\/apuntesdesanluis.com\/index.php\/2024\/04\/18\/un-periodista-rosarino-revelo-que-su-tio-lo-abusaba-y-que-su-padre-hizo-lo-mismo-con-su-hermana\/\"]}]},{\"@type\":\"ImageObject\",\"inLanguage\":\"es-AR\",\"@id\":\"https:\/\/apuntesdesanluis.com\/index.php\/2024\/04\/18\/un-periodista-rosarino-revelo-que-su-tio-lo-abusaba-y-que-su-padre-hizo-lo-mismo-con-su-hermana\/#primaryimage\",\"url\":\"https:\/\/apuntesdesanluis.com\/wp-content\/uploads\/2024\/04\/periodista.png\",\"contentUrl\":\"https:\/\/apuntesdesanluis.com\/wp-content\/uploads\/2024\/04\/periodista.png\",\"width\":600,\"height\":314},{\"@type\":\"BreadcrumbList\",\"@id\":\"https:\/\/apuntesdesanluis.com\/index.php\/2024\/04\/18\/un-periodista-rosarino-revelo-que-su-tio-lo-abusaba-y-que-su-padre-hizo-lo-mismo-con-su-hermana\/#breadcrumb\",\"itemListElement\":[{\"@type\":\"ListItem\",\"position\":1,\"name\":\"Inicio\",\"item\":\"https:\/\/apuntesdesanluis.com\/\"},{\"@type\":\"ListItem\",\"position\":2,\"name\":\"UN PERIODISTA ROSARINO REVEL\u00d3 QUE SU T\u00cdO LO ABUSABA Y QUE SU PADRE HIZO LO MISMO CON SU HERMANA\"}]},{\"@type\":\"WebSite\",\"@id\":\"https:\/\/apuntesdesanluis.com\/#website\",\"url\":\"https:\/\/apuntesdesanluis.com\/\",\"name\":\"Apuntes de San Luis\",\"description\":\"\",\"publisher\":{\"@id\":\"https:\/\/apuntesdesanluis.com\/#\/schema\/person\/b55151d52296fcce64d1a72538a70b90\"},\"potentialAction\":[{\"@type\":\"SearchAction\",\"target\":{\"@type\":\"EntryPoint\",\"urlTemplate\":\"https:\/\/apuntesdesanluis.com\/?s={search_term_string}\"},\"query-input\":{\"@type\":\"PropertyValueSpecification\",\"valueRequired\":true,\"valueName\":\"search_term_string\"}}],\"inLanguage\":\"es-AR\"},{\"@type\":[\"Person\",\"Organization\"],\"@id\":\"https:\/\/apuntesdesanluis.com\/#\/schema\/person\/b55151d52296fcce64d1a72538a70b90\",\"name\":\"apuntesdesanluis.com\",\"image\":{\"@type\":\"ImageObject\",\"inLanguage\":\"es-AR\",\"@id\":\"https:\/\/apuntesdesanluis.com\/#\/schema\/person\/image\/\",\"url\":\"https:\/\/apuntesdesanluis.com\/wp-content\/uploads\/2023\/07\/cropped-apuntesdesanluis.png\",\"contentUrl\":\"https:\/\/apuntesdesanluis.com\/wp-content\/uploads\/2023\/07\/cropped-apuntesdesanluis.png\",\"width\":450,\"height\":112,\"caption\":\"apuntesdesanluis.com\"},\"logo\":{\"@id\":\"https:\/\/apuntesdesanluis.com\/#\/schema\/person\/image\/\"},\"sameAs\":[\"https:\/\/apuntesdesanluis.com\"],\"url\":\"https:\/\/apuntesdesanluis.com\/index.php\/author\/apuntesdesanluis-com\/\"}]}<\/script>\n<!-- \/ Yoast SEO plugin. -->","yoast_head_json":{"title":"UN PERIODISTA ROSARINO REVEL\u00d3 QUE SU T\u00cdO LO ABUSABA Y QUE SU PADRE HIZO LO MISMO CON SU HERMANA - Apuntes de San Luis","robots":{"index":"index","follow":"follow","max-snippet":"max-snippet:-1","max-image-preview":"max-image-preview:large","max-video-preview":"max-video-preview:-1"},"canonical":"https:\/\/apuntesdesanluis.com\/index.php\/2024\/04\/18\/un-periodista-rosarino-revelo-que-su-tio-lo-abusaba-y-que-su-padre-hizo-lo-mismo-con-su-hermana\/","og_locale":"es_ES","og_type":"article","og_title":"UN PERIODISTA ROSARINO REVEL\u00d3 QUE SU T\u00cdO LO ABUSABA Y QUE SU PADRE HIZO LO MISMO CON SU HERMANA - Apuntes de San Luis","og_description":"El conductor arranc\u00f3 su programa con un drama familiar que lleg\u00f3 a la Justicia. El...","og_url":"https:\/\/apuntesdesanluis.com\/index.php\/2024\/04\/18\/un-periodista-rosarino-revelo-que-su-tio-lo-abusaba-y-que-su-padre-hizo-lo-mismo-con-su-hermana\/","og_site_name":"Apuntes de San Luis","article_published_time":"2024-04-18T23:40:45+00:00","og_image":[{"width":600,"height":314,"url":"https:\/\/apuntesdesanluis.com\/wp-content\/uploads\/2024\/04\/periodista.png","type":"image\/png"}],"author":"apuntesdesanluis.com","twitter_card":"summary_large_image","twitter_misc":{"Escrito por":"apuntesdesanluis.com","Tiempo de lectura":"2 minutos"},"schema":{"@context":"https:\/\/schema.org","@graph":[{"@type":"Article","@id":"https:\/\/apuntesdesanluis.com\/index.php\/2024\/04\/18\/un-periodista-rosarino-revelo-que-su-tio-lo-abusaba-y-que-su-padre-hizo-lo-mismo-con-su-hermana\/#article","isPartOf":{"@id":"https:\/\/apuntesdesanluis.com\/index.php\/2024\/04\/18\/un-periodista-rosarino-revelo-que-su-tio-lo-abusaba-y-que-su-padre-hizo-lo-mismo-con-su-hermana\/"},"author":{"name":"apuntesdesanluis.com","@id":"https:\/\/apuntesdesanluis.com\/#\/schema\/person\/b55151d52296fcce64d1a72538a70b90"},"headline":"UN PERIODISTA ROSARINO REVEL\u00d3 QUE SU T\u00cdO LO ABUSABA Y QUE SU PADRE HIZO LO MISMO CON SU HERMANA","datePublished":"2024-04-18T23:40:45+00:00","mainEntityOfPage":{"@id":"https:\/\/apuntesdesanluis.com\/index.php\/2024\/04\/18\/un-periodista-rosarino-revelo-que-su-tio-lo-abusaba-y-que-su-padre-hizo-lo-mismo-con-su-hermana\/"},"wordCount":355,"publisher":{"@id":"https:\/\/apuntesdesanluis.com\/#\/schema\/person\/b55151d52296fcce64d1a72538a70b90"},"image":{"@id":"https:\/\/apuntesdesanluis.com\/index.php\/2024\/04\/18\/un-periodista-rosarino-revelo-que-su-tio-lo-abusaba-y-que-su-padre-hizo-lo-mismo-con-su-hermana\/#primaryimage"},"thumbnailUrl":"https:\/\/apuntesdesanluis.com\/wp-content\/uploads\/2024\/04\/periodista.png","articleSection":["Nacionales\/Internacionales"],"inLanguage":"es-AR"},{"@type":"WebPage","@id":"https:\/\/apuntesdesanluis.com\/index.php\/2024\/04\/18\/un-periodista-rosarino-revelo-que-su-tio-lo-abusaba-y-que-su-padre-hizo-lo-mismo-con-su-hermana\/","url":"https:\/\/apuntesdesanluis.com\/index.php\/2024\/04\/18\/un-periodista-rosarino-revelo-que-su-tio-lo-abusaba-y-que-su-padre-hizo-lo-mismo-con-su-hermana\/","name":"UN PERIODISTA ROSARINO REVEL\u00d3 QUE SU T\u00cdO LO ABUSABA Y QUE SU PADRE HIZO LO MISMO CON SU HERMANA - Apuntes de San Luis","isPartOf":{"@id":"https:\/\/apuntesdesanluis.com\/#website"},"primaryImageOfPage":{"@id":"https:\/\/apuntesdesanluis.com\/index.php\/2024\/04\/18\/un-periodista-rosarino-revelo-que-su-tio-lo-abusaba-y-que-su-padre-hizo-lo-mismo-con-su-hermana\/#primaryimage"},"image":{"@id":"https:\/\/apuntesdesanluis.com\/index.php\/2024\/04\/18\/un-periodista-rosarino-revelo-que-su-tio-lo-abusaba-y-que-su-padre-hizo-lo-mismo-con-su-hermana\/#primaryimage"},"thumbnailUrl":"https:\/\/apuntesdesanluis.com\/wp-content\/uploads\/2024\/04\/periodista.png","datePublished":"2024-04-18T23:40:45+00:00","breadcrumb":{"@id":"https:\/\/apuntesdesanluis.com\/index.php\/2024\/04\/18\/un-periodista-rosarino-revelo-que-su-tio-lo-abusaba-y-que-su-padre-hizo-lo-mismo-con-su-hermana\/#breadcrumb"},"inLanguage":"es-AR","potentialAction":[{"@type":"ReadAction","target":["https:\/\/apuntesdesanluis.com\/index.php\/2024\/04\/18\/un-periodista-rosarino-revelo-que-su-tio-lo-abusaba-y-que-su-padre-hizo-lo-mismo-con-su-hermana\/"]}]},{"@type":"ImageObject","inLanguage":"es-AR","@id":"https:\/\/apuntesdesanluis.com\/index.php\/2024\/04\/18\/un-periodista-rosarino-revelo-que-su-tio-lo-abusaba-y-que-su-padre-hizo-lo-mismo-con-su-hermana\/#primaryimage","url":"https:\/\/apuntesdesanluis.com\/wp-content\/uploads\/2024\/04\/periodista.png","contentUrl":"https:\/\/apuntesdesanluis.com\/wp-content\/uploads\/2024\/04\/periodista.png","width":600,"height":314},{"@type":"BreadcrumbList","@id":"https:\/\/apuntesdesanluis.com\/index.php\/2024\/04\/18\/un-periodista-rosarino-revelo-que-su-tio-lo-abusaba-y-que-su-padre-hizo-lo-mismo-con-su-hermana\/#breadcrumb","itemListElement":[{"@type":"ListItem","position":1,"name":"Inicio","item":"https:\/\/apuntesdesanluis.com\/"},{"@type":"ListItem","position":2,"name":"UN PERIODISTA ROSARINO REVEL\u00d3 QUE SU T\u00cdO LO ABUSABA Y QUE SU PADRE HIZO LO MISMO CON SU HERMANA"}]},{"@type":"WebSite","@id":"https:\/\/apuntesdesanluis.com\/#website","url":"https:\/\/apuntesdesanluis.com\/","name":"Apuntes de San Luis","description":"","publisher":{"@id":"https:\/\/apuntesdesanluis.com\/#\/schema\/person\/b55151d52296fcce64d1a72538a70b90"},"potentialAction":[{"@type":"SearchAction","target":{"@type":"EntryPoint","urlTemplate":"https:\/\/apuntesdesanluis.com\/?s={search_term_string}"},"query-input":{"@type":"PropertyValueSpecification","valueRequired":true,"valueName":"search_term_string"}}],"inLanguage":"es-AR"},{"@type":["Person","Organization"],"@id":"https:\/\/apuntesdesanluis.com\/#\/schema\/person\/b55151d52296fcce64d1a72538a70b90","name":"apuntesdesanluis.com","image":{"@type":"ImageObject","inLanguage":"es-AR","@id":"https:\/\/apuntesdesanluis.com\/#\/schema\/person\/image\/","url":"https:\/\/apuntesdesanluis.com\/wp-content\/uploads\/2023\/07\/cropped-apuntesdesanluis.png","contentUrl":"https:\/\/apuntesdesanluis.com\/wp-content\/uploads\/2023\/07\/cropped-apuntesdesanluis.png","width":450,"height":112,"caption":"apuntesdesanluis.com"},"logo":{"@id":"https:\/\/apuntesdesanluis.com\/#\/schema\/person\/image\/"},"sameAs":["https:\/\/apuntesdesanluis.com"],"url":"https:\/\/apuntesdesanluis.com\/index.php\/author\/apuntesdesanluis-com\/"}]}},"featured_image_urls":{"full":["https:\/\/apuntesdesanluis.com\/wp-content\/uploads\/2024\/04\/periodista.png",600,314,false],"thumbnail":["https:\/\/apuntesdesanluis.com\/wp-content\/uploads\/2024\/04\/periodista-150x150.png",150,150,true],"medium":["https:\/\/apuntesdesanluis.com\/wp-content\/uploads\/2024\/04\/periodista-300x157.png",300,157,true],"medium_large":["https:\/\/apuntesdesanluis.com\/wp-content\/uploads\/2024\/04\/periodista.png",600,314,false],"large":["https:\/\/apuntesdesanluis.com\/wp-content\/uploads\/2024\/04\/periodista.png",600,314,false],"1536x1536":["https:\/\/apuntesdesanluis.com\/wp-content\/uploads\/2024\/04\/periodista.png",600,314,false],"2048x2048":["https:\/\/apuntesdesanluis.com\/wp-content\/uploads\/2024\/04\/periodista.png",600,314,false],"newsever-slider-full":["https:\/\/apuntesdesanluis.com\/wp-content\/uploads\/2024\/04\/periodista.png",600,314,false],"newsever-featured":["https:\/\/apuntesdesanluis.com\/wp-content\/uploads\/2024\/04\/periodista.png",600,314,false],"newsever-medium":["https:\/\/apuntesdesanluis.com\/wp-content\/uploads\/2024\/04\/periodista.png",600,314,false]},"author_info":{"display_name":"apuntesdesanluis.com","author_link":"https:\/\/apuntesdesanluis.com\/index.php\/author\/apuntesdesanluis-com\/"},"category_info":"<a href=\"https:\/\/apuntesdesanluis.com\/index.php\/category\/nacionales-internacionales\/\" rel=\"category tag\">Nacionales\/Internacionales<\/a>","tag_info":"Nacionales\/Internacionales","comment_count":"0","_links":{"self":[{"href":"https:\/\/apuntesdesanluis.com\/index.php\/wp-json\/wp\/v2\/posts\/14913","targetHints":{"allow":["GET"]}}],"collection":[{"href":"https:\/\/apuntesdesanluis.com\/index.php\/wp-json\/wp\/v2\/posts"}],"about":[{"href":"https:\/\/apuntesdesanluis.com\/index.php\/wp-json\/wp\/v2\/types\/post"}],"author":[{"embeddable":true,"href":"https:\/\/apuntesdesanluis.com\/index.php\/wp-json\/wp\/v2\/users\/1"}],"replies":[{"embeddable":true,"href":"https:\/\/apuntesdesanluis.com\/index.php\/wp-json\/wp\/v2\/comments?post=14913"}],"version-history":[{"count":1,"href":"https:\/\/apuntesdesanluis.com\/index.php\/wp-json\/wp\/v2\/posts\/14913\/revisions"}],"predecessor-version":[{"id":14915,"href":"https:\/\/apuntesdesanluis.com\/index.php\/wp-json\/wp\/v2\/posts\/14913\/revisions\/14915"}],"wp:featuredmedia":[{"embeddable":true,"href":"https:\/\/apuntesdesanluis.com\/index.php\/wp-json\/wp\/v2\/media\/14914"}],"wp:attachment":[{"href":"https:\/\/apuntesdesanluis.com\/index.php\/wp-json\/wp\/v2\/media?parent=14913"}],"wp:term":[{"taxonomy":"category","embeddable":true,"href":"https:\/\/apuntesdesanluis.com\/index.php\/wp-json\/wp\/v2\/categories?post=14913"},{"taxonomy":"post_tag","embeddable":true,"href":"https:\/\/apuntesdesanluis.com\/index.php\/wp-json\/wp\/v2\/tags?post=14913"}],"curies":[{"name":"wp","href":"https:\/\/api.w.org\/{rel}","templated":true}]}}