{"id":14916,"date":"2024-04-18T21:11:40","date_gmt":"2024-04-19T00:11:40","guid":{"rendered":"https:\/\/apuntesdesanluis.com\/?p=14916"},"modified":"2024-04-18T21:12:03","modified_gmt":"2024-04-19T00:12:03","slug":"lanata-concreto-su-denuncia-contra-milei-y-la-causa-recayo-en-el-juzgado-de-ariel-lijo","status":"publish","type":"post","link":"https:\/\/apuntesdesanluis.com\/index.php\/2024\/04\/18\/lanata-concreto-su-denuncia-contra-milei-y-la-causa-recayo-en-el-juzgado-de-ariel-lijo\/","title":{"rendered":"LANATA CONCRET\u00d3 SU DENUNCIA CONTRA MILEI Y LA CAUSA RECAY\u00d3 EN EL JUZGADO DE ARIEL LIJO"},"content":{"rendered":"<h3>El periodista <strong>Jorge Lanata<\/strong> present\u00f3 este jueves su anunciada denuncia penal contra el presidente <strong>Javier Milei<\/strong> por haberlo llamado p\u00fablicamente \u201censobrado\u201d.<\/h3>\n<h3>Lanata denunci\u00f3 la presunta comisi\u00f3n del delito de \u201cinjurias\u201d, que consiste en adjudicarle a otra persona una conducta que implica un desvalor sobre su persona.<\/h3>\n<h3>La causa qued\u00f3 registrada con el n\u00famero 1431\/2024 y recay\u00f3 por sorteo en el juzgado federal n\u00famero cuatro, a cargo del juez <strong>Ariel Lijo<\/strong>, el mismo magistrado que el presidente Javier Milei propuso para integrar la Corte Suprema de Justicia de la naci\u00f3n, por lo que deber\u00eda excusarse, por \u00e9tica.<\/h3>\n<h3>\u201cMilei ha ido mucho m\u00e1s all\u00e1 del ejercicio de su derecho a difundir ideas y opiniones. Se ha dedicado a agraviarme sin justificativo ni causa alguna\u201d, sostuvo Lanata en su querella, patrocinada por los abogados Elba Marcovecchio y Patricio Carball\u00e9s.<\/h3>\n<h3>El periodista denunci\u00f3 un \u201cataque incesante a la prensa\u201d, que incluye \u2013adem\u00e1s de su caso- a otros colegas a los que el Presidente tambi\u00e9n cuestion\u00f3 en sus redes sociales.<\/h3>\n<h3>Lanata critic\u00f3 la presencia del embajador de Israel en la Argentina, Eyal Sela,\u00a0 durante una reuni\u00f3n del Comit\u00e9 de Crisis creado ante la situaci\u00f3n de conflicto en Medio Oriente.<\/h3>\n<h3>Milei respondi\u00f3 en la red social X desmintiendo la presencia del diplom\u00e1tico en la reuni\u00f3n (aunque admiti\u00f3 que estuvo en la previa), calificando a Lanata como \u201clarretista\u201d (seguidor del ex precandidato presidencial Horacio Rodr\u00edguez Larreta) y se pregunt\u00f3: \u201c\u00bfDecir la verdad requiere sobre?&#8221;.<\/h3>\n<h3>\u201cMe identifica como \u2019larretista\u2019, algo que no soy en modo alguno\u201d, resume la presentaci\u00f3n.<\/h3>\n<h3>\u201cEl tildar de \u2018mentiroso\u2019 y de recibir sobres tiene la un\u00edvoca intenci\u00f3n de da\u00f1ar la reputaci\u00f3n de la persona atacada. (\u2026) Ello no hace m\u00e1s que agravar la ofensa, pues para la tipificaci\u00f3n del delito alcanza con que el conocimiento de la injuria haya sido llevado, por obra intencional del agente, a terceros ajenos al proceso\u201d, sintetiz\u00f3.<\/h3>\n<h3><span style=\"color: #3366ff;\">NOTICIAS RELACIONADAS:<\/span><\/h3>\n<p><a href=\"https:\/\/apuntesdesanluis.com\/index.php\/2024\/03\/28\/a-pesar-de-las-criticias-milei-oficializo-nominaciones-de-lijo-y-garcia-mansilla-para-la-corte-suprema\/\" target=\"_blank\" rel=\"noopener\"><img fetchpriority=\"high\" decoding=\"async\" class=\"alignnone wp-image-14917\" src=\"https:\/\/apuntesdesanluis.com\/wp-content\/uploads\/2024\/04\/lijo-posteo-300x231.png\" alt=\"\" width=\"510\" height=\"393\" srcset=\"https:\/\/apuntesdesanluis.com\/wp-content\/uploads\/2024\/04\/lijo-posteo-300x231.png 300w, https:\/\/apuntesdesanluis.com\/wp-content\/uploads\/2024\/04\/lijo-posteo.png 689w\" sizes=\"(max-width: 510px) 100vw, 510px\" \/><\/a><\/p>\n<p><img decoding=\"async\" class=\"alignnone wp-image-14918\" src=\"https:\/\/apuntesdesanluis.com\/wp-content\/uploads\/2024\/04\/LANATA-POSTEO-300x231.png\" alt=\"\" width=\"510\" height=\"393\" srcset=\"https:\/\/apuntesdesanluis.com\/wp-content\/uploads\/2024\/04\/LANATA-POSTEO-300x231.png 300w, https:\/\/apuntesdesanluis.com\/wp-content\/uploads\/2024\/04\/LANATA-POSTEO.png 695w\" sizes=\"(max-width: 510px) 100vw, 510px\" \/><\/p>\n<p>&nbsp;<\/p>\n<p>&nbsp;<\/p>\n<p>&nbsp;<\/p>\n","protected":false},"excerpt":{"rendered":"<p>El periodista Jorge Lanata present\u00f3 este jueves su anunciada denuncia penal contra el presidente Javier&#8230;<\/p>\n","protected":false},"author":1,"featured_media":14919,"comment_status":"closed","ping_status":"closed","sticky":false,"template":"","format":"standard","meta":{"footnotes":""},"categories":[5],"tags":[],"class_list":["post-14916","post","type-post","status-publish","format-standard","has-post-thumbnail","hentry","category-nacionales-internacionales"],"yoast_head":"<!-- This site is optimized with the Yoast SEO plugin v26.1.1 - https:\/\/yoast.com\/wordpress\/plugins\/seo\/ -->\n<title>LANATA CONCRET\u00d3 SU DENUNCIA CONTRA MILEI Y LA CAUSA RECAY\u00d3 EN EL JUZGADO DE ARIEL LIJO - Apuntes de San Luis<\/title>\n<meta name=\"robots\" content=\"index, follow, max-snippet:-1, max-image-preview:large, max-video-preview:-1\" \/>\n<link rel=\"canonical\" href=\"https:\/\/apuntesdesanluis.com\/index.php\/2024\/04\/18\/lanata-concreto-su-denuncia-contra-milei-y-la-causa-recayo-en-el-juzgado-de-ariel-lijo\/\" \/>\n<meta property=\"og:locale\" content=\"es_ES\" \/>\n<meta property=\"og:type\" content=\"article\" \/>\n<meta property=\"og:title\" content=\"LANATA CONCRET\u00d3 SU DENUNCIA CONTRA MILEI Y LA CAUSA RECAY\u00d3 EN EL JUZGADO DE ARIEL LIJO - Apuntes de San Luis\" \/>\n<meta property=\"og:description\" content=\"El periodista Jorge Lanata present\u00f3 este jueves su anunciada denuncia penal contra el presidente Javier...\" \/>\n<meta property=\"og:url\" content=\"https:\/\/apuntesdesanluis.com\/index.php\/2024\/04\/18\/lanata-concreto-su-denuncia-contra-milei-y-la-causa-recayo-en-el-juzgado-de-ariel-lijo\/\" \/>\n<meta property=\"og:site_name\" content=\"Apuntes de San Luis\" \/>\n<meta property=\"article:published_time\" content=\"2024-04-19T00:11:40+00:00\" \/>\n<meta property=\"article:modified_time\" content=\"2024-04-19T00:12:03+00:00\" \/>\n<meta property=\"og:image\" content=\"https:\/\/apuntesdesanluis.com\/wp-content\/uploads\/2024\/04\/lanata-milei.png\" \/>\n\t<meta property=\"og:image:width\" content=\"751\" \/>\n\t<meta property=\"og:image:height\" content=\"437\" \/>\n\t<meta property=\"og:image:type\" content=\"image\/png\" \/>\n<meta name=\"author\" content=\"apuntesdesanluis.com\" \/>\n<meta name=\"twitter:card\" content=\"summary_large_image\" \/>\n<meta name=\"twitter:label1\" content=\"Escrito por\" \/>\n\t<meta name=\"twitter:data1\" content=\"apuntesdesanluis.com\" \/>\n\t<meta name=\"twitter:label2\" content=\"Tiempo de lectura\" \/>\n\t<meta name=\"twitter:data2\" content=\"2 minutos\" \/>\n<script type=\"application\/ld+json\" class=\"yoast-schema-graph\">{\"@context\":\"https:\/\/schema.org\",\"@graph\":[{\"@type\":\"Article\",\"@id\":\"https:\/\/apuntesdesanluis.com\/index.php\/2024\/04\/18\/lanata-concreto-su-denuncia-contra-milei-y-la-causa-recayo-en-el-juzgado-de-ariel-lijo\/#article\",\"isPartOf\":{\"@id\":\"https:\/\/apuntesdesanluis.com\/index.php\/2024\/04\/18\/lanata-concreto-su-denuncia-contra-milei-y-la-causa-recayo-en-el-juzgado-de-ariel-lijo\/\"},\"author\":{\"name\":\"apuntesdesanluis.com\",\"@id\":\"https:\/\/apuntesdesanluis.com\/#\/schema\/person\/b55151d52296fcce64d1a72538a70b90\"},\"headline\":\"LANATA CONCRET\u00d3 SU DENUNCIA CONTRA MILEI Y LA CAUSA RECAY\u00d3 EN EL JUZGADO DE ARIEL LIJO\",\"datePublished\":\"2024-04-19T00:11:40+00:00\",\"dateModified\":\"2024-04-19T00:12:03+00:00\",\"mainEntityOfPage\":{\"@id\":\"https:\/\/apuntesdesanluis.com\/index.php\/2024\/04\/18\/lanata-concreto-su-denuncia-contra-milei-y-la-causa-recayo-en-el-juzgado-de-ariel-lijo\/\"},\"wordCount\":349,\"publisher\":{\"@id\":\"https:\/\/apuntesdesanluis.com\/#\/schema\/person\/b55151d52296fcce64d1a72538a70b90\"},\"image\":{\"@id\":\"https:\/\/apuntesdesanluis.com\/index.php\/2024\/04\/18\/lanata-concreto-su-denuncia-contra-milei-y-la-causa-recayo-en-el-juzgado-de-ariel-lijo\/#primaryimage\"},\"thumbnailUrl\":\"https:\/\/apuntesdesanluis.com\/wp-content\/uploads\/2024\/04\/lanata-milei.png\",\"articleSection\":[\"Nacionales\/Internacionales\"],\"inLanguage\":\"es-AR\"},{\"@type\":\"WebPage\",\"@id\":\"https:\/\/apuntesdesanluis.com\/index.php\/2024\/04\/18\/lanata-concreto-su-denuncia-contra-milei-y-la-causa-recayo-en-el-juzgado-de-ariel-lijo\/\",\"url\":\"https:\/\/apuntesdesanluis.com\/index.php\/2024\/04\/18\/lanata-concreto-su-denuncia-contra-milei-y-la-causa-recayo-en-el-juzgado-de-ariel-lijo\/\",\"name\":\"LANATA CONCRET\u00d3 SU DENUNCIA CONTRA MILEI Y LA CAUSA RECAY\u00d3 EN EL JUZGADO DE ARIEL LIJO - Apuntes de San Luis\",\"isPartOf\":{\"@id\":\"https:\/\/apuntesdesanluis.com\/#website\"},\"primaryImageOfPage\":{\"@id\":\"https:\/\/apuntesdesanluis.com\/index.php\/2024\/04\/18\/lanata-concreto-su-denuncia-contra-milei-y-la-causa-recayo-en-el-juzgado-de-ariel-lijo\/#primaryimage\"},\"image\":{\"@id\":\"https:\/\/apuntesdesanluis.com\/index.php\/2024\/04\/18\/lanata-concreto-su-denuncia-contra-milei-y-la-causa-recayo-en-el-juzgado-de-ariel-lijo\/#primaryimage\"},\"thumbnailUrl\":\"https:\/\/apuntesdesanluis.com\/wp-content\/uploads\/2024\/04\/lanata-milei.png\",\"datePublished\":\"2024-04-19T00:11:40+00:00\",\"dateModified\":\"2024-04-19T00:12:03+00:00\",\"breadcrumb\":{\"@id\":\"https:\/\/apuntesdesanluis.com\/index.php\/2024\/04\/18\/lanata-concreto-su-denuncia-contra-milei-y-la-causa-recayo-en-el-juzgado-de-ariel-lijo\/#breadcrumb\"},\"inLanguage\":\"es-AR\",\"potentialAction\":[{\"@type\":\"ReadAction\",\"target\":[\"https:\/\/apuntesdesanluis.com\/index.php\/2024\/04\/18\/lanata-concreto-su-denuncia-contra-milei-y-la-causa-recayo-en-el-juzgado-de-ariel-lijo\/\"]}]},{\"@type\":\"ImageObject\",\"inLanguage\":\"es-AR\",\"@id\":\"https:\/\/apuntesdesanluis.com\/index.php\/2024\/04\/18\/lanata-concreto-su-denuncia-contra-milei-y-la-causa-recayo-en-el-juzgado-de-ariel-lijo\/#primaryimage\",\"url\":\"https:\/\/apuntesdesanluis.com\/wp-content\/uploads\/2024\/04\/lanata-milei.png\",\"contentUrl\":\"https:\/\/apuntesdesanluis.com\/wp-content\/uploads\/2024\/04\/lanata-milei.png\",\"width\":751,\"height\":437},{\"@type\":\"BreadcrumbList\",\"@id\":\"https:\/\/apuntesdesanluis.com\/index.php\/2024\/04\/18\/lanata-concreto-su-denuncia-contra-milei-y-la-causa-recayo-en-el-juzgado-de-ariel-lijo\/#breadcrumb\",\"itemListElement\":[{\"@type\":\"ListItem\",\"position\":1,\"name\":\"Inicio\",\"item\":\"https:\/\/apuntesdesanluis.com\/\"},{\"@type\":\"ListItem\",\"position\":2,\"name\":\"LANATA CONCRET\u00d3 SU DENUNCIA CONTRA MILEI Y LA CAUSA RECAY\u00d3 EN EL JUZGADO DE ARIEL LIJO\"}]},{\"@type\":\"WebSite\",\"@id\":\"https:\/\/apuntesdesanluis.com\/#website\",\"url\":\"https:\/\/apuntesdesanluis.com\/\",\"name\":\"Apuntes de San Luis\",\"description\":\"\",\"publisher\":{\"@id\":\"https:\/\/apuntesdesanluis.com\/#\/schema\/person\/b55151d52296fcce64d1a72538a70b90\"},\"potentialAction\":[{\"@type\":\"SearchAction\",\"target\":{\"@type\":\"EntryPoint\",\"urlTemplate\":\"https:\/\/apuntesdesanluis.com\/?s={search_term_string}\"},\"query-input\":{\"@type\":\"PropertyValueSpecification\",\"valueRequired\":true,\"valueName\":\"search_term_string\"}}],\"inLanguage\":\"es-AR\"},{\"@type\":[\"Person\",\"Organization\"],\"@id\":\"https:\/\/apuntesdesanluis.com\/#\/schema\/person\/b55151d52296fcce64d1a72538a70b90\",\"name\":\"apuntesdesanluis.com\",\"image\":{\"@type\":\"ImageObject\",\"inLanguage\":\"es-AR\",\"@id\":\"https:\/\/apuntesdesanluis.com\/#\/schema\/person\/image\/\",\"url\":\"https:\/\/apuntesdesanluis.com\/wp-content\/uploads\/2023\/07\/cropped-apuntesdesanluis.png\",\"contentUrl\":\"https:\/\/apuntesdesanluis.com\/wp-content\/uploads\/2023\/07\/cropped-apuntesdesanluis.png\",\"width\":450,\"height\":112,\"caption\":\"apuntesdesanluis.com\"},\"logo\":{\"@id\":\"https:\/\/apuntesdesanluis.com\/#\/schema\/person\/image\/\"},\"sameAs\":[\"https:\/\/apuntesdesanluis.com\"],\"url\":\"https:\/\/apuntesdesanluis.com\/index.php\/author\/apuntesdesanluis-com\/\"}]}<\/script>\n<!-- \/ Yoast SEO plugin. -->","yoast_head_json":{"title":"LANATA CONCRET\u00d3 SU DENUNCIA CONTRA MILEI Y LA CAUSA RECAY\u00d3 EN EL JUZGADO DE ARIEL LIJO - Apuntes de San Luis","robots":{"index":"index","follow":"follow","max-snippet":"max-snippet:-1","max-image-preview":"max-image-preview:large","max-video-preview":"max-video-preview:-1"},"canonical":"https:\/\/apuntesdesanluis.com\/index.php\/2024\/04\/18\/lanata-concreto-su-denuncia-contra-milei-y-la-causa-recayo-en-el-juzgado-de-ariel-lijo\/","og_locale":"es_ES","og_type":"article","og_title":"LANATA CONCRET\u00d3 SU DENUNCIA CONTRA MILEI Y LA CAUSA RECAY\u00d3 EN EL JUZGADO DE ARIEL LIJO - Apuntes de San Luis","og_description":"El periodista Jorge Lanata present\u00f3 este jueves su anunciada denuncia penal contra el presidente Javier...","og_url":"https:\/\/apuntesdesanluis.com\/index.php\/2024\/04\/18\/lanata-concreto-su-denuncia-contra-milei-y-la-causa-recayo-en-el-juzgado-de-ariel-lijo\/","og_site_name":"Apuntes de San Luis","article_published_time":"2024-04-19T00:11:40+00:00","article_modified_time":"2024-04-19T00:12:03+00:00","og_image":[{"width":751,"height":437,"url":"https:\/\/apuntesdesanluis.com\/wp-content\/uploads\/2024\/04\/lanata-milei.png","type":"image\/png"}],"author":"apuntesdesanluis.com","twitter_card":"summary_large_image","twitter_misc":{"Escrito por":"apuntesdesanluis.com","Tiempo de lectura":"2 minutos"},"schema":{"@context":"https:\/\/schema.org","@graph":[{"@type":"Article","@id":"https:\/\/apuntesdesanluis.com\/index.php\/2024\/04\/18\/lanata-concreto-su-denuncia-contra-milei-y-la-causa-recayo-en-el-juzgado-de-ariel-lijo\/#article","isPartOf":{"@id":"https:\/\/apuntesdesanluis.com\/index.php\/2024\/04\/18\/lanata-concreto-su-denuncia-contra-milei-y-la-causa-recayo-en-el-juzgado-de-ariel-lijo\/"},"author":{"name":"apuntesdesanluis.com","@id":"https:\/\/apuntesdesanluis.com\/#\/schema\/person\/b55151d52296fcce64d1a72538a70b90"},"headline":"LANATA CONCRET\u00d3 SU DENUNCIA CONTRA MILEI Y LA CAUSA RECAY\u00d3 EN EL JUZGADO DE ARIEL LIJO","datePublished":"2024-04-19T00:11:40+00:00","dateModified":"2024-04-19T00:12:03+00:00","mainEntityOfPage":{"@id":"https:\/\/apuntesdesanluis.com\/index.php\/2024\/04\/18\/lanata-concreto-su-denuncia-contra-milei-y-la-causa-recayo-en-el-juzgado-de-ariel-lijo\/"},"wordCount":349,"publisher":{"@id":"https:\/\/apuntesdesanluis.com\/#\/schema\/person\/b55151d52296fcce64d1a72538a70b90"},"image":{"@id":"https:\/\/apuntesdesanluis.com\/index.php\/2024\/04\/18\/lanata-concreto-su-denuncia-contra-milei-y-la-causa-recayo-en-el-juzgado-de-ariel-lijo\/#primaryimage"},"thumbnailUrl":"https:\/\/apuntesdesanluis.com\/wp-content\/uploads\/2024\/04\/lanata-milei.png","articleSection":["Nacionales\/Internacionales"],"inLanguage":"es-AR"},{"@type":"WebPage","@id":"https:\/\/apuntesdesanluis.com\/index.php\/2024\/04\/18\/lanata-concreto-su-denuncia-contra-milei-y-la-causa-recayo-en-el-juzgado-de-ariel-lijo\/","url":"https:\/\/apuntesdesanluis.com\/index.php\/2024\/04\/18\/lanata-concreto-su-denuncia-contra-milei-y-la-causa-recayo-en-el-juzgado-de-ariel-lijo\/","name":"LANATA CONCRET\u00d3 SU DENUNCIA CONTRA MILEI Y LA CAUSA RECAY\u00d3 EN EL JUZGADO DE ARIEL LIJO - Apuntes de San Luis","isPartOf":{"@id":"https:\/\/apuntesdesanluis.com\/#website"},"primaryImageOfPage":{"@id":"https:\/\/apuntesdesanluis.com\/index.php\/2024\/04\/18\/lanata-concreto-su-denuncia-contra-milei-y-la-causa-recayo-en-el-juzgado-de-ariel-lijo\/#primaryimage"},"image":{"@id":"https:\/\/apuntesdesanluis.com\/index.php\/2024\/04\/18\/lanata-concreto-su-denuncia-contra-milei-y-la-causa-recayo-en-el-juzgado-de-ariel-lijo\/#primaryimage"},"thumbnailUrl":"https:\/\/apuntesdesanluis.com\/wp-content\/uploads\/2024\/04\/lanata-milei.png","datePublished":"2024-04-19T00:11:40+00:00","dateModified":"2024-04-19T00:12:03+00:00","breadcrumb":{"@id":"https:\/\/apuntesdesanluis.com\/index.php\/2024\/04\/18\/lanata-concreto-su-denuncia-contra-milei-y-la-causa-recayo-en-el-juzgado-de-ariel-lijo\/#breadcrumb"},"inLanguage":"es-AR","potentialAction":[{"@type":"ReadAction","target":["https:\/\/apuntesdesanluis.com\/index.php\/2024\/04\/18\/lanata-concreto-su-denuncia-contra-milei-y-la-causa-recayo-en-el-juzgado-de-ariel-lijo\/"]}]},{"@type":"ImageObject","inLanguage":"es-AR","@id":"https:\/\/apuntesdesanluis.com\/index.php\/2024\/04\/18\/lanata-concreto-su-denuncia-contra-milei-y-la-causa-recayo-en-el-juzgado-de-ariel-lijo\/#primaryimage","url":"https:\/\/apuntesdesanluis.com\/wp-content\/uploads\/2024\/04\/lanata-milei.png","contentUrl":"https:\/\/apuntesdesanluis.com\/wp-content\/uploads\/2024\/04\/lanata-milei.png","width":751,"height":437},{"@type":"BreadcrumbList","@id":"https:\/\/apuntesdesanluis.com\/index.php\/2024\/04\/18\/lanata-concreto-su-denuncia-contra-milei-y-la-causa-recayo-en-el-juzgado-de-ariel-lijo\/#breadcrumb","itemListElement":[{"@type":"ListItem","position":1,"name":"Inicio","item":"https:\/\/apuntesdesanluis.com\/"},{"@type":"ListItem","position":2,"name":"LANATA CONCRET\u00d3 SU DENUNCIA CONTRA MILEI Y LA CAUSA RECAY\u00d3 EN EL JUZGADO DE ARIEL LIJO"}]},{"@type":"WebSite","@id":"https:\/\/apuntesdesanluis.com\/#website","url":"https:\/\/apuntesdesanluis.com\/","name":"Apuntes de San Luis","description":"","publisher":{"@id":"https:\/\/apuntesdesanluis.com\/#\/schema\/person\/b55151d52296fcce64d1a72538a70b90"},"potentialAction":[{"@type":"SearchAction","target":{"@type":"EntryPoint","urlTemplate":"https:\/\/apuntesdesanluis.com\/?s={search_term_string}"},"query-input":{"@type":"PropertyValueSpecification","valueRequired":true,"valueName":"search_term_string"}}],"inLanguage":"es-AR"},{"@type":["Person","Organization"],"@id":"https:\/\/apuntesdesanluis.com\/#\/schema\/person\/b55151d52296fcce64d1a72538a70b90","name":"apuntesdesanluis.com","image":{"@type":"ImageObject","inLanguage":"es-AR","@id":"https:\/\/apuntesdesanluis.com\/#\/schema\/person\/image\/","url":"https:\/\/apuntesdesanluis.com\/wp-content\/uploads\/2023\/07\/cropped-apuntesdesanluis.png","contentUrl":"https:\/\/apuntesdesanluis.com\/wp-content\/uploads\/2023\/07\/cropped-apuntesdesanluis.png","width":450,"height":112,"caption":"apuntesdesanluis.com"},"logo":{"@id":"https:\/\/apuntesdesanluis.com\/#\/schema\/person\/image\/"},"sameAs":["https:\/\/apuntesdesanluis.com"],"url":"https:\/\/apuntesdesanluis.com\/index.php\/author\/apuntesdesanluis-com\/"}]}},"featured_image_urls":{"full":["https:\/\/apuntesdesanluis.com\/wp-content\/uploads\/2024\/04\/lanata-milei.png",751,437,false],"thumbnail":["https:\/\/apuntesdesanluis.com\/wp-content\/uploads\/2024\/04\/lanata-milei-150x150.png",150,150,true],"medium":["https:\/\/apuntesdesanluis.com\/wp-content\/uploads\/2024\/04\/lanata-milei-300x175.png",300,175,true],"medium_large":["https:\/\/apuntesdesanluis.com\/wp-content\/uploads\/2024\/04\/lanata-milei.png",640,372,false],"large":["https:\/\/apuntesdesanluis.com\/wp-content\/uploads\/2024\/04\/lanata-milei.png",640,372,false],"1536x1536":["https:\/\/apuntesdesanluis.com\/wp-content\/uploads\/2024\/04\/lanata-milei.png",751,437,false],"2048x2048":["https:\/\/apuntesdesanluis.com\/wp-content\/uploads\/2024\/04\/lanata-milei.png",751,437,false],"newsever-slider-full":["https:\/\/apuntesdesanluis.com\/wp-content\/uploads\/2024\/04\/lanata-milei.png",751,437,false],"newsever-featured":["https:\/\/apuntesdesanluis.com\/wp-content\/uploads\/2024\/04\/lanata-milei.png",751,437,false],"newsever-medium":["https:\/\/apuntesdesanluis.com\/wp-content\/uploads\/2024\/04\/lanata-milei-720x437.png",720,437,true]},"author_info":{"display_name":"apuntesdesanluis.com","author_link":"https:\/\/apuntesdesanluis.com\/index.php\/author\/apuntesdesanluis-com\/"},"category_info":"<a href=\"https:\/\/apuntesdesanluis.com\/index.php\/category\/nacionales-internacionales\/\" rel=\"category tag\">Nacionales\/Internacionales<\/a>","tag_info":"Nacionales\/Internacionales","comment_count":"0","_links":{"self":[{"href":"https:\/\/apuntesdesanluis.com\/index.php\/wp-json\/wp\/v2\/posts\/14916","targetHints":{"allow":["GET"]}}],"collection":[{"href":"https:\/\/apuntesdesanluis.com\/index.php\/wp-json\/wp\/v2\/posts"}],"about":[{"href":"https:\/\/apuntesdesanluis.com\/index.php\/wp-json\/wp\/v2\/types\/post"}],"author":[{"embeddable":true,"href":"https:\/\/apuntesdesanluis.com\/index.php\/wp-json\/wp\/v2\/users\/1"}],"replies":[{"embeddable":true,"href":"https:\/\/apuntesdesanluis.com\/index.php\/wp-json\/wp\/v2\/comments?post=14916"}],"version-history":[{"count":2,"href":"https:\/\/apuntesdesanluis.com\/index.php\/wp-json\/wp\/v2\/posts\/14916\/revisions"}],"predecessor-version":[{"id":14921,"href":"https:\/\/apuntesdesanluis.com\/index.php\/wp-json\/wp\/v2\/posts\/14916\/revisions\/14921"}],"wp:featuredmedia":[{"embeddable":true,"href":"https:\/\/apuntesdesanluis.com\/index.php\/wp-json\/wp\/v2\/media\/14919"}],"wp:attachment":[{"href":"https:\/\/apuntesdesanluis.com\/index.php\/wp-json\/wp\/v2\/media?parent=14916"}],"wp:term":[{"taxonomy":"category","embeddable":true,"href":"https:\/\/apuntesdesanluis.com\/index.php\/wp-json\/wp\/v2\/categories?post=14916"},{"taxonomy":"post_tag","embeddable":true,"href":"https:\/\/apuntesdesanluis.com\/index.php\/wp-json\/wp\/v2\/tags?post=14916"}],"curies":[{"name":"wp","href":"https:\/\/api.w.org\/{rel}","templated":true}]}}