{"id":14922,"date":"2024-04-18T21:23:11","date_gmt":"2024-04-19T00:23:11","guid":{"rendered":"https:\/\/apuntesdesanluis.com\/?p=14922"},"modified":"2024-04-18T21:25:15","modified_gmt":"2024-04-19T00:25:15","slug":"el-frente-sindical-de-universidades-nacionales-rechazo-la-propuesta-de-aumento-del-8","status":"publish","type":"post","link":"https:\/\/apuntesdesanluis.com\/index.php\/2024\/04\/18\/el-frente-sindical-de-universidades-nacionales-rechazo-la-propuesta-de-aumento-del-8\/","title":{"rendered":"EL FRENTE SINDICAL DE UNIVERSIDADES NACIONALES RECHAZ\u00d3 LA PROPUESTA DE AUMENTO DEL 8%"},"content":{"rendered":"<h3>Se agrava el conflicto entre el gobierno y el personal de las universidades nacionales, al fracasar el \u00faltimo encuentro paritario, tras el rid\u00edculo porcentaje de aumento salarial propuesto por el gobierno nacional. El Frente Sindical de Universidades Nacionales rechaz\u00f3 la propuesta de incremento salarial del 8% por considerarla insuficiente, frente a la p\u00e9rdida de poder adquisitivo de los \u00faltimos meses.<\/h3>\n<h3>Al respecto, CONADU dio la conocer una dura declaraci\u00f3n que emitieron las organizaciones gremiales que adhieren al frente:<\/h3>\n<h3>\u201cUna nueva provocaci\u00f3n de un gobierno que claramente quiere eliminar la Universidad P\u00fablica. Ante una inflaci\u00f3n del 90 % desde su asunci\u00f3n, la recomposici\u00f3n desde el inicio de su gobierno apenas llega a un vergonzoso 40%; esto pone a la mayor\u00eda de la docencia universitaria bajo la l\u00ednea de pobreza y siguen mintiendo al afirmar que su gesti\u00f3n prioriza la educaci\u00f3n.<\/h3>\n<h3>Ante este marco de clara desidia por lo p\u00fablico y ante la sistem\u00e1tica destrucci\u00f3n del Estado: &#8220;El Frente Sindical de Universidades Nacionales rechaz\u00f3 la propuesta de 8% de incremento salarial&#8221;, indic\u00f3 el Secretario General de la Asociaci\u00f3n de Docentes e Investigadores de la UNViMe, <strong>Arnoldo Pucci<\/strong>, integrante de la mesa directiva de CONADU.<\/h3>\n<h3>El comunicado agrega: \u201cEl Frente Sindical de Universidades Nacionales rechaz\u00f3 la propuesta realizada hoy -18\/04- por parte del gobierno nacional de un incremento salarial para el mes de abril del 8%. Se consider\u00f3 que esta propuesta es totalmente insuficiente ya que no recupera la p\u00e9rdida salarial del orden del 50% que recae sobre los salarios de las y los trabajadores docentes y no docentes de las universidades p\u00fablicas\u201d.<\/h3>\n<h3>Asimismo, el frente rechaz\u00f3 categ\u00f3ricamente que el incremento se resuelva por decisi\u00f3n unilateral de la parte empleadora. \u201cLa imposici\u00f3n salarial patronal que esta parte rechaza, no constituye un acuerdo paritario ni se deriva de una negociaci\u00f3n salarial ya que es fruto de la unilateral y arbitraria decisi\u00f3n del sector empleador (en este caso, el gobierno nacional)\u201d.<\/h3>\n<h3>Suscriben la declaraci\u00f3n CONADU &#8211; CONADU Hist\u00f3rica \u2013 FEDUN \u2013 CTERA \u2013 FAGDUT \u2013 FATUN &#8211; UDA.<\/h3>\n<p>&nbsp;<\/p>\n<p>&nbsp;<\/p>\n<p>&nbsp;<\/p>\n<p>&nbsp;<\/p>\n<p>&nbsp;<\/p>\n<p>&nbsp;<\/p>\n","protected":false},"excerpt":{"rendered":"<p>Se agrava el conflicto entre el gobierno y el personal de las universidades nacionales, al&#8230;<\/p>\n","protected":false},"author":1,"featured_media":14923,"comment_status":"closed","ping_status":"closed","sticky":false,"template":"","format":"standard","meta":{"footnotes":""},"categories":[5],"tags":[],"class_list":["post-14922","post","type-post","status-publish","format-standard","has-post-thumbnail","hentry","category-nacionales-internacionales"],"yoast_head":"<!-- This site is optimized with the Yoast SEO plugin v26.1.1 - https:\/\/yoast.com\/wordpress\/plugins\/seo\/ -->\n<title>EL FRENTE SINDICAL DE UNIVERSIDADES NACIONALES RECHAZ\u00d3 LA PROPUESTA DE AUMENTO DEL 8% - Apuntes de San Luis<\/title>\n<meta name=\"robots\" content=\"index, follow, max-snippet:-1, max-image-preview:large, max-video-preview:-1\" \/>\n<link rel=\"canonical\" href=\"https:\/\/apuntesdesanluis.com\/index.php\/2024\/04\/18\/el-frente-sindical-de-universidades-nacionales-rechazo-la-propuesta-de-aumento-del-8\/\" \/>\n<meta property=\"og:locale\" content=\"es_ES\" \/>\n<meta property=\"og:type\" content=\"article\" \/>\n<meta property=\"og:title\" content=\"EL FRENTE SINDICAL DE UNIVERSIDADES NACIONALES RECHAZ\u00d3 LA PROPUESTA DE AUMENTO DEL 8% - Apuntes de San Luis\" \/>\n<meta property=\"og:description\" content=\"Se agrava el conflicto entre el gobierno y el personal de las universidades nacionales, al...\" \/>\n<meta property=\"og:url\" content=\"https:\/\/apuntesdesanluis.com\/index.php\/2024\/04\/18\/el-frente-sindical-de-universidades-nacionales-rechazo-la-propuesta-de-aumento-del-8\/\" \/>\n<meta property=\"og:site_name\" content=\"Apuntes de San Luis\" \/>\n<meta property=\"article:published_time\" content=\"2024-04-19T00:23:11+00:00\" \/>\n<meta property=\"article:modified_time\" content=\"2024-04-19T00:25:15+00:00\" \/>\n<meta property=\"og:image\" content=\"https:\/\/apuntesdesanluis.com\/wp-content\/uploads\/2024\/04\/frente-sindical.png\" \/>\n\t<meta property=\"og:image:width\" content=\"600\" \/>\n\t<meta property=\"og:image:height\" content=\"331\" \/>\n\t<meta property=\"og:image:type\" content=\"image\/png\" \/>\n<meta name=\"author\" content=\"apuntesdesanluis.com\" \/>\n<meta name=\"twitter:card\" content=\"summary_large_image\" \/>\n<meta name=\"twitter:label1\" content=\"Escrito por\" \/>\n\t<meta name=\"twitter:data1\" content=\"apuntesdesanluis.com\" \/>\n\t<meta name=\"twitter:label2\" content=\"Tiempo de lectura\" \/>\n\t<meta name=\"twitter:data2\" content=\"2 minutos\" \/>\n<script type=\"application\/ld+json\" class=\"yoast-schema-graph\">{\"@context\":\"https:\/\/schema.org\",\"@graph\":[{\"@type\":\"Article\",\"@id\":\"https:\/\/apuntesdesanluis.com\/index.php\/2024\/04\/18\/el-frente-sindical-de-universidades-nacionales-rechazo-la-propuesta-de-aumento-del-8\/#article\",\"isPartOf\":{\"@id\":\"https:\/\/apuntesdesanluis.com\/index.php\/2024\/04\/18\/el-frente-sindical-de-universidades-nacionales-rechazo-la-propuesta-de-aumento-del-8\/\"},\"author\":{\"name\":\"apuntesdesanluis.com\",\"@id\":\"https:\/\/apuntesdesanluis.com\/#\/schema\/person\/b55151d52296fcce64d1a72538a70b90\"},\"headline\":\"EL FRENTE SINDICAL DE UNIVERSIDADES NACIONALES RECHAZ\u00d3 LA PROPUESTA DE AUMENTO DEL 8%\",\"datePublished\":\"2024-04-19T00:23:11+00:00\",\"dateModified\":\"2024-04-19T00:25:15+00:00\",\"mainEntityOfPage\":{\"@id\":\"https:\/\/apuntesdesanluis.com\/index.php\/2024\/04\/18\/el-frente-sindical-de-universidades-nacionales-rechazo-la-propuesta-de-aumento-del-8\/\"},\"wordCount\":366,\"publisher\":{\"@id\":\"https:\/\/apuntesdesanluis.com\/#\/schema\/person\/b55151d52296fcce64d1a72538a70b90\"},\"image\":{\"@id\":\"https:\/\/apuntesdesanluis.com\/index.php\/2024\/04\/18\/el-frente-sindical-de-universidades-nacionales-rechazo-la-propuesta-de-aumento-del-8\/#primaryimage\"},\"thumbnailUrl\":\"https:\/\/apuntesdesanluis.com\/wp-content\/uploads\/2024\/04\/frente-sindical.png\",\"articleSection\":[\"Nacionales\/Internacionales\"],\"inLanguage\":\"es-AR\"},{\"@type\":\"WebPage\",\"@id\":\"https:\/\/apuntesdesanluis.com\/index.php\/2024\/04\/18\/el-frente-sindical-de-universidades-nacionales-rechazo-la-propuesta-de-aumento-del-8\/\",\"url\":\"https:\/\/apuntesdesanluis.com\/index.php\/2024\/04\/18\/el-frente-sindical-de-universidades-nacionales-rechazo-la-propuesta-de-aumento-del-8\/\",\"name\":\"EL FRENTE SINDICAL DE UNIVERSIDADES NACIONALES RECHAZ\u00d3 LA PROPUESTA DE AUMENTO DEL 8% - Apuntes de San Luis\",\"isPartOf\":{\"@id\":\"https:\/\/apuntesdesanluis.com\/#website\"},\"primaryImageOfPage\":{\"@id\":\"https:\/\/apuntesdesanluis.com\/index.php\/2024\/04\/18\/el-frente-sindical-de-universidades-nacionales-rechazo-la-propuesta-de-aumento-del-8\/#primaryimage\"},\"image\":{\"@id\":\"https:\/\/apuntesdesanluis.com\/index.php\/2024\/04\/18\/el-frente-sindical-de-universidades-nacionales-rechazo-la-propuesta-de-aumento-del-8\/#primaryimage\"},\"thumbnailUrl\":\"https:\/\/apuntesdesanluis.com\/wp-content\/uploads\/2024\/04\/frente-sindical.png\",\"datePublished\":\"2024-04-19T00:23:11+00:00\",\"dateModified\":\"2024-04-19T00:25:15+00:00\",\"breadcrumb\":{\"@id\":\"https:\/\/apuntesdesanluis.com\/index.php\/2024\/04\/18\/el-frente-sindical-de-universidades-nacionales-rechazo-la-propuesta-de-aumento-del-8\/#breadcrumb\"},\"inLanguage\":\"es-AR\",\"potentialAction\":[{\"@type\":\"ReadAction\",\"target\":[\"https:\/\/apuntesdesanluis.com\/index.php\/2024\/04\/18\/el-frente-sindical-de-universidades-nacionales-rechazo-la-propuesta-de-aumento-del-8\/\"]}]},{\"@type\":\"ImageObject\",\"inLanguage\":\"es-AR\",\"@id\":\"https:\/\/apuntesdesanluis.com\/index.php\/2024\/04\/18\/el-frente-sindical-de-universidades-nacionales-rechazo-la-propuesta-de-aumento-del-8\/#primaryimage\",\"url\":\"https:\/\/apuntesdesanluis.com\/wp-content\/uploads\/2024\/04\/frente-sindical.png\",\"contentUrl\":\"https:\/\/apuntesdesanluis.com\/wp-content\/uploads\/2024\/04\/frente-sindical.png\",\"width\":600,\"height\":331},{\"@type\":\"BreadcrumbList\",\"@id\":\"https:\/\/apuntesdesanluis.com\/index.php\/2024\/04\/18\/el-frente-sindical-de-universidades-nacionales-rechazo-la-propuesta-de-aumento-del-8\/#breadcrumb\",\"itemListElement\":[{\"@type\":\"ListItem\",\"position\":1,\"name\":\"Inicio\",\"item\":\"https:\/\/apuntesdesanluis.com\/\"},{\"@type\":\"ListItem\",\"position\":2,\"name\":\"EL FRENTE SINDICAL DE UNIVERSIDADES NACIONALES RECHAZ\u00d3 LA PROPUESTA DE AUMENTO DEL 8%\"}]},{\"@type\":\"WebSite\",\"@id\":\"https:\/\/apuntesdesanluis.com\/#website\",\"url\":\"https:\/\/apuntesdesanluis.com\/\",\"name\":\"Apuntes de San Luis\",\"description\":\"\",\"publisher\":{\"@id\":\"https:\/\/apuntesdesanluis.com\/#\/schema\/person\/b55151d52296fcce64d1a72538a70b90\"},\"potentialAction\":[{\"@type\":\"SearchAction\",\"target\":{\"@type\":\"EntryPoint\",\"urlTemplate\":\"https:\/\/apuntesdesanluis.com\/?s={search_term_string}\"},\"query-input\":{\"@type\":\"PropertyValueSpecification\",\"valueRequired\":true,\"valueName\":\"search_term_string\"}}],\"inLanguage\":\"es-AR\"},{\"@type\":[\"Person\",\"Organization\"],\"@id\":\"https:\/\/apuntesdesanluis.com\/#\/schema\/person\/b55151d52296fcce64d1a72538a70b90\",\"name\":\"apuntesdesanluis.com\",\"image\":{\"@type\":\"ImageObject\",\"inLanguage\":\"es-AR\",\"@id\":\"https:\/\/apuntesdesanluis.com\/#\/schema\/person\/image\/\",\"url\":\"https:\/\/apuntesdesanluis.com\/wp-content\/uploads\/2023\/07\/cropped-apuntesdesanluis.png\",\"contentUrl\":\"https:\/\/apuntesdesanluis.com\/wp-content\/uploads\/2023\/07\/cropped-apuntesdesanluis.png\",\"width\":450,\"height\":112,\"caption\":\"apuntesdesanluis.com\"},\"logo\":{\"@id\":\"https:\/\/apuntesdesanluis.com\/#\/schema\/person\/image\/\"},\"sameAs\":[\"https:\/\/apuntesdesanluis.com\"],\"url\":\"https:\/\/apuntesdesanluis.com\/index.php\/author\/apuntesdesanluis-com\/\"}]}<\/script>\n<!-- \/ Yoast SEO plugin. -->","yoast_head_json":{"title":"EL FRENTE SINDICAL DE UNIVERSIDADES NACIONALES RECHAZ\u00d3 LA PROPUESTA DE AUMENTO DEL 8% - Apuntes de San Luis","robots":{"index":"index","follow":"follow","max-snippet":"max-snippet:-1","max-image-preview":"max-image-preview:large","max-video-preview":"max-video-preview:-1"},"canonical":"https:\/\/apuntesdesanluis.com\/index.php\/2024\/04\/18\/el-frente-sindical-de-universidades-nacionales-rechazo-la-propuesta-de-aumento-del-8\/","og_locale":"es_ES","og_type":"article","og_title":"EL FRENTE SINDICAL DE UNIVERSIDADES NACIONALES RECHAZ\u00d3 LA PROPUESTA DE AUMENTO DEL 8% - Apuntes de San Luis","og_description":"Se agrava el conflicto entre el gobierno y el personal de las universidades nacionales, al...","og_url":"https:\/\/apuntesdesanluis.com\/index.php\/2024\/04\/18\/el-frente-sindical-de-universidades-nacionales-rechazo-la-propuesta-de-aumento-del-8\/","og_site_name":"Apuntes de San Luis","article_published_time":"2024-04-19T00:23:11+00:00","article_modified_time":"2024-04-19T00:25:15+00:00","og_image":[{"width":600,"height":331,"url":"https:\/\/apuntesdesanluis.com\/wp-content\/uploads\/2024\/04\/frente-sindical.png","type":"image\/png"}],"author":"apuntesdesanluis.com","twitter_card":"summary_large_image","twitter_misc":{"Escrito por":"apuntesdesanluis.com","Tiempo de lectura":"2 minutos"},"schema":{"@context":"https:\/\/schema.org","@graph":[{"@type":"Article","@id":"https:\/\/apuntesdesanluis.com\/index.php\/2024\/04\/18\/el-frente-sindical-de-universidades-nacionales-rechazo-la-propuesta-de-aumento-del-8\/#article","isPartOf":{"@id":"https:\/\/apuntesdesanluis.com\/index.php\/2024\/04\/18\/el-frente-sindical-de-universidades-nacionales-rechazo-la-propuesta-de-aumento-del-8\/"},"author":{"name":"apuntesdesanluis.com","@id":"https:\/\/apuntesdesanluis.com\/#\/schema\/person\/b55151d52296fcce64d1a72538a70b90"},"headline":"EL FRENTE SINDICAL DE UNIVERSIDADES NACIONALES RECHAZ\u00d3 LA PROPUESTA DE AUMENTO DEL 8%","datePublished":"2024-04-19T00:23:11+00:00","dateModified":"2024-04-19T00:25:15+00:00","mainEntityOfPage":{"@id":"https:\/\/apuntesdesanluis.com\/index.php\/2024\/04\/18\/el-frente-sindical-de-universidades-nacionales-rechazo-la-propuesta-de-aumento-del-8\/"},"wordCount":366,"publisher":{"@id":"https:\/\/apuntesdesanluis.com\/#\/schema\/person\/b55151d52296fcce64d1a72538a70b90"},"image":{"@id":"https:\/\/apuntesdesanluis.com\/index.php\/2024\/04\/18\/el-frente-sindical-de-universidades-nacionales-rechazo-la-propuesta-de-aumento-del-8\/#primaryimage"},"thumbnailUrl":"https:\/\/apuntesdesanluis.com\/wp-content\/uploads\/2024\/04\/frente-sindical.png","articleSection":["Nacionales\/Internacionales"],"inLanguage":"es-AR"},{"@type":"WebPage","@id":"https:\/\/apuntesdesanluis.com\/index.php\/2024\/04\/18\/el-frente-sindical-de-universidades-nacionales-rechazo-la-propuesta-de-aumento-del-8\/","url":"https:\/\/apuntesdesanluis.com\/index.php\/2024\/04\/18\/el-frente-sindical-de-universidades-nacionales-rechazo-la-propuesta-de-aumento-del-8\/","name":"EL FRENTE SINDICAL DE UNIVERSIDADES NACIONALES RECHAZ\u00d3 LA PROPUESTA DE AUMENTO DEL 8% - Apuntes de San Luis","isPartOf":{"@id":"https:\/\/apuntesdesanluis.com\/#website"},"primaryImageOfPage":{"@id":"https:\/\/apuntesdesanluis.com\/index.php\/2024\/04\/18\/el-frente-sindical-de-universidades-nacionales-rechazo-la-propuesta-de-aumento-del-8\/#primaryimage"},"image":{"@id":"https:\/\/apuntesdesanluis.com\/index.php\/2024\/04\/18\/el-frente-sindical-de-universidades-nacionales-rechazo-la-propuesta-de-aumento-del-8\/#primaryimage"},"thumbnailUrl":"https:\/\/apuntesdesanluis.com\/wp-content\/uploads\/2024\/04\/frente-sindical.png","datePublished":"2024-04-19T00:23:11+00:00","dateModified":"2024-04-19T00:25:15+00:00","breadcrumb":{"@id":"https:\/\/apuntesdesanluis.com\/index.php\/2024\/04\/18\/el-frente-sindical-de-universidades-nacionales-rechazo-la-propuesta-de-aumento-del-8\/#breadcrumb"},"inLanguage":"es-AR","potentialAction":[{"@type":"ReadAction","target":["https:\/\/apuntesdesanluis.com\/index.php\/2024\/04\/18\/el-frente-sindical-de-universidades-nacionales-rechazo-la-propuesta-de-aumento-del-8\/"]}]},{"@type":"ImageObject","inLanguage":"es-AR","@id":"https:\/\/apuntesdesanluis.com\/index.php\/2024\/04\/18\/el-frente-sindical-de-universidades-nacionales-rechazo-la-propuesta-de-aumento-del-8\/#primaryimage","url":"https:\/\/apuntesdesanluis.com\/wp-content\/uploads\/2024\/04\/frente-sindical.png","contentUrl":"https:\/\/apuntesdesanluis.com\/wp-content\/uploads\/2024\/04\/frente-sindical.png","width":600,"height":331},{"@type":"BreadcrumbList","@id":"https:\/\/apuntesdesanluis.com\/index.php\/2024\/04\/18\/el-frente-sindical-de-universidades-nacionales-rechazo-la-propuesta-de-aumento-del-8\/#breadcrumb","itemListElement":[{"@type":"ListItem","position":1,"name":"Inicio","item":"https:\/\/apuntesdesanluis.com\/"},{"@type":"ListItem","position":2,"name":"EL FRENTE SINDICAL DE UNIVERSIDADES NACIONALES RECHAZ\u00d3 LA PROPUESTA DE AUMENTO DEL 8%"}]},{"@type":"WebSite","@id":"https:\/\/apuntesdesanluis.com\/#website","url":"https:\/\/apuntesdesanluis.com\/","name":"Apuntes de San Luis","description":"","publisher":{"@id":"https:\/\/apuntesdesanluis.com\/#\/schema\/person\/b55151d52296fcce64d1a72538a70b90"},"potentialAction":[{"@type":"SearchAction","target":{"@type":"EntryPoint","urlTemplate":"https:\/\/apuntesdesanluis.com\/?s={search_term_string}"},"query-input":{"@type":"PropertyValueSpecification","valueRequired":true,"valueName":"search_term_string"}}],"inLanguage":"es-AR"},{"@type":["Person","Organization"],"@id":"https:\/\/apuntesdesanluis.com\/#\/schema\/person\/b55151d52296fcce64d1a72538a70b90","name":"apuntesdesanluis.com","image":{"@type":"ImageObject","inLanguage":"es-AR","@id":"https:\/\/apuntesdesanluis.com\/#\/schema\/person\/image\/","url":"https:\/\/apuntesdesanluis.com\/wp-content\/uploads\/2023\/07\/cropped-apuntesdesanluis.png","contentUrl":"https:\/\/apuntesdesanluis.com\/wp-content\/uploads\/2023\/07\/cropped-apuntesdesanluis.png","width":450,"height":112,"caption":"apuntesdesanluis.com"},"logo":{"@id":"https:\/\/apuntesdesanluis.com\/#\/schema\/person\/image\/"},"sameAs":["https:\/\/apuntesdesanluis.com"],"url":"https:\/\/apuntesdesanluis.com\/index.php\/author\/apuntesdesanluis-com\/"}]}},"featured_image_urls":{"full":["https:\/\/apuntesdesanluis.com\/wp-content\/uploads\/2024\/04\/frente-sindical.png",600,331,false],"thumbnail":["https:\/\/apuntesdesanluis.com\/wp-content\/uploads\/2024\/04\/frente-sindical-150x150.png",150,150,true],"medium":["https:\/\/apuntesdesanluis.com\/wp-content\/uploads\/2024\/04\/frente-sindical-300x166.png",300,166,true],"medium_large":["https:\/\/apuntesdesanluis.com\/wp-content\/uploads\/2024\/04\/frente-sindical.png",600,331,false],"large":["https:\/\/apuntesdesanluis.com\/wp-content\/uploads\/2024\/04\/frente-sindical.png",600,331,false],"1536x1536":["https:\/\/apuntesdesanluis.com\/wp-content\/uploads\/2024\/04\/frente-sindical.png",600,331,false],"2048x2048":["https:\/\/apuntesdesanluis.com\/wp-content\/uploads\/2024\/04\/frente-sindical.png",600,331,false],"newsever-slider-full":["https:\/\/apuntesdesanluis.com\/wp-content\/uploads\/2024\/04\/frente-sindical.png",600,331,false],"newsever-featured":["https:\/\/apuntesdesanluis.com\/wp-content\/uploads\/2024\/04\/frente-sindical.png",600,331,false],"newsever-medium":["https:\/\/apuntesdesanluis.com\/wp-content\/uploads\/2024\/04\/frente-sindical.png",600,331,false]},"author_info":{"display_name":"apuntesdesanluis.com","author_link":"https:\/\/apuntesdesanluis.com\/index.php\/author\/apuntesdesanluis-com\/"},"category_info":"<a href=\"https:\/\/apuntesdesanluis.com\/index.php\/category\/nacionales-internacionales\/\" rel=\"category tag\">Nacionales\/Internacionales<\/a>","tag_info":"Nacionales\/Internacionales","comment_count":"0","_links":{"self":[{"href":"https:\/\/apuntesdesanluis.com\/index.php\/wp-json\/wp\/v2\/posts\/14922","targetHints":{"allow":["GET"]}}],"collection":[{"href":"https:\/\/apuntesdesanluis.com\/index.php\/wp-json\/wp\/v2\/posts"}],"about":[{"href":"https:\/\/apuntesdesanluis.com\/index.php\/wp-json\/wp\/v2\/types\/post"}],"author":[{"embeddable":true,"href":"https:\/\/apuntesdesanluis.com\/index.php\/wp-json\/wp\/v2\/users\/1"}],"replies":[{"embeddable":true,"href":"https:\/\/apuntesdesanluis.com\/index.php\/wp-json\/wp\/v2\/comments?post=14922"}],"version-history":[{"count":4,"href":"https:\/\/apuntesdesanluis.com\/index.php\/wp-json\/wp\/v2\/posts\/14922\/revisions"}],"predecessor-version":[{"id":14927,"href":"https:\/\/apuntesdesanluis.com\/index.php\/wp-json\/wp\/v2\/posts\/14922\/revisions\/14927"}],"wp:featuredmedia":[{"embeddable":true,"href":"https:\/\/apuntesdesanluis.com\/index.php\/wp-json\/wp\/v2\/media\/14923"}],"wp:attachment":[{"href":"https:\/\/apuntesdesanluis.com\/index.php\/wp-json\/wp\/v2\/media?parent=14922"}],"wp:term":[{"taxonomy":"category","embeddable":true,"href":"https:\/\/apuntesdesanluis.com\/index.php\/wp-json\/wp\/v2\/categories?post=14922"},{"taxonomy":"post_tag","embeddable":true,"href":"https:\/\/apuntesdesanluis.com\/index.php\/wp-json\/wp\/v2\/tags?post=14922"}],"curies":[{"name":"wp","href":"https:\/\/api.w.org\/{rel}","templated":true}]}}