{"id":14931,"date":"2024-04-18T21:30:57","date_gmt":"2024-04-19T00:30:57","guid":{"rendered":"https:\/\/apuntesdesanluis.com\/?p=14931"},"modified":"2024-04-18T21:31:45","modified_gmt":"2024-04-19T00:31:45","slug":"convocan-a-la-comunidad-de-san-luis-a-marchar-en-defensa-de-la-universidad-publica","status":"publish","type":"post","link":"https:\/\/apuntesdesanluis.com\/index.php\/2024\/04\/18\/convocan-a-la-comunidad-de-san-luis-a-marchar-en-defensa-de-la-universidad-publica\/","title":{"rendered":"CONVOCAN A LA COMUNIDAD DE SAN LUIS A MARCHAR EN DEFENSA DE LA UNIVERSIDAD P\u00daBLICA"},"content":{"rendered":"<h3>La <strong>Comisi\u00f3n Provincial de Universidades P\u00fablicas<\/strong> convoc\u00f3 a toda la sociedad a participar de esta manifestaci\u00f3n en defensa de la universidad p\u00fablica, la ciencia y la tecnolog\u00eda. El encuentro iniciar\u00e1 este<strong> martes 23 de abril a las 17:30 horas<\/strong> en la explanada del Rectorado de la <strong>Universidad Nacional de San Luis<\/strong> (UNSL) y culminar\u00e1 con un festival de lucha en la Plaza Pringles.<\/h3>\n<h3>Representantes de la UNSL, la Universidad Nacional de Villa Mercedes (UNViMe) y de la Universidad Nacional de los Comechingones (UNLC), centros de estudiantes, estudiantes autoconvocados\/as, gremios docentes y nodocentes, que forman parte de la Comisi\u00f3n, tomaron la palabra este jueves por la ma\u00f1ana en conferencia de prensa.<\/h3>\n<h3>La marcha convocada para el 23 de abril se llevar\u00e1 a cabo a nivel nacional, frente a la crisis que nuestro pa\u00eds est\u00e1 atravesando y el desfinanciamiento de las universidades p\u00fablicas.<\/h3>\n<h3><img fetchpriority=\"high\" decoding=\"async\" class=\"wp-image-14933 aligncenter\" src=\"https:\/\/apuntesdesanluis.com\/wp-content\/uploads\/2024\/04\/mesa-300x162.png\" alt=\"\" width=\"672\" height=\"363\" srcset=\"https:\/\/apuntesdesanluis.com\/wp-content\/uploads\/2024\/04\/mesa-300x162.png 300w, https:\/\/apuntesdesanluis.com\/wp-content\/uploads\/2024\/04\/mesa.png 694w\" sizes=\"(max-width: 672px) 100vw, 672px\" \/><\/h3>\n<h3>En ese sentido, estudiantes de la UNSL manifestaron que esta situaci\u00f3n tuvo como consecuencia la suspensi\u00f3n de pr\u00e1cticas por falta de recursos, el impedimento del desarrollo de pasant\u00edas, cuestiones vinculadas a laboratorios, salidas de campo de estudio e investigaci\u00f3n y que peligra el funcionamiento general de la Instituci\u00f3n.<\/h3>\n<h3>Por su parte, estudiantes autoconvocados\/as resaltaron que existe un plan sistem\u00e1tico de vaciamiento de las universidades, a trav\u00e9s de la \u00abasfixia presupuestal y contra los\/as trabajadores\/as docentes y nodocentes\u00bb. En este \u00faltimo punto afirmaron que hay una disminuci\u00f3n dr\u00e1stica de lo que perciben en sus salarios. \u00abAl d\u00eda de hoy, los auxiliares de primera, que es el primer escal\u00f3n docente, deben tener una antig\u00fcedad de 20 a\u00f1os para encontrarse por encima de la l\u00ednea de pobreza, mientras que un jefe de trabajos pr\u00e1cticos, una antig\u00fcedad de 12 a\u00f1os. Los auxiliares no han percibido ninguno de los \u00faltimos escasos aumentos en sus haberes. La garant\u00eda salarial es cada vez menor\u00bb, expresaron.<\/h3>\n<h3>La convocatoria no solo invita a la comunidad universitaria sino a la sociedad en general. Todos los claustros alegaron que la educaci\u00f3n es un derecho, una herramienta de transformaci\u00f3n y que sin ella no hay futuro. Representantes de diferentes gremios reflexionaron: \u00ab\u00bfQui\u00e9n no tiene un hijo\/a, un nieto\/a, un vecino\/a en la Universidad? Tenemos que salir a las calles para recuperar nuestras aulas (\u2026) Somos gran sede de cient\u00edficos\/as, investigadores\/as, artistas y educadores\/as\u00bb.<\/h3>\n<h3>Asimismo, en este encuentro declararon que las universidades no solo son un logro hist\u00f3rico y un derecho conquistado por el pueblo argentino innegociable, sino que atraviesa a toda la sociedad. Desde la UNSL, expresaron: \u00abhay muchas empresas de San Luis que funcionan gracias a los servicios que brinda nuestra Instituci\u00f3n, trabajadores\/as que pueden desempe\u00f1ar sus funciones gracias a nuestra Universidad\u00bb.<\/h3>\n<h3>El martes, la marcha en San Luis finalizar\u00e1 con un festival organizado por estudiantes para visibilizar las actividades que se desarrollan en diversas carreras. Tambi\u00e9n se llevar\u00e1 a cabo una jornada de paro, por lo que el Comedor Universitario de la UNSL y la Direcci\u00f3n de Obra Social para el Personal Universitario (DOSPU) permanecer\u00e1n cerrados, esta \u00faltima solo tendr\u00e1 el \u00e1rea de emergencias activa para el cuidado de salud de sus afiliados\/as.<\/h3>\n<h3><\/h3>\n<p>&nbsp;<\/p>\n","protected":false},"excerpt":{"rendered":"<p>La Comisi\u00f3n Provincial de Universidades P\u00fablicas convoc\u00f3 a toda la sociedad a participar de esta&#8230;<\/p>\n","protected":false},"author":1,"featured_media":14932,"comment_status":"closed","ping_status":"closed","sticky":false,"template":"","format":"standard","meta":{"footnotes":""},"categories":[6],"tags":[],"class_list":["post-14931","post","type-post","status-publish","format-standard","has-post-thumbnail","hentry","category-ciudad-provincia"],"yoast_head":"<!-- This site is optimized with the Yoast SEO plugin v26.1.1 - https:\/\/yoast.com\/wordpress\/plugins\/seo\/ -->\n<title>CONVOCAN A LA COMUNIDAD DE SAN LUIS A MARCHAR EN DEFENSA DE LA UNIVERSIDAD P\u00daBLICA - Apuntes de San Luis<\/title>\n<meta name=\"robots\" content=\"index, follow, max-snippet:-1, max-image-preview:large, max-video-preview:-1\" \/>\n<link rel=\"canonical\" href=\"https:\/\/apuntesdesanluis.com\/index.php\/2024\/04\/18\/convocan-a-la-comunidad-de-san-luis-a-marchar-en-defensa-de-la-universidad-publica\/\" \/>\n<meta property=\"og:locale\" content=\"es_ES\" \/>\n<meta property=\"og:type\" content=\"article\" \/>\n<meta property=\"og:title\" content=\"CONVOCAN A LA COMUNIDAD DE SAN LUIS A MARCHAR EN DEFENSA DE LA UNIVERSIDAD P\u00daBLICA - Apuntes de San Luis\" \/>\n<meta property=\"og:description\" content=\"La Comisi\u00f3n Provincial de Universidades P\u00fablicas convoc\u00f3 a toda la sociedad a participar de esta...\" \/>\n<meta property=\"og:url\" content=\"https:\/\/apuntesdesanluis.com\/index.php\/2024\/04\/18\/convocan-a-la-comunidad-de-san-luis-a-marchar-en-defensa-de-la-universidad-publica\/\" \/>\n<meta property=\"og:site_name\" content=\"Apuntes de San Luis\" \/>\n<meta property=\"article:published_time\" content=\"2024-04-19T00:30:57+00:00\" \/>\n<meta property=\"article:modified_time\" content=\"2024-04-19T00:31:45+00:00\" \/>\n<meta property=\"og:image\" content=\"https:\/\/apuntesdesanluis.com\/wp-content\/uploads\/2024\/04\/convocatoria-a-marcha.png\" \/>\n\t<meta property=\"og:image:width\" content=\"675\" \/>\n\t<meta property=\"og:image:height\" content=\"400\" \/>\n\t<meta property=\"og:image:type\" content=\"image\/png\" \/>\n<meta name=\"author\" content=\"apuntesdesanluis.com\" \/>\n<meta name=\"twitter:card\" content=\"summary_large_image\" \/>\n<meta name=\"twitter:label1\" content=\"Escrito por\" \/>\n\t<meta name=\"twitter:data1\" content=\"apuntesdesanluis.com\" \/>\n\t<meta name=\"twitter:label2\" content=\"Tiempo de lectura\" \/>\n\t<meta name=\"twitter:data2\" content=\"3 minutos\" \/>\n<script type=\"application\/ld+json\" class=\"yoast-schema-graph\">{\"@context\":\"https:\/\/schema.org\",\"@graph\":[{\"@type\":\"Article\",\"@id\":\"https:\/\/apuntesdesanluis.com\/index.php\/2024\/04\/18\/convocan-a-la-comunidad-de-san-luis-a-marchar-en-defensa-de-la-universidad-publica\/#article\",\"isPartOf\":{\"@id\":\"https:\/\/apuntesdesanluis.com\/index.php\/2024\/04\/18\/convocan-a-la-comunidad-de-san-luis-a-marchar-en-defensa-de-la-universidad-publica\/\"},\"author\":{\"name\":\"apuntesdesanluis.com\",\"@id\":\"https:\/\/apuntesdesanluis.com\/#\/schema\/person\/b55151d52296fcce64d1a72538a70b90\"},\"headline\":\"CONVOCAN A LA COMUNIDAD DE SAN LUIS A MARCHAR EN DEFENSA DE LA UNIVERSIDAD P\u00daBLICA\",\"datePublished\":\"2024-04-19T00:30:57+00:00\",\"dateModified\":\"2024-04-19T00:31:45+00:00\",\"mainEntityOfPage\":{\"@id\":\"https:\/\/apuntesdesanluis.com\/index.php\/2024\/04\/18\/convocan-a-la-comunidad-de-san-luis-a-marchar-en-defensa-de-la-universidad-publica\/\"},\"wordCount\":565,\"publisher\":{\"@id\":\"https:\/\/apuntesdesanluis.com\/#\/schema\/person\/b55151d52296fcce64d1a72538a70b90\"},\"image\":{\"@id\":\"https:\/\/apuntesdesanluis.com\/index.php\/2024\/04\/18\/convocan-a-la-comunidad-de-san-luis-a-marchar-en-defensa-de-la-universidad-publica\/#primaryimage\"},\"thumbnailUrl\":\"https:\/\/apuntesdesanluis.com\/wp-content\/uploads\/2024\/04\/convocatoria-a-marcha.png\",\"articleSection\":[\"Ciudad\/Provincia\"],\"inLanguage\":\"es-AR\"},{\"@type\":\"WebPage\",\"@id\":\"https:\/\/apuntesdesanluis.com\/index.php\/2024\/04\/18\/convocan-a-la-comunidad-de-san-luis-a-marchar-en-defensa-de-la-universidad-publica\/\",\"url\":\"https:\/\/apuntesdesanluis.com\/index.php\/2024\/04\/18\/convocan-a-la-comunidad-de-san-luis-a-marchar-en-defensa-de-la-universidad-publica\/\",\"name\":\"CONVOCAN A LA COMUNIDAD DE SAN LUIS A MARCHAR EN DEFENSA DE LA UNIVERSIDAD P\u00daBLICA - Apuntes de San Luis\",\"isPartOf\":{\"@id\":\"https:\/\/apuntesdesanluis.com\/#website\"},\"primaryImageOfPage\":{\"@id\":\"https:\/\/apuntesdesanluis.com\/index.php\/2024\/04\/18\/convocan-a-la-comunidad-de-san-luis-a-marchar-en-defensa-de-la-universidad-publica\/#primaryimage\"},\"image\":{\"@id\":\"https:\/\/apuntesdesanluis.com\/index.php\/2024\/04\/18\/convocan-a-la-comunidad-de-san-luis-a-marchar-en-defensa-de-la-universidad-publica\/#primaryimage\"},\"thumbnailUrl\":\"https:\/\/apuntesdesanluis.com\/wp-content\/uploads\/2024\/04\/convocatoria-a-marcha.png\",\"datePublished\":\"2024-04-19T00:30:57+00:00\",\"dateModified\":\"2024-04-19T00:31:45+00:00\",\"breadcrumb\":{\"@id\":\"https:\/\/apuntesdesanluis.com\/index.php\/2024\/04\/18\/convocan-a-la-comunidad-de-san-luis-a-marchar-en-defensa-de-la-universidad-publica\/#breadcrumb\"},\"inLanguage\":\"es-AR\",\"potentialAction\":[{\"@type\":\"ReadAction\",\"target\":[\"https:\/\/apuntesdesanluis.com\/index.php\/2024\/04\/18\/convocan-a-la-comunidad-de-san-luis-a-marchar-en-defensa-de-la-universidad-publica\/\"]}]},{\"@type\":\"ImageObject\",\"inLanguage\":\"es-AR\",\"@id\":\"https:\/\/apuntesdesanluis.com\/index.php\/2024\/04\/18\/convocan-a-la-comunidad-de-san-luis-a-marchar-en-defensa-de-la-universidad-publica\/#primaryimage\",\"url\":\"https:\/\/apuntesdesanluis.com\/wp-content\/uploads\/2024\/04\/convocatoria-a-marcha.png\",\"contentUrl\":\"https:\/\/apuntesdesanluis.com\/wp-content\/uploads\/2024\/04\/convocatoria-a-marcha.png\",\"width\":675,\"height\":400},{\"@type\":\"BreadcrumbList\",\"@id\":\"https:\/\/apuntesdesanluis.com\/index.php\/2024\/04\/18\/convocan-a-la-comunidad-de-san-luis-a-marchar-en-defensa-de-la-universidad-publica\/#breadcrumb\",\"itemListElement\":[{\"@type\":\"ListItem\",\"position\":1,\"name\":\"Inicio\",\"item\":\"https:\/\/apuntesdesanluis.com\/\"},{\"@type\":\"ListItem\",\"position\":2,\"name\":\"CONVOCAN A LA COMUNIDAD DE SAN LUIS A MARCHAR EN DEFENSA DE LA UNIVERSIDAD P\u00daBLICA\"}]},{\"@type\":\"WebSite\",\"@id\":\"https:\/\/apuntesdesanluis.com\/#website\",\"url\":\"https:\/\/apuntesdesanluis.com\/\",\"name\":\"Apuntes de San Luis\",\"description\":\"\",\"publisher\":{\"@id\":\"https:\/\/apuntesdesanluis.com\/#\/schema\/person\/b55151d52296fcce64d1a72538a70b90\"},\"potentialAction\":[{\"@type\":\"SearchAction\",\"target\":{\"@type\":\"EntryPoint\",\"urlTemplate\":\"https:\/\/apuntesdesanluis.com\/?s={search_term_string}\"},\"query-input\":{\"@type\":\"PropertyValueSpecification\",\"valueRequired\":true,\"valueName\":\"search_term_string\"}}],\"inLanguage\":\"es-AR\"},{\"@type\":[\"Person\",\"Organization\"],\"@id\":\"https:\/\/apuntesdesanluis.com\/#\/schema\/person\/b55151d52296fcce64d1a72538a70b90\",\"name\":\"apuntesdesanluis.com\",\"image\":{\"@type\":\"ImageObject\",\"inLanguage\":\"es-AR\",\"@id\":\"https:\/\/apuntesdesanluis.com\/#\/schema\/person\/image\/\",\"url\":\"https:\/\/apuntesdesanluis.com\/wp-content\/uploads\/2023\/07\/cropped-apuntesdesanluis.png\",\"contentUrl\":\"https:\/\/apuntesdesanluis.com\/wp-content\/uploads\/2023\/07\/cropped-apuntesdesanluis.png\",\"width\":450,\"height\":112,\"caption\":\"apuntesdesanluis.com\"},\"logo\":{\"@id\":\"https:\/\/apuntesdesanluis.com\/#\/schema\/person\/image\/\"},\"sameAs\":[\"https:\/\/apuntesdesanluis.com\"],\"url\":\"https:\/\/apuntesdesanluis.com\/index.php\/author\/apuntesdesanluis-com\/\"}]}<\/script>\n<!-- \/ Yoast SEO plugin. -->","yoast_head_json":{"title":"CONVOCAN A LA COMUNIDAD DE SAN LUIS A MARCHAR EN DEFENSA DE LA UNIVERSIDAD P\u00daBLICA - Apuntes de San Luis","robots":{"index":"index","follow":"follow","max-snippet":"max-snippet:-1","max-image-preview":"max-image-preview:large","max-video-preview":"max-video-preview:-1"},"canonical":"https:\/\/apuntesdesanluis.com\/index.php\/2024\/04\/18\/convocan-a-la-comunidad-de-san-luis-a-marchar-en-defensa-de-la-universidad-publica\/","og_locale":"es_ES","og_type":"article","og_title":"CONVOCAN A LA COMUNIDAD DE SAN LUIS A MARCHAR EN DEFENSA DE LA UNIVERSIDAD P\u00daBLICA - Apuntes de San Luis","og_description":"La Comisi\u00f3n Provincial de Universidades P\u00fablicas convoc\u00f3 a toda la sociedad a participar de esta...","og_url":"https:\/\/apuntesdesanluis.com\/index.php\/2024\/04\/18\/convocan-a-la-comunidad-de-san-luis-a-marchar-en-defensa-de-la-universidad-publica\/","og_site_name":"Apuntes de San Luis","article_published_time":"2024-04-19T00:30:57+00:00","article_modified_time":"2024-04-19T00:31:45+00:00","og_image":[{"width":675,"height":400,"url":"https:\/\/apuntesdesanluis.com\/wp-content\/uploads\/2024\/04\/convocatoria-a-marcha.png","type":"image\/png"}],"author":"apuntesdesanluis.com","twitter_card":"summary_large_image","twitter_misc":{"Escrito por":"apuntesdesanluis.com","Tiempo de lectura":"3 minutos"},"schema":{"@context":"https:\/\/schema.org","@graph":[{"@type":"Article","@id":"https:\/\/apuntesdesanluis.com\/index.php\/2024\/04\/18\/convocan-a-la-comunidad-de-san-luis-a-marchar-en-defensa-de-la-universidad-publica\/#article","isPartOf":{"@id":"https:\/\/apuntesdesanluis.com\/index.php\/2024\/04\/18\/convocan-a-la-comunidad-de-san-luis-a-marchar-en-defensa-de-la-universidad-publica\/"},"author":{"name":"apuntesdesanluis.com","@id":"https:\/\/apuntesdesanluis.com\/#\/schema\/person\/b55151d52296fcce64d1a72538a70b90"},"headline":"CONVOCAN A LA COMUNIDAD DE SAN LUIS A MARCHAR EN DEFENSA DE LA UNIVERSIDAD P\u00daBLICA","datePublished":"2024-04-19T00:30:57+00:00","dateModified":"2024-04-19T00:31:45+00:00","mainEntityOfPage":{"@id":"https:\/\/apuntesdesanluis.com\/index.php\/2024\/04\/18\/convocan-a-la-comunidad-de-san-luis-a-marchar-en-defensa-de-la-universidad-publica\/"},"wordCount":565,"publisher":{"@id":"https:\/\/apuntesdesanluis.com\/#\/schema\/person\/b55151d52296fcce64d1a72538a70b90"},"image":{"@id":"https:\/\/apuntesdesanluis.com\/index.php\/2024\/04\/18\/convocan-a-la-comunidad-de-san-luis-a-marchar-en-defensa-de-la-universidad-publica\/#primaryimage"},"thumbnailUrl":"https:\/\/apuntesdesanluis.com\/wp-content\/uploads\/2024\/04\/convocatoria-a-marcha.png","articleSection":["Ciudad\/Provincia"],"inLanguage":"es-AR"},{"@type":"WebPage","@id":"https:\/\/apuntesdesanluis.com\/index.php\/2024\/04\/18\/convocan-a-la-comunidad-de-san-luis-a-marchar-en-defensa-de-la-universidad-publica\/","url":"https:\/\/apuntesdesanluis.com\/index.php\/2024\/04\/18\/convocan-a-la-comunidad-de-san-luis-a-marchar-en-defensa-de-la-universidad-publica\/","name":"CONVOCAN A LA COMUNIDAD DE SAN LUIS A MARCHAR EN DEFENSA DE LA UNIVERSIDAD P\u00daBLICA - Apuntes de San Luis","isPartOf":{"@id":"https:\/\/apuntesdesanluis.com\/#website"},"primaryImageOfPage":{"@id":"https:\/\/apuntesdesanluis.com\/index.php\/2024\/04\/18\/convocan-a-la-comunidad-de-san-luis-a-marchar-en-defensa-de-la-universidad-publica\/#primaryimage"},"image":{"@id":"https:\/\/apuntesdesanluis.com\/index.php\/2024\/04\/18\/convocan-a-la-comunidad-de-san-luis-a-marchar-en-defensa-de-la-universidad-publica\/#primaryimage"},"thumbnailUrl":"https:\/\/apuntesdesanluis.com\/wp-content\/uploads\/2024\/04\/convocatoria-a-marcha.png","datePublished":"2024-04-19T00:30:57+00:00","dateModified":"2024-04-19T00:31:45+00:00","breadcrumb":{"@id":"https:\/\/apuntesdesanluis.com\/index.php\/2024\/04\/18\/convocan-a-la-comunidad-de-san-luis-a-marchar-en-defensa-de-la-universidad-publica\/#breadcrumb"},"inLanguage":"es-AR","potentialAction":[{"@type":"ReadAction","target":["https:\/\/apuntesdesanluis.com\/index.php\/2024\/04\/18\/convocan-a-la-comunidad-de-san-luis-a-marchar-en-defensa-de-la-universidad-publica\/"]}]},{"@type":"ImageObject","inLanguage":"es-AR","@id":"https:\/\/apuntesdesanluis.com\/index.php\/2024\/04\/18\/convocan-a-la-comunidad-de-san-luis-a-marchar-en-defensa-de-la-universidad-publica\/#primaryimage","url":"https:\/\/apuntesdesanluis.com\/wp-content\/uploads\/2024\/04\/convocatoria-a-marcha.png","contentUrl":"https:\/\/apuntesdesanluis.com\/wp-content\/uploads\/2024\/04\/convocatoria-a-marcha.png","width":675,"height":400},{"@type":"BreadcrumbList","@id":"https:\/\/apuntesdesanluis.com\/index.php\/2024\/04\/18\/convocan-a-la-comunidad-de-san-luis-a-marchar-en-defensa-de-la-universidad-publica\/#breadcrumb","itemListElement":[{"@type":"ListItem","position":1,"name":"Inicio","item":"https:\/\/apuntesdesanluis.com\/"},{"@type":"ListItem","position":2,"name":"CONVOCAN A LA COMUNIDAD DE SAN LUIS A MARCHAR EN DEFENSA DE LA UNIVERSIDAD P\u00daBLICA"}]},{"@type":"WebSite","@id":"https:\/\/apuntesdesanluis.com\/#website","url":"https:\/\/apuntesdesanluis.com\/","name":"Apuntes de San Luis","description":"","publisher":{"@id":"https:\/\/apuntesdesanluis.com\/#\/schema\/person\/b55151d52296fcce64d1a72538a70b90"},"potentialAction":[{"@type":"SearchAction","target":{"@type":"EntryPoint","urlTemplate":"https:\/\/apuntesdesanluis.com\/?s={search_term_string}"},"query-input":{"@type":"PropertyValueSpecification","valueRequired":true,"valueName":"search_term_string"}}],"inLanguage":"es-AR"},{"@type":["Person","Organization"],"@id":"https:\/\/apuntesdesanluis.com\/#\/schema\/person\/b55151d52296fcce64d1a72538a70b90","name":"apuntesdesanluis.com","image":{"@type":"ImageObject","inLanguage":"es-AR","@id":"https:\/\/apuntesdesanluis.com\/#\/schema\/person\/image\/","url":"https:\/\/apuntesdesanluis.com\/wp-content\/uploads\/2023\/07\/cropped-apuntesdesanluis.png","contentUrl":"https:\/\/apuntesdesanluis.com\/wp-content\/uploads\/2023\/07\/cropped-apuntesdesanluis.png","width":450,"height":112,"caption":"apuntesdesanluis.com"},"logo":{"@id":"https:\/\/apuntesdesanluis.com\/#\/schema\/person\/image\/"},"sameAs":["https:\/\/apuntesdesanluis.com"],"url":"https:\/\/apuntesdesanluis.com\/index.php\/author\/apuntesdesanluis-com\/"}]}},"featured_image_urls":{"full":["https:\/\/apuntesdesanluis.com\/wp-content\/uploads\/2024\/04\/convocatoria-a-marcha.png",675,400,false],"thumbnail":["https:\/\/apuntesdesanluis.com\/wp-content\/uploads\/2024\/04\/convocatoria-a-marcha-150x150.png",150,150,true],"medium":["https:\/\/apuntesdesanluis.com\/wp-content\/uploads\/2024\/04\/convocatoria-a-marcha-300x178.png",300,178,true],"medium_large":["https:\/\/apuntesdesanluis.com\/wp-content\/uploads\/2024\/04\/convocatoria-a-marcha.png",640,379,false],"large":["https:\/\/apuntesdesanluis.com\/wp-content\/uploads\/2024\/04\/convocatoria-a-marcha.png",640,379,false],"1536x1536":["https:\/\/apuntesdesanluis.com\/wp-content\/uploads\/2024\/04\/convocatoria-a-marcha.png",675,400,false],"2048x2048":["https:\/\/apuntesdesanluis.com\/wp-content\/uploads\/2024\/04\/convocatoria-a-marcha.png",675,400,false],"newsever-slider-full":["https:\/\/apuntesdesanluis.com\/wp-content\/uploads\/2024\/04\/convocatoria-a-marcha.png",675,400,false],"newsever-featured":["https:\/\/apuntesdesanluis.com\/wp-content\/uploads\/2024\/04\/convocatoria-a-marcha.png",675,400,false],"newsever-medium":["https:\/\/apuntesdesanluis.com\/wp-content\/uploads\/2024\/04\/convocatoria-a-marcha.png",675,400,false]},"author_info":{"display_name":"apuntesdesanluis.com","author_link":"https:\/\/apuntesdesanluis.com\/index.php\/author\/apuntesdesanluis-com\/"},"category_info":"<a href=\"https:\/\/apuntesdesanluis.com\/index.php\/category\/ciudad-provincia\/\" rel=\"category tag\">Ciudad\/Provincia<\/a>","tag_info":"Ciudad\/Provincia","comment_count":"0","_links":{"self":[{"href":"https:\/\/apuntesdesanluis.com\/index.php\/wp-json\/wp\/v2\/posts\/14931","targetHints":{"allow":["GET"]}}],"collection":[{"href":"https:\/\/apuntesdesanluis.com\/index.php\/wp-json\/wp\/v2\/posts"}],"about":[{"href":"https:\/\/apuntesdesanluis.com\/index.php\/wp-json\/wp\/v2\/types\/post"}],"author":[{"embeddable":true,"href":"https:\/\/apuntesdesanluis.com\/index.php\/wp-json\/wp\/v2\/users\/1"}],"replies":[{"embeddable":true,"href":"https:\/\/apuntesdesanluis.com\/index.php\/wp-json\/wp\/v2\/comments?post=14931"}],"version-history":[{"count":2,"href":"https:\/\/apuntesdesanluis.com\/index.php\/wp-json\/wp\/v2\/posts\/14931\/revisions"}],"predecessor-version":[{"id":14935,"href":"https:\/\/apuntesdesanluis.com\/index.php\/wp-json\/wp\/v2\/posts\/14931\/revisions\/14935"}],"wp:featuredmedia":[{"embeddable":true,"href":"https:\/\/apuntesdesanluis.com\/index.php\/wp-json\/wp\/v2\/media\/14932"}],"wp:attachment":[{"href":"https:\/\/apuntesdesanluis.com\/index.php\/wp-json\/wp\/v2\/media?parent=14931"}],"wp:term":[{"taxonomy":"category","embeddable":true,"href":"https:\/\/apuntesdesanluis.com\/index.php\/wp-json\/wp\/v2\/categories?post=14931"},{"taxonomy":"post_tag","embeddable":true,"href":"https:\/\/apuntesdesanluis.com\/index.php\/wp-json\/wp\/v2\/tags?post=14931"}],"curies":[{"name":"wp","href":"https:\/\/api.w.org\/{rel}","templated":true}]}}