{"id":14936,"date":"2024-04-18T21:54:00","date_gmt":"2024-04-19T00:54:00","guid":{"rendered":"https:\/\/apuntesdesanluis.com\/?p=14936"},"modified":"2024-04-18T21:54:00","modified_gmt":"2024-04-19T00:54:00","slug":"cronograma-de-actividades-religiosas-en-honor-al-cristo-de-la-quebrada","status":"publish","type":"post","link":"https:\/\/apuntesdesanluis.com\/index.php\/2024\/04\/18\/cronograma-de-actividades-religiosas-en-honor-al-cristo-de-la-quebrada\/","title":{"rendered":"CRONOGRAMA DE ACTIVIDADES RELIGIOSAS EN HONOR AL CRISTO DE LA QUEBRADA"},"content":{"rendered":"<h3>En los d\u00edas previos a la procesi\u00f3n, que se realizar\u00e1 el 3 de mayo, tendr\u00e1 lugar la novena, que comenzar\u00e1 la pr\u00f3xima semana; mientras que la vigilia ser\u00e1 el jueves 2. Los horarios de la misa variar\u00e1n de acuerdo a la fecha. En esta nota est\u00e1 el programa completo.<\/h3>\n<h3>\u00a0\u201cHace tiempo que nos venimos preparando para esta celebraci\u00f3n. Estamos muy contentos y organizando para brindarles lo mejor. Tenemos mucho apoyo principalmente del Obispo, monse\u00f1or Gabriel Barba, que siempre est\u00e1 detr\u00e1s de toda esta organizaci\u00f3n en cuanto a la gesti\u00f3n, de la Intendencia, de la escuela y del pueblo. No es algo que uno organiza solo y la verdad que ayuda mucho descansar en el otro. Se vive contento porque uno sabe que es para Dios y que la gente que viene va a recibir lo mejor que tenemos. El Cristo hace su obra, \u00e9l es el que va disponiendo y va haciendo que las cosas fluyan\u201d, indic\u00f3 el padre Alejandro Sardi, p\u00e1rroco del santuario de Villa de la Quebrada en relaci\u00f3n a las celebraciones religiosas que arrancar\u00e1n en pocos d\u00edas.<\/h3>\n<p><iframe title=\"Alejandro Sardi, p\u00e1rroco\" width=\"640\" height=\"360\" src=\"https:\/\/www.youtube.com\/embed\/7KszsT-mTqM?feature=oembed\" frameborder=\"0\" allow=\"accelerometer; autoplay; clipboard-write; encrypted-media; gyroscope; picture-in-picture; web-share\" referrerpolicy=\"strict-origin-when-cross-origin\" allowfullscreen><\/iframe><\/p>\n<h3>\u201cLa novena comenzar\u00e1 el 24 de abril y hasta el 29 la misa se realizar\u00e1 en su horario habitual de las 19:00, con el rezo del Rosario a las 18:15. A partir del 30 tendremos horarios especiales. Ese d\u00eda espec\u00edficamente habr\u00e1 misa a las 11:00, a las 17:00 y a las 19:00. El 1\u00ba de mayo, D\u00eda del Trabajador, es una fecha especial en la que mucha gente peregrina de noche hacia el Cristo. Por eso tendremos varias misas, a las 7:00, a las 9:00, a las 11:00, a las 15:00, a las 17:00 y a las 19:00. Habr\u00e1 sacerdotes confesando y seminaristas bendiciendo. La idea es poder acercar la bendici\u00f3n del Cristo a todos y que puedan irse con eso, con algo de Dios y algo en el coraz\u00f3n de lo que vienen a buscar\u201d, agreg\u00f3 el sacerdote.<\/h3>\n<h3>El 2 de mayo a las 21:00 comenzar\u00e1 la vigilia con la Misa Criolla. El 3 de mayo las misas se oficiar\u00e1n a las 11:00, a las 15:00 y a las 18:00. La central ser\u00e1 la de las 15:00 y ser\u00e1 oficiada por el obispo Barba. Posteriormente a las 16:00 se realizar\u00e1 la tradicional procesi\u00f3n por el pueblo.<\/h3>\n<p>&nbsp;<\/p>\n<p>&nbsp;<\/p>\n<p>&nbsp;<\/p>\n<p>&nbsp;<\/p>\n<p>&nbsp;<\/p>\n<p>&nbsp;<\/p>\n<p>&nbsp;<\/p>\n","protected":false},"excerpt":{"rendered":"<p>En los d\u00edas previos a la procesi\u00f3n, que se realizar\u00e1 el 3 de mayo, tendr\u00e1&#8230;<\/p>\n","protected":false},"author":1,"featured_media":14937,"comment_status":"closed","ping_status":"closed","sticky":false,"template":"","format":"standard","meta":{"footnotes":""},"categories":[6],"tags":[],"class_list":["post-14936","post","type-post","status-publish","format-standard","has-post-thumbnail","hentry","category-ciudad-provincia"],"yoast_head":"<!-- This site is optimized with the Yoast SEO plugin v26.1.1 - https:\/\/yoast.com\/wordpress\/plugins\/seo\/ -->\n<title>CRONOGRAMA DE ACTIVIDADES RELIGIOSAS EN HONOR AL CRISTO DE LA QUEBRADA - Apuntes de San Luis<\/title>\n<meta name=\"robots\" content=\"index, follow, max-snippet:-1, max-image-preview:large, max-video-preview:-1\" \/>\n<link rel=\"canonical\" href=\"https:\/\/apuntesdesanluis.com\/index.php\/2024\/04\/18\/cronograma-de-actividades-religiosas-en-honor-al-cristo-de-la-quebrada\/\" \/>\n<meta property=\"og:locale\" content=\"es_ES\" \/>\n<meta property=\"og:type\" content=\"article\" \/>\n<meta property=\"og:title\" content=\"CRONOGRAMA DE ACTIVIDADES RELIGIOSAS EN HONOR AL CRISTO DE LA QUEBRADA - Apuntes de San Luis\" \/>\n<meta property=\"og:description\" content=\"En los d\u00edas previos a la procesi\u00f3n, que se realizar\u00e1 el 3 de mayo, tendr\u00e1...\" \/>\n<meta property=\"og:url\" content=\"https:\/\/apuntesdesanluis.com\/index.php\/2024\/04\/18\/cronograma-de-actividades-religiosas-en-honor-al-cristo-de-la-quebrada\/\" \/>\n<meta property=\"og:site_name\" content=\"Apuntes de San Luis\" \/>\n<meta property=\"article:published_time\" content=\"2024-04-19T00:54:00+00:00\" \/>\n<meta property=\"og:image\" content=\"https:\/\/apuntesdesanluis.com\/wp-content\/uploads\/2024\/04\/VILLA-DE-LA-QUEBRADA.png\" \/>\n\t<meta property=\"og:image:width\" content=\"600\" \/>\n\t<meta property=\"og:image:height\" content=\"388\" \/>\n\t<meta property=\"og:image:type\" content=\"image\/png\" \/>\n<meta name=\"author\" content=\"apuntesdesanluis.com\" \/>\n<meta name=\"twitter:card\" content=\"summary_large_image\" \/>\n<meta name=\"twitter:label1\" content=\"Escrito por\" \/>\n\t<meta name=\"twitter:data1\" content=\"apuntesdesanluis.com\" \/>\n\t<meta name=\"twitter:label2\" content=\"Tiempo de lectura\" \/>\n\t<meta name=\"twitter:data2\" content=\"2 minutos\" \/>\n<script type=\"application\/ld+json\" class=\"yoast-schema-graph\">{\"@context\":\"https:\/\/schema.org\",\"@graph\":[{\"@type\":\"Article\",\"@id\":\"https:\/\/apuntesdesanluis.com\/index.php\/2024\/04\/18\/cronograma-de-actividades-religiosas-en-honor-al-cristo-de-la-quebrada\/#article\",\"isPartOf\":{\"@id\":\"https:\/\/apuntesdesanluis.com\/index.php\/2024\/04\/18\/cronograma-de-actividades-religiosas-en-honor-al-cristo-de-la-quebrada\/\"},\"author\":{\"name\":\"apuntesdesanluis.com\",\"@id\":\"https:\/\/apuntesdesanluis.com\/#\/schema\/person\/b55151d52296fcce64d1a72538a70b90\"},\"headline\":\"CRONOGRAMA DE ACTIVIDADES RELIGIOSAS EN HONOR AL CRISTO DE LA QUEBRADA\",\"datePublished\":\"2024-04-19T00:54:00+00:00\",\"mainEntityOfPage\":{\"@id\":\"https:\/\/apuntesdesanluis.com\/index.php\/2024\/04\/18\/cronograma-de-actividades-religiosas-en-honor-al-cristo-de-la-quebrada\/\"},\"wordCount\":396,\"publisher\":{\"@id\":\"https:\/\/apuntesdesanluis.com\/#\/schema\/person\/b55151d52296fcce64d1a72538a70b90\"},\"image\":{\"@id\":\"https:\/\/apuntesdesanluis.com\/index.php\/2024\/04\/18\/cronograma-de-actividades-religiosas-en-honor-al-cristo-de-la-quebrada\/#primaryimage\"},\"thumbnailUrl\":\"https:\/\/apuntesdesanluis.com\/wp-content\/uploads\/2024\/04\/VILLA-DE-LA-QUEBRADA.png\",\"articleSection\":[\"Ciudad\/Provincia\"],\"inLanguage\":\"es-AR\"},{\"@type\":\"WebPage\",\"@id\":\"https:\/\/apuntesdesanluis.com\/index.php\/2024\/04\/18\/cronograma-de-actividades-religiosas-en-honor-al-cristo-de-la-quebrada\/\",\"url\":\"https:\/\/apuntesdesanluis.com\/index.php\/2024\/04\/18\/cronograma-de-actividades-religiosas-en-honor-al-cristo-de-la-quebrada\/\",\"name\":\"CRONOGRAMA DE ACTIVIDADES RELIGIOSAS EN HONOR AL CRISTO DE LA QUEBRADA - Apuntes de San Luis\",\"isPartOf\":{\"@id\":\"https:\/\/apuntesdesanluis.com\/#website\"},\"primaryImageOfPage\":{\"@id\":\"https:\/\/apuntesdesanluis.com\/index.php\/2024\/04\/18\/cronograma-de-actividades-religiosas-en-honor-al-cristo-de-la-quebrada\/#primaryimage\"},\"image\":{\"@id\":\"https:\/\/apuntesdesanluis.com\/index.php\/2024\/04\/18\/cronograma-de-actividades-religiosas-en-honor-al-cristo-de-la-quebrada\/#primaryimage\"},\"thumbnailUrl\":\"https:\/\/apuntesdesanluis.com\/wp-content\/uploads\/2024\/04\/VILLA-DE-LA-QUEBRADA.png\",\"datePublished\":\"2024-04-19T00:54:00+00:00\",\"breadcrumb\":{\"@id\":\"https:\/\/apuntesdesanluis.com\/index.php\/2024\/04\/18\/cronograma-de-actividades-religiosas-en-honor-al-cristo-de-la-quebrada\/#breadcrumb\"},\"inLanguage\":\"es-AR\",\"potentialAction\":[{\"@type\":\"ReadAction\",\"target\":[\"https:\/\/apuntesdesanluis.com\/index.php\/2024\/04\/18\/cronograma-de-actividades-religiosas-en-honor-al-cristo-de-la-quebrada\/\"]}]},{\"@type\":\"ImageObject\",\"inLanguage\":\"es-AR\",\"@id\":\"https:\/\/apuntesdesanluis.com\/index.php\/2024\/04\/18\/cronograma-de-actividades-religiosas-en-honor-al-cristo-de-la-quebrada\/#primaryimage\",\"url\":\"https:\/\/apuntesdesanluis.com\/wp-content\/uploads\/2024\/04\/VILLA-DE-LA-QUEBRADA.png\",\"contentUrl\":\"https:\/\/apuntesdesanluis.com\/wp-content\/uploads\/2024\/04\/VILLA-DE-LA-QUEBRADA.png\",\"width\":600,\"height\":388},{\"@type\":\"BreadcrumbList\",\"@id\":\"https:\/\/apuntesdesanluis.com\/index.php\/2024\/04\/18\/cronograma-de-actividades-religiosas-en-honor-al-cristo-de-la-quebrada\/#breadcrumb\",\"itemListElement\":[{\"@type\":\"ListItem\",\"position\":1,\"name\":\"Inicio\",\"item\":\"https:\/\/apuntesdesanluis.com\/\"},{\"@type\":\"ListItem\",\"position\":2,\"name\":\"CRONOGRAMA DE ACTIVIDADES RELIGIOSAS EN HONOR AL CRISTO DE LA QUEBRADA\"}]},{\"@type\":\"WebSite\",\"@id\":\"https:\/\/apuntesdesanluis.com\/#website\",\"url\":\"https:\/\/apuntesdesanluis.com\/\",\"name\":\"Apuntes de San Luis\",\"description\":\"\",\"publisher\":{\"@id\":\"https:\/\/apuntesdesanluis.com\/#\/schema\/person\/b55151d52296fcce64d1a72538a70b90\"},\"potentialAction\":[{\"@type\":\"SearchAction\",\"target\":{\"@type\":\"EntryPoint\",\"urlTemplate\":\"https:\/\/apuntesdesanluis.com\/?s={search_term_string}\"},\"query-input\":{\"@type\":\"PropertyValueSpecification\",\"valueRequired\":true,\"valueName\":\"search_term_string\"}}],\"inLanguage\":\"es-AR\"},{\"@type\":[\"Person\",\"Organization\"],\"@id\":\"https:\/\/apuntesdesanluis.com\/#\/schema\/person\/b55151d52296fcce64d1a72538a70b90\",\"name\":\"apuntesdesanluis.com\",\"image\":{\"@type\":\"ImageObject\",\"inLanguage\":\"es-AR\",\"@id\":\"https:\/\/apuntesdesanluis.com\/#\/schema\/person\/image\/\",\"url\":\"https:\/\/apuntesdesanluis.com\/wp-content\/uploads\/2023\/07\/cropped-apuntesdesanluis.png\",\"contentUrl\":\"https:\/\/apuntesdesanluis.com\/wp-content\/uploads\/2023\/07\/cropped-apuntesdesanluis.png\",\"width\":450,\"height\":112,\"caption\":\"apuntesdesanluis.com\"},\"logo\":{\"@id\":\"https:\/\/apuntesdesanluis.com\/#\/schema\/person\/image\/\"},\"sameAs\":[\"https:\/\/apuntesdesanluis.com\"],\"url\":\"https:\/\/apuntesdesanluis.com\/index.php\/author\/apuntesdesanluis-com\/\"}]}<\/script>\n<!-- \/ Yoast SEO plugin. -->","yoast_head_json":{"title":"CRONOGRAMA DE ACTIVIDADES RELIGIOSAS EN HONOR AL CRISTO DE LA QUEBRADA - Apuntes de San Luis","robots":{"index":"index","follow":"follow","max-snippet":"max-snippet:-1","max-image-preview":"max-image-preview:large","max-video-preview":"max-video-preview:-1"},"canonical":"https:\/\/apuntesdesanluis.com\/index.php\/2024\/04\/18\/cronograma-de-actividades-religiosas-en-honor-al-cristo-de-la-quebrada\/","og_locale":"es_ES","og_type":"article","og_title":"CRONOGRAMA DE ACTIVIDADES RELIGIOSAS EN HONOR AL CRISTO DE LA QUEBRADA - Apuntes de San Luis","og_description":"En los d\u00edas previos a la procesi\u00f3n, que se realizar\u00e1 el 3 de mayo, tendr\u00e1...","og_url":"https:\/\/apuntesdesanluis.com\/index.php\/2024\/04\/18\/cronograma-de-actividades-religiosas-en-honor-al-cristo-de-la-quebrada\/","og_site_name":"Apuntes de San Luis","article_published_time":"2024-04-19T00:54:00+00:00","og_image":[{"width":600,"height":388,"url":"https:\/\/apuntesdesanluis.com\/wp-content\/uploads\/2024\/04\/VILLA-DE-LA-QUEBRADA.png","type":"image\/png"}],"author":"apuntesdesanluis.com","twitter_card":"summary_large_image","twitter_misc":{"Escrito por":"apuntesdesanluis.com","Tiempo de lectura":"2 minutos"},"schema":{"@context":"https:\/\/schema.org","@graph":[{"@type":"Article","@id":"https:\/\/apuntesdesanluis.com\/index.php\/2024\/04\/18\/cronograma-de-actividades-religiosas-en-honor-al-cristo-de-la-quebrada\/#article","isPartOf":{"@id":"https:\/\/apuntesdesanluis.com\/index.php\/2024\/04\/18\/cronograma-de-actividades-religiosas-en-honor-al-cristo-de-la-quebrada\/"},"author":{"name":"apuntesdesanluis.com","@id":"https:\/\/apuntesdesanluis.com\/#\/schema\/person\/b55151d52296fcce64d1a72538a70b90"},"headline":"CRONOGRAMA DE ACTIVIDADES RELIGIOSAS EN HONOR AL CRISTO DE LA QUEBRADA","datePublished":"2024-04-19T00:54:00+00:00","mainEntityOfPage":{"@id":"https:\/\/apuntesdesanluis.com\/index.php\/2024\/04\/18\/cronograma-de-actividades-religiosas-en-honor-al-cristo-de-la-quebrada\/"},"wordCount":396,"publisher":{"@id":"https:\/\/apuntesdesanluis.com\/#\/schema\/person\/b55151d52296fcce64d1a72538a70b90"},"image":{"@id":"https:\/\/apuntesdesanluis.com\/index.php\/2024\/04\/18\/cronograma-de-actividades-religiosas-en-honor-al-cristo-de-la-quebrada\/#primaryimage"},"thumbnailUrl":"https:\/\/apuntesdesanluis.com\/wp-content\/uploads\/2024\/04\/VILLA-DE-LA-QUEBRADA.png","articleSection":["Ciudad\/Provincia"],"inLanguage":"es-AR"},{"@type":"WebPage","@id":"https:\/\/apuntesdesanluis.com\/index.php\/2024\/04\/18\/cronograma-de-actividades-religiosas-en-honor-al-cristo-de-la-quebrada\/","url":"https:\/\/apuntesdesanluis.com\/index.php\/2024\/04\/18\/cronograma-de-actividades-religiosas-en-honor-al-cristo-de-la-quebrada\/","name":"CRONOGRAMA DE ACTIVIDADES RELIGIOSAS EN HONOR AL CRISTO DE LA QUEBRADA - Apuntes de San Luis","isPartOf":{"@id":"https:\/\/apuntesdesanluis.com\/#website"},"primaryImageOfPage":{"@id":"https:\/\/apuntesdesanluis.com\/index.php\/2024\/04\/18\/cronograma-de-actividades-religiosas-en-honor-al-cristo-de-la-quebrada\/#primaryimage"},"image":{"@id":"https:\/\/apuntesdesanluis.com\/index.php\/2024\/04\/18\/cronograma-de-actividades-religiosas-en-honor-al-cristo-de-la-quebrada\/#primaryimage"},"thumbnailUrl":"https:\/\/apuntesdesanluis.com\/wp-content\/uploads\/2024\/04\/VILLA-DE-LA-QUEBRADA.png","datePublished":"2024-04-19T00:54:00+00:00","breadcrumb":{"@id":"https:\/\/apuntesdesanluis.com\/index.php\/2024\/04\/18\/cronograma-de-actividades-religiosas-en-honor-al-cristo-de-la-quebrada\/#breadcrumb"},"inLanguage":"es-AR","potentialAction":[{"@type":"ReadAction","target":["https:\/\/apuntesdesanluis.com\/index.php\/2024\/04\/18\/cronograma-de-actividades-religiosas-en-honor-al-cristo-de-la-quebrada\/"]}]},{"@type":"ImageObject","inLanguage":"es-AR","@id":"https:\/\/apuntesdesanluis.com\/index.php\/2024\/04\/18\/cronograma-de-actividades-religiosas-en-honor-al-cristo-de-la-quebrada\/#primaryimage","url":"https:\/\/apuntesdesanluis.com\/wp-content\/uploads\/2024\/04\/VILLA-DE-LA-QUEBRADA.png","contentUrl":"https:\/\/apuntesdesanluis.com\/wp-content\/uploads\/2024\/04\/VILLA-DE-LA-QUEBRADA.png","width":600,"height":388},{"@type":"BreadcrumbList","@id":"https:\/\/apuntesdesanluis.com\/index.php\/2024\/04\/18\/cronograma-de-actividades-religiosas-en-honor-al-cristo-de-la-quebrada\/#breadcrumb","itemListElement":[{"@type":"ListItem","position":1,"name":"Inicio","item":"https:\/\/apuntesdesanluis.com\/"},{"@type":"ListItem","position":2,"name":"CRONOGRAMA DE ACTIVIDADES RELIGIOSAS EN HONOR AL CRISTO DE LA QUEBRADA"}]},{"@type":"WebSite","@id":"https:\/\/apuntesdesanluis.com\/#website","url":"https:\/\/apuntesdesanluis.com\/","name":"Apuntes de San Luis","description":"","publisher":{"@id":"https:\/\/apuntesdesanluis.com\/#\/schema\/person\/b55151d52296fcce64d1a72538a70b90"},"potentialAction":[{"@type":"SearchAction","target":{"@type":"EntryPoint","urlTemplate":"https:\/\/apuntesdesanluis.com\/?s={search_term_string}"},"query-input":{"@type":"PropertyValueSpecification","valueRequired":true,"valueName":"search_term_string"}}],"inLanguage":"es-AR"},{"@type":["Person","Organization"],"@id":"https:\/\/apuntesdesanluis.com\/#\/schema\/person\/b55151d52296fcce64d1a72538a70b90","name":"apuntesdesanluis.com","image":{"@type":"ImageObject","inLanguage":"es-AR","@id":"https:\/\/apuntesdesanluis.com\/#\/schema\/person\/image\/","url":"https:\/\/apuntesdesanluis.com\/wp-content\/uploads\/2023\/07\/cropped-apuntesdesanluis.png","contentUrl":"https:\/\/apuntesdesanluis.com\/wp-content\/uploads\/2023\/07\/cropped-apuntesdesanluis.png","width":450,"height":112,"caption":"apuntesdesanluis.com"},"logo":{"@id":"https:\/\/apuntesdesanluis.com\/#\/schema\/person\/image\/"},"sameAs":["https:\/\/apuntesdesanluis.com"],"url":"https:\/\/apuntesdesanluis.com\/index.php\/author\/apuntesdesanluis-com\/"}]}},"featured_image_urls":{"full":["https:\/\/apuntesdesanluis.com\/wp-content\/uploads\/2024\/04\/VILLA-DE-LA-QUEBRADA.png",600,388,false],"thumbnail":["https:\/\/apuntesdesanluis.com\/wp-content\/uploads\/2024\/04\/VILLA-DE-LA-QUEBRADA-150x150.png",150,150,true],"medium":["https:\/\/apuntesdesanluis.com\/wp-content\/uploads\/2024\/04\/VILLA-DE-LA-QUEBRADA-300x194.png",300,194,true],"medium_large":["https:\/\/apuntesdesanluis.com\/wp-content\/uploads\/2024\/04\/VILLA-DE-LA-QUEBRADA.png",600,388,false],"large":["https:\/\/apuntesdesanluis.com\/wp-content\/uploads\/2024\/04\/VILLA-DE-LA-QUEBRADA.png",600,388,false],"1536x1536":["https:\/\/apuntesdesanluis.com\/wp-content\/uploads\/2024\/04\/VILLA-DE-LA-QUEBRADA.png",600,388,false],"2048x2048":["https:\/\/apuntesdesanluis.com\/wp-content\/uploads\/2024\/04\/VILLA-DE-LA-QUEBRADA.png",600,388,false],"newsever-slider-full":["https:\/\/apuntesdesanluis.com\/wp-content\/uploads\/2024\/04\/VILLA-DE-LA-QUEBRADA.png",600,388,false],"newsever-featured":["https:\/\/apuntesdesanluis.com\/wp-content\/uploads\/2024\/04\/VILLA-DE-LA-QUEBRADA.png",600,388,false],"newsever-medium":["https:\/\/apuntesdesanluis.com\/wp-content\/uploads\/2024\/04\/VILLA-DE-LA-QUEBRADA.png",600,388,false]},"author_info":{"display_name":"apuntesdesanluis.com","author_link":"https:\/\/apuntesdesanluis.com\/index.php\/author\/apuntesdesanluis-com\/"},"category_info":"<a href=\"https:\/\/apuntesdesanluis.com\/index.php\/category\/ciudad-provincia\/\" rel=\"category tag\">Ciudad\/Provincia<\/a>","tag_info":"Ciudad\/Provincia","comment_count":"0","_links":{"self":[{"href":"https:\/\/apuntesdesanluis.com\/index.php\/wp-json\/wp\/v2\/posts\/14936","targetHints":{"allow":["GET"]}}],"collection":[{"href":"https:\/\/apuntesdesanluis.com\/index.php\/wp-json\/wp\/v2\/posts"}],"about":[{"href":"https:\/\/apuntesdesanluis.com\/index.php\/wp-json\/wp\/v2\/types\/post"}],"author":[{"embeddable":true,"href":"https:\/\/apuntesdesanluis.com\/index.php\/wp-json\/wp\/v2\/users\/1"}],"replies":[{"embeddable":true,"href":"https:\/\/apuntesdesanluis.com\/index.php\/wp-json\/wp\/v2\/comments?post=14936"}],"version-history":[{"count":1,"href":"https:\/\/apuntesdesanluis.com\/index.php\/wp-json\/wp\/v2\/posts\/14936\/revisions"}],"predecessor-version":[{"id":14938,"href":"https:\/\/apuntesdesanluis.com\/index.php\/wp-json\/wp\/v2\/posts\/14936\/revisions\/14938"}],"wp:featuredmedia":[{"embeddable":true,"href":"https:\/\/apuntesdesanluis.com\/index.php\/wp-json\/wp\/v2\/media\/14937"}],"wp:attachment":[{"href":"https:\/\/apuntesdesanluis.com\/index.php\/wp-json\/wp\/v2\/media?parent=14936"}],"wp:term":[{"taxonomy":"category","embeddable":true,"href":"https:\/\/apuntesdesanluis.com\/index.php\/wp-json\/wp\/v2\/categories?post=14936"},{"taxonomy":"post_tag","embeddable":true,"href":"https:\/\/apuntesdesanluis.com\/index.php\/wp-json\/wp\/v2\/tags?post=14936"}],"curies":[{"name":"wp","href":"https:\/\/api.w.org\/{rel}","templated":true}]}}