{"id":14946,"date":"2024-04-19T08:14:01","date_gmt":"2024-04-19T11:14:01","guid":{"rendered":"https:\/\/apuntesdesanluis.com\/?p=14946"},"modified":"2024-04-19T08:14:01","modified_gmt":"2024-04-19T11:14:01","slug":"crece-la-tension-en-medio-oriente-israel-ataco-una-base-militar-en-iran-como-represalia","status":"publish","type":"post","link":"https:\/\/apuntesdesanluis.com\/index.php\/2024\/04\/19\/crece-la-tension-en-medio-oriente-israel-ataco-una-base-militar-en-iran-como-represalia\/","title":{"rendered":"CRECE LA TENSI\u00d3N EN MEDIO ORIENTE: ISRAEL ATAC\u00d3 UNA BASE MILITAR EN IR\u00c1N COMO REPRESALIA"},"content":{"rendered":"<h3>Ocurre tras la ofensiva de Ir\u00e1n del fin de semana, que involucr\u00f3 cientos de drones y misiles en respuesta a un presunto ataque israel\u00ed contra el complejo de su embajada en Siria.<\/h3>\n<h3>Israel atac\u00f3 una base militar en Ir\u00e1n como represalia y crece la tensi\u00f3n en Medio Oriente<\/h3>\n<h3>Misiles israel\u00edes alcanzaron un emplazamiento en Ir\u00e1n, inform\u00f3 este jueves ABC News, citando a un funcionario estadounidense, mientras que los medios estatales iran\u00edes informaron de una explosi\u00f3n en el centro del pa\u00eds, d\u00edas despu\u00e9s de que Ir\u00e1n lanz\u00f3 un ataque con drones en represalia contra Israel.<\/h3>\n<h3>Sin embargo, el gobierno iran\u00ed inform\u00f3 este viernes que las instalaciones nucleares de la provincia iran\u00ed de Isfah\u00e1n permanecen intactas, mientras se activaban los sistemas de defensa antia\u00e9rea en la ciudad del mismo nombre contra presuntos drones.<\/h3>\n<h3>La agencia de noticias iran\u00ed Fars report\u00f3 que se escuch\u00f3 una explosi\u00f3n en un aeropuerto en la ciudad central de Isfah\u00e1n, pero la causa no se conoc\u00eda de inmediato. Ir\u00e1n suspendi\u00f3 los vuelos sobre las ciudades de Isfah\u00e1n, Shiraz y Teher\u00e1n, informaron los medios estatales.<\/h3>\n<h3>Varios sitios nucleares iran\u00edes est\u00e1n ubicados en la provincia de Isfah\u00e1n, incluido Natanz, pieza central del programa de enriquecimiento de uranio de Ir\u00e1n.<\/h3>\n<h3>El Aeropuerto Internacional Imam Jomeini de Teher\u00e1n est\u00e1 cerrado a todos los vuelos hasta las 0700 GMT, seg\u00fan un aviso a los aviadores publicado en una base de datos de la Administraci\u00f3n Federal de Aviaci\u00f3n de Estados Unidos.<\/h3>\n<h3>Algunos vuelos de Emirates y Flydubai que volaban sobre Ir\u00e1n a primera hora del viernes hicieron giros bruscos y repentinos alej\u00e1ndose del espacio a\u00e9reo, seg\u00fan las rutas de vuelo mostradas en el sitio web de seguimiento Flightradar24.<\/h3>\n<h3>Israel hab\u00eda advertido que tomar\u00eda represalias contra la ofensiva de Ir\u00e1n del fin de semana, que involucr\u00f3 cientos de drones y misiles en respuesta a un presunto ataque israel\u00ed contra el complejo de su embajada en Siria. La mayor\u00eda de los drones y misiles iran\u00edes fueron derribados antes de llegar a territorio israel\u00ed.<\/h3>\n<h3><\/h3>\n<p>&nbsp;<\/p>\n<p>&nbsp;<\/p>\n<p>&nbsp;<\/p>\n<p>&nbsp;<\/p>\n","protected":false},"excerpt":{"rendered":"<p>Ocurre tras la ofensiva de Ir\u00e1n del fin de semana, que involucr\u00f3 cientos de drones&#8230;<\/p>\n","protected":false},"author":1,"featured_media":14947,"comment_status":"closed","ping_status":"closed","sticky":false,"template":"","format":"standard","meta":{"footnotes":""},"categories":[5],"tags":[],"class_list":["post-14946","post","type-post","status-publish","format-standard","has-post-thumbnail","hentry","category-nacionales-internacionales"],"yoast_head":"<!-- This site is optimized with the Yoast SEO plugin v26.1.1 - https:\/\/yoast.com\/wordpress\/plugins\/seo\/ -->\n<title>CRECE LA TENSI\u00d3N EN MEDIO ORIENTE: ISRAEL ATAC\u00d3 UNA BASE MILITAR EN IR\u00c1N COMO REPRESALIA - Apuntes de San Luis<\/title>\n<meta name=\"robots\" content=\"index, follow, max-snippet:-1, max-image-preview:large, max-video-preview:-1\" \/>\n<link rel=\"canonical\" href=\"https:\/\/apuntesdesanluis.com\/index.php\/2024\/04\/19\/crece-la-tension-en-medio-oriente-israel-ataco-una-base-militar-en-iran-como-represalia\/\" \/>\n<meta property=\"og:locale\" content=\"es_ES\" \/>\n<meta property=\"og:type\" content=\"article\" \/>\n<meta property=\"og:title\" content=\"CRECE LA TENSI\u00d3N EN MEDIO ORIENTE: ISRAEL ATAC\u00d3 UNA BASE MILITAR EN IR\u00c1N COMO REPRESALIA - Apuntes de San Luis\" \/>\n<meta property=\"og:description\" content=\"Ocurre tras la ofensiva de Ir\u00e1n del fin de semana, que involucr\u00f3 cientos de drones...\" \/>\n<meta property=\"og:url\" content=\"https:\/\/apuntesdesanluis.com\/index.php\/2024\/04\/19\/crece-la-tension-en-medio-oriente-israel-ataco-una-base-militar-en-iran-como-represalia\/\" \/>\n<meta property=\"og:site_name\" content=\"Apuntes de San Luis\" \/>\n<meta property=\"article:published_time\" content=\"2024-04-19T11:14:01+00:00\" \/>\n<meta property=\"og:image\" content=\"https:\/\/apuntesdesanluis.com\/wp-content\/uploads\/2024\/04\/MISIL.png\" \/>\n\t<meta property=\"og:image:width\" content=\"600\" \/>\n\t<meta property=\"og:image:height\" content=\"337\" \/>\n\t<meta property=\"og:image:type\" content=\"image\/png\" \/>\n<meta name=\"author\" content=\"apuntesdesanluis.com\" \/>\n<meta name=\"twitter:card\" content=\"summary_large_image\" \/>\n<meta name=\"twitter:label1\" content=\"Escrito por\" \/>\n\t<meta name=\"twitter:data1\" content=\"apuntesdesanluis.com\" \/>\n\t<meta name=\"twitter:label2\" content=\"Tiempo de lectura\" \/>\n\t<meta name=\"twitter:data2\" content=\"2 minutos\" \/>\n<script type=\"application\/ld+json\" class=\"yoast-schema-graph\">{\"@context\":\"https:\/\/schema.org\",\"@graph\":[{\"@type\":\"Article\",\"@id\":\"https:\/\/apuntesdesanluis.com\/index.php\/2024\/04\/19\/crece-la-tension-en-medio-oriente-israel-ataco-una-base-militar-en-iran-como-represalia\/#article\",\"isPartOf\":{\"@id\":\"https:\/\/apuntesdesanluis.com\/index.php\/2024\/04\/19\/crece-la-tension-en-medio-oriente-israel-ataco-una-base-militar-en-iran-como-represalia\/\"},\"author\":{\"name\":\"apuntesdesanluis.com\",\"@id\":\"https:\/\/apuntesdesanluis.com\/#\/schema\/person\/b55151d52296fcce64d1a72538a70b90\"},\"headline\":\"CRECE LA TENSI\u00d3N EN MEDIO ORIENTE: ISRAEL ATAC\u00d3 UNA BASE MILITAR EN IR\u00c1N COMO REPRESALIA\",\"datePublished\":\"2024-04-19T11:14:01+00:00\",\"mainEntityOfPage\":{\"@id\":\"https:\/\/apuntesdesanluis.com\/index.php\/2024\/04\/19\/crece-la-tension-en-medio-oriente-israel-ataco-una-base-militar-en-iran-como-represalia\/\"},\"wordCount\":383,\"publisher\":{\"@id\":\"https:\/\/apuntesdesanluis.com\/#\/schema\/person\/b55151d52296fcce64d1a72538a70b90\"},\"image\":{\"@id\":\"https:\/\/apuntesdesanluis.com\/index.php\/2024\/04\/19\/crece-la-tension-en-medio-oriente-israel-ataco-una-base-militar-en-iran-como-represalia\/#primaryimage\"},\"thumbnailUrl\":\"https:\/\/apuntesdesanluis.com\/wp-content\/uploads\/2024\/04\/MISIL.png\",\"articleSection\":[\"Nacionales\/Internacionales\"],\"inLanguage\":\"es-AR\"},{\"@type\":\"WebPage\",\"@id\":\"https:\/\/apuntesdesanluis.com\/index.php\/2024\/04\/19\/crece-la-tension-en-medio-oriente-israel-ataco-una-base-militar-en-iran-como-represalia\/\",\"url\":\"https:\/\/apuntesdesanluis.com\/index.php\/2024\/04\/19\/crece-la-tension-en-medio-oriente-israel-ataco-una-base-militar-en-iran-como-represalia\/\",\"name\":\"CRECE LA TENSI\u00d3N EN MEDIO ORIENTE: ISRAEL ATAC\u00d3 UNA BASE MILITAR EN IR\u00c1N COMO REPRESALIA - Apuntes de San Luis\",\"isPartOf\":{\"@id\":\"https:\/\/apuntesdesanluis.com\/#website\"},\"primaryImageOfPage\":{\"@id\":\"https:\/\/apuntesdesanluis.com\/index.php\/2024\/04\/19\/crece-la-tension-en-medio-oriente-israel-ataco-una-base-militar-en-iran-como-represalia\/#primaryimage\"},\"image\":{\"@id\":\"https:\/\/apuntesdesanluis.com\/index.php\/2024\/04\/19\/crece-la-tension-en-medio-oriente-israel-ataco-una-base-militar-en-iran-como-represalia\/#primaryimage\"},\"thumbnailUrl\":\"https:\/\/apuntesdesanluis.com\/wp-content\/uploads\/2024\/04\/MISIL.png\",\"datePublished\":\"2024-04-19T11:14:01+00:00\",\"breadcrumb\":{\"@id\":\"https:\/\/apuntesdesanluis.com\/index.php\/2024\/04\/19\/crece-la-tension-en-medio-oriente-israel-ataco-una-base-militar-en-iran-como-represalia\/#breadcrumb\"},\"inLanguage\":\"es-AR\",\"potentialAction\":[{\"@type\":\"ReadAction\",\"target\":[\"https:\/\/apuntesdesanluis.com\/index.php\/2024\/04\/19\/crece-la-tension-en-medio-oriente-israel-ataco-una-base-militar-en-iran-como-represalia\/\"]}]},{\"@type\":\"ImageObject\",\"inLanguage\":\"es-AR\",\"@id\":\"https:\/\/apuntesdesanluis.com\/index.php\/2024\/04\/19\/crece-la-tension-en-medio-oriente-israel-ataco-una-base-militar-en-iran-como-represalia\/#primaryimage\",\"url\":\"https:\/\/apuntesdesanluis.com\/wp-content\/uploads\/2024\/04\/MISIL.png\",\"contentUrl\":\"https:\/\/apuntesdesanluis.com\/wp-content\/uploads\/2024\/04\/MISIL.png\",\"width\":600,\"height\":337},{\"@type\":\"BreadcrumbList\",\"@id\":\"https:\/\/apuntesdesanluis.com\/index.php\/2024\/04\/19\/crece-la-tension-en-medio-oriente-israel-ataco-una-base-militar-en-iran-como-represalia\/#breadcrumb\",\"itemListElement\":[{\"@type\":\"ListItem\",\"position\":1,\"name\":\"Inicio\",\"item\":\"https:\/\/apuntesdesanluis.com\/\"},{\"@type\":\"ListItem\",\"position\":2,\"name\":\"CRECE LA TENSI\u00d3N EN MEDIO ORIENTE: ISRAEL ATAC\u00d3 UNA BASE MILITAR EN IR\u00c1N COMO REPRESALIA\"}]},{\"@type\":\"WebSite\",\"@id\":\"https:\/\/apuntesdesanluis.com\/#website\",\"url\":\"https:\/\/apuntesdesanluis.com\/\",\"name\":\"Apuntes de San Luis\",\"description\":\"\",\"publisher\":{\"@id\":\"https:\/\/apuntesdesanluis.com\/#\/schema\/person\/b55151d52296fcce64d1a72538a70b90\"},\"potentialAction\":[{\"@type\":\"SearchAction\",\"target\":{\"@type\":\"EntryPoint\",\"urlTemplate\":\"https:\/\/apuntesdesanluis.com\/?s={search_term_string}\"},\"query-input\":{\"@type\":\"PropertyValueSpecification\",\"valueRequired\":true,\"valueName\":\"search_term_string\"}}],\"inLanguage\":\"es-AR\"},{\"@type\":[\"Person\",\"Organization\"],\"@id\":\"https:\/\/apuntesdesanluis.com\/#\/schema\/person\/b55151d52296fcce64d1a72538a70b90\",\"name\":\"apuntesdesanluis.com\",\"image\":{\"@type\":\"ImageObject\",\"inLanguage\":\"es-AR\",\"@id\":\"https:\/\/apuntesdesanluis.com\/#\/schema\/person\/image\/\",\"url\":\"https:\/\/apuntesdesanluis.com\/wp-content\/uploads\/2023\/07\/cropped-apuntesdesanluis.png\",\"contentUrl\":\"https:\/\/apuntesdesanluis.com\/wp-content\/uploads\/2023\/07\/cropped-apuntesdesanluis.png\",\"width\":450,\"height\":112,\"caption\":\"apuntesdesanluis.com\"},\"logo\":{\"@id\":\"https:\/\/apuntesdesanluis.com\/#\/schema\/person\/image\/\"},\"sameAs\":[\"https:\/\/apuntesdesanluis.com\"],\"url\":\"https:\/\/apuntesdesanluis.com\/index.php\/author\/apuntesdesanluis-com\/\"}]}<\/script>\n<!-- \/ Yoast SEO plugin. -->","yoast_head_json":{"title":"CRECE LA TENSI\u00d3N EN MEDIO ORIENTE: ISRAEL ATAC\u00d3 UNA BASE MILITAR EN IR\u00c1N COMO REPRESALIA - Apuntes de San Luis","robots":{"index":"index","follow":"follow","max-snippet":"max-snippet:-1","max-image-preview":"max-image-preview:large","max-video-preview":"max-video-preview:-1"},"canonical":"https:\/\/apuntesdesanluis.com\/index.php\/2024\/04\/19\/crece-la-tension-en-medio-oriente-israel-ataco-una-base-militar-en-iran-como-represalia\/","og_locale":"es_ES","og_type":"article","og_title":"CRECE LA TENSI\u00d3N EN MEDIO ORIENTE: ISRAEL ATAC\u00d3 UNA BASE MILITAR EN IR\u00c1N COMO REPRESALIA - Apuntes de San Luis","og_description":"Ocurre tras la ofensiva de Ir\u00e1n del fin de semana, que involucr\u00f3 cientos de drones...","og_url":"https:\/\/apuntesdesanluis.com\/index.php\/2024\/04\/19\/crece-la-tension-en-medio-oriente-israel-ataco-una-base-militar-en-iran-como-represalia\/","og_site_name":"Apuntes de San Luis","article_published_time":"2024-04-19T11:14:01+00:00","og_image":[{"width":600,"height":337,"url":"https:\/\/apuntesdesanluis.com\/wp-content\/uploads\/2024\/04\/MISIL.png","type":"image\/png"}],"author":"apuntesdesanluis.com","twitter_card":"summary_large_image","twitter_misc":{"Escrito por":"apuntesdesanluis.com","Tiempo de lectura":"2 minutos"},"schema":{"@context":"https:\/\/schema.org","@graph":[{"@type":"Article","@id":"https:\/\/apuntesdesanluis.com\/index.php\/2024\/04\/19\/crece-la-tension-en-medio-oriente-israel-ataco-una-base-militar-en-iran-como-represalia\/#article","isPartOf":{"@id":"https:\/\/apuntesdesanluis.com\/index.php\/2024\/04\/19\/crece-la-tension-en-medio-oriente-israel-ataco-una-base-militar-en-iran-como-represalia\/"},"author":{"name":"apuntesdesanluis.com","@id":"https:\/\/apuntesdesanluis.com\/#\/schema\/person\/b55151d52296fcce64d1a72538a70b90"},"headline":"CRECE LA TENSI\u00d3N EN MEDIO ORIENTE: ISRAEL ATAC\u00d3 UNA BASE MILITAR EN IR\u00c1N COMO REPRESALIA","datePublished":"2024-04-19T11:14:01+00:00","mainEntityOfPage":{"@id":"https:\/\/apuntesdesanluis.com\/index.php\/2024\/04\/19\/crece-la-tension-en-medio-oriente-israel-ataco-una-base-militar-en-iran-como-represalia\/"},"wordCount":383,"publisher":{"@id":"https:\/\/apuntesdesanluis.com\/#\/schema\/person\/b55151d52296fcce64d1a72538a70b90"},"image":{"@id":"https:\/\/apuntesdesanluis.com\/index.php\/2024\/04\/19\/crece-la-tension-en-medio-oriente-israel-ataco-una-base-militar-en-iran-como-represalia\/#primaryimage"},"thumbnailUrl":"https:\/\/apuntesdesanluis.com\/wp-content\/uploads\/2024\/04\/MISIL.png","articleSection":["Nacionales\/Internacionales"],"inLanguage":"es-AR"},{"@type":"WebPage","@id":"https:\/\/apuntesdesanluis.com\/index.php\/2024\/04\/19\/crece-la-tension-en-medio-oriente-israel-ataco-una-base-militar-en-iran-como-represalia\/","url":"https:\/\/apuntesdesanluis.com\/index.php\/2024\/04\/19\/crece-la-tension-en-medio-oriente-israel-ataco-una-base-militar-en-iran-como-represalia\/","name":"CRECE LA TENSI\u00d3N EN MEDIO ORIENTE: ISRAEL ATAC\u00d3 UNA BASE MILITAR EN IR\u00c1N COMO REPRESALIA - Apuntes de San Luis","isPartOf":{"@id":"https:\/\/apuntesdesanluis.com\/#website"},"primaryImageOfPage":{"@id":"https:\/\/apuntesdesanluis.com\/index.php\/2024\/04\/19\/crece-la-tension-en-medio-oriente-israel-ataco-una-base-militar-en-iran-como-represalia\/#primaryimage"},"image":{"@id":"https:\/\/apuntesdesanluis.com\/index.php\/2024\/04\/19\/crece-la-tension-en-medio-oriente-israel-ataco-una-base-militar-en-iran-como-represalia\/#primaryimage"},"thumbnailUrl":"https:\/\/apuntesdesanluis.com\/wp-content\/uploads\/2024\/04\/MISIL.png","datePublished":"2024-04-19T11:14:01+00:00","breadcrumb":{"@id":"https:\/\/apuntesdesanluis.com\/index.php\/2024\/04\/19\/crece-la-tension-en-medio-oriente-israel-ataco-una-base-militar-en-iran-como-represalia\/#breadcrumb"},"inLanguage":"es-AR","potentialAction":[{"@type":"ReadAction","target":["https:\/\/apuntesdesanluis.com\/index.php\/2024\/04\/19\/crece-la-tension-en-medio-oriente-israel-ataco-una-base-militar-en-iran-como-represalia\/"]}]},{"@type":"ImageObject","inLanguage":"es-AR","@id":"https:\/\/apuntesdesanluis.com\/index.php\/2024\/04\/19\/crece-la-tension-en-medio-oriente-israel-ataco-una-base-militar-en-iran-como-represalia\/#primaryimage","url":"https:\/\/apuntesdesanluis.com\/wp-content\/uploads\/2024\/04\/MISIL.png","contentUrl":"https:\/\/apuntesdesanluis.com\/wp-content\/uploads\/2024\/04\/MISIL.png","width":600,"height":337},{"@type":"BreadcrumbList","@id":"https:\/\/apuntesdesanluis.com\/index.php\/2024\/04\/19\/crece-la-tension-en-medio-oriente-israel-ataco-una-base-militar-en-iran-como-represalia\/#breadcrumb","itemListElement":[{"@type":"ListItem","position":1,"name":"Inicio","item":"https:\/\/apuntesdesanluis.com\/"},{"@type":"ListItem","position":2,"name":"CRECE LA TENSI\u00d3N EN MEDIO ORIENTE: ISRAEL ATAC\u00d3 UNA BASE MILITAR EN IR\u00c1N COMO REPRESALIA"}]},{"@type":"WebSite","@id":"https:\/\/apuntesdesanluis.com\/#website","url":"https:\/\/apuntesdesanluis.com\/","name":"Apuntes de San Luis","description":"","publisher":{"@id":"https:\/\/apuntesdesanluis.com\/#\/schema\/person\/b55151d52296fcce64d1a72538a70b90"},"potentialAction":[{"@type":"SearchAction","target":{"@type":"EntryPoint","urlTemplate":"https:\/\/apuntesdesanluis.com\/?s={search_term_string}"},"query-input":{"@type":"PropertyValueSpecification","valueRequired":true,"valueName":"search_term_string"}}],"inLanguage":"es-AR"},{"@type":["Person","Organization"],"@id":"https:\/\/apuntesdesanluis.com\/#\/schema\/person\/b55151d52296fcce64d1a72538a70b90","name":"apuntesdesanluis.com","image":{"@type":"ImageObject","inLanguage":"es-AR","@id":"https:\/\/apuntesdesanluis.com\/#\/schema\/person\/image\/","url":"https:\/\/apuntesdesanluis.com\/wp-content\/uploads\/2023\/07\/cropped-apuntesdesanluis.png","contentUrl":"https:\/\/apuntesdesanluis.com\/wp-content\/uploads\/2023\/07\/cropped-apuntesdesanluis.png","width":450,"height":112,"caption":"apuntesdesanluis.com"},"logo":{"@id":"https:\/\/apuntesdesanluis.com\/#\/schema\/person\/image\/"},"sameAs":["https:\/\/apuntesdesanluis.com"],"url":"https:\/\/apuntesdesanluis.com\/index.php\/author\/apuntesdesanluis-com\/"}]}},"featured_image_urls":{"full":["https:\/\/apuntesdesanluis.com\/wp-content\/uploads\/2024\/04\/MISIL.png",600,337,false],"thumbnail":["https:\/\/apuntesdesanluis.com\/wp-content\/uploads\/2024\/04\/MISIL-150x150.png",150,150,true],"medium":["https:\/\/apuntesdesanluis.com\/wp-content\/uploads\/2024\/04\/MISIL-300x169.png",300,169,true],"medium_large":["https:\/\/apuntesdesanluis.com\/wp-content\/uploads\/2024\/04\/MISIL.png",600,337,false],"large":["https:\/\/apuntesdesanluis.com\/wp-content\/uploads\/2024\/04\/MISIL.png",600,337,false],"1536x1536":["https:\/\/apuntesdesanluis.com\/wp-content\/uploads\/2024\/04\/MISIL.png",600,337,false],"2048x2048":["https:\/\/apuntesdesanluis.com\/wp-content\/uploads\/2024\/04\/MISIL.png",600,337,false],"newsever-slider-full":["https:\/\/apuntesdesanluis.com\/wp-content\/uploads\/2024\/04\/MISIL.png",600,337,false],"newsever-featured":["https:\/\/apuntesdesanluis.com\/wp-content\/uploads\/2024\/04\/MISIL.png",600,337,false],"newsever-medium":["https:\/\/apuntesdesanluis.com\/wp-content\/uploads\/2024\/04\/MISIL.png",600,337,false]},"author_info":{"display_name":"apuntesdesanluis.com","author_link":"https:\/\/apuntesdesanluis.com\/index.php\/author\/apuntesdesanluis-com\/"},"category_info":"<a href=\"https:\/\/apuntesdesanluis.com\/index.php\/category\/nacionales-internacionales\/\" rel=\"category tag\">Nacionales\/Internacionales<\/a>","tag_info":"Nacionales\/Internacionales","comment_count":"0","_links":{"self":[{"href":"https:\/\/apuntesdesanluis.com\/index.php\/wp-json\/wp\/v2\/posts\/14946","targetHints":{"allow":["GET"]}}],"collection":[{"href":"https:\/\/apuntesdesanluis.com\/index.php\/wp-json\/wp\/v2\/posts"}],"about":[{"href":"https:\/\/apuntesdesanluis.com\/index.php\/wp-json\/wp\/v2\/types\/post"}],"author":[{"embeddable":true,"href":"https:\/\/apuntesdesanluis.com\/index.php\/wp-json\/wp\/v2\/users\/1"}],"replies":[{"embeddable":true,"href":"https:\/\/apuntesdesanluis.com\/index.php\/wp-json\/wp\/v2\/comments?post=14946"}],"version-history":[{"count":1,"href":"https:\/\/apuntesdesanluis.com\/index.php\/wp-json\/wp\/v2\/posts\/14946\/revisions"}],"predecessor-version":[{"id":14948,"href":"https:\/\/apuntesdesanluis.com\/index.php\/wp-json\/wp\/v2\/posts\/14946\/revisions\/14948"}],"wp:featuredmedia":[{"embeddable":true,"href":"https:\/\/apuntesdesanluis.com\/index.php\/wp-json\/wp\/v2\/media\/14947"}],"wp:attachment":[{"href":"https:\/\/apuntesdesanluis.com\/index.php\/wp-json\/wp\/v2\/media?parent=14946"}],"wp:term":[{"taxonomy":"category","embeddable":true,"href":"https:\/\/apuntesdesanluis.com\/index.php\/wp-json\/wp\/v2\/categories?post=14946"},{"taxonomy":"post_tag","embeddable":true,"href":"https:\/\/apuntesdesanluis.com\/index.php\/wp-json\/wp\/v2\/tags?post=14946"}],"curies":[{"name":"wp","href":"https:\/\/api.w.org\/{rel}","templated":true}]}}