{"id":14971,"date":"2024-04-21T15:19:53","date_gmt":"2024-04-21T18:19:53","guid":{"rendered":"https:\/\/apuntesdesanluis.com\/?p=14971"},"modified":"2024-04-21T15:21:21","modified_gmt":"2024-04-21T18:21:21","slug":"este-lunes-comienza-reempadronamiento-de-los-planes-progreso-y-suenos","status":"publish","type":"post","link":"https:\/\/apuntesdesanluis.com\/index.php\/2024\/04\/21\/este-lunes-comienza-reempadronamiento-de-los-planes-progreso-y-suenos\/","title":{"rendered":"ESTE LUNES COMIENZA REEMPADRONAMIENTO DE LOS PLANES PROGRESO Y SUE\u00d1OS"},"content":{"rendered":"<h3>Este lunes 22 comienza el reempadronamiento de todos aquellos beneficiarios de viviendas sociales que hab\u00edan pagado los planes Progreso y Sue\u00f1os durante el primer per\u00edodo de gobierno de Claudio Poggi (2011-2015) y que luego la gesti\u00f3n que lo sucedi\u00f3 dej\u00f3 de lado.<\/h3>\n<h3>\u201cEs una decisi\u00f3n del Gobernador, quien lo anunci\u00f3 en la apertura de sesiones. Vamos a lanzar el reempadronamiento y la actualizaci\u00f3n de datos de personas que se inscribieron en 2011 en el plan Progreso y Sue\u00f1os y que no se les cumpli\u00f3 con la vivienda. En las distintas campa\u00f1as que encar\u00f3 Poggi la gente le preguntaba siempre por este tema y el prometi\u00f3 un relevamiento. Eso es lo que va a comenzar este 22 de abril\u201d, cont\u00f3<strong> M\u00f3nica Becerra<\/strong>, la ministro de Desarrollo Humano.<\/h3>\n<h3><img fetchpriority=\"high\" decoding=\"async\" class=\"wp-image-12771 aligncenter\" src=\"https:\/\/apuntesdesanluis.com\/wp-content\/uploads\/2024\/03\/MONICA-BECERRA-300x180.png\" alt=\"\" width=\"650\" height=\"390\" srcset=\"https:\/\/apuntesdesanluis.com\/wp-content\/uploads\/2024\/03\/MONICA-BECERRA-300x180.png 300w, https:\/\/apuntesdesanluis.com\/wp-content\/uploads\/2024\/03\/MONICA-BECERRA.png 600w\" sizes=\"(max-width: 650px) 100vw, 650px\" \/><\/h3>\n<h3>El requisito principal ser\u00e1 haberse inscripto en 2011, debe conservar ese n\u00famero de inscripci\u00f3n y haber cumplido con el pago de determinada cantidad de cuotas, o sea estar al d\u00eda desde el momento que pag\u00f3 la primera hasta el 10 de diciembre de 2015. \u201cObviamente quedan excluidos los que han pedido la devoluci\u00f3n de sus cuotas pagas, los que hoy ya tienen una propiedad y los que no llevaron al d\u00eda el plan hasta el 10 de diciembre de 2015\u201c, aclar\u00f3 Becerra.<\/h3>\n<h3>Puede pasar que\u00a0 haya gente que estuvo al d\u00eda pero perdi\u00f3 el n\u00famero de inscripci\u00f3n. En ese caso, la Ministro asegur\u00f3 que \u201clas puertas de la direcci\u00f3n de Vivienda est\u00e1n abiertas para cualquier tipo de consulta, para asesorarlos, somos servidores p\u00fablicos. Se puede constatar este n\u00famero en Rentas, sacando los estados de deuda, hay diferentes maneras para hacerlo\u201d.<\/h3>\n<h3>El reempadronamiento comenzar\u00e1 este lunes y se extender\u00e1 hasta el 31 de mayo inclusive. \u201cDespu\u00e9s vamos a citarlos, tener una reuni\u00f3n con ellos y programar c\u00f3mo vamos a seguir el proceso. Esta primera etapa ser\u00e1 una carga de datos, despu\u00e9s los llamaremos uno por uno a los beneficiarios\u201d, agreg\u00f3 Becerra, quien dijo que no est\u00e1 definido el emplazamiento de las futuras viviendas. \u201cS\u00ed puedo asegurar que hay muchos municipios que ya tienen la disposici\u00f3n de la tierra para construir\u201d, despej\u00f3 las dudas.<\/h3>\n<h3>En agosto el Gobierno va a anunciar cu\u00e1ndo comienza la construcci\u00f3n y es importante para los adjudicatarios saber que retomar\u00e1n el pago de las cuotas una vez que est\u00e9n habitando sus viviendas.<\/h3>\n<h3>Becerra se despidi\u00f3 lamentando que \u201choy estamos en una situaci\u00f3n dif\u00edcil, no podemos abrir las inscripciones para todos los sanluise\u00f1os, pero esta gente que comenz\u00f3 a pagar en 2011 tiene prioridad, porque as\u00ed lo sinti\u00f3 el Gobernador desde que dej\u00f3 su cargo en 2015. Ha dicho, \u2018vamos a cumplir con ellos\u2019, as\u00ed que ha comenzado ese tiempo de cumplir\u201d.<\/h3>\n<p>&nbsp;<\/p>\n<p>&nbsp;<\/p>\n<p>&nbsp;<\/p>\n<p>&nbsp;<\/p>\n<p>&nbsp;<\/p>\n<p>&nbsp;<\/p>\n","protected":false},"excerpt":{"rendered":"<p>Este lunes 22 comienza el reempadronamiento de todos aquellos beneficiarios de viviendas sociales que hab\u00edan&#8230;<\/p>\n","protected":false},"author":1,"featured_media":430,"comment_status":"closed","ping_status":"closed","sticky":false,"template":"","format":"standard","meta":{"footnotes":""},"categories":[6],"tags":[],"class_list":["post-14971","post","type-post","status-publish","format-standard","has-post-thumbnail","hentry","category-ciudad-provincia"],"yoast_head":"<!-- This site is optimized with the Yoast SEO plugin v26.1.1 - https:\/\/yoast.com\/wordpress\/plugins\/seo\/ -->\n<title>ESTE LUNES COMIENZA REEMPADRONAMIENTO DE LOS PLANES PROGRESO Y SUE\u00d1OS - Apuntes de San Luis<\/title>\n<meta name=\"robots\" content=\"index, follow, max-snippet:-1, max-image-preview:large, max-video-preview:-1\" \/>\n<link rel=\"canonical\" href=\"https:\/\/apuntesdesanluis.com\/index.php\/2024\/04\/21\/este-lunes-comienza-reempadronamiento-de-los-planes-progreso-y-suenos\/\" \/>\n<meta property=\"og:locale\" content=\"es_ES\" \/>\n<meta property=\"og:type\" content=\"article\" \/>\n<meta property=\"og:title\" content=\"ESTE LUNES COMIENZA REEMPADRONAMIENTO DE LOS PLANES PROGRESO Y SUE\u00d1OS - Apuntes de San Luis\" \/>\n<meta property=\"og:description\" content=\"Este lunes 22 comienza el reempadronamiento de todos aquellos beneficiarios de viviendas sociales que hab\u00edan...\" \/>\n<meta property=\"og:url\" content=\"https:\/\/apuntesdesanluis.com\/index.php\/2024\/04\/21\/este-lunes-comienza-reempadronamiento-de-los-planes-progreso-y-suenos\/\" \/>\n<meta property=\"og:site_name\" content=\"Apuntes de San Luis\" \/>\n<meta property=\"article:published_time\" content=\"2024-04-21T18:19:53+00:00\" \/>\n<meta property=\"article:modified_time\" content=\"2024-04-21T18:21:21+00:00\" \/>\n<meta property=\"og:image\" content=\"https:\/\/apuntesdesanluis.com\/wp-content\/uploads\/2023\/07\/Barrio-La-Ribera.jpg\" \/>\n\t<meta property=\"og:image:width\" content=\"960\" \/>\n\t<meta property=\"og:image:height\" content=\"640\" \/>\n\t<meta property=\"og:image:type\" content=\"image\/jpeg\" \/>\n<meta name=\"author\" content=\"apuntesdesanluis.com\" \/>\n<meta name=\"twitter:card\" content=\"summary_large_image\" \/>\n<meta name=\"twitter:label1\" content=\"Escrito por\" \/>\n\t<meta name=\"twitter:data1\" content=\"apuntesdesanluis.com\" \/>\n\t<meta name=\"twitter:label2\" content=\"Tiempo de lectura\" \/>\n\t<meta name=\"twitter:data2\" content=\"3 minutos\" \/>\n<script type=\"application\/ld+json\" class=\"yoast-schema-graph\">{\"@context\":\"https:\/\/schema.org\",\"@graph\":[{\"@type\":\"Article\",\"@id\":\"https:\/\/apuntesdesanluis.com\/index.php\/2024\/04\/21\/este-lunes-comienza-reempadronamiento-de-los-planes-progreso-y-suenos\/#article\",\"isPartOf\":{\"@id\":\"https:\/\/apuntesdesanluis.com\/index.php\/2024\/04\/21\/este-lunes-comienza-reempadronamiento-de-los-planes-progreso-y-suenos\/\"},\"author\":{\"name\":\"apuntesdesanluis.com\",\"@id\":\"https:\/\/apuntesdesanluis.com\/#\/schema\/person\/b55151d52296fcce64d1a72538a70b90\"},\"headline\":\"ESTE LUNES COMIENZA REEMPADRONAMIENTO DE LOS PLANES PROGRESO Y SUE\u00d1OS\",\"datePublished\":\"2024-04-21T18:19:53+00:00\",\"dateModified\":\"2024-04-21T18:21:21+00:00\",\"mainEntityOfPage\":{\"@id\":\"https:\/\/apuntesdesanluis.com\/index.php\/2024\/04\/21\/este-lunes-comienza-reempadronamiento-de-los-planes-progreso-y-suenos\/\"},\"wordCount\":478,\"publisher\":{\"@id\":\"https:\/\/apuntesdesanluis.com\/#\/schema\/person\/b55151d52296fcce64d1a72538a70b90\"},\"image\":{\"@id\":\"https:\/\/apuntesdesanluis.com\/index.php\/2024\/04\/21\/este-lunes-comienza-reempadronamiento-de-los-planes-progreso-y-suenos\/#primaryimage\"},\"thumbnailUrl\":\"https:\/\/apuntesdesanluis.com\/wp-content\/uploads\/2023\/07\/Barrio-La-Ribera.jpg\",\"articleSection\":[\"Ciudad\/Provincia\"],\"inLanguage\":\"es-AR\"},{\"@type\":\"WebPage\",\"@id\":\"https:\/\/apuntesdesanluis.com\/index.php\/2024\/04\/21\/este-lunes-comienza-reempadronamiento-de-los-planes-progreso-y-suenos\/\",\"url\":\"https:\/\/apuntesdesanluis.com\/index.php\/2024\/04\/21\/este-lunes-comienza-reempadronamiento-de-los-planes-progreso-y-suenos\/\",\"name\":\"ESTE LUNES COMIENZA REEMPADRONAMIENTO DE LOS PLANES PROGRESO Y SUE\u00d1OS - Apuntes de San Luis\",\"isPartOf\":{\"@id\":\"https:\/\/apuntesdesanluis.com\/#website\"},\"primaryImageOfPage\":{\"@id\":\"https:\/\/apuntesdesanluis.com\/index.php\/2024\/04\/21\/este-lunes-comienza-reempadronamiento-de-los-planes-progreso-y-suenos\/#primaryimage\"},\"image\":{\"@id\":\"https:\/\/apuntesdesanluis.com\/index.php\/2024\/04\/21\/este-lunes-comienza-reempadronamiento-de-los-planes-progreso-y-suenos\/#primaryimage\"},\"thumbnailUrl\":\"https:\/\/apuntesdesanluis.com\/wp-content\/uploads\/2023\/07\/Barrio-La-Ribera.jpg\",\"datePublished\":\"2024-04-21T18:19:53+00:00\",\"dateModified\":\"2024-04-21T18:21:21+00:00\",\"breadcrumb\":{\"@id\":\"https:\/\/apuntesdesanluis.com\/index.php\/2024\/04\/21\/este-lunes-comienza-reempadronamiento-de-los-planes-progreso-y-suenos\/#breadcrumb\"},\"inLanguage\":\"es-AR\",\"potentialAction\":[{\"@type\":\"ReadAction\",\"target\":[\"https:\/\/apuntesdesanluis.com\/index.php\/2024\/04\/21\/este-lunes-comienza-reempadronamiento-de-los-planes-progreso-y-suenos\/\"]}]},{\"@type\":\"ImageObject\",\"inLanguage\":\"es-AR\",\"@id\":\"https:\/\/apuntesdesanluis.com\/index.php\/2024\/04\/21\/este-lunes-comienza-reempadronamiento-de-los-planes-progreso-y-suenos\/#primaryimage\",\"url\":\"https:\/\/apuntesdesanluis.com\/wp-content\/uploads\/2023\/07\/Barrio-La-Ribera.jpg\",\"contentUrl\":\"https:\/\/apuntesdesanluis.com\/wp-content\/uploads\/2023\/07\/Barrio-La-Ribera.jpg\",\"width\":960,\"height\":640},{\"@type\":\"BreadcrumbList\",\"@id\":\"https:\/\/apuntesdesanluis.com\/index.php\/2024\/04\/21\/este-lunes-comienza-reempadronamiento-de-los-planes-progreso-y-suenos\/#breadcrumb\",\"itemListElement\":[{\"@type\":\"ListItem\",\"position\":1,\"name\":\"Inicio\",\"item\":\"https:\/\/apuntesdesanluis.com\/\"},{\"@type\":\"ListItem\",\"position\":2,\"name\":\"ESTE LUNES COMIENZA REEMPADRONAMIENTO DE LOS PLANES PROGRESO Y SUE\u00d1OS\"}]},{\"@type\":\"WebSite\",\"@id\":\"https:\/\/apuntesdesanluis.com\/#website\",\"url\":\"https:\/\/apuntesdesanluis.com\/\",\"name\":\"Apuntes de San Luis\",\"description\":\"\",\"publisher\":{\"@id\":\"https:\/\/apuntesdesanluis.com\/#\/schema\/person\/b55151d52296fcce64d1a72538a70b90\"},\"potentialAction\":[{\"@type\":\"SearchAction\",\"target\":{\"@type\":\"EntryPoint\",\"urlTemplate\":\"https:\/\/apuntesdesanluis.com\/?s={search_term_string}\"},\"query-input\":{\"@type\":\"PropertyValueSpecification\",\"valueRequired\":true,\"valueName\":\"search_term_string\"}}],\"inLanguage\":\"es-AR\"},{\"@type\":[\"Person\",\"Organization\"],\"@id\":\"https:\/\/apuntesdesanluis.com\/#\/schema\/person\/b55151d52296fcce64d1a72538a70b90\",\"name\":\"apuntesdesanluis.com\",\"image\":{\"@type\":\"ImageObject\",\"inLanguage\":\"es-AR\",\"@id\":\"https:\/\/apuntesdesanluis.com\/#\/schema\/person\/image\/\",\"url\":\"https:\/\/apuntesdesanluis.com\/wp-content\/uploads\/2023\/07\/cropped-apuntesdesanluis.png\",\"contentUrl\":\"https:\/\/apuntesdesanluis.com\/wp-content\/uploads\/2023\/07\/cropped-apuntesdesanluis.png\",\"width\":450,\"height\":112,\"caption\":\"apuntesdesanluis.com\"},\"logo\":{\"@id\":\"https:\/\/apuntesdesanluis.com\/#\/schema\/person\/image\/\"},\"sameAs\":[\"https:\/\/apuntesdesanluis.com\"],\"url\":\"https:\/\/apuntesdesanluis.com\/index.php\/author\/apuntesdesanluis-com\/\"}]}<\/script>\n<!-- \/ Yoast SEO plugin. -->","yoast_head_json":{"title":"ESTE LUNES COMIENZA REEMPADRONAMIENTO DE LOS PLANES PROGRESO Y SUE\u00d1OS - Apuntes de San Luis","robots":{"index":"index","follow":"follow","max-snippet":"max-snippet:-1","max-image-preview":"max-image-preview:large","max-video-preview":"max-video-preview:-1"},"canonical":"https:\/\/apuntesdesanluis.com\/index.php\/2024\/04\/21\/este-lunes-comienza-reempadronamiento-de-los-planes-progreso-y-suenos\/","og_locale":"es_ES","og_type":"article","og_title":"ESTE LUNES COMIENZA REEMPADRONAMIENTO DE LOS PLANES PROGRESO Y SUE\u00d1OS - Apuntes de San Luis","og_description":"Este lunes 22 comienza el reempadronamiento de todos aquellos beneficiarios de viviendas sociales que hab\u00edan...","og_url":"https:\/\/apuntesdesanluis.com\/index.php\/2024\/04\/21\/este-lunes-comienza-reempadronamiento-de-los-planes-progreso-y-suenos\/","og_site_name":"Apuntes de San Luis","article_published_time":"2024-04-21T18:19:53+00:00","article_modified_time":"2024-04-21T18:21:21+00:00","og_image":[{"width":960,"height":640,"url":"https:\/\/apuntesdesanluis.com\/wp-content\/uploads\/2023\/07\/Barrio-La-Ribera.jpg","type":"image\/jpeg"}],"author":"apuntesdesanluis.com","twitter_card":"summary_large_image","twitter_misc":{"Escrito por":"apuntesdesanluis.com","Tiempo de lectura":"3 minutos"},"schema":{"@context":"https:\/\/schema.org","@graph":[{"@type":"Article","@id":"https:\/\/apuntesdesanluis.com\/index.php\/2024\/04\/21\/este-lunes-comienza-reempadronamiento-de-los-planes-progreso-y-suenos\/#article","isPartOf":{"@id":"https:\/\/apuntesdesanluis.com\/index.php\/2024\/04\/21\/este-lunes-comienza-reempadronamiento-de-los-planes-progreso-y-suenos\/"},"author":{"name":"apuntesdesanluis.com","@id":"https:\/\/apuntesdesanluis.com\/#\/schema\/person\/b55151d52296fcce64d1a72538a70b90"},"headline":"ESTE LUNES COMIENZA REEMPADRONAMIENTO DE LOS PLANES PROGRESO Y SUE\u00d1OS","datePublished":"2024-04-21T18:19:53+00:00","dateModified":"2024-04-21T18:21:21+00:00","mainEntityOfPage":{"@id":"https:\/\/apuntesdesanluis.com\/index.php\/2024\/04\/21\/este-lunes-comienza-reempadronamiento-de-los-planes-progreso-y-suenos\/"},"wordCount":478,"publisher":{"@id":"https:\/\/apuntesdesanluis.com\/#\/schema\/person\/b55151d52296fcce64d1a72538a70b90"},"image":{"@id":"https:\/\/apuntesdesanluis.com\/index.php\/2024\/04\/21\/este-lunes-comienza-reempadronamiento-de-los-planes-progreso-y-suenos\/#primaryimage"},"thumbnailUrl":"https:\/\/apuntesdesanluis.com\/wp-content\/uploads\/2023\/07\/Barrio-La-Ribera.jpg","articleSection":["Ciudad\/Provincia"],"inLanguage":"es-AR"},{"@type":"WebPage","@id":"https:\/\/apuntesdesanluis.com\/index.php\/2024\/04\/21\/este-lunes-comienza-reempadronamiento-de-los-planes-progreso-y-suenos\/","url":"https:\/\/apuntesdesanluis.com\/index.php\/2024\/04\/21\/este-lunes-comienza-reempadronamiento-de-los-planes-progreso-y-suenos\/","name":"ESTE LUNES COMIENZA REEMPADRONAMIENTO DE LOS PLANES PROGRESO Y SUE\u00d1OS - Apuntes de San Luis","isPartOf":{"@id":"https:\/\/apuntesdesanluis.com\/#website"},"primaryImageOfPage":{"@id":"https:\/\/apuntesdesanluis.com\/index.php\/2024\/04\/21\/este-lunes-comienza-reempadronamiento-de-los-planes-progreso-y-suenos\/#primaryimage"},"image":{"@id":"https:\/\/apuntesdesanluis.com\/index.php\/2024\/04\/21\/este-lunes-comienza-reempadronamiento-de-los-planes-progreso-y-suenos\/#primaryimage"},"thumbnailUrl":"https:\/\/apuntesdesanluis.com\/wp-content\/uploads\/2023\/07\/Barrio-La-Ribera.jpg","datePublished":"2024-04-21T18:19:53+00:00","dateModified":"2024-04-21T18:21:21+00:00","breadcrumb":{"@id":"https:\/\/apuntesdesanluis.com\/index.php\/2024\/04\/21\/este-lunes-comienza-reempadronamiento-de-los-planes-progreso-y-suenos\/#breadcrumb"},"inLanguage":"es-AR","potentialAction":[{"@type":"ReadAction","target":["https:\/\/apuntesdesanluis.com\/index.php\/2024\/04\/21\/este-lunes-comienza-reempadronamiento-de-los-planes-progreso-y-suenos\/"]}]},{"@type":"ImageObject","inLanguage":"es-AR","@id":"https:\/\/apuntesdesanluis.com\/index.php\/2024\/04\/21\/este-lunes-comienza-reempadronamiento-de-los-planes-progreso-y-suenos\/#primaryimage","url":"https:\/\/apuntesdesanluis.com\/wp-content\/uploads\/2023\/07\/Barrio-La-Ribera.jpg","contentUrl":"https:\/\/apuntesdesanluis.com\/wp-content\/uploads\/2023\/07\/Barrio-La-Ribera.jpg","width":960,"height":640},{"@type":"BreadcrumbList","@id":"https:\/\/apuntesdesanluis.com\/index.php\/2024\/04\/21\/este-lunes-comienza-reempadronamiento-de-los-planes-progreso-y-suenos\/#breadcrumb","itemListElement":[{"@type":"ListItem","position":1,"name":"Inicio","item":"https:\/\/apuntesdesanluis.com\/"},{"@type":"ListItem","position":2,"name":"ESTE LUNES COMIENZA REEMPADRONAMIENTO DE LOS PLANES PROGRESO Y SUE\u00d1OS"}]},{"@type":"WebSite","@id":"https:\/\/apuntesdesanluis.com\/#website","url":"https:\/\/apuntesdesanluis.com\/","name":"Apuntes de San Luis","description":"","publisher":{"@id":"https:\/\/apuntesdesanluis.com\/#\/schema\/person\/b55151d52296fcce64d1a72538a70b90"},"potentialAction":[{"@type":"SearchAction","target":{"@type":"EntryPoint","urlTemplate":"https:\/\/apuntesdesanluis.com\/?s={search_term_string}"},"query-input":{"@type":"PropertyValueSpecification","valueRequired":true,"valueName":"search_term_string"}}],"inLanguage":"es-AR"},{"@type":["Person","Organization"],"@id":"https:\/\/apuntesdesanluis.com\/#\/schema\/person\/b55151d52296fcce64d1a72538a70b90","name":"apuntesdesanluis.com","image":{"@type":"ImageObject","inLanguage":"es-AR","@id":"https:\/\/apuntesdesanluis.com\/#\/schema\/person\/image\/","url":"https:\/\/apuntesdesanluis.com\/wp-content\/uploads\/2023\/07\/cropped-apuntesdesanluis.png","contentUrl":"https:\/\/apuntesdesanluis.com\/wp-content\/uploads\/2023\/07\/cropped-apuntesdesanluis.png","width":450,"height":112,"caption":"apuntesdesanluis.com"},"logo":{"@id":"https:\/\/apuntesdesanluis.com\/#\/schema\/person\/image\/"},"sameAs":["https:\/\/apuntesdesanluis.com"],"url":"https:\/\/apuntesdesanluis.com\/index.php\/author\/apuntesdesanluis-com\/"}]}},"featured_image_urls":{"full":["https:\/\/apuntesdesanluis.com\/wp-content\/uploads\/2023\/07\/Barrio-La-Ribera.jpg",960,640,false],"thumbnail":["https:\/\/apuntesdesanluis.com\/wp-content\/uploads\/2023\/07\/Barrio-La-Ribera-150x150.jpg",150,150,true],"medium":["https:\/\/apuntesdesanluis.com\/wp-content\/uploads\/2023\/07\/Barrio-La-Ribera-300x200.jpg",300,200,true],"medium_large":["https:\/\/apuntesdesanluis.com\/wp-content\/uploads\/2023\/07\/Barrio-La-Ribera-768x512.jpg",640,427,true],"large":["https:\/\/apuntesdesanluis.com\/wp-content\/uploads\/2023\/07\/Barrio-La-Ribera.jpg",640,427,false],"1536x1536":["https:\/\/apuntesdesanluis.com\/wp-content\/uploads\/2023\/07\/Barrio-La-Ribera.jpg",960,640,false],"2048x2048":["https:\/\/apuntesdesanluis.com\/wp-content\/uploads\/2023\/07\/Barrio-La-Ribera.jpg",960,640,false],"newsever-slider-full":["https:\/\/apuntesdesanluis.com\/wp-content\/uploads\/2023\/07\/Barrio-La-Ribera.jpg",960,640,false],"newsever-featured":["https:\/\/apuntesdesanluis.com\/wp-content\/uploads\/2023\/07\/Barrio-La-Ribera.jpg",960,640,false],"newsever-medium":["https:\/\/apuntesdesanluis.com\/wp-content\/uploads\/2023\/07\/Barrio-La-Ribera-720x475.jpg",720,475,true]},"author_info":{"display_name":"apuntesdesanluis.com","author_link":"https:\/\/apuntesdesanluis.com\/index.php\/author\/apuntesdesanluis-com\/"},"category_info":"<a href=\"https:\/\/apuntesdesanluis.com\/index.php\/category\/ciudad-provincia\/\" rel=\"category tag\">Ciudad\/Provincia<\/a>","tag_info":"Ciudad\/Provincia","comment_count":"0","_links":{"self":[{"href":"https:\/\/apuntesdesanluis.com\/index.php\/wp-json\/wp\/v2\/posts\/14971","targetHints":{"allow":["GET"]}}],"collection":[{"href":"https:\/\/apuntesdesanluis.com\/index.php\/wp-json\/wp\/v2\/posts"}],"about":[{"href":"https:\/\/apuntesdesanluis.com\/index.php\/wp-json\/wp\/v2\/types\/post"}],"author":[{"embeddable":true,"href":"https:\/\/apuntesdesanluis.com\/index.php\/wp-json\/wp\/v2\/users\/1"}],"replies":[{"embeddable":true,"href":"https:\/\/apuntesdesanluis.com\/index.php\/wp-json\/wp\/v2\/comments?post=14971"}],"version-history":[{"count":3,"href":"https:\/\/apuntesdesanluis.com\/index.php\/wp-json\/wp\/v2\/posts\/14971\/revisions"}],"predecessor-version":[{"id":14974,"href":"https:\/\/apuntesdesanluis.com\/index.php\/wp-json\/wp\/v2\/posts\/14971\/revisions\/14974"}],"wp:featuredmedia":[{"embeddable":true,"href":"https:\/\/apuntesdesanluis.com\/index.php\/wp-json\/wp\/v2\/media\/430"}],"wp:attachment":[{"href":"https:\/\/apuntesdesanluis.com\/index.php\/wp-json\/wp\/v2\/media?parent=14971"}],"wp:term":[{"taxonomy":"category","embeddable":true,"href":"https:\/\/apuntesdesanluis.com\/index.php\/wp-json\/wp\/v2\/categories?post=14971"},{"taxonomy":"post_tag","embeddable":true,"href":"https:\/\/apuntesdesanluis.com\/index.php\/wp-json\/wp\/v2\/tags?post=14971"}],"curies":[{"name":"wp","href":"https:\/\/api.w.org\/{rel}","templated":true}]}}