{"id":14982,"date":"2024-04-21T22:54:03","date_gmt":"2024-04-22T01:54:03","guid":{"rendered":"https:\/\/apuntesdesanluis.com\/?p=14982"},"modified":"2024-04-22T06:59:41","modified_gmt":"2024-04-22T09:59:41","slug":"aun-con-el-aumento-anunciado-por-el-gobierno-el-presupuesto-para-las-universidades-es-el-mas-bajo-de-la-historia","status":"publish","type":"post","link":"https:\/\/apuntesdesanluis.com\/index.php\/2024\/04\/21\/aun-con-el-aumento-anunciado-por-el-gobierno-el-presupuesto-para-las-universidades-es-el-mas-bajo-de-la-historia\/","title":{"rendered":"AUN CON EL AUMENTO ANUNCIADO POR EL GOBIERNO, EL PRESUPUESTO PARA LAS UNIVERSIDADES ES EL M\u00c1S BAJO DE LA HISTORIA"},"content":{"rendered":"<h3>Pese al anuncio de aumento del Gobierno, el presupuesto 2024 para las universidades nacionales contin\u00faa siendo el m\u00e1s bajo desde que se tiene registro. El dato se desprende del informe actualizado de la <strong>Asociaci\u00f3n Civil por la Igualdad y la Justicia<\/strong> (ACIJ) realizado sobre la base de datos de la plataforma oficial Presupuesto Abierto.<\/h3>\n<h3>Aun con las \u00faltimas modificaciones anunciadas el jueves a la noche por el Ministerio de Capital Humano, el presupuesto actual es un 71% m\u00e1s bajo que el de 2023.\u00e7<\/h3>\n<h3>Con una inflaci\u00f3n interanual cercana al 300%, las universidades comenzaron el a\u00f1o \u2013al igual que tantas otras \u00e1reas del Estado\u2013 con el mismo presupuesto que en 2023 ($1.385.289,5 millones), dado que el de 2024 nunca se aprob\u00f3 en el Congreso.<\/h3>\n<h3>Un d\u00eda antes del primer paro universitario, el 14 de marzo pasado, el Gobierno anunci\u00f3 un aumento del 70% para los gastos de funcionamiento, que llev\u00f3 el presupuesto a $1.415.918,98 millones. Solo implic\u00f3 un aumento del 2% en el gasto vigente en comparaci\u00f3n con el presupuesto inicial, dado que se trata de un \u00edtem del n\u00famero total.<\/h3>\n<h3>Adem\u00e1s del reclamo salarial docente, las universidades ven\u00edan alertando desde principios de a\u00f1o que los fondos no alcanzar\u00edan para solventar la cursada de todo el a\u00f1o. En febrero, la Universidad de Buenos Aires (UBA) manifest\u00f3 su extrema preocupaci\u00f3n; luego se declarar\u00eda en emergencia presupuestaria. Mientras que los rectores nucleados en el Consejo Universitario Nacional (CIN) alertaron que se ver\u00eda \u201cseriamente afectado el funcionamiento\u201d de las instituciones.<\/h3>\n<h3>Luego de las im\u00e1genes de la UBA a oscuras y la campa\u00f1a para visibilizar el impacto del ajuste presupuestario, el multitudinario abrazo al Hospital de Cl\u00ednicas y ante la marcha federal universitaria del 23 de abril que se anticipa masiva, lleg\u00f3 el nuevo anuncio del Gobierno, que solo afecta a dos \u00edtems del presupuesto total.<\/h3>\n<p><img fetchpriority=\"high\" decoding=\"async\" class=\"wp-image-14957 aligncenter\" src=\"https:\/\/apuntesdesanluis.com\/wp-content\/uploads\/2024\/04\/marcha-federal-post-300x227.jpg\" alt=\"\" width=\"603\" height=\"456\" srcset=\"https:\/\/apuntesdesanluis.com\/wp-content\/uploads\/2024\/04\/marcha-federal-post-300x227.jpg 300w, https:\/\/apuntesdesanluis.com\/wp-content\/uploads\/2024\/04\/marcha-federal-post.jpg 583w\" sizes=\"(max-width: 603px) 100vw, 603px\" \/><\/p>\n<h3>La cartera a cargo de Sandra Pettovello anunci\u00f3 oficialmente que hab\u00edan llegado a una \u201cpropuesta consensuada\u201d con el CIN, que \u00e9ste neg\u00f3 haber acordado, para aumentar un 70% m\u00e1s los gastos de funcionamiento de las instituciones a partir de mayo, hasta alcanzar los $14.224.732.213 mensuales, sumados a una partida extraordinaria para los hospitales universitarios de $14.403.479.661.<\/h3>\n<h3><strong>PROPUESTA <\/strong><\/h3>\n<h3>El anuncio fue desmentido por el CIN que \u2013pese a que reconocieron contactos con el secretario de Educaci\u00f3n, Carlos Torrendell, como con el subsecretario de Pol\u00edticas Universitarias, Alejandro \u00c1lvarez, y valoraron \u201cque se reconozca\u201d el reclamo\u2013 comunic\u00f3 que era una propuesta del Gobierno y no un acuerdo. Ratific\u00f3, adem\u00e1s, la marcha de este martes.<\/h3>\n<h3>Trolls libertarios ya hab\u00edan circulado incluso un flyer que parec\u00eda ser de la UBA en el que se suspend\u00eda la marcha.<\/h3>\n<h3>\u201cLa idea es desactivar la marcha del d\u00eda martes\u201d, consider\u00f3 Ricardo Gelpi, el rector de la UBA, tras el anuncio oficial.<\/h3>\n<h3>La decisi\u00f3n del Gobierno, entonces, implica un aumento para dos partidas. \u201cAsistencia Financiera para el Funcionamiento Universitario\u201d representa solo el 7,9% del gasto, mientras que \u201cAsistencia Financiera a Hospitales Universitarios\u201d es apenas el 1%. Por lo tanto, seg\u00fan concluyen el an\u00e1lisis de ACIJ, aun incorporando estas modificaciones, el presupuesto total para las universidades solo aumentar\u00eda un 4,1%, lo que significa un 71% menos que en 2023.<\/h3>\n<h3>Por ende, de no haber incrementos significativos, como hab\u00edan alertado previamente, este ser\u00e1 el presupuesto universitario m\u00e1s bajo desde que entr\u00f3 en vigencia la Ley de Educaci\u00f3n Superior (1996).<\/h3>\n<h3><strong>MILEI<\/strong><\/h3>\n<h3>Mientras el presidente Javier Milei contin\u00faa retuiteando mensajes en contra de las universidades p\u00fablicas, el CIN junto con el Frente Sindical de Universidades Nacionales y la Federaci\u00f3n Universitaria Argentina (FUA) convocaron a una conferencia de prensa para este lunes en la que informar\u00e1n sobre la organizaci\u00f3n de la marcha universitaria federal. Milei, por su parte, tambi\u00e9n hablar\u00e1 ma\u00f1ana por cadena nacional para evaluar los primeros cuatro meses de gesti\u00f3n.<\/h3>\n<h3>Desde la Naci\u00f3n ya anticiparon que mantendr\u00e1n el protocolo antipiquetes para la marcha universitaria. La pr\u00f3xima cita para evaluar el presupuesto universitario, en tanto, ya est\u00e1 confirmada y los rectores se reunir\u00e1n con el Gobierno el 30 de abril.<\/h3>\n<p>&nbsp;<\/p>\n<p>&nbsp;<\/p>\n<p>&nbsp;<\/p>\n<p>&nbsp;<\/p>\n<p>&nbsp;<\/p>\n<p>&nbsp;<\/p>\n","protected":false},"excerpt":{"rendered":"<p>Pese al anuncio de aumento del Gobierno, el presupuesto 2024 para las universidades nacionales contin\u00faa&#8230;<\/p>\n","protected":false},"author":1,"featured_media":15003,"comment_status":"closed","ping_status":"closed","sticky":false,"template":"","format":"standard","meta":{"footnotes":""},"categories":[5],"tags":[],"class_list":["post-14982","post","type-post","status-publish","format-standard","has-post-thumbnail","hentry","category-nacionales-internacionales"],"yoast_head":"<!-- This site is optimized with the Yoast SEO plugin v26.1.1 - https:\/\/yoast.com\/wordpress\/plugins\/seo\/ -->\n<title>AUN CON EL AUMENTO ANUNCIADO POR EL GOBIERNO, EL PRESUPUESTO PARA LAS UNIVERSIDADES ES EL M\u00c1S BAJO DE LA HISTORIA - Apuntes de San Luis<\/title>\n<meta name=\"robots\" content=\"index, follow, max-snippet:-1, max-image-preview:large, max-video-preview:-1\" \/>\n<link rel=\"canonical\" href=\"https:\/\/apuntesdesanluis.com\/index.php\/2024\/04\/21\/aun-con-el-aumento-anunciado-por-el-gobierno-el-presupuesto-para-las-universidades-es-el-mas-bajo-de-la-historia\/\" \/>\n<meta property=\"og:locale\" content=\"es_ES\" \/>\n<meta property=\"og:type\" content=\"article\" \/>\n<meta property=\"og:title\" content=\"AUN CON EL AUMENTO ANUNCIADO POR EL GOBIERNO, EL PRESUPUESTO PARA LAS UNIVERSIDADES ES EL M\u00c1S BAJO DE LA HISTORIA - Apuntes de San Luis\" \/>\n<meta property=\"og:description\" content=\"Pese al anuncio de aumento del Gobierno, el presupuesto 2024 para las universidades nacionales contin\u00faa...\" \/>\n<meta property=\"og:url\" content=\"https:\/\/apuntesdesanluis.com\/index.php\/2024\/04\/21\/aun-con-el-aumento-anunciado-por-el-gobierno-el-presupuesto-para-las-universidades-es-el-mas-bajo-de-la-historia\/\" \/>\n<meta property=\"og:site_name\" content=\"Apuntes de San Luis\" \/>\n<meta property=\"article:published_time\" content=\"2024-04-22T01:54:03+00:00\" \/>\n<meta property=\"article:modified_time\" content=\"2024-04-22T09:59:41+00:00\" \/>\n<meta property=\"og:image\" content=\"https:\/\/apuntesdesanluis.com\/wp-content\/uploads\/2024\/04\/RECORTE-A-UNIVERSIDADES.png\" \/>\n\t<meta property=\"og:image:width\" content=\"600\" \/>\n\t<meta property=\"og:image:height\" content=\"382\" \/>\n\t<meta property=\"og:image:type\" content=\"image\/png\" \/>\n<meta name=\"author\" content=\"apuntesdesanluis.com\" \/>\n<meta name=\"twitter:card\" content=\"summary_large_image\" \/>\n<meta name=\"twitter:label1\" content=\"Escrito por\" \/>\n\t<meta name=\"twitter:data1\" content=\"apuntesdesanluis.com\" \/>\n\t<meta name=\"twitter:label2\" content=\"Tiempo de lectura\" \/>\n\t<meta name=\"twitter:data2\" content=\"4 minutos\" \/>\n<script type=\"application\/ld+json\" class=\"yoast-schema-graph\">{\"@context\":\"https:\/\/schema.org\",\"@graph\":[{\"@type\":\"Article\",\"@id\":\"https:\/\/apuntesdesanluis.com\/index.php\/2024\/04\/21\/aun-con-el-aumento-anunciado-por-el-gobierno-el-presupuesto-para-las-universidades-es-el-mas-bajo-de-la-historia\/#article\",\"isPartOf\":{\"@id\":\"https:\/\/apuntesdesanluis.com\/index.php\/2024\/04\/21\/aun-con-el-aumento-anunciado-por-el-gobierno-el-presupuesto-para-las-universidades-es-el-mas-bajo-de-la-historia\/\"},\"author\":{\"name\":\"apuntesdesanluis.com\",\"@id\":\"https:\/\/apuntesdesanluis.com\/#\/schema\/person\/b55151d52296fcce64d1a72538a70b90\"},\"headline\":\"AUN CON EL AUMENTO ANUNCIADO POR EL GOBIERNO, EL PRESUPUESTO PARA LAS UNIVERSIDADES ES EL M\u00c1S BAJO DE LA HISTORIA\",\"datePublished\":\"2024-04-22T01:54:03+00:00\",\"dateModified\":\"2024-04-22T09:59:41+00:00\",\"mainEntityOfPage\":{\"@id\":\"https:\/\/apuntesdesanluis.com\/index.php\/2024\/04\/21\/aun-con-el-aumento-anunciado-por-el-gobierno-el-presupuesto-para-las-universidades-es-el-mas-bajo-de-la-historia\/\"},\"wordCount\":711,\"publisher\":{\"@id\":\"https:\/\/apuntesdesanluis.com\/#\/schema\/person\/b55151d52296fcce64d1a72538a70b90\"},\"image\":{\"@id\":\"https:\/\/apuntesdesanluis.com\/index.php\/2024\/04\/21\/aun-con-el-aumento-anunciado-por-el-gobierno-el-presupuesto-para-las-universidades-es-el-mas-bajo-de-la-historia\/#primaryimage\"},\"thumbnailUrl\":\"https:\/\/apuntesdesanluis.com\/wp-content\/uploads\/2024\/04\/RECORTE-A-UNIVERSIDADES.png\",\"articleSection\":[\"Nacionales\/Internacionales\"],\"inLanguage\":\"es-AR\"},{\"@type\":\"WebPage\",\"@id\":\"https:\/\/apuntesdesanluis.com\/index.php\/2024\/04\/21\/aun-con-el-aumento-anunciado-por-el-gobierno-el-presupuesto-para-las-universidades-es-el-mas-bajo-de-la-historia\/\",\"url\":\"https:\/\/apuntesdesanluis.com\/index.php\/2024\/04\/21\/aun-con-el-aumento-anunciado-por-el-gobierno-el-presupuesto-para-las-universidades-es-el-mas-bajo-de-la-historia\/\",\"name\":\"AUN CON EL AUMENTO ANUNCIADO POR EL GOBIERNO, EL PRESUPUESTO PARA LAS UNIVERSIDADES ES EL M\u00c1S BAJO DE LA HISTORIA - Apuntes de San Luis\",\"isPartOf\":{\"@id\":\"https:\/\/apuntesdesanluis.com\/#website\"},\"primaryImageOfPage\":{\"@id\":\"https:\/\/apuntesdesanluis.com\/index.php\/2024\/04\/21\/aun-con-el-aumento-anunciado-por-el-gobierno-el-presupuesto-para-las-universidades-es-el-mas-bajo-de-la-historia\/#primaryimage\"},\"image\":{\"@id\":\"https:\/\/apuntesdesanluis.com\/index.php\/2024\/04\/21\/aun-con-el-aumento-anunciado-por-el-gobierno-el-presupuesto-para-las-universidades-es-el-mas-bajo-de-la-historia\/#primaryimage\"},\"thumbnailUrl\":\"https:\/\/apuntesdesanluis.com\/wp-content\/uploads\/2024\/04\/RECORTE-A-UNIVERSIDADES.png\",\"datePublished\":\"2024-04-22T01:54:03+00:00\",\"dateModified\":\"2024-04-22T09:59:41+00:00\",\"breadcrumb\":{\"@id\":\"https:\/\/apuntesdesanluis.com\/index.php\/2024\/04\/21\/aun-con-el-aumento-anunciado-por-el-gobierno-el-presupuesto-para-las-universidades-es-el-mas-bajo-de-la-historia\/#breadcrumb\"},\"inLanguage\":\"es-AR\",\"potentialAction\":[{\"@type\":\"ReadAction\",\"target\":[\"https:\/\/apuntesdesanluis.com\/index.php\/2024\/04\/21\/aun-con-el-aumento-anunciado-por-el-gobierno-el-presupuesto-para-las-universidades-es-el-mas-bajo-de-la-historia\/\"]}]},{\"@type\":\"ImageObject\",\"inLanguage\":\"es-AR\",\"@id\":\"https:\/\/apuntesdesanluis.com\/index.php\/2024\/04\/21\/aun-con-el-aumento-anunciado-por-el-gobierno-el-presupuesto-para-las-universidades-es-el-mas-bajo-de-la-historia\/#primaryimage\",\"url\":\"https:\/\/apuntesdesanluis.com\/wp-content\/uploads\/2024\/04\/RECORTE-A-UNIVERSIDADES.png\",\"contentUrl\":\"https:\/\/apuntesdesanluis.com\/wp-content\/uploads\/2024\/04\/RECORTE-A-UNIVERSIDADES.png\",\"width\":600,\"height\":382},{\"@type\":\"BreadcrumbList\",\"@id\":\"https:\/\/apuntesdesanluis.com\/index.php\/2024\/04\/21\/aun-con-el-aumento-anunciado-por-el-gobierno-el-presupuesto-para-las-universidades-es-el-mas-bajo-de-la-historia\/#breadcrumb\",\"itemListElement\":[{\"@type\":\"ListItem\",\"position\":1,\"name\":\"Inicio\",\"item\":\"https:\/\/apuntesdesanluis.com\/\"},{\"@type\":\"ListItem\",\"position\":2,\"name\":\"AUN CON EL AUMENTO ANUNCIADO POR EL GOBIERNO, EL PRESUPUESTO PARA LAS UNIVERSIDADES ES EL M\u00c1S BAJO DE LA HISTORIA\"}]},{\"@type\":\"WebSite\",\"@id\":\"https:\/\/apuntesdesanluis.com\/#website\",\"url\":\"https:\/\/apuntesdesanluis.com\/\",\"name\":\"Apuntes de San Luis\",\"description\":\"\",\"publisher\":{\"@id\":\"https:\/\/apuntesdesanluis.com\/#\/schema\/person\/b55151d52296fcce64d1a72538a70b90\"},\"potentialAction\":[{\"@type\":\"SearchAction\",\"target\":{\"@type\":\"EntryPoint\",\"urlTemplate\":\"https:\/\/apuntesdesanluis.com\/?s={search_term_string}\"},\"query-input\":{\"@type\":\"PropertyValueSpecification\",\"valueRequired\":true,\"valueName\":\"search_term_string\"}}],\"inLanguage\":\"es-AR\"},{\"@type\":[\"Person\",\"Organization\"],\"@id\":\"https:\/\/apuntesdesanluis.com\/#\/schema\/person\/b55151d52296fcce64d1a72538a70b90\",\"name\":\"apuntesdesanluis.com\",\"image\":{\"@type\":\"ImageObject\",\"inLanguage\":\"es-AR\",\"@id\":\"https:\/\/apuntesdesanluis.com\/#\/schema\/person\/image\/\",\"url\":\"https:\/\/apuntesdesanluis.com\/wp-content\/uploads\/2023\/07\/cropped-apuntesdesanluis.png\",\"contentUrl\":\"https:\/\/apuntesdesanluis.com\/wp-content\/uploads\/2023\/07\/cropped-apuntesdesanluis.png\",\"width\":450,\"height\":112,\"caption\":\"apuntesdesanluis.com\"},\"logo\":{\"@id\":\"https:\/\/apuntesdesanluis.com\/#\/schema\/person\/image\/\"},\"sameAs\":[\"https:\/\/apuntesdesanluis.com\"],\"url\":\"https:\/\/apuntesdesanluis.com\/index.php\/author\/apuntesdesanluis-com\/\"}]}<\/script>\n<!-- \/ Yoast SEO plugin. -->","yoast_head_json":{"title":"AUN CON EL AUMENTO ANUNCIADO POR EL GOBIERNO, EL PRESUPUESTO PARA LAS UNIVERSIDADES ES EL M\u00c1S BAJO DE LA HISTORIA - Apuntes de San Luis","robots":{"index":"index","follow":"follow","max-snippet":"max-snippet:-1","max-image-preview":"max-image-preview:large","max-video-preview":"max-video-preview:-1"},"canonical":"https:\/\/apuntesdesanluis.com\/index.php\/2024\/04\/21\/aun-con-el-aumento-anunciado-por-el-gobierno-el-presupuesto-para-las-universidades-es-el-mas-bajo-de-la-historia\/","og_locale":"es_ES","og_type":"article","og_title":"AUN CON EL AUMENTO ANUNCIADO POR EL GOBIERNO, EL PRESUPUESTO PARA LAS UNIVERSIDADES ES EL M\u00c1S BAJO DE LA HISTORIA - Apuntes de San Luis","og_description":"Pese al anuncio de aumento del Gobierno, el presupuesto 2024 para las universidades nacionales contin\u00faa...","og_url":"https:\/\/apuntesdesanluis.com\/index.php\/2024\/04\/21\/aun-con-el-aumento-anunciado-por-el-gobierno-el-presupuesto-para-las-universidades-es-el-mas-bajo-de-la-historia\/","og_site_name":"Apuntes de San Luis","article_published_time":"2024-04-22T01:54:03+00:00","article_modified_time":"2024-04-22T09:59:41+00:00","og_image":[{"width":600,"height":382,"url":"https:\/\/apuntesdesanluis.com\/wp-content\/uploads\/2024\/04\/RECORTE-A-UNIVERSIDADES.png","type":"image\/png"}],"author":"apuntesdesanluis.com","twitter_card":"summary_large_image","twitter_misc":{"Escrito por":"apuntesdesanluis.com","Tiempo de lectura":"4 minutos"},"schema":{"@context":"https:\/\/schema.org","@graph":[{"@type":"Article","@id":"https:\/\/apuntesdesanluis.com\/index.php\/2024\/04\/21\/aun-con-el-aumento-anunciado-por-el-gobierno-el-presupuesto-para-las-universidades-es-el-mas-bajo-de-la-historia\/#article","isPartOf":{"@id":"https:\/\/apuntesdesanluis.com\/index.php\/2024\/04\/21\/aun-con-el-aumento-anunciado-por-el-gobierno-el-presupuesto-para-las-universidades-es-el-mas-bajo-de-la-historia\/"},"author":{"name":"apuntesdesanluis.com","@id":"https:\/\/apuntesdesanluis.com\/#\/schema\/person\/b55151d52296fcce64d1a72538a70b90"},"headline":"AUN CON EL AUMENTO ANUNCIADO POR EL GOBIERNO, EL PRESUPUESTO PARA LAS UNIVERSIDADES ES EL M\u00c1S BAJO DE LA HISTORIA","datePublished":"2024-04-22T01:54:03+00:00","dateModified":"2024-04-22T09:59:41+00:00","mainEntityOfPage":{"@id":"https:\/\/apuntesdesanluis.com\/index.php\/2024\/04\/21\/aun-con-el-aumento-anunciado-por-el-gobierno-el-presupuesto-para-las-universidades-es-el-mas-bajo-de-la-historia\/"},"wordCount":711,"publisher":{"@id":"https:\/\/apuntesdesanluis.com\/#\/schema\/person\/b55151d52296fcce64d1a72538a70b90"},"image":{"@id":"https:\/\/apuntesdesanluis.com\/index.php\/2024\/04\/21\/aun-con-el-aumento-anunciado-por-el-gobierno-el-presupuesto-para-las-universidades-es-el-mas-bajo-de-la-historia\/#primaryimage"},"thumbnailUrl":"https:\/\/apuntesdesanluis.com\/wp-content\/uploads\/2024\/04\/RECORTE-A-UNIVERSIDADES.png","articleSection":["Nacionales\/Internacionales"],"inLanguage":"es-AR"},{"@type":"WebPage","@id":"https:\/\/apuntesdesanluis.com\/index.php\/2024\/04\/21\/aun-con-el-aumento-anunciado-por-el-gobierno-el-presupuesto-para-las-universidades-es-el-mas-bajo-de-la-historia\/","url":"https:\/\/apuntesdesanluis.com\/index.php\/2024\/04\/21\/aun-con-el-aumento-anunciado-por-el-gobierno-el-presupuesto-para-las-universidades-es-el-mas-bajo-de-la-historia\/","name":"AUN CON EL AUMENTO ANUNCIADO POR EL GOBIERNO, EL PRESUPUESTO PARA LAS UNIVERSIDADES ES EL M\u00c1S BAJO DE LA HISTORIA - Apuntes de San Luis","isPartOf":{"@id":"https:\/\/apuntesdesanluis.com\/#website"},"primaryImageOfPage":{"@id":"https:\/\/apuntesdesanluis.com\/index.php\/2024\/04\/21\/aun-con-el-aumento-anunciado-por-el-gobierno-el-presupuesto-para-las-universidades-es-el-mas-bajo-de-la-historia\/#primaryimage"},"image":{"@id":"https:\/\/apuntesdesanluis.com\/index.php\/2024\/04\/21\/aun-con-el-aumento-anunciado-por-el-gobierno-el-presupuesto-para-las-universidades-es-el-mas-bajo-de-la-historia\/#primaryimage"},"thumbnailUrl":"https:\/\/apuntesdesanluis.com\/wp-content\/uploads\/2024\/04\/RECORTE-A-UNIVERSIDADES.png","datePublished":"2024-04-22T01:54:03+00:00","dateModified":"2024-04-22T09:59:41+00:00","breadcrumb":{"@id":"https:\/\/apuntesdesanluis.com\/index.php\/2024\/04\/21\/aun-con-el-aumento-anunciado-por-el-gobierno-el-presupuesto-para-las-universidades-es-el-mas-bajo-de-la-historia\/#breadcrumb"},"inLanguage":"es-AR","potentialAction":[{"@type":"ReadAction","target":["https:\/\/apuntesdesanluis.com\/index.php\/2024\/04\/21\/aun-con-el-aumento-anunciado-por-el-gobierno-el-presupuesto-para-las-universidades-es-el-mas-bajo-de-la-historia\/"]}]},{"@type":"ImageObject","inLanguage":"es-AR","@id":"https:\/\/apuntesdesanluis.com\/index.php\/2024\/04\/21\/aun-con-el-aumento-anunciado-por-el-gobierno-el-presupuesto-para-las-universidades-es-el-mas-bajo-de-la-historia\/#primaryimage","url":"https:\/\/apuntesdesanluis.com\/wp-content\/uploads\/2024\/04\/RECORTE-A-UNIVERSIDADES.png","contentUrl":"https:\/\/apuntesdesanluis.com\/wp-content\/uploads\/2024\/04\/RECORTE-A-UNIVERSIDADES.png","width":600,"height":382},{"@type":"BreadcrumbList","@id":"https:\/\/apuntesdesanluis.com\/index.php\/2024\/04\/21\/aun-con-el-aumento-anunciado-por-el-gobierno-el-presupuesto-para-las-universidades-es-el-mas-bajo-de-la-historia\/#breadcrumb","itemListElement":[{"@type":"ListItem","position":1,"name":"Inicio","item":"https:\/\/apuntesdesanluis.com\/"},{"@type":"ListItem","position":2,"name":"AUN CON EL AUMENTO ANUNCIADO POR EL GOBIERNO, EL PRESUPUESTO PARA LAS UNIVERSIDADES ES EL M\u00c1S BAJO DE LA HISTORIA"}]},{"@type":"WebSite","@id":"https:\/\/apuntesdesanluis.com\/#website","url":"https:\/\/apuntesdesanluis.com\/","name":"Apuntes de San Luis","description":"","publisher":{"@id":"https:\/\/apuntesdesanluis.com\/#\/schema\/person\/b55151d52296fcce64d1a72538a70b90"},"potentialAction":[{"@type":"SearchAction","target":{"@type":"EntryPoint","urlTemplate":"https:\/\/apuntesdesanluis.com\/?s={search_term_string}"},"query-input":{"@type":"PropertyValueSpecification","valueRequired":true,"valueName":"search_term_string"}}],"inLanguage":"es-AR"},{"@type":["Person","Organization"],"@id":"https:\/\/apuntesdesanluis.com\/#\/schema\/person\/b55151d52296fcce64d1a72538a70b90","name":"apuntesdesanluis.com","image":{"@type":"ImageObject","inLanguage":"es-AR","@id":"https:\/\/apuntesdesanluis.com\/#\/schema\/person\/image\/","url":"https:\/\/apuntesdesanluis.com\/wp-content\/uploads\/2023\/07\/cropped-apuntesdesanluis.png","contentUrl":"https:\/\/apuntesdesanluis.com\/wp-content\/uploads\/2023\/07\/cropped-apuntesdesanluis.png","width":450,"height":112,"caption":"apuntesdesanluis.com"},"logo":{"@id":"https:\/\/apuntesdesanluis.com\/#\/schema\/person\/image\/"},"sameAs":["https:\/\/apuntesdesanluis.com"],"url":"https:\/\/apuntesdesanluis.com\/index.php\/author\/apuntesdesanluis-com\/"}]}},"featured_image_urls":{"full":["https:\/\/apuntesdesanluis.com\/wp-content\/uploads\/2024\/04\/RECORTE-A-UNIVERSIDADES.png",600,382,false],"thumbnail":["https:\/\/apuntesdesanluis.com\/wp-content\/uploads\/2024\/04\/RECORTE-A-UNIVERSIDADES-150x150.png",150,150,true],"medium":["https:\/\/apuntesdesanluis.com\/wp-content\/uploads\/2024\/04\/RECORTE-A-UNIVERSIDADES-300x191.png",300,191,true],"medium_large":["https:\/\/apuntesdesanluis.com\/wp-content\/uploads\/2024\/04\/RECORTE-A-UNIVERSIDADES.png",600,382,false],"large":["https:\/\/apuntesdesanluis.com\/wp-content\/uploads\/2024\/04\/RECORTE-A-UNIVERSIDADES.png",600,382,false],"1536x1536":["https:\/\/apuntesdesanluis.com\/wp-content\/uploads\/2024\/04\/RECORTE-A-UNIVERSIDADES.png",600,382,false],"2048x2048":["https:\/\/apuntesdesanluis.com\/wp-content\/uploads\/2024\/04\/RECORTE-A-UNIVERSIDADES.png",600,382,false],"newsever-slider-full":["https:\/\/apuntesdesanluis.com\/wp-content\/uploads\/2024\/04\/RECORTE-A-UNIVERSIDADES.png",600,382,false],"newsever-featured":["https:\/\/apuntesdesanluis.com\/wp-content\/uploads\/2024\/04\/RECORTE-A-UNIVERSIDADES.png",600,382,false],"newsever-medium":["https:\/\/apuntesdesanluis.com\/wp-content\/uploads\/2024\/04\/RECORTE-A-UNIVERSIDADES.png",600,382,false]},"author_info":{"display_name":"apuntesdesanluis.com","author_link":"https:\/\/apuntesdesanluis.com\/index.php\/author\/apuntesdesanluis-com\/"},"category_info":"<a href=\"https:\/\/apuntesdesanluis.com\/index.php\/category\/nacionales-internacionales\/\" rel=\"category tag\">Nacionales\/Internacionales<\/a>","tag_info":"Nacionales\/Internacionales","comment_count":"0","_links":{"self":[{"href":"https:\/\/apuntesdesanluis.com\/index.php\/wp-json\/wp\/v2\/posts\/14982","targetHints":{"allow":["GET"]}}],"collection":[{"href":"https:\/\/apuntesdesanluis.com\/index.php\/wp-json\/wp\/v2\/posts"}],"about":[{"href":"https:\/\/apuntesdesanluis.com\/index.php\/wp-json\/wp\/v2\/types\/post"}],"author":[{"embeddable":true,"href":"https:\/\/apuntesdesanluis.com\/index.php\/wp-json\/wp\/v2\/users\/1"}],"replies":[{"embeddable":true,"href":"https:\/\/apuntesdesanluis.com\/index.php\/wp-json\/wp\/v2\/comments?post=14982"}],"version-history":[{"count":4,"href":"https:\/\/apuntesdesanluis.com\/index.php\/wp-json\/wp\/v2\/posts\/14982\/revisions"}],"predecessor-version":[{"id":15013,"href":"https:\/\/apuntesdesanluis.com\/index.php\/wp-json\/wp\/v2\/posts\/14982\/revisions\/15013"}],"wp:featuredmedia":[{"embeddable":true,"href":"https:\/\/apuntesdesanluis.com\/index.php\/wp-json\/wp\/v2\/media\/15003"}],"wp:attachment":[{"href":"https:\/\/apuntesdesanluis.com\/index.php\/wp-json\/wp\/v2\/media?parent=14982"}],"wp:term":[{"taxonomy":"category","embeddable":true,"href":"https:\/\/apuntesdesanluis.com\/index.php\/wp-json\/wp\/v2\/categories?post=14982"},{"taxonomy":"post_tag","embeddable":true,"href":"https:\/\/apuntesdesanluis.com\/index.php\/wp-json\/wp\/v2\/tags?post=14982"}],"curies":[{"name":"wp","href":"https:\/\/api.w.org\/{rel}","templated":true}]}}