{"id":14990,"date":"2024-04-21T22:55:34","date_gmt":"2024-04-22T01:55:34","guid":{"rendered":"https:\/\/apuntesdesanluis.com\/?p=14990"},"modified":"2024-04-22T06:59:02","modified_gmt":"2024-04-22T09:59:02","slug":"la-decision-de-no-investigar-los-crimenes-de-la-dictadura-fue-rechazada-por-36-fiscales","status":"publish","type":"post","link":"https:\/\/apuntesdesanluis.com\/index.php\/2024\/04\/21\/la-decision-de-no-investigar-los-crimenes-de-la-dictadura-fue-rechazada-por-36-fiscales\/","title":{"rendered":"LA DECISI\u00d3N DE NO INVESTIGAR LOS CR\u00cdMENES DE LA DICTADURA FUE RECHAZADA POR 36 FISCALES"},"content":{"rendered":"<h3>Treinta y seis fiscales federales expresaron su preocupaci\u00f3n frente a la decisi\u00f3n de <strong>Luis Petri<\/strong> de desmantelar el \u00e1rea del Ministerio de Defensa que investiga los cr\u00edmenes de la dictadura, inform\u00f3 P\u00e1gina 12.<\/h3>\n<h3>En una nota remitida al procurador interino <strong>Eduardo Casal<\/strong>, los representantes del Ministerio P\u00fablico dijeron que la falta de relevamiento y an\u00e1lisis de los archivos que est\u00e1n en poder de las Fuerzas Armadas ir\u00e1 en desmedro de las causas por cr\u00edmenes de lesa humanidad.<\/h3>\n<h3>El 27 de marzo pasado, el Ministerio de Defensa ech\u00f3 a diez de los trece expertos que integraban los Equipos de Relevamiento y An\u00e1lisis (ERyA) documental. Los equipos hab\u00edan sido creados en 2010, durante la gesti\u00f3n de Nilda Garr\u00e9, despu\u00e9s de que Cristina Fern\u00e1ndez de Kirchner desclasificara la documentaci\u00f3n sobre el per\u00edodo 1976-1983. Su conformaci\u00f3n persegu\u00eda un objetivo claro: contribuir con las investigaciones por cr\u00edmenes contra la humanidad, que se hab\u00edan reabierto definitivamente despu\u00e9s del fallo Sim\u00f3n de la Corte Suprema en 2005.<\/h3>\n<h3>Los ERyA funcionaron durante los gobiernos de CFK, Mauricio Macri \u2013aunque mermados\u2013 y Alberto Fern\u00e1ndez. Petri, despu\u00e9s del 48\u00ba aniversario del golpe, decidi\u00f3 desmantelarlos. P\u00fablicamente dijo que lo hac\u00eda porque eran un \u201cgrupo parajudicial\u201d orientado a hacer \u201cmacartismo\u201d dentro de las Fuerzas Armadas. Adem\u00e1s, desliz\u00f3 que no sab\u00eda a qui\u00e9nes respond\u00edan sus integrantes \u2013todos profesionales civiles\u2013. A este diario, voceros de Petri le dijeron que estaban haciendo una auditor\u00eda porque, seg\u00fan su entendimiento, los equipos se dedicaban a perseguir a familiares de personalidades p\u00fablicas como el padre de Victoria Villarruel, el teniente coronel Eduardo Marcelo Villarruel.<\/h3>\n<h3>La determinaci\u00f3n de desarmar los equipos fue repudiada por organismos de derechos humanos, as\u00ed como por legisladores de Uni\u00f3n por la Patria y del FIT.<\/h3>\n<p><img fetchpriority=\"high\" decoding=\"async\" class=\"wp-image-15011 aligncenter\" src=\"https:\/\/apuntesdesanluis.com\/wp-content\/uploads\/2024\/04\/abuelas-300x242.png\" alt=\"\" width=\"590\" height=\"476\" srcset=\"https:\/\/apuntesdesanluis.com\/wp-content\/uploads\/2024\/04\/abuelas-300x242.png 300w, https:\/\/apuntesdesanluis.com\/wp-content\/uploads\/2024\/04\/abuelas.png 700w\" sizes=\"(max-width: 590px) 100vw, 590px\" \/><\/p>\n<h3>La novedad es que se sumaron ahora los fiscales que impulsan las causas por los cr\u00edmenes cometidos durante el terrorismo de Estado. Fueron 36 magistrados los que le hicieron llegar una nota a Casal y el procurador interino la envi\u00f3 a Defensa, junto con un listado de informaci\u00f3n que la cartera que conduce Petri a\u00fan adeuda.<\/h3>\n<h3>\u201cLa documentaci\u00f3n relevada y suministrada a la Justicia por los Equipos, el aporte a su interpretaci\u00f3n as\u00ed como el de los reglamentos, las pr\u00e1cticas burocr\u00e1ticas y la operaci\u00f3n regular de las Fuerzas Armadas, han sido esenciales para el desarrollo de las investigaciones, fundamentar las acusaciones y las sentencias\u201d, dice la nota.<\/h3>\n<h3>\u201cQueremos destacar el compromiso y profesionalismo de sus integrantes en la tarea asignada durante todos estos a\u00f1os\u201d, a\u00f1aden los fiscales en l\u00ednea contraria a lo que ha dicho Petri p\u00fablicamente. En declaraciones al diario Clar\u00edn, el ministro hab\u00eda sostenido que en catorce a\u00f1os de existencia se les conocen \u00fanicamente seis informes a los equipos. Por el contrario, los fiscales hicieron llegar una lista de aportes en distintas causas que incluyen desde el Plan C\u00f3ndor, los vuelos de la muerte en Campo de Mayo, la Escuela de Mec\u00e1nica de la Armada (ESMA), la Contraofensiva montonera e incluso el Hogar Casa de Bel\u00e9n.<\/h3>\n<h3>\u201cLa p\u00e9rdida de tal instrumento estatal redundar\u00e1 en desmedro irremediable para la labor judicial y, especialmente, en la de los magistrados del Ministerio P\u00fablico Fiscal que intervenimos en la investigaci\u00f3n y el juzgamiento de los cr\u00edmenes de lesa humanidad cometidos en nuestro pa\u00eds\u201d, resaltaron. En el texto, sugieren que se le pida a Petri que reconsidere su decisi\u00f3n.<\/h3>\n<h3>La nota lleva las firmas de Pablo Parenti, Pablo Ouvi\u00f1a, Adolfo Villatte, Carlos Amad, Mart\u00edn Su\u00e1rez Faisal, Agust\u00edn Chit, Indiana Garz\u00f3n, Alejandro Alagia, Miguel Blanco Garc\u00eda Ordas, Diego Vigay, Miguel Palazzani, Flavio Ferrini, Marcelo Garc\u00eda Berro, Federico Carniel, Dante Vega, Nuria Pi\u00f1ol, Esteban Bendersky, Carlos Gonella, Pablo Camu\u00f1a, Leonardo Filippini, Gonzalo Miranda, Daniel Rodr\u00edguez Infante, Ana Oberlin, F\u00e9lix Crous, Francisco Maldonado, Eduardo Villalba, Hern\u00e1n Schapiro, Laura Mazzaferri, Leandro Ardoy, \u00c1lvaro Baella, Federico Reynares Solari, Juan Murray, Marcelo Obetko, Josefina Minatta, Ricardo \u00c1lvarez y el fiscal ante Casaci\u00f3n Javier de Luca.<\/h3>\n<h3>Despu\u00e9s de que se difundieran los despidos, el fiscal Palazzani \u2013a cargo de las investigaciones de lesa en Neuqu\u00e9n y Bah\u00eda Blanca\u2013 hab\u00eda enviado un oficio a Defensa para pedir que se preserve la prueba. Lo curioso es que Palazzani termin\u00f3 con un llamado de atenci\u00f3n de Casal. La carta pone en evidencia que no era s\u00f3lo Palazzani quien estaba preocupado por c\u00f3mo repercutir\u00e1 la decisi\u00f3n de Petri en las investigaciones en curso.<\/h3>\n<h3>\u201cCelebramos la presentaci\u00f3n de los 36 fiscales en defensa de los equipos que investigan los cr\u00edmenes de la dictadura. Todos los poderes del Estado deben garantizar el Nunca M\u00e1s\u201d, dijeron desde Abuelas de Plaza de Mayo tras la difusi\u00f3n de la nota de los integrantes del Ministerio P\u00fablico.<\/h3>\n<h3>Hay presentaciones ante la Comisi\u00f3n Interamericana de Derechos Humanos (CIDH) y la Organizaci\u00f3n de Naciones Unidas (ONU) por el desmantelamiento de los equipos. Estas iniciativas fueron motorizadas por la diputada Victoria Montenegro, presidenta de la comisi\u00f3n de Derechos Humanos de la Legislatura porte\u00f1a. Por el momento, los tribunales argentinos no dieron acogida favorable a los amparos presentados por querellantes para impedir que se desarme el \u00e1rea.<\/h3>\n<h3>Desde que lleg\u00f3 a Defensa, Petri se hizo eco de los reclamos de la familia militar m\u00e1s rancia. Hizo la vista gorda ante un homenaje que le rindieron en un regimiento de Ap\u00f3stoles, Misiones, al represor Horacio Losito \u2013con tres condenas por cr\u00edmenes contra la humanidad en su haber\u2013. Ante una consulta de este diario sobre si la cartera ten\u00eda algo para comentar, sus voceros contestaron con el env\u00edo de una nota de este medio que dec\u00eda que Losito estaba en libertad condicional. La modalidad de cumplimiento de la pena no significa que no est\u00e9 condenado por secuestrar, torturar, asesinar, desaparecer y dem\u00e1s tropel\u00edas. Desde la gesti\u00f3n Garr\u00e9 est\u00e1 en vigencia una resoluci\u00f3n que impide rendir honores a quienes estuvieron involucrados en el terrorismo de Estado o atentaron contra el orden constitucional.<\/h3>\n<h3>Petri, adem\u00e1s, dijo que las Fuerzas Armadas fueron \u201cdemonizadas\u201d por su accionar durante los a\u00f1os \u201870 en un evento que se llev\u00f3 a cabo en el C\u00edrculo Militar. En ese mismo encuentro, se fotografi\u00f3 con Cecilia Pando, conocida hace 20 a\u00f1os por reclamar la libertad de los genocidas. En la fotograf\u00eda estaba tambi\u00e9n Laura Ren\u00e9s, esposa de Claudio Pasqualini, el jefe del Ej\u00e9rcito de Macri que actualmente es el n\u00famero dos de Petri en Defensa. Laura Ren\u00e9s es hija de Athos Ren\u00e9s, condenado a perpetua por la Masacre de Margarita Bel\u00e9n.<\/h3>\n<h3>Petri, adem\u00e1s, envi\u00f3 a funcionarios de su ministerio a la Unidad 34 de Campo de Mayo para reunirse con genocidas presos. Entre otros, se entrevistaron con Mario Sandoval y Julio Sim\u00f3n \u2013represores de la Polic\u00eda Federal\u2013 y con Juan Daniel Amelong, el represor que fue presentado como \u201cv\u00edctima\u201d por Villarruel en el debate con Agust\u00edn Rossi. La interlocuci\u00f3n con los sectores que impugnan el proceso de verdad y justicia parece evidente, aunque desde Defensa lo niegan. Uno de los represores que despotric\u00f3 p\u00fablicamente contra los ERyA fue Horacio Luis Ferrari, el marino que est\u00e1 actualmente en juicio por cr\u00edmenes cometidos en la ESMA.<\/h3>\n<p>&nbsp;<\/p>\n<p>&nbsp;<\/p>\n<p>&nbsp;<\/p>\n<p>&nbsp;<\/p>\n<p>&nbsp;<\/p>\n<p>&nbsp;<\/p>\n","protected":false},"excerpt":{"rendered":"<p>Treinta y seis fiscales federales expresaron su preocupaci\u00f3n frente a la decisi\u00f3n de Luis Petri&#8230;<\/p>\n","protected":false},"author":1,"featured_media":15005,"comment_status":"closed","ping_status":"closed","sticky":false,"template":"","format":"standard","meta":{"footnotes":""},"categories":[5],"tags":[],"class_list":["post-14990","post","type-post","status-publish","format-standard","has-post-thumbnail","hentry","category-nacionales-internacionales"],"yoast_head":"<!-- This site is optimized with the Yoast SEO plugin v26.1.1 - https:\/\/yoast.com\/wordpress\/plugins\/seo\/ -->\n<title>LA DECISI\u00d3N DE NO INVESTIGAR LOS CR\u00cdMENES DE LA DICTADURA FUE RECHAZADA POR 36 FISCALES - Apuntes de San Luis<\/title>\n<meta name=\"robots\" content=\"index, follow, max-snippet:-1, max-image-preview:large, max-video-preview:-1\" \/>\n<link rel=\"canonical\" href=\"https:\/\/apuntesdesanluis.com\/index.php\/2024\/04\/21\/la-decision-de-no-investigar-los-crimenes-de-la-dictadura-fue-rechazada-por-36-fiscales\/\" \/>\n<meta property=\"og:locale\" content=\"es_ES\" \/>\n<meta property=\"og:type\" content=\"article\" \/>\n<meta property=\"og:title\" content=\"LA DECISI\u00d3N DE NO INVESTIGAR LOS CR\u00cdMENES DE LA DICTADURA FUE RECHAZADA POR 36 FISCALES - Apuntes de San Luis\" \/>\n<meta property=\"og:description\" content=\"Treinta y seis fiscales federales expresaron su preocupaci\u00f3n frente a la decisi\u00f3n de Luis Petri...\" \/>\n<meta property=\"og:url\" content=\"https:\/\/apuntesdesanluis.com\/index.php\/2024\/04\/21\/la-decision-de-no-investigar-los-crimenes-de-la-dictadura-fue-rechazada-por-36-fiscales\/\" \/>\n<meta property=\"og:site_name\" content=\"Apuntes de San Luis\" \/>\n<meta property=\"article:published_time\" content=\"2024-04-22T01:55:34+00:00\" \/>\n<meta property=\"article:modified_time\" content=\"2024-04-22T09:59:02+00:00\" \/>\n<meta property=\"og:image\" content=\"https:\/\/apuntesdesanluis.com\/wp-content\/uploads\/2024\/04\/luis-petri.png\" \/>\n\t<meta property=\"og:image:width\" content=\"775\" \/>\n\t<meta property=\"og:image:height\" content=\"455\" \/>\n\t<meta property=\"og:image:type\" content=\"image\/png\" \/>\n<meta name=\"author\" content=\"apuntesdesanluis.com\" \/>\n<meta name=\"twitter:card\" content=\"summary_large_image\" \/>\n<meta name=\"twitter:label1\" content=\"Escrito por\" \/>\n\t<meta name=\"twitter:data1\" content=\"apuntesdesanluis.com\" \/>\n\t<meta name=\"twitter:label2\" content=\"Tiempo de lectura\" \/>\n\t<meta name=\"twitter:data2\" content=\"6 minutos\" \/>\n<script type=\"application\/ld+json\" class=\"yoast-schema-graph\">{\"@context\":\"https:\/\/schema.org\",\"@graph\":[{\"@type\":\"Article\",\"@id\":\"https:\/\/apuntesdesanluis.com\/index.php\/2024\/04\/21\/la-decision-de-no-investigar-los-crimenes-de-la-dictadura-fue-rechazada-por-36-fiscales\/#article\",\"isPartOf\":{\"@id\":\"https:\/\/apuntesdesanluis.com\/index.php\/2024\/04\/21\/la-decision-de-no-investigar-los-crimenes-de-la-dictadura-fue-rechazada-por-36-fiscales\/\"},\"author\":{\"name\":\"apuntesdesanluis.com\",\"@id\":\"https:\/\/apuntesdesanluis.com\/#\/schema\/person\/b55151d52296fcce64d1a72538a70b90\"},\"headline\":\"LA DECISI\u00d3N DE NO INVESTIGAR LOS CR\u00cdMENES DE LA DICTADURA FUE RECHAZADA POR 36 FISCALES\",\"datePublished\":\"2024-04-22T01:55:34+00:00\",\"dateModified\":\"2024-04-22T09:59:02+00:00\",\"mainEntityOfPage\":{\"@id\":\"https:\/\/apuntesdesanluis.com\/index.php\/2024\/04\/21\/la-decision-de-no-investigar-los-crimenes-de-la-dictadura-fue-rechazada-por-36-fiscales\/\"},\"wordCount\":1280,\"publisher\":{\"@id\":\"https:\/\/apuntesdesanluis.com\/#\/schema\/person\/b55151d52296fcce64d1a72538a70b90\"},\"image\":{\"@id\":\"https:\/\/apuntesdesanluis.com\/index.php\/2024\/04\/21\/la-decision-de-no-investigar-los-crimenes-de-la-dictadura-fue-rechazada-por-36-fiscales\/#primaryimage\"},\"thumbnailUrl\":\"https:\/\/apuntesdesanluis.com\/wp-content\/uploads\/2024\/04\/luis-petri.png\",\"articleSection\":[\"Nacionales\/Internacionales\"],\"inLanguage\":\"es-AR\"},{\"@type\":\"WebPage\",\"@id\":\"https:\/\/apuntesdesanluis.com\/index.php\/2024\/04\/21\/la-decision-de-no-investigar-los-crimenes-de-la-dictadura-fue-rechazada-por-36-fiscales\/\",\"url\":\"https:\/\/apuntesdesanluis.com\/index.php\/2024\/04\/21\/la-decision-de-no-investigar-los-crimenes-de-la-dictadura-fue-rechazada-por-36-fiscales\/\",\"name\":\"LA DECISI\u00d3N DE NO INVESTIGAR LOS CR\u00cdMENES DE LA DICTADURA FUE RECHAZADA POR 36 FISCALES - Apuntes de San Luis\",\"isPartOf\":{\"@id\":\"https:\/\/apuntesdesanluis.com\/#website\"},\"primaryImageOfPage\":{\"@id\":\"https:\/\/apuntesdesanluis.com\/index.php\/2024\/04\/21\/la-decision-de-no-investigar-los-crimenes-de-la-dictadura-fue-rechazada-por-36-fiscales\/#primaryimage\"},\"image\":{\"@id\":\"https:\/\/apuntesdesanluis.com\/index.php\/2024\/04\/21\/la-decision-de-no-investigar-los-crimenes-de-la-dictadura-fue-rechazada-por-36-fiscales\/#primaryimage\"},\"thumbnailUrl\":\"https:\/\/apuntesdesanluis.com\/wp-content\/uploads\/2024\/04\/luis-petri.png\",\"datePublished\":\"2024-04-22T01:55:34+00:00\",\"dateModified\":\"2024-04-22T09:59:02+00:00\",\"breadcrumb\":{\"@id\":\"https:\/\/apuntesdesanluis.com\/index.php\/2024\/04\/21\/la-decision-de-no-investigar-los-crimenes-de-la-dictadura-fue-rechazada-por-36-fiscales\/#breadcrumb\"},\"inLanguage\":\"es-AR\",\"potentialAction\":[{\"@type\":\"ReadAction\",\"target\":[\"https:\/\/apuntesdesanluis.com\/index.php\/2024\/04\/21\/la-decision-de-no-investigar-los-crimenes-de-la-dictadura-fue-rechazada-por-36-fiscales\/\"]}]},{\"@type\":\"ImageObject\",\"inLanguage\":\"es-AR\",\"@id\":\"https:\/\/apuntesdesanluis.com\/index.php\/2024\/04\/21\/la-decision-de-no-investigar-los-crimenes-de-la-dictadura-fue-rechazada-por-36-fiscales\/#primaryimage\",\"url\":\"https:\/\/apuntesdesanluis.com\/wp-content\/uploads\/2024\/04\/luis-petri.png\",\"contentUrl\":\"https:\/\/apuntesdesanluis.com\/wp-content\/uploads\/2024\/04\/luis-petri.png\",\"width\":775,\"height\":455},{\"@type\":\"BreadcrumbList\",\"@id\":\"https:\/\/apuntesdesanluis.com\/index.php\/2024\/04\/21\/la-decision-de-no-investigar-los-crimenes-de-la-dictadura-fue-rechazada-por-36-fiscales\/#breadcrumb\",\"itemListElement\":[{\"@type\":\"ListItem\",\"position\":1,\"name\":\"Inicio\",\"item\":\"https:\/\/apuntesdesanluis.com\/\"},{\"@type\":\"ListItem\",\"position\":2,\"name\":\"LA DECISI\u00d3N DE NO INVESTIGAR LOS CR\u00cdMENES DE LA DICTADURA FUE RECHAZADA POR 36 FISCALES\"}]},{\"@type\":\"WebSite\",\"@id\":\"https:\/\/apuntesdesanluis.com\/#website\",\"url\":\"https:\/\/apuntesdesanluis.com\/\",\"name\":\"Apuntes de San Luis\",\"description\":\"\",\"publisher\":{\"@id\":\"https:\/\/apuntesdesanluis.com\/#\/schema\/person\/b55151d52296fcce64d1a72538a70b90\"},\"potentialAction\":[{\"@type\":\"SearchAction\",\"target\":{\"@type\":\"EntryPoint\",\"urlTemplate\":\"https:\/\/apuntesdesanluis.com\/?s={search_term_string}\"},\"query-input\":{\"@type\":\"PropertyValueSpecification\",\"valueRequired\":true,\"valueName\":\"search_term_string\"}}],\"inLanguage\":\"es-AR\"},{\"@type\":[\"Person\",\"Organization\"],\"@id\":\"https:\/\/apuntesdesanluis.com\/#\/schema\/person\/b55151d52296fcce64d1a72538a70b90\",\"name\":\"apuntesdesanluis.com\",\"image\":{\"@type\":\"ImageObject\",\"inLanguage\":\"es-AR\",\"@id\":\"https:\/\/apuntesdesanluis.com\/#\/schema\/person\/image\/\",\"url\":\"https:\/\/apuntesdesanluis.com\/wp-content\/uploads\/2023\/07\/cropped-apuntesdesanluis.png\",\"contentUrl\":\"https:\/\/apuntesdesanluis.com\/wp-content\/uploads\/2023\/07\/cropped-apuntesdesanluis.png\",\"width\":450,\"height\":112,\"caption\":\"apuntesdesanluis.com\"},\"logo\":{\"@id\":\"https:\/\/apuntesdesanluis.com\/#\/schema\/person\/image\/\"},\"sameAs\":[\"https:\/\/apuntesdesanluis.com\"],\"url\":\"https:\/\/apuntesdesanluis.com\/index.php\/author\/apuntesdesanluis-com\/\"}]}<\/script>\n<!-- \/ Yoast SEO plugin. -->","yoast_head_json":{"title":"LA DECISI\u00d3N DE NO INVESTIGAR LOS CR\u00cdMENES DE LA DICTADURA FUE RECHAZADA POR 36 FISCALES - Apuntes de San Luis","robots":{"index":"index","follow":"follow","max-snippet":"max-snippet:-1","max-image-preview":"max-image-preview:large","max-video-preview":"max-video-preview:-1"},"canonical":"https:\/\/apuntesdesanluis.com\/index.php\/2024\/04\/21\/la-decision-de-no-investigar-los-crimenes-de-la-dictadura-fue-rechazada-por-36-fiscales\/","og_locale":"es_ES","og_type":"article","og_title":"LA DECISI\u00d3N DE NO INVESTIGAR LOS CR\u00cdMENES DE LA DICTADURA FUE RECHAZADA POR 36 FISCALES - Apuntes de San Luis","og_description":"Treinta y seis fiscales federales expresaron su preocupaci\u00f3n frente a la decisi\u00f3n de Luis Petri...","og_url":"https:\/\/apuntesdesanluis.com\/index.php\/2024\/04\/21\/la-decision-de-no-investigar-los-crimenes-de-la-dictadura-fue-rechazada-por-36-fiscales\/","og_site_name":"Apuntes de San Luis","article_published_time":"2024-04-22T01:55:34+00:00","article_modified_time":"2024-04-22T09:59:02+00:00","og_image":[{"width":775,"height":455,"url":"https:\/\/apuntesdesanluis.com\/wp-content\/uploads\/2024\/04\/luis-petri.png","type":"image\/png"}],"author":"apuntesdesanluis.com","twitter_card":"summary_large_image","twitter_misc":{"Escrito por":"apuntesdesanluis.com","Tiempo de lectura":"6 minutos"},"schema":{"@context":"https:\/\/schema.org","@graph":[{"@type":"Article","@id":"https:\/\/apuntesdesanluis.com\/index.php\/2024\/04\/21\/la-decision-de-no-investigar-los-crimenes-de-la-dictadura-fue-rechazada-por-36-fiscales\/#article","isPartOf":{"@id":"https:\/\/apuntesdesanluis.com\/index.php\/2024\/04\/21\/la-decision-de-no-investigar-los-crimenes-de-la-dictadura-fue-rechazada-por-36-fiscales\/"},"author":{"name":"apuntesdesanluis.com","@id":"https:\/\/apuntesdesanluis.com\/#\/schema\/person\/b55151d52296fcce64d1a72538a70b90"},"headline":"LA DECISI\u00d3N DE NO INVESTIGAR LOS CR\u00cdMENES DE LA DICTADURA FUE RECHAZADA POR 36 FISCALES","datePublished":"2024-04-22T01:55:34+00:00","dateModified":"2024-04-22T09:59:02+00:00","mainEntityOfPage":{"@id":"https:\/\/apuntesdesanluis.com\/index.php\/2024\/04\/21\/la-decision-de-no-investigar-los-crimenes-de-la-dictadura-fue-rechazada-por-36-fiscales\/"},"wordCount":1280,"publisher":{"@id":"https:\/\/apuntesdesanluis.com\/#\/schema\/person\/b55151d52296fcce64d1a72538a70b90"},"image":{"@id":"https:\/\/apuntesdesanluis.com\/index.php\/2024\/04\/21\/la-decision-de-no-investigar-los-crimenes-de-la-dictadura-fue-rechazada-por-36-fiscales\/#primaryimage"},"thumbnailUrl":"https:\/\/apuntesdesanluis.com\/wp-content\/uploads\/2024\/04\/luis-petri.png","articleSection":["Nacionales\/Internacionales"],"inLanguage":"es-AR"},{"@type":"WebPage","@id":"https:\/\/apuntesdesanluis.com\/index.php\/2024\/04\/21\/la-decision-de-no-investigar-los-crimenes-de-la-dictadura-fue-rechazada-por-36-fiscales\/","url":"https:\/\/apuntesdesanluis.com\/index.php\/2024\/04\/21\/la-decision-de-no-investigar-los-crimenes-de-la-dictadura-fue-rechazada-por-36-fiscales\/","name":"LA DECISI\u00d3N DE NO INVESTIGAR LOS CR\u00cdMENES DE LA DICTADURA FUE RECHAZADA POR 36 FISCALES - Apuntes de San Luis","isPartOf":{"@id":"https:\/\/apuntesdesanluis.com\/#website"},"primaryImageOfPage":{"@id":"https:\/\/apuntesdesanluis.com\/index.php\/2024\/04\/21\/la-decision-de-no-investigar-los-crimenes-de-la-dictadura-fue-rechazada-por-36-fiscales\/#primaryimage"},"image":{"@id":"https:\/\/apuntesdesanluis.com\/index.php\/2024\/04\/21\/la-decision-de-no-investigar-los-crimenes-de-la-dictadura-fue-rechazada-por-36-fiscales\/#primaryimage"},"thumbnailUrl":"https:\/\/apuntesdesanluis.com\/wp-content\/uploads\/2024\/04\/luis-petri.png","datePublished":"2024-04-22T01:55:34+00:00","dateModified":"2024-04-22T09:59:02+00:00","breadcrumb":{"@id":"https:\/\/apuntesdesanluis.com\/index.php\/2024\/04\/21\/la-decision-de-no-investigar-los-crimenes-de-la-dictadura-fue-rechazada-por-36-fiscales\/#breadcrumb"},"inLanguage":"es-AR","potentialAction":[{"@type":"ReadAction","target":["https:\/\/apuntesdesanluis.com\/index.php\/2024\/04\/21\/la-decision-de-no-investigar-los-crimenes-de-la-dictadura-fue-rechazada-por-36-fiscales\/"]}]},{"@type":"ImageObject","inLanguage":"es-AR","@id":"https:\/\/apuntesdesanluis.com\/index.php\/2024\/04\/21\/la-decision-de-no-investigar-los-crimenes-de-la-dictadura-fue-rechazada-por-36-fiscales\/#primaryimage","url":"https:\/\/apuntesdesanluis.com\/wp-content\/uploads\/2024\/04\/luis-petri.png","contentUrl":"https:\/\/apuntesdesanluis.com\/wp-content\/uploads\/2024\/04\/luis-petri.png","width":775,"height":455},{"@type":"BreadcrumbList","@id":"https:\/\/apuntesdesanluis.com\/index.php\/2024\/04\/21\/la-decision-de-no-investigar-los-crimenes-de-la-dictadura-fue-rechazada-por-36-fiscales\/#breadcrumb","itemListElement":[{"@type":"ListItem","position":1,"name":"Inicio","item":"https:\/\/apuntesdesanluis.com\/"},{"@type":"ListItem","position":2,"name":"LA DECISI\u00d3N DE NO INVESTIGAR LOS CR\u00cdMENES DE LA DICTADURA FUE RECHAZADA POR 36 FISCALES"}]},{"@type":"WebSite","@id":"https:\/\/apuntesdesanluis.com\/#website","url":"https:\/\/apuntesdesanluis.com\/","name":"Apuntes de San Luis","description":"","publisher":{"@id":"https:\/\/apuntesdesanluis.com\/#\/schema\/person\/b55151d52296fcce64d1a72538a70b90"},"potentialAction":[{"@type":"SearchAction","target":{"@type":"EntryPoint","urlTemplate":"https:\/\/apuntesdesanluis.com\/?s={search_term_string}"},"query-input":{"@type":"PropertyValueSpecification","valueRequired":true,"valueName":"search_term_string"}}],"inLanguage":"es-AR"},{"@type":["Person","Organization"],"@id":"https:\/\/apuntesdesanluis.com\/#\/schema\/person\/b55151d52296fcce64d1a72538a70b90","name":"apuntesdesanluis.com","image":{"@type":"ImageObject","inLanguage":"es-AR","@id":"https:\/\/apuntesdesanluis.com\/#\/schema\/person\/image\/","url":"https:\/\/apuntesdesanluis.com\/wp-content\/uploads\/2023\/07\/cropped-apuntesdesanluis.png","contentUrl":"https:\/\/apuntesdesanluis.com\/wp-content\/uploads\/2023\/07\/cropped-apuntesdesanluis.png","width":450,"height":112,"caption":"apuntesdesanluis.com"},"logo":{"@id":"https:\/\/apuntesdesanluis.com\/#\/schema\/person\/image\/"},"sameAs":["https:\/\/apuntesdesanluis.com"],"url":"https:\/\/apuntesdesanluis.com\/index.php\/author\/apuntesdesanluis-com\/"}]}},"featured_image_urls":{"full":["https:\/\/apuntesdesanluis.com\/wp-content\/uploads\/2024\/04\/luis-petri.png",775,455,false],"thumbnail":["https:\/\/apuntesdesanluis.com\/wp-content\/uploads\/2024\/04\/luis-petri-150x150.png",150,150,true],"medium":["https:\/\/apuntesdesanluis.com\/wp-content\/uploads\/2024\/04\/luis-petri-300x176.png",300,176,true],"medium_large":["https:\/\/apuntesdesanluis.com\/wp-content\/uploads\/2024\/04\/luis-petri-768x451.png",640,376,true],"large":["https:\/\/apuntesdesanluis.com\/wp-content\/uploads\/2024\/04\/luis-petri.png",640,376,false],"1536x1536":["https:\/\/apuntesdesanluis.com\/wp-content\/uploads\/2024\/04\/luis-petri.png",775,455,false],"2048x2048":["https:\/\/apuntesdesanluis.com\/wp-content\/uploads\/2024\/04\/luis-petri.png",775,455,false],"newsever-slider-full":["https:\/\/apuntesdesanluis.com\/wp-content\/uploads\/2024\/04\/luis-petri.png",775,455,false],"newsever-featured":["https:\/\/apuntesdesanluis.com\/wp-content\/uploads\/2024\/04\/luis-petri.png",775,455,false],"newsever-medium":["https:\/\/apuntesdesanluis.com\/wp-content\/uploads\/2024\/04\/luis-petri-720x455.png",720,455,true]},"author_info":{"display_name":"apuntesdesanluis.com","author_link":"https:\/\/apuntesdesanluis.com\/index.php\/author\/apuntesdesanluis-com\/"},"category_info":"<a href=\"https:\/\/apuntesdesanluis.com\/index.php\/category\/nacionales-internacionales\/\" rel=\"category tag\">Nacionales\/Internacionales<\/a>","tag_info":"Nacionales\/Internacionales","comment_count":"0","_links":{"self":[{"href":"https:\/\/apuntesdesanluis.com\/index.php\/wp-json\/wp\/v2\/posts\/14990","targetHints":{"allow":["GET"]}}],"collection":[{"href":"https:\/\/apuntesdesanluis.com\/index.php\/wp-json\/wp\/v2\/posts"}],"about":[{"href":"https:\/\/apuntesdesanluis.com\/index.php\/wp-json\/wp\/v2\/types\/post"}],"author":[{"embeddable":true,"href":"https:\/\/apuntesdesanluis.com\/index.php\/wp-json\/wp\/v2\/users\/1"}],"replies":[{"embeddable":true,"href":"https:\/\/apuntesdesanluis.com\/index.php\/wp-json\/wp\/v2\/comments?post=14990"}],"version-history":[{"count":4,"href":"https:\/\/apuntesdesanluis.com\/index.php\/wp-json\/wp\/v2\/posts\/14990\/revisions"}],"predecessor-version":[{"id":15012,"href":"https:\/\/apuntesdesanluis.com\/index.php\/wp-json\/wp\/v2\/posts\/14990\/revisions\/15012"}],"wp:featuredmedia":[{"embeddable":true,"href":"https:\/\/apuntesdesanluis.com\/index.php\/wp-json\/wp\/v2\/media\/15005"}],"wp:attachment":[{"href":"https:\/\/apuntesdesanluis.com\/index.php\/wp-json\/wp\/v2\/media?parent=14990"}],"wp:term":[{"taxonomy":"category","embeddable":true,"href":"https:\/\/apuntesdesanluis.com\/index.php\/wp-json\/wp\/v2\/categories?post=14990"},{"taxonomy":"post_tag","embeddable":true,"href":"https:\/\/apuntesdesanluis.com\/index.php\/wp-json\/wp\/v2\/tags?post=14990"}],"curies":[{"name":"wp","href":"https:\/\/api.w.org\/{rel}","templated":true}]}}