{"id":14993,"date":"2024-04-21T23:48:34","date_gmt":"2024-04-22T02:48:34","guid":{"rendered":"https:\/\/apuntesdesanluis.com\/?p=14993"},"modified":"2024-04-21T23:48:34","modified_gmt":"2024-04-22T02:48:34","slug":"francos-califico-de-error-el-aumento-salarial-en-el-senado-y-admitio-que-milei-tenia-conocimiento","status":"publish","type":"post","link":"https:\/\/apuntesdesanluis.com\/index.php\/2024\/04\/21\/francos-califico-de-error-el-aumento-salarial-en-el-senado-y-admitio-que-milei-tenia-conocimiento\/","title":{"rendered":"FRANCOS CALIFIC\u00d3 DE ERROR EL AUMENTO SALARIAL EN EL SENADO Y ADMITI\u00d3 QUE MILEI TEN\u00cdA CONOCIMIENTO"},"content":{"rendered":"<h3>El ministro del Interior, <strong>Guillermo Francos<\/strong>, calific\u00f3 de \u201cerror enorme\u201d la suba salarial en la C\u00e1mara de Senadores y admiti\u00f3 que el presidente <strong>Javier Milei<\/strong> ten\u00eda conocimiento de las intenciones del Senado.<\/h3>\n<h3>\u201cHab\u00eda un comentario de que estaba dando vuelta un proyecto de incremento salarial y el Presidente dijo que no pod\u00edan hacer eso y que si lo hac\u00edan los iba a exponer\u201d, revel\u00f3 Francos en una entrevista a Radio Rivadavia, y agreg\u00f3: \u201cHac\u00eda tan poco tiempo que se hab\u00eda dado marcha atr\u00e1s con lo anterior que parec\u00eda imposible\u201d.<\/h3>\n<h3>Luego de que la C\u00e1mara Alta aprobara el incremento salarial, Francos plante\u00f3: \u201cHa sido un error enorme del Senado la falta de sensibilidad al estado de \u00e1nimo colectivo. Esto fue hecho a menos de un mes del intento que fue vuelto atr\u00e1s y todo el mundo vio la reacci\u00f3n de la gente\u201d.<\/h3>\n<h3>\u201cUno siente una decepci\u00f3n de que no se comprenda el reclamo de la gente. Me doli\u00f3 mucho. La pol\u00edtica queda disociada del pensamiento de la sociedad&#8221;, insisti\u00f3 el ministro.<\/h3>\n<h3>Asimismo, remarc\u00f3 que el bloque de La Libertad Avanza se posicion\u00f3 en contra, pero que no cuenta con \u201clos n\u00fameros suficientes\u201d para rechazar la suba. Respecto al proyecto para retrotraer aumentos presentado por el PRO, el funcionario nacional plante\u00f3 que desde el Poder Ejecutivo se presionar\u00e1 a trav\u00e9s de la opini\u00f3n p\u00fablica, aunque aclar\u00f3 que \u201cel que decide es el Legislativo\u201d.<\/h3>\n<h3>\u201cEl Poder legislativo es independiente, nuestro bloque insistir\u00e1, pero hay que tener mayor\u00edas\u201d, justific\u00f3 al tiempo que reiter\u00f3 la importancia de las elecciones 2025 para \u201cmejorar la calidad del Senado, la de nuestros propios legisladores, que hagan experiencia, que aprendan&#8221;. &#8220;Hay que buscar gente que le de una aire nuevo a la pol\u00edtica y a ambas c\u00e1maras\u201d, subray\u00f3 respecto a la composici\u00f3n de la c\u00e1mara.<\/h3>\n<h3><strong>FUERTES CR\u00cdTICAS A CARRI\u00d3<\/strong><\/h3>\n<h3>En otro pasaje de la entrevista, el ministro se hizo eco de los dichos de la dirigente nacional de la Coalici\u00f3n C\u00edvica (ARI), Elisa Carri\u00f3, quien asegur\u00f3 que el objetivo de Milei es derogar la Constituci\u00f3n Nacional. \u201c\u00bfCarri\u00f3 habla con Milei para saber lo que quiere?\u201d, contrapuso Francos.<\/h3>\n<h3>\u201cC\u00f3mo va a decir irresponsablemente que va por la derogaci\u00f3n de la Constituci\u00f3n. Salvo que hable con \u00e9l y no nos hemos enterado, pero la verdad es que Milei tiene un respeto absoluto dentro de los poderes del Estado y jam\u00e1s ha hablado de una reforma de la constituci\u00f3n y eso que la necesita reformas\u201d, desarroll\u00f3.<\/h3>\n<h3>Por \u00faltimo, sostuvo que \u201cCarri\u00f3 ha dicho tantas barbaridades en su vida p\u00fablica, que ahora que est\u00e1 medio retirada parece que los sigue diciendo\u201d, y calific\u00f3 sus expresiones como \u201cuna falta de respeto\u201d.<\/h3>\n<p>&nbsp;<\/p>\n<p>&nbsp;<\/p>\n<p>&nbsp;<\/p>\n<p>&nbsp;<\/p>\n","protected":false},"excerpt":{"rendered":"<p>El ministro del Interior, Guillermo Francos, calific\u00f3 de \u201cerror enorme\u201d la suba salarial en la&#8230;<\/p>\n","protected":false},"author":1,"featured_media":9499,"comment_status":"closed","ping_status":"closed","sticky":false,"template":"","format":"standard","meta":{"footnotes":""},"categories":[5],"tags":[],"class_list":["post-14993","post","type-post","status-publish","format-standard","has-post-thumbnail","hentry","category-nacionales-internacionales"],"yoast_head":"<!-- This site is optimized with the Yoast SEO plugin v26.1.1 - https:\/\/yoast.com\/wordpress\/plugins\/seo\/ -->\n<title>FRANCOS CALIFIC\u00d3 DE ERROR EL AUMENTO SALARIAL EN EL SENADO Y ADMITI\u00d3 QUE MILEI TEN\u00cdA CONOCIMIENTO - Apuntes de San Luis<\/title>\n<meta name=\"robots\" content=\"index, follow, max-snippet:-1, max-image-preview:large, max-video-preview:-1\" \/>\n<link rel=\"canonical\" href=\"https:\/\/apuntesdesanluis.com\/index.php\/2024\/04\/21\/francos-califico-de-error-el-aumento-salarial-en-el-senado-y-admitio-que-milei-tenia-conocimiento\/\" \/>\n<meta property=\"og:locale\" content=\"es_ES\" \/>\n<meta property=\"og:type\" content=\"article\" \/>\n<meta property=\"og:title\" content=\"FRANCOS CALIFIC\u00d3 DE ERROR EL AUMENTO SALARIAL EN EL SENADO Y ADMITI\u00d3 QUE MILEI TEN\u00cdA CONOCIMIENTO - Apuntes de San Luis\" \/>\n<meta property=\"og:description\" content=\"El ministro del Interior, Guillermo Francos, calific\u00f3 de \u201cerror enorme\u201d la suba salarial en la...\" \/>\n<meta property=\"og:url\" content=\"https:\/\/apuntesdesanluis.com\/index.php\/2024\/04\/21\/francos-califico-de-error-el-aumento-salarial-en-el-senado-y-admitio-que-milei-tenia-conocimiento\/\" \/>\n<meta property=\"og:site_name\" content=\"Apuntes de San Luis\" \/>\n<meta property=\"article:published_time\" content=\"2024-04-22T02:48:34+00:00\" \/>\n<meta property=\"og:image\" content=\"https:\/\/apuntesdesanluis.com\/wp-content\/uploads\/2024\/01\/guillermo-francos.png\" \/>\n\t<meta property=\"og:image:width\" content=\"802\" \/>\n\t<meta property=\"og:image:height\" content=\"543\" \/>\n\t<meta property=\"og:image:type\" content=\"image\/png\" \/>\n<meta name=\"author\" content=\"apuntesdesanluis.com\" \/>\n<meta name=\"twitter:card\" content=\"summary_large_image\" \/>\n<meta name=\"twitter:label1\" content=\"Escrito por\" \/>\n\t<meta name=\"twitter:data1\" content=\"apuntesdesanluis.com\" \/>\n\t<meta name=\"twitter:label2\" content=\"Tiempo de lectura\" \/>\n\t<meta name=\"twitter:data2\" content=\"3 minutos\" \/>\n<script type=\"application\/ld+json\" class=\"yoast-schema-graph\">{\"@context\":\"https:\/\/schema.org\",\"@graph\":[{\"@type\":\"Article\",\"@id\":\"https:\/\/apuntesdesanluis.com\/index.php\/2024\/04\/21\/francos-califico-de-error-el-aumento-salarial-en-el-senado-y-admitio-que-milei-tenia-conocimiento\/#article\",\"isPartOf\":{\"@id\":\"https:\/\/apuntesdesanluis.com\/index.php\/2024\/04\/21\/francos-califico-de-error-el-aumento-salarial-en-el-senado-y-admitio-que-milei-tenia-conocimiento\/\"},\"author\":{\"name\":\"apuntesdesanluis.com\",\"@id\":\"https:\/\/apuntesdesanluis.com\/#\/schema\/person\/b55151d52296fcce64d1a72538a70b90\"},\"headline\":\"FRANCOS CALIFIC\u00d3 DE ERROR EL AUMENTO SALARIAL EN EL SENADO Y ADMITI\u00d3 QUE MILEI TEN\u00cdA CONOCIMIENTO\",\"datePublished\":\"2024-04-22T02:48:34+00:00\",\"mainEntityOfPage\":{\"@id\":\"https:\/\/apuntesdesanluis.com\/index.php\/2024\/04\/21\/francos-califico-de-error-el-aumento-salarial-en-el-senado-y-admitio-que-milei-tenia-conocimiento\/\"},\"wordCount\":490,\"publisher\":{\"@id\":\"https:\/\/apuntesdesanluis.com\/#\/schema\/person\/b55151d52296fcce64d1a72538a70b90\"},\"image\":{\"@id\":\"https:\/\/apuntesdesanluis.com\/index.php\/2024\/04\/21\/francos-califico-de-error-el-aumento-salarial-en-el-senado-y-admitio-que-milei-tenia-conocimiento\/#primaryimage\"},\"thumbnailUrl\":\"https:\/\/apuntesdesanluis.com\/wp-content\/uploads\/2024\/01\/guillermo-francos.png\",\"articleSection\":[\"Nacionales\/Internacionales\"],\"inLanguage\":\"es-AR\"},{\"@type\":\"WebPage\",\"@id\":\"https:\/\/apuntesdesanluis.com\/index.php\/2024\/04\/21\/francos-califico-de-error-el-aumento-salarial-en-el-senado-y-admitio-que-milei-tenia-conocimiento\/\",\"url\":\"https:\/\/apuntesdesanluis.com\/index.php\/2024\/04\/21\/francos-califico-de-error-el-aumento-salarial-en-el-senado-y-admitio-que-milei-tenia-conocimiento\/\",\"name\":\"FRANCOS CALIFIC\u00d3 DE ERROR EL AUMENTO SALARIAL EN EL SENADO Y ADMITI\u00d3 QUE MILEI TEN\u00cdA CONOCIMIENTO - Apuntes de San Luis\",\"isPartOf\":{\"@id\":\"https:\/\/apuntesdesanluis.com\/#website\"},\"primaryImageOfPage\":{\"@id\":\"https:\/\/apuntesdesanluis.com\/index.php\/2024\/04\/21\/francos-califico-de-error-el-aumento-salarial-en-el-senado-y-admitio-que-milei-tenia-conocimiento\/#primaryimage\"},\"image\":{\"@id\":\"https:\/\/apuntesdesanluis.com\/index.php\/2024\/04\/21\/francos-califico-de-error-el-aumento-salarial-en-el-senado-y-admitio-que-milei-tenia-conocimiento\/#primaryimage\"},\"thumbnailUrl\":\"https:\/\/apuntesdesanluis.com\/wp-content\/uploads\/2024\/01\/guillermo-francos.png\",\"datePublished\":\"2024-04-22T02:48:34+00:00\",\"breadcrumb\":{\"@id\":\"https:\/\/apuntesdesanluis.com\/index.php\/2024\/04\/21\/francos-califico-de-error-el-aumento-salarial-en-el-senado-y-admitio-que-milei-tenia-conocimiento\/#breadcrumb\"},\"inLanguage\":\"es-AR\",\"potentialAction\":[{\"@type\":\"ReadAction\",\"target\":[\"https:\/\/apuntesdesanluis.com\/index.php\/2024\/04\/21\/francos-califico-de-error-el-aumento-salarial-en-el-senado-y-admitio-que-milei-tenia-conocimiento\/\"]}]},{\"@type\":\"ImageObject\",\"inLanguage\":\"es-AR\",\"@id\":\"https:\/\/apuntesdesanluis.com\/index.php\/2024\/04\/21\/francos-califico-de-error-el-aumento-salarial-en-el-senado-y-admitio-que-milei-tenia-conocimiento\/#primaryimage\",\"url\":\"https:\/\/apuntesdesanluis.com\/wp-content\/uploads\/2024\/01\/guillermo-francos.png\",\"contentUrl\":\"https:\/\/apuntesdesanluis.com\/wp-content\/uploads\/2024\/01\/guillermo-francos.png\",\"width\":802,\"height\":543},{\"@type\":\"BreadcrumbList\",\"@id\":\"https:\/\/apuntesdesanluis.com\/index.php\/2024\/04\/21\/francos-califico-de-error-el-aumento-salarial-en-el-senado-y-admitio-que-milei-tenia-conocimiento\/#breadcrumb\",\"itemListElement\":[{\"@type\":\"ListItem\",\"position\":1,\"name\":\"Inicio\",\"item\":\"https:\/\/apuntesdesanluis.com\/\"},{\"@type\":\"ListItem\",\"position\":2,\"name\":\"FRANCOS CALIFIC\u00d3 DE ERROR EL AUMENTO SALARIAL EN EL SENADO Y ADMITI\u00d3 QUE MILEI TEN\u00cdA CONOCIMIENTO\"}]},{\"@type\":\"WebSite\",\"@id\":\"https:\/\/apuntesdesanluis.com\/#website\",\"url\":\"https:\/\/apuntesdesanluis.com\/\",\"name\":\"Apuntes de San Luis\",\"description\":\"\",\"publisher\":{\"@id\":\"https:\/\/apuntesdesanluis.com\/#\/schema\/person\/b55151d52296fcce64d1a72538a70b90\"},\"potentialAction\":[{\"@type\":\"SearchAction\",\"target\":{\"@type\":\"EntryPoint\",\"urlTemplate\":\"https:\/\/apuntesdesanluis.com\/?s={search_term_string}\"},\"query-input\":{\"@type\":\"PropertyValueSpecification\",\"valueRequired\":true,\"valueName\":\"search_term_string\"}}],\"inLanguage\":\"es-AR\"},{\"@type\":[\"Person\",\"Organization\"],\"@id\":\"https:\/\/apuntesdesanluis.com\/#\/schema\/person\/b55151d52296fcce64d1a72538a70b90\",\"name\":\"apuntesdesanluis.com\",\"image\":{\"@type\":\"ImageObject\",\"inLanguage\":\"es-AR\",\"@id\":\"https:\/\/apuntesdesanluis.com\/#\/schema\/person\/image\/\",\"url\":\"https:\/\/apuntesdesanluis.com\/wp-content\/uploads\/2023\/07\/cropped-apuntesdesanluis.png\",\"contentUrl\":\"https:\/\/apuntesdesanluis.com\/wp-content\/uploads\/2023\/07\/cropped-apuntesdesanluis.png\",\"width\":450,\"height\":112,\"caption\":\"apuntesdesanluis.com\"},\"logo\":{\"@id\":\"https:\/\/apuntesdesanluis.com\/#\/schema\/person\/image\/\"},\"sameAs\":[\"https:\/\/apuntesdesanluis.com\"],\"url\":\"https:\/\/apuntesdesanluis.com\/index.php\/author\/apuntesdesanluis-com\/\"}]}<\/script>\n<!-- \/ Yoast SEO plugin. -->","yoast_head_json":{"title":"FRANCOS CALIFIC\u00d3 DE ERROR EL AUMENTO SALARIAL EN EL SENADO Y ADMITI\u00d3 QUE MILEI TEN\u00cdA CONOCIMIENTO - Apuntes de San Luis","robots":{"index":"index","follow":"follow","max-snippet":"max-snippet:-1","max-image-preview":"max-image-preview:large","max-video-preview":"max-video-preview:-1"},"canonical":"https:\/\/apuntesdesanluis.com\/index.php\/2024\/04\/21\/francos-califico-de-error-el-aumento-salarial-en-el-senado-y-admitio-que-milei-tenia-conocimiento\/","og_locale":"es_ES","og_type":"article","og_title":"FRANCOS CALIFIC\u00d3 DE ERROR EL AUMENTO SALARIAL EN EL SENADO Y ADMITI\u00d3 QUE MILEI TEN\u00cdA CONOCIMIENTO - Apuntes de San Luis","og_description":"El ministro del Interior, Guillermo Francos, calific\u00f3 de \u201cerror enorme\u201d la suba salarial en la...","og_url":"https:\/\/apuntesdesanluis.com\/index.php\/2024\/04\/21\/francos-califico-de-error-el-aumento-salarial-en-el-senado-y-admitio-que-milei-tenia-conocimiento\/","og_site_name":"Apuntes de San Luis","article_published_time":"2024-04-22T02:48:34+00:00","og_image":[{"width":802,"height":543,"url":"https:\/\/apuntesdesanluis.com\/wp-content\/uploads\/2024\/01\/guillermo-francos.png","type":"image\/png"}],"author":"apuntesdesanluis.com","twitter_card":"summary_large_image","twitter_misc":{"Escrito por":"apuntesdesanluis.com","Tiempo de lectura":"3 minutos"},"schema":{"@context":"https:\/\/schema.org","@graph":[{"@type":"Article","@id":"https:\/\/apuntesdesanluis.com\/index.php\/2024\/04\/21\/francos-califico-de-error-el-aumento-salarial-en-el-senado-y-admitio-que-milei-tenia-conocimiento\/#article","isPartOf":{"@id":"https:\/\/apuntesdesanluis.com\/index.php\/2024\/04\/21\/francos-califico-de-error-el-aumento-salarial-en-el-senado-y-admitio-que-milei-tenia-conocimiento\/"},"author":{"name":"apuntesdesanluis.com","@id":"https:\/\/apuntesdesanluis.com\/#\/schema\/person\/b55151d52296fcce64d1a72538a70b90"},"headline":"FRANCOS CALIFIC\u00d3 DE ERROR EL AUMENTO SALARIAL EN EL SENADO Y ADMITI\u00d3 QUE MILEI TEN\u00cdA CONOCIMIENTO","datePublished":"2024-04-22T02:48:34+00:00","mainEntityOfPage":{"@id":"https:\/\/apuntesdesanluis.com\/index.php\/2024\/04\/21\/francos-califico-de-error-el-aumento-salarial-en-el-senado-y-admitio-que-milei-tenia-conocimiento\/"},"wordCount":490,"publisher":{"@id":"https:\/\/apuntesdesanluis.com\/#\/schema\/person\/b55151d52296fcce64d1a72538a70b90"},"image":{"@id":"https:\/\/apuntesdesanluis.com\/index.php\/2024\/04\/21\/francos-califico-de-error-el-aumento-salarial-en-el-senado-y-admitio-que-milei-tenia-conocimiento\/#primaryimage"},"thumbnailUrl":"https:\/\/apuntesdesanluis.com\/wp-content\/uploads\/2024\/01\/guillermo-francos.png","articleSection":["Nacionales\/Internacionales"],"inLanguage":"es-AR"},{"@type":"WebPage","@id":"https:\/\/apuntesdesanluis.com\/index.php\/2024\/04\/21\/francos-califico-de-error-el-aumento-salarial-en-el-senado-y-admitio-que-milei-tenia-conocimiento\/","url":"https:\/\/apuntesdesanluis.com\/index.php\/2024\/04\/21\/francos-califico-de-error-el-aumento-salarial-en-el-senado-y-admitio-que-milei-tenia-conocimiento\/","name":"FRANCOS CALIFIC\u00d3 DE ERROR EL AUMENTO SALARIAL EN EL SENADO Y ADMITI\u00d3 QUE MILEI TEN\u00cdA CONOCIMIENTO - Apuntes de San Luis","isPartOf":{"@id":"https:\/\/apuntesdesanluis.com\/#website"},"primaryImageOfPage":{"@id":"https:\/\/apuntesdesanluis.com\/index.php\/2024\/04\/21\/francos-califico-de-error-el-aumento-salarial-en-el-senado-y-admitio-que-milei-tenia-conocimiento\/#primaryimage"},"image":{"@id":"https:\/\/apuntesdesanluis.com\/index.php\/2024\/04\/21\/francos-califico-de-error-el-aumento-salarial-en-el-senado-y-admitio-que-milei-tenia-conocimiento\/#primaryimage"},"thumbnailUrl":"https:\/\/apuntesdesanluis.com\/wp-content\/uploads\/2024\/01\/guillermo-francos.png","datePublished":"2024-04-22T02:48:34+00:00","breadcrumb":{"@id":"https:\/\/apuntesdesanluis.com\/index.php\/2024\/04\/21\/francos-califico-de-error-el-aumento-salarial-en-el-senado-y-admitio-que-milei-tenia-conocimiento\/#breadcrumb"},"inLanguage":"es-AR","potentialAction":[{"@type":"ReadAction","target":["https:\/\/apuntesdesanluis.com\/index.php\/2024\/04\/21\/francos-califico-de-error-el-aumento-salarial-en-el-senado-y-admitio-que-milei-tenia-conocimiento\/"]}]},{"@type":"ImageObject","inLanguage":"es-AR","@id":"https:\/\/apuntesdesanluis.com\/index.php\/2024\/04\/21\/francos-califico-de-error-el-aumento-salarial-en-el-senado-y-admitio-que-milei-tenia-conocimiento\/#primaryimage","url":"https:\/\/apuntesdesanluis.com\/wp-content\/uploads\/2024\/01\/guillermo-francos.png","contentUrl":"https:\/\/apuntesdesanluis.com\/wp-content\/uploads\/2024\/01\/guillermo-francos.png","width":802,"height":543},{"@type":"BreadcrumbList","@id":"https:\/\/apuntesdesanluis.com\/index.php\/2024\/04\/21\/francos-califico-de-error-el-aumento-salarial-en-el-senado-y-admitio-que-milei-tenia-conocimiento\/#breadcrumb","itemListElement":[{"@type":"ListItem","position":1,"name":"Inicio","item":"https:\/\/apuntesdesanluis.com\/"},{"@type":"ListItem","position":2,"name":"FRANCOS CALIFIC\u00d3 DE ERROR EL AUMENTO SALARIAL EN EL SENADO Y ADMITI\u00d3 QUE MILEI TEN\u00cdA CONOCIMIENTO"}]},{"@type":"WebSite","@id":"https:\/\/apuntesdesanluis.com\/#website","url":"https:\/\/apuntesdesanluis.com\/","name":"Apuntes de San Luis","description":"","publisher":{"@id":"https:\/\/apuntesdesanluis.com\/#\/schema\/person\/b55151d52296fcce64d1a72538a70b90"},"potentialAction":[{"@type":"SearchAction","target":{"@type":"EntryPoint","urlTemplate":"https:\/\/apuntesdesanluis.com\/?s={search_term_string}"},"query-input":{"@type":"PropertyValueSpecification","valueRequired":true,"valueName":"search_term_string"}}],"inLanguage":"es-AR"},{"@type":["Person","Organization"],"@id":"https:\/\/apuntesdesanluis.com\/#\/schema\/person\/b55151d52296fcce64d1a72538a70b90","name":"apuntesdesanluis.com","image":{"@type":"ImageObject","inLanguage":"es-AR","@id":"https:\/\/apuntesdesanluis.com\/#\/schema\/person\/image\/","url":"https:\/\/apuntesdesanluis.com\/wp-content\/uploads\/2023\/07\/cropped-apuntesdesanluis.png","contentUrl":"https:\/\/apuntesdesanluis.com\/wp-content\/uploads\/2023\/07\/cropped-apuntesdesanluis.png","width":450,"height":112,"caption":"apuntesdesanluis.com"},"logo":{"@id":"https:\/\/apuntesdesanluis.com\/#\/schema\/person\/image\/"},"sameAs":["https:\/\/apuntesdesanluis.com"],"url":"https:\/\/apuntesdesanluis.com\/index.php\/author\/apuntesdesanluis-com\/"}]}},"featured_image_urls":{"full":["https:\/\/apuntesdesanluis.com\/wp-content\/uploads\/2024\/01\/guillermo-francos.png",802,543,false],"thumbnail":["https:\/\/apuntesdesanluis.com\/wp-content\/uploads\/2024\/01\/guillermo-francos-150x150.png",150,150,true],"medium":["https:\/\/apuntesdesanluis.com\/wp-content\/uploads\/2024\/01\/guillermo-francos-300x203.png",300,203,true],"medium_large":["https:\/\/apuntesdesanluis.com\/wp-content\/uploads\/2024\/01\/guillermo-francos-768x520.png",640,433,true],"large":["https:\/\/apuntesdesanluis.com\/wp-content\/uploads\/2024\/01\/guillermo-francos.png",640,433,false],"1536x1536":["https:\/\/apuntesdesanluis.com\/wp-content\/uploads\/2024\/01\/guillermo-francos.png",802,543,false],"2048x2048":["https:\/\/apuntesdesanluis.com\/wp-content\/uploads\/2024\/01\/guillermo-francos.png",802,543,false],"newsever-slider-full":["https:\/\/apuntesdesanluis.com\/wp-content\/uploads\/2024\/01\/guillermo-francos.png",802,543,false],"newsever-featured":["https:\/\/apuntesdesanluis.com\/wp-content\/uploads\/2024\/01\/guillermo-francos.png",802,543,false],"newsever-medium":["https:\/\/apuntesdesanluis.com\/wp-content\/uploads\/2024\/01\/guillermo-francos-720x475.png",720,475,true]},"author_info":{"display_name":"apuntesdesanluis.com","author_link":"https:\/\/apuntesdesanluis.com\/index.php\/author\/apuntesdesanluis-com\/"},"category_info":"<a href=\"https:\/\/apuntesdesanluis.com\/index.php\/category\/nacionales-internacionales\/\" rel=\"category tag\">Nacionales\/Internacionales<\/a>","tag_info":"Nacionales\/Internacionales","comment_count":"0","_links":{"self":[{"href":"https:\/\/apuntesdesanluis.com\/index.php\/wp-json\/wp\/v2\/posts\/14993","targetHints":{"allow":["GET"]}}],"collection":[{"href":"https:\/\/apuntesdesanluis.com\/index.php\/wp-json\/wp\/v2\/posts"}],"about":[{"href":"https:\/\/apuntesdesanluis.com\/index.php\/wp-json\/wp\/v2\/types\/post"}],"author":[{"embeddable":true,"href":"https:\/\/apuntesdesanluis.com\/index.php\/wp-json\/wp\/v2\/users\/1"}],"replies":[{"embeddable":true,"href":"https:\/\/apuntesdesanluis.com\/index.php\/wp-json\/wp\/v2\/comments?post=14993"}],"version-history":[{"count":1,"href":"https:\/\/apuntesdesanluis.com\/index.php\/wp-json\/wp\/v2\/posts\/14993\/revisions"}],"predecessor-version":[{"id":14994,"href":"https:\/\/apuntesdesanluis.com\/index.php\/wp-json\/wp\/v2\/posts\/14993\/revisions\/14994"}],"wp:featuredmedia":[{"embeddable":true,"href":"https:\/\/apuntesdesanluis.com\/index.php\/wp-json\/wp\/v2\/media\/9499"}],"wp:attachment":[{"href":"https:\/\/apuntesdesanluis.com\/index.php\/wp-json\/wp\/v2\/media?parent=14993"}],"wp:term":[{"taxonomy":"category","embeddable":true,"href":"https:\/\/apuntesdesanluis.com\/index.php\/wp-json\/wp\/v2\/categories?post=14993"},{"taxonomy":"post_tag","embeddable":true,"href":"https:\/\/apuntesdesanluis.com\/index.php\/wp-json\/wp\/v2\/tags?post=14993"}],"curies":[{"name":"wp","href":"https:\/\/api.w.org\/{rel}","templated":true}]}}