{"id":14995,"date":"2024-04-20T23:49:36","date_gmt":"2024-04-21T02:49:36","guid":{"rendered":"https:\/\/apuntesdesanluis.com\/?p=14995"},"modified":"2024-04-21T23:53:39","modified_gmt":"2024-04-22T02:53:39","slug":"pasaron-a-disponibilidad-a-un-efectivo-de-la-policia-de-san-luis-que-transportaba-marihuana","status":"publish","type":"post","link":"https:\/\/apuntesdesanluis.com\/index.php\/2024\/04\/20\/pasaron-a-disponibilidad-a-un-efectivo-de-la-policia-de-san-luis-que-transportaba-marihuana\/","title":{"rendered":"PASARON A DISPONIBILIDAD A UN EFECTIVO DE LA POLIC\u00cdA DE SAN LUIS QUE TRANSPORTABA MARIHUANA"},"content":{"rendered":"<h3>El jefe de la Polic\u00eda de San Luis, Comisario General (RV) <strong>Pablo Vieytes<\/strong>, orden\u00f3 el inicio de actuaciones administrativas a trav\u00e9s de la Direcci\u00f3n General de Asuntos Internos Asuntos Internos y el pase a disponibilidad, mientras se sustancien los autos, de un efectivo policial con rango de oficial ayudante, el cual presta servicios en la Polic\u00eda Ciudadana.<\/h3>\n<h3>El efectivo fue sorprendido y detenido por personal de la Direcci\u00f3n General de Lucha Contra el Narcotr\u00e1fico en inmediaciones de avenida Justo Daract y ruta nacional N\u00b0 147, en la ciudad de San Luis, cuando circulaba en un auto Fiat Uno en compa\u00f1\u00eda de otro sujeto, el cual tambi\u00e9n fue detenido.<\/h3>\n<h3>En base a diferentes tareas investigativas, personal de Lucha Contra el Narcotr\u00e1fico intercept\u00f3 el veh\u00edculo en ese sector de la ciudad y tras una requisa en el veh\u00edculo se encontr\u00f3 un envoltorio de papel con florescencias de marihuana.<\/h3>\n<h3>A diferencia de otras noticias, en las que se informa con precisi\u00f3n cu\u00e1nta carga se trasladaba y cu\u00e1ntas dosis podr\u00edan elaborarse, en esta oportunidad se omiti\u00f3 esa informaci\u00f3n&#8230;<\/h3>\n<h3>La sustancia fue incautada y el auto qued\u00f3 secuestrado.<\/h3>\n<h3>Se le dio intervenci\u00f3n al Juzgado Federal de San Luis, desde donde se orden\u00f3 que ambos sujetos queden detenidos e incomunicados por infracci\u00f3n a la Ley 23.737 de Estupefacientes.<\/h3>\n<p>&nbsp;<\/p>\n<p>&nbsp;<\/p>\n","protected":false},"excerpt":{"rendered":"<p>El jefe de la Polic\u00eda de San Luis, Comisario General (RV) Pablo Vieytes, orden\u00f3 el&#8230;<\/p>\n","protected":false},"author":1,"featured_media":10758,"comment_status":"closed","ping_status":"closed","sticky":false,"template":"","format":"standard","meta":{"footnotes":""},"categories":[6],"tags":[],"class_list":["post-14995","post","type-post","status-publish","format-standard","has-post-thumbnail","hentry","category-ciudad-provincia"],"yoast_head":"<!-- This site is optimized with the Yoast SEO plugin v26.1.1 - https:\/\/yoast.com\/wordpress\/plugins\/seo\/ -->\n<title>PASARON A DISPONIBILIDAD A UN EFECTIVO DE LA POLIC\u00cdA DE SAN LUIS QUE TRANSPORTABA MARIHUANA - Apuntes de San Luis<\/title>\n<meta name=\"robots\" content=\"index, follow, max-snippet:-1, max-image-preview:large, max-video-preview:-1\" \/>\n<link rel=\"canonical\" href=\"https:\/\/apuntesdesanluis.com\/index.php\/2024\/04\/20\/pasaron-a-disponibilidad-a-un-efectivo-de-la-policia-de-san-luis-que-transportaba-marihuana\/\" \/>\n<meta property=\"og:locale\" content=\"es_ES\" \/>\n<meta property=\"og:type\" content=\"article\" \/>\n<meta property=\"og:title\" content=\"PASARON A DISPONIBILIDAD A UN EFECTIVO DE LA POLIC\u00cdA DE SAN LUIS QUE TRANSPORTABA MARIHUANA - Apuntes de San Luis\" \/>\n<meta property=\"og:description\" content=\"El jefe de la Polic\u00eda de San Luis, Comisario General (RV) Pablo Vieytes, orden\u00f3 el...\" \/>\n<meta property=\"og:url\" content=\"https:\/\/apuntesdesanluis.com\/index.php\/2024\/04\/20\/pasaron-a-disponibilidad-a-un-efectivo-de-la-policia-de-san-luis-que-transportaba-marihuana\/\" \/>\n<meta property=\"og:site_name\" content=\"Apuntes de San Luis\" \/>\n<meta property=\"article:published_time\" content=\"2024-04-21T02:49:36+00:00\" \/>\n<meta property=\"article:modified_time\" content=\"2024-04-22T02:53:39+00:00\" \/>\n<meta property=\"og:image\" content=\"https:\/\/apuntesdesanluis.com\/wp-content\/uploads\/2024\/01\/JEFATURA-DE-POLICIA.png\" \/>\n\t<meta property=\"og:image:width\" content=\"541\" \/>\n\t<meta property=\"og:image:height\" content=\"324\" \/>\n\t<meta property=\"og:image:type\" content=\"image\/png\" \/>\n<meta name=\"author\" content=\"apuntesdesanluis.com\" \/>\n<meta name=\"twitter:card\" content=\"summary_large_image\" \/>\n<meta name=\"twitter:label1\" content=\"Escrito por\" \/>\n\t<meta name=\"twitter:data1\" content=\"apuntesdesanluis.com\" \/>\n\t<meta name=\"twitter:label2\" content=\"Tiempo de lectura\" \/>\n\t<meta name=\"twitter:data2\" content=\"1 minuto\" \/>\n<script type=\"application\/ld+json\" class=\"yoast-schema-graph\">{\"@context\":\"https:\/\/schema.org\",\"@graph\":[{\"@type\":\"Article\",\"@id\":\"https:\/\/apuntesdesanluis.com\/index.php\/2024\/04\/20\/pasaron-a-disponibilidad-a-un-efectivo-de-la-policia-de-san-luis-que-transportaba-marihuana\/#article\",\"isPartOf\":{\"@id\":\"https:\/\/apuntesdesanluis.com\/index.php\/2024\/04\/20\/pasaron-a-disponibilidad-a-un-efectivo-de-la-policia-de-san-luis-que-transportaba-marihuana\/\"},\"author\":{\"name\":\"apuntesdesanluis.com\",\"@id\":\"https:\/\/apuntesdesanluis.com\/#\/schema\/person\/b55151d52296fcce64d1a72538a70b90\"},\"headline\":\"PASARON A DISPONIBILIDAD A UN EFECTIVO DE LA POLIC\u00cdA DE SAN LUIS QUE TRANSPORTABA MARIHUANA\",\"datePublished\":\"2024-04-21T02:49:36+00:00\",\"dateModified\":\"2024-04-22T02:53:39+00:00\",\"mainEntityOfPage\":{\"@id\":\"https:\/\/apuntesdesanluis.com\/index.php\/2024\/04\/20\/pasaron-a-disponibilidad-a-un-efectivo-de-la-policia-de-san-luis-que-transportaba-marihuana\/\"},\"wordCount\":246,\"publisher\":{\"@id\":\"https:\/\/apuntesdesanluis.com\/#\/schema\/person\/b55151d52296fcce64d1a72538a70b90\"},\"image\":{\"@id\":\"https:\/\/apuntesdesanluis.com\/index.php\/2024\/04\/20\/pasaron-a-disponibilidad-a-un-efectivo-de-la-policia-de-san-luis-que-transportaba-marihuana\/#primaryimage\"},\"thumbnailUrl\":\"https:\/\/apuntesdesanluis.com\/wp-content\/uploads\/2024\/01\/JEFATURA-DE-POLICIA.png\",\"articleSection\":[\"Ciudad\/Provincia\"],\"inLanguage\":\"es-AR\"},{\"@type\":\"WebPage\",\"@id\":\"https:\/\/apuntesdesanluis.com\/index.php\/2024\/04\/20\/pasaron-a-disponibilidad-a-un-efectivo-de-la-policia-de-san-luis-que-transportaba-marihuana\/\",\"url\":\"https:\/\/apuntesdesanluis.com\/index.php\/2024\/04\/20\/pasaron-a-disponibilidad-a-un-efectivo-de-la-policia-de-san-luis-que-transportaba-marihuana\/\",\"name\":\"PASARON A DISPONIBILIDAD A UN EFECTIVO DE LA POLIC\u00cdA DE SAN LUIS QUE TRANSPORTABA MARIHUANA - Apuntes de San Luis\",\"isPartOf\":{\"@id\":\"https:\/\/apuntesdesanluis.com\/#website\"},\"primaryImageOfPage\":{\"@id\":\"https:\/\/apuntesdesanluis.com\/index.php\/2024\/04\/20\/pasaron-a-disponibilidad-a-un-efectivo-de-la-policia-de-san-luis-que-transportaba-marihuana\/#primaryimage\"},\"image\":{\"@id\":\"https:\/\/apuntesdesanluis.com\/index.php\/2024\/04\/20\/pasaron-a-disponibilidad-a-un-efectivo-de-la-policia-de-san-luis-que-transportaba-marihuana\/#primaryimage\"},\"thumbnailUrl\":\"https:\/\/apuntesdesanluis.com\/wp-content\/uploads\/2024\/01\/JEFATURA-DE-POLICIA.png\",\"datePublished\":\"2024-04-21T02:49:36+00:00\",\"dateModified\":\"2024-04-22T02:53:39+00:00\",\"breadcrumb\":{\"@id\":\"https:\/\/apuntesdesanluis.com\/index.php\/2024\/04\/20\/pasaron-a-disponibilidad-a-un-efectivo-de-la-policia-de-san-luis-que-transportaba-marihuana\/#breadcrumb\"},\"inLanguage\":\"es-AR\",\"potentialAction\":[{\"@type\":\"ReadAction\",\"target\":[\"https:\/\/apuntesdesanluis.com\/index.php\/2024\/04\/20\/pasaron-a-disponibilidad-a-un-efectivo-de-la-policia-de-san-luis-que-transportaba-marihuana\/\"]}]},{\"@type\":\"ImageObject\",\"inLanguage\":\"es-AR\",\"@id\":\"https:\/\/apuntesdesanluis.com\/index.php\/2024\/04\/20\/pasaron-a-disponibilidad-a-un-efectivo-de-la-policia-de-san-luis-que-transportaba-marihuana\/#primaryimage\",\"url\":\"https:\/\/apuntesdesanluis.com\/wp-content\/uploads\/2024\/01\/JEFATURA-DE-POLICIA.png\",\"contentUrl\":\"https:\/\/apuntesdesanluis.com\/wp-content\/uploads\/2024\/01\/JEFATURA-DE-POLICIA.png\",\"width\":541,\"height\":324},{\"@type\":\"BreadcrumbList\",\"@id\":\"https:\/\/apuntesdesanluis.com\/index.php\/2024\/04\/20\/pasaron-a-disponibilidad-a-un-efectivo-de-la-policia-de-san-luis-que-transportaba-marihuana\/#breadcrumb\",\"itemListElement\":[{\"@type\":\"ListItem\",\"position\":1,\"name\":\"Inicio\",\"item\":\"https:\/\/apuntesdesanluis.com\/\"},{\"@type\":\"ListItem\",\"position\":2,\"name\":\"PASARON A DISPONIBILIDAD A UN EFECTIVO DE LA POLIC\u00cdA DE SAN LUIS QUE TRANSPORTABA MARIHUANA\"}]},{\"@type\":\"WebSite\",\"@id\":\"https:\/\/apuntesdesanluis.com\/#website\",\"url\":\"https:\/\/apuntesdesanluis.com\/\",\"name\":\"Apuntes de San Luis\",\"description\":\"\",\"publisher\":{\"@id\":\"https:\/\/apuntesdesanluis.com\/#\/schema\/person\/b55151d52296fcce64d1a72538a70b90\"},\"potentialAction\":[{\"@type\":\"SearchAction\",\"target\":{\"@type\":\"EntryPoint\",\"urlTemplate\":\"https:\/\/apuntesdesanluis.com\/?s={search_term_string}\"},\"query-input\":{\"@type\":\"PropertyValueSpecification\",\"valueRequired\":true,\"valueName\":\"search_term_string\"}}],\"inLanguage\":\"es-AR\"},{\"@type\":[\"Person\",\"Organization\"],\"@id\":\"https:\/\/apuntesdesanluis.com\/#\/schema\/person\/b55151d52296fcce64d1a72538a70b90\",\"name\":\"apuntesdesanluis.com\",\"image\":{\"@type\":\"ImageObject\",\"inLanguage\":\"es-AR\",\"@id\":\"https:\/\/apuntesdesanluis.com\/#\/schema\/person\/image\/\",\"url\":\"https:\/\/apuntesdesanluis.com\/wp-content\/uploads\/2023\/07\/cropped-apuntesdesanluis.png\",\"contentUrl\":\"https:\/\/apuntesdesanluis.com\/wp-content\/uploads\/2023\/07\/cropped-apuntesdesanluis.png\",\"width\":450,\"height\":112,\"caption\":\"apuntesdesanluis.com\"},\"logo\":{\"@id\":\"https:\/\/apuntesdesanluis.com\/#\/schema\/person\/image\/\"},\"sameAs\":[\"https:\/\/apuntesdesanluis.com\"],\"url\":\"https:\/\/apuntesdesanluis.com\/index.php\/author\/apuntesdesanluis-com\/\"}]}<\/script>\n<!-- \/ Yoast SEO plugin. -->","yoast_head_json":{"title":"PASARON A DISPONIBILIDAD A UN EFECTIVO DE LA POLIC\u00cdA DE SAN LUIS QUE TRANSPORTABA MARIHUANA - Apuntes de San Luis","robots":{"index":"index","follow":"follow","max-snippet":"max-snippet:-1","max-image-preview":"max-image-preview:large","max-video-preview":"max-video-preview:-1"},"canonical":"https:\/\/apuntesdesanluis.com\/index.php\/2024\/04\/20\/pasaron-a-disponibilidad-a-un-efectivo-de-la-policia-de-san-luis-que-transportaba-marihuana\/","og_locale":"es_ES","og_type":"article","og_title":"PASARON A DISPONIBILIDAD A UN EFECTIVO DE LA POLIC\u00cdA DE SAN LUIS QUE TRANSPORTABA MARIHUANA - Apuntes de San Luis","og_description":"El jefe de la Polic\u00eda de San Luis, Comisario General (RV) Pablo Vieytes, orden\u00f3 el...","og_url":"https:\/\/apuntesdesanluis.com\/index.php\/2024\/04\/20\/pasaron-a-disponibilidad-a-un-efectivo-de-la-policia-de-san-luis-que-transportaba-marihuana\/","og_site_name":"Apuntes de San Luis","article_published_time":"2024-04-21T02:49:36+00:00","article_modified_time":"2024-04-22T02:53:39+00:00","og_image":[{"width":541,"height":324,"url":"https:\/\/apuntesdesanluis.com\/wp-content\/uploads\/2024\/01\/JEFATURA-DE-POLICIA.png","type":"image\/png"}],"author":"apuntesdesanluis.com","twitter_card":"summary_large_image","twitter_misc":{"Escrito por":"apuntesdesanluis.com","Tiempo de lectura":"1 minuto"},"schema":{"@context":"https:\/\/schema.org","@graph":[{"@type":"Article","@id":"https:\/\/apuntesdesanluis.com\/index.php\/2024\/04\/20\/pasaron-a-disponibilidad-a-un-efectivo-de-la-policia-de-san-luis-que-transportaba-marihuana\/#article","isPartOf":{"@id":"https:\/\/apuntesdesanluis.com\/index.php\/2024\/04\/20\/pasaron-a-disponibilidad-a-un-efectivo-de-la-policia-de-san-luis-que-transportaba-marihuana\/"},"author":{"name":"apuntesdesanluis.com","@id":"https:\/\/apuntesdesanluis.com\/#\/schema\/person\/b55151d52296fcce64d1a72538a70b90"},"headline":"PASARON A DISPONIBILIDAD A UN EFECTIVO DE LA POLIC\u00cdA DE SAN LUIS QUE TRANSPORTABA MARIHUANA","datePublished":"2024-04-21T02:49:36+00:00","dateModified":"2024-04-22T02:53:39+00:00","mainEntityOfPage":{"@id":"https:\/\/apuntesdesanluis.com\/index.php\/2024\/04\/20\/pasaron-a-disponibilidad-a-un-efectivo-de-la-policia-de-san-luis-que-transportaba-marihuana\/"},"wordCount":246,"publisher":{"@id":"https:\/\/apuntesdesanluis.com\/#\/schema\/person\/b55151d52296fcce64d1a72538a70b90"},"image":{"@id":"https:\/\/apuntesdesanluis.com\/index.php\/2024\/04\/20\/pasaron-a-disponibilidad-a-un-efectivo-de-la-policia-de-san-luis-que-transportaba-marihuana\/#primaryimage"},"thumbnailUrl":"https:\/\/apuntesdesanluis.com\/wp-content\/uploads\/2024\/01\/JEFATURA-DE-POLICIA.png","articleSection":["Ciudad\/Provincia"],"inLanguage":"es-AR"},{"@type":"WebPage","@id":"https:\/\/apuntesdesanluis.com\/index.php\/2024\/04\/20\/pasaron-a-disponibilidad-a-un-efectivo-de-la-policia-de-san-luis-que-transportaba-marihuana\/","url":"https:\/\/apuntesdesanluis.com\/index.php\/2024\/04\/20\/pasaron-a-disponibilidad-a-un-efectivo-de-la-policia-de-san-luis-que-transportaba-marihuana\/","name":"PASARON A DISPONIBILIDAD A UN EFECTIVO DE LA POLIC\u00cdA DE SAN LUIS QUE TRANSPORTABA MARIHUANA - Apuntes de San Luis","isPartOf":{"@id":"https:\/\/apuntesdesanluis.com\/#website"},"primaryImageOfPage":{"@id":"https:\/\/apuntesdesanluis.com\/index.php\/2024\/04\/20\/pasaron-a-disponibilidad-a-un-efectivo-de-la-policia-de-san-luis-que-transportaba-marihuana\/#primaryimage"},"image":{"@id":"https:\/\/apuntesdesanluis.com\/index.php\/2024\/04\/20\/pasaron-a-disponibilidad-a-un-efectivo-de-la-policia-de-san-luis-que-transportaba-marihuana\/#primaryimage"},"thumbnailUrl":"https:\/\/apuntesdesanluis.com\/wp-content\/uploads\/2024\/01\/JEFATURA-DE-POLICIA.png","datePublished":"2024-04-21T02:49:36+00:00","dateModified":"2024-04-22T02:53:39+00:00","breadcrumb":{"@id":"https:\/\/apuntesdesanluis.com\/index.php\/2024\/04\/20\/pasaron-a-disponibilidad-a-un-efectivo-de-la-policia-de-san-luis-que-transportaba-marihuana\/#breadcrumb"},"inLanguage":"es-AR","potentialAction":[{"@type":"ReadAction","target":["https:\/\/apuntesdesanluis.com\/index.php\/2024\/04\/20\/pasaron-a-disponibilidad-a-un-efectivo-de-la-policia-de-san-luis-que-transportaba-marihuana\/"]}]},{"@type":"ImageObject","inLanguage":"es-AR","@id":"https:\/\/apuntesdesanluis.com\/index.php\/2024\/04\/20\/pasaron-a-disponibilidad-a-un-efectivo-de-la-policia-de-san-luis-que-transportaba-marihuana\/#primaryimage","url":"https:\/\/apuntesdesanluis.com\/wp-content\/uploads\/2024\/01\/JEFATURA-DE-POLICIA.png","contentUrl":"https:\/\/apuntesdesanluis.com\/wp-content\/uploads\/2024\/01\/JEFATURA-DE-POLICIA.png","width":541,"height":324},{"@type":"BreadcrumbList","@id":"https:\/\/apuntesdesanluis.com\/index.php\/2024\/04\/20\/pasaron-a-disponibilidad-a-un-efectivo-de-la-policia-de-san-luis-que-transportaba-marihuana\/#breadcrumb","itemListElement":[{"@type":"ListItem","position":1,"name":"Inicio","item":"https:\/\/apuntesdesanluis.com\/"},{"@type":"ListItem","position":2,"name":"PASARON A DISPONIBILIDAD A UN EFECTIVO DE LA POLIC\u00cdA DE SAN LUIS QUE TRANSPORTABA MARIHUANA"}]},{"@type":"WebSite","@id":"https:\/\/apuntesdesanluis.com\/#website","url":"https:\/\/apuntesdesanluis.com\/","name":"Apuntes de San Luis","description":"","publisher":{"@id":"https:\/\/apuntesdesanluis.com\/#\/schema\/person\/b55151d52296fcce64d1a72538a70b90"},"potentialAction":[{"@type":"SearchAction","target":{"@type":"EntryPoint","urlTemplate":"https:\/\/apuntesdesanluis.com\/?s={search_term_string}"},"query-input":{"@type":"PropertyValueSpecification","valueRequired":true,"valueName":"search_term_string"}}],"inLanguage":"es-AR"},{"@type":["Person","Organization"],"@id":"https:\/\/apuntesdesanluis.com\/#\/schema\/person\/b55151d52296fcce64d1a72538a70b90","name":"apuntesdesanluis.com","image":{"@type":"ImageObject","inLanguage":"es-AR","@id":"https:\/\/apuntesdesanluis.com\/#\/schema\/person\/image\/","url":"https:\/\/apuntesdesanluis.com\/wp-content\/uploads\/2023\/07\/cropped-apuntesdesanluis.png","contentUrl":"https:\/\/apuntesdesanluis.com\/wp-content\/uploads\/2023\/07\/cropped-apuntesdesanluis.png","width":450,"height":112,"caption":"apuntesdesanluis.com"},"logo":{"@id":"https:\/\/apuntesdesanluis.com\/#\/schema\/person\/image\/"},"sameAs":["https:\/\/apuntesdesanluis.com"],"url":"https:\/\/apuntesdesanluis.com\/index.php\/author\/apuntesdesanluis-com\/"}]}},"featured_image_urls":{"full":["https:\/\/apuntesdesanluis.com\/wp-content\/uploads\/2024\/01\/JEFATURA-DE-POLICIA.png",541,324,false],"thumbnail":["https:\/\/apuntesdesanluis.com\/wp-content\/uploads\/2024\/01\/JEFATURA-DE-POLICIA-150x150.png",150,150,true],"medium":["https:\/\/apuntesdesanluis.com\/wp-content\/uploads\/2024\/01\/JEFATURA-DE-POLICIA-300x180.png",300,180,true],"medium_large":["https:\/\/apuntesdesanluis.com\/wp-content\/uploads\/2024\/01\/JEFATURA-DE-POLICIA.png",541,324,false],"large":["https:\/\/apuntesdesanluis.com\/wp-content\/uploads\/2024\/01\/JEFATURA-DE-POLICIA.png",541,324,false],"1536x1536":["https:\/\/apuntesdesanluis.com\/wp-content\/uploads\/2024\/01\/JEFATURA-DE-POLICIA.png",541,324,false],"2048x2048":["https:\/\/apuntesdesanluis.com\/wp-content\/uploads\/2024\/01\/JEFATURA-DE-POLICIA.png",541,324,false],"newsever-slider-full":["https:\/\/apuntesdesanluis.com\/wp-content\/uploads\/2024\/01\/JEFATURA-DE-POLICIA.png",541,324,false],"newsever-featured":["https:\/\/apuntesdesanluis.com\/wp-content\/uploads\/2024\/01\/JEFATURA-DE-POLICIA.png",541,324,false],"newsever-medium":["https:\/\/apuntesdesanluis.com\/wp-content\/uploads\/2024\/01\/JEFATURA-DE-POLICIA.png",541,324,false]},"author_info":{"display_name":"apuntesdesanluis.com","author_link":"https:\/\/apuntesdesanluis.com\/index.php\/author\/apuntesdesanluis-com\/"},"category_info":"<a href=\"https:\/\/apuntesdesanluis.com\/index.php\/category\/ciudad-provincia\/\" rel=\"category tag\">Ciudad\/Provincia<\/a>","tag_info":"Ciudad\/Provincia","comment_count":"0","_links":{"self":[{"href":"https:\/\/apuntesdesanluis.com\/index.php\/wp-json\/wp\/v2\/posts\/14995","targetHints":{"allow":["GET"]}}],"collection":[{"href":"https:\/\/apuntesdesanluis.com\/index.php\/wp-json\/wp\/v2\/posts"}],"about":[{"href":"https:\/\/apuntesdesanluis.com\/index.php\/wp-json\/wp\/v2\/types\/post"}],"author":[{"embeddable":true,"href":"https:\/\/apuntesdesanluis.com\/index.php\/wp-json\/wp\/v2\/users\/1"}],"replies":[{"embeddable":true,"href":"https:\/\/apuntesdesanluis.com\/index.php\/wp-json\/wp\/v2\/comments?post=14995"}],"version-history":[{"count":3,"href":"https:\/\/apuntesdesanluis.com\/index.php\/wp-json\/wp\/v2\/posts\/14995\/revisions"}],"predecessor-version":[{"id":14999,"href":"https:\/\/apuntesdesanluis.com\/index.php\/wp-json\/wp\/v2\/posts\/14995\/revisions\/14999"}],"wp:featuredmedia":[{"embeddable":true,"href":"https:\/\/apuntesdesanluis.com\/index.php\/wp-json\/wp\/v2\/media\/10758"}],"wp:attachment":[{"href":"https:\/\/apuntesdesanluis.com\/index.php\/wp-json\/wp\/v2\/media?parent=14995"}],"wp:term":[{"taxonomy":"category","embeddable":true,"href":"https:\/\/apuntesdesanluis.com\/index.php\/wp-json\/wp\/v2\/categories?post=14995"},{"taxonomy":"post_tag","embeddable":true,"href":"https:\/\/apuntesdesanluis.com\/index.php\/wp-json\/wp\/v2\/tags?post=14995"}],"curies":[{"name":"wp","href":"https:\/\/api.w.org\/{rel}","templated":true}]}}