{"id":1500,"date":"2023-08-13T18:00:45","date_gmt":"2023-08-13T21:00:45","guid":{"rendered":"https:\/\/apuntesdesanluis.com\/?p=1500"},"modified":"2023-08-13T18:00:45","modified_gmt":"2023-08-13T21:00:45","slug":"patricia-bullrich-la-votacion-en-la-caba-es-un-desastre-elegia-a-una-lista-y-terminaba-saliendome-otra","status":"publish","type":"post","link":"https:\/\/apuntesdesanluis.com\/index.php\/2023\/08\/13\/patricia-bullrich-la-votacion-en-la-caba-es-un-desastre-elegia-a-una-lista-y-terminaba-saliendome-otra\/","title":{"rendered":"PATRICIA BULLRICH: \u201cLA VOTACI\u00d3N EN LA CABA ES UN DESASTRE, ELEG\u00cdA A UNA LISTA Y TERMINABA SALI\u00c9NDOME OTRA\u201d"},"content":{"rendered":"<h3 class=\"yiv7409174924ydp6329976emsonormal\" style=\"background: white;\"><span style=\"font-family: 'Arial','sans-serif'; color: #1d2228;\"><strong>Patricia Bullrich<\/strong>, precandidata presidencial de Juntos por el Cambio, vot\u00f3 en La Rural y fue dur\u00edsima con el sistema electr\u00f3nico en la Ciudad de Buenos Aires: \u201cEs un desastre, eleg\u00eda a una lista y terminaba sali\u00e9ndome otra\u201d.<\/span><\/h3>\n<h3 class=\"yiv7409174924ydp6329976emsonormal\" style=\"background: white;\"><span style=\"font-family: 'Arial','sans-serif'; color: #1d2228;\">La dirigente pol\u00edtica lleg\u00f3 sonriente, con facturas para los fiscales, y vot\u00f3 r\u00e1pidamente en las PASO nacionales. Luego se dirigi\u00f3 a emitir el voto electr\u00f3nico y comenz\u00f3 a demorar. Despu\u00e9s de 3 minutos comenzaron a llegar t\u00e9cnicos y asistentes, que la ayudaron. Pero el problema no era ella, sino la m\u00e1quina. Hubo que destruir varias boletas que sal\u00edan, ante el asombro del periodismo, el p\u00fablico y las autoridades de mesa. El rostro de Bullich comenz\u00f3 a cambiar, se borr\u00f3 su sonrisa y se la ve\u00eda mover insistentemente su cabeza, como protestando. Un papel\u00f3n nacional transmitido en vivo y en directo a todo el pa\u00eds. Incluso se lleg\u00f3 a apagar la m\u00e1quina, prenderla y resetearla. Pero tampoco. Reci\u00e9n cuando trajeron una m\u00e1quina nueva pudo votar.<\/span><\/h3>\n<h3 class=\"yiv7409174924ydp6329976emsonormal\" style=\"background: white;\"><span style=\"font-family: 'Arial','sans-serif'; color: #1d2228;\">La bronca de la titular del PRO fue a ra\u00edz de los 26 minutos que tard\u00f3 en votar por los problemas en la m\u00e1quina electr\u00f3nica en la que se elige al jefe de Gobierno de la Ciudad: \u201cTuve que votar como siete veces y me cambiaron la m\u00e1quina porque no funcionaba\u201d. Y revel\u00f3 que \u201cvotaba a una lista y terminaba sali\u00e9ndome otra\u201d.<\/span><\/h3>\n<h3 class=\"yiv7409174924ydp6329976emsonormal\" style=\"background: white;\"><span style=\"font-family: 'Arial','sans-serif'; color: #1d2228;\">Adem\u00e1s, subray\u00f3 que &#8220;los sistemas electorales deben tener un nivel de maduraci\u00f3n. Lo ideal es votar en tres minutos e irse, ya es suficiente de espera con la cola&#8221;.<\/span><\/h3>\n<h3 class=\"yiv7409174924ydp6329976emsonormal\" style=\"background: white;\"><span style=\"font-family: 'Arial','sans-serif'; color: #1d2228;\">Al ser consultada acerca de la necesidad de extender el horario de cierre de comicios, dijo que \u201ceso lo va a decidir la Justicia Electoral, no es algo que yo pueda decidir\u201d.<\/span><\/h3>\n<h3 class=\"yiv7409174924ydp6329976emsonormal\" style=\"background: white;\"><span style=\"font-family: 'Arial','sans-serif'; color: #1d2228;\">Bullrich, que compite en la interna de Juntos por el Cambio con Horacio Rodr\u00edguez Larreta, chicane\u00f3 a Alberto Fern\u00e1ndez al responder &#8216;qu\u00e9 Presidente&#8217; cuando le preguntaron por el titular del Poder Ejecutivo.<\/span><\/h3>\n<h3 class=\"yiv7409174924ydp6329976emsonormal\" style=\"background: white;\"><span style=\"font-family: 'Arial','sans-serif'; color: #1d2228;\">Por \u00faltimo, destac\u00f3 que &#8220;lo importante en nuestra fuerza pol\u00edtica es siempre el respeto a la institucionalidad&#8221;, y evit\u00f3 anticipar alg\u00fan resultado: &#8220;Respetamos a todos los que se han presentado&#8221;.<\/span><\/h3>\n","protected":false},"excerpt":{"rendered":"<p>Patricia Bullrich, precandidata presidencial de Juntos por el Cambio, vot\u00f3 en La Rural y fue&#8230;<\/p>\n","protected":false},"author":1,"featured_media":1501,"comment_status":"closed","ping_status":"closed","sticky":false,"template":"","format":"standard","meta":{"footnotes":""},"categories":[5],"tags":[],"class_list":["post-1500","post","type-post","status-publish","format-standard","has-post-thumbnail","hentry","category-nacionales-internacionales"],"yoast_head":"<!-- This site is optimized with the Yoast SEO plugin v26.1.1 - https:\/\/yoast.com\/wordpress\/plugins\/seo\/ -->\n<title>PATRICIA BULLRICH: \u201cLA VOTACI\u00d3N EN LA CABA ES UN DESASTRE, ELEG\u00cdA A UNA LISTA Y TERMINABA SALI\u00c9NDOME OTRA\u201d - Apuntes de San Luis<\/title>\n<meta name=\"robots\" content=\"index, follow, max-snippet:-1, max-image-preview:large, max-video-preview:-1\" \/>\n<link rel=\"canonical\" href=\"https:\/\/apuntesdesanluis.com\/index.php\/2023\/08\/13\/patricia-bullrich-la-votacion-en-la-caba-es-un-desastre-elegia-a-una-lista-y-terminaba-saliendome-otra\/\" \/>\n<meta property=\"og:locale\" content=\"es_ES\" \/>\n<meta property=\"og:type\" content=\"article\" \/>\n<meta property=\"og:title\" content=\"PATRICIA BULLRICH: \u201cLA VOTACI\u00d3N EN LA CABA ES UN DESASTRE, ELEG\u00cdA A UNA LISTA Y TERMINABA SALI\u00c9NDOME OTRA\u201d - Apuntes de San Luis\" \/>\n<meta property=\"og:description\" content=\"Patricia Bullrich, precandidata presidencial de Juntos por el Cambio, vot\u00f3 en La Rural y fue...\" \/>\n<meta property=\"og:url\" content=\"https:\/\/apuntesdesanluis.com\/index.php\/2023\/08\/13\/patricia-bullrich-la-votacion-en-la-caba-es-un-desastre-elegia-a-una-lista-y-terminaba-saliendome-otra\/\" \/>\n<meta property=\"og:site_name\" content=\"Apuntes de San Luis\" \/>\n<meta property=\"article:published_time\" content=\"2023-08-13T21:00:45+00:00\" \/>\n<meta property=\"og:image\" content=\"https:\/\/apuntesdesanluis.com\/wp-content\/uploads\/2023\/08\/BULLRICH-4.png\" \/>\n\t<meta property=\"og:image:width\" content=\"732\" \/>\n\t<meta property=\"og:image:height\" content=\"441\" \/>\n\t<meta property=\"og:image:type\" content=\"image\/png\" \/>\n<meta name=\"author\" content=\"apuntesdesanluis.com\" \/>\n<meta name=\"twitter:card\" content=\"summary_large_image\" \/>\n<meta name=\"twitter:label1\" content=\"Escrito por\" \/>\n\t<meta name=\"twitter:data1\" content=\"apuntesdesanluis.com\" \/>\n\t<meta name=\"twitter:label2\" content=\"Tiempo de lectura\" \/>\n\t<meta name=\"twitter:data2\" content=\"2 minutos\" \/>\n<script type=\"application\/ld+json\" class=\"yoast-schema-graph\">{\"@context\":\"https:\/\/schema.org\",\"@graph\":[{\"@type\":\"Article\",\"@id\":\"https:\/\/apuntesdesanluis.com\/index.php\/2023\/08\/13\/patricia-bullrich-la-votacion-en-la-caba-es-un-desastre-elegia-a-una-lista-y-terminaba-saliendome-otra\/#article\",\"isPartOf\":{\"@id\":\"https:\/\/apuntesdesanluis.com\/index.php\/2023\/08\/13\/patricia-bullrich-la-votacion-en-la-caba-es-un-desastre-elegia-a-una-lista-y-terminaba-saliendome-otra\/\"},\"author\":{\"name\":\"apuntesdesanluis.com\",\"@id\":\"https:\/\/apuntesdesanluis.com\/#\/schema\/person\/b55151d52296fcce64d1a72538a70b90\"},\"headline\":\"PATRICIA BULLRICH: \u201cLA VOTACI\u00d3N EN LA CABA ES UN DESASTRE, ELEG\u00cdA A UNA LISTA Y TERMINABA SALI\u00c9NDOME OTRA\u201d\",\"datePublished\":\"2023-08-13T21:00:45+00:00\",\"mainEntityOfPage\":{\"@id\":\"https:\/\/apuntesdesanluis.com\/index.php\/2023\/08\/13\/patricia-bullrich-la-votacion-en-la-caba-es-un-desastre-elegia-a-una-lista-y-terminaba-saliendome-otra\/\"},\"wordCount\":394,\"publisher\":{\"@id\":\"https:\/\/apuntesdesanluis.com\/#\/schema\/person\/b55151d52296fcce64d1a72538a70b90\"},\"image\":{\"@id\":\"https:\/\/apuntesdesanluis.com\/index.php\/2023\/08\/13\/patricia-bullrich-la-votacion-en-la-caba-es-un-desastre-elegia-a-una-lista-y-terminaba-saliendome-otra\/#primaryimage\"},\"thumbnailUrl\":\"https:\/\/apuntesdesanluis.com\/wp-content\/uploads\/2023\/08\/BULLRICH-4.png\",\"articleSection\":[\"Nacionales\/Internacionales\"],\"inLanguage\":\"es-AR\"},{\"@type\":\"WebPage\",\"@id\":\"https:\/\/apuntesdesanluis.com\/index.php\/2023\/08\/13\/patricia-bullrich-la-votacion-en-la-caba-es-un-desastre-elegia-a-una-lista-y-terminaba-saliendome-otra\/\",\"url\":\"https:\/\/apuntesdesanluis.com\/index.php\/2023\/08\/13\/patricia-bullrich-la-votacion-en-la-caba-es-un-desastre-elegia-a-una-lista-y-terminaba-saliendome-otra\/\",\"name\":\"PATRICIA BULLRICH: \u201cLA VOTACI\u00d3N EN LA CABA ES UN DESASTRE, ELEG\u00cdA A UNA LISTA Y TERMINABA SALI\u00c9NDOME OTRA\u201d - Apuntes de San Luis\",\"isPartOf\":{\"@id\":\"https:\/\/apuntesdesanluis.com\/#website\"},\"primaryImageOfPage\":{\"@id\":\"https:\/\/apuntesdesanluis.com\/index.php\/2023\/08\/13\/patricia-bullrich-la-votacion-en-la-caba-es-un-desastre-elegia-a-una-lista-y-terminaba-saliendome-otra\/#primaryimage\"},\"image\":{\"@id\":\"https:\/\/apuntesdesanluis.com\/index.php\/2023\/08\/13\/patricia-bullrich-la-votacion-en-la-caba-es-un-desastre-elegia-a-una-lista-y-terminaba-saliendome-otra\/#primaryimage\"},\"thumbnailUrl\":\"https:\/\/apuntesdesanluis.com\/wp-content\/uploads\/2023\/08\/BULLRICH-4.png\",\"datePublished\":\"2023-08-13T21:00:45+00:00\",\"breadcrumb\":{\"@id\":\"https:\/\/apuntesdesanluis.com\/index.php\/2023\/08\/13\/patricia-bullrich-la-votacion-en-la-caba-es-un-desastre-elegia-a-una-lista-y-terminaba-saliendome-otra\/#breadcrumb\"},\"inLanguage\":\"es-AR\",\"potentialAction\":[{\"@type\":\"ReadAction\",\"target\":[\"https:\/\/apuntesdesanluis.com\/index.php\/2023\/08\/13\/patricia-bullrich-la-votacion-en-la-caba-es-un-desastre-elegia-a-una-lista-y-terminaba-saliendome-otra\/\"]}]},{\"@type\":\"ImageObject\",\"inLanguage\":\"es-AR\",\"@id\":\"https:\/\/apuntesdesanluis.com\/index.php\/2023\/08\/13\/patricia-bullrich-la-votacion-en-la-caba-es-un-desastre-elegia-a-una-lista-y-terminaba-saliendome-otra\/#primaryimage\",\"url\":\"https:\/\/apuntesdesanluis.com\/wp-content\/uploads\/2023\/08\/BULLRICH-4.png\",\"contentUrl\":\"https:\/\/apuntesdesanluis.com\/wp-content\/uploads\/2023\/08\/BULLRICH-4.png\",\"width\":732,\"height\":441},{\"@type\":\"BreadcrumbList\",\"@id\":\"https:\/\/apuntesdesanluis.com\/index.php\/2023\/08\/13\/patricia-bullrich-la-votacion-en-la-caba-es-un-desastre-elegia-a-una-lista-y-terminaba-saliendome-otra\/#breadcrumb\",\"itemListElement\":[{\"@type\":\"ListItem\",\"position\":1,\"name\":\"Inicio\",\"item\":\"https:\/\/apuntesdesanluis.com\/\"},{\"@type\":\"ListItem\",\"position\":2,\"name\":\"PATRICIA BULLRICH: \u201cLA VOTACI\u00d3N EN LA CABA ES UN DESASTRE, ELEG\u00cdA A UNA LISTA Y TERMINABA SALI\u00c9NDOME OTRA\u201d\"}]},{\"@type\":\"WebSite\",\"@id\":\"https:\/\/apuntesdesanluis.com\/#website\",\"url\":\"https:\/\/apuntesdesanluis.com\/\",\"name\":\"Apuntes de San Luis\",\"description\":\"\",\"publisher\":{\"@id\":\"https:\/\/apuntesdesanluis.com\/#\/schema\/person\/b55151d52296fcce64d1a72538a70b90\"},\"potentialAction\":[{\"@type\":\"SearchAction\",\"target\":{\"@type\":\"EntryPoint\",\"urlTemplate\":\"https:\/\/apuntesdesanluis.com\/?s={search_term_string}\"},\"query-input\":{\"@type\":\"PropertyValueSpecification\",\"valueRequired\":true,\"valueName\":\"search_term_string\"}}],\"inLanguage\":\"es-AR\"},{\"@type\":[\"Person\",\"Organization\"],\"@id\":\"https:\/\/apuntesdesanluis.com\/#\/schema\/person\/b55151d52296fcce64d1a72538a70b90\",\"name\":\"apuntesdesanluis.com\",\"image\":{\"@type\":\"ImageObject\",\"inLanguage\":\"es-AR\",\"@id\":\"https:\/\/apuntesdesanluis.com\/#\/schema\/person\/image\/\",\"url\":\"https:\/\/apuntesdesanluis.com\/wp-content\/uploads\/2023\/07\/cropped-apuntesdesanluis.png\",\"contentUrl\":\"https:\/\/apuntesdesanluis.com\/wp-content\/uploads\/2023\/07\/cropped-apuntesdesanluis.png\",\"width\":450,\"height\":112,\"caption\":\"apuntesdesanluis.com\"},\"logo\":{\"@id\":\"https:\/\/apuntesdesanluis.com\/#\/schema\/person\/image\/\"},\"sameAs\":[\"https:\/\/apuntesdesanluis.com\"],\"url\":\"https:\/\/apuntesdesanluis.com\/index.php\/author\/apuntesdesanluis-com\/\"}]}<\/script>\n<!-- \/ Yoast SEO plugin. -->","yoast_head_json":{"title":"PATRICIA BULLRICH: \u201cLA VOTACI\u00d3N EN LA CABA ES UN DESASTRE, ELEG\u00cdA A UNA LISTA Y TERMINABA SALI\u00c9NDOME OTRA\u201d - Apuntes de San Luis","robots":{"index":"index","follow":"follow","max-snippet":"max-snippet:-1","max-image-preview":"max-image-preview:large","max-video-preview":"max-video-preview:-1"},"canonical":"https:\/\/apuntesdesanluis.com\/index.php\/2023\/08\/13\/patricia-bullrich-la-votacion-en-la-caba-es-un-desastre-elegia-a-una-lista-y-terminaba-saliendome-otra\/","og_locale":"es_ES","og_type":"article","og_title":"PATRICIA BULLRICH: \u201cLA VOTACI\u00d3N EN LA CABA ES UN DESASTRE, ELEG\u00cdA A UNA LISTA Y TERMINABA SALI\u00c9NDOME OTRA\u201d - Apuntes de San Luis","og_description":"Patricia Bullrich, precandidata presidencial de Juntos por el Cambio, vot\u00f3 en La Rural y fue...","og_url":"https:\/\/apuntesdesanluis.com\/index.php\/2023\/08\/13\/patricia-bullrich-la-votacion-en-la-caba-es-un-desastre-elegia-a-una-lista-y-terminaba-saliendome-otra\/","og_site_name":"Apuntes de San Luis","article_published_time":"2023-08-13T21:00:45+00:00","og_image":[{"width":732,"height":441,"url":"https:\/\/apuntesdesanluis.com\/wp-content\/uploads\/2023\/08\/BULLRICH-4.png","type":"image\/png"}],"author":"apuntesdesanluis.com","twitter_card":"summary_large_image","twitter_misc":{"Escrito por":"apuntesdesanluis.com","Tiempo de lectura":"2 minutos"},"schema":{"@context":"https:\/\/schema.org","@graph":[{"@type":"Article","@id":"https:\/\/apuntesdesanluis.com\/index.php\/2023\/08\/13\/patricia-bullrich-la-votacion-en-la-caba-es-un-desastre-elegia-a-una-lista-y-terminaba-saliendome-otra\/#article","isPartOf":{"@id":"https:\/\/apuntesdesanluis.com\/index.php\/2023\/08\/13\/patricia-bullrich-la-votacion-en-la-caba-es-un-desastre-elegia-a-una-lista-y-terminaba-saliendome-otra\/"},"author":{"name":"apuntesdesanluis.com","@id":"https:\/\/apuntesdesanluis.com\/#\/schema\/person\/b55151d52296fcce64d1a72538a70b90"},"headline":"PATRICIA BULLRICH: \u201cLA VOTACI\u00d3N EN LA CABA ES UN DESASTRE, ELEG\u00cdA A UNA LISTA Y TERMINABA SALI\u00c9NDOME OTRA\u201d","datePublished":"2023-08-13T21:00:45+00:00","mainEntityOfPage":{"@id":"https:\/\/apuntesdesanluis.com\/index.php\/2023\/08\/13\/patricia-bullrich-la-votacion-en-la-caba-es-un-desastre-elegia-a-una-lista-y-terminaba-saliendome-otra\/"},"wordCount":394,"publisher":{"@id":"https:\/\/apuntesdesanluis.com\/#\/schema\/person\/b55151d52296fcce64d1a72538a70b90"},"image":{"@id":"https:\/\/apuntesdesanluis.com\/index.php\/2023\/08\/13\/patricia-bullrich-la-votacion-en-la-caba-es-un-desastre-elegia-a-una-lista-y-terminaba-saliendome-otra\/#primaryimage"},"thumbnailUrl":"https:\/\/apuntesdesanluis.com\/wp-content\/uploads\/2023\/08\/BULLRICH-4.png","articleSection":["Nacionales\/Internacionales"],"inLanguage":"es-AR"},{"@type":"WebPage","@id":"https:\/\/apuntesdesanluis.com\/index.php\/2023\/08\/13\/patricia-bullrich-la-votacion-en-la-caba-es-un-desastre-elegia-a-una-lista-y-terminaba-saliendome-otra\/","url":"https:\/\/apuntesdesanluis.com\/index.php\/2023\/08\/13\/patricia-bullrich-la-votacion-en-la-caba-es-un-desastre-elegia-a-una-lista-y-terminaba-saliendome-otra\/","name":"PATRICIA BULLRICH: \u201cLA VOTACI\u00d3N EN LA CABA ES UN DESASTRE, ELEG\u00cdA A UNA LISTA Y TERMINABA SALI\u00c9NDOME OTRA\u201d - Apuntes de San Luis","isPartOf":{"@id":"https:\/\/apuntesdesanluis.com\/#website"},"primaryImageOfPage":{"@id":"https:\/\/apuntesdesanluis.com\/index.php\/2023\/08\/13\/patricia-bullrich-la-votacion-en-la-caba-es-un-desastre-elegia-a-una-lista-y-terminaba-saliendome-otra\/#primaryimage"},"image":{"@id":"https:\/\/apuntesdesanluis.com\/index.php\/2023\/08\/13\/patricia-bullrich-la-votacion-en-la-caba-es-un-desastre-elegia-a-una-lista-y-terminaba-saliendome-otra\/#primaryimage"},"thumbnailUrl":"https:\/\/apuntesdesanluis.com\/wp-content\/uploads\/2023\/08\/BULLRICH-4.png","datePublished":"2023-08-13T21:00:45+00:00","breadcrumb":{"@id":"https:\/\/apuntesdesanluis.com\/index.php\/2023\/08\/13\/patricia-bullrich-la-votacion-en-la-caba-es-un-desastre-elegia-a-una-lista-y-terminaba-saliendome-otra\/#breadcrumb"},"inLanguage":"es-AR","potentialAction":[{"@type":"ReadAction","target":["https:\/\/apuntesdesanluis.com\/index.php\/2023\/08\/13\/patricia-bullrich-la-votacion-en-la-caba-es-un-desastre-elegia-a-una-lista-y-terminaba-saliendome-otra\/"]}]},{"@type":"ImageObject","inLanguage":"es-AR","@id":"https:\/\/apuntesdesanluis.com\/index.php\/2023\/08\/13\/patricia-bullrich-la-votacion-en-la-caba-es-un-desastre-elegia-a-una-lista-y-terminaba-saliendome-otra\/#primaryimage","url":"https:\/\/apuntesdesanluis.com\/wp-content\/uploads\/2023\/08\/BULLRICH-4.png","contentUrl":"https:\/\/apuntesdesanluis.com\/wp-content\/uploads\/2023\/08\/BULLRICH-4.png","width":732,"height":441},{"@type":"BreadcrumbList","@id":"https:\/\/apuntesdesanluis.com\/index.php\/2023\/08\/13\/patricia-bullrich-la-votacion-en-la-caba-es-un-desastre-elegia-a-una-lista-y-terminaba-saliendome-otra\/#breadcrumb","itemListElement":[{"@type":"ListItem","position":1,"name":"Inicio","item":"https:\/\/apuntesdesanluis.com\/"},{"@type":"ListItem","position":2,"name":"PATRICIA BULLRICH: \u201cLA VOTACI\u00d3N EN LA CABA ES UN DESASTRE, ELEG\u00cdA A UNA LISTA Y TERMINABA SALI\u00c9NDOME OTRA\u201d"}]},{"@type":"WebSite","@id":"https:\/\/apuntesdesanluis.com\/#website","url":"https:\/\/apuntesdesanluis.com\/","name":"Apuntes de San Luis","description":"","publisher":{"@id":"https:\/\/apuntesdesanluis.com\/#\/schema\/person\/b55151d52296fcce64d1a72538a70b90"},"potentialAction":[{"@type":"SearchAction","target":{"@type":"EntryPoint","urlTemplate":"https:\/\/apuntesdesanluis.com\/?s={search_term_string}"},"query-input":{"@type":"PropertyValueSpecification","valueRequired":true,"valueName":"search_term_string"}}],"inLanguage":"es-AR"},{"@type":["Person","Organization"],"@id":"https:\/\/apuntesdesanluis.com\/#\/schema\/person\/b55151d52296fcce64d1a72538a70b90","name":"apuntesdesanluis.com","image":{"@type":"ImageObject","inLanguage":"es-AR","@id":"https:\/\/apuntesdesanluis.com\/#\/schema\/person\/image\/","url":"https:\/\/apuntesdesanluis.com\/wp-content\/uploads\/2023\/07\/cropped-apuntesdesanluis.png","contentUrl":"https:\/\/apuntesdesanluis.com\/wp-content\/uploads\/2023\/07\/cropped-apuntesdesanluis.png","width":450,"height":112,"caption":"apuntesdesanluis.com"},"logo":{"@id":"https:\/\/apuntesdesanluis.com\/#\/schema\/person\/image\/"},"sameAs":["https:\/\/apuntesdesanluis.com"],"url":"https:\/\/apuntesdesanluis.com\/index.php\/author\/apuntesdesanluis-com\/"}]}},"featured_image_urls":{"full":["https:\/\/apuntesdesanluis.com\/wp-content\/uploads\/2023\/08\/BULLRICH-4.png",732,441,false],"thumbnail":["https:\/\/apuntesdesanluis.com\/wp-content\/uploads\/2023\/08\/BULLRICH-4-150x150.png",150,150,true],"medium":["https:\/\/apuntesdesanluis.com\/wp-content\/uploads\/2023\/08\/BULLRICH-4-300x181.png",300,181,true],"medium_large":["https:\/\/apuntesdesanluis.com\/wp-content\/uploads\/2023\/08\/BULLRICH-4.png",640,386,false],"large":["https:\/\/apuntesdesanluis.com\/wp-content\/uploads\/2023\/08\/BULLRICH-4.png",640,386,false],"1536x1536":["https:\/\/apuntesdesanluis.com\/wp-content\/uploads\/2023\/08\/BULLRICH-4.png",732,441,false],"2048x2048":["https:\/\/apuntesdesanluis.com\/wp-content\/uploads\/2023\/08\/BULLRICH-4.png",732,441,false],"newsever-slider-full":["https:\/\/apuntesdesanluis.com\/wp-content\/uploads\/2023\/08\/BULLRICH-4.png",732,441,false],"newsever-featured":["https:\/\/apuntesdesanluis.com\/wp-content\/uploads\/2023\/08\/BULLRICH-4.png",732,441,false],"newsever-medium":["https:\/\/apuntesdesanluis.com\/wp-content\/uploads\/2023\/08\/BULLRICH-4-720x441.png",720,441,true]},"author_info":{"display_name":"apuntesdesanluis.com","author_link":"https:\/\/apuntesdesanluis.com\/index.php\/author\/apuntesdesanluis-com\/"},"category_info":"<a href=\"https:\/\/apuntesdesanluis.com\/index.php\/category\/nacionales-internacionales\/\" rel=\"category tag\">Nacionales\/Internacionales<\/a>","tag_info":"Nacionales\/Internacionales","comment_count":"0","_links":{"self":[{"href":"https:\/\/apuntesdesanluis.com\/index.php\/wp-json\/wp\/v2\/posts\/1500","targetHints":{"allow":["GET"]}}],"collection":[{"href":"https:\/\/apuntesdesanluis.com\/index.php\/wp-json\/wp\/v2\/posts"}],"about":[{"href":"https:\/\/apuntesdesanluis.com\/index.php\/wp-json\/wp\/v2\/types\/post"}],"author":[{"embeddable":true,"href":"https:\/\/apuntesdesanluis.com\/index.php\/wp-json\/wp\/v2\/users\/1"}],"replies":[{"embeddable":true,"href":"https:\/\/apuntesdesanluis.com\/index.php\/wp-json\/wp\/v2\/comments?post=1500"}],"version-history":[{"count":1,"href":"https:\/\/apuntesdesanluis.com\/index.php\/wp-json\/wp\/v2\/posts\/1500\/revisions"}],"predecessor-version":[{"id":1502,"href":"https:\/\/apuntesdesanluis.com\/index.php\/wp-json\/wp\/v2\/posts\/1500\/revisions\/1502"}],"wp:featuredmedia":[{"embeddable":true,"href":"https:\/\/apuntesdesanluis.com\/index.php\/wp-json\/wp\/v2\/media\/1501"}],"wp:attachment":[{"href":"https:\/\/apuntesdesanluis.com\/index.php\/wp-json\/wp\/v2\/media?parent=1500"}],"wp:term":[{"taxonomy":"category","embeddable":true,"href":"https:\/\/apuntesdesanluis.com\/index.php\/wp-json\/wp\/v2\/categories?post=1500"},{"taxonomy":"post_tag","embeddable":true,"href":"https:\/\/apuntesdesanluis.com\/index.php\/wp-json\/wp\/v2\/tags?post=1500"}],"curies":[{"name":"wp","href":"https:\/\/api.w.org\/{rel}","templated":true}]}}