{"id":15032,"date":"2024-04-22T22:37:28","date_gmt":"2024-04-23T01:37:28","guid":{"rendered":"https:\/\/apuntesdesanluis.com\/?p=15032"},"modified":"2024-04-22T22:37:28","modified_gmt":"2024-04-23T01:37:28","slug":"contundente-apoyo-de-la-cgt-regional-villa-mercedes-a-la-marcha-universitaria","status":"publish","type":"post","link":"https:\/\/apuntesdesanluis.com\/index.php\/2024\/04\/22\/contundente-apoyo-de-la-cgt-regional-villa-mercedes-a-la-marcha-universitaria\/","title":{"rendered":"CONTUNDENTE APOYO DE LA CGT REGIONAL VILLA MERCEDES A LA MARCHA UNIVERSITARIA"},"content":{"rendered":"<h3>\u201cNing\u00fan pa\u00eds puede desarrollarse sin un sistema universitario y de ciencia y t\u00e9cnica poderosos\u201d, se\u00f1al\u00f3 la central sindical en un pronunciamiento conocido este fin de semana.<\/h3>\n<h3>La Confederaci\u00f3n General del Trabajo (CGT-Regional Villa Mercedes), expres\u00f3 su \u201cm\u00e1s contundente respaldo a la Marcha Universitaria\u201d de este martes 23 de abril, \u201cante el inaudito y repudiable desfinanciamiento que las pol\u00edticas nacionales provocan sobre todo el sistema universitario\u201d.<\/h3>\n<h3>Con la firma de los secretarios generales de su consejo directivo, <strong>Jorge Lazzarini, V\u00edctor G\u00f3mez <\/strong>y <strong>An\u00edbal H\u00e9ctor G\u00f3mez<\/strong>, el pronunciamiento gremial se\u00f1ala en forma textual:<\/h3>\n<h3>\u201cEntendemos que el derecho al acceso a la Educaci\u00f3n Superior constituye una conquista inclaudicable de la sociedad, consolidado a partir del gobierno de Juan Domingo Per\u00f3n, que elimin\u00f3 el arancelamiento e impuso la gratuidad de los estudios universitarios en 1949.<\/h3>\n<h3>Es justamente el acceso a la educaci\u00f3n superior y la aspiraci\u00f3n a la formaci\u00f3n profesional, uno de los principales factores de movilidad social de nuestro pa\u00eds, lo que este r\u00e9gimen neoliberal y libertario pretende destruir, para que s\u00f3lo puedan recibirse los hijos de las familias m\u00e1s adineradas. El mismo sistema elitista y clasista que reg\u00eda en las universidades hasta la Reforma de 1918.<\/h3>\n<h3>No podemos pasar por alto, en este ataque feroz hacia el sistema universitario, las consecuencias nefastas que podr\u00eda tener este ajuste brutal sobre la ciencia y la investigaci\u00f3n. Justo en momentos en que uno de los principales organismos p\u00fablicos, el Conicet, es reconocido como uno de los m\u00e1s importantes y prestigiosos de Latinoam\u00e9rica y el mundo.<\/h3>\n<h3>La CGT insta a la sociedad en su conjunto a comprometerse y marchar este 23 de abril, para defender la continuidad de un modelo de desarrollo basado, en gran medida, en la existencia de un sistema universitario y de ciencia y t\u00e9cnica poderosos, pilares fundamentales de cualquier pa\u00eds que aspire a desarrollarse\u201d.<\/h3>\n<p>&nbsp;<\/p>\n<p>&nbsp;<\/p>\n<p>&nbsp;<\/p>\n<p>&nbsp;<\/p>\n<p>&nbsp;<\/p>\n<p>&nbsp;<\/p>\n","protected":false},"excerpt":{"rendered":"<p>\u201cNing\u00fan pa\u00eds puede desarrollarse sin un sistema universitario y de ciencia y t\u00e9cnica poderosos\u201d, se\u00f1al\u00f3&#8230;<\/p>\n","protected":false},"author":1,"featured_media":10537,"comment_status":"closed","ping_status":"closed","sticky":false,"template":"","format":"standard","meta":{"footnotes":""},"categories":[6],"tags":[],"class_list":["post-15032","post","type-post","status-publish","format-standard","has-post-thumbnail","hentry","category-ciudad-provincia"],"yoast_head":"<!-- This site is optimized with the Yoast SEO plugin v26.1.1 - https:\/\/yoast.com\/wordpress\/plugins\/seo\/ -->\n<title>CONTUNDENTE APOYO DE LA CGT REGIONAL VILLA MERCEDES A LA MARCHA UNIVERSITARIA - Apuntes de San Luis<\/title>\n<meta name=\"robots\" content=\"index, follow, max-snippet:-1, max-image-preview:large, max-video-preview:-1\" \/>\n<link rel=\"canonical\" href=\"https:\/\/apuntesdesanluis.com\/index.php\/2024\/04\/22\/contundente-apoyo-de-la-cgt-regional-villa-mercedes-a-la-marcha-universitaria\/\" \/>\n<meta property=\"og:locale\" content=\"es_ES\" \/>\n<meta property=\"og:type\" content=\"article\" \/>\n<meta property=\"og:title\" content=\"CONTUNDENTE APOYO DE LA CGT REGIONAL VILLA MERCEDES A LA MARCHA UNIVERSITARIA - Apuntes de San Luis\" \/>\n<meta property=\"og:description\" content=\"\u201cNing\u00fan pa\u00eds puede desarrollarse sin un sistema universitario y de ciencia y t\u00e9cnica poderosos\u201d, se\u00f1al\u00f3...\" \/>\n<meta property=\"og:url\" content=\"https:\/\/apuntesdesanluis.com\/index.php\/2024\/04\/22\/contundente-apoyo-de-la-cgt-regional-villa-mercedes-a-la-marcha-universitaria\/\" \/>\n<meta property=\"og:site_name\" content=\"Apuntes de San Luis\" \/>\n<meta property=\"article:published_time\" content=\"2024-04-23T01:37:28+00:00\" \/>\n<meta property=\"og:image\" content=\"https:\/\/apuntesdesanluis.com\/wp-content\/uploads\/2024\/01\/cgt.png\" \/>\n\t<meta property=\"og:image:width\" content=\"600\" \/>\n\t<meta property=\"og:image:height\" content=\"356\" \/>\n\t<meta property=\"og:image:type\" content=\"image\/png\" \/>\n<meta name=\"author\" content=\"apuntesdesanluis.com\" \/>\n<meta name=\"twitter:card\" content=\"summary_large_image\" \/>\n<meta name=\"twitter:label1\" content=\"Escrito por\" \/>\n\t<meta name=\"twitter:data1\" content=\"apuntesdesanluis.com\" \/>\n\t<meta name=\"twitter:label2\" content=\"Tiempo de lectura\" \/>\n\t<meta name=\"twitter:data2\" content=\"2 minutos\" \/>\n<script type=\"application\/ld+json\" class=\"yoast-schema-graph\">{\"@context\":\"https:\/\/schema.org\",\"@graph\":[{\"@type\":\"Article\",\"@id\":\"https:\/\/apuntesdesanluis.com\/index.php\/2024\/04\/22\/contundente-apoyo-de-la-cgt-regional-villa-mercedes-a-la-marcha-universitaria\/#article\",\"isPartOf\":{\"@id\":\"https:\/\/apuntesdesanluis.com\/index.php\/2024\/04\/22\/contundente-apoyo-de-la-cgt-regional-villa-mercedes-a-la-marcha-universitaria\/\"},\"author\":{\"name\":\"apuntesdesanluis.com\",\"@id\":\"https:\/\/apuntesdesanluis.com\/#\/schema\/person\/b55151d52296fcce64d1a72538a70b90\"},\"headline\":\"CONTUNDENTE APOYO DE LA CGT REGIONAL VILLA MERCEDES A LA MARCHA UNIVERSITARIA\",\"datePublished\":\"2024-04-23T01:37:28+00:00\",\"mainEntityOfPage\":{\"@id\":\"https:\/\/apuntesdesanluis.com\/index.php\/2024\/04\/22\/contundente-apoyo-de-la-cgt-regional-villa-mercedes-a-la-marcha-universitaria\/\"},\"wordCount\":346,\"publisher\":{\"@id\":\"https:\/\/apuntesdesanluis.com\/#\/schema\/person\/b55151d52296fcce64d1a72538a70b90\"},\"image\":{\"@id\":\"https:\/\/apuntesdesanluis.com\/index.php\/2024\/04\/22\/contundente-apoyo-de-la-cgt-regional-villa-mercedes-a-la-marcha-universitaria\/#primaryimage\"},\"thumbnailUrl\":\"https:\/\/apuntesdesanluis.com\/wp-content\/uploads\/2024\/01\/cgt.png\",\"articleSection\":[\"Ciudad\/Provincia\"],\"inLanguage\":\"es-AR\"},{\"@type\":\"WebPage\",\"@id\":\"https:\/\/apuntesdesanluis.com\/index.php\/2024\/04\/22\/contundente-apoyo-de-la-cgt-regional-villa-mercedes-a-la-marcha-universitaria\/\",\"url\":\"https:\/\/apuntesdesanluis.com\/index.php\/2024\/04\/22\/contundente-apoyo-de-la-cgt-regional-villa-mercedes-a-la-marcha-universitaria\/\",\"name\":\"CONTUNDENTE APOYO DE LA CGT REGIONAL VILLA MERCEDES A LA MARCHA UNIVERSITARIA - Apuntes de San Luis\",\"isPartOf\":{\"@id\":\"https:\/\/apuntesdesanluis.com\/#website\"},\"primaryImageOfPage\":{\"@id\":\"https:\/\/apuntesdesanluis.com\/index.php\/2024\/04\/22\/contundente-apoyo-de-la-cgt-regional-villa-mercedes-a-la-marcha-universitaria\/#primaryimage\"},\"image\":{\"@id\":\"https:\/\/apuntesdesanluis.com\/index.php\/2024\/04\/22\/contundente-apoyo-de-la-cgt-regional-villa-mercedes-a-la-marcha-universitaria\/#primaryimage\"},\"thumbnailUrl\":\"https:\/\/apuntesdesanluis.com\/wp-content\/uploads\/2024\/01\/cgt.png\",\"datePublished\":\"2024-04-23T01:37:28+00:00\",\"breadcrumb\":{\"@id\":\"https:\/\/apuntesdesanluis.com\/index.php\/2024\/04\/22\/contundente-apoyo-de-la-cgt-regional-villa-mercedes-a-la-marcha-universitaria\/#breadcrumb\"},\"inLanguage\":\"es-AR\",\"potentialAction\":[{\"@type\":\"ReadAction\",\"target\":[\"https:\/\/apuntesdesanluis.com\/index.php\/2024\/04\/22\/contundente-apoyo-de-la-cgt-regional-villa-mercedes-a-la-marcha-universitaria\/\"]}]},{\"@type\":\"ImageObject\",\"inLanguage\":\"es-AR\",\"@id\":\"https:\/\/apuntesdesanluis.com\/index.php\/2024\/04\/22\/contundente-apoyo-de-la-cgt-regional-villa-mercedes-a-la-marcha-universitaria\/#primaryimage\",\"url\":\"https:\/\/apuntesdesanluis.com\/wp-content\/uploads\/2024\/01\/cgt.png\",\"contentUrl\":\"https:\/\/apuntesdesanluis.com\/wp-content\/uploads\/2024\/01\/cgt.png\",\"width\":600,\"height\":356},{\"@type\":\"BreadcrumbList\",\"@id\":\"https:\/\/apuntesdesanluis.com\/index.php\/2024\/04\/22\/contundente-apoyo-de-la-cgt-regional-villa-mercedes-a-la-marcha-universitaria\/#breadcrumb\",\"itemListElement\":[{\"@type\":\"ListItem\",\"position\":1,\"name\":\"Inicio\",\"item\":\"https:\/\/apuntesdesanluis.com\/\"},{\"@type\":\"ListItem\",\"position\":2,\"name\":\"CONTUNDENTE APOYO DE LA CGT REGIONAL VILLA MERCEDES A LA MARCHA UNIVERSITARIA\"}]},{\"@type\":\"WebSite\",\"@id\":\"https:\/\/apuntesdesanluis.com\/#website\",\"url\":\"https:\/\/apuntesdesanluis.com\/\",\"name\":\"Apuntes de San Luis\",\"description\":\"\",\"publisher\":{\"@id\":\"https:\/\/apuntesdesanluis.com\/#\/schema\/person\/b55151d52296fcce64d1a72538a70b90\"},\"potentialAction\":[{\"@type\":\"SearchAction\",\"target\":{\"@type\":\"EntryPoint\",\"urlTemplate\":\"https:\/\/apuntesdesanluis.com\/?s={search_term_string}\"},\"query-input\":{\"@type\":\"PropertyValueSpecification\",\"valueRequired\":true,\"valueName\":\"search_term_string\"}}],\"inLanguage\":\"es-AR\"},{\"@type\":[\"Person\",\"Organization\"],\"@id\":\"https:\/\/apuntesdesanluis.com\/#\/schema\/person\/b55151d52296fcce64d1a72538a70b90\",\"name\":\"apuntesdesanluis.com\",\"image\":{\"@type\":\"ImageObject\",\"inLanguage\":\"es-AR\",\"@id\":\"https:\/\/apuntesdesanluis.com\/#\/schema\/person\/image\/\",\"url\":\"https:\/\/apuntesdesanluis.com\/wp-content\/uploads\/2023\/07\/cropped-apuntesdesanluis.png\",\"contentUrl\":\"https:\/\/apuntesdesanluis.com\/wp-content\/uploads\/2023\/07\/cropped-apuntesdesanluis.png\",\"width\":450,\"height\":112,\"caption\":\"apuntesdesanluis.com\"},\"logo\":{\"@id\":\"https:\/\/apuntesdesanluis.com\/#\/schema\/person\/image\/\"},\"sameAs\":[\"https:\/\/apuntesdesanluis.com\"],\"url\":\"https:\/\/apuntesdesanluis.com\/index.php\/author\/apuntesdesanluis-com\/\"}]}<\/script>\n<!-- \/ Yoast SEO plugin. -->","yoast_head_json":{"title":"CONTUNDENTE APOYO DE LA CGT REGIONAL VILLA MERCEDES A LA MARCHA UNIVERSITARIA - Apuntes de San Luis","robots":{"index":"index","follow":"follow","max-snippet":"max-snippet:-1","max-image-preview":"max-image-preview:large","max-video-preview":"max-video-preview:-1"},"canonical":"https:\/\/apuntesdesanluis.com\/index.php\/2024\/04\/22\/contundente-apoyo-de-la-cgt-regional-villa-mercedes-a-la-marcha-universitaria\/","og_locale":"es_ES","og_type":"article","og_title":"CONTUNDENTE APOYO DE LA CGT REGIONAL VILLA MERCEDES A LA MARCHA UNIVERSITARIA - Apuntes de San Luis","og_description":"\u201cNing\u00fan pa\u00eds puede desarrollarse sin un sistema universitario y de ciencia y t\u00e9cnica poderosos\u201d, se\u00f1al\u00f3...","og_url":"https:\/\/apuntesdesanluis.com\/index.php\/2024\/04\/22\/contundente-apoyo-de-la-cgt-regional-villa-mercedes-a-la-marcha-universitaria\/","og_site_name":"Apuntes de San Luis","article_published_time":"2024-04-23T01:37:28+00:00","og_image":[{"width":600,"height":356,"url":"https:\/\/apuntesdesanluis.com\/wp-content\/uploads\/2024\/01\/cgt.png","type":"image\/png"}],"author":"apuntesdesanluis.com","twitter_card":"summary_large_image","twitter_misc":{"Escrito por":"apuntesdesanluis.com","Tiempo de lectura":"2 minutos"},"schema":{"@context":"https:\/\/schema.org","@graph":[{"@type":"Article","@id":"https:\/\/apuntesdesanluis.com\/index.php\/2024\/04\/22\/contundente-apoyo-de-la-cgt-regional-villa-mercedes-a-la-marcha-universitaria\/#article","isPartOf":{"@id":"https:\/\/apuntesdesanluis.com\/index.php\/2024\/04\/22\/contundente-apoyo-de-la-cgt-regional-villa-mercedes-a-la-marcha-universitaria\/"},"author":{"name":"apuntesdesanluis.com","@id":"https:\/\/apuntesdesanluis.com\/#\/schema\/person\/b55151d52296fcce64d1a72538a70b90"},"headline":"CONTUNDENTE APOYO DE LA CGT REGIONAL VILLA MERCEDES A LA MARCHA UNIVERSITARIA","datePublished":"2024-04-23T01:37:28+00:00","mainEntityOfPage":{"@id":"https:\/\/apuntesdesanluis.com\/index.php\/2024\/04\/22\/contundente-apoyo-de-la-cgt-regional-villa-mercedes-a-la-marcha-universitaria\/"},"wordCount":346,"publisher":{"@id":"https:\/\/apuntesdesanluis.com\/#\/schema\/person\/b55151d52296fcce64d1a72538a70b90"},"image":{"@id":"https:\/\/apuntesdesanluis.com\/index.php\/2024\/04\/22\/contundente-apoyo-de-la-cgt-regional-villa-mercedes-a-la-marcha-universitaria\/#primaryimage"},"thumbnailUrl":"https:\/\/apuntesdesanluis.com\/wp-content\/uploads\/2024\/01\/cgt.png","articleSection":["Ciudad\/Provincia"],"inLanguage":"es-AR"},{"@type":"WebPage","@id":"https:\/\/apuntesdesanluis.com\/index.php\/2024\/04\/22\/contundente-apoyo-de-la-cgt-regional-villa-mercedes-a-la-marcha-universitaria\/","url":"https:\/\/apuntesdesanluis.com\/index.php\/2024\/04\/22\/contundente-apoyo-de-la-cgt-regional-villa-mercedes-a-la-marcha-universitaria\/","name":"CONTUNDENTE APOYO DE LA CGT REGIONAL VILLA MERCEDES A LA MARCHA UNIVERSITARIA - Apuntes de San Luis","isPartOf":{"@id":"https:\/\/apuntesdesanluis.com\/#website"},"primaryImageOfPage":{"@id":"https:\/\/apuntesdesanluis.com\/index.php\/2024\/04\/22\/contundente-apoyo-de-la-cgt-regional-villa-mercedes-a-la-marcha-universitaria\/#primaryimage"},"image":{"@id":"https:\/\/apuntesdesanluis.com\/index.php\/2024\/04\/22\/contundente-apoyo-de-la-cgt-regional-villa-mercedes-a-la-marcha-universitaria\/#primaryimage"},"thumbnailUrl":"https:\/\/apuntesdesanluis.com\/wp-content\/uploads\/2024\/01\/cgt.png","datePublished":"2024-04-23T01:37:28+00:00","breadcrumb":{"@id":"https:\/\/apuntesdesanluis.com\/index.php\/2024\/04\/22\/contundente-apoyo-de-la-cgt-regional-villa-mercedes-a-la-marcha-universitaria\/#breadcrumb"},"inLanguage":"es-AR","potentialAction":[{"@type":"ReadAction","target":["https:\/\/apuntesdesanluis.com\/index.php\/2024\/04\/22\/contundente-apoyo-de-la-cgt-regional-villa-mercedes-a-la-marcha-universitaria\/"]}]},{"@type":"ImageObject","inLanguage":"es-AR","@id":"https:\/\/apuntesdesanluis.com\/index.php\/2024\/04\/22\/contundente-apoyo-de-la-cgt-regional-villa-mercedes-a-la-marcha-universitaria\/#primaryimage","url":"https:\/\/apuntesdesanluis.com\/wp-content\/uploads\/2024\/01\/cgt.png","contentUrl":"https:\/\/apuntesdesanluis.com\/wp-content\/uploads\/2024\/01\/cgt.png","width":600,"height":356},{"@type":"BreadcrumbList","@id":"https:\/\/apuntesdesanluis.com\/index.php\/2024\/04\/22\/contundente-apoyo-de-la-cgt-regional-villa-mercedes-a-la-marcha-universitaria\/#breadcrumb","itemListElement":[{"@type":"ListItem","position":1,"name":"Inicio","item":"https:\/\/apuntesdesanluis.com\/"},{"@type":"ListItem","position":2,"name":"CONTUNDENTE APOYO DE LA CGT REGIONAL VILLA MERCEDES A LA MARCHA UNIVERSITARIA"}]},{"@type":"WebSite","@id":"https:\/\/apuntesdesanluis.com\/#website","url":"https:\/\/apuntesdesanluis.com\/","name":"Apuntes de San Luis","description":"","publisher":{"@id":"https:\/\/apuntesdesanluis.com\/#\/schema\/person\/b55151d52296fcce64d1a72538a70b90"},"potentialAction":[{"@type":"SearchAction","target":{"@type":"EntryPoint","urlTemplate":"https:\/\/apuntesdesanluis.com\/?s={search_term_string}"},"query-input":{"@type":"PropertyValueSpecification","valueRequired":true,"valueName":"search_term_string"}}],"inLanguage":"es-AR"},{"@type":["Person","Organization"],"@id":"https:\/\/apuntesdesanluis.com\/#\/schema\/person\/b55151d52296fcce64d1a72538a70b90","name":"apuntesdesanluis.com","image":{"@type":"ImageObject","inLanguage":"es-AR","@id":"https:\/\/apuntesdesanluis.com\/#\/schema\/person\/image\/","url":"https:\/\/apuntesdesanluis.com\/wp-content\/uploads\/2023\/07\/cropped-apuntesdesanluis.png","contentUrl":"https:\/\/apuntesdesanluis.com\/wp-content\/uploads\/2023\/07\/cropped-apuntesdesanluis.png","width":450,"height":112,"caption":"apuntesdesanluis.com"},"logo":{"@id":"https:\/\/apuntesdesanluis.com\/#\/schema\/person\/image\/"},"sameAs":["https:\/\/apuntesdesanluis.com"],"url":"https:\/\/apuntesdesanluis.com\/index.php\/author\/apuntesdesanluis-com\/"}]}},"featured_image_urls":{"full":["https:\/\/apuntesdesanluis.com\/wp-content\/uploads\/2024\/01\/cgt.png",600,356,false],"thumbnail":["https:\/\/apuntesdesanluis.com\/wp-content\/uploads\/2024\/01\/cgt-150x150.png",150,150,true],"medium":["https:\/\/apuntesdesanluis.com\/wp-content\/uploads\/2024\/01\/cgt-300x178.png",300,178,true],"medium_large":["https:\/\/apuntesdesanluis.com\/wp-content\/uploads\/2024\/01\/cgt.png",600,356,false],"large":["https:\/\/apuntesdesanluis.com\/wp-content\/uploads\/2024\/01\/cgt.png",600,356,false],"1536x1536":["https:\/\/apuntesdesanluis.com\/wp-content\/uploads\/2024\/01\/cgt.png",600,356,false],"2048x2048":["https:\/\/apuntesdesanluis.com\/wp-content\/uploads\/2024\/01\/cgt.png",600,356,false],"newsever-slider-full":["https:\/\/apuntesdesanluis.com\/wp-content\/uploads\/2024\/01\/cgt.png",600,356,false],"newsever-featured":["https:\/\/apuntesdesanluis.com\/wp-content\/uploads\/2024\/01\/cgt.png",600,356,false],"newsever-medium":["https:\/\/apuntesdesanluis.com\/wp-content\/uploads\/2024\/01\/cgt.png",600,356,false]},"author_info":{"display_name":"apuntesdesanluis.com","author_link":"https:\/\/apuntesdesanluis.com\/index.php\/author\/apuntesdesanluis-com\/"},"category_info":"<a href=\"https:\/\/apuntesdesanluis.com\/index.php\/category\/ciudad-provincia\/\" rel=\"category tag\">Ciudad\/Provincia<\/a>","tag_info":"Ciudad\/Provincia","comment_count":"0","_links":{"self":[{"href":"https:\/\/apuntesdesanluis.com\/index.php\/wp-json\/wp\/v2\/posts\/15032","targetHints":{"allow":["GET"]}}],"collection":[{"href":"https:\/\/apuntesdesanluis.com\/index.php\/wp-json\/wp\/v2\/posts"}],"about":[{"href":"https:\/\/apuntesdesanluis.com\/index.php\/wp-json\/wp\/v2\/types\/post"}],"author":[{"embeddable":true,"href":"https:\/\/apuntesdesanluis.com\/index.php\/wp-json\/wp\/v2\/users\/1"}],"replies":[{"embeddable":true,"href":"https:\/\/apuntesdesanluis.com\/index.php\/wp-json\/wp\/v2\/comments?post=15032"}],"version-history":[{"count":1,"href":"https:\/\/apuntesdesanluis.com\/index.php\/wp-json\/wp\/v2\/posts\/15032\/revisions"}],"predecessor-version":[{"id":15033,"href":"https:\/\/apuntesdesanluis.com\/index.php\/wp-json\/wp\/v2\/posts\/15032\/revisions\/15033"}],"wp:featuredmedia":[{"embeddable":true,"href":"https:\/\/apuntesdesanluis.com\/index.php\/wp-json\/wp\/v2\/media\/10537"}],"wp:attachment":[{"href":"https:\/\/apuntesdesanluis.com\/index.php\/wp-json\/wp\/v2\/media?parent=15032"}],"wp:term":[{"taxonomy":"category","embeddable":true,"href":"https:\/\/apuntesdesanluis.com\/index.php\/wp-json\/wp\/v2\/categories?post=15032"},{"taxonomy":"post_tag","embeddable":true,"href":"https:\/\/apuntesdesanluis.com\/index.php\/wp-json\/wp\/v2\/tags?post=15032"}],"curies":[{"name":"wp","href":"https:\/\/api.w.org\/{rel}","templated":true}]}}