{"id":15034,"date":"2024-04-22T22:55:33","date_gmt":"2024-04-23T01:55:33","guid":{"rendered":"https:\/\/apuntesdesanluis.com\/?p=15034"},"modified":"2024-04-22T22:55:52","modified_gmt":"2024-04-23T01:55:52","slug":"caso-gatica-piden-13-anos-de-prision-para-uno-de-los-imputados-y-penas-en-suspenso-para-los-otros-dos","status":"publish","type":"post","link":"https:\/\/apuntesdesanluis.com\/index.php\/2024\/04\/22\/caso-gatica-piden-13-anos-de-prision-para-uno-de-los-imputados-y-penas-en-suspenso-para-los-otros-dos\/","title":{"rendered":"CASO GATICA: PIDEN 13 A\u00d1OS DE PRISI\u00d3N PARA UNO DE LOS IMPUTADOS Y PENAS EN SUSPENSO PARA LOS OTROS DOS"},"content":{"rendered":"<h3>El Colegio de Jueces a cargo del juicio por el homicidio de Diego Gatica, pas\u00f3 a dictar sentencia y en los pr\u00f3ximos d\u00edas dar\u00e1 a conocer si homologa o rechaza los acuerdos arribados por el Ministerio P\u00fablico Fiscal con el resto de las partes para que la causa concluya bajo el procedimiento de juicio abreviado y que Lautaro Cruz sea condenado a 13 a\u00f1os de prisi\u00f3n m\u00e1s la declaraci\u00f3n de reincidencia. Respecto a Maycol Bustos y Alexis Cuello Mor\u00e1n, se solicitaron tres a\u00f1os de prisi\u00f3n en suspenso.<\/h3>\n<h3>La propuesta fue presentada por la fiscal de Juicio N\u00b0 1, Virginia Palacios Gonella, en la audiencia que se desarroll\u00f3 este lunes en la Sala Oral N\u00b0 1 de los tribunales puntanos. La proposici\u00f3n cont\u00f3 con la adhesi\u00f3n de los imputados y sus abogados defensores, como as\u00ed tambi\u00e9n de la parte damnificada.<\/h3>\n<h3>A Cruz, de 22 a\u00f1os, se le imput\u00f3 el delito de homicidio en ocasi\u00f3n de robo en car\u00e1cter de autor (en relaci\u00f3n a los art\u00edculos 166 y 45 del C\u00f3digo Penal Argentino), mientras a los otros dos acusados, que ten\u00edan 17 a\u00f1os al momento del hecho y por lo tanto eran adolescentes punibles, la Fiscal\u00eda solicit\u00f3 que se declare la responsabilidad penal para ambos en orden al delito de homicidio en ocasi\u00f3n de robo en calidad de participe secundario (165 del c\u00f3digo penal); m\u00e1s lo normado en el R\u00e9gimen Penal de la Minoridad (Ley 22278).<\/h3>\n<h3><strong>SITUACI\u00d3N DE LAUTARO CRUZ<\/strong><\/h3>\n<h3>Cruz llegaba a debate acusado de homicidio en ocasi\u00f3n de robo agravado por la participaci\u00f3n de menores con una petici\u00f3n punitiva elevada por la fiscal Mar\u00eda del Valle Dur\u00e1n de 25 a\u00f1os de prisi\u00f3n. Sin embargo, la fiscal de Juicio N\u00b0 1, Virginia Palacios, se diferenci\u00f3 de la fiscal de Instrucci\u00f3n y explic\u00f3 que la agravante no se conforma con la mera participaci\u00f3n de un menor.<\/h3>\n<h3>\u201cEl sentido de la pena del agravante se da siempre y cuando el menor sea utilizado o se valga del menor para la comisi\u00f3n del hecho. La agravante debe aplicarse en los supuestos donde los mayores efectivamente utilizan como medio los menores.\u00a0 No tengo dudas que Cruz debe responder como autor del delito de homicidio en ocasi\u00f3n de robo sin el agravante mencionado\u201d, dijo Palacios.<\/h3>\n<h3>Como circunstancias agravantes, la fiscal mencion\u00f3 las de tiempo, modo y lugar, la conducta inmediata posterior y la extensi\u00f3n del da\u00f1o tanto de la v\u00edctima como la familia de la v\u00edctima. Palacios tambi\u00e9n agreg\u00f3 como agravante la condena de tres a\u00f1os y seis meses de prisi\u00f3n dictada el 15 de septiembre de 2022. En esa oportunidad, Cruz fue declarado responsable por el delito de lesiones graves agravadas por la participaci\u00f3n de dos o m\u00e1s personas, en car\u00e1cter de coautores, por un hecho ocurrido en diciembre de 2020 y cuya v\u00edctima fue el comisario mayor Hern\u00e1n Soloa.<\/h3>\n<h3>El debate oral se inici\u00f3 con tres horas de retraso porque Cruz se neg\u00f3 esta ma\u00f1ana a salir de su celda para que la polic\u00eda lo traslade a tribunales. El interno est\u00e1 detenido en el servicio penitenciario de Pampas de las Salinas donde cumple prisi\u00f3n preventiva por el homcidio de Gatica y una condena por golpear al exjefe de Polic\u00eda, Soloa.<\/h3>\n<h3><strong>SITUACI\u00d3N DE BUSTOS Y MOR\u00c1N<\/strong><\/h3>\n<h3>Del an\u00e1lisis de la prueba colectada durante la investigaci\u00f3n penal preparatoria, el Ministerio P\u00fablico Fiscal determin\u00f3 que la intervenci\u00f3n los imputados Maycol Bustos y Alexis Mor\u00e1n debe configurarse en t\u00e9rminos de participaci\u00f3n secundaria por aplicaci\u00f3n del art 46 de C\u00f3digo Penal. (Los que cooperen de cualquier otro modo a la ejecuci\u00f3n del hecho y los que presten una ayuda posterior cumpliendo promesas anteriores al mismo, ser\u00e1n reprimidos con la pena correspondiente al delito, disminu\u00eda de un tercio a la mitad).<\/h3>\n<h3>\u201cNo se trata de escoger una pena por escogerla, a ojo de buen cubero. Son distintas las situaciones de Cruz con los menores imputables porque para ellos rige la Ley 22278 y atendiendo tambi\u00e9n la reducci\u00f3n por el grado de reducci\u00f3n acordada\u201d, detall\u00f3 la fiscal Palacios.<\/h3>\n<h3>Para el 5 de septiembre de 2022, fecha del ataque a Gatica, tanto Bustos como Mor\u00e1n ten\u00edan 17 a\u00f1os. \u201cLa situaci\u00f3n de los menores en conflicto con la ley penal se rige por la ley 22278 de 1980, vetusta y absolutamente en contraposici\u00f3n con la din\u00e1mica que se desprende de la vida en sociedad. Esta ley es la que me permiti\u00f3 decirle a la mam\u00e1 de Diego porque los menores de 13 y 14 a\u00f1os no est\u00e1n aqu\u00ed sentados y esto es porque el art\u00edculo primero de la ley establece que no es punible el menor que no haya cumplido los 16 a\u00f1os\u201d, dijo Palacios.<\/h3>\n<h3>Y agreg\u00f3: \u201cTenemos una ley vetusta que sin dudas ser\u00e1 objeto de tratamiento en el \u00e1mbito que nos excede, que es el legislativo. Bustos y Mor\u00e1n van a regirse con esta misma ley\u201d.<\/h3>\n<h3>De acuerdo al art\u00edculo 4\u00b0 de la ley, la imposici\u00f3n de pena est\u00e1 supeditada a que hayan cumplido 18 a\u00f1os de edad y que hayan sido sometidos a un per\u00edodo de tratamiento tutelar no inferior a un a\u00f1o. Ambos requisitos los cumplen: ambos tienen 19 a\u00f1os y luego del hecho fueron investigados por la fiscal\u00eda de Instrucci\u00f3n y se le dio intervenci\u00f3n a la justicia de Familia que tuvo a cargo el tratamiento tutelar.<\/h3>\n<h3>No obstante, Palacios explic\u00f3 c\u00f3mo se lleg\u00f3 a los tres a\u00f1os de prisi\u00f3n en suspenso. \u201cLa ley nos dice que en el caso de los menores de entre 16 a 18 a\u00f1os, el delito imputado merece la reducci\u00f3n de la tentativa. La escala penal de la tentativa coloca al m\u00ednimo del delito a la mitad. Por aplicaci\u00f3n del art\u00edculo 42 del C\u00f3digo Penal, aquella escala que naci\u00f3 con 10 a\u00f1os por el solo hecho de ser un menor imputable nos va a colocar en un m\u00ednimo de cinco a\u00f1os de prisi\u00f3n\u201d.<\/h3>\n<h3>A esos cinco a\u00f1os se le debe aplicar una segunda reducci\u00f3n. La participaci\u00f3n secundaria que se los imput\u00f3 lo es en t\u00e9rminos de lo normado por el art\u00edculo 46 del C\u00f3digo Penal (Participaci\u00f3n Criminal), que establece otra reducci\u00f3n. Dicho art\u00edculo dice \u201cque los que cooperen de cualquier otro modo a la ejecuci\u00f3n del hecho y los que presten una ayuda posterior cumpliendo promesas anteriores al mismo, ser\u00e1n reprimidos con la pena correspondiente al delito, disminu\u00eda de un tercio a la mitad\u201d.<\/h3>\n<h3>\u201cEl C\u00f3digo lo que hace es dividir un participe primario de uno secundario y no meter a todos en la misma bolsa y establecer escalas seg\u00fan el aporte que se hace al hecho. En ese orden de ideas, la escala penal prevista para el participe secundario del tipo penal del art. 165 (que va de los cinco a\u00f1os a la de un a\u00f1o y 6 meses de prisi\u00f3n) deber\u00e1n ponderarse a la luz de la reducci\u00f3n establecida en la ley 22778 situ\u00e1ndolo en los dos a\u00f1os y seis meses de prisi\u00f3n\u201d, detall\u00f3 la fiscal de Juicio N\u00b0 1.<\/h3>\n<h3>Por aplicaci\u00f3n estricta de la letra de la ley y por esta doble reducci\u00f3n prevista, se llega a una tercera consecuencia que es la aplicaci\u00f3n del art\u00edculo 26 del C\u00f3digo Penal que en los casos de primera condena a pena de prisi\u00f3n que no exceda de tres a\u00f1os, o de multa, los tribunales podr\u00e1n ordenar, en el mismo pronunciamiento, que se deje en suspenso el cumplimiento de la pena.<\/h3>\n<h3>\u201cEntiendo que debe justificarse el porqu\u00e9 de tres a\u00f1os de prisi\u00f3n al que hemos arribado. Entiendo que es dif\u00edcil comprenderlo, pero es la pena que se ha considerado como justo, proporcional y razonable para el caso de los menores imputados en la presente causa\u201d, concluy\u00f3 Palacios.<\/h3>\n<p><img fetchpriority=\"high\" decoding=\"async\" class=\"wp-image-15037 aligncenter\" src=\"https:\/\/apuntesdesanluis.com\/wp-content\/uploads\/2024\/04\/TRIBUNAL-FLORES-300x174.png\" alt=\"\" width=\"659\" height=\"382\" srcset=\"https:\/\/apuntesdesanluis.com\/wp-content\/uploads\/2024\/04\/TRIBUNAL-FLORES-300x174.png 300w, https:\/\/apuntesdesanluis.com\/wp-content\/uploads\/2024\/04\/TRIBUNAL-FLORES.png 600w\" sizes=\"(max-width: 659px) 100vw, 659px\" \/><\/p>\n<h3>El tribunal a cargo del juicio estar\u00e1 presidido por Jos\u00e9 Luis Flores y como jueces vocales act\u00faan Adriana Lucero Alfonso y Ariel Gustavo Parrillis. En tanto, el Ministerio P\u00fablico Fiscal est\u00e1 representado por la Fiscal\u00eda de Juicio N\u00b0 1, a cargo de Virginia Palacios Gonella. Cruz es representado por la Defensora Oficial N\u00b0 2 Cecilia Cabello; Bustos por los abogados Ramiro Rubio y Marcos Ju\u00e1rez, mientras que Mor\u00e1n es asistido por H\u00e9ctor Zavala Ag\u00fcero.<\/h3>\n<h3><strong>LOS IMPUTADOS RECONOCIERON SU PARTICIPACI\u00d3N<\/strong><\/h3>\n<h3>El juicio abreviado es una de las formas alternativas de culminar un proceso penal mediante el cual el acusado de un delito reconoce la existencia del hecho, su participaci\u00f3n como autor, c\u00f3mplice o instigador y acepta la calificaci\u00f3n legal que le otorga a ese hecho el fiscal.<\/h3>\n<h3>Es por esto que cuando el tribunal los hizo pasar al frente, los tres imputados reconocieron la participaci\u00f3n, aceptaron la imputaci\u00f3n y tambi\u00e9n la pena, y no quisieron agregar nada m\u00e1s.<\/h3>\n<p><img decoding=\"async\" class=\"wp-image-15036 aligncenter\" src=\"https:\/\/apuntesdesanluis.com\/wp-content\/uploads\/2024\/04\/ASESINOS-300x181.png\" alt=\"\" width=\"645\" height=\"389\" srcset=\"https:\/\/apuntesdesanluis.com\/wp-content\/uploads\/2024\/04\/ASESINOS-300x181.png 300w, https:\/\/apuntesdesanluis.com\/wp-content\/uploads\/2024\/04\/ASESINOS.png 600w\" sizes=\"(max-width: 645px) 100vw, 645px\" \/><\/p>\n<h3><strong>TESTIMONIO DE LOS FAMILIARES<\/strong><\/h3>\n<h3>Cuando el tribunal quiso a escuchar a familiares de Diego Gatica, Ana In\u00e9s Gatica Ledesma fue la primera en tomar la palabra. La mujer ley\u00f3 una carta dirigida a su hermano polic\u00eda: \u201cEste es el segundo d\u00eda m\u00e1s triste de mi vida, el primero fue cuando te fuiste. \u00b4Capullito de Alel\u00ed\u00b4 me dec\u00edas. Uno de los imputados tiene un hijo de un a\u00f1o, como tu Bruno. Hoy tus asesinos est\u00e1n siendo juzgados por una ley de 1980, en un pa\u00eds que deja como mensaje a la sociedad que si sos menor poder robar y matar que no te va a pasar nada\u201d.<\/h3>\n<h3>La hermana de la v\u00edctima prest\u00f3 el consentimiento para la aplicaci\u00f3n del juicio abreviado. \u201cCon estas leyes no me queda otra que estar de acuerdo. Ellos sab\u00edan que mi hermano era polic\u00eda y se llevaron su placa identificatoria como trofeo\u201d.<\/h3>\n<h3>Carina Ledesma, mam\u00e1 de Diego, tambi\u00e9n habl\u00f3 ante los jueces. Entre l\u00e1grimas, la mujer dijo que mientras escuchaba a la fiscal se imaginaba a \u201cuna manada de animales salvajes intentando cazar a mi hijo. Hace 19 meses que espero que uno me diga que est\u00e1 arrepentido y ninguno lo hizo. Nos quitaron un mont\u00f3n de proyectos y solo me mantengo viva porque Diego me leg\u00f3 la responsabilidad de cuidar a su hijo. Hoy se van cinco asesinos a su casa y yo nunca lo voy a volver a ver. No les deseo a nadie esto, ni a las madres de los asesinos\u201d.<\/h3>\n<h3><strong>EL CASO<\/strong><\/h3>\n<h3>El hecho que se investiga ocurri\u00f3 el 5 de septiembre de 2022, alrededor de las 19:30 horas. Ese d\u00eda, Gatica circulaba en su bicicleta por la avenida Eva Per\u00f3n a la altura del barrio Tibiletti, cuando fue sorprendido por un grupo de j\u00f3venes, entre los que se encontraban menores de edad, quienes lo interceptaron, le pegaron en la cabeza con una piedra, lo tiraron al piso y le sustrajeron la bici blanca marca Venzo y sus zapatillas.<\/h3>\n<p>&nbsp;<\/p>\n<p>&nbsp;<\/p>\n<p>&nbsp;<\/p>\n<p>&nbsp;<\/p>\n","protected":false},"excerpt":{"rendered":"<p>El Colegio de Jueces a cargo del juicio por el homicidio de Diego Gatica, pas\u00f3&#8230;<\/p>\n","protected":false},"author":1,"featured_media":15035,"comment_status":"closed","ping_status":"closed","sticky":false,"template":"","format":"standard","meta":{"footnotes":""},"categories":[6],"tags":[],"class_list":["post-15034","post","type-post","status-publish","format-standard","has-post-thumbnail","hentry","category-ciudad-provincia"],"yoast_head":"<!-- This site is optimized with the Yoast SEO plugin v26.1.1 - https:\/\/yoast.com\/wordpress\/plugins\/seo\/ -->\n<title>CASO GATICA: PIDEN 13 A\u00d1OS DE PRISI\u00d3N PARA UNO DE LOS IMPUTADOS Y PENAS EN SUSPENSO PARA LOS OTROS DOS - Apuntes de San Luis<\/title>\n<meta name=\"robots\" content=\"index, follow, max-snippet:-1, max-image-preview:large, max-video-preview:-1\" \/>\n<link rel=\"canonical\" href=\"https:\/\/apuntesdesanluis.com\/index.php\/2024\/04\/22\/caso-gatica-piden-13-anos-de-prision-para-uno-de-los-imputados-y-penas-en-suspenso-para-los-otros-dos\/\" \/>\n<meta property=\"og:locale\" content=\"es_ES\" \/>\n<meta property=\"og:type\" content=\"article\" \/>\n<meta property=\"og:title\" content=\"CASO GATICA: PIDEN 13 A\u00d1OS DE PRISI\u00d3N PARA UNO DE LOS IMPUTADOS Y PENAS EN SUSPENSO PARA LOS OTROS DOS - Apuntes de San Luis\" \/>\n<meta property=\"og:description\" content=\"El Colegio de Jueces a cargo del juicio por el homicidio de Diego Gatica, pas\u00f3...\" \/>\n<meta property=\"og:url\" content=\"https:\/\/apuntesdesanluis.com\/index.php\/2024\/04\/22\/caso-gatica-piden-13-anos-de-prision-para-uno-de-los-imputados-y-penas-en-suspenso-para-los-otros-dos\/\" \/>\n<meta property=\"og:site_name\" content=\"Apuntes de San Luis\" \/>\n<meta property=\"article:published_time\" content=\"2024-04-23T01:55:33+00:00\" \/>\n<meta property=\"article:modified_time\" content=\"2024-04-23T01:55:52+00:00\" \/>\n<meta property=\"og:image\" content=\"https:\/\/apuntesdesanluis.com\/wp-content\/uploads\/2024\/04\/JUICIO-2.png\" \/>\n\t<meta property=\"og:image:width\" content=\"600\" \/>\n\t<meta property=\"og:image:height\" content=\"307\" \/>\n\t<meta property=\"og:image:type\" content=\"image\/png\" \/>\n<meta name=\"author\" content=\"apuntesdesanluis.com\" \/>\n<meta name=\"twitter:card\" content=\"summary_large_image\" \/>\n<meta name=\"twitter:label1\" content=\"Escrito por\" \/>\n\t<meta name=\"twitter:data1\" content=\"apuntesdesanluis.com\" \/>\n\t<meta name=\"twitter:label2\" content=\"Tiempo de lectura\" \/>\n\t<meta name=\"twitter:data2\" content=\"9 minutos\" \/>\n<script type=\"application\/ld+json\" class=\"yoast-schema-graph\">{\"@context\":\"https:\/\/schema.org\",\"@graph\":[{\"@type\":\"Article\",\"@id\":\"https:\/\/apuntesdesanluis.com\/index.php\/2024\/04\/22\/caso-gatica-piden-13-anos-de-prision-para-uno-de-los-imputados-y-penas-en-suspenso-para-los-otros-dos\/#article\",\"isPartOf\":{\"@id\":\"https:\/\/apuntesdesanluis.com\/index.php\/2024\/04\/22\/caso-gatica-piden-13-anos-de-prision-para-uno-de-los-imputados-y-penas-en-suspenso-para-los-otros-dos\/\"},\"author\":{\"name\":\"apuntesdesanluis.com\",\"@id\":\"https:\/\/apuntesdesanluis.com\/#\/schema\/person\/b55151d52296fcce64d1a72538a70b90\"},\"headline\":\"CASO GATICA: PIDEN 13 A\u00d1OS DE PRISI\u00d3N PARA UNO DE LOS IMPUTADOS Y PENAS EN SUSPENSO PARA LOS OTROS DOS\",\"datePublished\":\"2024-04-23T01:55:33+00:00\",\"dateModified\":\"2024-04-23T01:55:52+00:00\",\"mainEntityOfPage\":{\"@id\":\"https:\/\/apuntesdesanluis.com\/index.php\/2024\/04\/22\/caso-gatica-piden-13-anos-de-prision-para-uno-de-los-imputados-y-penas-en-suspenso-para-los-otros-dos\/\"},\"wordCount\":1889,\"publisher\":{\"@id\":\"https:\/\/apuntesdesanluis.com\/#\/schema\/person\/b55151d52296fcce64d1a72538a70b90\"},\"image\":{\"@id\":\"https:\/\/apuntesdesanluis.com\/index.php\/2024\/04\/22\/caso-gatica-piden-13-anos-de-prision-para-uno-de-los-imputados-y-penas-en-suspenso-para-los-otros-dos\/#primaryimage\"},\"thumbnailUrl\":\"https:\/\/apuntesdesanluis.com\/wp-content\/uploads\/2024\/04\/JUICIO-2.png\",\"articleSection\":[\"Ciudad\/Provincia\"],\"inLanguage\":\"es-AR\"},{\"@type\":\"WebPage\",\"@id\":\"https:\/\/apuntesdesanluis.com\/index.php\/2024\/04\/22\/caso-gatica-piden-13-anos-de-prision-para-uno-de-los-imputados-y-penas-en-suspenso-para-los-otros-dos\/\",\"url\":\"https:\/\/apuntesdesanluis.com\/index.php\/2024\/04\/22\/caso-gatica-piden-13-anos-de-prision-para-uno-de-los-imputados-y-penas-en-suspenso-para-los-otros-dos\/\",\"name\":\"CASO GATICA: PIDEN 13 A\u00d1OS DE PRISI\u00d3N PARA UNO DE LOS IMPUTADOS Y PENAS EN SUSPENSO PARA LOS OTROS DOS - Apuntes de San Luis\",\"isPartOf\":{\"@id\":\"https:\/\/apuntesdesanluis.com\/#website\"},\"primaryImageOfPage\":{\"@id\":\"https:\/\/apuntesdesanluis.com\/index.php\/2024\/04\/22\/caso-gatica-piden-13-anos-de-prision-para-uno-de-los-imputados-y-penas-en-suspenso-para-los-otros-dos\/#primaryimage\"},\"image\":{\"@id\":\"https:\/\/apuntesdesanluis.com\/index.php\/2024\/04\/22\/caso-gatica-piden-13-anos-de-prision-para-uno-de-los-imputados-y-penas-en-suspenso-para-los-otros-dos\/#primaryimage\"},\"thumbnailUrl\":\"https:\/\/apuntesdesanluis.com\/wp-content\/uploads\/2024\/04\/JUICIO-2.png\",\"datePublished\":\"2024-04-23T01:55:33+00:00\",\"dateModified\":\"2024-04-23T01:55:52+00:00\",\"breadcrumb\":{\"@id\":\"https:\/\/apuntesdesanluis.com\/index.php\/2024\/04\/22\/caso-gatica-piden-13-anos-de-prision-para-uno-de-los-imputados-y-penas-en-suspenso-para-los-otros-dos\/#breadcrumb\"},\"inLanguage\":\"es-AR\",\"potentialAction\":[{\"@type\":\"ReadAction\",\"target\":[\"https:\/\/apuntesdesanluis.com\/index.php\/2024\/04\/22\/caso-gatica-piden-13-anos-de-prision-para-uno-de-los-imputados-y-penas-en-suspenso-para-los-otros-dos\/\"]}]},{\"@type\":\"ImageObject\",\"inLanguage\":\"es-AR\",\"@id\":\"https:\/\/apuntesdesanluis.com\/index.php\/2024\/04\/22\/caso-gatica-piden-13-anos-de-prision-para-uno-de-los-imputados-y-penas-en-suspenso-para-los-otros-dos\/#primaryimage\",\"url\":\"https:\/\/apuntesdesanluis.com\/wp-content\/uploads\/2024\/04\/JUICIO-2.png\",\"contentUrl\":\"https:\/\/apuntesdesanluis.com\/wp-content\/uploads\/2024\/04\/JUICIO-2.png\",\"width\":600,\"height\":307},{\"@type\":\"BreadcrumbList\",\"@id\":\"https:\/\/apuntesdesanluis.com\/index.php\/2024\/04\/22\/caso-gatica-piden-13-anos-de-prision-para-uno-de-los-imputados-y-penas-en-suspenso-para-los-otros-dos\/#breadcrumb\",\"itemListElement\":[{\"@type\":\"ListItem\",\"position\":1,\"name\":\"Inicio\",\"item\":\"https:\/\/apuntesdesanluis.com\/\"},{\"@type\":\"ListItem\",\"position\":2,\"name\":\"CASO GATICA: PIDEN 13 A\u00d1OS DE PRISI\u00d3N PARA UNO DE LOS IMPUTADOS Y PENAS EN SUSPENSO PARA LOS OTROS DOS\"}]},{\"@type\":\"WebSite\",\"@id\":\"https:\/\/apuntesdesanluis.com\/#website\",\"url\":\"https:\/\/apuntesdesanluis.com\/\",\"name\":\"Apuntes de San Luis\",\"description\":\"\",\"publisher\":{\"@id\":\"https:\/\/apuntesdesanluis.com\/#\/schema\/person\/b55151d52296fcce64d1a72538a70b90\"},\"potentialAction\":[{\"@type\":\"SearchAction\",\"target\":{\"@type\":\"EntryPoint\",\"urlTemplate\":\"https:\/\/apuntesdesanluis.com\/?s={search_term_string}\"},\"query-input\":{\"@type\":\"PropertyValueSpecification\",\"valueRequired\":true,\"valueName\":\"search_term_string\"}}],\"inLanguage\":\"es-AR\"},{\"@type\":[\"Person\",\"Organization\"],\"@id\":\"https:\/\/apuntesdesanluis.com\/#\/schema\/person\/b55151d52296fcce64d1a72538a70b90\",\"name\":\"apuntesdesanluis.com\",\"image\":{\"@type\":\"ImageObject\",\"inLanguage\":\"es-AR\",\"@id\":\"https:\/\/apuntesdesanluis.com\/#\/schema\/person\/image\/\",\"url\":\"https:\/\/apuntesdesanluis.com\/wp-content\/uploads\/2023\/07\/cropped-apuntesdesanluis.png\",\"contentUrl\":\"https:\/\/apuntesdesanluis.com\/wp-content\/uploads\/2023\/07\/cropped-apuntesdesanluis.png\",\"width\":450,\"height\":112,\"caption\":\"apuntesdesanluis.com\"},\"logo\":{\"@id\":\"https:\/\/apuntesdesanluis.com\/#\/schema\/person\/image\/\"},\"sameAs\":[\"https:\/\/apuntesdesanluis.com\"],\"url\":\"https:\/\/apuntesdesanluis.com\/index.php\/author\/apuntesdesanluis-com\/\"}]}<\/script>\n<!-- \/ Yoast SEO plugin. -->","yoast_head_json":{"title":"CASO GATICA: PIDEN 13 A\u00d1OS DE PRISI\u00d3N PARA UNO DE LOS IMPUTADOS Y PENAS EN SUSPENSO PARA LOS OTROS DOS - Apuntes de San Luis","robots":{"index":"index","follow":"follow","max-snippet":"max-snippet:-1","max-image-preview":"max-image-preview:large","max-video-preview":"max-video-preview:-1"},"canonical":"https:\/\/apuntesdesanluis.com\/index.php\/2024\/04\/22\/caso-gatica-piden-13-anos-de-prision-para-uno-de-los-imputados-y-penas-en-suspenso-para-los-otros-dos\/","og_locale":"es_ES","og_type":"article","og_title":"CASO GATICA: PIDEN 13 A\u00d1OS DE PRISI\u00d3N PARA UNO DE LOS IMPUTADOS Y PENAS EN SUSPENSO PARA LOS OTROS DOS - Apuntes de San Luis","og_description":"El Colegio de Jueces a cargo del juicio por el homicidio de Diego Gatica, pas\u00f3...","og_url":"https:\/\/apuntesdesanluis.com\/index.php\/2024\/04\/22\/caso-gatica-piden-13-anos-de-prision-para-uno-de-los-imputados-y-penas-en-suspenso-para-los-otros-dos\/","og_site_name":"Apuntes de San Luis","article_published_time":"2024-04-23T01:55:33+00:00","article_modified_time":"2024-04-23T01:55:52+00:00","og_image":[{"width":600,"height":307,"url":"https:\/\/apuntesdesanluis.com\/wp-content\/uploads\/2024\/04\/JUICIO-2.png","type":"image\/png"}],"author":"apuntesdesanluis.com","twitter_card":"summary_large_image","twitter_misc":{"Escrito por":"apuntesdesanluis.com","Tiempo de lectura":"9 minutos"},"schema":{"@context":"https:\/\/schema.org","@graph":[{"@type":"Article","@id":"https:\/\/apuntesdesanluis.com\/index.php\/2024\/04\/22\/caso-gatica-piden-13-anos-de-prision-para-uno-de-los-imputados-y-penas-en-suspenso-para-los-otros-dos\/#article","isPartOf":{"@id":"https:\/\/apuntesdesanluis.com\/index.php\/2024\/04\/22\/caso-gatica-piden-13-anos-de-prision-para-uno-de-los-imputados-y-penas-en-suspenso-para-los-otros-dos\/"},"author":{"name":"apuntesdesanluis.com","@id":"https:\/\/apuntesdesanluis.com\/#\/schema\/person\/b55151d52296fcce64d1a72538a70b90"},"headline":"CASO GATICA: PIDEN 13 A\u00d1OS DE PRISI\u00d3N PARA UNO DE LOS IMPUTADOS Y PENAS EN SUSPENSO PARA LOS OTROS DOS","datePublished":"2024-04-23T01:55:33+00:00","dateModified":"2024-04-23T01:55:52+00:00","mainEntityOfPage":{"@id":"https:\/\/apuntesdesanluis.com\/index.php\/2024\/04\/22\/caso-gatica-piden-13-anos-de-prision-para-uno-de-los-imputados-y-penas-en-suspenso-para-los-otros-dos\/"},"wordCount":1889,"publisher":{"@id":"https:\/\/apuntesdesanluis.com\/#\/schema\/person\/b55151d52296fcce64d1a72538a70b90"},"image":{"@id":"https:\/\/apuntesdesanluis.com\/index.php\/2024\/04\/22\/caso-gatica-piden-13-anos-de-prision-para-uno-de-los-imputados-y-penas-en-suspenso-para-los-otros-dos\/#primaryimage"},"thumbnailUrl":"https:\/\/apuntesdesanluis.com\/wp-content\/uploads\/2024\/04\/JUICIO-2.png","articleSection":["Ciudad\/Provincia"],"inLanguage":"es-AR"},{"@type":"WebPage","@id":"https:\/\/apuntesdesanluis.com\/index.php\/2024\/04\/22\/caso-gatica-piden-13-anos-de-prision-para-uno-de-los-imputados-y-penas-en-suspenso-para-los-otros-dos\/","url":"https:\/\/apuntesdesanluis.com\/index.php\/2024\/04\/22\/caso-gatica-piden-13-anos-de-prision-para-uno-de-los-imputados-y-penas-en-suspenso-para-los-otros-dos\/","name":"CASO GATICA: PIDEN 13 A\u00d1OS DE PRISI\u00d3N PARA UNO DE LOS IMPUTADOS Y PENAS EN SUSPENSO PARA LOS OTROS DOS - Apuntes de San Luis","isPartOf":{"@id":"https:\/\/apuntesdesanluis.com\/#website"},"primaryImageOfPage":{"@id":"https:\/\/apuntesdesanluis.com\/index.php\/2024\/04\/22\/caso-gatica-piden-13-anos-de-prision-para-uno-de-los-imputados-y-penas-en-suspenso-para-los-otros-dos\/#primaryimage"},"image":{"@id":"https:\/\/apuntesdesanluis.com\/index.php\/2024\/04\/22\/caso-gatica-piden-13-anos-de-prision-para-uno-de-los-imputados-y-penas-en-suspenso-para-los-otros-dos\/#primaryimage"},"thumbnailUrl":"https:\/\/apuntesdesanluis.com\/wp-content\/uploads\/2024\/04\/JUICIO-2.png","datePublished":"2024-04-23T01:55:33+00:00","dateModified":"2024-04-23T01:55:52+00:00","breadcrumb":{"@id":"https:\/\/apuntesdesanluis.com\/index.php\/2024\/04\/22\/caso-gatica-piden-13-anos-de-prision-para-uno-de-los-imputados-y-penas-en-suspenso-para-los-otros-dos\/#breadcrumb"},"inLanguage":"es-AR","potentialAction":[{"@type":"ReadAction","target":["https:\/\/apuntesdesanluis.com\/index.php\/2024\/04\/22\/caso-gatica-piden-13-anos-de-prision-para-uno-de-los-imputados-y-penas-en-suspenso-para-los-otros-dos\/"]}]},{"@type":"ImageObject","inLanguage":"es-AR","@id":"https:\/\/apuntesdesanluis.com\/index.php\/2024\/04\/22\/caso-gatica-piden-13-anos-de-prision-para-uno-de-los-imputados-y-penas-en-suspenso-para-los-otros-dos\/#primaryimage","url":"https:\/\/apuntesdesanluis.com\/wp-content\/uploads\/2024\/04\/JUICIO-2.png","contentUrl":"https:\/\/apuntesdesanluis.com\/wp-content\/uploads\/2024\/04\/JUICIO-2.png","width":600,"height":307},{"@type":"BreadcrumbList","@id":"https:\/\/apuntesdesanluis.com\/index.php\/2024\/04\/22\/caso-gatica-piden-13-anos-de-prision-para-uno-de-los-imputados-y-penas-en-suspenso-para-los-otros-dos\/#breadcrumb","itemListElement":[{"@type":"ListItem","position":1,"name":"Inicio","item":"https:\/\/apuntesdesanluis.com\/"},{"@type":"ListItem","position":2,"name":"CASO GATICA: PIDEN 13 A\u00d1OS DE PRISI\u00d3N PARA UNO DE LOS IMPUTADOS Y PENAS EN SUSPENSO PARA LOS OTROS DOS"}]},{"@type":"WebSite","@id":"https:\/\/apuntesdesanluis.com\/#website","url":"https:\/\/apuntesdesanluis.com\/","name":"Apuntes de San Luis","description":"","publisher":{"@id":"https:\/\/apuntesdesanluis.com\/#\/schema\/person\/b55151d52296fcce64d1a72538a70b90"},"potentialAction":[{"@type":"SearchAction","target":{"@type":"EntryPoint","urlTemplate":"https:\/\/apuntesdesanluis.com\/?s={search_term_string}"},"query-input":{"@type":"PropertyValueSpecification","valueRequired":true,"valueName":"search_term_string"}}],"inLanguage":"es-AR"},{"@type":["Person","Organization"],"@id":"https:\/\/apuntesdesanluis.com\/#\/schema\/person\/b55151d52296fcce64d1a72538a70b90","name":"apuntesdesanluis.com","image":{"@type":"ImageObject","inLanguage":"es-AR","@id":"https:\/\/apuntesdesanluis.com\/#\/schema\/person\/image\/","url":"https:\/\/apuntesdesanluis.com\/wp-content\/uploads\/2023\/07\/cropped-apuntesdesanluis.png","contentUrl":"https:\/\/apuntesdesanluis.com\/wp-content\/uploads\/2023\/07\/cropped-apuntesdesanluis.png","width":450,"height":112,"caption":"apuntesdesanluis.com"},"logo":{"@id":"https:\/\/apuntesdesanluis.com\/#\/schema\/person\/image\/"},"sameAs":["https:\/\/apuntesdesanluis.com"],"url":"https:\/\/apuntesdesanluis.com\/index.php\/author\/apuntesdesanluis-com\/"}]}},"featured_image_urls":{"full":["https:\/\/apuntesdesanluis.com\/wp-content\/uploads\/2024\/04\/JUICIO-2.png",600,307,false],"thumbnail":["https:\/\/apuntesdesanluis.com\/wp-content\/uploads\/2024\/04\/JUICIO-2-150x150.png",150,150,true],"medium":["https:\/\/apuntesdesanluis.com\/wp-content\/uploads\/2024\/04\/JUICIO-2-300x154.png",300,154,true],"medium_large":["https:\/\/apuntesdesanluis.com\/wp-content\/uploads\/2024\/04\/JUICIO-2.png",600,307,false],"large":["https:\/\/apuntesdesanluis.com\/wp-content\/uploads\/2024\/04\/JUICIO-2.png",600,307,false],"1536x1536":["https:\/\/apuntesdesanluis.com\/wp-content\/uploads\/2024\/04\/JUICIO-2.png",600,307,false],"2048x2048":["https:\/\/apuntesdesanluis.com\/wp-content\/uploads\/2024\/04\/JUICIO-2.png",600,307,false],"newsever-slider-full":["https:\/\/apuntesdesanluis.com\/wp-content\/uploads\/2024\/04\/JUICIO-2.png",600,307,false],"newsever-featured":["https:\/\/apuntesdesanluis.com\/wp-content\/uploads\/2024\/04\/JUICIO-2.png",600,307,false],"newsever-medium":["https:\/\/apuntesdesanluis.com\/wp-content\/uploads\/2024\/04\/JUICIO-2.png",600,307,false]},"author_info":{"display_name":"apuntesdesanluis.com","author_link":"https:\/\/apuntesdesanluis.com\/index.php\/author\/apuntesdesanluis-com\/"},"category_info":"<a href=\"https:\/\/apuntesdesanluis.com\/index.php\/category\/ciudad-provincia\/\" rel=\"category tag\">Ciudad\/Provincia<\/a>","tag_info":"Ciudad\/Provincia","comment_count":"0","_links":{"self":[{"href":"https:\/\/apuntesdesanluis.com\/index.php\/wp-json\/wp\/v2\/posts\/15034","targetHints":{"allow":["GET"]}}],"collection":[{"href":"https:\/\/apuntesdesanluis.com\/index.php\/wp-json\/wp\/v2\/posts"}],"about":[{"href":"https:\/\/apuntesdesanluis.com\/index.php\/wp-json\/wp\/v2\/types\/post"}],"author":[{"embeddable":true,"href":"https:\/\/apuntesdesanluis.com\/index.php\/wp-json\/wp\/v2\/users\/1"}],"replies":[{"embeddable":true,"href":"https:\/\/apuntesdesanluis.com\/index.php\/wp-json\/wp\/v2\/comments?post=15034"}],"version-history":[{"count":1,"href":"https:\/\/apuntesdesanluis.com\/index.php\/wp-json\/wp\/v2\/posts\/15034\/revisions"}],"predecessor-version":[{"id":15038,"href":"https:\/\/apuntesdesanluis.com\/index.php\/wp-json\/wp\/v2\/posts\/15034\/revisions\/15038"}],"wp:featuredmedia":[{"embeddable":true,"href":"https:\/\/apuntesdesanluis.com\/index.php\/wp-json\/wp\/v2\/media\/15035"}],"wp:attachment":[{"href":"https:\/\/apuntesdesanluis.com\/index.php\/wp-json\/wp\/v2\/media?parent=15034"}],"wp:term":[{"taxonomy":"category","embeddable":true,"href":"https:\/\/apuntesdesanluis.com\/index.php\/wp-json\/wp\/v2\/categories?post=15034"},{"taxonomy":"post_tag","embeddable":true,"href":"https:\/\/apuntesdesanluis.com\/index.php\/wp-json\/wp\/v2\/tags?post=15034"}],"curies":[{"name":"wp","href":"https:\/\/api.w.org\/{rel}","templated":true}]}}