{"id":15039,"date":"2024-04-23T07:01:00","date_gmt":"2024-04-23T10:01:00","guid":{"rendered":"https:\/\/apuntesdesanluis.com\/?p=15039"},"modified":"2024-04-23T07:01:00","modified_gmt":"2024-04-23T10:01:00","slug":"morinigo-sin-educacion-publica-no-hay-libertad","status":"publish","type":"post","link":"https:\/\/apuntesdesanluis.com\/index.php\/2024\/04\/23\/morinigo-sin-educacion-publica-no-hay-libertad\/","title":{"rendered":"MORI\u00d1IGO: \u201cSIN EDUCACI\u00d3N P\u00daBLICA NO HAY LIBERTAD\u201d"},"content":{"rendered":"<h3>\u201cEsta es la crisis m\u00e1s in\u00e9dita y particular que han atravesado las universidades nacionales en toda su historia\u201d, reconoci\u00f3 el rector de la UNSL, <strong>V\u00edctor Mori\u00f1igo<\/strong>, en di\u00e1logo con Radio UNViMe y el programa <strong>\u201cDejame un t\u00edtulo\u201d<\/strong>, que se emite para redes.<\/h3>\n<h3>El recientemente electo presidente del <strong>Consejo Interuniversitario Nacional (CIN)<\/strong>, destac\u00f3 tambi\u00e9n que entre todos los rectores no hay uno solo que est\u00e9 alineado con el gobierno nacional, \u201clo cual crea un problema porque no hay una l\u00ednea directa con el presidente para saber cu\u00e1l es la prioridad que le da a la educaci\u00f3n superior este gobierno\u201d.<\/h3>\n<h3>A pesar del contexto actual, Mori\u00f1igo expres\u00f3 que \u201cel mensaje a los padres, a la sociedad, es que la universidad no va a cerrar jam\u00e1s. La universidad p\u00fablica argentina va a estar abierta siempre. Y alguien dir\u00e1 pero c\u00f3mo, no era que no iban a tener para pagar la luz, bueno, daremos clases de d\u00eda. La universidad argentina, que pas\u00f3 La Noche de los Bastones Largos, que le met\u00edan presos a rectores, docentes, estudiantes, que desaparec\u00edan, no se la va a llevar puesta un gobierno nacional que quiere desfinanciar la universidad por preconceptos\u201d.<\/h3>\n<h3>Por otro lado, destac\u00f3 \u201cel compromiso y el rol social\u201d que cumple la universidad, al referirse al reciente Nodo Solidario que se puso en marcha en el Centro Universitario de Villa Mercedes, instalando un punto de venta de una cooperativa dentro del campus.<\/h3>\n<h3>A la hora de dejar un t\u00edtulo, expres\u00f3: \u201cSin educaci\u00f3n,\u00a0 no hay libertad. Porque tenemos la enorme responsabilidad de construir una democracia de iguales, y no puede haber iguales si todos ellos no tienen la misma educaci\u00f3n\u201d.<\/h3>\n<p>&nbsp;<\/p>\n<p><iframe title=\"V\u00cdCTOR MORI\u00d1IGO. Rector UNSL - Pte. del CIN.\" width=\"640\" height=\"360\" src=\"https:\/\/www.youtube.com\/embed\/hMRxn-qcf8Q?feature=oembed\" frameborder=\"0\" allow=\"accelerometer; autoplay; clipboard-write; encrypted-media; gyroscope; picture-in-picture; web-share\" referrerpolicy=\"strict-origin-when-cross-origin\" allowfullscreen><\/iframe><\/p>\n<p>&nbsp;<\/p>\n<p>&nbsp;<\/p>\n","protected":false},"excerpt":{"rendered":"<p>\u201cEsta es la crisis m\u00e1s in\u00e9dita y particular que han atravesado las universidades nacionales en&#8230;<\/p>\n","protected":false},"author":1,"featured_media":15041,"comment_status":"closed","ping_status":"closed","sticky":false,"template":"","format":"standard","meta":{"footnotes":""},"categories":[9],"tags":[],"class_list":["post-15039","post","type-post","status-publish","format-standard","has-post-thumbnail","hentry","category-opinion"],"yoast_head":"<!-- This site is optimized with the Yoast SEO plugin v26.1.1 - https:\/\/yoast.com\/wordpress\/plugins\/seo\/ -->\n<title>MORI\u00d1IGO: \u201cSIN EDUCACI\u00d3N P\u00daBLICA NO HAY LIBERTAD\u201d - Apuntes de San Luis<\/title>\n<meta name=\"robots\" content=\"index, follow, max-snippet:-1, max-image-preview:large, max-video-preview:-1\" \/>\n<link rel=\"canonical\" href=\"https:\/\/apuntesdesanluis.com\/index.php\/2024\/04\/23\/morinigo-sin-educacion-publica-no-hay-libertad\/\" \/>\n<meta property=\"og:locale\" content=\"es_ES\" \/>\n<meta property=\"og:type\" content=\"article\" \/>\n<meta property=\"og:title\" content=\"MORI\u00d1IGO: \u201cSIN EDUCACI\u00d3N P\u00daBLICA NO HAY LIBERTAD\u201d - Apuntes de San Luis\" \/>\n<meta property=\"og:description\" content=\"\u201cEsta es la crisis m\u00e1s in\u00e9dita y particular que han atravesado las universidades nacionales en...\" \/>\n<meta property=\"og:url\" content=\"https:\/\/apuntesdesanluis.com\/index.php\/2024\/04\/23\/morinigo-sin-educacion-publica-no-hay-libertad\/\" \/>\n<meta property=\"og:site_name\" content=\"Apuntes de San Luis\" \/>\n<meta property=\"article:published_time\" content=\"2024-04-23T10:01:00+00:00\" \/>\n<meta property=\"og:image\" content=\"https:\/\/apuntesdesanluis.com\/wp-content\/uploads\/2024\/04\/MORINIGO-1.png\" \/>\n\t<meta property=\"og:image:width\" content=\"600\" \/>\n\t<meta property=\"og:image:height\" content=\"308\" \/>\n\t<meta property=\"og:image:type\" content=\"image\/png\" \/>\n<meta name=\"author\" content=\"apuntesdesanluis.com\" \/>\n<meta name=\"twitter:card\" content=\"summary_large_image\" \/>\n<meta name=\"twitter:label1\" content=\"Escrito por\" \/>\n\t<meta name=\"twitter:data1\" content=\"apuntesdesanluis.com\" \/>\n\t<meta name=\"twitter:label2\" content=\"Tiempo de lectura\" \/>\n\t<meta name=\"twitter:data2\" content=\"2 minutos\" \/>\n<script type=\"application\/ld+json\" class=\"yoast-schema-graph\">{\"@context\":\"https:\/\/schema.org\",\"@graph\":[{\"@type\":\"Article\",\"@id\":\"https:\/\/apuntesdesanluis.com\/index.php\/2024\/04\/23\/morinigo-sin-educacion-publica-no-hay-libertad\/#article\",\"isPartOf\":{\"@id\":\"https:\/\/apuntesdesanluis.com\/index.php\/2024\/04\/23\/morinigo-sin-educacion-publica-no-hay-libertad\/\"},\"author\":{\"name\":\"apuntesdesanluis.com\",\"@id\":\"https:\/\/apuntesdesanluis.com\/#\/schema\/person\/b55151d52296fcce64d1a72538a70b90\"},\"headline\":\"MORI\u00d1IGO: \u201cSIN EDUCACI\u00d3N P\u00daBLICA NO HAY LIBERTAD\u201d\",\"datePublished\":\"2024-04-23T10:01:00+00:00\",\"mainEntityOfPage\":{\"@id\":\"https:\/\/apuntesdesanluis.com\/index.php\/2024\/04\/23\/morinigo-sin-educacion-publica-no-hay-libertad\/\"},\"wordCount\":317,\"publisher\":{\"@id\":\"https:\/\/apuntesdesanluis.com\/#\/schema\/person\/b55151d52296fcce64d1a72538a70b90\"},\"image\":{\"@id\":\"https:\/\/apuntesdesanluis.com\/index.php\/2024\/04\/23\/morinigo-sin-educacion-publica-no-hay-libertad\/#primaryimage\"},\"thumbnailUrl\":\"https:\/\/apuntesdesanluis.com\/wp-content\/uploads\/2024\/04\/MORINIGO-1.png\",\"articleSection\":[\"Opini\u00f3n\"],\"inLanguage\":\"es-AR\"},{\"@type\":\"WebPage\",\"@id\":\"https:\/\/apuntesdesanluis.com\/index.php\/2024\/04\/23\/morinigo-sin-educacion-publica-no-hay-libertad\/\",\"url\":\"https:\/\/apuntesdesanluis.com\/index.php\/2024\/04\/23\/morinigo-sin-educacion-publica-no-hay-libertad\/\",\"name\":\"MORI\u00d1IGO: \u201cSIN EDUCACI\u00d3N P\u00daBLICA NO HAY LIBERTAD\u201d - Apuntes de San Luis\",\"isPartOf\":{\"@id\":\"https:\/\/apuntesdesanluis.com\/#website\"},\"primaryImageOfPage\":{\"@id\":\"https:\/\/apuntesdesanluis.com\/index.php\/2024\/04\/23\/morinigo-sin-educacion-publica-no-hay-libertad\/#primaryimage\"},\"image\":{\"@id\":\"https:\/\/apuntesdesanluis.com\/index.php\/2024\/04\/23\/morinigo-sin-educacion-publica-no-hay-libertad\/#primaryimage\"},\"thumbnailUrl\":\"https:\/\/apuntesdesanluis.com\/wp-content\/uploads\/2024\/04\/MORINIGO-1.png\",\"datePublished\":\"2024-04-23T10:01:00+00:00\",\"breadcrumb\":{\"@id\":\"https:\/\/apuntesdesanluis.com\/index.php\/2024\/04\/23\/morinigo-sin-educacion-publica-no-hay-libertad\/#breadcrumb\"},\"inLanguage\":\"es-AR\",\"potentialAction\":[{\"@type\":\"ReadAction\",\"target\":[\"https:\/\/apuntesdesanluis.com\/index.php\/2024\/04\/23\/morinigo-sin-educacion-publica-no-hay-libertad\/\"]}]},{\"@type\":\"ImageObject\",\"inLanguage\":\"es-AR\",\"@id\":\"https:\/\/apuntesdesanluis.com\/index.php\/2024\/04\/23\/morinigo-sin-educacion-publica-no-hay-libertad\/#primaryimage\",\"url\":\"https:\/\/apuntesdesanluis.com\/wp-content\/uploads\/2024\/04\/MORINIGO-1.png\",\"contentUrl\":\"https:\/\/apuntesdesanluis.com\/wp-content\/uploads\/2024\/04\/MORINIGO-1.png\",\"width\":600,\"height\":308},{\"@type\":\"BreadcrumbList\",\"@id\":\"https:\/\/apuntesdesanluis.com\/index.php\/2024\/04\/23\/morinigo-sin-educacion-publica-no-hay-libertad\/#breadcrumb\",\"itemListElement\":[{\"@type\":\"ListItem\",\"position\":1,\"name\":\"Inicio\",\"item\":\"https:\/\/apuntesdesanluis.com\/\"},{\"@type\":\"ListItem\",\"position\":2,\"name\":\"MORI\u00d1IGO: \u201cSIN EDUCACI\u00d3N P\u00daBLICA NO HAY LIBERTAD\u201d\"}]},{\"@type\":\"WebSite\",\"@id\":\"https:\/\/apuntesdesanluis.com\/#website\",\"url\":\"https:\/\/apuntesdesanluis.com\/\",\"name\":\"Apuntes de San Luis\",\"description\":\"\",\"publisher\":{\"@id\":\"https:\/\/apuntesdesanluis.com\/#\/schema\/person\/b55151d52296fcce64d1a72538a70b90\"},\"potentialAction\":[{\"@type\":\"SearchAction\",\"target\":{\"@type\":\"EntryPoint\",\"urlTemplate\":\"https:\/\/apuntesdesanluis.com\/?s={search_term_string}\"},\"query-input\":{\"@type\":\"PropertyValueSpecification\",\"valueRequired\":true,\"valueName\":\"search_term_string\"}}],\"inLanguage\":\"es-AR\"},{\"@type\":[\"Person\",\"Organization\"],\"@id\":\"https:\/\/apuntesdesanluis.com\/#\/schema\/person\/b55151d52296fcce64d1a72538a70b90\",\"name\":\"apuntesdesanluis.com\",\"image\":{\"@type\":\"ImageObject\",\"inLanguage\":\"es-AR\",\"@id\":\"https:\/\/apuntesdesanluis.com\/#\/schema\/person\/image\/\",\"url\":\"https:\/\/apuntesdesanluis.com\/wp-content\/uploads\/2023\/07\/cropped-apuntesdesanluis.png\",\"contentUrl\":\"https:\/\/apuntesdesanluis.com\/wp-content\/uploads\/2023\/07\/cropped-apuntesdesanluis.png\",\"width\":450,\"height\":112,\"caption\":\"apuntesdesanluis.com\"},\"logo\":{\"@id\":\"https:\/\/apuntesdesanluis.com\/#\/schema\/person\/image\/\"},\"sameAs\":[\"https:\/\/apuntesdesanluis.com\"],\"url\":\"https:\/\/apuntesdesanluis.com\/index.php\/author\/apuntesdesanluis-com\/\"}]}<\/script>\n<!-- \/ Yoast SEO plugin. -->","yoast_head_json":{"title":"MORI\u00d1IGO: \u201cSIN EDUCACI\u00d3N P\u00daBLICA NO HAY LIBERTAD\u201d - Apuntes de San Luis","robots":{"index":"index","follow":"follow","max-snippet":"max-snippet:-1","max-image-preview":"max-image-preview:large","max-video-preview":"max-video-preview:-1"},"canonical":"https:\/\/apuntesdesanluis.com\/index.php\/2024\/04\/23\/morinigo-sin-educacion-publica-no-hay-libertad\/","og_locale":"es_ES","og_type":"article","og_title":"MORI\u00d1IGO: \u201cSIN EDUCACI\u00d3N P\u00daBLICA NO HAY LIBERTAD\u201d - Apuntes de San Luis","og_description":"\u201cEsta es la crisis m\u00e1s in\u00e9dita y particular que han atravesado las universidades nacionales en...","og_url":"https:\/\/apuntesdesanluis.com\/index.php\/2024\/04\/23\/morinigo-sin-educacion-publica-no-hay-libertad\/","og_site_name":"Apuntes de San Luis","article_published_time":"2024-04-23T10:01:00+00:00","og_image":[{"width":600,"height":308,"url":"https:\/\/apuntesdesanluis.com\/wp-content\/uploads\/2024\/04\/MORINIGO-1.png","type":"image\/png"}],"author":"apuntesdesanluis.com","twitter_card":"summary_large_image","twitter_misc":{"Escrito por":"apuntesdesanluis.com","Tiempo de lectura":"2 minutos"},"schema":{"@context":"https:\/\/schema.org","@graph":[{"@type":"Article","@id":"https:\/\/apuntesdesanluis.com\/index.php\/2024\/04\/23\/morinigo-sin-educacion-publica-no-hay-libertad\/#article","isPartOf":{"@id":"https:\/\/apuntesdesanluis.com\/index.php\/2024\/04\/23\/morinigo-sin-educacion-publica-no-hay-libertad\/"},"author":{"name":"apuntesdesanluis.com","@id":"https:\/\/apuntesdesanluis.com\/#\/schema\/person\/b55151d52296fcce64d1a72538a70b90"},"headline":"MORI\u00d1IGO: \u201cSIN EDUCACI\u00d3N P\u00daBLICA NO HAY LIBERTAD\u201d","datePublished":"2024-04-23T10:01:00+00:00","mainEntityOfPage":{"@id":"https:\/\/apuntesdesanluis.com\/index.php\/2024\/04\/23\/morinigo-sin-educacion-publica-no-hay-libertad\/"},"wordCount":317,"publisher":{"@id":"https:\/\/apuntesdesanluis.com\/#\/schema\/person\/b55151d52296fcce64d1a72538a70b90"},"image":{"@id":"https:\/\/apuntesdesanluis.com\/index.php\/2024\/04\/23\/morinigo-sin-educacion-publica-no-hay-libertad\/#primaryimage"},"thumbnailUrl":"https:\/\/apuntesdesanluis.com\/wp-content\/uploads\/2024\/04\/MORINIGO-1.png","articleSection":["Opini\u00f3n"],"inLanguage":"es-AR"},{"@type":"WebPage","@id":"https:\/\/apuntesdesanluis.com\/index.php\/2024\/04\/23\/morinigo-sin-educacion-publica-no-hay-libertad\/","url":"https:\/\/apuntesdesanluis.com\/index.php\/2024\/04\/23\/morinigo-sin-educacion-publica-no-hay-libertad\/","name":"MORI\u00d1IGO: \u201cSIN EDUCACI\u00d3N P\u00daBLICA NO HAY LIBERTAD\u201d - Apuntes de San Luis","isPartOf":{"@id":"https:\/\/apuntesdesanluis.com\/#website"},"primaryImageOfPage":{"@id":"https:\/\/apuntesdesanluis.com\/index.php\/2024\/04\/23\/morinigo-sin-educacion-publica-no-hay-libertad\/#primaryimage"},"image":{"@id":"https:\/\/apuntesdesanluis.com\/index.php\/2024\/04\/23\/morinigo-sin-educacion-publica-no-hay-libertad\/#primaryimage"},"thumbnailUrl":"https:\/\/apuntesdesanluis.com\/wp-content\/uploads\/2024\/04\/MORINIGO-1.png","datePublished":"2024-04-23T10:01:00+00:00","breadcrumb":{"@id":"https:\/\/apuntesdesanluis.com\/index.php\/2024\/04\/23\/morinigo-sin-educacion-publica-no-hay-libertad\/#breadcrumb"},"inLanguage":"es-AR","potentialAction":[{"@type":"ReadAction","target":["https:\/\/apuntesdesanluis.com\/index.php\/2024\/04\/23\/morinigo-sin-educacion-publica-no-hay-libertad\/"]}]},{"@type":"ImageObject","inLanguage":"es-AR","@id":"https:\/\/apuntesdesanluis.com\/index.php\/2024\/04\/23\/morinigo-sin-educacion-publica-no-hay-libertad\/#primaryimage","url":"https:\/\/apuntesdesanluis.com\/wp-content\/uploads\/2024\/04\/MORINIGO-1.png","contentUrl":"https:\/\/apuntesdesanluis.com\/wp-content\/uploads\/2024\/04\/MORINIGO-1.png","width":600,"height":308},{"@type":"BreadcrumbList","@id":"https:\/\/apuntesdesanluis.com\/index.php\/2024\/04\/23\/morinigo-sin-educacion-publica-no-hay-libertad\/#breadcrumb","itemListElement":[{"@type":"ListItem","position":1,"name":"Inicio","item":"https:\/\/apuntesdesanluis.com\/"},{"@type":"ListItem","position":2,"name":"MORI\u00d1IGO: \u201cSIN EDUCACI\u00d3N P\u00daBLICA NO HAY LIBERTAD\u201d"}]},{"@type":"WebSite","@id":"https:\/\/apuntesdesanluis.com\/#website","url":"https:\/\/apuntesdesanluis.com\/","name":"Apuntes de San Luis","description":"","publisher":{"@id":"https:\/\/apuntesdesanluis.com\/#\/schema\/person\/b55151d52296fcce64d1a72538a70b90"},"potentialAction":[{"@type":"SearchAction","target":{"@type":"EntryPoint","urlTemplate":"https:\/\/apuntesdesanluis.com\/?s={search_term_string}"},"query-input":{"@type":"PropertyValueSpecification","valueRequired":true,"valueName":"search_term_string"}}],"inLanguage":"es-AR"},{"@type":["Person","Organization"],"@id":"https:\/\/apuntesdesanluis.com\/#\/schema\/person\/b55151d52296fcce64d1a72538a70b90","name":"apuntesdesanluis.com","image":{"@type":"ImageObject","inLanguage":"es-AR","@id":"https:\/\/apuntesdesanluis.com\/#\/schema\/person\/image\/","url":"https:\/\/apuntesdesanluis.com\/wp-content\/uploads\/2023\/07\/cropped-apuntesdesanluis.png","contentUrl":"https:\/\/apuntesdesanluis.com\/wp-content\/uploads\/2023\/07\/cropped-apuntesdesanluis.png","width":450,"height":112,"caption":"apuntesdesanluis.com"},"logo":{"@id":"https:\/\/apuntesdesanluis.com\/#\/schema\/person\/image\/"},"sameAs":["https:\/\/apuntesdesanluis.com"],"url":"https:\/\/apuntesdesanluis.com\/index.php\/author\/apuntesdesanluis-com\/"}]}},"featured_image_urls":{"full":["https:\/\/apuntesdesanluis.com\/wp-content\/uploads\/2024\/04\/MORINIGO-1.png",600,308,false],"thumbnail":["https:\/\/apuntesdesanluis.com\/wp-content\/uploads\/2024\/04\/MORINIGO-1-150x150.png",150,150,true],"medium":["https:\/\/apuntesdesanluis.com\/wp-content\/uploads\/2024\/04\/MORINIGO-1-300x154.png",300,154,true],"medium_large":["https:\/\/apuntesdesanluis.com\/wp-content\/uploads\/2024\/04\/MORINIGO-1.png",600,308,false],"large":["https:\/\/apuntesdesanluis.com\/wp-content\/uploads\/2024\/04\/MORINIGO-1.png",600,308,false],"1536x1536":["https:\/\/apuntesdesanluis.com\/wp-content\/uploads\/2024\/04\/MORINIGO-1.png",600,308,false],"2048x2048":["https:\/\/apuntesdesanluis.com\/wp-content\/uploads\/2024\/04\/MORINIGO-1.png",600,308,false],"newsever-slider-full":["https:\/\/apuntesdesanluis.com\/wp-content\/uploads\/2024\/04\/MORINIGO-1.png",600,308,false],"newsever-featured":["https:\/\/apuntesdesanluis.com\/wp-content\/uploads\/2024\/04\/MORINIGO-1.png",600,308,false],"newsever-medium":["https:\/\/apuntesdesanluis.com\/wp-content\/uploads\/2024\/04\/MORINIGO-1.png",600,308,false]},"author_info":{"display_name":"apuntesdesanluis.com","author_link":"https:\/\/apuntesdesanluis.com\/index.php\/author\/apuntesdesanluis-com\/"},"category_info":"<a href=\"https:\/\/apuntesdesanluis.com\/index.php\/category\/opinion\/\" rel=\"category tag\">Opini\u00f3n<\/a>","tag_info":"Opini\u00f3n","comment_count":"0","_links":{"self":[{"href":"https:\/\/apuntesdesanluis.com\/index.php\/wp-json\/wp\/v2\/posts\/15039","targetHints":{"allow":["GET"]}}],"collection":[{"href":"https:\/\/apuntesdesanluis.com\/index.php\/wp-json\/wp\/v2\/posts"}],"about":[{"href":"https:\/\/apuntesdesanluis.com\/index.php\/wp-json\/wp\/v2\/types\/post"}],"author":[{"embeddable":true,"href":"https:\/\/apuntesdesanluis.com\/index.php\/wp-json\/wp\/v2\/users\/1"}],"replies":[{"embeddable":true,"href":"https:\/\/apuntesdesanluis.com\/index.php\/wp-json\/wp\/v2\/comments?post=15039"}],"version-history":[{"count":2,"href":"https:\/\/apuntesdesanluis.com\/index.php\/wp-json\/wp\/v2\/posts\/15039\/revisions"}],"predecessor-version":[{"id":15042,"href":"https:\/\/apuntesdesanluis.com\/index.php\/wp-json\/wp\/v2\/posts\/15039\/revisions\/15042"}],"wp:featuredmedia":[{"embeddable":true,"href":"https:\/\/apuntesdesanluis.com\/index.php\/wp-json\/wp\/v2\/media\/15041"}],"wp:attachment":[{"href":"https:\/\/apuntesdesanluis.com\/index.php\/wp-json\/wp\/v2\/media?parent=15039"}],"wp:term":[{"taxonomy":"category","embeddable":true,"href":"https:\/\/apuntesdesanluis.com\/index.php\/wp-json\/wp\/v2\/categories?post=15039"},{"taxonomy":"post_tag","embeddable":true,"href":"https:\/\/apuntesdesanluis.com\/index.php\/wp-json\/wp\/v2\/tags?post=15039"}],"curies":[{"name":"wp","href":"https:\/\/api.w.org\/{rel}","templated":true}]}}