{"id":15043,"date":"2024-04-23T07:06:17","date_gmt":"2024-04-23T10:06:17","guid":{"rendered":"https:\/\/apuntesdesanluis.com\/?p=15043"},"modified":"2024-04-23T07:06:17","modified_gmt":"2024-04-23T10:06:17","slug":"desfinanciar-la-universidad-es-perpetuar-las-desigualdades-economicas","status":"publish","type":"post","link":"https:\/\/apuntesdesanluis.com\/index.php\/2024\/04\/23\/desfinanciar-la-universidad-es-perpetuar-las-desigualdades-economicas\/","title":{"rendered":"DESFINANCIAR LA UNIVERSIDAD ES PERPETUAR LAS DESIGUALDADES ECON\u00d3MICAS"},"content":{"rendered":"<h3>Por <span style=\"color: #000000;\"><em>Adolfo Castro Luna *<\/em><\/span><\/h3>\n<h3><em> <img fetchpriority=\"high\" decoding=\"async\" class=\"wp-image-15044 aligncenter\" src=\"https:\/\/apuntesdesanluis.com\/wp-content\/uploads\/2024\/04\/adolfo-castro-luna-300x181.jpg\" alt=\"\" width=\"454\" height=\"274\" srcset=\"https:\/\/apuntesdesanluis.com\/wp-content\/uploads\/2024\/04\/adolfo-castro-luna-300x181.jpg 300w, https:\/\/apuntesdesanluis.com\/wp-content\/uploads\/2024\/04\/adolfo-castro-luna.jpg 529w\" sizes=\"(max-width: 454px) 100vw, 454px\" \/><\/em><\/h3>\n<h3>La historia de la universidad p\u00fablica argentina es un testimonio vivo de la lucha por el acceso igualitario al conocimiento y la formaci\u00f3n acad\u00e9mica. Desde sus ra\u00edces, las universidades p\u00fablicas han sido baluartes de la democracia y la inclusi\u00f3n social, abriendo sus puertas a millones de j\u00f3venes \u00e1vidos de aprender y crecer intelectualmente.<\/h3>\n<h3>La Ley de Educaci\u00f3n Superior, en concordancia con la Ley 26.206, establece claramente la responsabilidad primordial e indelegable del Estado en garantizar la educaci\u00f3n superior como un bien p\u00fablico y un derecho humano. Esto implica no solo proveer financiamiento, supervisi\u00f3n y fiscalizaci\u00f3n de las universidades, sino tambi\u00e9n asegurar la igualdad de oportunidades en el acceso, permanencia, graduaci\u00f3n y egreso de los estudiantes, as\u00ed como promover pol\u00edticas de inclusi\u00f3n educativa que reconozcan las diversas identidades y necesidades de g\u00e9nero, culturales y socioecon\u00f3micas.<\/h3>\n<h3>La Universidad p\u00fablica argentina, es un orgullo nacional y un referente mundial. Desfinanciarla ser\u00eda desfinanciar el futuro del pa\u00eds y perpetuar las desigualdades socioecon\u00f3micas. La gratuidad universitaria intenta mitigar las barreras econ\u00f3micas que enfrentan muchos j\u00f3venes, provenientes de familias trabajadoras, para acceder a la educaci\u00f3n superior.<\/h3>\n<h3>La defensa de las universidades p\u00fablicas no solo se fundamenta en su contribuci\u00f3n al desarrollo econ\u00f3mico y al capital humano del pa\u00eds, sino tambi\u00e9n en su papel crucial en la construcci\u00f3n de una sociedad m\u00e1s justa e igualitaria. Estas instituciones no solo forman profesionales competentes, sino que tambi\u00e9n fomentan la participaci\u00f3n ciudadana, el pensamiento cr\u00edtico y la producci\u00f3n de conocimiento emancipado.<\/h3>\n<h3>Es esencial entender que la defensa de las universidades p\u00fablicas va m\u00e1s all\u00e1 de asegurar su financiamiento b\u00e1sico. Tambi\u00e9n implica replantear su sentido comunitario y su compromiso con la transformaci\u00f3n social, para que sigan siendo espacios de debate, reflexi\u00f3n y acci\u00f3n en pos de un futuro m\u00e1s equitativo y democr\u00e1tico para todos los argentinos.<\/h3>\n<p><img decoding=\"async\" class=\"wp-image-14957 aligncenter\" src=\"https:\/\/apuntesdesanluis.com\/wp-content\/uploads\/2024\/04\/marcha-federal-post-300x227.jpg\" alt=\"\" width=\"470\" height=\"356\" srcset=\"https:\/\/apuntesdesanluis.com\/wp-content\/uploads\/2024\/04\/marcha-federal-post-300x227.jpg 300w, https:\/\/apuntesdesanluis.com\/wp-content\/uploads\/2024\/04\/marcha-federal-post.jpg 583w\" sizes=\"(max-width: 470px) 100vw, 470px\" \/><\/p>\n<h3>Hoy la educaci\u00f3n p\u00fablica est\u00e1 nuevamente en el centro de un debate. Las Universidades de nuestro pa\u00eds, gracias a su estructura filos\u00f3fica y al legado de la Reforma Universitaria que permiti\u00f3 el acceso de hijos de trabajadores a estas instituciones, han sido un pilar fundamental en el desarrollo de Argentina, coloc\u00e1ndola a la vanguardia en Latinoam\u00e9rica y en el mundo.<\/h3>\n<h3>Se propone reducir el presupuesto de las Universidades Estatales en un 50%, una medida que equivale pr\u00e1cticamente a cerrarlas. En tiempos de crisis como los que vivimos, es necesario ahorrar y hacer ajustes, pero tambi\u00e9n es fundamental priorizar disciplinas que nos permitan salir adelante y avanzar hacia el progreso. La educaci\u00f3n, en sus diferentes niveles, es una de esas disciplinas. Lo que se invierte en educaci\u00f3n no debe ser visto como un gasto, sino como una inversi\u00f3n en el futuro de nuestro pa\u00eds.<\/h3>\n<h3>Recordemos que de estas instituciones han surgido premios Nobel y profesionales de renombre mundial, como el Dr. Bernardo Houssay o el Dr. Ren\u00e9 Favaloro, quienes han dejado una marca indeleble en la historia de la ciencia y la medicina.<\/h3>\n<h3>Si existen dudas sobre el manejo de los fondos universitarios, se deben realizar auditor\u00edas, esto no va a afectar la autonom\u00eda de las instituciones. Adem\u00e1s, el debate pol\u00edtico en los claustros universitarios es saludable y necesario, ya que son los j\u00f3venes y futuros l\u00edderes del pa\u00eds quienes deben formarse en esta disciplina tan fundamental para el desarrollo de la sociedad.<\/h3>\n<h3>Por todo ello, adhiero e invito a la movilizaci\u00f3n del d\u00eda martes 23 de abril en defensa de una Universidad que responda al esp\u00edritu de la Reforma Universitaria del 18, y que contin\u00fae siendo una fuente inagotable de recursos humanos especializados, absolutamente necesarios para la reactivaci\u00f3n del pa\u00eds cuando superemos esta crisis. Como bien dijo Bernardo Houssay: &#8220;Los pa\u00edses ricos lo son porque dedican dinero al desarrollo cient\u00edfico tecnol\u00f3gico. Y los pa\u00edses pobres lo siguen siendo si no lo hacen. La ciencia no es cara, cara es la ignorancia&#8221;.<\/h3>\n<h4><span style=\"color: #000000;\"><em>* Senador Provincial Dpto. Pedernera<\/em><\/span><\/h4>\n<p>&nbsp;<\/p>\n<p>&nbsp;<\/p>\n<p>&nbsp;<\/p>\n<p>&nbsp;<\/p>\n<p>&nbsp;<\/p>\n","protected":false},"excerpt":{"rendered":"<p>Por Adolfo Castro Luna * La historia de la universidad p\u00fablica argentina es un testimonio&#8230;<\/p>\n","protected":false},"author":1,"featured_media":13897,"comment_status":"closed","ping_status":"closed","sticky":false,"template":"","format":"standard","meta":{"footnotes":""},"categories":[9],"tags":[],"class_list":["post-15043","post","type-post","status-publish","format-standard","has-post-thumbnail","hentry","category-opinion"],"yoast_head":"<!-- This site is optimized with the Yoast SEO plugin v26.1.1 - https:\/\/yoast.com\/wordpress\/plugins\/seo\/ -->\n<title>DESFINANCIAR LA UNIVERSIDAD ES PERPETUAR LAS DESIGUALDADES ECON\u00d3MICAS - Apuntes de San Luis<\/title>\n<meta name=\"robots\" content=\"index, follow, max-snippet:-1, max-image-preview:large, max-video-preview:-1\" \/>\n<link rel=\"canonical\" href=\"https:\/\/apuntesdesanluis.com\/index.php\/2024\/04\/23\/desfinanciar-la-universidad-es-perpetuar-las-desigualdades-economicas\/\" \/>\n<meta property=\"og:locale\" content=\"es_ES\" \/>\n<meta property=\"og:type\" content=\"article\" \/>\n<meta property=\"og:title\" content=\"DESFINANCIAR LA UNIVERSIDAD ES PERPETUAR LAS DESIGUALDADES ECON\u00d3MICAS - Apuntes de San Luis\" \/>\n<meta property=\"og:description\" content=\"Por Adolfo Castro Luna * La historia de la universidad p\u00fablica argentina es un testimonio...\" \/>\n<meta property=\"og:url\" content=\"https:\/\/apuntesdesanluis.com\/index.php\/2024\/04\/23\/desfinanciar-la-universidad-es-perpetuar-las-desigualdades-economicas\/\" \/>\n<meta property=\"og:site_name\" content=\"Apuntes de San Luis\" \/>\n<meta property=\"article:published_time\" content=\"2024-04-23T10:06:17+00:00\" \/>\n<meta property=\"og:image\" content=\"https:\/\/apuntesdesanluis.com\/wp-content\/uploads\/2024\/03\/UBA.png\" \/>\n\t<meta property=\"og:image:width\" content=\"724\" \/>\n\t<meta property=\"og:image:height\" content=\"441\" \/>\n\t<meta property=\"og:image:type\" content=\"image\/png\" \/>\n<meta name=\"author\" content=\"apuntesdesanluis.com\" \/>\n<meta name=\"twitter:card\" content=\"summary_large_image\" \/>\n<meta name=\"twitter:label1\" content=\"Escrito por\" \/>\n\t<meta name=\"twitter:data1\" content=\"apuntesdesanluis.com\" \/>\n\t<meta name=\"twitter:label2\" content=\"Tiempo de lectura\" \/>\n\t<meta name=\"twitter:data2\" content=\"4 minutos\" \/>\n<script type=\"application\/ld+json\" class=\"yoast-schema-graph\">{\"@context\":\"https:\/\/schema.org\",\"@graph\":[{\"@type\":\"Article\",\"@id\":\"https:\/\/apuntesdesanluis.com\/index.php\/2024\/04\/23\/desfinanciar-la-universidad-es-perpetuar-las-desigualdades-economicas\/#article\",\"isPartOf\":{\"@id\":\"https:\/\/apuntesdesanluis.com\/index.php\/2024\/04\/23\/desfinanciar-la-universidad-es-perpetuar-las-desigualdades-economicas\/\"},\"author\":{\"name\":\"apuntesdesanluis.com\",\"@id\":\"https:\/\/apuntesdesanluis.com\/#\/schema\/person\/b55151d52296fcce64d1a72538a70b90\"},\"headline\":\"DESFINANCIAR LA UNIVERSIDAD ES PERPETUAR LAS DESIGUALDADES ECON\u00d3MICAS\",\"datePublished\":\"2024-04-23T10:06:17+00:00\",\"mainEntityOfPage\":{\"@id\":\"https:\/\/apuntesdesanluis.com\/index.php\/2024\/04\/23\/desfinanciar-la-universidad-es-perpetuar-las-desigualdades-economicas\/\"},\"wordCount\":718,\"publisher\":{\"@id\":\"https:\/\/apuntesdesanluis.com\/#\/schema\/person\/b55151d52296fcce64d1a72538a70b90\"},\"image\":{\"@id\":\"https:\/\/apuntesdesanluis.com\/index.php\/2024\/04\/23\/desfinanciar-la-universidad-es-perpetuar-las-desigualdades-economicas\/#primaryimage\"},\"thumbnailUrl\":\"https:\/\/apuntesdesanluis.com\/wp-content\/uploads\/2024\/03\/UBA.png\",\"articleSection\":[\"Opini\u00f3n\"],\"inLanguage\":\"es-AR\"},{\"@type\":\"WebPage\",\"@id\":\"https:\/\/apuntesdesanluis.com\/index.php\/2024\/04\/23\/desfinanciar-la-universidad-es-perpetuar-las-desigualdades-economicas\/\",\"url\":\"https:\/\/apuntesdesanluis.com\/index.php\/2024\/04\/23\/desfinanciar-la-universidad-es-perpetuar-las-desigualdades-economicas\/\",\"name\":\"DESFINANCIAR LA UNIVERSIDAD ES PERPETUAR LAS DESIGUALDADES ECON\u00d3MICAS - Apuntes de San Luis\",\"isPartOf\":{\"@id\":\"https:\/\/apuntesdesanluis.com\/#website\"},\"primaryImageOfPage\":{\"@id\":\"https:\/\/apuntesdesanluis.com\/index.php\/2024\/04\/23\/desfinanciar-la-universidad-es-perpetuar-las-desigualdades-economicas\/#primaryimage\"},\"image\":{\"@id\":\"https:\/\/apuntesdesanluis.com\/index.php\/2024\/04\/23\/desfinanciar-la-universidad-es-perpetuar-las-desigualdades-economicas\/#primaryimage\"},\"thumbnailUrl\":\"https:\/\/apuntesdesanluis.com\/wp-content\/uploads\/2024\/03\/UBA.png\",\"datePublished\":\"2024-04-23T10:06:17+00:00\",\"breadcrumb\":{\"@id\":\"https:\/\/apuntesdesanluis.com\/index.php\/2024\/04\/23\/desfinanciar-la-universidad-es-perpetuar-las-desigualdades-economicas\/#breadcrumb\"},\"inLanguage\":\"es-AR\",\"potentialAction\":[{\"@type\":\"ReadAction\",\"target\":[\"https:\/\/apuntesdesanluis.com\/index.php\/2024\/04\/23\/desfinanciar-la-universidad-es-perpetuar-las-desigualdades-economicas\/\"]}]},{\"@type\":\"ImageObject\",\"inLanguage\":\"es-AR\",\"@id\":\"https:\/\/apuntesdesanluis.com\/index.php\/2024\/04\/23\/desfinanciar-la-universidad-es-perpetuar-las-desigualdades-economicas\/#primaryimage\",\"url\":\"https:\/\/apuntesdesanluis.com\/wp-content\/uploads\/2024\/03\/UBA.png\",\"contentUrl\":\"https:\/\/apuntesdesanluis.com\/wp-content\/uploads\/2024\/03\/UBA.png\",\"width\":724,\"height\":441},{\"@type\":\"BreadcrumbList\",\"@id\":\"https:\/\/apuntesdesanluis.com\/index.php\/2024\/04\/23\/desfinanciar-la-universidad-es-perpetuar-las-desigualdades-economicas\/#breadcrumb\",\"itemListElement\":[{\"@type\":\"ListItem\",\"position\":1,\"name\":\"Inicio\",\"item\":\"https:\/\/apuntesdesanluis.com\/\"},{\"@type\":\"ListItem\",\"position\":2,\"name\":\"DESFINANCIAR LA UNIVERSIDAD ES PERPETUAR LAS DESIGUALDADES ECON\u00d3MICAS\"}]},{\"@type\":\"WebSite\",\"@id\":\"https:\/\/apuntesdesanluis.com\/#website\",\"url\":\"https:\/\/apuntesdesanluis.com\/\",\"name\":\"Apuntes de San Luis\",\"description\":\"\",\"publisher\":{\"@id\":\"https:\/\/apuntesdesanluis.com\/#\/schema\/person\/b55151d52296fcce64d1a72538a70b90\"},\"potentialAction\":[{\"@type\":\"SearchAction\",\"target\":{\"@type\":\"EntryPoint\",\"urlTemplate\":\"https:\/\/apuntesdesanluis.com\/?s={search_term_string}\"},\"query-input\":{\"@type\":\"PropertyValueSpecification\",\"valueRequired\":true,\"valueName\":\"search_term_string\"}}],\"inLanguage\":\"es-AR\"},{\"@type\":[\"Person\",\"Organization\"],\"@id\":\"https:\/\/apuntesdesanluis.com\/#\/schema\/person\/b55151d52296fcce64d1a72538a70b90\",\"name\":\"apuntesdesanluis.com\",\"image\":{\"@type\":\"ImageObject\",\"inLanguage\":\"es-AR\",\"@id\":\"https:\/\/apuntesdesanluis.com\/#\/schema\/person\/image\/\",\"url\":\"https:\/\/apuntesdesanluis.com\/wp-content\/uploads\/2023\/07\/cropped-apuntesdesanluis.png\",\"contentUrl\":\"https:\/\/apuntesdesanluis.com\/wp-content\/uploads\/2023\/07\/cropped-apuntesdesanluis.png\",\"width\":450,\"height\":112,\"caption\":\"apuntesdesanluis.com\"},\"logo\":{\"@id\":\"https:\/\/apuntesdesanluis.com\/#\/schema\/person\/image\/\"},\"sameAs\":[\"https:\/\/apuntesdesanluis.com\"],\"url\":\"https:\/\/apuntesdesanluis.com\/index.php\/author\/apuntesdesanluis-com\/\"}]}<\/script>\n<!-- \/ Yoast SEO plugin. -->","yoast_head_json":{"title":"DESFINANCIAR LA UNIVERSIDAD ES PERPETUAR LAS DESIGUALDADES ECON\u00d3MICAS - Apuntes de San Luis","robots":{"index":"index","follow":"follow","max-snippet":"max-snippet:-1","max-image-preview":"max-image-preview:large","max-video-preview":"max-video-preview:-1"},"canonical":"https:\/\/apuntesdesanluis.com\/index.php\/2024\/04\/23\/desfinanciar-la-universidad-es-perpetuar-las-desigualdades-economicas\/","og_locale":"es_ES","og_type":"article","og_title":"DESFINANCIAR LA UNIVERSIDAD ES PERPETUAR LAS DESIGUALDADES ECON\u00d3MICAS - Apuntes de San Luis","og_description":"Por Adolfo Castro Luna * La historia de la universidad p\u00fablica argentina es un testimonio...","og_url":"https:\/\/apuntesdesanluis.com\/index.php\/2024\/04\/23\/desfinanciar-la-universidad-es-perpetuar-las-desigualdades-economicas\/","og_site_name":"Apuntes de San Luis","article_published_time":"2024-04-23T10:06:17+00:00","og_image":[{"width":724,"height":441,"url":"https:\/\/apuntesdesanluis.com\/wp-content\/uploads\/2024\/03\/UBA.png","type":"image\/png"}],"author":"apuntesdesanluis.com","twitter_card":"summary_large_image","twitter_misc":{"Escrito por":"apuntesdesanluis.com","Tiempo de lectura":"4 minutos"},"schema":{"@context":"https:\/\/schema.org","@graph":[{"@type":"Article","@id":"https:\/\/apuntesdesanluis.com\/index.php\/2024\/04\/23\/desfinanciar-la-universidad-es-perpetuar-las-desigualdades-economicas\/#article","isPartOf":{"@id":"https:\/\/apuntesdesanluis.com\/index.php\/2024\/04\/23\/desfinanciar-la-universidad-es-perpetuar-las-desigualdades-economicas\/"},"author":{"name":"apuntesdesanluis.com","@id":"https:\/\/apuntesdesanluis.com\/#\/schema\/person\/b55151d52296fcce64d1a72538a70b90"},"headline":"DESFINANCIAR LA UNIVERSIDAD ES PERPETUAR LAS DESIGUALDADES ECON\u00d3MICAS","datePublished":"2024-04-23T10:06:17+00:00","mainEntityOfPage":{"@id":"https:\/\/apuntesdesanluis.com\/index.php\/2024\/04\/23\/desfinanciar-la-universidad-es-perpetuar-las-desigualdades-economicas\/"},"wordCount":718,"publisher":{"@id":"https:\/\/apuntesdesanluis.com\/#\/schema\/person\/b55151d52296fcce64d1a72538a70b90"},"image":{"@id":"https:\/\/apuntesdesanluis.com\/index.php\/2024\/04\/23\/desfinanciar-la-universidad-es-perpetuar-las-desigualdades-economicas\/#primaryimage"},"thumbnailUrl":"https:\/\/apuntesdesanluis.com\/wp-content\/uploads\/2024\/03\/UBA.png","articleSection":["Opini\u00f3n"],"inLanguage":"es-AR"},{"@type":"WebPage","@id":"https:\/\/apuntesdesanluis.com\/index.php\/2024\/04\/23\/desfinanciar-la-universidad-es-perpetuar-las-desigualdades-economicas\/","url":"https:\/\/apuntesdesanluis.com\/index.php\/2024\/04\/23\/desfinanciar-la-universidad-es-perpetuar-las-desigualdades-economicas\/","name":"DESFINANCIAR LA UNIVERSIDAD ES PERPETUAR LAS DESIGUALDADES ECON\u00d3MICAS - Apuntes de San Luis","isPartOf":{"@id":"https:\/\/apuntesdesanluis.com\/#website"},"primaryImageOfPage":{"@id":"https:\/\/apuntesdesanluis.com\/index.php\/2024\/04\/23\/desfinanciar-la-universidad-es-perpetuar-las-desigualdades-economicas\/#primaryimage"},"image":{"@id":"https:\/\/apuntesdesanluis.com\/index.php\/2024\/04\/23\/desfinanciar-la-universidad-es-perpetuar-las-desigualdades-economicas\/#primaryimage"},"thumbnailUrl":"https:\/\/apuntesdesanluis.com\/wp-content\/uploads\/2024\/03\/UBA.png","datePublished":"2024-04-23T10:06:17+00:00","breadcrumb":{"@id":"https:\/\/apuntesdesanluis.com\/index.php\/2024\/04\/23\/desfinanciar-la-universidad-es-perpetuar-las-desigualdades-economicas\/#breadcrumb"},"inLanguage":"es-AR","potentialAction":[{"@type":"ReadAction","target":["https:\/\/apuntesdesanluis.com\/index.php\/2024\/04\/23\/desfinanciar-la-universidad-es-perpetuar-las-desigualdades-economicas\/"]}]},{"@type":"ImageObject","inLanguage":"es-AR","@id":"https:\/\/apuntesdesanluis.com\/index.php\/2024\/04\/23\/desfinanciar-la-universidad-es-perpetuar-las-desigualdades-economicas\/#primaryimage","url":"https:\/\/apuntesdesanluis.com\/wp-content\/uploads\/2024\/03\/UBA.png","contentUrl":"https:\/\/apuntesdesanluis.com\/wp-content\/uploads\/2024\/03\/UBA.png","width":724,"height":441},{"@type":"BreadcrumbList","@id":"https:\/\/apuntesdesanluis.com\/index.php\/2024\/04\/23\/desfinanciar-la-universidad-es-perpetuar-las-desigualdades-economicas\/#breadcrumb","itemListElement":[{"@type":"ListItem","position":1,"name":"Inicio","item":"https:\/\/apuntesdesanluis.com\/"},{"@type":"ListItem","position":2,"name":"DESFINANCIAR LA UNIVERSIDAD ES PERPETUAR LAS DESIGUALDADES ECON\u00d3MICAS"}]},{"@type":"WebSite","@id":"https:\/\/apuntesdesanluis.com\/#website","url":"https:\/\/apuntesdesanluis.com\/","name":"Apuntes de San Luis","description":"","publisher":{"@id":"https:\/\/apuntesdesanluis.com\/#\/schema\/person\/b55151d52296fcce64d1a72538a70b90"},"potentialAction":[{"@type":"SearchAction","target":{"@type":"EntryPoint","urlTemplate":"https:\/\/apuntesdesanluis.com\/?s={search_term_string}"},"query-input":{"@type":"PropertyValueSpecification","valueRequired":true,"valueName":"search_term_string"}}],"inLanguage":"es-AR"},{"@type":["Person","Organization"],"@id":"https:\/\/apuntesdesanluis.com\/#\/schema\/person\/b55151d52296fcce64d1a72538a70b90","name":"apuntesdesanluis.com","image":{"@type":"ImageObject","inLanguage":"es-AR","@id":"https:\/\/apuntesdesanluis.com\/#\/schema\/person\/image\/","url":"https:\/\/apuntesdesanluis.com\/wp-content\/uploads\/2023\/07\/cropped-apuntesdesanluis.png","contentUrl":"https:\/\/apuntesdesanluis.com\/wp-content\/uploads\/2023\/07\/cropped-apuntesdesanluis.png","width":450,"height":112,"caption":"apuntesdesanluis.com"},"logo":{"@id":"https:\/\/apuntesdesanluis.com\/#\/schema\/person\/image\/"},"sameAs":["https:\/\/apuntesdesanluis.com"],"url":"https:\/\/apuntesdesanluis.com\/index.php\/author\/apuntesdesanluis-com\/"}]}},"featured_image_urls":{"full":["https:\/\/apuntesdesanluis.com\/wp-content\/uploads\/2024\/03\/UBA.png",724,441,false],"thumbnail":["https:\/\/apuntesdesanluis.com\/wp-content\/uploads\/2024\/03\/UBA-150x150.png",150,150,true],"medium":["https:\/\/apuntesdesanluis.com\/wp-content\/uploads\/2024\/03\/UBA-300x183.png",300,183,true],"medium_large":["https:\/\/apuntesdesanluis.com\/wp-content\/uploads\/2024\/03\/UBA.png",640,390,false],"large":["https:\/\/apuntesdesanluis.com\/wp-content\/uploads\/2024\/03\/UBA.png",640,390,false],"1536x1536":["https:\/\/apuntesdesanluis.com\/wp-content\/uploads\/2024\/03\/UBA.png",724,441,false],"2048x2048":["https:\/\/apuntesdesanluis.com\/wp-content\/uploads\/2024\/03\/UBA.png",724,441,false],"newsever-slider-full":["https:\/\/apuntesdesanluis.com\/wp-content\/uploads\/2024\/03\/UBA.png",724,441,false],"newsever-featured":["https:\/\/apuntesdesanluis.com\/wp-content\/uploads\/2024\/03\/UBA.png",724,441,false],"newsever-medium":["https:\/\/apuntesdesanluis.com\/wp-content\/uploads\/2024\/03\/UBA-720x441.png",720,441,true]},"author_info":{"display_name":"apuntesdesanluis.com","author_link":"https:\/\/apuntesdesanluis.com\/index.php\/author\/apuntesdesanluis-com\/"},"category_info":"<a href=\"https:\/\/apuntesdesanluis.com\/index.php\/category\/opinion\/\" rel=\"category tag\">Opini\u00f3n<\/a>","tag_info":"Opini\u00f3n","comment_count":"0","_links":{"self":[{"href":"https:\/\/apuntesdesanluis.com\/index.php\/wp-json\/wp\/v2\/posts\/15043","targetHints":{"allow":["GET"]}}],"collection":[{"href":"https:\/\/apuntesdesanluis.com\/index.php\/wp-json\/wp\/v2\/posts"}],"about":[{"href":"https:\/\/apuntesdesanluis.com\/index.php\/wp-json\/wp\/v2\/types\/post"}],"author":[{"embeddable":true,"href":"https:\/\/apuntesdesanluis.com\/index.php\/wp-json\/wp\/v2\/users\/1"}],"replies":[{"embeddable":true,"href":"https:\/\/apuntesdesanluis.com\/index.php\/wp-json\/wp\/v2\/comments?post=15043"}],"version-history":[{"count":1,"href":"https:\/\/apuntesdesanluis.com\/index.php\/wp-json\/wp\/v2\/posts\/15043\/revisions"}],"predecessor-version":[{"id":15045,"href":"https:\/\/apuntesdesanluis.com\/index.php\/wp-json\/wp\/v2\/posts\/15043\/revisions\/15045"}],"wp:featuredmedia":[{"embeddable":true,"href":"https:\/\/apuntesdesanluis.com\/index.php\/wp-json\/wp\/v2\/media\/13897"}],"wp:attachment":[{"href":"https:\/\/apuntesdesanluis.com\/index.php\/wp-json\/wp\/v2\/media?parent=15043"}],"wp:term":[{"taxonomy":"category","embeddable":true,"href":"https:\/\/apuntesdesanluis.com\/index.php\/wp-json\/wp\/v2\/categories?post=15043"},{"taxonomy":"post_tag","embeddable":true,"href":"https:\/\/apuntesdesanluis.com\/index.php\/wp-json\/wp\/v2\/tags?post=15043"}],"curies":[{"name":"wp","href":"https:\/\/api.w.org\/{rel}","templated":true}]}}