{"id":15048,"date":"2024-04-23T07:55:35","date_gmt":"2024-04-23T10:55:35","guid":{"rendered":"https:\/\/apuntesdesanluis.com\/?p=15048"},"modified":"2024-04-23T07:55:35","modified_gmt":"2024-04-23T10:55:35","slug":"milei-confirmo-superavit-en-el-primer-trimestre-ratifico-el-ajuste-y-aseguro-que-el-plan-esta-funcionando","status":"publish","type":"post","link":"https:\/\/apuntesdesanluis.com\/index.php\/2024\/04\/23\/milei-confirmo-superavit-en-el-primer-trimestre-ratifico-el-ajuste-y-aseguro-que-el-plan-esta-funcionando\/","title":{"rendered":"MILEI CONFIRM\u00d3 SUPER\u00c1VIT EN EL PRIMER TRIMESTRE, RATIFIC\u00d3 EL AJUSTE Y ASEGUR\u00d3 QUE &#8220;EL PLAN EST\u00c1 FUNCIONANDO&#8221;"},"content":{"rendered":"<h3>El presidente Javier Milei anunci\u00f3 anoche que en el primer trimestre del a\u00f1o el Tesoro alcanz\u00f3 super\u00e1vit financiero equivalente a 0,2% del PBI. Adem\u00e1s, ratific\u00f3 el ajuste y asegur\u00f3 que &#8220;el plan est\u00e1 funcionando&#8221;.<\/h3>\n<h3>En cadena nacional, el jefe de Estado comunic\u00f3 que el Sector P\u00fablico Nacional registr\u00f3 durante marzo un super\u00e1vit financiero de m\u00e1s de $275 mil millones. &#8220;Logramos despu\u00e9s de casi 20 a\u00f1os super\u00e1vit financiero de 0,2% del PBI durante el primer trimestre del a\u00f1o&#8221;, resalt\u00f3.<\/h3>\n<h3>&#8220;Haber logrado super\u00e1vit habiendo recibido un d\u00e9ficit consolidado de m\u00e1s de 15 puntos del PBI es lisa y llanamente una haza\u00f1a de proporciones hist\u00f3ricas a nivel mundial&#8221;, calific\u00f3.<\/h3>\n<p><iframe title=\"ARGENTINA | El discurso de Javier Milei por cadena nacional\" width=\"640\" height=\"360\" src=\"https:\/\/www.youtube.com\/embed\/oOtbAfTesA0?feature=oembed\" frameborder=\"0\" allow=\"accelerometer; autoplay; clipboard-write; encrypted-media; gyroscope; picture-in-picture; web-share\" referrerpolicy=\"strict-origin-when-cross-origin\" allowfullscreen><\/iframe><\/p>\n<h3>Seg\u00fan dijo, el &#8220;milagro econ\u00f3mico&#8221; alcanzado por su administraci\u00f3n en el primer trimestre del 2024 respondi\u00f3 &#8220;en enorme medida a lo que en la campa\u00f1a llamamos motosierra&#8221;, mientras que neg\u00f3 que el efecto del super\u00e1vit sea producto de una licuaci\u00f3n de ingresos y jubilaciones.<\/h3>\n<h3>El presidente calific\u00f3 el resultado como &#8220;un esfuerzo heroico&#8221; por parte de la sociedad y afirm\u00f3 que &#8220;estamos recorriendo la mitad del camino&#8221;. &#8220;Por primera vez en mucho tiempo, el esfuerzo va a valer la pena&#8221;, remarc\u00f3.<\/h3>\n<h3>&#8220;El super\u00e1vit fiscal es la piedra angular desde la cual construimos la nueva era de prosperidad de la Argentina&#8221;, afirm\u00f3 el mandatario nacional.<\/h3>\n<h3>El presidente repas\u00f3 las distintas variables econ\u00f3micas que encontr\u00f3 al asumir el gobierno y asegur\u00f3 que encontraron &#8220;un pa\u00eds quebrado y al borde del hiperinflaci\u00f3n&#8221;. &#8220;Ten\u00edamos un d\u00e9ficit de cinco puntos del PBI en el Tesoro y un d\u00e9ficit financiero de otros 10 puntos en el BCRA. Ten\u00edamos una brecha cambiaria de casi 200% y un sobrante monetario similar al de la previa del Rodrigazo &#8220;, sumado a la deuda comercial con importadores.<\/h3>\n<h3>Al asumir, dijo, el Gobierno &#8220;tom\u00f3 el toro por las astas&#8221; porque los argentinos &#8220;no ten\u00edamos tiempo para un nuevo experimento gradualista y avanzamos en el programa de estabilizaci\u00f3n de shock m\u00e1s ambicioso de nuestra historia&#8221;. Siguiendo esa l\u00ednea, resalt\u00f3 que al primer mes &#8220;alcanzamos el super\u00e1vit financiero&#8221;, algo que consider\u00f3 como &#8220;un hito que no tiene parang\u00f3n en la historia del mundo occidental&#8221;.<\/h3>\n<h3>El jefe de Estado se\u00f1al\u00f3 que &#8220;pese a la oposici\u00f3n de buena parte del establishment pol\u00edtico y econ\u00f3mico de la Argentina, pese a quienes sistem\u00e1ticamente ponen en cuestionamiento nuestras ideas y quienes pregonan nuestro fracaso para volver al poder, el Gobierno ten\u00eda raz\u00f3n y nuestro plan est\u00e1 funcionando&#8221;.<\/h3>\n<h3>Por otro lado, cuestion\u00f3 a quienes se\u00f1alan que el recorte en el gasto p\u00fablico se explica a partir de la licuaci\u00f3n de las jubilaciones. &#8220;De los 5 puntos de d\u00e9ficit del tesoro que hemos ajustado, s\u00f3lo el 0.4% responde a la p\u00e9rdida de poder adquisitivo de las jubilaciones&#8221;, dijo y acus\u00f3 por la p\u00e9rdida a &#8220;la nefasta formula de movilidad de Alberto Fern\u00e1ndez&#8221;. El restante ajuste del 4.6% &#8220;se debe \u00edntegramente al recorte de gasto p\u00fablico que la pol\u00edtica utilizaba indiscriminadamente para comprar voluntades&#8221;.<\/h3>\n<h3>Respecto al resultado financiero, destac\u00f3 que &#8220;haber alcanzado super\u00e1vit de la manera que lo hicimos es extremadamente importante porque le da sostenibilidad a las cuentas p\u00fablicas&#8221;. E insisti\u00f3 en que su importancia se debe a que, seg\u00fan dijo, &#8220;por primera vez en mucho tiempo, no se le traslada el costo del ajuste a toda la poblaci\u00f3n argentina, sino solamente a aquellos que fueron beneficiados por el modelo empobrecedor del pasado&#8221;.<\/h3>\n<h3>Al mencionar algunos aspectos que motorizaron el super\u00e1vit, Milei destac\u00f3 la reducci\u00f3n del 76% de las transferencias discrecionales a las provincias, lo que calific\u00f3 como &#8220;un sistema toxico con el que el poder central repart\u00eda recursos de todos los argentinos a unos pocos que se somet\u00edan a la voluntad del gobierno nacional&#8221;. Y resalt\u00f3 la reducci\u00f3n del 87% en la obra p\u00fablica &#8220;hist\u00f3ricamente vinculada al festival de corrupci\u00f3n&#8221; y la eliminaci\u00f3n del 50% de los cargos pol\u00edticos del Estado.<\/h3>\n<h3>El mandatario asegur\u00f3 que el resultado superavitario se logr\u00f3 &#8220;sin olvidarnos de aquellos sectores postergados&#8221; y enumer\u00f3 algunas de las medidas que tom\u00f3 su Gobierno en beneficio de los m\u00e1s vulnerables, como el aumento del 500% en el plan \u201cPrimeros mil d\u00edas\u201d, el incremento del 311% la Asignaci\u00f3n de ayuda escolar, la duplicaci\u00f3n de la Asignaci\u00f3n Universal por Hijo y de la Tarjeta Alimentar y la suba de un 75% en la asistencia para los comedores, entre otros.<\/h3>\n<h3>&#8220;Dec\u00edan que hacer un ajuste de m\u00e1s de un punto del PBI era imposible. Que tener d\u00e9ficit cero en el primer a\u00f1o era imposible. Bueno. Nosotros estamos haciendo posible lo imposible&#8221;, resalt\u00f3 el mandatario, pese a no haber contado con el apoyo del Congreso y de la mayor parte de la pol\u00edtica.<\/h3>\n<h3>Durante la cadena nacional de esta noche, Milei se\u00f1al\u00f3 que el resultado fiscal &#8220;no es solo un n\u00famero en una tabla del Ministerio de Econom\u00eda, sino la garant\u00eda de un camino sostenible&#8221;. Y puso como ejemplo la ca\u00edda en el \u00edndice de precios: &#8220;No es casualidad que la inflaci\u00f3n se est\u00e9 desplomando&#8221;.<\/h3>\n<h3>Sobre el final, el presidente remarc\u00f3 que &#8220;si el Estado no gasta m\u00e1s de lo que recauda y no recurre a la emisi\u00f3n, no hay inflaci\u00f3n&#8221;. Y, haciendo una alusi\u00f3n a uno de los lemas de la campa\u00f1a del kirchnerismo en 2015, Milei afirm\u00f3: &#8220;No es magia&#8221;.<\/h3>\n<p>&nbsp;<\/p>\n<p>&nbsp;<\/p>\n<p>&nbsp;<\/p>\n<p><em>\u00a0<\/em><\/p>\n<p>&nbsp;<\/p>\n","protected":false},"excerpt":{"rendered":"<p>El presidente Javier Milei anunci\u00f3 anoche que en el primer trimestre del a\u00f1o el Tesoro&#8230;<\/p>\n","protected":false},"author":1,"featured_media":15049,"comment_status":"closed","ping_status":"closed","sticky":false,"template":"","format":"standard","meta":{"footnotes":""},"categories":[5],"tags":[],"class_list":["post-15048","post","type-post","status-publish","format-standard","has-post-thumbnail","hentry","category-nacionales-internacionales"],"yoast_head":"<!-- This site is optimized with the Yoast SEO plugin v26.1.1 - https:\/\/yoast.com\/wordpress\/plugins\/seo\/ -->\n<title>MILEI CONFIRM\u00d3 SUPER\u00c1VIT EN EL PRIMER TRIMESTRE, RATIFIC\u00d3 EL AJUSTE Y ASEGUR\u00d3 QUE &quot;EL PLAN EST\u00c1 FUNCIONANDO&quot; - Apuntes de San Luis<\/title>\n<meta name=\"robots\" content=\"index, follow, max-snippet:-1, max-image-preview:large, max-video-preview:-1\" \/>\n<link rel=\"canonical\" href=\"https:\/\/apuntesdesanluis.com\/index.php\/2024\/04\/23\/milei-confirmo-superavit-en-el-primer-trimestre-ratifico-el-ajuste-y-aseguro-que-el-plan-esta-funcionando\/\" \/>\n<meta property=\"og:locale\" content=\"es_ES\" \/>\n<meta property=\"og:type\" content=\"article\" \/>\n<meta property=\"og:title\" content=\"MILEI CONFIRM\u00d3 SUPER\u00c1VIT EN EL PRIMER TRIMESTRE, RATIFIC\u00d3 EL AJUSTE Y ASEGUR\u00d3 QUE &quot;EL PLAN EST\u00c1 FUNCIONANDO&quot; - Apuntes de San Luis\" \/>\n<meta property=\"og:description\" content=\"El presidente Javier Milei anunci\u00f3 anoche que en el primer trimestre del a\u00f1o el Tesoro...\" \/>\n<meta property=\"og:url\" content=\"https:\/\/apuntesdesanluis.com\/index.php\/2024\/04\/23\/milei-confirmo-superavit-en-el-primer-trimestre-ratifico-el-ajuste-y-aseguro-que-el-plan-esta-funcionando\/\" \/>\n<meta property=\"og:site_name\" content=\"Apuntes de San Luis\" \/>\n<meta property=\"article:published_time\" content=\"2024-04-23T10:55:35+00:00\" \/>\n<meta property=\"og:image\" content=\"https:\/\/apuntesdesanluis.com\/wp-content\/uploads\/2024\/04\/los-cinco.png\" \/>\n\t<meta property=\"og:image:width\" content=\"600\" \/>\n\t<meta property=\"og:image:height\" content=\"382\" \/>\n\t<meta property=\"og:image:type\" content=\"image\/png\" \/>\n<meta name=\"author\" content=\"apuntesdesanluis.com\" \/>\n<meta name=\"twitter:card\" content=\"summary_large_image\" \/>\n<meta name=\"twitter:label1\" content=\"Escrito por\" \/>\n\t<meta name=\"twitter:data1\" content=\"apuntesdesanluis.com\" \/>\n\t<meta name=\"twitter:label2\" content=\"Tiempo de lectura\" \/>\n\t<meta name=\"twitter:data2\" content=\"4 minutos\" \/>\n<script type=\"application\/ld+json\" class=\"yoast-schema-graph\">{\"@context\":\"https:\/\/schema.org\",\"@graph\":[{\"@type\":\"Article\",\"@id\":\"https:\/\/apuntesdesanluis.com\/index.php\/2024\/04\/23\/milei-confirmo-superavit-en-el-primer-trimestre-ratifico-el-ajuste-y-aseguro-que-el-plan-esta-funcionando\/#article\",\"isPartOf\":{\"@id\":\"https:\/\/apuntesdesanluis.com\/index.php\/2024\/04\/23\/milei-confirmo-superavit-en-el-primer-trimestre-ratifico-el-ajuste-y-aseguro-que-el-plan-esta-funcionando\/\"},\"author\":{\"name\":\"apuntesdesanluis.com\",\"@id\":\"https:\/\/apuntesdesanluis.com\/#\/schema\/person\/b55151d52296fcce64d1a72538a70b90\"},\"headline\":\"MILEI CONFIRM\u00d3 SUPER\u00c1VIT EN EL PRIMER TRIMESTRE, RATIFIC\u00d3 EL AJUSTE Y ASEGUR\u00d3 QUE &#8220;EL PLAN EST\u00c1 FUNCIONANDO&#8221;\",\"datePublished\":\"2024-04-23T10:55:35+00:00\",\"mainEntityOfPage\":{\"@id\":\"https:\/\/apuntesdesanluis.com\/index.php\/2024\/04\/23\/milei-confirmo-superavit-en-el-primer-trimestre-ratifico-el-ajuste-y-aseguro-que-el-plan-esta-funcionando\/\"},\"wordCount\":963,\"publisher\":{\"@id\":\"https:\/\/apuntesdesanluis.com\/#\/schema\/person\/b55151d52296fcce64d1a72538a70b90\"},\"image\":{\"@id\":\"https:\/\/apuntesdesanluis.com\/index.php\/2024\/04\/23\/milei-confirmo-superavit-en-el-primer-trimestre-ratifico-el-ajuste-y-aseguro-que-el-plan-esta-funcionando\/#primaryimage\"},\"thumbnailUrl\":\"https:\/\/apuntesdesanluis.com\/wp-content\/uploads\/2024\/04\/los-cinco.png\",\"articleSection\":[\"Nacionales\/Internacionales\"],\"inLanguage\":\"es-AR\"},{\"@type\":\"WebPage\",\"@id\":\"https:\/\/apuntesdesanluis.com\/index.php\/2024\/04\/23\/milei-confirmo-superavit-en-el-primer-trimestre-ratifico-el-ajuste-y-aseguro-que-el-plan-esta-funcionando\/\",\"url\":\"https:\/\/apuntesdesanluis.com\/index.php\/2024\/04\/23\/milei-confirmo-superavit-en-el-primer-trimestre-ratifico-el-ajuste-y-aseguro-que-el-plan-esta-funcionando\/\",\"name\":\"MILEI CONFIRM\u00d3 SUPER\u00c1VIT EN EL PRIMER TRIMESTRE, RATIFIC\u00d3 EL AJUSTE Y ASEGUR\u00d3 QUE \\\"EL PLAN EST\u00c1 FUNCIONANDO\\\" - Apuntes de San Luis\",\"isPartOf\":{\"@id\":\"https:\/\/apuntesdesanluis.com\/#website\"},\"primaryImageOfPage\":{\"@id\":\"https:\/\/apuntesdesanluis.com\/index.php\/2024\/04\/23\/milei-confirmo-superavit-en-el-primer-trimestre-ratifico-el-ajuste-y-aseguro-que-el-plan-esta-funcionando\/#primaryimage\"},\"image\":{\"@id\":\"https:\/\/apuntesdesanluis.com\/index.php\/2024\/04\/23\/milei-confirmo-superavit-en-el-primer-trimestre-ratifico-el-ajuste-y-aseguro-que-el-plan-esta-funcionando\/#primaryimage\"},\"thumbnailUrl\":\"https:\/\/apuntesdesanluis.com\/wp-content\/uploads\/2024\/04\/los-cinco.png\",\"datePublished\":\"2024-04-23T10:55:35+00:00\",\"breadcrumb\":{\"@id\":\"https:\/\/apuntesdesanluis.com\/index.php\/2024\/04\/23\/milei-confirmo-superavit-en-el-primer-trimestre-ratifico-el-ajuste-y-aseguro-que-el-plan-esta-funcionando\/#breadcrumb\"},\"inLanguage\":\"es-AR\",\"potentialAction\":[{\"@type\":\"ReadAction\",\"target\":[\"https:\/\/apuntesdesanluis.com\/index.php\/2024\/04\/23\/milei-confirmo-superavit-en-el-primer-trimestre-ratifico-el-ajuste-y-aseguro-que-el-plan-esta-funcionando\/\"]}]},{\"@type\":\"ImageObject\",\"inLanguage\":\"es-AR\",\"@id\":\"https:\/\/apuntesdesanluis.com\/index.php\/2024\/04\/23\/milei-confirmo-superavit-en-el-primer-trimestre-ratifico-el-ajuste-y-aseguro-que-el-plan-esta-funcionando\/#primaryimage\",\"url\":\"https:\/\/apuntesdesanluis.com\/wp-content\/uploads\/2024\/04\/los-cinco.png\",\"contentUrl\":\"https:\/\/apuntesdesanluis.com\/wp-content\/uploads\/2024\/04\/los-cinco.png\",\"width\":600,\"height\":382},{\"@type\":\"BreadcrumbList\",\"@id\":\"https:\/\/apuntesdesanluis.com\/index.php\/2024\/04\/23\/milei-confirmo-superavit-en-el-primer-trimestre-ratifico-el-ajuste-y-aseguro-que-el-plan-esta-funcionando\/#breadcrumb\",\"itemListElement\":[{\"@type\":\"ListItem\",\"position\":1,\"name\":\"Inicio\",\"item\":\"https:\/\/apuntesdesanluis.com\/\"},{\"@type\":\"ListItem\",\"position\":2,\"name\":\"MILEI CONFIRM\u00d3 SUPER\u00c1VIT EN EL PRIMER TRIMESTRE, RATIFIC\u00d3 EL AJUSTE Y ASEGUR\u00d3 QUE &#8220;EL PLAN EST\u00c1 FUNCIONANDO&#8221;\"}]},{\"@type\":\"WebSite\",\"@id\":\"https:\/\/apuntesdesanluis.com\/#website\",\"url\":\"https:\/\/apuntesdesanluis.com\/\",\"name\":\"Apuntes de San Luis\",\"description\":\"\",\"publisher\":{\"@id\":\"https:\/\/apuntesdesanluis.com\/#\/schema\/person\/b55151d52296fcce64d1a72538a70b90\"},\"potentialAction\":[{\"@type\":\"SearchAction\",\"target\":{\"@type\":\"EntryPoint\",\"urlTemplate\":\"https:\/\/apuntesdesanluis.com\/?s={search_term_string}\"},\"query-input\":{\"@type\":\"PropertyValueSpecification\",\"valueRequired\":true,\"valueName\":\"search_term_string\"}}],\"inLanguage\":\"es-AR\"},{\"@type\":[\"Person\",\"Organization\"],\"@id\":\"https:\/\/apuntesdesanluis.com\/#\/schema\/person\/b55151d52296fcce64d1a72538a70b90\",\"name\":\"apuntesdesanluis.com\",\"image\":{\"@type\":\"ImageObject\",\"inLanguage\":\"es-AR\",\"@id\":\"https:\/\/apuntesdesanluis.com\/#\/schema\/person\/image\/\",\"url\":\"https:\/\/apuntesdesanluis.com\/wp-content\/uploads\/2023\/07\/cropped-apuntesdesanluis.png\",\"contentUrl\":\"https:\/\/apuntesdesanluis.com\/wp-content\/uploads\/2023\/07\/cropped-apuntesdesanluis.png\",\"width\":450,\"height\":112,\"caption\":\"apuntesdesanluis.com\"},\"logo\":{\"@id\":\"https:\/\/apuntesdesanluis.com\/#\/schema\/person\/image\/\"},\"sameAs\":[\"https:\/\/apuntesdesanluis.com\"],\"url\":\"https:\/\/apuntesdesanluis.com\/index.php\/author\/apuntesdesanluis-com\/\"}]}<\/script>\n<!-- \/ Yoast SEO plugin. -->","yoast_head_json":{"title":"MILEI CONFIRM\u00d3 SUPER\u00c1VIT EN EL PRIMER TRIMESTRE, RATIFIC\u00d3 EL AJUSTE Y ASEGUR\u00d3 QUE \"EL PLAN EST\u00c1 FUNCIONANDO\" - Apuntes de San Luis","robots":{"index":"index","follow":"follow","max-snippet":"max-snippet:-1","max-image-preview":"max-image-preview:large","max-video-preview":"max-video-preview:-1"},"canonical":"https:\/\/apuntesdesanluis.com\/index.php\/2024\/04\/23\/milei-confirmo-superavit-en-el-primer-trimestre-ratifico-el-ajuste-y-aseguro-que-el-plan-esta-funcionando\/","og_locale":"es_ES","og_type":"article","og_title":"MILEI CONFIRM\u00d3 SUPER\u00c1VIT EN EL PRIMER TRIMESTRE, RATIFIC\u00d3 EL AJUSTE Y ASEGUR\u00d3 QUE \"EL PLAN EST\u00c1 FUNCIONANDO\" - Apuntes de San Luis","og_description":"El presidente Javier Milei anunci\u00f3 anoche que en el primer trimestre del a\u00f1o el Tesoro...","og_url":"https:\/\/apuntesdesanluis.com\/index.php\/2024\/04\/23\/milei-confirmo-superavit-en-el-primer-trimestre-ratifico-el-ajuste-y-aseguro-que-el-plan-esta-funcionando\/","og_site_name":"Apuntes de San Luis","article_published_time":"2024-04-23T10:55:35+00:00","og_image":[{"width":600,"height":382,"url":"https:\/\/apuntesdesanluis.com\/wp-content\/uploads\/2024\/04\/los-cinco.png","type":"image\/png"}],"author":"apuntesdesanluis.com","twitter_card":"summary_large_image","twitter_misc":{"Escrito por":"apuntesdesanluis.com","Tiempo de lectura":"4 minutos"},"schema":{"@context":"https:\/\/schema.org","@graph":[{"@type":"Article","@id":"https:\/\/apuntesdesanluis.com\/index.php\/2024\/04\/23\/milei-confirmo-superavit-en-el-primer-trimestre-ratifico-el-ajuste-y-aseguro-que-el-plan-esta-funcionando\/#article","isPartOf":{"@id":"https:\/\/apuntesdesanluis.com\/index.php\/2024\/04\/23\/milei-confirmo-superavit-en-el-primer-trimestre-ratifico-el-ajuste-y-aseguro-que-el-plan-esta-funcionando\/"},"author":{"name":"apuntesdesanluis.com","@id":"https:\/\/apuntesdesanluis.com\/#\/schema\/person\/b55151d52296fcce64d1a72538a70b90"},"headline":"MILEI CONFIRM\u00d3 SUPER\u00c1VIT EN EL PRIMER TRIMESTRE, RATIFIC\u00d3 EL AJUSTE Y ASEGUR\u00d3 QUE &#8220;EL PLAN EST\u00c1 FUNCIONANDO&#8221;","datePublished":"2024-04-23T10:55:35+00:00","mainEntityOfPage":{"@id":"https:\/\/apuntesdesanluis.com\/index.php\/2024\/04\/23\/milei-confirmo-superavit-en-el-primer-trimestre-ratifico-el-ajuste-y-aseguro-que-el-plan-esta-funcionando\/"},"wordCount":963,"publisher":{"@id":"https:\/\/apuntesdesanluis.com\/#\/schema\/person\/b55151d52296fcce64d1a72538a70b90"},"image":{"@id":"https:\/\/apuntesdesanluis.com\/index.php\/2024\/04\/23\/milei-confirmo-superavit-en-el-primer-trimestre-ratifico-el-ajuste-y-aseguro-que-el-plan-esta-funcionando\/#primaryimage"},"thumbnailUrl":"https:\/\/apuntesdesanluis.com\/wp-content\/uploads\/2024\/04\/los-cinco.png","articleSection":["Nacionales\/Internacionales"],"inLanguage":"es-AR"},{"@type":"WebPage","@id":"https:\/\/apuntesdesanluis.com\/index.php\/2024\/04\/23\/milei-confirmo-superavit-en-el-primer-trimestre-ratifico-el-ajuste-y-aseguro-que-el-plan-esta-funcionando\/","url":"https:\/\/apuntesdesanluis.com\/index.php\/2024\/04\/23\/milei-confirmo-superavit-en-el-primer-trimestre-ratifico-el-ajuste-y-aseguro-que-el-plan-esta-funcionando\/","name":"MILEI CONFIRM\u00d3 SUPER\u00c1VIT EN EL PRIMER TRIMESTRE, RATIFIC\u00d3 EL AJUSTE Y ASEGUR\u00d3 QUE \"EL PLAN EST\u00c1 FUNCIONANDO\" - Apuntes de San Luis","isPartOf":{"@id":"https:\/\/apuntesdesanluis.com\/#website"},"primaryImageOfPage":{"@id":"https:\/\/apuntesdesanluis.com\/index.php\/2024\/04\/23\/milei-confirmo-superavit-en-el-primer-trimestre-ratifico-el-ajuste-y-aseguro-que-el-plan-esta-funcionando\/#primaryimage"},"image":{"@id":"https:\/\/apuntesdesanluis.com\/index.php\/2024\/04\/23\/milei-confirmo-superavit-en-el-primer-trimestre-ratifico-el-ajuste-y-aseguro-que-el-plan-esta-funcionando\/#primaryimage"},"thumbnailUrl":"https:\/\/apuntesdesanluis.com\/wp-content\/uploads\/2024\/04\/los-cinco.png","datePublished":"2024-04-23T10:55:35+00:00","breadcrumb":{"@id":"https:\/\/apuntesdesanluis.com\/index.php\/2024\/04\/23\/milei-confirmo-superavit-en-el-primer-trimestre-ratifico-el-ajuste-y-aseguro-que-el-plan-esta-funcionando\/#breadcrumb"},"inLanguage":"es-AR","potentialAction":[{"@type":"ReadAction","target":["https:\/\/apuntesdesanluis.com\/index.php\/2024\/04\/23\/milei-confirmo-superavit-en-el-primer-trimestre-ratifico-el-ajuste-y-aseguro-que-el-plan-esta-funcionando\/"]}]},{"@type":"ImageObject","inLanguage":"es-AR","@id":"https:\/\/apuntesdesanluis.com\/index.php\/2024\/04\/23\/milei-confirmo-superavit-en-el-primer-trimestre-ratifico-el-ajuste-y-aseguro-que-el-plan-esta-funcionando\/#primaryimage","url":"https:\/\/apuntesdesanluis.com\/wp-content\/uploads\/2024\/04\/los-cinco.png","contentUrl":"https:\/\/apuntesdesanluis.com\/wp-content\/uploads\/2024\/04\/los-cinco.png","width":600,"height":382},{"@type":"BreadcrumbList","@id":"https:\/\/apuntesdesanluis.com\/index.php\/2024\/04\/23\/milei-confirmo-superavit-en-el-primer-trimestre-ratifico-el-ajuste-y-aseguro-que-el-plan-esta-funcionando\/#breadcrumb","itemListElement":[{"@type":"ListItem","position":1,"name":"Inicio","item":"https:\/\/apuntesdesanluis.com\/"},{"@type":"ListItem","position":2,"name":"MILEI CONFIRM\u00d3 SUPER\u00c1VIT EN EL PRIMER TRIMESTRE, RATIFIC\u00d3 EL AJUSTE Y ASEGUR\u00d3 QUE &#8220;EL PLAN EST\u00c1 FUNCIONANDO&#8221;"}]},{"@type":"WebSite","@id":"https:\/\/apuntesdesanluis.com\/#website","url":"https:\/\/apuntesdesanluis.com\/","name":"Apuntes de San Luis","description":"","publisher":{"@id":"https:\/\/apuntesdesanluis.com\/#\/schema\/person\/b55151d52296fcce64d1a72538a70b90"},"potentialAction":[{"@type":"SearchAction","target":{"@type":"EntryPoint","urlTemplate":"https:\/\/apuntesdesanluis.com\/?s={search_term_string}"},"query-input":{"@type":"PropertyValueSpecification","valueRequired":true,"valueName":"search_term_string"}}],"inLanguage":"es-AR"},{"@type":["Person","Organization"],"@id":"https:\/\/apuntesdesanluis.com\/#\/schema\/person\/b55151d52296fcce64d1a72538a70b90","name":"apuntesdesanluis.com","image":{"@type":"ImageObject","inLanguage":"es-AR","@id":"https:\/\/apuntesdesanluis.com\/#\/schema\/person\/image\/","url":"https:\/\/apuntesdesanluis.com\/wp-content\/uploads\/2023\/07\/cropped-apuntesdesanluis.png","contentUrl":"https:\/\/apuntesdesanluis.com\/wp-content\/uploads\/2023\/07\/cropped-apuntesdesanluis.png","width":450,"height":112,"caption":"apuntesdesanluis.com"},"logo":{"@id":"https:\/\/apuntesdesanluis.com\/#\/schema\/person\/image\/"},"sameAs":["https:\/\/apuntesdesanluis.com"],"url":"https:\/\/apuntesdesanluis.com\/index.php\/author\/apuntesdesanluis-com\/"}]}},"featured_image_urls":{"full":["https:\/\/apuntesdesanluis.com\/wp-content\/uploads\/2024\/04\/los-cinco.png",600,382,false],"thumbnail":["https:\/\/apuntesdesanluis.com\/wp-content\/uploads\/2024\/04\/los-cinco-150x150.png",150,150,true],"medium":["https:\/\/apuntesdesanluis.com\/wp-content\/uploads\/2024\/04\/los-cinco-300x191.png",300,191,true],"medium_large":["https:\/\/apuntesdesanluis.com\/wp-content\/uploads\/2024\/04\/los-cinco.png",600,382,false],"large":["https:\/\/apuntesdesanluis.com\/wp-content\/uploads\/2024\/04\/los-cinco.png",600,382,false],"1536x1536":["https:\/\/apuntesdesanluis.com\/wp-content\/uploads\/2024\/04\/los-cinco.png",600,382,false],"2048x2048":["https:\/\/apuntesdesanluis.com\/wp-content\/uploads\/2024\/04\/los-cinco.png",600,382,false],"newsever-slider-full":["https:\/\/apuntesdesanluis.com\/wp-content\/uploads\/2024\/04\/los-cinco.png",600,382,false],"newsever-featured":["https:\/\/apuntesdesanluis.com\/wp-content\/uploads\/2024\/04\/los-cinco.png",600,382,false],"newsever-medium":["https:\/\/apuntesdesanluis.com\/wp-content\/uploads\/2024\/04\/los-cinco.png",600,382,false]},"author_info":{"display_name":"apuntesdesanluis.com","author_link":"https:\/\/apuntesdesanluis.com\/index.php\/author\/apuntesdesanluis-com\/"},"category_info":"<a href=\"https:\/\/apuntesdesanluis.com\/index.php\/category\/nacionales-internacionales\/\" rel=\"category tag\">Nacionales\/Internacionales<\/a>","tag_info":"Nacionales\/Internacionales","comment_count":"0","_links":{"self":[{"href":"https:\/\/apuntesdesanluis.com\/index.php\/wp-json\/wp\/v2\/posts\/15048","targetHints":{"allow":["GET"]}}],"collection":[{"href":"https:\/\/apuntesdesanluis.com\/index.php\/wp-json\/wp\/v2\/posts"}],"about":[{"href":"https:\/\/apuntesdesanluis.com\/index.php\/wp-json\/wp\/v2\/types\/post"}],"author":[{"embeddable":true,"href":"https:\/\/apuntesdesanluis.com\/index.php\/wp-json\/wp\/v2\/users\/1"}],"replies":[{"embeddable":true,"href":"https:\/\/apuntesdesanluis.com\/index.php\/wp-json\/wp\/v2\/comments?post=15048"}],"version-history":[{"count":1,"href":"https:\/\/apuntesdesanluis.com\/index.php\/wp-json\/wp\/v2\/posts\/15048\/revisions"}],"predecessor-version":[{"id":15050,"href":"https:\/\/apuntesdesanluis.com\/index.php\/wp-json\/wp\/v2\/posts\/15048\/revisions\/15050"}],"wp:featuredmedia":[{"embeddable":true,"href":"https:\/\/apuntesdesanluis.com\/index.php\/wp-json\/wp\/v2\/media\/15049"}],"wp:attachment":[{"href":"https:\/\/apuntesdesanluis.com\/index.php\/wp-json\/wp\/v2\/media?parent=15048"}],"wp:term":[{"taxonomy":"category","embeddable":true,"href":"https:\/\/apuntesdesanluis.com\/index.php\/wp-json\/wp\/v2\/categories?post=15048"},{"taxonomy":"post_tag","embeddable":true,"href":"https:\/\/apuntesdesanluis.com\/index.php\/wp-json\/wp\/v2\/tags?post=15048"}],"curies":[{"name":"wp","href":"https:\/\/api.w.org\/{rel}","templated":true}]}}