{"id":15051,"date":"2024-04-23T08:10:26","date_gmt":"2024-04-23T11:10:26","guid":{"rendered":"https:\/\/apuntesdesanluis.com\/?p=15051"},"modified":"2024-04-23T08:16:31","modified_gmt":"2024-04-23T11:16:31","slug":"se-concreta-este-martes-el-paro-y-marcha-universitaria-en-defensa-de-la-educacion-publica","status":"publish","type":"post","link":"https:\/\/apuntesdesanluis.com\/index.php\/2024\/04\/23\/se-concreta-este-martes-el-paro-y-marcha-universitaria-en-defensa-de-la-educacion-publica\/","title":{"rendered":"SE CONCRETA ESTE MARTES EL PARO Y MARCHA UNIVERSITARIA EN DEFENSA DE LA EDUCACI\u00d3N P\u00daBLICA"},"content":{"rendered":"<h3>Por primera vez coinciden en la convocatoria a Plaza de Mayo el consejo de rectores nucleados en el CIN, los gremios docentes y nodocente y la Federaci\u00f3n Universitaria Argentina que representa a los estudiantes de todo el pa\u00eds. La principal movilizaci\u00f3n es en Buenos Aires. Tambi\u00e9n se marcha en San Luis, Villa Mercedes, Merlo y en el resto de las provincias.<\/h3>\n<h3>Estudiantes, docentes, la CGT, legisladores y dirigentes de la oposici\u00f3n encabezar\u00e1n este martes la Marcha Federal Universitaria a Plaza de Mayo en defensa de la universidad p\u00fablica, en medio de las dificultades presupuestarias que experimenta la mayor\u00eda de las casas de estudios.<\/h3>\n<h3>La convocatoria es &#8220;contra del ajuste presupuestario&#8221; de las universidades, que -seg\u00fan advierten- podr\u00eda llevar a la ca\u00edda del sistema de estudios p\u00fablico.<\/h3>\n<h3>En las jornadas previas a la marcha se dieron una serie de clases p\u00fablicas y abrazos a las instituciones de todo el pa\u00eds, antes de la movilizaci\u00f3n central de ma\u00f1ana a las 15.30.<\/h3>\n<h3>La marcha se prev\u00e9 multitudinaria ya que cuenta con el respaldo de la comunidad docente y estudiantil de las universidades p\u00fablicas, con la Universidad de Buenos Aires (UBA) a la cabeza, y tambi\u00e9n de entidades privadas como la Universidad Argentina de la Empresa (UADE), Torcuato Di Tella (UTDT) y San Andr\u00e9s (UdeSA), que anunciaron sus adhesiones.<\/h3>\n<h3>Adem\u00e1s, est\u00e1 comprometida la participaci\u00f3n de la Confederaci\u00f3n General del Trabajo (CGT), de la Uni\u00f3n C\u00edvica Radical (UCR) y de la Coalici\u00f3n C\u00edvica (CC), mientras que tambi\u00e9n se sumar\u00e1n dirigentes de Uni\u00f3n por la Patria (UxP), de Hacemos Coalici\u00f3n Federal y del Frente de Izquierda (FIT).<\/h3>\n<p><img fetchpriority=\"high\" decoding=\"async\" class=\"wp-image-15054 aligncenter\" src=\"https:\/\/apuntesdesanluis.com\/wp-content\/uploads\/2024\/04\/defensa-de-la-universidad-1-300x168.png\" alt=\"\" width=\"621\" height=\"348\" srcset=\"https:\/\/apuntesdesanluis.com\/wp-content\/uploads\/2024\/04\/defensa-de-la-universidad-1-300x168.png 300w, https:\/\/apuntesdesanluis.com\/wp-content\/uploads\/2024\/04\/defensa-de-la-universidad-1-768x431.png 768w, https:\/\/apuntesdesanluis.com\/wp-content\/uploads\/2024\/04\/defensa-de-la-universidad-1.png 773w\" sizes=\"(max-width: 621px) 100vw, 621px\" \/><\/p>\n<h3><strong>CIN<\/strong><\/h3>\n<h3>El\u00a0<strong>Consejo Interuniversitario Nacional<\/strong> (CIN) brind\u00f3 este lunes una conferencia de prensa en la que dej\u00f3 en claro que no solo <a href=\"https:\/\/noticiasargentinas.com\/politica\/estudiantes--opositores-y-la-cgt-marchan-juntos-a-plaza-de-mayo-en-defensa-de-las-universidades_a6626c19a109801d4201184e2\">marchar\u00e1 por el presupuesto<\/a>\u00a0de las casas de estudios, sino tambi\u00e9n por los\u00a0<strong>salarios\u00a0<\/strong>de los docentes.<\/h3>\n<h3>La conferencia fue encabezada por\u00a0<strong>V\u00edctor Mori\u00f1igo<\/strong>, presidente del CIN y rector de la Universidad Nacional de San Luis (UNSL), quien agradeci\u00f3 a todos los actores que componen el sistema universitario y a la ciudadan\u00eda.<\/h3>\n<p><img decoding=\"async\" class=\"wp-image-15055 aligncenter\" src=\"https:\/\/apuntesdesanluis.com\/wp-content\/uploads\/2024\/04\/morinigo-y-el-cin-300x167.png\" alt=\"\" width=\"600\" height=\"334\" srcset=\"https:\/\/apuntesdesanluis.com\/wp-content\/uploads\/2024\/04\/morinigo-y-el-cin-300x167.png 300w, https:\/\/apuntesdesanluis.com\/wp-content\/uploads\/2024\/04\/morinigo-y-el-cin.png 727w\" sizes=\"(max-width: 600px) 100vw, 600px\" \/><\/p>\n<h3>\u201cLa comunidad de nuestro pa\u00eds que nos ha hecho llegar todo el apoyo y afecto para que ma\u00f1ana sea una marcha bien representativa del sentir del ADN del pueblo argentino&#8221;, indic\u00f3 Mori\u00f1igo en el inicio de la conferencia.<\/h3>\n<h3>Tambi\u00e9n recalc\u00f3 cu\u00e1les son los cinco puntos por los que marchar\u00e1n.\u00a0El eje central ser\u00e1 el presupuesto universitario: \u201cQued\u00f3 relegado y no actualizado desde el a\u00f1o pasado, con lo cual se repiti\u00f3 el del 2023. Implica para muchas carreras que no han podido avanzar porque ten\u00edan un presupuesto previsto y no se ha desarrollado&#8221;.<\/h3>\n<h3>Para los rectores que acompa\u00f1aron a Mori\u00f1igo, sostuvieron que, inclusive, con la \u00faltima actualizaci\u00f3n todav\u00eda necesitan \u201cduplicar el valor del mes de marzo en total, por lo menos para que esos gastos de funcionamiento sean acorde a las necesidades que tenemos las universidades dentro de la autonom\u00eda y autarqu\u00eda&#8221;.<\/h3>\n<h3>El segundo punto del reclamo pasar\u00e1 por el\u00a0<strong>salario de los docentes universitarios<\/strong>. Mientras que tambi\u00e9n se colar\u00e1n en el reclamo las becas por Progresar, Manuel Belgrano y las becas vinculadas a ciencia y t\u00e9cnica que trabajan en el CONICET y que tambi\u00e9n dan clases, en muchos casos, en las universidades nacionales.<\/h3>\n<h3><strong>DETALLES<\/strong><\/h3>\n<h3>El encuentro pautado para este martes 23 de abril se realiza bajo el lema \u201cEn defensa de la educaci\u00f3n p\u00fablica\u201d, para rechazar el ajuste presupuestario que impacta directamente en el sistema de educaci\u00f3n superior.<\/h3>\n<h3>La concentraci\u00f3n principal se llevar\u00e1 a cabo a partir de las 15.30 horas en el Congreso Nacional. Desde all\u00ed se trasladar\u00e1 hacia Plaza de Mayo donde a las 18 horas se leer\u00e1 un documento redactado en conjunto frente a la Casa Rosada.<\/h3>\n<h3>La marcha universitaria tiene como finalidad expresar de manera masiva el rechazo a los recortes presupuestarios a las universidades p\u00fablicas y el descontento ante algunas medidas del Gobierno que van en contra de la inversi\u00f3n cient\u00edfica, en tecnolog\u00eda y educaci\u00f3n.<\/h3>\n<h3>El reclamo de toda la comunidad universitaria se centra, adem\u00e1s, en defender el acceso irrestricto a una educaci\u00f3n de calidad y en posicionar a la educaci\u00f3n superior como una pol\u00edtica estrat\u00e9gica de cualquier pa\u00eds que pretenda convertirse en referente del progreso y el conocimiento.<\/h3>\n<h3>Tambi\u00e9n se suma el rechazo a la pol\u00edtica salarial del gobierno nacional, que ha provocado que m\u00e1s del 50% de los profesores universitarios y trabajadores nodocentes perciban salarios por debajo de la l\u00ednea de pobreza.<\/h3>\n<h3><strong>SAN LUIS<\/strong><\/h3>\n<h3>La Comisi\u00f3n Provincial de Universidades P\u00fablicas convoc\u00f3 a toda la sociedad a participar de esta manifestaci\u00f3n en defensa de la universidad p\u00fablica, la ciencia y la tecnolog\u00eda. Adhieren m\u00e1s de 35 organizaciones.<\/h3>\n<p><img decoding=\"async\" class=\"wp-image-15052 aligncenter\" src=\"https:\/\/apuntesdesanluis.com\/wp-content\/uploads\/2024\/04\/Marca-convocantes-169x300.webp\" alt=\"\" width=\"470\" height=\"834\" srcset=\"https:\/\/apuntesdesanluis.com\/wp-content\/uploads\/2024\/04\/Marca-convocantes-169x300.webp 169w, https:\/\/apuntesdesanluis.com\/wp-content\/uploads\/2024\/04\/Marca-convocantes-577x1024.webp 577w, https:\/\/apuntesdesanluis.com\/wp-content\/uploads\/2024\/04\/Marca-convocantes.webp 665w\" sizes=\"(max-width: 470px) 100vw, 470px\" \/><\/p>\n<h3>Dicha comisi\u00f3n est\u00e1 integrada por representantes de la UNSL, la Universidad Nacional de Villa Mercedes (UNViMe) y de la Universidad Nacional de los Comechingones (UNLC), centros de estudiantes, estudiantes autoconvocados\/as, gremios docentes y nodocentes.<\/h3>\n<h3>El encuentro iniciar\u00e1 este martes 23 de abril a las 17:30 horas en la explanada del Rectorado de la Universidad Nacional de San Luis (UNSL) y culminar\u00e1 con un festival de lucha en la Plaza Pringles.<\/h3>\n<h3><strong>VILLA MERCEDES<\/strong><\/h3>\n<h3>En Villa Mercedes tambi\u00e9n se realizar\u00e1 una concentraci\u00f3n para repudiar el desfinanciamiento de las universidades que provocan las pol\u00edticas nacionales.<\/h3>\n<h3>A la concentraci\u00f3n que se realizar\u00e1 a partir de las 17:00 h en Plaza San Mart\u00edn, convocada por las tres universidades nacionales radicadas en nuestra provincia, tambi\u00e9n han adherido el personal del IFDC, la CGT, partidos pol\u00edticos y organizaciones sociales.<\/h3>\n<p><iframe title=\"#UNViMe Informa - Testimonio del rector Dr. Marcelo Sosa\" width=\"640\" height=\"360\" src=\"https:\/\/www.youtube.com\/embed\/cbgYHvt4Vn0?feature=oembed\" frameborder=\"0\" allow=\"accelerometer; autoplay; clipboard-write; encrypted-media; gyroscope; picture-in-picture; web-share\" referrerpolicy=\"strict-origin-when-cross-origin\" allowfullscreen><\/iframe><\/p>\n<h3>MERLO<\/h3>\n<h3>En el caso particular de Merlo, la convocatoria cuenta con el apoyo de m\u00e1s de 20 organizaciones.<\/h3>\n<h3>En la ciudad cabecera del Departamento Jun\u00edn la concentraci\u00f3n ser\u00e1 en la plaza del Casino Flamingo (Av. del Sol y Eva Duarte), a las 17:30, y se marchar\u00e1 hasta la rotonda de ingreso, donde se program\u00f3 un festival cultural con micr\u00f3fono abierto para las 19 horas.<\/h3>\n<p>&nbsp;<\/p>\n<p>&nbsp;<\/p>\n<p>&nbsp;<\/p>\n<p>&nbsp;<\/p>\n<p>&nbsp;<\/p>\n<p>&nbsp;<\/p>\n","protected":false},"excerpt":{"rendered":"<p>Por primera vez coinciden en la convocatoria a Plaza de Mayo el consejo de rectores&#8230;<\/p>\n","protected":false},"author":1,"featured_media":15053,"comment_status":"closed","ping_status":"closed","sticky":false,"template":"","format":"standard","meta":{"footnotes":""},"categories":[5],"tags":[],"class_list":["post-15051","post","type-post","status-publish","format-standard","has-post-thumbnail","hentry","category-nacionales-internacionales"],"yoast_head":"<!-- This site is optimized with the Yoast SEO plugin v26.1.1 - https:\/\/yoast.com\/wordpress\/plugins\/seo\/ -->\n<title>SE CONCRETA ESTE MARTES EL PARO Y MARCHA UNIVERSITARIA EN DEFENSA DE LA EDUCACI\u00d3N P\u00daBLICA - Apuntes de San Luis<\/title>\n<meta name=\"robots\" content=\"index, follow, max-snippet:-1, max-image-preview:large, max-video-preview:-1\" \/>\n<link rel=\"canonical\" href=\"https:\/\/apuntesdesanluis.com\/index.php\/2024\/04\/23\/se-concreta-este-martes-el-paro-y-marcha-universitaria-en-defensa-de-la-educacion-publica\/\" \/>\n<meta property=\"og:locale\" content=\"es_ES\" \/>\n<meta property=\"og:type\" content=\"article\" \/>\n<meta property=\"og:title\" content=\"SE CONCRETA ESTE MARTES EL PARO Y MARCHA UNIVERSITARIA EN DEFENSA DE LA EDUCACI\u00d3N P\u00daBLICA - Apuntes de San Luis\" \/>\n<meta property=\"og:description\" content=\"Por primera vez coinciden en la convocatoria a Plaza de Mayo el consejo de rectores...\" \/>\n<meta property=\"og:url\" content=\"https:\/\/apuntesdesanluis.com\/index.php\/2024\/04\/23\/se-concreta-este-martes-el-paro-y-marcha-universitaria-en-defensa-de-la-educacion-publica\/\" \/>\n<meta property=\"og:site_name\" content=\"Apuntes de San Luis\" \/>\n<meta property=\"article:published_time\" content=\"2024-04-23T11:10:26+00:00\" \/>\n<meta property=\"article:modified_time\" content=\"2024-04-23T11:16:31+00:00\" \/>\n<meta property=\"og:image\" content=\"https:\/\/apuntesdesanluis.com\/wp-content\/uploads\/2024\/04\/defensa-de-la-universidad.png\" \/>\n\t<meta property=\"og:image:width\" content=\"773\" \/>\n\t<meta property=\"og:image:height\" content=\"434\" \/>\n\t<meta property=\"og:image:type\" content=\"image\/png\" \/>\n<meta name=\"author\" content=\"apuntesdesanluis.com\" \/>\n<meta name=\"twitter:card\" content=\"summary_large_image\" \/>\n<meta name=\"twitter:label1\" content=\"Escrito por\" \/>\n\t<meta name=\"twitter:data1\" content=\"apuntesdesanluis.com\" \/>\n\t<meta name=\"twitter:label2\" content=\"Tiempo de lectura\" \/>\n\t<meta name=\"twitter:data2\" content=\"5 minutos\" \/>\n<script type=\"application\/ld+json\" class=\"yoast-schema-graph\">{\"@context\":\"https:\/\/schema.org\",\"@graph\":[{\"@type\":\"Article\",\"@id\":\"https:\/\/apuntesdesanluis.com\/index.php\/2024\/04\/23\/se-concreta-este-martes-el-paro-y-marcha-universitaria-en-defensa-de-la-educacion-publica\/#article\",\"isPartOf\":{\"@id\":\"https:\/\/apuntesdesanluis.com\/index.php\/2024\/04\/23\/se-concreta-este-martes-el-paro-y-marcha-universitaria-en-defensa-de-la-educacion-publica\/\"},\"author\":{\"name\":\"apuntesdesanluis.com\",\"@id\":\"https:\/\/apuntesdesanluis.com\/#\/schema\/person\/b55151d52296fcce64d1a72538a70b90\"},\"headline\":\"SE CONCRETA ESTE MARTES EL PARO Y MARCHA UNIVERSITARIA EN DEFENSA DE LA EDUCACI\u00d3N P\u00daBLICA\",\"datePublished\":\"2024-04-23T11:10:26+00:00\",\"dateModified\":\"2024-04-23T11:16:31+00:00\",\"mainEntityOfPage\":{\"@id\":\"https:\/\/apuntesdesanluis.com\/index.php\/2024\/04\/23\/se-concreta-este-martes-el-paro-y-marcha-universitaria-en-defensa-de-la-educacion-publica\/\"},\"wordCount\":1061,\"publisher\":{\"@id\":\"https:\/\/apuntesdesanluis.com\/#\/schema\/person\/b55151d52296fcce64d1a72538a70b90\"},\"image\":{\"@id\":\"https:\/\/apuntesdesanluis.com\/index.php\/2024\/04\/23\/se-concreta-este-martes-el-paro-y-marcha-universitaria-en-defensa-de-la-educacion-publica\/#primaryimage\"},\"thumbnailUrl\":\"https:\/\/apuntesdesanluis.com\/wp-content\/uploads\/2024\/04\/defensa-de-la-universidad.png\",\"articleSection\":[\"Nacionales\/Internacionales\"],\"inLanguage\":\"es-AR\"},{\"@type\":\"WebPage\",\"@id\":\"https:\/\/apuntesdesanluis.com\/index.php\/2024\/04\/23\/se-concreta-este-martes-el-paro-y-marcha-universitaria-en-defensa-de-la-educacion-publica\/\",\"url\":\"https:\/\/apuntesdesanluis.com\/index.php\/2024\/04\/23\/se-concreta-este-martes-el-paro-y-marcha-universitaria-en-defensa-de-la-educacion-publica\/\",\"name\":\"SE CONCRETA ESTE MARTES EL PARO Y MARCHA UNIVERSITARIA EN DEFENSA DE LA EDUCACI\u00d3N P\u00daBLICA - Apuntes de San Luis\",\"isPartOf\":{\"@id\":\"https:\/\/apuntesdesanluis.com\/#website\"},\"primaryImageOfPage\":{\"@id\":\"https:\/\/apuntesdesanluis.com\/index.php\/2024\/04\/23\/se-concreta-este-martes-el-paro-y-marcha-universitaria-en-defensa-de-la-educacion-publica\/#primaryimage\"},\"image\":{\"@id\":\"https:\/\/apuntesdesanluis.com\/index.php\/2024\/04\/23\/se-concreta-este-martes-el-paro-y-marcha-universitaria-en-defensa-de-la-educacion-publica\/#primaryimage\"},\"thumbnailUrl\":\"https:\/\/apuntesdesanluis.com\/wp-content\/uploads\/2024\/04\/defensa-de-la-universidad.png\",\"datePublished\":\"2024-04-23T11:10:26+00:00\",\"dateModified\":\"2024-04-23T11:16:31+00:00\",\"breadcrumb\":{\"@id\":\"https:\/\/apuntesdesanluis.com\/index.php\/2024\/04\/23\/se-concreta-este-martes-el-paro-y-marcha-universitaria-en-defensa-de-la-educacion-publica\/#breadcrumb\"},\"inLanguage\":\"es-AR\",\"potentialAction\":[{\"@type\":\"ReadAction\",\"target\":[\"https:\/\/apuntesdesanluis.com\/index.php\/2024\/04\/23\/se-concreta-este-martes-el-paro-y-marcha-universitaria-en-defensa-de-la-educacion-publica\/\"]}]},{\"@type\":\"ImageObject\",\"inLanguage\":\"es-AR\",\"@id\":\"https:\/\/apuntesdesanluis.com\/index.php\/2024\/04\/23\/se-concreta-este-martes-el-paro-y-marcha-universitaria-en-defensa-de-la-educacion-publica\/#primaryimage\",\"url\":\"https:\/\/apuntesdesanluis.com\/wp-content\/uploads\/2024\/04\/defensa-de-la-universidad.png\",\"contentUrl\":\"https:\/\/apuntesdesanluis.com\/wp-content\/uploads\/2024\/04\/defensa-de-la-universidad.png\",\"width\":773,\"height\":434},{\"@type\":\"BreadcrumbList\",\"@id\":\"https:\/\/apuntesdesanluis.com\/index.php\/2024\/04\/23\/se-concreta-este-martes-el-paro-y-marcha-universitaria-en-defensa-de-la-educacion-publica\/#breadcrumb\",\"itemListElement\":[{\"@type\":\"ListItem\",\"position\":1,\"name\":\"Inicio\",\"item\":\"https:\/\/apuntesdesanluis.com\/\"},{\"@type\":\"ListItem\",\"position\":2,\"name\":\"SE CONCRETA ESTE MARTES EL PARO Y MARCHA UNIVERSITARIA EN DEFENSA DE LA EDUCACI\u00d3N P\u00daBLICA\"}]},{\"@type\":\"WebSite\",\"@id\":\"https:\/\/apuntesdesanluis.com\/#website\",\"url\":\"https:\/\/apuntesdesanluis.com\/\",\"name\":\"Apuntes de San Luis\",\"description\":\"\",\"publisher\":{\"@id\":\"https:\/\/apuntesdesanluis.com\/#\/schema\/person\/b55151d52296fcce64d1a72538a70b90\"},\"potentialAction\":[{\"@type\":\"SearchAction\",\"target\":{\"@type\":\"EntryPoint\",\"urlTemplate\":\"https:\/\/apuntesdesanluis.com\/?s={search_term_string}\"},\"query-input\":{\"@type\":\"PropertyValueSpecification\",\"valueRequired\":true,\"valueName\":\"search_term_string\"}}],\"inLanguage\":\"es-AR\"},{\"@type\":[\"Person\",\"Organization\"],\"@id\":\"https:\/\/apuntesdesanluis.com\/#\/schema\/person\/b55151d52296fcce64d1a72538a70b90\",\"name\":\"apuntesdesanluis.com\",\"image\":{\"@type\":\"ImageObject\",\"inLanguage\":\"es-AR\",\"@id\":\"https:\/\/apuntesdesanluis.com\/#\/schema\/person\/image\/\",\"url\":\"https:\/\/apuntesdesanluis.com\/wp-content\/uploads\/2023\/07\/cropped-apuntesdesanluis.png\",\"contentUrl\":\"https:\/\/apuntesdesanluis.com\/wp-content\/uploads\/2023\/07\/cropped-apuntesdesanluis.png\",\"width\":450,\"height\":112,\"caption\":\"apuntesdesanluis.com\"},\"logo\":{\"@id\":\"https:\/\/apuntesdesanluis.com\/#\/schema\/person\/image\/\"},\"sameAs\":[\"https:\/\/apuntesdesanluis.com\"],\"url\":\"https:\/\/apuntesdesanluis.com\/index.php\/author\/apuntesdesanluis-com\/\"}]}<\/script>\n<!-- \/ Yoast SEO plugin. -->","yoast_head_json":{"title":"SE CONCRETA ESTE MARTES EL PARO Y MARCHA UNIVERSITARIA EN DEFENSA DE LA EDUCACI\u00d3N P\u00daBLICA - Apuntes de San Luis","robots":{"index":"index","follow":"follow","max-snippet":"max-snippet:-1","max-image-preview":"max-image-preview:large","max-video-preview":"max-video-preview:-1"},"canonical":"https:\/\/apuntesdesanluis.com\/index.php\/2024\/04\/23\/se-concreta-este-martes-el-paro-y-marcha-universitaria-en-defensa-de-la-educacion-publica\/","og_locale":"es_ES","og_type":"article","og_title":"SE CONCRETA ESTE MARTES EL PARO Y MARCHA UNIVERSITARIA EN DEFENSA DE LA EDUCACI\u00d3N P\u00daBLICA - Apuntes de San Luis","og_description":"Por primera vez coinciden en la convocatoria a Plaza de Mayo el consejo de rectores...","og_url":"https:\/\/apuntesdesanluis.com\/index.php\/2024\/04\/23\/se-concreta-este-martes-el-paro-y-marcha-universitaria-en-defensa-de-la-educacion-publica\/","og_site_name":"Apuntes de San Luis","article_published_time":"2024-04-23T11:10:26+00:00","article_modified_time":"2024-04-23T11:16:31+00:00","og_image":[{"width":773,"height":434,"url":"https:\/\/apuntesdesanluis.com\/wp-content\/uploads\/2024\/04\/defensa-de-la-universidad.png","type":"image\/png"}],"author":"apuntesdesanluis.com","twitter_card":"summary_large_image","twitter_misc":{"Escrito por":"apuntesdesanluis.com","Tiempo de lectura":"5 minutos"},"schema":{"@context":"https:\/\/schema.org","@graph":[{"@type":"Article","@id":"https:\/\/apuntesdesanluis.com\/index.php\/2024\/04\/23\/se-concreta-este-martes-el-paro-y-marcha-universitaria-en-defensa-de-la-educacion-publica\/#article","isPartOf":{"@id":"https:\/\/apuntesdesanluis.com\/index.php\/2024\/04\/23\/se-concreta-este-martes-el-paro-y-marcha-universitaria-en-defensa-de-la-educacion-publica\/"},"author":{"name":"apuntesdesanluis.com","@id":"https:\/\/apuntesdesanluis.com\/#\/schema\/person\/b55151d52296fcce64d1a72538a70b90"},"headline":"SE CONCRETA ESTE MARTES EL PARO Y MARCHA UNIVERSITARIA EN DEFENSA DE LA EDUCACI\u00d3N P\u00daBLICA","datePublished":"2024-04-23T11:10:26+00:00","dateModified":"2024-04-23T11:16:31+00:00","mainEntityOfPage":{"@id":"https:\/\/apuntesdesanluis.com\/index.php\/2024\/04\/23\/se-concreta-este-martes-el-paro-y-marcha-universitaria-en-defensa-de-la-educacion-publica\/"},"wordCount":1061,"publisher":{"@id":"https:\/\/apuntesdesanluis.com\/#\/schema\/person\/b55151d52296fcce64d1a72538a70b90"},"image":{"@id":"https:\/\/apuntesdesanluis.com\/index.php\/2024\/04\/23\/se-concreta-este-martes-el-paro-y-marcha-universitaria-en-defensa-de-la-educacion-publica\/#primaryimage"},"thumbnailUrl":"https:\/\/apuntesdesanluis.com\/wp-content\/uploads\/2024\/04\/defensa-de-la-universidad.png","articleSection":["Nacionales\/Internacionales"],"inLanguage":"es-AR"},{"@type":"WebPage","@id":"https:\/\/apuntesdesanluis.com\/index.php\/2024\/04\/23\/se-concreta-este-martes-el-paro-y-marcha-universitaria-en-defensa-de-la-educacion-publica\/","url":"https:\/\/apuntesdesanluis.com\/index.php\/2024\/04\/23\/se-concreta-este-martes-el-paro-y-marcha-universitaria-en-defensa-de-la-educacion-publica\/","name":"SE CONCRETA ESTE MARTES EL PARO Y MARCHA UNIVERSITARIA EN DEFENSA DE LA EDUCACI\u00d3N P\u00daBLICA - Apuntes de San Luis","isPartOf":{"@id":"https:\/\/apuntesdesanluis.com\/#website"},"primaryImageOfPage":{"@id":"https:\/\/apuntesdesanluis.com\/index.php\/2024\/04\/23\/se-concreta-este-martes-el-paro-y-marcha-universitaria-en-defensa-de-la-educacion-publica\/#primaryimage"},"image":{"@id":"https:\/\/apuntesdesanluis.com\/index.php\/2024\/04\/23\/se-concreta-este-martes-el-paro-y-marcha-universitaria-en-defensa-de-la-educacion-publica\/#primaryimage"},"thumbnailUrl":"https:\/\/apuntesdesanluis.com\/wp-content\/uploads\/2024\/04\/defensa-de-la-universidad.png","datePublished":"2024-04-23T11:10:26+00:00","dateModified":"2024-04-23T11:16:31+00:00","breadcrumb":{"@id":"https:\/\/apuntesdesanluis.com\/index.php\/2024\/04\/23\/se-concreta-este-martes-el-paro-y-marcha-universitaria-en-defensa-de-la-educacion-publica\/#breadcrumb"},"inLanguage":"es-AR","potentialAction":[{"@type":"ReadAction","target":["https:\/\/apuntesdesanluis.com\/index.php\/2024\/04\/23\/se-concreta-este-martes-el-paro-y-marcha-universitaria-en-defensa-de-la-educacion-publica\/"]}]},{"@type":"ImageObject","inLanguage":"es-AR","@id":"https:\/\/apuntesdesanluis.com\/index.php\/2024\/04\/23\/se-concreta-este-martes-el-paro-y-marcha-universitaria-en-defensa-de-la-educacion-publica\/#primaryimage","url":"https:\/\/apuntesdesanluis.com\/wp-content\/uploads\/2024\/04\/defensa-de-la-universidad.png","contentUrl":"https:\/\/apuntesdesanluis.com\/wp-content\/uploads\/2024\/04\/defensa-de-la-universidad.png","width":773,"height":434},{"@type":"BreadcrumbList","@id":"https:\/\/apuntesdesanluis.com\/index.php\/2024\/04\/23\/se-concreta-este-martes-el-paro-y-marcha-universitaria-en-defensa-de-la-educacion-publica\/#breadcrumb","itemListElement":[{"@type":"ListItem","position":1,"name":"Inicio","item":"https:\/\/apuntesdesanluis.com\/"},{"@type":"ListItem","position":2,"name":"SE CONCRETA ESTE MARTES EL PARO Y MARCHA UNIVERSITARIA EN DEFENSA DE LA EDUCACI\u00d3N P\u00daBLICA"}]},{"@type":"WebSite","@id":"https:\/\/apuntesdesanluis.com\/#website","url":"https:\/\/apuntesdesanluis.com\/","name":"Apuntes de San Luis","description":"","publisher":{"@id":"https:\/\/apuntesdesanluis.com\/#\/schema\/person\/b55151d52296fcce64d1a72538a70b90"},"potentialAction":[{"@type":"SearchAction","target":{"@type":"EntryPoint","urlTemplate":"https:\/\/apuntesdesanluis.com\/?s={search_term_string}"},"query-input":{"@type":"PropertyValueSpecification","valueRequired":true,"valueName":"search_term_string"}}],"inLanguage":"es-AR"},{"@type":["Person","Organization"],"@id":"https:\/\/apuntesdesanluis.com\/#\/schema\/person\/b55151d52296fcce64d1a72538a70b90","name":"apuntesdesanluis.com","image":{"@type":"ImageObject","inLanguage":"es-AR","@id":"https:\/\/apuntesdesanluis.com\/#\/schema\/person\/image\/","url":"https:\/\/apuntesdesanluis.com\/wp-content\/uploads\/2023\/07\/cropped-apuntesdesanluis.png","contentUrl":"https:\/\/apuntesdesanluis.com\/wp-content\/uploads\/2023\/07\/cropped-apuntesdesanluis.png","width":450,"height":112,"caption":"apuntesdesanluis.com"},"logo":{"@id":"https:\/\/apuntesdesanluis.com\/#\/schema\/person\/image\/"},"sameAs":["https:\/\/apuntesdesanluis.com"],"url":"https:\/\/apuntesdesanluis.com\/index.php\/author\/apuntesdesanluis-com\/"}]}},"featured_image_urls":{"full":["https:\/\/apuntesdesanluis.com\/wp-content\/uploads\/2024\/04\/defensa-de-la-universidad.png",773,434,false],"thumbnail":["https:\/\/apuntesdesanluis.com\/wp-content\/uploads\/2024\/04\/defensa-de-la-universidad-150x150.png",150,150,true],"medium":["https:\/\/apuntesdesanluis.com\/wp-content\/uploads\/2024\/04\/defensa-de-la-universidad-300x168.png",300,168,true],"medium_large":["https:\/\/apuntesdesanluis.com\/wp-content\/uploads\/2024\/04\/defensa-de-la-universidad-768x431.png",640,359,true],"large":["https:\/\/apuntesdesanluis.com\/wp-content\/uploads\/2024\/04\/defensa-de-la-universidad.png",640,359,false],"1536x1536":["https:\/\/apuntesdesanluis.com\/wp-content\/uploads\/2024\/04\/defensa-de-la-universidad.png",773,434,false],"2048x2048":["https:\/\/apuntesdesanluis.com\/wp-content\/uploads\/2024\/04\/defensa-de-la-universidad.png",773,434,false],"newsever-slider-full":["https:\/\/apuntesdesanluis.com\/wp-content\/uploads\/2024\/04\/defensa-de-la-universidad.png",773,434,false],"newsever-featured":["https:\/\/apuntesdesanluis.com\/wp-content\/uploads\/2024\/04\/defensa-de-la-universidad.png",773,434,false],"newsever-medium":["https:\/\/apuntesdesanluis.com\/wp-content\/uploads\/2024\/04\/defensa-de-la-universidad-720x434.png",720,434,true]},"author_info":{"display_name":"apuntesdesanluis.com","author_link":"https:\/\/apuntesdesanluis.com\/index.php\/author\/apuntesdesanluis-com\/"},"category_info":"<a href=\"https:\/\/apuntesdesanluis.com\/index.php\/category\/nacionales-internacionales\/\" rel=\"category tag\">Nacionales\/Internacionales<\/a>","tag_info":"Nacionales\/Internacionales","comment_count":"0","_links":{"self":[{"href":"https:\/\/apuntesdesanluis.com\/index.php\/wp-json\/wp\/v2\/posts\/15051","targetHints":{"allow":["GET"]}}],"collection":[{"href":"https:\/\/apuntesdesanluis.com\/index.php\/wp-json\/wp\/v2\/posts"}],"about":[{"href":"https:\/\/apuntesdesanluis.com\/index.php\/wp-json\/wp\/v2\/types\/post"}],"author":[{"embeddable":true,"href":"https:\/\/apuntesdesanluis.com\/index.php\/wp-json\/wp\/v2\/users\/1"}],"replies":[{"embeddable":true,"href":"https:\/\/apuntesdesanluis.com\/index.php\/wp-json\/wp\/v2\/comments?post=15051"}],"version-history":[{"count":2,"href":"https:\/\/apuntesdesanluis.com\/index.php\/wp-json\/wp\/v2\/posts\/15051\/revisions"}],"predecessor-version":[{"id":15057,"href":"https:\/\/apuntesdesanluis.com\/index.php\/wp-json\/wp\/v2\/posts\/15051\/revisions\/15057"}],"wp:featuredmedia":[{"embeddable":true,"href":"https:\/\/apuntesdesanluis.com\/index.php\/wp-json\/wp\/v2\/media\/15053"}],"wp:attachment":[{"href":"https:\/\/apuntesdesanluis.com\/index.php\/wp-json\/wp\/v2\/media?parent=15051"}],"wp:term":[{"taxonomy":"category","embeddable":true,"href":"https:\/\/apuntesdesanluis.com\/index.php\/wp-json\/wp\/v2\/categories?post=15051"},{"taxonomy":"post_tag","embeddable":true,"href":"https:\/\/apuntesdesanluis.com\/index.php\/wp-json\/wp\/v2\/tags?post=15051"}],"curies":[{"name":"wp","href":"https:\/\/api.w.org\/{rel}","templated":true}]}}