{"id":15066,"date":"2024-04-22T22:36:06","date_gmt":"2024-04-23T01:36:06","guid":{"rendered":"https:\/\/apuntesdesanluis.com\/?p=15066"},"modified":"2024-04-23T08:44:22","modified_gmt":"2024-04-23T11:44:22","slug":"el-gobierno-aseguro-que-la-marcha-universitaria-es-incentivada-por-la-politica","status":"publish","type":"post","link":"https:\/\/apuntesdesanluis.com\/index.php\/2024\/04\/22\/el-gobierno-aseguro-que-la-marcha-universitaria-es-incentivada-por-la-politica\/","title":{"rendered":"EL GOBIERNO ASEGUR\u00d3 QUE LA MARCHA UNIVERSITARIA ES &#8220;INCENTIVADA POR LA POL\u00cdTICA&#8221;"},"content":{"rendered":"<h3>En la previa de la movilizaci\u00f3n, el vocero presidencial <strong>Manuel Adorni<\/strong> revel\u00f3 que no permitir\u00e1n que las universidades &#8220;sean utilizadas por pol\u00edticos de turno para beneficio propio&#8221;.<\/h3>\n<h3>El vocero presidencial Manuel Adorni asegur\u00f3 que la movilizaci\u00f3n convocada por autoridades educativas para este martes en reclamo de aumentos presupuestarios es &#8220;incentivada por la pol\u00edtica&#8221;.<\/h3>\n<h3>En la habitual conferencia de prensa, el funcionario se\u00f1al\u00f3 que el Gobierno de Javier Milei respeta el \u201creclamo genuino\u201d de los alumnos, pero aclar\u00f3 que no permitir\u00e1 que las universidades &#8220;sean utilizadas por pol\u00edticos de turno para beneficio propio&#8221;.<\/h3>\n<h3>Luego de la adhesi\u00f3n de referentes como Sergio Massa y Alberto Fern\u00e1ndez a la marcha que tendr\u00e1 lugar el martes, el vocero puntualiz\u00f3: \u201cTransforman la marcha en una marcha incentivada por la pol\u00edtica. Es genuino el reclamo, lo que no es genuino que desde un escritorio incentiven a que estas cuestiones ocurran con cierto incentivo detr\u00e1s\u201d.<\/h3>\n<h3>\u201cEst\u00e1 dem\u00e1s decir que el Gobierno como todo gobierno liberal valora la educaci\u00f3n p\u00fablica, laica y federal. Esa educaci\u00f3n p\u00fablica nos hizo ser un faro en Am\u00e9rica, lejos estamos de querer permitir que este tipo de lugares sean utilizadas por pol\u00edticos de turno para beneficio propio. No lo vamos a permitir\u201d, remarc\u00f3.<\/h3>\n<p><iframe title=\"Cr\u00edtica del Gobierno a la marcha universitaria: \u201cEs una movilizaci\u00f3n incentivada por la pol\u00edtica\u201d\" width=\"640\" height=\"480\" src=\"https:\/\/www.youtube.com\/embed\/TQSp4GqRdQM?feature=oembed\" frameborder=\"0\" allow=\"accelerometer; autoplay; clipboard-write; encrypted-media; gyroscope; picture-in-picture; web-share\" referrerpolicy=\"strict-origin-when-cross-origin\" allowfullscreen><\/iframe><\/p>\n<h3>\u201cHace d\u00e9cadas entendemos que la universidades funcionan con severos problemas, las facultades en malas condiciones edilicias, los profesores no cobran por su trabajo, hay matriculas con contenidos que no se actualizan desde hace 30 a\u00f1os y los \u00edndices de terminalidad educativa se caen a pedazos\u201d, remarc\u00f3 al tiempo que precis\u00f3 que 6 de cada 10 abandonan en el primer a\u00f1o y 3 de cada 10 terminan la carrera.<\/h3>\n<h3>Tras la convocatoria para ma\u00f1ana del Consejo Interuniversitario Nacional (CIN), Adorni indic\u00f3: \u201cNos seguimos preguntando por qu\u00e9 algunas autoridades levantan la voz ahora y no el a\u00f1o pasado cuando la inflaci\u00f3n fue del 211% y han sufrido tama\u00f1o ajusto real en sus partidas. No vamos a hacer asignaci\u00f3n arbitraria de recursos, en general, con todas las partidas que significan una erogaci\u00f3n por parte de todos los contribuyentes\u201d.<\/h3>\n<h3>\u201cEs un Gobierno que vino a decir la verdad en todos los \u00e1mbitos y no va dejar pasar la hipocres\u00eda de quienes quieren sostener sus privilegios\u201d, subray\u00f3 adem\u00e1s.<\/h3>\n<h3>Paralelamente, el\u00a0Gobierno nacional,\u00a0a trav\u00e9s del\u00a0Ministerio de Capital Humano, anunci\u00f3 que\u00a0cumpli\u00f3 con el cronograma de pagos a las\u00a0universidades nacionales\u00a0\u201ccon un aumento del 70%\u201d y resalt\u00f3 que\u00a0se concluy\u00f3 \u201ccon la pol\u00edtica de congelamiento presupuestario de la administraci\u00f3n anterior\u201d.<\/h3>\n<h3>\u201cTal como estaba planificado cuando se estableci\u00f3 el cronograma de pagos con el CIN, en el d\u00eda de hoy se realiz\u00f3\u00a0el dep\u00f3sito del 100% de los gastos de funcionamiento de las Universidades Nacionales,\u00a0con un aumento del 70% y por un total de\u00a0$10.075.851.955,\u00a0concluyendo as\u00ed con la pol\u00edtica de congelamiento presupuestario de la administraci\u00f3n anterior\u201d, indic\u00f3 la cartera que lidera\u00a0<strong>Sandra Pettovello<\/strong>.<\/h3>\n<p>&nbsp;<\/p>\n<p><img fetchpriority=\"high\" decoding=\"async\" class=\"wp-image-15068 aligncenter\" src=\"https:\/\/apuntesdesanluis.com\/wp-content\/uploads\/2024\/04\/posteo-de-pettovello-232x300.jpg\" alt=\"\" width=\"490\" height=\"634\" srcset=\"https:\/\/apuntesdesanluis.com\/wp-content\/uploads\/2024\/04\/posteo-de-pettovello-232x300.jpg 232w, https:\/\/apuntesdesanluis.com\/wp-content\/uploads\/2024\/04\/posteo-de-pettovello.jpg 600w\" sizes=\"(max-width: 490px) 100vw, 490px\" \/><\/p>\n<h3>Por otra parte, el vocero presidencial anticip\u00f3 que no habr\u00e1 m\u00e1s \u201cpresupuestos deficitarios\u201d y admiti\u00f3 conversaciones con las autoridades el pasado jueves en el que se los ofreci\u00f3 una actualizaci\u00f3n 70% en gastos de funcionamiento y una partida extraordinaria para los hospitales universitarios de 14.403.000.<\/h3>\n<h3>A pesar de que desde el CIN negaron haber llegado a un entendimiento, Adorni insisti\u00f3 en que \u201chubo acuerdo en virtud con los n\u00fameros\u201d. \u201cNosotros siempre vamos a defender a los alumnos a su derecho a educarse y a tener un futuro que es por lo \u00fanico que asumimos\u201d, concluy\u00f3.<\/h3>\n<p>&nbsp;<\/p>\n<p>&nbsp;<\/p>\n<p>&nbsp;<\/p>\n<p>&nbsp;<\/p>\n<p>&nbsp;<\/p>\n<p>&nbsp;<\/p>\n","protected":false},"excerpt":{"rendered":"<p>En la previa de la movilizaci\u00f3n, el vocero presidencial Manuel Adorni revel\u00f3 que no permitir\u00e1n&#8230;<\/p>\n","protected":false},"author":1,"featured_media":15067,"comment_status":"closed","ping_status":"closed","sticky":false,"template":"","format":"standard","meta":{"footnotes":""},"categories":[5],"tags":[],"class_list":["post-15066","post","type-post","status-publish","format-standard","has-post-thumbnail","hentry","category-nacionales-internacionales"],"yoast_head":"<!-- This site is optimized with the Yoast SEO plugin v26.1.1 - https:\/\/yoast.com\/wordpress\/plugins\/seo\/ -->\n<title>EL GOBIERNO ASEGUR\u00d3 QUE LA MARCHA UNIVERSITARIA ES &quot;INCENTIVADA POR LA POL\u00cdTICA&quot; - Apuntes de San Luis<\/title>\n<meta name=\"robots\" content=\"index, follow, max-snippet:-1, max-image-preview:large, max-video-preview:-1\" \/>\n<link rel=\"canonical\" href=\"https:\/\/apuntesdesanluis.com\/index.php\/2024\/04\/22\/el-gobierno-aseguro-que-la-marcha-universitaria-es-incentivada-por-la-politica\/\" \/>\n<meta property=\"og:locale\" content=\"es_ES\" \/>\n<meta property=\"og:type\" content=\"article\" \/>\n<meta property=\"og:title\" content=\"EL GOBIERNO ASEGUR\u00d3 QUE LA MARCHA UNIVERSITARIA ES &quot;INCENTIVADA POR LA POL\u00cdTICA&quot; - Apuntes de San Luis\" \/>\n<meta property=\"og:description\" content=\"En la previa de la movilizaci\u00f3n, el vocero presidencial Manuel Adorni revel\u00f3 que no permitir\u00e1n...\" \/>\n<meta property=\"og:url\" content=\"https:\/\/apuntesdesanluis.com\/index.php\/2024\/04\/22\/el-gobierno-aseguro-que-la-marcha-universitaria-es-incentivada-por-la-politica\/\" \/>\n<meta property=\"og:site_name\" content=\"Apuntes de San Luis\" \/>\n<meta property=\"article:published_time\" content=\"2024-04-23T01:36:06+00:00\" \/>\n<meta property=\"article:modified_time\" content=\"2024-04-23T11:44:22+00:00\" \/>\n<meta property=\"og:image\" content=\"https:\/\/apuntesdesanluis.com\/wp-content\/uploads\/2024\/04\/adorni-1.png\" \/>\n\t<meta property=\"og:image:width\" content=\"681\" \/>\n\t<meta property=\"og:image:height\" content=\"409\" \/>\n\t<meta property=\"og:image:type\" content=\"image\/png\" \/>\n<meta name=\"author\" content=\"apuntesdesanluis.com\" \/>\n<meta name=\"twitter:card\" content=\"summary_large_image\" \/>\n<meta name=\"twitter:label1\" content=\"Escrito por\" \/>\n\t<meta name=\"twitter:data1\" content=\"apuntesdesanluis.com\" \/>\n\t<meta name=\"twitter:label2\" content=\"Tiempo de lectura\" \/>\n\t<meta name=\"twitter:data2\" content=\"3 minutos\" \/>\n<script type=\"application\/ld+json\" class=\"yoast-schema-graph\">{\"@context\":\"https:\/\/schema.org\",\"@graph\":[{\"@type\":\"Article\",\"@id\":\"https:\/\/apuntesdesanluis.com\/index.php\/2024\/04\/22\/el-gobierno-aseguro-que-la-marcha-universitaria-es-incentivada-por-la-politica\/#article\",\"isPartOf\":{\"@id\":\"https:\/\/apuntesdesanluis.com\/index.php\/2024\/04\/22\/el-gobierno-aseguro-que-la-marcha-universitaria-es-incentivada-por-la-politica\/\"},\"author\":{\"name\":\"apuntesdesanluis.com\",\"@id\":\"https:\/\/apuntesdesanluis.com\/#\/schema\/person\/b55151d52296fcce64d1a72538a70b90\"},\"headline\":\"EL GOBIERNO ASEGUR\u00d3 QUE LA MARCHA UNIVERSITARIA ES &#8220;INCENTIVADA POR LA POL\u00cdTICA&#8221;\",\"datePublished\":\"2024-04-23T01:36:06+00:00\",\"dateModified\":\"2024-04-23T11:44:22+00:00\",\"mainEntityOfPage\":{\"@id\":\"https:\/\/apuntesdesanluis.com\/index.php\/2024\/04\/22\/el-gobierno-aseguro-que-la-marcha-universitaria-es-incentivada-por-la-politica\/\"},\"wordCount\":630,\"publisher\":{\"@id\":\"https:\/\/apuntesdesanluis.com\/#\/schema\/person\/b55151d52296fcce64d1a72538a70b90\"},\"image\":{\"@id\":\"https:\/\/apuntesdesanluis.com\/index.php\/2024\/04\/22\/el-gobierno-aseguro-que-la-marcha-universitaria-es-incentivada-por-la-politica\/#primaryimage\"},\"thumbnailUrl\":\"https:\/\/apuntesdesanluis.com\/wp-content\/uploads\/2024\/04\/adorni-1.png\",\"articleSection\":[\"Nacionales\/Internacionales\"],\"inLanguage\":\"es-AR\"},{\"@type\":\"WebPage\",\"@id\":\"https:\/\/apuntesdesanluis.com\/index.php\/2024\/04\/22\/el-gobierno-aseguro-que-la-marcha-universitaria-es-incentivada-por-la-politica\/\",\"url\":\"https:\/\/apuntesdesanluis.com\/index.php\/2024\/04\/22\/el-gobierno-aseguro-que-la-marcha-universitaria-es-incentivada-por-la-politica\/\",\"name\":\"EL GOBIERNO ASEGUR\u00d3 QUE LA MARCHA UNIVERSITARIA ES \\\"INCENTIVADA POR LA POL\u00cdTICA\\\" - Apuntes de San Luis\",\"isPartOf\":{\"@id\":\"https:\/\/apuntesdesanluis.com\/#website\"},\"primaryImageOfPage\":{\"@id\":\"https:\/\/apuntesdesanluis.com\/index.php\/2024\/04\/22\/el-gobierno-aseguro-que-la-marcha-universitaria-es-incentivada-por-la-politica\/#primaryimage\"},\"image\":{\"@id\":\"https:\/\/apuntesdesanluis.com\/index.php\/2024\/04\/22\/el-gobierno-aseguro-que-la-marcha-universitaria-es-incentivada-por-la-politica\/#primaryimage\"},\"thumbnailUrl\":\"https:\/\/apuntesdesanluis.com\/wp-content\/uploads\/2024\/04\/adorni-1.png\",\"datePublished\":\"2024-04-23T01:36:06+00:00\",\"dateModified\":\"2024-04-23T11:44:22+00:00\",\"breadcrumb\":{\"@id\":\"https:\/\/apuntesdesanluis.com\/index.php\/2024\/04\/22\/el-gobierno-aseguro-que-la-marcha-universitaria-es-incentivada-por-la-politica\/#breadcrumb\"},\"inLanguage\":\"es-AR\",\"potentialAction\":[{\"@type\":\"ReadAction\",\"target\":[\"https:\/\/apuntesdesanluis.com\/index.php\/2024\/04\/22\/el-gobierno-aseguro-que-la-marcha-universitaria-es-incentivada-por-la-politica\/\"]}]},{\"@type\":\"ImageObject\",\"inLanguage\":\"es-AR\",\"@id\":\"https:\/\/apuntesdesanluis.com\/index.php\/2024\/04\/22\/el-gobierno-aseguro-que-la-marcha-universitaria-es-incentivada-por-la-politica\/#primaryimage\",\"url\":\"https:\/\/apuntesdesanluis.com\/wp-content\/uploads\/2024\/04\/adorni-1.png\",\"contentUrl\":\"https:\/\/apuntesdesanluis.com\/wp-content\/uploads\/2024\/04\/adorni-1.png\",\"width\":681,\"height\":409},{\"@type\":\"BreadcrumbList\",\"@id\":\"https:\/\/apuntesdesanluis.com\/index.php\/2024\/04\/22\/el-gobierno-aseguro-que-la-marcha-universitaria-es-incentivada-por-la-politica\/#breadcrumb\",\"itemListElement\":[{\"@type\":\"ListItem\",\"position\":1,\"name\":\"Inicio\",\"item\":\"https:\/\/apuntesdesanluis.com\/\"},{\"@type\":\"ListItem\",\"position\":2,\"name\":\"EL GOBIERNO ASEGUR\u00d3 QUE LA MARCHA UNIVERSITARIA ES &#8220;INCENTIVADA POR LA POL\u00cdTICA&#8221;\"}]},{\"@type\":\"WebSite\",\"@id\":\"https:\/\/apuntesdesanluis.com\/#website\",\"url\":\"https:\/\/apuntesdesanluis.com\/\",\"name\":\"Apuntes de San Luis\",\"description\":\"\",\"publisher\":{\"@id\":\"https:\/\/apuntesdesanluis.com\/#\/schema\/person\/b55151d52296fcce64d1a72538a70b90\"},\"potentialAction\":[{\"@type\":\"SearchAction\",\"target\":{\"@type\":\"EntryPoint\",\"urlTemplate\":\"https:\/\/apuntesdesanluis.com\/?s={search_term_string}\"},\"query-input\":{\"@type\":\"PropertyValueSpecification\",\"valueRequired\":true,\"valueName\":\"search_term_string\"}}],\"inLanguage\":\"es-AR\"},{\"@type\":[\"Person\",\"Organization\"],\"@id\":\"https:\/\/apuntesdesanluis.com\/#\/schema\/person\/b55151d52296fcce64d1a72538a70b90\",\"name\":\"apuntesdesanluis.com\",\"image\":{\"@type\":\"ImageObject\",\"inLanguage\":\"es-AR\",\"@id\":\"https:\/\/apuntesdesanluis.com\/#\/schema\/person\/image\/\",\"url\":\"https:\/\/apuntesdesanluis.com\/wp-content\/uploads\/2023\/07\/cropped-apuntesdesanluis.png\",\"contentUrl\":\"https:\/\/apuntesdesanluis.com\/wp-content\/uploads\/2023\/07\/cropped-apuntesdesanluis.png\",\"width\":450,\"height\":112,\"caption\":\"apuntesdesanluis.com\"},\"logo\":{\"@id\":\"https:\/\/apuntesdesanluis.com\/#\/schema\/person\/image\/\"},\"sameAs\":[\"https:\/\/apuntesdesanluis.com\"],\"url\":\"https:\/\/apuntesdesanluis.com\/index.php\/author\/apuntesdesanluis-com\/\"}]}<\/script>\n<!-- \/ Yoast SEO plugin. -->","yoast_head_json":{"title":"EL GOBIERNO ASEGUR\u00d3 QUE LA MARCHA UNIVERSITARIA ES \"INCENTIVADA POR LA POL\u00cdTICA\" - Apuntes de San Luis","robots":{"index":"index","follow":"follow","max-snippet":"max-snippet:-1","max-image-preview":"max-image-preview:large","max-video-preview":"max-video-preview:-1"},"canonical":"https:\/\/apuntesdesanluis.com\/index.php\/2024\/04\/22\/el-gobierno-aseguro-que-la-marcha-universitaria-es-incentivada-por-la-politica\/","og_locale":"es_ES","og_type":"article","og_title":"EL GOBIERNO ASEGUR\u00d3 QUE LA MARCHA UNIVERSITARIA ES \"INCENTIVADA POR LA POL\u00cdTICA\" - Apuntes de San Luis","og_description":"En la previa de la movilizaci\u00f3n, el vocero presidencial Manuel Adorni revel\u00f3 que no permitir\u00e1n...","og_url":"https:\/\/apuntesdesanluis.com\/index.php\/2024\/04\/22\/el-gobierno-aseguro-que-la-marcha-universitaria-es-incentivada-por-la-politica\/","og_site_name":"Apuntes de San Luis","article_published_time":"2024-04-23T01:36:06+00:00","article_modified_time":"2024-04-23T11:44:22+00:00","og_image":[{"width":681,"height":409,"url":"https:\/\/apuntesdesanluis.com\/wp-content\/uploads\/2024\/04\/adorni-1.png","type":"image\/png"}],"author":"apuntesdesanluis.com","twitter_card":"summary_large_image","twitter_misc":{"Escrito por":"apuntesdesanluis.com","Tiempo de lectura":"3 minutos"},"schema":{"@context":"https:\/\/schema.org","@graph":[{"@type":"Article","@id":"https:\/\/apuntesdesanluis.com\/index.php\/2024\/04\/22\/el-gobierno-aseguro-que-la-marcha-universitaria-es-incentivada-por-la-politica\/#article","isPartOf":{"@id":"https:\/\/apuntesdesanluis.com\/index.php\/2024\/04\/22\/el-gobierno-aseguro-que-la-marcha-universitaria-es-incentivada-por-la-politica\/"},"author":{"name":"apuntesdesanluis.com","@id":"https:\/\/apuntesdesanluis.com\/#\/schema\/person\/b55151d52296fcce64d1a72538a70b90"},"headline":"EL GOBIERNO ASEGUR\u00d3 QUE LA MARCHA UNIVERSITARIA ES &#8220;INCENTIVADA POR LA POL\u00cdTICA&#8221;","datePublished":"2024-04-23T01:36:06+00:00","dateModified":"2024-04-23T11:44:22+00:00","mainEntityOfPage":{"@id":"https:\/\/apuntesdesanluis.com\/index.php\/2024\/04\/22\/el-gobierno-aseguro-que-la-marcha-universitaria-es-incentivada-por-la-politica\/"},"wordCount":630,"publisher":{"@id":"https:\/\/apuntesdesanluis.com\/#\/schema\/person\/b55151d52296fcce64d1a72538a70b90"},"image":{"@id":"https:\/\/apuntesdesanluis.com\/index.php\/2024\/04\/22\/el-gobierno-aseguro-que-la-marcha-universitaria-es-incentivada-por-la-politica\/#primaryimage"},"thumbnailUrl":"https:\/\/apuntesdesanluis.com\/wp-content\/uploads\/2024\/04\/adorni-1.png","articleSection":["Nacionales\/Internacionales"],"inLanguage":"es-AR"},{"@type":"WebPage","@id":"https:\/\/apuntesdesanluis.com\/index.php\/2024\/04\/22\/el-gobierno-aseguro-que-la-marcha-universitaria-es-incentivada-por-la-politica\/","url":"https:\/\/apuntesdesanluis.com\/index.php\/2024\/04\/22\/el-gobierno-aseguro-que-la-marcha-universitaria-es-incentivada-por-la-politica\/","name":"EL GOBIERNO ASEGUR\u00d3 QUE LA MARCHA UNIVERSITARIA ES \"INCENTIVADA POR LA POL\u00cdTICA\" - Apuntes de San Luis","isPartOf":{"@id":"https:\/\/apuntesdesanluis.com\/#website"},"primaryImageOfPage":{"@id":"https:\/\/apuntesdesanluis.com\/index.php\/2024\/04\/22\/el-gobierno-aseguro-que-la-marcha-universitaria-es-incentivada-por-la-politica\/#primaryimage"},"image":{"@id":"https:\/\/apuntesdesanluis.com\/index.php\/2024\/04\/22\/el-gobierno-aseguro-que-la-marcha-universitaria-es-incentivada-por-la-politica\/#primaryimage"},"thumbnailUrl":"https:\/\/apuntesdesanluis.com\/wp-content\/uploads\/2024\/04\/adorni-1.png","datePublished":"2024-04-23T01:36:06+00:00","dateModified":"2024-04-23T11:44:22+00:00","breadcrumb":{"@id":"https:\/\/apuntesdesanluis.com\/index.php\/2024\/04\/22\/el-gobierno-aseguro-que-la-marcha-universitaria-es-incentivada-por-la-politica\/#breadcrumb"},"inLanguage":"es-AR","potentialAction":[{"@type":"ReadAction","target":["https:\/\/apuntesdesanluis.com\/index.php\/2024\/04\/22\/el-gobierno-aseguro-que-la-marcha-universitaria-es-incentivada-por-la-politica\/"]}]},{"@type":"ImageObject","inLanguage":"es-AR","@id":"https:\/\/apuntesdesanluis.com\/index.php\/2024\/04\/22\/el-gobierno-aseguro-que-la-marcha-universitaria-es-incentivada-por-la-politica\/#primaryimage","url":"https:\/\/apuntesdesanluis.com\/wp-content\/uploads\/2024\/04\/adorni-1.png","contentUrl":"https:\/\/apuntesdesanluis.com\/wp-content\/uploads\/2024\/04\/adorni-1.png","width":681,"height":409},{"@type":"BreadcrumbList","@id":"https:\/\/apuntesdesanluis.com\/index.php\/2024\/04\/22\/el-gobierno-aseguro-que-la-marcha-universitaria-es-incentivada-por-la-politica\/#breadcrumb","itemListElement":[{"@type":"ListItem","position":1,"name":"Inicio","item":"https:\/\/apuntesdesanluis.com\/"},{"@type":"ListItem","position":2,"name":"EL GOBIERNO ASEGUR\u00d3 QUE LA MARCHA UNIVERSITARIA ES &#8220;INCENTIVADA POR LA POL\u00cdTICA&#8221;"}]},{"@type":"WebSite","@id":"https:\/\/apuntesdesanluis.com\/#website","url":"https:\/\/apuntesdesanluis.com\/","name":"Apuntes de San Luis","description":"","publisher":{"@id":"https:\/\/apuntesdesanluis.com\/#\/schema\/person\/b55151d52296fcce64d1a72538a70b90"},"potentialAction":[{"@type":"SearchAction","target":{"@type":"EntryPoint","urlTemplate":"https:\/\/apuntesdesanluis.com\/?s={search_term_string}"},"query-input":{"@type":"PropertyValueSpecification","valueRequired":true,"valueName":"search_term_string"}}],"inLanguage":"es-AR"},{"@type":["Person","Organization"],"@id":"https:\/\/apuntesdesanluis.com\/#\/schema\/person\/b55151d52296fcce64d1a72538a70b90","name":"apuntesdesanluis.com","image":{"@type":"ImageObject","inLanguage":"es-AR","@id":"https:\/\/apuntesdesanluis.com\/#\/schema\/person\/image\/","url":"https:\/\/apuntesdesanluis.com\/wp-content\/uploads\/2023\/07\/cropped-apuntesdesanluis.png","contentUrl":"https:\/\/apuntesdesanluis.com\/wp-content\/uploads\/2023\/07\/cropped-apuntesdesanluis.png","width":450,"height":112,"caption":"apuntesdesanluis.com"},"logo":{"@id":"https:\/\/apuntesdesanluis.com\/#\/schema\/person\/image\/"},"sameAs":["https:\/\/apuntesdesanluis.com"],"url":"https:\/\/apuntesdesanluis.com\/index.php\/author\/apuntesdesanluis-com\/"}]}},"featured_image_urls":{"full":["https:\/\/apuntesdesanluis.com\/wp-content\/uploads\/2024\/04\/adorni-1.png",681,409,false],"thumbnail":["https:\/\/apuntesdesanluis.com\/wp-content\/uploads\/2024\/04\/adorni-1-150x150.png",150,150,true],"medium":["https:\/\/apuntesdesanluis.com\/wp-content\/uploads\/2024\/04\/adorni-1-300x180.png",300,180,true],"medium_large":["https:\/\/apuntesdesanluis.com\/wp-content\/uploads\/2024\/04\/adorni-1.png",640,384,false],"large":["https:\/\/apuntesdesanluis.com\/wp-content\/uploads\/2024\/04\/adorni-1.png",640,384,false],"1536x1536":["https:\/\/apuntesdesanluis.com\/wp-content\/uploads\/2024\/04\/adorni-1.png",681,409,false],"2048x2048":["https:\/\/apuntesdesanluis.com\/wp-content\/uploads\/2024\/04\/adorni-1.png",681,409,false],"newsever-slider-full":["https:\/\/apuntesdesanluis.com\/wp-content\/uploads\/2024\/04\/adorni-1.png",681,409,false],"newsever-featured":["https:\/\/apuntesdesanluis.com\/wp-content\/uploads\/2024\/04\/adorni-1.png",681,409,false],"newsever-medium":["https:\/\/apuntesdesanluis.com\/wp-content\/uploads\/2024\/04\/adorni-1.png",681,409,false]},"author_info":{"display_name":"apuntesdesanluis.com","author_link":"https:\/\/apuntesdesanluis.com\/index.php\/author\/apuntesdesanluis-com\/"},"category_info":"<a href=\"https:\/\/apuntesdesanluis.com\/index.php\/category\/nacionales-internacionales\/\" rel=\"category tag\">Nacionales\/Internacionales<\/a>","tag_info":"Nacionales\/Internacionales","comment_count":"0","_links":{"self":[{"href":"https:\/\/apuntesdesanluis.com\/index.php\/wp-json\/wp\/v2\/posts\/15066","targetHints":{"allow":["GET"]}}],"collection":[{"href":"https:\/\/apuntesdesanluis.com\/index.php\/wp-json\/wp\/v2\/posts"}],"about":[{"href":"https:\/\/apuntesdesanluis.com\/index.php\/wp-json\/wp\/v2\/types\/post"}],"author":[{"embeddable":true,"href":"https:\/\/apuntesdesanluis.com\/index.php\/wp-json\/wp\/v2\/users\/1"}],"replies":[{"embeddable":true,"href":"https:\/\/apuntesdesanluis.com\/index.php\/wp-json\/wp\/v2\/comments?post=15066"}],"version-history":[{"count":1,"href":"https:\/\/apuntesdesanluis.com\/index.php\/wp-json\/wp\/v2\/posts\/15066\/revisions"}],"predecessor-version":[{"id":15069,"href":"https:\/\/apuntesdesanluis.com\/index.php\/wp-json\/wp\/v2\/posts\/15066\/revisions\/15069"}],"wp:featuredmedia":[{"embeddable":true,"href":"https:\/\/apuntesdesanluis.com\/index.php\/wp-json\/wp\/v2\/media\/15067"}],"wp:attachment":[{"href":"https:\/\/apuntesdesanluis.com\/index.php\/wp-json\/wp\/v2\/media?parent=15066"}],"wp:term":[{"taxonomy":"category","embeddable":true,"href":"https:\/\/apuntesdesanluis.com\/index.php\/wp-json\/wp\/v2\/categories?post=15066"},{"taxonomy":"post_tag","embeddable":true,"href":"https:\/\/apuntesdesanluis.com\/index.php\/wp-json\/wp\/v2\/tags?post=15066"}],"curies":[{"name":"wp","href":"https:\/\/api.w.org\/{rel}","templated":true}]}}