{"id":15070,"date":"2024-04-22T20:55:56","date_gmt":"2024-04-22T23:55:56","guid":{"rendered":"https:\/\/apuntesdesanluis.com\/?p=15070"},"modified":"2024-04-23T08:58:23","modified_gmt":"2024-04-23T11:58:23","slug":"un-ex-camarista-federal-denuncio-a-milei-por-haber-llamado-heroes-a-los-fugadores-de-divisas","status":"publish","type":"post","link":"https:\/\/apuntesdesanluis.com\/index.php\/2024\/04\/22\/un-ex-camarista-federal-denuncio-a-milei-por-haber-llamado-heroes-a-los-fugadores-de-divisas\/","title":{"rendered":"UN EX CAMARISTA FEDERAL DENUNCI\u00d3 A MILEI POR HABER LLAMADO \u201cH\u00c9ROES\u201d A LOS FUGADORES DE DIVISAS"},"content":{"rendered":"<h3>El ex camarista federal <strong>Eduardo Freiler<\/strong> denunci\u00f3 penalmente al presidente, Javier Milei, por su discurso del viernes pasado en el Hotel Llao Llao, de Bariloche, ante empresarios a los que llam\u00f3 \u201ch\u00e9roes\u201d por haber fugado divisas y los exhort\u00f3 a comprar d\u00f3lares en el mercado ilegal.<\/h3>\n<h3>\u201cSe les van los d\u00f3lares, entonces ponen controles de capitales, entonces el que fuga ya no es un delincuente. Es un h\u00e9roe!, el que fuga es un h\u00e9roe, no importa de d\u00f3nde venga la plata. Es decir, logr\u00f3 escaparse de las garras del Estado. \u00bfQu\u00e9 le recomendar\u00edas a tu cliente? Ahora me pongo el traje de economista: \u2018compr\u00e1 d\u00f3lares\u2019, despu\u00e9s figura como fuga. Y la verdad es que si lo compran en negro, mejor. Porque as\u00ed no tienen que pagar un mont\u00f3n de impuestos est\u00fapidos\u201d, dijo Milei en Bariloche.<\/h3>\n<h3>\u201cDado el tenor de los dichos, la vehemencia con que fueron expresados, su masiva difusi\u00f3n, el contexto social y la m\u00e1xima magistratura del enunciante pone claramente en peligro el bien jur\u00eddico que esta norma trata de proteger: el orden p\u00fablico\u201d, alert\u00f3 Freiler.<\/h3>\n<h3>\u201cNadie como el mism\u00edsimo Presidente de la Naci\u00f3n puede socavar la tranquilidad y el orden p\u00fablico empoderando las acciones que son democr\u00e1ticamente impuestas como delictivas\u201d, a\u00f1adi\u00f3.<\/h3>\n<h3>La causa recay\u00f3 en el juzgado federal n\u00famero 11, hist\u00f3ricamente ocupado por el juez Claudio Bonadio y actualmente subrogado por Juli\u00e1n Ercolini.<\/h3>\n<h3>Freiler advirti\u00f3 que \u201cla conmoci\u00f3n social que sus dichos generan son de catastr\u00f3ficas proyecciones en el marco de inestabilidad econ\u00f3mica que sufre el pa\u00eds y el pueblo argentino sumado a la desintegraci\u00f3n institucional que trae aparejada las afirmaciones presidenciales\u201d.<\/h3>\n<h3>En ese sentido, reclam\u00f3 al Poder Judicial: \u201cQuiera que vuestro accionar logre que nadie se sustraiga de las garras democr\u00e1ticas normativas e institucionales de nuestro bastardeado estado de derecho\u201d.<\/h3>\n<p>&nbsp;<\/p>\n<p>&nbsp;<\/p>\n<p>&nbsp;<\/p>\n<p>&nbsp;<\/p>\n<p>&nbsp;<\/p>\n<p>&nbsp;<\/p>\n","protected":false},"excerpt":{"rendered":"<p>El ex camarista federal Eduardo Freiler denunci\u00f3 penalmente al presidente, Javier Milei, por su discurso&#8230;<\/p>\n","protected":false},"author":1,"featured_media":15071,"comment_status":"closed","ping_status":"closed","sticky":false,"template":"","format":"standard","meta":{"footnotes":""},"categories":[5],"tags":[],"class_list":["post-15070","post","type-post","status-publish","format-standard","has-post-thumbnail","hentry","category-nacionales-internacionales"],"yoast_head":"<!-- This site is optimized with the Yoast SEO plugin v26.1.1 - https:\/\/yoast.com\/wordpress\/plugins\/seo\/ -->\n<title>UN EX CAMARISTA FEDERAL DENUNCI\u00d3 A MILEI POR HABER LLAMADO \u201cH\u00c9ROES\u201d A LOS FUGADORES DE DIVISAS - Apuntes de San Luis<\/title>\n<meta name=\"robots\" content=\"index, follow, max-snippet:-1, max-image-preview:large, max-video-preview:-1\" \/>\n<link rel=\"canonical\" href=\"https:\/\/apuntesdesanluis.com\/index.php\/2024\/04\/22\/un-ex-camarista-federal-denuncio-a-milei-por-haber-llamado-heroes-a-los-fugadores-de-divisas\/\" \/>\n<meta property=\"og:locale\" content=\"es_ES\" \/>\n<meta property=\"og:type\" content=\"article\" \/>\n<meta property=\"og:title\" content=\"UN EX CAMARISTA FEDERAL DENUNCI\u00d3 A MILEI POR HABER LLAMADO \u201cH\u00c9ROES\u201d A LOS FUGADORES DE DIVISAS - Apuntes de San Luis\" \/>\n<meta property=\"og:description\" content=\"El ex camarista federal Eduardo Freiler denunci\u00f3 penalmente al presidente, Javier Milei, por su discurso...\" \/>\n<meta property=\"og:url\" content=\"https:\/\/apuntesdesanluis.com\/index.php\/2024\/04\/22\/un-ex-camarista-federal-denuncio-a-milei-por-haber-llamado-heroes-a-los-fugadores-de-divisas\/\" \/>\n<meta property=\"og:site_name\" content=\"Apuntes de San Luis\" \/>\n<meta property=\"article:published_time\" content=\"2024-04-22T23:55:56+00:00\" \/>\n<meta property=\"article:modified_time\" content=\"2024-04-23T11:58:23+00:00\" \/>\n<meta property=\"og:image\" content=\"https:\/\/apuntesdesanluis.com\/wp-content\/uploads\/2024\/04\/eduardo-freiler.png\" \/>\n\t<meta property=\"og:image:width\" content=\"600\" \/>\n\t<meta property=\"og:image:height\" content=\"390\" \/>\n\t<meta property=\"og:image:type\" content=\"image\/png\" \/>\n<meta name=\"author\" content=\"apuntesdesanluis.com\" \/>\n<meta name=\"twitter:card\" content=\"summary_large_image\" \/>\n<meta name=\"twitter:label1\" content=\"Escrito por\" \/>\n\t<meta name=\"twitter:data1\" content=\"apuntesdesanluis.com\" \/>\n\t<meta name=\"twitter:label2\" content=\"Tiempo de lectura\" \/>\n\t<meta name=\"twitter:data2\" content=\"2 minutos\" \/>\n<script type=\"application\/ld+json\" class=\"yoast-schema-graph\">{\"@context\":\"https:\/\/schema.org\",\"@graph\":[{\"@type\":\"Article\",\"@id\":\"https:\/\/apuntesdesanluis.com\/index.php\/2024\/04\/22\/un-ex-camarista-federal-denuncio-a-milei-por-haber-llamado-heroes-a-los-fugadores-de-divisas\/#article\",\"isPartOf\":{\"@id\":\"https:\/\/apuntesdesanluis.com\/index.php\/2024\/04\/22\/un-ex-camarista-federal-denuncio-a-milei-por-haber-llamado-heroes-a-los-fugadores-de-divisas\/\"},\"author\":{\"name\":\"apuntesdesanluis.com\",\"@id\":\"https:\/\/apuntesdesanluis.com\/#\/schema\/person\/b55151d52296fcce64d1a72538a70b90\"},\"headline\":\"UN EX CAMARISTA FEDERAL DENUNCI\u00d3 A MILEI POR HABER LLAMADO \u201cH\u00c9ROES\u201d A LOS FUGADORES DE DIVISAS\",\"datePublished\":\"2024-04-22T23:55:56+00:00\",\"dateModified\":\"2024-04-23T11:58:23+00:00\",\"mainEntityOfPage\":{\"@id\":\"https:\/\/apuntesdesanluis.com\/index.php\/2024\/04\/22\/un-ex-camarista-federal-denuncio-a-milei-por-haber-llamado-heroes-a-los-fugadores-de-divisas\/\"},\"wordCount\":344,\"publisher\":{\"@id\":\"https:\/\/apuntesdesanluis.com\/#\/schema\/person\/b55151d52296fcce64d1a72538a70b90\"},\"image\":{\"@id\":\"https:\/\/apuntesdesanluis.com\/index.php\/2024\/04\/22\/un-ex-camarista-federal-denuncio-a-milei-por-haber-llamado-heroes-a-los-fugadores-de-divisas\/#primaryimage\"},\"thumbnailUrl\":\"https:\/\/apuntesdesanluis.com\/wp-content\/uploads\/2024\/04\/eduardo-freiler.png\",\"articleSection\":[\"Nacionales\/Internacionales\"],\"inLanguage\":\"es-AR\"},{\"@type\":\"WebPage\",\"@id\":\"https:\/\/apuntesdesanluis.com\/index.php\/2024\/04\/22\/un-ex-camarista-federal-denuncio-a-milei-por-haber-llamado-heroes-a-los-fugadores-de-divisas\/\",\"url\":\"https:\/\/apuntesdesanluis.com\/index.php\/2024\/04\/22\/un-ex-camarista-federal-denuncio-a-milei-por-haber-llamado-heroes-a-los-fugadores-de-divisas\/\",\"name\":\"UN EX CAMARISTA FEDERAL DENUNCI\u00d3 A MILEI POR HABER LLAMADO \u201cH\u00c9ROES\u201d A LOS FUGADORES DE DIVISAS - Apuntes de San Luis\",\"isPartOf\":{\"@id\":\"https:\/\/apuntesdesanluis.com\/#website\"},\"primaryImageOfPage\":{\"@id\":\"https:\/\/apuntesdesanluis.com\/index.php\/2024\/04\/22\/un-ex-camarista-federal-denuncio-a-milei-por-haber-llamado-heroes-a-los-fugadores-de-divisas\/#primaryimage\"},\"image\":{\"@id\":\"https:\/\/apuntesdesanluis.com\/index.php\/2024\/04\/22\/un-ex-camarista-federal-denuncio-a-milei-por-haber-llamado-heroes-a-los-fugadores-de-divisas\/#primaryimage\"},\"thumbnailUrl\":\"https:\/\/apuntesdesanluis.com\/wp-content\/uploads\/2024\/04\/eduardo-freiler.png\",\"datePublished\":\"2024-04-22T23:55:56+00:00\",\"dateModified\":\"2024-04-23T11:58:23+00:00\",\"breadcrumb\":{\"@id\":\"https:\/\/apuntesdesanluis.com\/index.php\/2024\/04\/22\/un-ex-camarista-federal-denuncio-a-milei-por-haber-llamado-heroes-a-los-fugadores-de-divisas\/#breadcrumb\"},\"inLanguage\":\"es-AR\",\"potentialAction\":[{\"@type\":\"ReadAction\",\"target\":[\"https:\/\/apuntesdesanluis.com\/index.php\/2024\/04\/22\/un-ex-camarista-federal-denuncio-a-milei-por-haber-llamado-heroes-a-los-fugadores-de-divisas\/\"]}]},{\"@type\":\"ImageObject\",\"inLanguage\":\"es-AR\",\"@id\":\"https:\/\/apuntesdesanluis.com\/index.php\/2024\/04\/22\/un-ex-camarista-federal-denuncio-a-milei-por-haber-llamado-heroes-a-los-fugadores-de-divisas\/#primaryimage\",\"url\":\"https:\/\/apuntesdesanluis.com\/wp-content\/uploads\/2024\/04\/eduardo-freiler.png\",\"contentUrl\":\"https:\/\/apuntesdesanluis.com\/wp-content\/uploads\/2024\/04\/eduardo-freiler.png\",\"width\":600,\"height\":390},{\"@type\":\"BreadcrumbList\",\"@id\":\"https:\/\/apuntesdesanluis.com\/index.php\/2024\/04\/22\/un-ex-camarista-federal-denuncio-a-milei-por-haber-llamado-heroes-a-los-fugadores-de-divisas\/#breadcrumb\",\"itemListElement\":[{\"@type\":\"ListItem\",\"position\":1,\"name\":\"Inicio\",\"item\":\"https:\/\/apuntesdesanluis.com\/\"},{\"@type\":\"ListItem\",\"position\":2,\"name\":\"UN EX CAMARISTA FEDERAL DENUNCI\u00d3 A MILEI POR HABER LLAMADO \u201cH\u00c9ROES\u201d A LOS FUGADORES DE DIVISAS\"}]},{\"@type\":\"WebSite\",\"@id\":\"https:\/\/apuntesdesanluis.com\/#website\",\"url\":\"https:\/\/apuntesdesanluis.com\/\",\"name\":\"Apuntes de San Luis\",\"description\":\"\",\"publisher\":{\"@id\":\"https:\/\/apuntesdesanluis.com\/#\/schema\/person\/b55151d52296fcce64d1a72538a70b90\"},\"potentialAction\":[{\"@type\":\"SearchAction\",\"target\":{\"@type\":\"EntryPoint\",\"urlTemplate\":\"https:\/\/apuntesdesanluis.com\/?s={search_term_string}\"},\"query-input\":{\"@type\":\"PropertyValueSpecification\",\"valueRequired\":true,\"valueName\":\"search_term_string\"}}],\"inLanguage\":\"es-AR\"},{\"@type\":[\"Person\",\"Organization\"],\"@id\":\"https:\/\/apuntesdesanluis.com\/#\/schema\/person\/b55151d52296fcce64d1a72538a70b90\",\"name\":\"apuntesdesanluis.com\",\"image\":{\"@type\":\"ImageObject\",\"inLanguage\":\"es-AR\",\"@id\":\"https:\/\/apuntesdesanluis.com\/#\/schema\/person\/image\/\",\"url\":\"https:\/\/apuntesdesanluis.com\/wp-content\/uploads\/2023\/07\/cropped-apuntesdesanluis.png\",\"contentUrl\":\"https:\/\/apuntesdesanluis.com\/wp-content\/uploads\/2023\/07\/cropped-apuntesdesanluis.png\",\"width\":450,\"height\":112,\"caption\":\"apuntesdesanluis.com\"},\"logo\":{\"@id\":\"https:\/\/apuntesdesanluis.com\/#\/schema\/person\/image\/\"},\"sameAs\":[\"https:\/\/apuntesdesanluis.com\"],\"url\":\"https:\/\/apuntesdesanluis.com\/index.php\/author\/apuntesdesanluis-com\/\"}]}<\/script>\n<!-- \/ Yoast SEO plugin. -->","yoast_head_json":{"title":"UN EX CAMARISTA FEDERAL DENUNCI\u00d3 A MILEI POR HABER LLAMADO \u201cH\u00c9ROES\u201d A LOS FUGADORES DE DIVISAS - Apuntes de San Luis","robots":{"index":"index","follow":"follow","max-snippet":"max-snippet:-1","max-image-preview":"max-image-preview:large","max-video-preview":"max-video-preview:-1"},"canonical":"https:\/\/apuntesdesanluis.com\/index.php\/2024\/04\/22\/un-ex-camarista-federal-denuncio-a-milei-por-haber-llamado-heroes-a-los-fugadores-de-divisas\/","og_locale":"es_ES","og_type":"article","og_title":"UN EX CAMARISTA FEDERAL DENUNCI\u00d3 A MILEI POR HABER LLAMADO \u201cH\u00c9ROES\u201d A LOS FUGADORES DE DIVISAS - Apuntes de San Luis","og_description":"El ex camarista federal Eduardo Freiler denunci\u00f3 penalmente al presidente, Javier Milei, por su discurso...","og_url":"https:\/\/apuntesdesanluis.com\/index.php\/2024\/04\/22\/un-ex-camarista-federal-denuncio-a-milei-por-haber-llamado-heroes-a-los-fugadores-de-divisas\/","og_site_name":"Apuntes de San Luis","article_published_time":"2024-04-22T23:55:56+00:00","article_modified_time":"2024-04-23T11:58:23+00:00","og_image":[{"width":600,"height":390,"url":"https:\/\/apuntesdesanluis.com\/wp-content\/uploads\/2024\/04\/eduardo-freiler.png","type":"image\/png"}],"author":"apuntesdesanluis.com","twitter_card":"summary_large_image","twitter_misc":{"Escrito por":"apuntesdesanluis.com","Tiempo de lectura":"2 minutos"},"schema":{"@context":"https:\/\/schema.org","@graph":[{"@type":"Article","@id":"https:\/\/apuntesdesanluis.com\/index.php\/2024\/04\/22\/un-ex-camarista-federal-denuncio-a-milei-por-haber-llamado-heroes-a-los-fugadores-de-divisas\/#article","isPartOf":{"@id":"https:\/\/apuntesdesanluis.com\/index.php\/2024\/04\/22\/un-ex-camarista-federal-denuncio-a-milei-por-haber-llamado-heroes-a-los-fugadores-de-divisas\/"},"author":{"name":"apuntesdesanluis.com","@id":"https:\/\/apuntesdesanluis.com\/#\/schema\/person\/b55151d52296fcce64d1a72538a70b90"},"headline":"UN EX CAMARISTA FEDERAL DENUNCI\u00d3 A MILEI POR HABER LLAMADO \u201cH\u00c9ROES\u201d A LOS FUGADORES DE DIVISAS","datePublished":"2024-04-22T23:55:56+00:00","dateModified":"2024-04-23T11:58:23+00:00","mainEntityOfPage":{"@id":"https:\/\/apuntesdesanluis.com\/index.php\/2024\/04\/22\/un-ex-camarista-federal-denuncio-a-milei-por-haber-llamado-heroes-a-los-fugadores-de-divisas\/"},"wordCount":344,"publisher":{"@id":"https:\/\/apuntesdesanluis.com\/#\/schema\/person\/b55151d52296fcce64d1a72538a70b90"},"image":{"@id":"https:\/\/apuntesdesanluis.com\/index.php\/2024\/04\/22\/un-ex-camarista-federal-denuncio-a-milei-por-haber-llamado-heroes-a-los-fugadores-de-divisas\/#primaryimage"},"thumbnailUrl":"https:\/\/apuntesdesanluis.com\/wp-content\/uploads\/2024\/04\/eduardo-freiler.png","articleSection":["Nacionales\/Internacionales"],"inLanguage":"es-AR"},{"@type":"WebPage","@id":"https:\/\/apuntesdesanluis.com\/index.php\/2024\/04\/22\/un-ex-camarista-federal-denuncio-a-milei-por-haber-llamado-heroes-a-los-fugadores-de-divisas\/","url":"https:\/\/apuntesdesanluis.com\/index.php\/2024\/04\/22\/un-ex-camarista-federal-denuncio-a-milei-por-haber-llamado-heroes-a-los-fugadores-de-divisas\/","name":"UN EX CAMARISTA FEDERAL DENUNCI\u00d3 A MILEI POR HABER LLAMADO \u201cH\u00c9ROES\u201d A LOS FUGADORES DE DIVISAS - Apuntes de San Luis","isPartOf":{"@id":"https:\/\/apuntesdesanluis.com\/#website"},"primaryImageOfPage":{"@id":"https:\/\/apuntesdesanluis.com\/index.php\/2024\/04\/22\/un-ex-camarista-federal-denuncio-a-milei-por-haber-llamado-heroes-a-los-fugadores-de-divisas\/#primaryimage"},"image":{"@id":"https:\/\/apuntesdesanluis.com\/index.php\/2024\/04\/22\/un-ex-camarista-federal-denuncio-a-milei-por-haber-llamado-heroes-a-los-fugadores-de-divisas\/#primaryimage"},"thumbnailUrl":"https:\/\/apuntesdesanluis.com\/wp-content\/uploads\/2024\/04\/eduardo-freiler.png","datePublished":"2024-04-22T23:55:56+00:00","dateModified":"2024-04-23T11:58:23+00:00","breadcrumb":{"@id":"https:\/\/apuntesdesanluis.com\/index.php\/2024\/04\/22\/un-ex-camarista-federal-denuncio-a-milei-por-haber-llamado-heroes-a-los-fugadores-de-divisas\/#breadcrumb"},"inLanguage":"es-AR","potentialAction":[{"@type":"ReadAction","target":["https:\/\/apuntesdesanluis.com\/index.php\/2024\/04\/22\/un-ex-camarista-federal-denuncio-a-milei-por-haber-llamado-heroes-a-los-fugadores-de-divisas\/"]}]},{"@type":"ImageObject","inLanguage":"es-AR","@id":"https:\/\/apuntesdesanluis.com\/index.php\/2024\/04\/22\/un-ex-camarista-federal-denuncio-a-milei-por-haber-llamado-heroes-a-los-fugadores-de-divisas\/#primaryimage","url":"https:\/\/apuntesdesanluis.com\/wp-content\/uploads\/2024\/04\/eduardo-freiler.png","contentUrl":"https:\/\/apuntesdesanluis.com\/wp-content\/uploads\/2024\/04\/eduardo-freiler.png","width":600,"height":390},{"@type":"BreadcrumbList","@id":"https:\/\/apuntesdesanluis.com\/index.php\/2024\/04\/22\/un-ex-camarista-federal-denuncio-a-milei-por-haber-llamado-heroes-a-los-fugadores-de-divisas\/#breadcrumb","itemListElement":[{"@type":"ListItem","position":1,"name":"Inicio","item":"https:\/\/apuntesdesanluis.com\/"},{"@type":"ListItem","position":2,"name":"UN EX CAMARISTA FEDERAL DENUNCI\u00d3 A MILEI POR HABER LLAMADO \u201cH\u00c9ROES\u201d A LOS FUGADORES DE DIVISAS"}]},{"@type":"WebSite","@id":"https:\/\/apuntesdesanluis.com\/#website","url":"https:\/\/apuntesdesanluis.com\/","name":"Apuntes de San Luis","description":"","publisher":{"@id":"https:\/\/apuntesdesanluis.com\/#\/schema\/person\/b55151d52296fcce64d1a72538a70b90"},"potentialAction":[{"@type":"SearchAction","target":{"@type":"EntryPoint","urlTemplate":"https:\/\/apuntesdesanluis.com\/?s={search_term_string}"},"query-input":{"@type":"PropertyValueSpecification","valueRequired":true,"valueName":"search_term_string"}}],"inLanguage":"es-AR"},{"@type":["Person","Organization"],"@id":"https:\/\/apuntesdesanluis.com\/#\/schema\/person\/b55151d52296fcce64d1a72538a70b90","name":"apuntesdesanluis.com","image":{"@type":"ImageObject","inLanguage":"es-AR","@id":"https:\/\/apuntesdesanluis.com\/#\/schema\/person\/image\/","url":"https:\/\/apuntesdesanluis.com\/wp-content\/uploads\/2023\/07\/cropped-apuntesdesanluis.png","contentUrl":"https:\/\/apuntesdesanluis.com\/wp-content\/uploads\/2023\/07\/cropped-apuntesdesanluis.png","width":450,"height":112,"caption":"apuntesdesanluis.com"},"logo":{"@id":"https:\/\/apuntesdesanluis.com\/#\/schema\/person\/image\/"},"sameAs":["https:\/\/apuntesdesanluis.com"],"url":"https:\/\/apuntesdesanluis.com\/index.php\/author\/apuntesdesanluis-com\/"}]}},"featured_image_urls":{"full":["https:\/\/apuntesdesanluis.com\/wp-content\/uploads\/2024\/04\/eduardo-freiler.png",600,390,false],"thumbnail":["https:\/\/apuntesdesanluis.com\/wp-content\/uploads\/2024\/04\/eduardo-freiler-150x150.png",150,150,true],"medium":["https:\/\/apuntesdesanluis.com\/wp-content\/uploads\/2024\/04\/eduardo-freiler-300x195.png",300,195,true],"medium_large":["https:\/\/apuntesdesanluis.com\/wp-content\/uploads\/2024\/04\/eduardo-freiler.png",600,390,false],"large":["https:\/\/apuntesdesanluis.com\/wp-content\/uploads\/2024\/04\/eduardo-freiler.png",600,390,false],"1536x1536":["https:\/\/apuntesdesanluis.com\/wp-content\/uploads\/2024\/04\/eduardo-freiler.png",600,390,false],"2048x2048":["https:\/\/apuntesdesanluis.com\/wp-content\/uploads\/2024\/04\/eduardo-freiler.png",600,390,false],"newsever-slider-full":["https:\/\/apuntesdesanluis.com\/wp-content\/uploads\/2024\/04\/eduardo-freiler.png",600,390,false],"newsever-featured":["https:\/\/apuntesdesanluis.com\/wp-content\/uploads\/2024\/04\/eduardo-freiler.png",600,390,false],"newsever-medium":["https:\/\/apuntesdesanluis.com\/wp-content\/uploads\/2024\/04\/eduardo-freiler.png",600,390,false]},"author_info":{"display_name":"apuntesdesanluis.com","author_link":"https:\/\/apuntesdesanluis.com\/index.php\/author\/apuntesdesanluis-com\/"},"category_info":"<a href=\"https:\/\/apuntesdesanluis.com\/index.php\/category\/nacionales-internacionales\/\" rel=\"category tag\">Nacionales\/Internacionales<\/a>","tag_info":"Nacionales\/Internacionales","comment_count":"0","_links":{"self":[{"href":"https:\/\/apuntesdesanluis.com\/index.php\/wp-json\/wp\/v2\/posts\/15070","targetHints":{"allow":["GET"]}}],"collection":[{"href":"https:\/\/apuntesdesanluis.com\/index.php\/wp-json\/wp\/v2\/posts"}],"about":[{"href":"https:\/\/apuntesdesanluis.com\/index.php\/wp-json\/wp\/v2\/types\/post"}],"author":[{"embeddable":true,"href":"https:\/\/apuntesdesanluis.com\/index.php\/wp-json\/wp\/v2\/users\/1"}],"replies":[{"embeddable":true,"href":"https:\/\/apuntesdesanluis.com\/index.php\/wp-json\/wp\/v2\/comments?post=15070"}],"version-history":[{"count":1,"href":"https:\/\/apuntesdesanluis.com\/index.php\/wp-json\/wp\/v2\/posts\/15070\/revisions"}],"predecessor-version":[{"id":15072,"href":"https:\/\/apuntesdesanluis.com\/index.php\/wp-json\/wp\/v2\/posts\/15070\/revisions\/15072"}],"wp:featuredmedia":[{"embeddable":true,"href":"https:\/\/apuntesdesanluis.com\/index.php\/wp-json\/wp\/v2\/media\/15071"}],"wp:attachment":[{"href":"https:\/\/apuntesdesanluis.com\/index.php\/wp-json\/wp\/v2\/media?parent=15070"}],"wp:term":[{"taxonomy":"category","embeddable":true,"href":"https:\/\/apuntesdesanluis.com\/index.php\/wp-json\/wp\/v2\/categories?post=15070"},{"taxonomy":"post_tag","embeddable":true,"href":"https:\/\/apuntesdesanluis.com\/index.php\/wp-json\/wp\/v2\/tags?post=15070"}],"curies":[{"name":"wp","href":"https:\/\/api.w.org\/{rel}","templated":true}]}}