{"id":15073,"date":"2024-04-23T09:13:14","date_gmt":"2024-04-23T12:13:14","guid":{"rendered":"https:\/\/apuntesdesanluis.com\/?p=15073"},"modified":"2024-04-23T09:13:14","modified_gmt":"2024-04-23T12:13:14","slug":"el-relato-fantastico-de-la-derrota-del-deficit","status":"publish","type":"post","link":"https:\/\/apuntesdesanluis.com\/index.php\/2024\/04\/23\/el-relato-fantastico-de-la-derrota-del-deficit\/","title":{"rendered":"EL RELATO FANT\u00c1STICO DE LA DERROTA DEL D\u00c9FICIT"},"content":{"rendered":"<h3><em>El presidente de la Naci\u00f3n uso la cadena nacional para exponer como &#8220;un triunfo hist\u00f3rico&#8221; un resultado positivo en las cuentas p\u00fablicas que no es tal. Un cuadro surrealista.<\/em><\/h3>\n<h3>Por <span style=\"color: #000000;\"><em>Ra\u00fal Dellatorre *<\/em><\/span><\/h3>\n<h3><img fetchpriority=\"high\" decoding=\"async\" class=\"wp-image-15074 aligncenter\" src=\"https:\/\/apuntesdesanluis.com\/wp-content\/uploads\/2024\/04\/raul-dellatorre-300x229.png\" alt=\"\" width=\"498\" height=\"380\" srcset=\"https:\/\/apuntesdesanluis.com\/wp-content\/uploads\/2024\/04\/raul-dellatorre-300x229.png 300w, https:\/\/apuntesdesanluis.com\/wp-content\/uploads\/2024\/04\/raul-dellatorre.png 447w\" sizes=\"(max-width: 498px) 100vw, 498px\" \/><\/h3>\n<h3>Un resultado contable cuestionable &#8211; el supuesto superavit financiero del trimestre logrado en base a dejar impagos diversos compromisos del Estado &#8211; y un todav\u00eda m\u00e1s fantasioso &#8220;triunfo&#8221; logrado contra la inflaci\u00f3n, que habr\u00eda posibilitado &#8220;una recomposici\u00f3n de los salarios reales que ya ha empezado&#8221;, fue la escenograf\u00eda montada por Javier Milei para anunciar, en tono de epopeya, que &#8220;el sacrificio heroico&#8221; realizado desde que \u00e9l lleg\u00f3 al gobierno para ir hacia un destino so\u00f1ado, &#8220;ya ha recorrido m\u00e1s de la mitad del camino&#8221;.<\/h3>\n<h3>El presidente de la Naci\u00f3n utiliz\u00f3 el horario central nocturno de la televisi\u00f3n para brindar un mensaje de quince minutos por cadena nacional, en el que asegur\u00f3 que la primera etapa del camino hacia el crecimiento hab\u00eda comenzado. En el que probablemente haya sido el \u00fanico p\u00e1rrafo del discurso en el que expuso una realidad comprobable, se\u00f1al\u00f3 cu\u00e1les son los sectores econ\u00f3micos que se est\u00e1n expandiendo por &#8220;la correcci\u00f3n de precios relativos&#8221; que impuso la pol\u00edtica de shock aplicada: &#8220;miner\u00eda, petr\u00f3leo, gas y campo&#8221;. El modelo basado en la explotaci\u00f3n de materias primas es el objetivo buscado por su pol\u00edtica de ajuste violento y brutal transferencia de ingresos.<\/h3>\n<h3>Milei aludi\u00f3, en tono apocal\u00edptico &#8211; una vez m\u00e1s &#8211; a la herencia recibida, con estad\u00edsticas forzadas que manifiestan que recibi\u00f3 &#8220;un d\u00e9ficit consolidado de m\u00e1s de 15 puntos&#8221; entre el Tesoro Nacional y el Banco Central. Y sostiene que haberlo revertido en tan poco tiempo como el que lleva en el gobierno es &#8220;una haza\u00f1a de proporciones hist\u00f3ricas&#8221;. Pero cuando exhibe las cuentas, anuncia un &#8220;superavit fiscal financiero de 275 mil millones de pesos, equivalente a 0,2 puntos del PBI en el primer trimestre&#8221;, que corresponde s\u00f3lo a las cuentas del Tesoro.<\/h3>\n<h3>Se trata, aunque Milei no lo aclare, de lo que contablemente se conoce como &#8220;resultado de caja&#8221;, es decir &#8220;el dinero que entr\u00f3 frente a lo que sali\u00f3&#8221;, nada m\u00e1s. No se apuntan, en esa cuenta, los &#8220;gastos devengados&#8221;, es decir lo que &#8220;debi\u00f3 pagar&#8221; pero pate\u00f3 para adelante. Entre ellos, por ejemplo, los pagos de compensaciones a generadoras el\u00e9ctricas, que suman en las cuentas de Cammesa (la administradora del mercado mayorista el\u00e9ctrico) una deuda por m\u00e1s de 1200 millones de d\u00f3lares en el primer trimestre, que sumada a la deuda con otras empresas del sector de energ\u00eda (gas, principalmente), elevan la cifra a 2000 millones de d\u00f3lares. En pesos, significan m\u00e1s de 1,7 billones que, si se computan como &#8220;gasto&#8221; del per\u00edodo, supera largamente el saldo positivo financiero expuesto por Milei tan orgullosamente.<\/h3>\n<p><img decoding=\"async\" class=\"wp-image-15076 aligncenter\" src=\"https:\/\/apuntesdesanluis.com\/wp-content\/uploads\/2024\/04\/milei-6-300x165.png\" alt=\"\" width=\"625\" height=\"344\" srcset=\"https:\/\/apuntesdesanluis.com\/wp-content\/uploads\/2024\/04\/milei-6-300x165.png 300w, https:\/\/apuntesdesanluis.com\/wp-content\/uploads\/2024\/04\/milei-6-768x422.png 768w, https:\/\/apuntesdesanluis.com\/wp-content\/uploads\/2024\/04\/milei-6.png 793w\" sizes=\"(max-width: 625px) 100vw, 625px\" \/><\/p>\n<h3>Adem\u00e1s, de haber hecho referencia al Banco Central, le hubiera resultado dif\u00eccil eludir que en tres meses la entidad monetaria aument\u00f3 su deuda en divisas en m\u00e1s de 10 mil millones de d\u00f3lares. La balanza de pagos &#8211; las cuentas con el sector externo &#8211; no est\u00e1n hoy mejor que en noviembre pasado, y adem\u00e1s la econom\u00eda del pa\u00eds est\u00e1 m\u00e1s dependiente y endeble que entonces frente a su principal acreedor, el Fondo Monetario.<\/h3>\n<h3>Vale se\u00f1alar que aquella acumulaci\u00f3n de deuda con empresas del \u00e1rea energ\u00e9tica se corresponde con la decisi\u00f3n del gobierno de, por un lado, otorgarle un fuerte tarifazo a estos sectores pero, por otro, cambiar luego el cronograma de eliminaci\u00f3n de subsidios al consumo energ\u00e9tico para evitar una mayor disparada en la inflaci\u00f3n en los meses de febrero, marzo y abril. Milei no s\u00f3lo pretende mostrar el 11 por ciento de inflaci\u00f3n en marzo como un resultado exitoso (es su cuarto mes consecutivo de hiperaumentos de precios al consumidor), sino que adem\u00e1s debi\u00f3 maniobrar con la suba de tarifas para que no le fuera peor.<\/h3>\n<h3>Lejos de reconocer el problema, anoche Milei se empecin\u00f3 en sostener que &#8220;la inflaci\u00f3n se est\u00e1 desplomando&#8221;, ya que &#8220;la causa de todos los males es el d\u00e9ficit fiscal, y dijimos que con nosotros se acababa, y en consecuencia tambi\u00e9n se acababa la emisi\u00f3n monetaria y la inflaci\u00f3n&#8221;. Y se ufan\u00f3 de haberlo enfrentado &#8220;avanzando con el programa de shock estabilizador m\u00e1s ambicioso de nuestra historia&#8221;.<\/h3>\n<h3>No hizo la m\u00e1s m\u00ednima referencia el Presidente de la Naci\u00f3n en su discurso a que dicha pol\u00edtica tuvo por resultado, adem\u00e1s, el hundimiento de la econom\u00eda en una recesi\u00f3n que, por la velocidad con la que se concret\u00f3, es la m\u00e1s salvaje de nuestra historia. Ni siquiera una cat\u00e1strofe internacional como la pandemia de 2020 tuvieron el impacto de derrumbe econ\u00f3mico que est\u00e1 provocando el ajuste de Milei. Y mucho menos, una distribuci\u00f3n tan desigual de los costos, ya que por la magnitud de la inflaci\u00f2n a partir de diciembre, fueron los sectores populares los m\u00e1s directamente afectados en la demolici\u00f3n de su capacidad de compra.<\/h3>\n<h3>En tal sentido, Milei volvi\u00f3 a calificar a la inflaci\u00f3n como &#8220;un robo&#8221;, pero no se hizo cargo de que el aumento del 54 por ciento de los precios mayoristas en diciembre fueron la respuesta a la brutal devaluaci\u00f3n que dispuso a 48 horas de haber asumido como presidente. Tampoco calific\u00f3 a esa megadevaluaci\u00f3n como un robo, pese a que su impacto directo es la p\u00e9rdida de valor de los ingresos de los sectores consumidores en la econom\u00eda local, en favor de los ingresos de los sectores exportadores o con rentas financieras en divisas. Justamente, esa medida fue el inicio y pieza clave del shock supuestamente estabilizador de Milei.<\/h3>\n<h3>El presidente de la Naci\u00f3n insiste en cargar sobre &#8220;los pol\u00edticos&#8221;, una categor\u00eda de la cual se excluye, la responsabilidad de arrastrar recurrentemente al pa\u00eds a la crisis por &#8220;su obsesi\u00f3n en aumentar el gasto&#8221;. Pero su discurso de anoche expuso otra &#8220;obsesi\u00f3n&#8221;, quiz\u00e1s con mayor impacto en las crisis argentinas desde 1955 para ac\u00e1. Y es la de los sectores pol\u00edticos alineados en las posiciones m\u00e1s favorables al capital extranjero &#8211; pol\u00edticas capitalistas ortodoxas o de derecha &#8211; que reiteran las promesas de que los sacrificios del presente son solamente transitorios y que desembocar\u00e1n en un per\u00edodo de expansi\u00f3n y prosperidad. En la historia argentina de los \u00faltimos setenta a\u00f1os, el fracaso de esas falsas promesas brinda muchos m\u00e1s ejemplos que los que se le puedan atribuir a las pol\u00edticas denominadas &#8220;populistas&#8221;.<\/h3>\n<h3>Sin embargo, Milei insisti\u00f3 en su discurso con el argumento de que &#8220;el costo del ajuste s\u00f3lo lo pagan aqu\u00e9llos que fueron beneficiados del modelo empobrecedor&#8221;. Pero no entran en su c\u00e1lculo de afectados la ca\u00edda sufrida por la capacidad de compra de los salarios en m\u00e1s de un 20 por ciento entre noviembre de 2023 (previo a su llegada al gobierno) y febrero de este a\u00f1o, o el aumento de ocho puntos porcentuales en la pobreza en pocas semanas, el 30 por ciento de ca\u00edda de actividad en la industria pyme, el 28 por ciento de baja en las ventas minoristas, los diez mil empleos perdidos en forma directa en la construcci\u00f3n entre diciembre y marzo, o los ocho mil de la industria metal\u00fargica en el mismo per\u00edodo, por tomar s\u00f3lo algunas cifras representativas.<\/h3>\n<h3>Al referirse a los recortes de partidas presupuestarias, el presidente de la Naci\u00f3n volvi\u00f3 a hacer uso ayer de un lenguaje maniqueo (interpretaci\u00f3n dualista, &#8220;malo o bueno&#8221;, sin admitir valoraciones intermedias). Apunta que redujo en un 87 por ciento la obra p\u00fablica, un sector que caracteriza como &#8220;vinculado al festival de corrupci\u00f3n&#8221;. Y promete que &#8220;en nuestro modelo, estas obras pasar\u00e1n a ser financiadas por el sector privado, as\u00ed tendremos las obras que los argentinos necesitamos&#8221;. Sin explicar c\u00f3mo har\u00e1 para que las mismas empresas que animaban el festival de la corrupci\u00f3n, no sean ahora las que elijan las obras y luego endeuden al Estado a trav\u00e9s de la financiaci\u00f3n que ellos obtengan.<\/h3>\n<h3>No est\u00e1 de m\u00e1s recordar el rotundo fracaso del esquema de &#8220;iniciativa privada para la obra p\u00fablica&#8221; en el gobierno de Mauricio Macri, as\u00ed como el abandono de este mecanismo en varios pa\u00edses europeos (Espa\u00f1a, Italia y Gran Breta\u00f1a, entre ellos) despu\u00e9s de varios esc\u00e1ndalos de sobreprecios que facilitaba esta transferencia de responsabilidad de las pol\u00edticas p\u00fablicas al sector privado.<\/h3>\n<h3>A Luis Caputo, ministro de econom\u00eca, y a Santiago Bausili, titular del Banco Central, Milei los elogi\u00f3 como &#8220;patriotas&#8221; y mentores del &#8220;milagro&#8221; econ\u00f3mico. Parados a su lado como escuderos del Rey, recibieron un fuerte respaldo justo cuando empiezan a ser blanco de ataques de los propios aliados del Presidente por la falta de resultados. Pero la pel\u00edcula que ayer present\u00f3 Milei no reconoce fracasos, y mucho menos de sus fieles laderos.<\/h3>\n<h3><em>* Licenciado en econom\u00eda, periodista y conductor. P\u00e1gina 12.<\/em><\/h3>\n<p>&nbsp;<\/p>\n<p>&nbsp;<\/p>\n<p>&nbsp;<\/p>\n","protected":false},"excerpt":{"rendered":"<p>El presidente de la Naci\u00f3n uso la cadena nacional para exponer como &#8220;un triunfo hist\u00f3rico&#8221;&#8230;<\/p>\n","protected":false},"author":1,"featured_media":15075,"comment_status":"closed","ping_status":"closed","sticky":false,"template":"","format":"standard","meta":{"footnotes":""},"categories":[9],"tags":[],"class_list":["post-15073","post","type-post","status-publish","format-standard","has-post-thumbnail","hentry","category-opinion"],"yoast_head":"<!-- This site is optimized with the Yoast SEO plugin v26.1.1 - https:\/\/yoast.com\/wordpress\/plugins\/seo\/ -->\n<title>EL RELATO FANT\u00c1STICO DE LA DERROTA DEL D\u00c9FICIT - Apuntes de San Luis<\/title>\n<meta name=\"robots\" content=\"index, follow, max-snippet:-1, max-image-preview:large, max-video-preview:-1\" \/>\n<link rel=\"canonical\" href=\"https:\/\/apuntesdesanluis.com\/index.php\/2024\/04\/23\/el-relato-fantastico-de-la-derrota-del-deficit\/\" \/>\n<meta property=\"og:locale\" content=\"es_ES\" \/>\n<meta property=\"og:type\" content=\"article\" \/>\n<meta property=\"og:title\" content=\"EL RELATO FANT\u00c1STICO DE LA DERROTA DEL D\u00c9FICIT - Apuntes de San Luis\" \/>\n<meta property=\"og:description\" content=\"El presidente de la Naci\u00f3n uso la cadena nacional para exponer como &#8220;un triunfo hist\u00f3rico&#8221;...\" \/>\n<meta property=\"og:url\" content=\"https:\/\/apuntesdesanluis.com\/index.php\/2024\/04\/23\/el-relato-fantastico-de-la-derrota-del-deficit\/\" \/>\n<meta property=\"og:site_name\" content=\"Apuntes de San Luis\" \/>\n<meta property=\"article:published_time\" content=\"2024-04-23T12:13:14+00:00\" \/>\n<meta property=\"og:image\" content=\"https:\/\/apuntesdesanluis.com\/wp-content\/uploads\/2024\/04\/pinocho.png\" \/>\n\t<meta property=\"og:image:width\" content=\"703\" \/>\n\t<meta property=\"og:image:height\" content=\"442\" \/>\n\t<meta property=\"og:image:type\" content=\"image\/png\" \/>\n<meta name=\"author\" content=\"apuntesdesanluis.com\" \/>\n<meta name=\"twitter:card\" content=\"summary_large_image\" \/>\n<meta name=\"twitter:label1\" content=\"Escrito por\" \/>\n\t<meta name=\"twitter:data1\" content=\"apuntesdesanluis.com\" \/>\n\t<meta name=\"twitter:label2\" content=\"Tiempo de lectura\" \/>\n\t<meta name=\"twitter:data2\" content=\"7 minutos\" \/>\n<script type=\"application\/ld+json\" class=\"yoast-schema-graph\">{\"@context\":\"https:\/\/schema.org\",\"@graph\":[{\"@type\":\"Article\",\"@id\":\"https:\/\/apuntesdesanluis.com\/index.php\/2024\/04\/23\/el-relato-fantastico-de-la-derrota-del-deficit\/#article\",\"isPartOf\":{\"@id\":\"https:\/\/apuntesdesanluis.com\/index.php\/2024\/04\/23\/el-relato-fantastico-de-la-derrota-del-deficit\/\"},\"author\":{\"name\":\"apuntesdesanluis.com\",\"@id\":\"https:\/\/apuntesdesanluis.com\/#\/schema\/person\/b55151d52296fcce64d1a72538a70b90\"},\"headline\":\"EL RELATO FANT\u00c1STICO DE LA DERROTA DEL D\u00c9FICIT\",\"datePublished\":\"2024-04-23T12:13:14+00:00\",\"mainEntityOfPage\":{\"@id\":\"https:\/\/apuntesdesanluis.com\/index.php\/2024\/04\/23\/el-relato-fantastico-de-la-derrota-del-deficit\/\"},\"wordCount\":1564,\"publisher\":{\"@id\":\"https:\/\/apuntesdesanluis.com\/#\/schema\/person\/b55151d52296fcce64d1a72538a70b90\"},\"image\":{\"@id\":\"https:\/\/apuntesdesanluis.com\/index.php\/2024\/04\/23\/el-relato-fantastico-de-la-derrota-del-deficit\/#primaryimage\"},\"thumbnailUrl\":\"https:\/\/apuntesdesanluis.com\/wp-content\/uploads\/2024\/04\/pinocho.png\",\"articleSection\":[\"Opini\u00f3n\"],\"inLanguage\":\"es-AR\"},{\"@type\":\"WebPage\",\"@id\":\"https:\/\/apuntesdesanluis.com\/index.php\/2024\/04\/23\/el-relato-fantastico-de-la-derrota-del-deficit\/\",\"url\":\"https:\/\/apuntesdesanluis.com\/index.php\/2024\/04\/23\/el-relato-fantastico-de-la-derrota-del-deficit\/\",\"name\":\"EL RELATO FANT\u00c1STICO DE LA DERROTA DEL D\u00c9FICIT - Apuntes de San Luis\",\"isPartOf\":{\"@id\":\"https:\/\/apuntesdesanluis.com\/#website\"},\"primaryImageOfPage\":{\"@id\":\"https:\/\/apuntesdesanluis.com\/index.php\/2024\/04\/23\/el-relato-fantastico-de-la-derrota-del-deficit\/#primaryimage\"},\"image\":{\"@id\":\"https:\/\/apuntesdesanluis.com\/index.php\/2024\/04\/23\/el-relato-fantastico-de-la-derrota-del-deficit\/#primaryimage\"},\"thumbnailUrl\":\"https:\/\/apuntesdesanluis.com\/wp-content\/uploads\/2024\/04\/pinocho.png\",\"datePublished\":\"2024-04-23T12:13:14+00:00\",\"breadcrumb\":{\"@id\":\"https:\/\/apuntesdesanluis.com\/index.php\/2024\/04\/23\/el-relato-fantastico-de-la-derrota-del-deficit\/#breadcrumb\"},\"inLanguage\":\"es-AR\",\"potentialAction\":[{\"@type\":\"ReadAction\",\"target\":[\"https:\/\/apuntesdesanluis.com\/index.php\/2024\/04\/23\/el-relato-fantastico-de-la-derrota-del-deficit\/\"]}]},{\"@type\":\"ImageObject\",\"inLanguage\":\"es-AR\",\"@id\":\"https:\/\/apuntesdesanluis.com\/index.php\/2024\/04\/23\/el-relato-fantastico-de-la-derrota-del-deficit\/#primaryimage\",\"url\":\"https:\/\/apuntesdesanluis.com\/wp-content\/uploads\/2024\/04\/pinocho.png\",\"contentUrl\":\"https:\/\/apuntesdesanluis.com\/wp-content\/uploads\/2024\/04\/pinocho.png\",\"width\":703,\"height\":442},{\"@type\":\"BreadcrumbList\",\"@id\":\"https:\/\/apuntesdesanluis.com\/index.php\/2024\/04\/23\/el-relato-fantastico-de-la-derrota-del-deficit\/#breadcrumb\",\"itemListElement\":[{\"@type\":\"ListItem\",\"position\":1,\"name\":\"Inicio\",\"item\":\"https:\/\/apuntesdesanluis.com\/\"},{\"@type\":\"ListItem\",\"position\":2,\"name\":\"EL RELATO FANT\u00c1STICO DE LA DERROTA DEL D\u00c9FICIT\"}]},{\"@type\":\"WebSite\",\"@id\":\"https:\/\/apuntesdesanluis.com\/#website\",\"url\":\"https:\/\/apuntesdesanluis.com\/\",\"name\":\"Apuntes de San Luis\",\"description\":\"\",\"publisher\":{\"@id\":\"https:\/\/apuntesdesanluis.com\/#\/schema\/person\/b55151d52296fcce64d1a72538a70b90\"},\"potentialAction\":[{\"@type\":\"SearchAction\",\"target\":{\"@type\":\"EntryPoint\",\"urlTemplate\":\"https:\/\/apuntesdesanluis.com\/?s={search_term_string}\"},\"query-input\":{\"@type\":\"PropertyValueSpecification\",\"valueRequired\":true,\"valueName\":\"search_term_string\"}}],\"inLanguage\":\"es-AR\"},{\"@type\":[\"Person\",\"Organization\"],\"@id\":\"https:\/\/apuntesdesanluis.com\/#\/schema\/person\/b55151d52296fcce64d1a72538a70b90\",\"name\":\"apuntesdesanluis.com\",\"image\":{\"@type\":\"ImageObject\",\"inLanguage\":\"es-AR\",\"@id\":\"https:\/\/apuntesdesanluis.com\/#\/schema\/person\/image\/\",\"url\":\"https:\/\/apuntesdesanluis.com\/wp-content\/uploads\/2023\/07\/cropped-apuntesdesanluis.png\",\"contentUrl\":\"https:\/\/apuntesdesanluis.com\/wp-content\/uploads\/2023\/07\/cropped-apuntesdesanluis.png\",\"width\":450,\"height\":112,\"caption\":\"apuntesdesanluis.com\"},\"logo\":{\"@id\":\"https:\/\/apuntesdesanluis.com\/#\/schema\/person\/image\/\"},\"sameAs\":[\"https:\/\/apuntesdesanluis.com\"],\"url\":\"https:\/\/apuntesdesanluis.com\/index.php\/author\/apuntesdesanluis-com\/\"}]}<\/script>\n<!-- \/ Yoast SEO plugin. -->","yoast_head_json":{"title":"EL RELATO FANT\u00c1STICO DE LA DERROTA DEL D\u00c9FICIT - Apuntes de San Luis","robots":{"index":"index","follow":"follow","max-snippet":"max-snippet:-1","max-image-preview":"max-image-preview:large","max-video-preview":"max-video-preview:-1"},"canonical":"https:\/\/apuntesdesanluis.com\/index.php\/2024\/04\/23\/el-relato-fantastico-de-la-derrota-del-deficit\/","og_locale":"es_ES","og_type":"article","og_title":"EL RELATO FANT\u00c1STICO DE LA DERROTA DEL D\u00c9FICIT - Apuntes de San Luis","og_description":"El presidente de la Naci\u00f3n uso la cadena nacional para exponer como &#8220;un triunfo hist\u00f3rico&#8221;...","og_url":"https:\/\/apuntesdesanluis.com\/index.php\/2024\/04\/23\/el-relato-fantastico-de-la-derrota-del-deficit\/","og_site_name":"Apuntes de San Luis","article_published_time":"2024-04-23T12:13:14+00:00","og_image":[{"width":703,"height":442,"url":"https:\/\/apuntesdesanluis.com\/wp-content\/uploads\/2024\/04\/pinocho.png","type":"image\/png"}],"author":"apuntesdesanluis.com","twitter_card":"summary_large_image","twitter_misc":{"Escrito por":"apuntesdesanluis.com","Tiempo de lectura":"7 minutos"},"schema":{"@context":"https:\/\/schema.org","@graph":[{"@type":"Article","@id":"https:\/\/apuntesdesanluis.com\/index.php\/2024\/04\/23\/el-relato-fantastico-de-la-derrota-del-deficit\/#article","isPartOf":{"@id":"https:\/\/apuntesdesanluis.com\/index.php\/2024\/04\/23\/el-relato-fantastico-de-la-derrota-del-deficit\/"},"author":{"name":"apuntesdesanluis.com","@id":"https:\/\/apuntesdesanluis.com\/#\/schema\/person\/b55151d52296fcce64d1a72538a70b90"},"headline":"EL RELATO FANT\u00c1STICO DE LA DERROTA DEL D\u00c9FICIT","datePublished":"2024-04-23T12:13:14+00:00","mainEntityOfPage":{"@id":"https:\/\/apuntesdesanluis.com\/index.php\/2024\/04\/23\/el-relato-fantastico-de-la-derrota-del-deficit\/"},"wordCount":1564,"publisher":{"@id":"https:\/\/apuntesdesanluis.com\/#\/schema\/person\/b55151d52296fcce64d1a72538a70b90"},"image":{"@id":"https:\/\/apuntesdesanluis.com\/index.php\/2024\/04\/23\/el-relato-fantastico-de-la-derrota-del-deficit\/#primaryimage"},"thumbnailUrl":"https:\/\/apuntesdesanluis.com\/wp-content\/uploads\/2024\/04\/pinocho.png","articleSection":["Opini\u00f3n"],"inLanguage":"es-AR"},{"@type":"WebPage","@id":"https:\/\/apuntesdesanluis.com\/index.php\/2024\/04\/23\/el-relato-fantastico-de-la-derrota-del-deficit\/","url":"https:\/\/apuntesdesanluis.com\/index.php\/2024\/04\/23\/el-relato-fantastico-de-la-derrota-del-deficit\/","name":"EL RELATO FANT\u00c1STICO DE LA DERROTA DEL D\u00c9FICIT - Apuntes de San Luis","isPartOf":{"@id":"https:\/\/apuntesdesanluis.com\/#website"},"primaryImageOfPage":{"@id":"https:\/\/apuntesdesanluis.com\/index.php\/2024\/04\/23\/el-relato-fantastico-de-la-derrota-del-deficit\/#primaryimage"},"image":{"@id":"https:\/\/apuntesdesanluis.com\/index.php\/2024\/04\/23\/el-relato-fantastico-de-la-derrota-del-deficit\/#primaryimage"},"thumbnailUrl":"https:\/\/apuntesdesanluis.com\/wp-content\/uploads\/2024\/04\/pinocho.png","datePublished":"2024-04-23T12:13:14+00:00","breadcrumb":{"@id":"https:\/\/apuntesdesanluis.com\/index.php\/2024\/04\/23\/el-relato-fantastico-de-la-derrota-del-deficit\/#breadcrumb"},"inLanguage":"es-AR","potentialAction":[{"@type":"ReadAction","target":["https:\/\/apuntesdesanluis.com\/index.php\/2024\/04\/23\/el-relato-fantastico-de-la-derrota-del-deficit\/"]}]},{"@type":"ImageObject","inLanguage":"es-AR","@id":"https:\/\/apuntesdesanluis.com\/index.php\/2024\/04\/23\/el-relato-fantastico-de-la-derrota-del-deficit\/#primaryimage","url":"https:\/\/apuntesdesanluis.com\/wp-content\/uploads\/2024\/04\/pinocho.png","contentUrl":"https:\/\/apuntesdesanluis.com\/wp-content\/uploads\/2024\/04\/pinocho.png","width":703,"height":442},{"@type":"BreadcrumbList","@id":"https:\/\/apuntesdesanluis.com\/index.php\/2024\/04\/23\/el-relato-fantastico-de-la-derrota-del-deficit\/#breadcrumb","itemListElement":[{"@type":"ListItem","position":1,"name":"Inicio","item":"https:\/\/apuntesdesanluis.com\/"},{"@type":"ListItem","position":2,"name":"EL RELATO FANT\u00c1STICO DE LA DERROTA DEL D\u00c9FICIT"}]},{"@type":"WebSite","@id":"https:\/\/apuntesdesanluis.com\/#website","url":"https:\/\/apuntesdesanluis.com\/","name":"Apuntes de San Luis","description":"","publisher":{"@id":"https:\/\/apuntesdesanluis.com\/#\/schema\/person\/b55151d52296fcce64d1a72538a70b90"},"potentialAction":[{"@type":"SearchAction","target":{"@type":"EntryPoint","urlTemplate":"https:\/\/apuntesdesanluis.com\/?s={search_term_string}"},"query-input":{"@type":"PropertyValueSpecification","valueRequired":true,"valueName":"search_term_string"}}],"inLanguage":"es-AR"},{"@type":["Person","Organization"],"@id":"https:\/\/apuntesdesanluis.com\/#\/schema\/person\/b55151d52296fcce64d1a72538a70b90","name":"apuntesdesanluis.com","image":{"@type":"ImageObject","inLanguage":"es-AR","@id":"https:\/\/apuntesdesanluis.com\/#\/schema\/person\/image\/","url":"https:\/\/apuntesdesanluis.com\/wp-content\/uploads\/2023\/07\/cropped-apuntesdesanluis.png","contentUrl":"https:\/\/apuntesdesanluis.com\/wp-content\/uploads\/2023\/07\/cropped-apuntesdesanluis.png","width":450,"height":112,"caption":"apuntesdesanluis.com"},"logo":{"@id":"https:\/\/apuntesdesanluis.com\/#\/schema\/person\/image\/"},"sameAs":["https:\/\/apuntesdesanluis.com"],"url":"https:\/\/apuntesdesanluis.com\/index.php\/author\/apuntesdesanluis-com\/"}]}},"featured_image_urls":{"full":["https:\/\/apuntesdesanluis.com\/wp-content\/uploads\/2024\/04\/pinocho.png",703,442,false],"thumbnail":["https:\/\/apuntesdesanluis.com\/wp-content\/uploads\/2024\/04\/pinocho-150x150.png",150,150,true],"medium":["https:\/\/apuntesdesanluis.com\/wp-content\/uploads\/2024\/04\/pinocho-300x189.png",300,189,true],"medium_large":["https:\/\/apuntesdesanluis.com\/wp-content\/uploads\/2024\/04\/pinocho.png",640,402,false],"large":["https:\/\/apuntesdesanluis.com\/wp-content\/uploads\/2024\/04\/pinocho.png",640,402,false],"1536x1536":["https:\/\/apuntesdesanluis.com\/wp-content\/uploads\/2024\/04\/pinocho.png",703,442,false],"2048x2048":["https:\/\/apuntesdesanluis.com\/wp-content\/uploads\/2024\/04\/pinocho.png",703,442,false],"newsever-slider-full":["https:\/\/apuntesdesanluis.com\/wp-content\/uploads\/2024\/04\/pinocho.png",703,442,false],"newsever-featured":["https:\/\/apuntesdesanluis.com\/wp-content\/uploads\/2024\/04\/pinocho.png",703,442,false],"newsever-medium":["https:\/\/apuntesdesanluis.com\/wp-content\/uploads\/2024\/04\/pinocho.png",703,442,false]},"author_info":{"display_name":"apuntesdesanluis.com","author_link":"https:\/\/apuntesdesanluis.com\/index.php\/author\/apuntesdesanluis-com\/"},"category_info":"<a href=\"https:\/\/apuntesdesanluis.com\/index.php\/category\/opinion\/\" rel=\"category tag\">Opini\u00f3n<\/a>","tag_info":"Opini\u00f3n","comment_count":"0","_links":{"self":[{"href":"https:\/\/apuntesdesanluis.com\/index.php\/wp-json\/wp\/v2\/posts\/15073","targetHints":{"allow":["GET"]}}],"collection":[{"href":"https:\/\/apuntesdesanluis.com\/index.php\/wp-json\/wp\/v2\/posts"}],"about":[{"href":"https:\/\/apuntesdesanluis.com\/index.php\/wp-json\/wp\/v2\/types\/post"}],"author":[{"embeddable":true,"href":"https:\/\/apuntesdesanluis.com\/index.php\/wp-json\/wp\/v2\/users\/1"}],"replies":[{"embeddable":true,"href":"https:\/\/apuntesdesanluis.com\/index.php\/wp-json\/wp\/v2\/comments?post=15073"}],"version-history":[{"count":1,"href":"https:\/\/apuntesdesanluis.com\/index.php\/wp-json\/wp\/v2\/posts\/15073\/revisions"}],"predecessor-version":[{"id":15077,"href":"https:\/\/apuntesdesanluis.com\/index.php\/wp-json\/wp\/v2\/posts\/15073\/revisions\/15077"}],"wp:featuredmedia":[{"embeddable":true,"href":"https:\/\/apuntesdesanluis.com\/index.php\/wp-json\/wp\/v2\/media\/15075"}],"wp:attachment":[{"href":"https:\/\/apuntesdesanluis.com\/index.php\/wp-json\/wp\/v2\/media?parent=15073"}],"wp:term":[{"taxonomy":"category","embeddable":true,"href":"https:\/\/apuntesdesanluis.com\/index.php\/wp-json\/wp\/v2\/categories?post=15073"},{"taxonomy":"post_tag","embeddable":true,"href":"https:\/\/apuntesdesanluis.com\/index.php\/wp-json\/wp\/v2\/tags?post=15073"}],"curies":[{"name":"wp","href":"https:\/\/api.w.org\/{rel}","templated":true}]}}