{"id":15078,"date":"2024-04-22T20:31:41","date_gmt":"2024-04-22T23:31:41","guid":{"rendered":"https:\/\/apuntesdesanluis.com\/?p=15078"},"modified":"2024-04-23T09:33:58","modified_gmt":"2024-04-23T12:33:58","slug":"en-villa-mercedes-la-movilizacion-universitaria-reaviva-una-historica-mistica-de-lucha","status":"publish","type":"post","link":"https:\/\/apuntesdesanluis.com\/index.php\/2024\/04\/22\/en-villa-mercedes-la-movilizacion-universitaria-reaviva-una-historica-mistica-de-lucha\/","title":{"rendered":"EN VILLA MERCEDES LA MOVILIZACI\u00d3N UNIVERSITARIA REAVIVA UNA HIST\u00d3RICA M\u00cdSTICA DE LUCHA"},"content":{"rendered":"<h3>Por <span style=\"color: #000000;\"><strong>Jos\u00e9 Luis Baigorria *<\/strong><\/span><\/h3>\n<p><img fetchpriority=\"high\" decoding=\"async\" class=\"wp-image-15080 aligncenter\" src=\"https:\/\/apuntesdesanluis.com\/wp-content\/uploads\/2024\/04\/radio-unsl-300x191.png\" alt=\"\" width=\"517\" height=\"329\" srcset=\"https:\/\/apuntesdesanluis.com\/wp-content\/uploads\/2024\/04\/radio-unsl-300x191.png 300w, https:\/\/apuntesdesanluis.com\/wp-content\/uploads\/2024\/04\/radio-unsl.png 419w\" sizes=\"(max-width: 517px) 100vw, 517px\" \/><\/p>\n<h3>La comunidad universitaria de Villa Mercedes convoc\u00f3 para este martes 23 a las 17 a una concentraci\u00f3n y marcha en plaza San Mart\u00edn en \u201cDefensa de la universidad p\u00fablica, la ciencia y la tecnolog\u00eda\u201d, ante las medidas de ajuste del gobierno nacional que pone a las universidades nacionales del todo el pa\u00eds al borde del cierre. A este fuerte anclaje actual, la movilizaci\u00f3n reactiva en la colectividad local un sentimiento arraigado de viejas luchas.<\/h3>\n<h3>Los \u00faltimos d\u00edas fueron vertiginosos en los espacios de decisi\u00f3n y organizaci\u00f3n del Centro Universitario de Villa Mercedes (UNSL), con el fin de sumarse a los reclamos y adherir a la marcha nacional y provincial. La presencia de docentes con amplia experiencia en \u201cluchas hist\u00f3ricas\u201d en la asamblea interclaustro del martes 16 de abril allan\u00f3 el camino y las primeras medidas, una de las cuales fue convocar una movilizaci\u00f3n en las calles villamercedinas el mismo d\u00eda y bajo las mismas consignas.<\/h3>\n<h3>En la reuni\u00f3n, que colm\u00f3 una de las aulas m\u00e1s amplias del campus, se escucharon voces de estudiantes, docentes y representantes gremiales quienes hicieron referencia a los acuciantes problemas que atraviesan las universidades en general y las facultades del Centro Universitario en particular por las medidas del gobierno, debido a un presupuesto atrasado que no se actualiz\u00f3 pese a una inflaci\u00f3n que llega a casi el 300 % anual.<\/h3>\n<h3>Con ese panorama, las universidades no podr\u00e1n pagar los servicios b\u00e1sicos para su funcionamiento, como agua, luz y gas; y tampoco abonar los sueldos actualizados de docentes y nodocentes. En el encuentro se cuestion\u00f3, con datos estad\u00edsticos, c\u00f3mo el gobierno desfinancia sistem\u00e1ticamente a la investigaci\u00f3n y producci\u00f3n en ciencia y tecnolog\u00eda; y pone en serio riesgo la supervivencia de las becas de estudio, ayuda econ\u00f3mica y pasant\u00edas en general.<\/h3>\n<h3>A 42 a\u00f1os de la recuperaci\u00f3n de la democracia, las reflexiones giraron tambi\u00e9n en torno a una necesidad: renovar la lucha por derechos que se cre\u00edan conquistados y, por los cuales, la sociedad argentina hab\u00eda derramado mucho m\u00e1s que esfuerzos, sudor y l\u00e1grimas.<\/h3>\n<h3>Sobre este \u00faltimo aspecto, la educaci\u00f3n universitaria tiene una historia arraigada en la comunidad local signada por la lucha, un sentimiento colectivo que ahora se fusiona a los reclamos actuales porque las consignas que convocan a la movilizaci\u00f3n, como los ataques a la educaci\u00f3n p\u00fablica y los peligros que la amenazan son similares.<\/h3>\n<h3>Uno de esos riesgos, como la posibilidad de un arancelamiento de los estudios universitarios, es el mismo que hace 40 a\u00f1os moviliz\u00f3 a las y los estudiantes de la facultad de Villa Mercedes. En septiembre del a\u00f1o pasado se cumpli\u00f3 el 40\u00b0 aniversario de aquella hist\u00f3rica y emblem\u00e1tica protesta, que dej\u00f3 profundas huellas.<\/h3>\n<h3>Fue cuando estudiantes de la entonces Facultad de Ingenier\u00eda y Administraci\u00f3n, de la UNSL, se expresaron abiertamente en contra no solo del arancelamiento universitario, sino tambi\u00e9n de los cupos para ingresos y otras medidas restrictivas impuestas durante la dictadura, que afectaban los estudios superiores.<\/h3>\n<h3>Esas protestas de chicos y chicas -algunos de los cuales ahora son docentes y ejercen cargos en la UNSL- se fueron endureciendo, aun cuando las autoridades interventoras de la UNSL amenazaban con el cierre del a\u00f1o acad\u00e9mico en Villa Mercedes, lo que significaba la paralizaci\u00f3n de los estudios universitarios en la ciudad.<\/h3>\n<h3>Pero la movilizaci\u00f3n, que consisti\u00f3 en manifestaciones en las calles y una \u201cquema p\u00fablica\u201d de los troqueles de los aranceles, se fue ampliando con el apoyo de pr\u00e1cticamente toda la comunidad y no solo logr\u00f3 la reapertura de las clases, sino que consigui\u00f3 sus objetivos esenciales, trascendi\u00f3 los l\u00edmites de la provincia y se convirti\u00f3 en un emblema de compromiso y defensa por la nueva universidad libre, gratuita e inclusiva que se abr\u00eda paso en un pa\u00eds que iba camino a recuperar la democracia.<\/h3>\n<h3>Las cr\u00f3nicas de la \u00e9poca titularon los hechos como un \u201csegundo nacimiento\u201d de los estudios universitarios en Villa Mercedes, al recordar la g\u00e9nesis de la UNSL en 1973 fruto, en gran parte, de una gran movilizaci\u00f3n popular mercedina, y al dimensionar la importancia que tuvo la lucha y sus logros para los estudiantes en particular, pero tambi\u00e9n para la comunidad en general.<\/h3>\n<h3>En octubre del a\u00f1o pasado, cuando la UNSL celebr\u00f3 sus 50 a\u00f1os de vida se record\u00f3 aquel \u201cprimer nacimiento\u201d en la ciudad como una \u201cgesta\u201d de la comunidad que se expres\u00f3 masivamente para que Villa Mercedes contara con estudios universitarios. Fruto de esas movilizaciones la provincia logr\u00f3 su propia universidad.<\/h3>\n<h3>Si los tiempos ahora apuran, en aquellas luchas tambi\u00e9n urg\u00edan. Si las consignas son ahora en defensa de los estudios universitarios p\u00fablicos y gratuitos, en aquellas movilizaciones, lo eran. Si el rechazo al arancelamiento moviliz\u00f3 a los estudiantes en 1983, ahora el peligro a su implementaci\u00f3n est\u00e1 a la vuelta de la esquina\u2026<em>\u00a0<\/em><\/h3>\n<h3><em>* Periodista UNSL<\/em><\/h3>\n<h3>(Foto: Camila Pereyra)<\/h3>\n<p>&nbsp;<\/p>\n<p>&nbsp;<\/p>\n","protected":false},"excerpt":{"rendered":"<p>Por Jos\u00e9 Luis Baigorria * La comunidad universitaria de Villa Mercedes convoc\u00f3 para este martes&#8230;<\/p>\n","protected":false},"author":1,"featured_media":15079,"comment_status":"closed","ping_status":"closed","sticky":false,"template":"","format":"standard","meta":{"footnotes":""},"categories":[9],"tags":[],"class_list":["post-15078","post","type-post","status-publish","format-standard","has-post-thumbnail","hentry","category-opinion"],"yoast_head":"<!-- This site is optimized with the Yoast SEO plugin v26.1.1 - https:\/\/yoast.com\/wordpress\/plugins\/seo\/ -->\n<title>EN VILLA MERCEDES LA MOVILIZACI\u00d3N UNIVERSITARIA REAVIVA UNA HIST\u00d3RICA M\u00cdSTICA DE LUCHA - Apuntes de San Luis<\/title>\n<meta name=\"robots\" content=\"index, follow, max-snippet:-1, max-image-preview:large, max-video-preview:-1\" \/>\n<link rel=\"canonical\" href=\"https:\/\/apuntesdesanluis.com\/index.php\/2024\/04\/22\/en-villa-mercedes-la-movilizacion-universitaria-reaviva-una-historica-mistica-de-lucha\/\" \/>\n<meta property=\"og:locale\" content=\"es_ES\" \/>\n<meta property=\"og:type\" content=\"article\" \/>\n<meta property=\"og:title\" content=\"EN VILLA MERCEDES LA MOVILIZACI\u00d3N UNIVERSITARIA REAVIVA UNA HIST\u00d3RICA M\u00cdSTICA DE LUCHA - Apuntes de San Luis\" \/>\n<meta property=\"og:description\" content=\"Por Jos\u00e9 Luis Baigorria * La comunidad universitaria de Villa Mercedes convoc\u00f3 para este martes...\" \/>\n<meta property=\"og:url\" content=\"https:\/\/apuntesdesanluis.com\/index.php\/2024\/04\/22\/en-villa-mercedes-la-movilizacion-universitaria-reaviva-una-historica-mistica-de-lucha\/\" \/>\n<meta property=\"og:site_name\" content=\"Apuntes de San Luis\" \/>\n<meta property=\"article:published_time\" content=\"2024-04-22T23:31:41+00:00\" \/>\n<meta property=\"article:modified_time\" content=\"2024-04-23T12:33:58+00:00\" \/>\n<meta property=\"og:image\" content=\"https:\/\/apuntesdesanluis.com\/wp-content\/uploads\/2024\/04\/lucha.png\" \/>\n\t<meta property=\"og:image:width\" content=\"560\" \/>\n\t<meta property=\"og:image:height\" content=\"300\" \/>\n\t<meta property=\"og:image:type\" content=\"image\/png\" \/>\n<meta name=\"author\" content=\"apuntesdesanluis.com\" \/>\n<meta name=\"twitter:card\" content=\"summary_large_image\" \/>\n<meta name=\"twitter:label1\" content=\"Escrito por\" \/>\n\t<meta name=\"twitter:data1\" content=\"apuntesdesanluis.com\" \/>\n\t<meta name=\"twitter:label2\" content=\"Tiempo de lectura\" \/>\n\t<meta name=\"twitter:data2\" content=\"4 minutos\" \/>\n<script type=\"application\/ld+json\" class=\"yoast-schema-graph\">{\"@context\":\"https:\/\/schema.org\",\"@graph\":[{\"@type\":\"Article\",\"@id\":\"https:\/\/apuntesdesanluis.com\/index.php\/2024\/04\/22\/en-villa-mercedes-la-movilizacion-universitaria-reaviva-una-historica-mistica-de-lucha\/#article\",\"isPartOf\":{\"@id\":\"https:\/\/apuntesdesanluis.com\/index.php\/2024\/04\/22\/en-villa-mercedes-la-movilizacion-universitaria-reaviva-una-historica-mistica-de-lucha\/\"},\"author\":{\"name\":\"apuntesdesanluis.com\",\"@id\":\"https:\/\/apuntesdesanluis.com\/#\/schema\/person\/b55151d52296fcce64d1a72538a70b90\"},\"headline\":\"EN VILLA MERCEDES LA MOVILIZACI\u00d3N UNIVERSITARIA REAVIVA UNA HIST\u00d3RICA M\u00cdSTICA DE LUCHA\",\"datePublished\":\"2024-04-22T23:31:41+00:00\",\"dateModified\":\"2024-04-23T12:33:58+00:00\",\"mainEntityOfPage\":{\"@id\":\"https:\/\/apuntesdesanluis.com\/index.php\/2024\/04\/22\/en-villa-mercedes-la-movilizacion-universitaria-reaviva-una-historica-mistica-de-lucha\/\"},\"wordCount\":864,\"publisher\":{\"@id\":\"https:\/\/apuntesdesanluis.com\/#\/schema\/person\/b55151d52296fcce64d1a72538a70b90\"},\"image\":{\"@id\":\"https:\/\/apuntesdesanluis.com\/index.php\/2024\/04\/22\/en-villa-mercedes-la-movilizacion-universitaria-reaviva-una-historica-mistica-de-lucha\/#primaryimage\"},\"thumbnailUrl\":\"https:\/\/apuntesdesanluis.com\/wp-content\/uploads\/2024\/04\/lucha.png\",\"articleSection\":[\"Opini\u00f3n\"],\"inLanguage\":\"es-AR\"},{\"@type\":\"WebPage\",\"@id\":\"https:\/\/apuntesdesanluis.com\/index.php\/2024\/04\/22\/en-villa-mercedes-la-movilizacion-universitaria-reaviva-una-historica-mistica-de-lucha\/\",\"url\":\"https:\/\/apuntesdesanluis.com\/index.php\/2024\/04\/22\/en-villa-mercedes-la-movilizacion-universitaria-reaviva-una-historica-mistica-de-lucha\/\",\"name\":\"EN VILLA MERCEDES LA MOVILIZACI\u00d3N UNIVERSITARIA REAVIVA UNA HIST\u00d3RICA M\u00cdSTICA DE LUCHA - Apuntes de San Luis\",\"isPartOf\":{\"@id\":\"https:\/\/apuntesdesanluis.com\/#website\"},\"primaryImageOfPage\":{\"@id\":\"https:\/\/apuntesdesanluis.com\/index.php\/2024\/04\/22\/en-villa-mercedes-la-movilizacion-universitaria-reaviva-una-historica-mistica-de-lucha\/#primaryimage\"},\"image\":{\"@id\":\"https:\/\/apuntesdesanluis.com\/index.php\/2024\/04\/22\/en-villa-mercedes-la-movilizacion-universitaria-reaviva-una-historica-mistica-de-lucha\/#primaryimage\"},\"thumbnailUrl\":\"https:\/\/apuntesdesanluis.com\/wp-content\/uploads\/2024\/04\/lucha.png\",\"datePublished\":\"2024-04-22T23:31:41+00:00\",\"dateModified\":\"2024-04-23T12:33:58+00:00\",\"breadcrumb\":{\"@id\":\"https:\/\/apuntesdesanluis.com\/index.php\/2024\/04\/22\/en-villa-mercedes-la-movilizacion-universitaria-reaviva-una-historica-mistica-de-lucha\/#breadcrumb\"},\"inLanguage\":\"es-AR\",\"potentialAction\":[{\"@type\":\"ReadAction\",\"target\":[\"https:\/\/apuntesdesanluis.com\/index.php\/2024\/04\/22\/en-villa-mercedes-la-movilizacion-universitaria-reaviva-una-historica-mistica-de-lucha\/\"]}]},{\"@type\":\"ImageObject\",\"inLanguage\":\"es-AR\",\"@id\":\"https:\/\/apuntesdesanluis.com\/index.php\/2024\/04\/22\/en-villa-mercedes-la-movilizacion-universitaria-reaviva-una-historica-mistica-de-lucha\/#primaryimage\",\"url\":\"https:\/\/apuntesdesanluis.com\/wp-content\/uploads\/2024\/04\/lucha.png\",\"contentUrl\":\"https:\/\/apuntesdesanluis.com\/wp-content\/uploads\/2024\/04\/lucha.png\",\"width\":560,\"height\":300},{\"@type\":\"BreadcrumbList\",\"@id\":\"https:\/\/apuntesdesanluis.com\/index.php\/2024\/04\/22\/en-villa-mercedes-la-movilizacion-universitaria-reaviva-una-historica-mistica-de-lucha\/#breadcrumb\",\"itemListElement\":[{\"@type\":\"ListItem\",\"position\":1,\"name\":\"Inicio\",\"item\":\"https:\/\/apuntesdesanluis.com\/\"},{\"@type\":\"ListItem\",\"position\":2,\"name\":\"EN VILLA MERCEDES LA MOVILIZACI\u00d3N UNIVERSITARIA REAVIVA UNA HIST\u00d3RICA M\u00cdSTICA DE LUCHA\"}]},{\"@type\":\"WebSite\",\"@id\":\"https:\/\/apuntesdesanluis.com\/#website\",\"url\":\"https:\/\/apuntesdesanluis.com\/\",\"name\":\"Apuntes de San Luis\",\"description\":\"\",\"publisher\":{\"@id\":\"https:\/\/apuntesdesanluis.com\/#\/schema\/person\/b55151d52296fcce64d1a72538a70b90\"},\"potentialAction\":[{\"@type\":\"SearchAction\",\"target\":{\"@type\":\"EntryPoint\",\"urlTemplate\":\"https:\/\/apuntesdesanluis.com\/?s={search_term_string}\"},\"query-input\":{\"@type\":\"PropertyValueSpecification\",\"valueRequired\":true,\"valueName\":\"search_term_string\"}}],\"inLanguage\":\"es-AR\"},{\"@type\":[\"Person\",\"Organization\"],\"@id\":\"https:\/\/apuntesdesanluis.com\/#\/schema\/person\/b55151d52296fcce64d1a72538a70b90\",\"name\":\"apuntesdesanluis.com\",\"image\":{\"@type\":\"ImageObject\",\"inLanguage\":\"es-AR\",\"@id\":\"https:\/\/apuntesdesanluis.com\/#\/schema\/person\/image\/\",\"url\":\"https:\/\/apuntesdesanluis.com\/wp-content\/uploads\/2023\/07\/cropped-apuntesdesanluis.png\",\"contentUrl\":\"https:\/\/apuntesdesanluis.com\/wp-content\/uploads\/2023\/07\/cropped-apuntesdesanluis.png\",\"width\":450,\"height\":112,\"caption\":\"apuntesdesanluis.com\"},\"logo\":{\"@id\":\"https:\/\/apuntesdesanluis.com\/#\/schema\/person\/image\/\"},\"sameAs\":[\"https:\/\/apuntesdesanluis.com\"],\"url\":\"https:\/\/apuntesdesanluis.com\/index.php\/author\/apuntesdesanluis-com\/\"}]}<\/script>\n<!-- \/ Yoast SEO plugin. -->","yoast_head_json":{"title":"EN VILLA MERCEDES LA MOVILIZACI\u00d3N UNIVERSITARIA REAVIVA UNA HIST\u00d3RICA M\u00cdSTICA DE LUCHA - Apuntes de San Luis","robots":{"index":"index","follow":"follow","max-snippet":"max-snippet:-1","max-image-preview":"max-image-preview:large","max-video-preview":"max-video-preview:-1"},"canonical":"https:\/\/apuntesdesanluis.com\/index.php\/2024\/04\/22\/en-villa-mercedes-la-movilizacion-universitaria-reaviva-una-historica-mistica-de-lucha\/","og_locale":"es_ES","og_type":"article","og_title":"EN VILLA MERCEDES LA MOVILIZACI\u00d3N UNIVERSITARIA REAVIVA UNA HIST\u00d3RICA M\u00cdSTICA DE LUCHA - Apuntes de San Luis","og_description":"Por Jos\u00e9 Luis Baigorria * La comunidad universitaria de Villa Mercedes convoc\u00f3 para este martes...","og_url":"https:\/\/apuntesdesanluis.com\/index.php\/2024\/04\/22\/en-villa-mercedes-la-movilizacion-universitaria-reaviva-una-historica-mistica-de-lucha\/","og_site_name":"Apuntes de San Luis","article_published_time":"2024-04-22T23:31:41+00:00","article_modified_time":"2024-04-23T12:33:58+00:00","og_image":[{"width":560,"height":300,"url":"https:\/\/apuntesdesanluis.com\/wp-content\/uploads\/2024\/04\/lucha.png","type":"image\/png"}],"author":"apuntesdesanluis.com","twitter_card":"summary_large_image","twitter_misc":{"Escrito por":"apuntesdesanluis.com","Tiempo de lectura":"4 minutos"},"schema":{"@context":"https:\/\/schema.org","@graph":[{"@type":"Article","@id":"https:\/\/apuntesdesanluis.com\/index.php\/2024\/04\/22\/en-villa-mercedes-la-movilizacion-universitaria-reaviva-una-historica-mistica-de-lucha\/#article","isPartOf":{"@id":"https:\/\/apuntesdesanluis.com\/index.php\/2024\/04\/22\/en-villa-mercedes-la-movilizacion-universitaria-reaviva-una-historica-mistica-de-lucha\/"},"author":{"name":"apuntesdesanluis.com","@id":"https:\/\/apuntesdesanluis.com\/#\/schema\/person\/b55151d52296fcce64d1a72538a70b90"},"headline":"EN VILLA MERCEDES LA MOVILIZACI\u00d3N UNIVERSITARIA REAVIVA UNA HIST\u00d3RICA M\u00cdSTICA DE LUCHA","datePublished":"2024-04-22T23:31:41+00:00","dateModified":"2024-04-23T12:33:58+00:00","mainEntityOfPage":{"@id":"https:\/\/apuntesdesanluis.com\/index.php\/2024\/04\/22\/en-villa-mercedes-la-movilizacion-universitaria-reaviva-una-historica-mistica-de-lucha\/"},"wordCount":864,"publisher":{"@id":"https:\/\/apuntesdesanluis.com\/#\/schema\/person\/b55151d52296fcce64d1a72538a70b90"},"image":{"@id":"https:\/\/apuntesdesanluis.com\/index.php\/2024\/04\/22\/en-villa-mercedes-la-movilizacion-universitaria-reaviva-una-historica-mistica-de-lucha\/#primaryimage"},"thumbnailUrl":"https:\/\/apuntesdesanluis.com\/wp-content\/uploads\/2024\/04\/lucha.png","articleSection":["Opini\u00f3n"],"inLanguage":"es-AR"},{"@type":"WebPage","@id":"https:\/\/apuntesdesanluis.com\/index.php\/2024\/04\/22\/en-villa-mercedes-la-movilizacion-universitaria-reaviva-una-historica-mistica-de-lucha\/","url":"https:\/\/apuntesdesanluis.com\/index.php\/2024\/04\/22\/en-villa-mercedes-la-movilizacion-universitaria-reaviva-una-historica-mistica-de-lucha\/","name":"EN VILLA MERCEDES LA MOVILIZACI\u00d3N UNIVERSITARIA REAVIVA UNA HIST\u00d3RICA M\u00cdSTICA DE LUCHA - Apuntes de San Luis","isPartOf":{"@id":"https:\/\/apuntesdesanluis.com\/#website"},"primaryImageOfPage":{"@id":"https:\/\/apuntesdesanluis.com\/index.php\/2024\/04\/22\/en-villa-mercedes-la-movilizacion-universitaria-reaviva-una-historica-mistica-de-lucha\/#primaryimage"},"image":{"@id":"https:\/\/apuntesdesanluis.com\/index.php\/2024\/04\/22\/en-villa-mercedes-la-movilizacion-universitaria-reaviva-una-historica-mistica-de-lucha\/#primaryimage"},"thumbnailUrl":"https:\/\/apuntesdesanluis.com\/wp-content\/uploads\/2024\/04\/lucha.png","datePublished":"2024-04-22T23:31:41+00:00","dateModified":"2024-04-23T12:33:58+00:00","breadcrumb":{"@id":"https:\/\/apuntesdesanluis.com\/index.php\/2024\/04\/22\/en-villa-mercedes-la-movilizacion-universitaria-reaviva-una-historica-mistica-de-lucha\/#breadcrumb"},"inLanguage":"es-AR","potentialAction":[{"@type":"ReadAction","target":["https:\/\/apuntesdesanluis.com\/index.php\/2024\/04\/22\/en-villa-mercedes-la-movilizacion-universitaria-reaviva-una-historica-mistica-de-lucha\/"]}]},{"@type":"ImageObject","inLanguage":"es-AR","@id":"https:\/\/apuntesdesanluis.com\/index.php\/2024\/04\/22\/en-villa-mercedes-la-movilizacion-universitaria-reaviva-una-historica-mistica-de-lucha\/#primaryimage","url":"https:\/\/apuntesdesanluis.com\/wp-content\/uploads\/2024\/04\/lucha.png","contentUrl":"https:\/\/apuntesdesanluis.com\/wp-content\/uploads\/2024\/04\/lucha.png","width":560,"height":300},{"@type":"BreadcrumbList","@id":"https:\/\/apuntesdesanluis.com\/index.php\/2024\/04\/22\/en-villa-mercedes-la-movilizacion-universitaria-reaviva-una-historica-mistica-de-lucha\/#breadcrumb","itemListElement":[{"@type":"ListItem","position":1,"name":"Inicio","item":"https:\/\/apuntesdesanluis.com\/"},{"@type":"ListItem","position":2,"name":"EN VILLA MERCEDES LA MOVILIZACI\u00d3N UNIVERSITARIA REAVIVA UNA HIST\u00d3RICA M\u00cdSTICA DE LUCHA"}]},{"@type":"WebSite","@id":"https:\/\/apuntesdesanluis.com\/#website","url":"https:\/\/apuntesdesanluis.com\/","name":"Apuntes de San Luis","description":"","publisher":{"@id":"https:\/\/apuntesdesanluis.com\/#\/schema\/person\/b55151d52296fcce64d1a72538a70b90"},"potentialAction":[{"@type":"SearchAction","target":{"@type":"EntryPoint","urlTemplate":"https:\/\/apuntesdesanluis.com\/?s={search_term_string}"},"query-input":{"@type":"PropertyValueSpecification","valueRequired":true,"valueName":"search_term_string"}}],"inLanguage":"es-AR"},{"@type":["Person","Organization"],"@id":"https:\/\/apuntesdesanluis.com\/#\/schema\/person\/b55151d52296fcce64d1a72538a70b90","name":"apuntesdesanluis.com","image":{"@type":"ImageObject","inLanguage":"es-AR","@id":"https:\/\/apuntesdesanluis.com\/#\/schema\/person\/image\/","url":"https:\/\/apuntesdesanluis.com\/wp-content\/uploads\/2023\/07\/cropped-apuntesdesanluis.png","contentUrl":"https:\/\/apuntesdesanluis.com\/wp-content\/uploads\/2023\/07\/cropped-apuntesdesanluis.png","width":450,"height":112,"caption":"apuntesdesanluis.com"},"logo":{"@id":"https:\/\/apuntesdesanluis.com\/#\/schema\/person\/image\/"},"sameAs":["https:\/\/apuntesdesanluis.com"],"url":"https:\/\/apuntesdesanluis.com\/index.php\/author\/apuntesdesanluis-com\/"}]}},"featured_image_urls":{"full":["https:\/\/apuntesdesanluis.com\/wp-content\/uploads\/2024\/04\/lucha.png",560,300,false],"thumbnail":["https:\/\/apuntesdesanluis.com\/wp-content\/uploads\/2024\/04\/lucha-150x150.png",150,150,true],"medium":["https:\/\/apuntesdesanluis.com\/wp-content\/uploads\/2024\/04\/lucha-300x161.png",300,161,true],"medium_large":["https:\/\/apuntesdesanluis.com\/wp-content\/uploads\/2024\/04\/lucha.png",560,300,false],"large":["https:\/\/apuntesdesanluis.com\/wp-content\/uploads\/2024\/04\/lucha.png",560,300,false],"1536x1536":["https:\/\/apuntesdesanluis.com\/wp-content\/uploads\/2024\/04\/lucha.png",560,300,false],"2048x2048":["https:\/\/apuntesdesanluis.com\/wp-content\/uploads\/2024\/04\/lucha.png",560,300,false],"newsever-slider-full":["https:\/\/apuntesdesanluis.com\/wp-content\/uploads\/2024\/04\/lucha.png",560,300,false],"newsever-featured":["https:\/\/apuntesdesanluis.com\/wp-content\/uploads\/2024\/04\/lucha.png",560,300,false],"newsever-medium":["https:\/\/apuntesdesanluis.com\/wp-content\/uploads\/2024\/04\/lucha.png",560,300,false]},"author_info":{"display_name":"apuntesdesanluis.com","author_link":"https:\/\/apuntesdesanluis.com\/index.php\/author\/apuntesdesanluis-com\/"},"category_info":"<a href=\"https:\/\/apuntesdesanluis.com\/index.php\/category\/opinion\/\" rel=\"category tag\">Opini\u00f3n<\/a>","tag_info":"Opini\u00f3n","comment_count":"0","_links":{"self":[{"href":"https:\/\/apuntesdesanluis.com\/index.php\/wp-json\/wp\/v2\/posts\/15078","targetHints":{"allow":["GET"]}}],"collection":[{"href":"https:\/\/apuntesdesanluis.com\/index.php\/wp-json\/wp\/v2\/posts"}],"about":[{"href":"https:\/\/apuntesdesanluis.com\/index.php\/wp-json\/wp\/v2\/types\/post"}],"author":[{"embeddable":true,"href":"https:\/\/apuntesdesanluis.com\/index.php\/wp-json\/wp\/v2\/users\/1"}],"replies":[{"embeddable":true,"href":"https:\/\/apuntesdesanluis.com\/index.php\/wp-json\/wp\/v2\/comments?post=15078"}],"version-history":[{"count":3,"href":"https:\/\/apuntesdesanluis.com\/index.php\/wp-json\/wp\/v2\/posts\/15078\/revisions"}],"predecessor-version":[{"id":15083,"href":"https:\/\/apuntesdesanluis.com\/index.php\/wp-json\/wp\/v2\/posts\/15078\/revisions\/15083"}],"wp:featuredmedia":[{"embeddable":true,"href":"https:\/\/apuntesdesanluis.com\/index.php\/wp-json\/wp\/v2\/media\/15079"}],"wp:attachment":[{"href":"https:\/\/apuntesdesanluis.com\/index.php\/wp-json\/wp\/v2\/media?parent=15078"}],"wp:term":[{"taxonomy":"category","embeddable":true,"href":"https:\/\/apuntesdesanluis.com\/index.php\/wp-json\/wp\/v2\/categories?post=15078"},{"taxonomy":"post_tag","embeddable":true,"href":"https:\/\/apuntesdesanluis.com\/index.php\/wp-json\/wp\/v2\/tags?post=15078"}],"curies":[{"name":"wp","href":"https:\/\/api.w.org\/{rel}","templated":true}]}}