{"id":15084,"date":"2024-04-23T09:44:42","date_gmt":"2024-04-23T12:44:42","guid":{"rendered":"https:\/\/apuntesdesanluis.com\/?p=15084"},"modified":"2024-04-23T09:47:21","modified_gmt":"2024-04-23T12:47:21","slug":"mega-sesion-el-29-y-30-de-abril-reforma-laboral-y-fuerte-advertencia-si-no-hay-ley-bases-no-hay-paquete-fiscal","status":"publish","type":"post","link":"https:\/\/apuntesdesanluis.com\/index.php\/2024\/04\/23\/mega-sesion-el-29-y-30-de-abril-reforma-laboral-y-fuerte-advertencia-si-no-hay-ley-bases-no-hay-paquete-fiscal\/","title":{"rendered":"MEGA SESI\u00d3N EL 29 Y 30 DE ABRIL, REFORMA LABORAL Y FUERTE ADVERTENCIA: &#8220;SI NO HAY LEY BASES, NO HAY PAQUETE FISCAL&#8221;"},"content":{"rendered":"<h3>En el borrador que circul\u00f3 ayer lunes, la modernizaci\u00f3n laboral est\u00e1 incluida en la ley \u00f3mnibus, que se dictaminar\u00eda el mi\u00e9rcoles. La Ley de Medidas Fiscales tendr\u00eda dictamen el jueves.<\/h3>\n<h3>La Libertad Avanza apunta los ca\u00f1ones al lunes 29 y martes 30 de abril, fechas que eligi\u00f3 para tratar en la C\u00e1mara de Diputados, en una sesi\u00f3n extralarge, los proyectos de ley \u201c\u00f3mnibus\u201d y de \u201cMedidas Fiscales\u201d.<\/h3>\n<h3>Producto de la presi\u00f3n de los bloques dialoguistas, la reforma de modernizaci\u00f3n laboral no se procrastinar\u00e1: fue incluida en el \u00faltimo borrador que se dio a conocer este lunes.<\/h3>\n<h3>La idea es que los diputados debatan en conjunto la ley Bases y la Ley de Medidas Fiscales hasta que ardan las velas en la madrugada del 1 de mayo, y que haya tiempo para abandonar el recinto antes de que retumben los ruidos de los bombos sindicales, que esa jornada animar\u00e1n la fiesta del D\u00eda Internacional de los Trabajadores.<\/h3>\n<h3>La orden del Gobierno es que la sesi\u00f3n culmine antes de la marcha multitudinaria, para que lo que pase afuera de los muros del Congreso no condicione el debate que se produce adentro, como ya ocurri\u00f3 en la reforma previsional de diciembre 2017, el d\u00eda de las supuestas \u201c14 toneladas de piedra\u201d.<\/h3>\n<h3>El se\u00f1uelo para los gobernadores ser\u00e1, definitivamente, la ley de Medidas Fiscales. Sin embargo, su suerte est\u00e1 atada al \u00e9xito u ocaso de la ley \u00f3mnibus. \u201cSi no hay ley de bases, no hay paquete fiscal\u201d, advirtieron fuentes de la Presidencia de la C\u00e1mara de Diputados.<\/h3>\n<h3>Sin embargo, en el oficialismo son optimistas a partir de las correcciones que se le hicieron al \u00faltimo borrador en base a sugerencias de los negociadores de los bloques dialoguistas.<\/h3>\n<h3>\u201cEst\u00e1 todo pr\u00e1cticamente saldado\u201d, confi\u00f3 la misma fuente, que sigue con lupa la agenda de reuniones entre los representantes de la UCR, el PRO y Hacemos Coalici\u00f3n Federal con los delegados de la Jefatura de Gabinete y del Ministerio de Econom\u00eda.<\/h3>\n<h3>Durante el mediod\u00eda de este lunes, Menem recibi\u00f3 en su despacho a su principal aliada en el Gobierno, la secretaria general de Presidencia, Karina Milei, alias \u201cEl Jefe\u201d.<\/h3>\n<h3>Con ella repas\u00f3 la hoja de ruta para los pr\u00f3ximos d\u00edas. De acuerdo al plan trazado, el mi\u00e9rcoles habr\u00e1 un plenario de las comisiones de Legislaci\u00f3n General, Presupuesto y Asuntos Constitucionales para dictaminar la ley Bases. El jueves, en tanto, Jos\u00e9 Luis Espert reunir\u00e1 a la comisi\u00f3n de Presupuesto para dictaminar la ley Fiscal.<\/h3>\n<h3>En la reuni\u00f3n con la hermana del presidente tambi\u00e9n sobrevol\u00f3 el pedido de sesi\u00f3n especial que hizo el bloque de Uni\u00f3n por la Patria para tratar el mi\u00e9rcoles, al d\u00eda siguiente de la Marcha Federal Universitaria, un repertorio de proyectos de distintas bancadas sobre financiamiento a universidades p\u00fablicas, movilidad jubilatoria, y restablecimiento del Fondo Nacional de Incentivo Docente (FONID).<\/h3>\n<h3>En el oficialismo no se sienten amenazados. Seg\u00fan pudo constatar Noticias Argentinas, hicieron un poroteo y Uni\u00f3n por la Patria no conseguir\u00e1 qu\u00f3rum para habilitar la sesi\u00f3n. \u201cPueden sentar a 113, 115, 118 o 120 en el mejor de los casos\u201d, aseguraron, muy holgados de confianza.<\/h3>\n<h3>En este sentido, destacaron que la oposici\u00f3n dialoguista no va a prestarse al juego kirchnerista ni va a hacer olas en momentos en que se est\u00e1n terminando de pulir con el Gobierno los acuerdos por la Ley Bases y el paquete fiscal.<\/h3>\n<h3>TODA LA CARNE AL ASADOR<\/h3>\n<h3>Con los dict\u00e1menes de mayor\u00eda listos al finalizar esta semana, el oficialismo pondr\u00e1 toda la carne al asador en que se convertir\u00e1 el recinto el 29 y 30 de abril.<\/h3>\n<h3>El \u00faltimo borrador de la Ley \u00d3mnibus absorbi\u00f3 algunos planteos de los bloques dialoguistas. Por ejemplo, en el art\u00edculo que autoriza al Poder Ejecutivo a disolver reparticiones del Estado, si as\u00ed los dispusiese, se ampli\u00f3 la lista de organismos que est\u00e1n a salvo de cualquier intento de erradicaci\u00f3n.<\/h3>\n<h3>Aparecen en esta lista no solamente el Consejo Nacional de Investigaciones Cient\u00edficas y T\u00e9cnicas (CONICET), que ya estaba en el dictamen anterior, sino adem\u00e1s la Administraci\u00f3n Nacional de Laboratorios e Institutos de Salud \u201cDr. Carlos G. Malbr\u00e1n\u201d (ANLIS); la Administraci\u00f3n Nacional de Medicamentos, Alimentos y Tecnolog\u00eda M\u00e9dica (ANMAT); el Instituto de la Propiedad Industrial (INPI); el Instituto Nacional de Cine y Artes Audiovisuales (INCAA); el Ente Nacional de Comunicaciones (ENACOM); la Autoridad Regulatoria Nuclear (ARN), la Comisi\u00f3n Nacional de Actividades Espaciales (CONAE); la Comisi\u00f3n Nacional de Energ\u00eda At\u00f3mica (CNEA); la Comisi\u00f3n Nacional de Evaluaci\u00f3n y Acreditaci\u00f3n Universitaria (CONEAU); la Comisi\u00f3n Nacional de Valores (CNV); el Instituto Nacional Centro \u00danico Coordinador de Ablaci\u00f3n e Implante (INCUCAI); la Unidad de Informaci\u00f3n Financiera (UIF); y el Instituto Nacional de Tecnolog\u00eda Agropecuaria (INTA).<\/h3>\n<h3>Sin embargo, el Gobierno dej\u00f3 afuera otros organismos cuya inclusi\u00f3n la oposici\u00f3n dialoguista ven\u00eda reclamando como el Banco Nacional de Datos Gen\u00e9ticos (BNDG), el Servicio Nacional de Sanidad y Calidad Agroalimentaria (SENASA) y el Servicio Meteorol\u00f3gico Nacional (SMN).<\/h3>\n<h3>En cuanto a la reforma laboral, el Poder Ejecutivo tambi\u00e9n accedi\u00f3 al pedido de la oposici\u00f3n dialoguista de extender los per\u00edodos de prueba de trabajadores (pasant\u00edas) de tres a seis meses (y no ocho como estaba en la propuesta original).<\/h3>\n<h3>No obstante, se habilita a ampliar a ocho meses de per\u00edodo de prueba en empresas Pymes de entre 6 y 100 trabajadores, y a un a\u00f1o se si tratara de mini Pymes de hasta cinco trabajadores.<\/h3>\n<h3>La discusi\u00f3n por la reversi\u00f3n del Impuesto a las Ganancias sigue abierta y se debatir\u00e1 en el marco de la Ley de Medidas Fiscales.<\/h3>\n<h3>La oposici\u00f3n dialoguista reclamaba que la actualizaci\u00f3n de los montos y las escalas fuera trimestral a partir del a\u00f1o 2025 tomando en cuenta el coeficiente que surja de la variaci\u00f3n del IPC. El Gobierno empez\u00f3 ofreciendo un ajuste anual, pero en la \u00faltima versi\u00f3n acerc\u00f3 posiciones al proponer la actualizaci\u00f3n semestral.<\/h3>\n<h3><\/h3>\n<h3><\/h3>\n<h3><\/h3>\n","protected":false},"excerpt":{"rendered":"<p>En el borrador que circul\u00f3 ayer lunes, la modernizaci\u00f3n laboral est\u00e1 incluida en la ley&#8230;<\/p>\n","protected":false},"author":1,"featured_media":15085,"comment_status":"closed","ping_status":"closed","sticky":false,"template":"","format":"standard","meta":{"footnotes":""},"categories":[5],"tags":[],"class_list":["post-15084","post","type-post","status-publish","format-standard","has-post-thumbnail","hentry","category-nacionales-internacionales"],"yoast_head":"<!-- This site is optimized with the Yoast SEO plugin v26.1.1 - https:\/\/yoast.com\/wordpress\/plugins\/seo\/ -->\n<title>MEGA SESI\u00d3N EL 29 Y 30 DE ABRIL, REFORMA LABORAL Y FUERTE ADVERTENCIA: &quot;SI NO HAY LEY BASES, NO HAY PAQUETE FISCAL&quot; - Apuntes de San Luis<\/title>\n<meta name=\"robots\" content=\"index, follow, max-snippet:-1, max-image-preview:large, max-video-preview:-1\" \/>\n<link rel=\"canonical\" href=\"https:\/\/apuntesdesanluis.com\/index.php\/2024\/04\/23\/mega-sesion-el-29-y-30-de-abril-reforma-laboral-y-fuerte-advertencia-si-no-hay-ley-bases-no-hay-paquete-fiscal\/\" \/>\n<meta property=\"og:locale\" content=\"es_ES\" \/>\n<meta property=\"og:type\" content=\"article\" \/>\n<meta property=\"og:title\" content=\"MEGA SESI\u00d3N EL 29 Y 30 DE ABRIL, REFORMA LABORAL Y FUERTE ADVERTENCIA: &quot;SI NO HAY LEY BASES, NO HAY PAQUETE FISCAL&quot; - Apuntes de San Luis\" \/>\n<meta property=\"og:description\" content=\"En el borrador que circul\u00f3 ayer lunes, la modernizaci\u00f3n laboral est\u00e1 incluida en la ley...\" \/>\n<meta property=\"og:url\" content=\"https:\/\/apuntesdesanluis.com\/index.php\/2024\/04\/23\/mega-sesion-el-29-y-30-de-abril-reforma-laboral-y-fuerte-advertencia-si-no-hay-ley-bases-no-hay-paquete-fiscal\/\" \/>\n<meta property=\"og:site_name\" content=\"Apuntes de San Luis\" \/>\n<meta property=\"article:published_time\" content=\"2024-04-23T12:44:42+00:00\" \/>\n<meta property=\"article:modified_time\" content=\"2024-04-23T12:47:21+00:00\" \/>\n<meta property=\"og:image\" content=\"https:\/\/apuntesdesanluis.com\/wp-content\/uploads\/2024\/04\/diputados-1.png\" \/>\n\t<meta property=\"og:image:width\" content=\"717\" \/>\n\t<meta property=\"og:image:height\" content=\"387\" \/>\n\t<meta property=\"og:image:type\" content=\"image\/png\" \/>\n<meta name=\"author\" content=\"apuntesdesanluis.com\" \/>\n<meta name=\"twitter:card\" content=\"summary_large_image\" \/>\n<meta name=\"twitter:label1\" content=\"Escrito por\" \/>\n\t<meta name=\"twitter:data1\" content=\"apuntesdesanluis.com\" \/>\n\t<meta name=\"twitter:label2\" content=\"Tiempo de lectura\" \/>\n\t<meta name=\"twitter:data2\" content=\"5 minutos\" \/>\n<script type=\"application\/ld+json\" class=\"yoast-schema-graph\">{\"@context\":\"https:\/\/schema.org\",\"@graph\":[{\"@type\":\"Article\",\"@id\":\"https:\/\/apuntesdesanluis.com\/index.php\/2024\/04\/23\/mega-sesion-el-29-y-30-de-abril-reforma-laboral-y-fuerte-advertencia-si-no-hay-ley-bases-no-hay-paquete-fiscal\/#article\",\"isPartOf\":{\"@id\":\"https:\/\/apuntesdesanluis.com\/index.php\/2024\/04\/23\/mega-sesion-el-29-y-30-de-abril-reforma-laboral-y-fuerte-advertencia-si-no-hay-ley-bases-no-hay-paquete-fiscal\/\"},\"author\":{\"name\":\"apuntesdesanluis.com\",\"@id\":\"https:\/\/apuntesdesanluis.com\/#\/schema\/person\/b55151d52296fcce64d1a72538a70b90\"},\"headline\":\"MEGA SESI\u00d3N EL 29 Y 30 DE ABRIL, REFORMA LABORAL Y FUERTE ADVERTENCIA: &#8220;SI NO HAY LEY BASES, NO HAY PAQUETE FISCAL&#8221;\",\"datePublished\":\"2024-04-23T12:44:42+00:00\",\"dateModified\":\"2024-04-23T12:47:21+00:00\",\"mainEntityOfPage\":{\"@id\":\"https:\/\/apuntesdesanluis.com\/index.php\/2024\/04\/23\/mega-sesion-el-29-y-30-de-abril-reforma-laboral-y-fuerte-advertencia-si-no-hay-ley-bases-no-hay-paquete-fiscal\/\"},\"wordCount\":1042,\"publisher\":{\"@id\":\"https:\/\/apuntesdesanluis.com\/#\/schema\/person\/b55151d52296fcce64d1a72538a70b90\"},\"image\":{\"@id\":\"https:\/\/apuntesdesanluis.com\/index.php\/2024\/04\/23\/mega-sesion-el-29-y-30-de-abril-reforma-laboral-y-fuerte-advertencia-si-no-hay-ley-bases-no-hay-paquete-fiscal\/#primaryimage\"},\"thumbnailUrl\":\"https:\/\/apuntesdesanluis.com\/wp-content\/uploads\/2024\/04\/diputados-1.png\",\"articleSection\":[\"Nacionales\/Internacionales\"],\"inLanguage\":\"es-AR\"},{\"@type\":\"WebPage\",\"@id\":\"https:\/\/apuntesdesanluis.com\/index.php\/2024\/04\/23\/mega-sesion-el-29-y-30-de-abril-reforma-laboral-y-fuerte-advertencia-si-no-hay-ley-bases-no-hay-paquete-fiscal\/\",\"url\":\"https:\/\/apuntesdesanluis.com\/index.php\/2024\/04\/23\/mega-sesion-el-29-y-30-de-abril-reforma-laboral-y-fuerte-advertencia-si-no-hay-ley-bases-no-hay-paquete-fiscal\/\",\"name\":\"MEGA SESI\u00d3N EL 29 Y 30 DE ABRIL, REFORMA LABORAL Y FUERTE ADVERTENCIA: \\\"SI NO HAY LEY BASES, NO HAY PAQUETE FISCAL\\\" - Apuntes de San Luis\",\"isPartOf\":{\"@id\":\"https:\/\/apuntesdesanluis.com\/#website\"},\"primaryImageOfPage\":{\"@id\":\"https:\/\/apuntesdesanluis.com\/index.php\/2024\/04\/23\/mega-sesion-el-29-y-30-de-abril-reforma-laboral-y-fuerte-advertencia-si-no-hay-ley-bases-no-hay-paquete-fiscal\/#primaryimage\"},\"image\":{\"@id\":\"https:\/\/apuntesdesanluis.com\/index.php\/2024\/04\/23\/mega-sesion-el-29-y-30-de-abril-reforma-laboral-y-fuerte-advertencia-si-no-hay-ley-bases-no-hay-paquete-fiscal\/#primaryimage\"},\"thumbnailUrl\":\"https:\/\/apuntesdesanluis.com\/wp-content\/uploads\/2024\/04\/diputados-1.png\",\"datePublished\":\"2024-04-23T12:44:42+00:00\",\"dateModified\":\"2024-04-23T12:47:21+00:00\",\"breadcrumb\":{\"@id\":\"https:\/\/apuntesdesanluis.com\/index.php\/2024\/04\/23\/mega-sesion-el-29-y-30-de-abril-reforma-laboral-y-fuerte-advertencia-si-no-hay-ley-bases-no-hay-paquete-fiscal\/#breadcrumb\"},\"inLanguage\":\"es-AR\",\"potentialAction\":[{\"@type\":\"ReadAction\",\"target\":[\"https:\/\/apuntesdesanluis.com\/index.php\/2024\/04\/23\/mega-sesion-el-29-y-30-de-abril-reforma-laboral-y-fuerte-advertencia-si-no-hay-ley-bases-no-hay-paquete-fiscal\/\"]}]},{\"@type\":\"ImageObject\",\"inLanguage\":\"es-AR\",\"@id\":\"https:\/\/apuntesdesanluis.com\/index.php\/2024\/04\/23\/mega-sesion-el-29-y-30-de-abril-reforma-laboral-y-fuerte-advertencia-si-no-hay-ley-bases-no-hay-paquete-fiscal\/#primaryimage\",\"url\":\"https:\/\/apuntesdesanluis.com\/wp-content\/uploads\/2024\/04\/diputados-1.png\",\"contentUrl\":\"https:\/\/apuntesdesanluis.com\/wp-content\/uploads\/2024\/04\/diputados-1.png\",\"width\":717,\"height\":387},{\"@type\":\"BreadcrumbList\",\"@id\":\"https:\/\/apuntesdesanluis.com\/index.php\/2024\/04\/23\/mega-sesion-el-29-y-30-de-abril-reforma-laboral-y-fuerte-advertencia-si-no-hay-ley-bases-no-hay-paquete-fiscal\/#breadcrumb\",\"itemListElement\":[{\"@type\":\"ListItem\",\"position\":1,\"name\":\"Inicio\",\"item\":\"https:\/\/apuntesdesanluis.com\/\"},{\"@type\":\"ListItem\",\"position\":2,\"name\":\"MEGA SESI\u00d3N EL 29 Y 30 DE ABRIL, REFORMA LABORAL Y FUERTE ADVERTENCIA: &#8220;SI NO HAY LEY BASES, NO HAY PAQUETE FISCAL&#8221;\"}]},{\"@type\":\"WebSite\",\"@id\":\"https:\/\/apuntesdesanluis.com\/#website\",\"url\":\"https:\/\/apuntesdesanluis.com\/\",\"name\":\"Apuntes de San Luis\",\"description\":\"\",\"publisher\":{\"@id\":\"https:\/\/apuntesdesanluis.com\/#\/schema\/person\/b55151d52296fcce64d1a72538a70b90\"},\"potentialAction\":[{\"@type\":\"SearchAction\",\"target\":{\"@type\":\"EntryPoint\",\"urlTemplate\":\"https:\/\/apuntesdesanluis.com\/?s={search_term_string}\"},\"query-input\":{\"@type\":\"PropertyValueSpecification\",\"valueRequired\":true,\"valueName\":\"search_term_string\"}}],\"inLanguage\":\"es-AR\"},{\"@type\":[\"Person\",\"Organization\"],\"@id\":\"https:\/\/apuntesdesanluis.com\/#\/schema\/person\/b55151d52296fcce64d1a72538a70b90\",\"name\":\"apuntesdesanluis.com\",\"image\":{\"@type\":\"ImageObject\",\"inLanguage\":\"es-AR\",\"@id\":\"https:\/\/apuntesdesanluis.com\/#\/schema\/person\/image\/\",\"url\":\"https:\/\/apuntesdesanluis.com\/wp-content\/uploads\/2023\/07\/cropped-apuntesdesanluis.png\",\"contentUrl\":\"https:\/\/apuntesdesanluis.com\/wp-content\/uploads\/2023\/07\/cropped-apuntesdesanluis.png\",\"width\":450,\"height\":112,\"caption\":\"apuntesdesanluis.com\"},\"logo\":{\"@id\":\"https:\/\/apuntesdesanluis.com\/#\/schema\/person\/image\/\"},\"sameAs\":[\"https:\/\/apuntesdesanluis.com\"],\"url\":\"https:\/\/apuntesdesanluis.com\/index.php\/author\/apuntesdesanluis-com\/\"}]}<\/script>\n<!-- \/ Yoast SEO plugin. -->","yoast_head_json":{"title":"MEGA SESI\u00d3N EL 29 Y 30 DE ABRIL, REFORMA LABORAL Y FUERTE ADVERTENCIA: \"SI NO HAY LEY BASES, NO HAY PAQUETE FISCAL\" - Apuntes de San Luis","robots":{"index":"index","follow":"follow","max-snippet":"max-snippet:-1","max-image-preview":"max-image-preview:large","max-video-preview":"max-video-preview:-1"},"canonical":"https:\/\/apuntesdesanluis.com\/index.php\/2024\/04\/23\/mega-sesion-el-29-y-30-de-abril-reforma-laboral-y-fuerte-advertencia-si-no-hay-ley-bases-no-hay-paquete-fiscal\/","og_locale":"es_ES","og_type":"article","og_title":"MEGA SESI\u00d3N EL 29 Y 30 DE ABRIL, REFORMA LABORAL Y FUERTE ADVERTENCIA: \"SI NO HAY LEY BASES, NO HAY PAQUETE FISCAL\" - Apuntes de San Luis","og_description":"En el borrador que circul\u00f3 ayer lunes, la modernizaci\u00f3n laboral est\u00e1 incluida en la ley...","og_url":"https:\/\/apuntesdesanluis.com\/index.php\/2024\/04\/23\/mega-sesion-el-29-y-30-de-abril-reforma-laboral-y-fuerte-advertencia-si-no-hay-ley-bases-no-hay-paquete-fiscal\/","og_site_name":"Apuntes de San Luis","article_published_time":"2024-04-23T12:44:42+00:00","article_modified_time":"2024-04-23T12:47:21+00:00","og_image":[{"width":717,"height":387,"url":"https:\/\/apuntesdesanluis.com\/wp-content\/uploads\/2024\/04\/diputados-1.png","type":"image\/png"}],"author":"apuntesdesanluis.com","twitter_card":"summary_large_image","twitter_misc":{"Escrito por":"apuntesdesanluis.com","Tiempo de lectura":"5 minutos"},"schema":{"@context":"https:\/\/schema.org","@graph":[{"@type":"Article","@id":"https:\/\/apuntesdesanluis.com\/index.php\/2024\/04\/23\/mega-sesion-el-29-y-30-de-abril-reforma-laboral-y-fuerte-advertencia-si-no-hay-ley-bases-no-hay-paquete-fiscal\/#article","isPartOf":{"@id":"https:\/\/apuntesdesanluis.com\/index.php\/2024\/04\/23\/mega-sesion-el-29-y-30-de-abril-reforma-laboral-y-fuerte-advertencia-si-no-hay-ley-bases-no-hay-paquete-fiscal\/"},"author":{"name":"apuntesdesanluis.com","@id":"https:\/\/apuntesdesanluis.com\/#\/schema\/person\/b55151d52296fcce64d1a72538a70b90"},"headline":"MEGA SESI\u00d3N EL 29 Y 30 DE ABRIL, REFORMA LABORAL Y FUERTE ADVERTENCIA: &#8220;SI NO HAY LEY BASES, NO HAY PAQUETE FISCAL&#8221;","datePublished":"2024-04-23T12:44:42+00:00","dateModified":"2024-04-23T12:47:21+00:00","mainEntityOfPage":{"@id":"https:\/\/apuntesdesanluis.com\/index.php\/2024\/04\/23\/mega-sesion-el-29-y-30-de-abril-reforma-laboral-y-fuerte-advertencia-si-no-hay-ley-bases-no-hay-paquete-fiscal\/"},"wordCount":1042,"publisher":{"@id":"https:\/\/apuntesdesanluis.com\/#\/schema\/person\/b55151d52296fcce64d1a72538a70b90"},"image":{"@id":"https:\/\/apuntesdesanluis.com\/index.php\/2024\/04\/23\/mega-sesion-el-29-y-30-de-abril-reforma-laboral-y-fuerte-advertencia-si-no-hay-ley-bases-no-hay-paquete-fiscal\/#primaryimage"},"thumbnailUrl":"https:\/\/apuntesdesanluis.com\/wp-content\/uploads\/2024\/04\/diputados-1.png","articleSection":["Nacionales\/Internacionales"],"inLanguage":"es-AR"},{"@type":"WebPage","@id":"https:\/\/apuntesdesanluis.com\/index.php\/2024\/04\/23\/mega-sesion-el-29-y-30-de-abril-reforma-laboral-y-fuerte-advertencia-si-no-hay-ley-bases-no-hay-paquete-fiscal\/","url":"https:\/\/apuntesdesanluis.com\/index.php\/2024\/04\/23\/mega-sesion-el-29-y-30-de-abril-reforma-laboral-y-fuerte-advertencia-si-no-hay-ley-bases-no-hay-paquete-fiscal\/","name":"MEGA SESI\u00d3N EL 29 Y 30 DE ABRIL, REFORMA LABORAL Y FUERTE ADVERTENCIA: \"SI NO HAY LEY BASES, NO HAY PAQUETE FISCAL\" - Apuntes de San Luis","isPartOf":{"@id":"https:\/\/apuntesdesanluis.com\/#website"},"primaryImageOfPage":{"@id":"https:\/\/apuntesdesanluis.com\/index.php\/2024\/04\/23\/mega-sesion-el-29-y-30-de-abril-reforma-laboral-y-fuerte-advertencia-si-no-hay-ley-bases-no-hay-paquete-fiscal\/#primaryimage"},"image":{"@id":"https:\/\/apuntesdesanluis.com\/index.php\/2024\/04\/23\/mega-sesion-el-29-y-30-de-abril-reforma-laboral-y-fuerte-advertencia-si-no-hay-ley-bases-no-hay-paquete-fiscal\/#primaryimage"},"thumbnailUrl":"https:\/\/apuntesdesanluis.com\/wp-content\/uploads\/2024\/04\/diputados-1.png","datePublished":"2024-04-23T12:44:42+00:00","dateModified":"2024-04-23T12:47:21+00:00","breadcrumb":{"@id":"https:\/\/apuntesdesanluis.com\/index.php\/2024\/04\/23\/mega-sesion-el-29-y-30-de-abril-reforma-laboral-y-fuerte-advertencia-si-no-hay-ley-bases-no-hay-paquete-fiscal\/#breadcrumb"},"inLanguage":"es-AR","potentialAction":[{"@type":"ReadAction","target":["https:\/\/apuntesdesanluis.com\/index.php\/2024\/04\/23\/mega-sesion-el-29-y-30-de-abril-reforma-laboral-y-fuerte-advertencia-si-no-hay-ley-bases-no-hay-paquete-fiscal\/"]}]},{"@type":"ImageObject","inLanguage":"es-AR","@id":"https:\/\/apuntesdesanluis.com\/index.php\/2024\/04\/23\/mega-sesion-el-29-y-30-de-abril-reforma-laboral-y-fuerte-advertencia-si-no-hay-ley-bases-no-hay-paquete-fiscal\/#primaryimage","url":"https:\/\/apuntesdesanluis.com\/wp-content\/uploads\/2024\/04\/diputados-1.png","contentUrl":"https:\/\/apuntesdesanluis.com\/wp-content\/uploads\/2024\/04\/diputados-1.png","width":717,"height":387},{"@type":"BreadcrumbList","@id":"https:\/\/apuntesdesanluis.com\/index.php\/2024\/04\/23\/mega-sesion-el-29-y-30-de-abril-reforma-laboral-y-fuerte-advertencia-si-no-hay-ley-bases-no-hay-paquete-fiscal\/#breadcrumb","itemListElement":[{"@type":"ListItem","position":1,"name":"Inicio","item":"https:\/\/apuntesdesanluis.com\/"},{"@type":"ListItem","position":2,"name":"MEGA SESI\u00d3N EL 29 Y 30 DE ABRIL, REFORMA LABORAL Y FUERTE ADVERTENCIA: &#8220;SI NO HAY LEY BASES, NO HAY PAQUETE FISCAL&#8221;"}]},{"@type":"WebSite","@id":"https:\/\/apuntesdesanluis.com\/#website","url":"https:\/\/apuntesdesanluis.com\/","name":"Apuntes de San Luis","description":"","publisher":{"@id":"https:\/\/apuntesdesanluis.com\/#\/schema\/person\/b55151d52296fcce64d1a72538a70b90"},"potentialAction":[{"@type":"SearchAction","target":{"@type":"EntryPoint","urlTemplate":"https:\/\/apuntesdesanluis.com\/?s={search_term_string}"},"query-input":{"@type":"PropertyValueSpecification","valueRequired":true,"valueName":"search_term_string"}}],"inLanguage":"es-AR"},{"@type":["Person","Organization"],"@id":"https:\/\/apuntesdesanluis.com\/#\/schema\/person\/b55151d52296fcce64d1a72538a70b90","name":"apuntesdesanluis.com","image":{"@type":"ImageObject","inLanguage":"es-AR","@id":"https:\/\/apuntesdesanluis.com\/#\/schema\/person\/image\/","url":"https:\/\/apuntesdesanluis.com\/wp-content\/uploads\/2023\/07\/cropped-apuntesdesanluis.png","contentUrl":"https:\/\/apuntesdesanluis.com\/wp-content\/uploads\/2023\/07\/cropped-apuntesdesanluis.png","width":450,"height":112,"caption":"apuntesdesanluis.com"},"logo":{"@id":"https:\/\/apuntesdesanluis.com\/#\/schema\/person\/image\/"},"sameAs":["https:\/\/apuntesdesanluis.com"],"url":"https:\/\/apuntesdesanluis.com\/index.php\/author\/apuntesdesanluis-com\/"}]}},"featured_image_urls":{"full":["https:\/\/apuntesdesanluis.com\/wp-content\/uploads\/2024\/04\/diputados-1.png",717,387,false],"thumbnail":["https:\/\/apuntesdesanluis.com\/wp-content\/uploads\/2024\/04\/diputados-1-150x150.png",150,150,true],"medium":["https:\/\/apuntesdesanluis.com\/wp-content\/uploads\/2024\/04\/diputados-1-300x162.png",300,162,true],"medium_large":["https:\/\/apuntesdesanluis.com\/wp-content\/uploads\/2024\/04\/diputados-1.png",640,345,false],"large":["https:\/\/apuntesdesanluis.com\/wp-content\/uploads\/2024\/04\/diputados-1.png",640,345,false],"1536x1536":["https:\/\/apuntesdesanluis.com\/wp-content\/uploads\/2024\/04\/diputados-1.png",717,387,false],"2048x2048":["https:\/\/apuntesdesanluis.com\/wp-content\/uploads\/2024\/04\/diputados-1.png",717,387,false],"newsever-slider-full":["https:\/\/apuntesdesanluis.com\/wp-content\/uploads\/2024\/04\/diputados-1.png",717,387,false],"newsever-featured":["https:\/\/apuntesdesanluis.com\/wp-content\/uploads\/2024\/04\/diputados-1.png",717,387,false],"newsever-medium":["https:\/\/apuntesdesanluis.com\/wp-content\/uploads\/2024\/04\/diputados-1.png",717,387,false]},"author_info":{"display_name":"apuntesdesanluis.com","author_link":"https:\/\/apuntesdesanluis.com\/index.php\/author\/apuntesdesanluis-com\/"},"category_info":"<a href=\"https:\/\/apuntesdesanluis.com\/index.php\/category\/nacionales-internacionales\/\" rel=\"category tag\">Nacionales\/Internacionales<\/a>","tag_info":"Nacionales\/Internacionales","comment_count":"0","_links":{"self":[{"href":"https:\/\/apuntesdesanluis.com\/index.php\/wp-json\/wp\/v2\/posts\/15084","targetHints":{"allow":["GET"]}}],"collection":[{"href":"https:\/\/apuntesdesanluis.com\/index.php\/wp-json\/wp\/v2\/posts"}],"about":[{"href":"https:\/\/apuntesdesanluis.com\/index.php\/wp-json\/wp\/v2\/types\/post"}],"author":[{"embeddable":true,"href":"https:\/\/apuntesdesanluis.com\/index.php\/wp-json\/wp\/v2\/users\/1"}],"replies":[{"embeddable":true,"href":"https:\/\/apuntesdesanluis.com\/index.php\/wp-json\/wp\/v2\/comments?post=15084"}],"version-history":[{"count":1,"href":"https:\/\/apuntesdesanluis.com\/index.php\/wp-json\/wp\/v2\/posts\/15084\/revisions"}],"predecessor-version":[{"id":15086,"href":"https:\/\/apuntesdesanluis.com\/index.php\/wp-json\/wp\/v2\/posts\/15084\/revisions\/15086"}],"wp:featuredmedia":[{"embeddable":true,"href":"https:\/\/apuntesdesanluis.com\/index.php\/wp-json\/wp\/v2\/media\/15085"}],"wp:attachment":[{"href":"https:\/\/apuntesdesanluis.com\/index.php\/wp-json\/wp\/v2\/media?parent=15084"}],"wp:term":[{"taxonomy":"category","embeddable":true,"href":"https:\/\/apuntesdesanluis.com\/index.php\/wp-json\/wp\/v2\/categories?post=15084"},{"taxonomy":"post_tag","embeddable":true,"href":"https:\/\/apuntesdesanluis.com\/index.php\/wp-json\/wp\/v2\/tags?post=15084"}],"curies":[{"name":"wp","href":"https:\/\/api.w.org\/{rel}","templated":true}]}}