{"id":15087,"date":"2024-04-23T10:11:57","date_gmt":"2024-04-23T13:11:57","guid":{"rendered":"https:\/\/apuntesdesanluis.com\/?p=15087"},"modified":"2024-04-23T10:11:57","modified_gmt":"2024-04-23T13:11:57","slug":"la-universidad-publica-gratuita-inclusiva-y-de-calidad-no-se-vende-se-defiende","status":"publish","type":"post","link":"https:\/\/apuntesdesanluis.com\/index.php\/2024\/04\/23\/la-universidad-publica-gratuita-inclusiva-y-de-calidad-no-se-vende-se-defiende\/","title":{"rendered":"LA UNIVERSIDAD P\u00daBLICA, GRATUITA, INCLUSIVA Y DE CALIDAD, NO SE VENDE: SE DEFIENDE"},"content":{"rendered":"<h3>Por <span style=\"color: #000000;\">Arnoldo Pucci *<\/span><\/h3>\n<p><img fetchpriority=\"high\" decoding=\"async\" class=\"wp-image-15088 aligncenter\" src=\"https:\/\/apuntesdesanluis.com\/wp-content\/uploads\/2024\/04\/arnoldo-300x196.jpg\" alt=\"\" width=\"453\" height=\"296\" srcset=\"https:\/\/apuntesdesanluis.com\/wp-content\/uploads\/2024\/04\/arnoldo-300x196.jpg 300w, https:\/\/apuntesdesanluis.com\/wp-content\/uploads\/2024\/04\/arnoldo.jpg 608w\" sizes=\"(max-width: 453px) 100vw, 453px\" \/><\/p>\n<h3>La Universidad P\u00fablica, Gratuita, Inclusiva y de Calidad, que en su rica historia a dado a nuestro pa\u00eds cinco Premios Noveles, innumerables profesionales de prestigio internacional y egresados buscados por todo el mundo por la calidad de su formaci\u00f3n, es tal que a pesar que el presidente denoste y diga que en las universidades argentinas se adoctrina, todo su equipo econ\u00f3mico esta formado en la\u00a0 Universidad de Buenos Aires, parece que el adoctrinamiento no es tal sino como decimos en el barrio \u201cfulbito para la tribuna\u201d.<\/h3>\n<h3>Recientemente en el foro del Llao Llao escuch\u00e1bamos con asombro que el presidente ante los empresarios dec\u00eda \u201cquien fuga d\u00f3lares en Argentina es un h\u00e9roe\u201d y que con el traje de economista le aconsejar\u00eda a sus clientes que compren d\u00f3lares y si es en el mercado negro mejor, as\u00ed no pagan impuestos, y despu\u00e9s pretende auditar a las universidades en contra de la constituci\u00f3n. En mi barrio a eso le dicen \u201cpredicar con la bragueta abierta\u201d.<\/h3>\n<h3>Ante esto y la mezcla de licuadora y motosierra al presupuesto universitario, el salario de las y los trabajadores universitarios desde que asumi\u00f3 Milei ha perdido a valor real el 30 % de poder adquisitivo de nuestros salarios. Por ello y porque la universidad argentina se forj\u00f3 a trav\u00e9s de grandes luchas a lo largo de la historia, debemos hacer honor a esa historia que hemos heredado porque somos la universidad:<\/h3>\n<h3># de la Reforma Universitaria del \u00b418<\/h3>\n<h3># de la gratuidad del \u00b449<\/h3>\n<h3># de la Creaci\u00f3n de la Universidad Obrera Nacional<\/h3>\n<h3># la del Cordobazo y del Correntinazo<\/h3>\n<h3># la de la Noche de los Bastones Largos<\/h3>\n<h3># la de la marcha hist\u00f3rica del 30 de agosto de 2018<\/h3>\n<h3>A lo largo de la historia siempre las y los universitarios nos hemos forjado en la lucha, no en vano siempre los grandes movimientos sociales se han iniciado por la comuni\u00f3n de los universitarios y el movimiento obrero. Hoy no es la excepci\u00f3n y la marcha de este martes 23 \u201cES IMPARABLE\u201d.<\/h3>\n<h3>Nuevamente el movimiento obrero, las organizaciones sociales y diferentes organizaciones de todo el espectro pol\u00edtico y la comunidad toda nos van a acompa\u00f1ar en esta marcha a lo largo y a lo ancho de todo nuestro pa\u00eds, porque no hay m\u00e1s orgullo que la conquista m\u00e1s grande de la universidad p\u00fablica argentina: que \u201cQUE SE LLEN\u00d3 DE HIJOS DE OBREROS\u201d.<\/h3>\n<h3>Parafraseando al padre de la democracia, el Dr. Ra\u00fal Alfons\u00edn, es que decimos si a la orilla del camino alg\u00fan distra\u00eddo nos pregunta porqu\u00e9 marchamos, debemos decirles que marchamos:<\/h3>\n<h3># En defensa de la Educaci\u00f3n P\u00fablica<\/h3>\n<h3># En defensa de la Ciencia y la Tecnolog\u00eda Argentina<\/h3>\n<h3># En defensa de la Autonom\u00eda Universitaria<\/h3>\n<h3># En defensa del Salario de las y los Trabajadores Universitarios<\/h3>\n<h3># En defensa del Presupuesto Universitario<\/h3>\n<h3># En defensa de la Universidad P\u00fablica, Gratuita, Inclusiva y de Calidad<\/h3>\n<h3># En contra del ajuste como elemento disciplinador de la comunidad universitaria<\/h3>\n<h4><span style=\"color: #000000;\"><em>* Secretario General de ADOI. Miembro de CONADU.<\/em><\/span><\/h4>\n<p>&nbsp;<\/p>\n<p>&nbsp;<\/p>\n<p>&nbsp;<\/p>\n","protected":false},"excerpt":{"rendered":"<p>Por Arnoldo Pucci * La Universidad P\u00fablica, Gratuita, Inclusiva y de Calidad, que en su&#8230;<\/p>\n","protected":false},"author":1,"featured_media":15089,"comment_status":"closed","ping_status":"closed","sticky":false,"template":"","format":"standard","meta":{"footnotes":""},"categories":[9],"tags":[],"class_list":["post-15087","post","type-post","status-publish","format-standard","has-post-thumbnail","hentry","category-opinion"],"yoast_head":"<!-- This site is optimized with the Yoast SEO plugin v26.1.1 - https:\/\/yoast.com\/wordpress\/plugins\/seo\/ -->\n<title>LA UNIVERSIDAD P\u00daBLICA, GRATUITA, INCLUSIVA Y DE CALIDAD, NO SE VENDE: SE DEFIENDE - Apuntes de San Luis<\/title>\n<meta name=\"robots\" content=\"index, follow, max-snippet:-1, max-image-preview:large, max-video-preview:-1\" \/>\n<link rel=\"canonical\" href=\"https:\/\/apuntesdesanluis.com\/index.php\/2024\/04\/23\/la-universidad-publica-gratuita-inclusiva-y-de-calidad-no-se-vende-se-defiende\/\" \/>\n<meta property=\"og:locale\" content=\"es_ES\" \/>\n<meta property=\"og:type\" content=\"article\" \/>\n<meta property=\"og:title\" content=\"LA UNIVERSIDAD P\u00daBLICA, GRATUITA, INCLUSIVA Y DE CALIDAD, NO SE VENDE: SE DEFIENDE - Apuntes de San Luis\" \/>\n<meta property=\"og:description\" content=\"Por Arnoldo Pucci * La Universidad P\u00fablica, Gratuita, Inclusiva y de Calidad, que en su...\" \/>\n<meta property=\"og:url\" content=\"https:\/\/apuntesdesanluis.com\/index.php\/2024\/04\/23\/la-universidad-publica-gratuita-inclusiva-y-de-calidad-no-se-vende-se-defiende\/\" \/>\n<meta property=\"og:site_name\" content=\"Apuntes de San Luis\" \/>\n<meta property=\"article:published_time\" content=\"2024-04-23T13:11:57+00:00\" \/>\n<meta property=\"og:image\" content=\"https:\/\/apuntesdesanluis.com\/wp-content\/uploads\/2024\/04\/conadu.png\" \/>\n\t<meta property=\"og:image:width\" content=\"519\" \/>\n\t<meta property=\"og:image:height\" content=\"283\" \/>\n\t<meta property=\"og:image:type\" content=\"image\/png\" \/>\n<meta name=\"author\" content=\"apuntesdesanluis.com\" \/>\n<meta name=\"twitter:card\" content=\"summary_large_image\" \/>\n<meta name=\"twitter:label1\" content=\"Escrito por\" \/>\n\t<meta name=\"twitter:data1\" content=\"apuntesdesanluis.com\" \/>\n\t<meta name=\"twitter:label2\" content=\"Tiempo de lectura\" \/>\n\t<meta name=\"twitter:data2\" content=\"3 minutos\" \/>\n<script type=\"application\/ld+json\" class=\"yoast-schema-graph\">{\"@context\":\"https:\/\/schema.org\",\"@graph\":[{\"@type\":\"Article\",\"@id\":\"https:\/\/apuntesdesanluis.com\/index.php\/2024\/04\/23\/la-universidad-publica-gratuita-inclusiva-y-de-calidad-no-se-vende-se-defiende\/#article\",\"isPartOf\":{\"@id\":\"https:\/\/apuntesdesanluis.com\/index.php\/2024\/04\/23\/la-universidad-publica-gratuita-inclusiva-y-de-calidad-no-se-vende-se-defiende\/\"},\"author\":{\"name\":\"apuntesdesanluis.com\",\"@id\":\"https:\/\/apuntesdesanluis.com\/#\/schema\/person\/b55151d52296fcce64d1a72538a70b90\"},\"headline\":\"LA UNIVERSIDAD P\u00daBLICA, GRATUITA, INCLUSIVA Y DE CALIDAD, NO SE VENDE: SE DEFIENDE\",\"datePublished\":\"2024-04-23T13:11:57+00:00\",\"mainEntityOfPage\":{\"@id\":\"https:\/\/apuntesdesanluis.com\/index.php\/2024\/04\/23\/la-universidad-publica-gratuita-inclusiva-y-de-calidad-no-se-vende-se-defiende\/\"},\"wordCount\":528,\"publisher\":{\"@id\":\"https:\/\/apuntesdesanluis.com\/#\/schema\/person\/b55151d52296fcce64d1a72538a70b90\"},\"image\":{\"@id\":\"https:\/\/apuntesdesanluis.com\/index.php\/2024\/04\/23\/la-universidad-publica-gratuita-inclusiva-y-de-calidad-no-se-vende-se-defiende\/#primaryimage\"},\"thumbnailUrl\":\"https:\/\/apuntesdesanluis.com\/wp-content\/uploads\/2024\/04\/conadu.png\",\"articleSection\":[\"Opini\u00f3n\"],\"inLanguage\":\"es-AR\"},{\"@type\":\"WebPage\",\"@id\":\"https:\/\/apuntesdesanluis.com\/index.php\/2024\/04\/23\/la-universidad-publica-gratuita-inclusiva-y-de-calidad-no-se-vende-se-defiende\/\",\"url\":\"https:\/\/apuntesdesanluis.com\/index.php\/2024\/04\/23\/la-universidad-publica-gratuita-inclusiva-y-de-calidad-no-se-vende-se-defiende\/\",\"name\":\"LA UNIVERSIDAD P\u00daBLICA, GRATUITA, INCLUSIVA Y DE CALIDAD, NO SE VENDE: SE DEFIENDE - Apuntes de San Luis\",\"isPartOf\":{\"@id\":\"https:\/\/apuntesdesanluis.com\/#website\"},\"primaryImageOfPage\":{\"@id\":\"https:\/\/apuntesdesanluis.com\/index.php\/2024\/04\/23\/la-universidad-publica-gratuita-inclusiva-y-de-calidad-no-se-vende-se-defiende\/#primaryimage\"},\"image\":{\"@id\":\"https:\/\/apuntesdesanluis.com\/index.php\/2024\/04\/23\/la-universidad-publica-gratuita-inclusiva-y-de-calidad-no-se-vende-se-defiende\/#primaryimage\"},\"thumbnailUrl\":\"https:\/\/apuntesdesanluis.com\/wp-content\/uploads\/2024\/04\/conadu.png\",\"datePublished\":\"2024-04-23T13:11:57+00:00\",\"breadcrumb\":{\"@id\":\"https:\/\/apuntesdesanluis.com\/index.php\/2024\/04\/23\/la-universidad-publica-gratuita-inclusiva-y-de-calidad-no-se-vende-se-defiende\/#breadcrumb\"},\"inLanguage\":\"es-AR\",\"potentialAction\":[{\"@type\":\"ReadAction\",\"target\":[\"https:\/\/apuntesdesanluis.com\/index.php\/2024\/04\/23\/la-universidad-publica-gratuita-inclusiva-y-de-calidad-no-se-vende-se-defiende\/\"]}]},{\"@type\":\"ImageObject\",\"inLanguage\":\"es-AR\",\"@id\":\"https:\/\/apuntesdesanluis.com\/index.php\/2024\/04\/23\/la-universidad-publica-gratuita-inclusiva-y-de-calidad-no-se-vende-se-defiende\/#primaryimage\",\"url\":\"https:\/\/apuntesdesanluis.com\/wp-content\/uploads\/2024\/04\/conadu.png\",\"contentUrl\":\"https:\/\/apuntesdesanluis.com\/wp-content\/uploads\/2024\/04\/conadu.png\",\"width\":519,\"height\":283},{\"@type\":\"BreadcrumbList\",\"@id\":\"https:\/\/apuntesdesanluis.com\/index.php\/2024\/04\/23\/la-universidad-publica-gratuita-inclusiva-y-de-calidad-no-se-vende-se-defiende\/#breadcrumb\",\"itemListElement\":[{\"@type\":\"ListItem\",\"position\":1,\"name\":\"Inicio\",\"item\":\"https:\/\/apuntesdesanluis.com\/\"},{\"@type\":\"ListItem\",\"position\":2,\"name\":\"LA UNIVERSIDAD P\u00daBLICA, GRATUITA, INCLUSIVA Y DE CALIDAD, NO SE VENDE: SE DEFIENDE\"}]},{\"@type\":\"WebSite\",\"@id\":\"https:\/\/apuntesdesanluis.com\/#website\",\"url\":\"https:\/\/apuntesdesanluis.com\/\",\"name\":\"Apuntes de San Luis\",\"description\":\"\",\"publisher\":{\"@id\":\"https:\/\/apuntesdesanluis.com\/#\/schema\/person\/b55151d52296fcce64d1a72538a70b90\"},\"potentialAction\":[{\"@type\":\"SearchAction\",\"target\":{\"@type\":\"EntryPoint\",\"urlTemplate\":\"https:\/\/apuntesdesanluis.com\/?s={search_term_string}\"},\"query-input\":{\"@type\":\"PropertyValueSpecification\",\"valueRequired\":true,\"valueName\":\"search_term_string\"}}],\"inLanguage\":\"es-AR\"},{\"@type\":[\"Person\",\"Organization\"],\"@id\":\"https:\/\/apuntesdesanluis.com\/#\/schema\/person\/b55151d52296fcce64d1a72538a70b90\",\"name\":\"apuntesdesanluis.com\",\"image\":{\"@type\":\"ImageObject\",\"inLanguage\":\"es-AR\",\"@id\":\"https:\/\/apuntesdesanluis.com\/#\/schema\/person\/image\/\",\"url\":\"https:\/\/apuntesdesanluis.com\/wp-content\/uploads\/2023\/07\/cropped-apuntesdesanluis.png\",\"contentUrl\":\"https:\/\/apuntesdesanluis.com\/wp-content\/uploads\/2023\/07\/cropped-apuntesdesanluis.png\",\"width\":450,\"height\":112,\"caption\":\"apuntesdesanluis.com\"},\"logo\":{\"@id\":\"https:\/\/apuntesdesanluis.com\/#\/schema\/person\/image\/\"},\"sameAs\":[\"https:\/\/apuntesdesanluis.com\"],\"url\":\"https:\/\/apuntesdesanluis.com\/index.php\/author\/apuntesdesanluis-com\/\"}]}<\/script>\n<!-- \/ Yoast SEO plugin. -->","yoast_head_json":{"title":"LA UNIVERSIDAD P\u00daBLICA, GRATUITA, INCLUSIVA Y DE CALIDAD, NO SE VENDE: SE DEFIENDE - Apuntes de San Luis","robots":{"index":"index","follow":"follow","max-snippet":"max-snippet:-1","max-image-preview":"max-image-preview:large","max-video-preview":"max-video-preview:-1"},"canonical":"https:\/\/apuntesdesanluis.com\/index.php\/2024\/04\/23\/la-universidad-publica-gratuita-inclusiva-y-de-calidad-no-se-vende-se-defiende\/","og_locale":"es_ES","og_type":"article","og_title":"LA UNIVERSIDAD P\u00daBLICA, GRATUITA, INCLUSIVA Y DE CALIDAD, NO SE VENDE: SE DEFIENDE - Apuntes de San Luis","og_description":"Por Arnoldo Pucci * La Universidad P\u00fablica, Gratuita, Inclusiva y de Calidad, que en su...","og_url":"https:\/\/apuntesdesanluis.com\/index.php\/2024\/04\/23\/la-universidad-publica-gratuita-inclusiva-y-de-calidad-no-se-vende-se-defiende\/","og_site_name":"Apuntes de San Luis","article_published_time":"2024-04-23T13:11:57+00:00","og_image":[{"width":519,"height":283,"url":"https:\/\/apuntesdesanluis.com\/wp-content\/uploads\/2024\/04\/conadu.png","type":"image\/png"}],"author":"apuntesdesanluis.com","twitter_card":"summary_large_image","twitter_misc":{"Escrito por":"apuntesdesanluis.com","Tiempo de lectura":"3 minutos"},"schema":{"@context":"https:\/\/schema.org","@graph":[{"@type":"Article","@id":"https:\/\/apuntesdesanluis.com\/index.php\/2024\/04\/23\/la-universidad-publica-gratuita-inclusiva-y-de-calidad-no-se-vende-se-defiende\/#article","isPartOf":{"@id":"https:\/\/apuntesdesanluis.com\/index.php\/2024\/04\/23\/la-universidad-publica-gratuita-inclusiva-y-de-calidad-no-se-vende-se-defiende\/"},"author":{"name":"apuntesdesanluis.com","@id":"https:\/\/apuntesdesanluis.com\/#\/schema\/person\/b55151d52296fcce64d1a72538a70b90"},"headline":"LA UNIVERSIDAD P\u00daBLICA, GRATUITA, INCLUSIVA Y DE CALIDAD, NO SE VENDE: SE DEFIENDE","datePublished":"2024-04-23T13:11:57+00:00","mainEntityOfPage":{"@id":"https:\/\/apuntesdesanluis.com\/index.php\/2024\/04\/23\/la-universidad-publica-gratuita-inclusiva-y-de-calidad-no-se-vende-se-defiende\/"},"wordCount":528,"publisher":{"@id":"https:\/\/apuntesdesanluis.com\/#\/schema\/person\/b55151d52296fcce64d1a72538a70b90"},"image":{"@id":"https:\/\/apuntesdesanluis.com\/index.php\/2024\/04\/23\/la-universidad-publica-gratuita-inclusiva-y-de-calidad-no-se-vende-se-defiende\/#primaryimage"},"thumbnailUrl":"https:\/\/apuntesdesanluis.com\/wp-content\/uploads\/2024\/04\/conadu.png","articleSection":["Opini\u00f3n"],"inLanguage":"es-AR"},{"@type":"WebPage","@id":"https:\/\/apuntesdesanluis.com\/index.php\/2024\/04\/23\/la-universidad-publica-gratuita-inclusiva-y-de-calidad-no-se-vende-se-defiende\/","url":"https:\/\/apuntesdesanluis.com\/index.php\/2024\/04\/23\/la-universidad-publica-gratuita-inclusiva-y-de-calidad-no-se-vende-se-defiende\/","name":"LA UNIVERSIDAD P\u00daBLICA, GRATUITA, INCLUSIVA Y DE CALIDAD, NO SE VENDE: SE DEFIENDE - Apuntes de San Luis","isPartOf":{"@id":"https:\/\/apuntesdesanluis.com\/#website"},"primaryImageOfPage":{"@id":"https:\/\/apuntesdesanluis.com\/index.php\/2024\/04\/23\/la-universidad-publica-gratuita-inclusiva-y-de-calidad-no-se-vende-se-defiende\/#primaryimage"},"image":{"@id":"https:\/\/apuntesdesanluis.com\/index.php\/2024\/04\/23\/la-universidad-publica-gratuita-inclusiva-y-de-calidad-no-se-vende-se-defiende\/#primaryimage"},"thumbnailUrl":"https:\/\/apuntesdesanluis.com\/wp-content\/uploads\/2024\/04\/conadu.png","datePublished":"2024-04-23T13:11:57+00:00","breadcrumb":{"@id":"https:\/\/apuntesdesanluis.com\/index.php\/2024\/04\/23\/la-universidad-publica-gratuita-inclusiva-y-de-calidad-no-se-vende-se-defiende\/#breadcrumb"},"inLanguage":"es-AR","potentialAction":[{"@type":"ReadAction","target":["https:\/\/apuntesdesanluis.com\/index.php\/2024\/04\/23\/la-universidad-publica-gratuita-inclusiva-y-de-calidad-no-se-vende-se-defiende\/"]}]},{"@type":"ImageObject","inLanguage":"es-AR","@id":"https:\/\/apuntesdesanluis.com\/index.php\/2024\/04\/23\/la-universidad-publica-gratuita-inclusiva-y-de-calidad-no-se-vende-se-defiende\/#primaryimage","url":"https:\/\/apuntesdesanluis.com\/wp-content\/uploads\/2024\/04\/conadu.png","contentUrl":"https:\/\/apuntesdesanluis.com\/wp-content\/uploads\/2024\/04\/conadu.png","width":519,"height":283},{"@type":"BreadcrumbList","@id":"https:\/\/apuntesdesanluis.com\/index.php\/2024\/04\/23\/la-universidad-publica-gratuita-inclusiva-y-de-calidad-no-se-vende-se-defiende\/#breadcrumb","itemListElement":[{"@type":"ListItem","position":1,"name":"Inicio","item":"https:\/\/apuntesdesanluis.com\/"},{"@type":"ListItem","position":2,"name":"LA UNIVERSIDAD P\u00daBLICA, GRATUITA, INCLUSIVA Y DE CALIDAD, NO SE VENDE: SE DEFIENDE"}]},{"@type":"WebSite","@id":"https:\/\/apuntesdesanluis.com\/#website","url":"https:\/\/apuntesdesanluis.com\/","name":"Apuntes de San Luis","description":"","publisher":{"@id":"https:\/\/apuntesdesanluis.com\/#\/schema\/person\/b55151d52296fcce64d1a72538a70b90"},"potentialAction":[{"@type":"SearchAction","target":{"@type":"EntryPoint","urlTemplate":"https:\/\/apuntesdesanluis.com\/?s={search_term_string}"},"query-input":{"@type":"PropertyValueSpecification","valueRequired":true,"valueName":"search_term_string"}}],"inLanguage":"es-AR"},{"@type":["Person","Organization"],"@id":"https:\/\/apuntesdesanluis.com\/#\/schema\/person\/b55151d52296fcce64d1a72538a70b90","name":"apuntesdesanluis.com","image":{"@type":"ImageObject","inLanguage":"es-AR","@id":"https:\/\/apuntesdesanluis.com\/#\/schema\/person\/image\/","url":"https:\/\/apuntesdesanluis.com\/wp-content\/uploads\/2023\/07\/cropped-apuntesdesanluis.png","contentUrl":"https:\/\/apuntesdesanluis.com\/wp-content\/uploads\/2023\/07\/cropped-apuntesdesanluis.png","width":450,"height":112,"caption":"apuntesdesanluis.com"},"logo":{"@id":"https:\/\/apuntesdesanluis.com\/#\/schema\/person\/image\/"},"sameAs":["https:\/\/apuntesdesanluis.com"],"url":"https:\/\/apuntesdesanluis.com\/index.php\/author\/apuntesdesanluis-com\/"}]}},"featured_image_urls":{"full":["https:\/\/apuntesdesanluis.com\/wp-content\/uploads\/2024\/04\/conadu.png",519,283,false],"thumbnail":["https:\/\/apuntesdesanluis.com\/wp-content\/uploads\/2024\/04\/conadu-150x150.png",150,150,true],"medium":["https:\/\/apuntesdesanluis.com\/wp-content\/uploads\/2024\/04\/conadu-300x164.png",300,164,true],"medium_large":["https:\/\/apuntesdesanluis.com\/wp-content\/uploads\/2024\/04\/conadu.png",519,283,false],"large":["https:\/\/apuntesdesanluis.com\/wp-content\/uploads\/2024\/04\/conadu.png",519,283,false],"1536x1536":["https:\/\/apuntesdesanluis.com\/wp-content\/uploads\/2024\/04\/conadu.png",519,283,false],"2048x2048":["https:\/\/apuntesdesanluis.com\/wp-content\/uploads\/2024\/04\/conadu.png",519,283,false],"newsever-slider-full":["https:\/\/apuntesdesanluis.com\/wp-content\/uploads\/2024\/04\/conadu.png",519,283,false],"newsever-featured":["https:\/\/apuntesdesanluis.com\/wp-content\/uploads\/2024\/04\/conadu.png",519,283,false],"newsever-medium":["https:\/\/apuntesdesanluis.com\/wp-content\/uploads\/2024\/04\/conadu.png",519,283,false]},"author_info":{"display_name":"apuntesdesanluis.com","author_link":"https:\/\/apuntesdesanluis.com\/index.php\/author\/apuntesdesanluis-com\/"},"category_info":"<a href=\"https:\/\/apuntesdesanluis.com\/index.php\/category\/opinion\/\" rel=\"category tag\">Opini\u00f3n<\/a>","tag_info":"Opini\u00f3n","comment_count":"0","_links":{"self":[{"href":"https:\/\/apuntesdesanluis.com\/index.php\/wp-json\/wp\/v2\/posts\/15087","targetHints":{"allow":["GET"]}}],"collection":[{"href":"https:\/\/apuntesdesanluis.com\/index.php\/wp-json\/wp\/v2\/posts"}],"about":[{"href":"https:\/\/apuntesdesanluis.com\/index.php\/wp-json\/wp\/v2\/types\/post"}],"author":[{"embeddable":true,"href":"https:\/\/apuntesdesanluis.com\/index.php\/wp-json\/wp\/v2\/users\/1"}],"replies":[{"embeddable":true,"href":"https:\/\/apuntesdesanluis.com\/index.php\/wp-json\/wp\/v2\/comments?post=15087"}],"version-history":[{"count":1,"href":"https:\/\/apuntesdesanluis.com\/index.php\/wp-json\/wp\/v2\/posts\/15087\/revisions"}],"predecessor-version":[{"id":15090,"href":"https:\/\/apuntesdesanluis.com\/index.php\/wp-json\/wp\/v2\/posts\/15087\/revisions\/15090"}],"wp:featuredmedia":[{"embeddable":true,"href":"https:\/\/apuntesdesanluis.com\/index.php\/wp-json\/wp\/v2\/media\/15089"}],"wp:attachment":[{"href":"https:\/\/apuntesdesanluis.com\/index.php\/wp-json\/wp\/v2\/media?parent=15087"}],"wp:term":[{"taxonomy":"category","embeddable":true,"href":"https:\/\/apuntesdesanluis.com\/index.php\/wp-json\/wp\/v2\/categories?post=15087"},{"taxonomy":"post_tag","embeddable":true,"href":"https:\/\/apuntesdesanluis.com\/index.php\/wp-json\/wp\/v2\/tags?post=15087"}],"curies":[{"name":"wp","href":"https:\/\/api.w.org\/{rel}","templated":true}]}}