{"id":1510,"date":"2023-08-13T18:28:41","date_gmt":"2023-08-13T21:28:41","guid":{"rendered":"https:\/\/apuntesdesanluis.com\/?p=1510"},"modified":"2023-08-13T18:28:41","modified_gmt":"2023-08-13T21:28:41","slug":"detuvieron-al-presunto-autor-del-homicidio-de-una-mujer-en-concaran","status":"publish","type":"post","link":"https:\/\/apuntesdesanluis.com\/index.php\/2023\/08\/13\/detuvieron-al-presunto-autor-del-homicidio-de-una-mujer-en-concaran\/","title":{"rendered":"DETUVIERON AL PRESUNTO AUTOR DEL HOMICIDIO DE UNA MUJER EN CONCAR\u00c1N"},"content":{"rendered":"<h3>Se trata de<strong> R.V.P., <\/strong>pareja de la v\u00edctima, quien est\u00e1 sospechado como autor del delito de homicidio agravado por el v\u00ednculo.<span id=\"more-450553\"><\/span><\/h3>\n<h3>El Ministerio P\u00fablico Fiscal de la Tercera Circunscripci\u00f3n Judicial, investiga la muerte de\u00a0<strong>Margarita Azucena Quiroga<\/strong>, de 58 a\u00f1os,\u00a0quien fue hallada sin vida este 12 de agosto en la localidad de Concar\u00e1n.<\/h3>\n<h3>La mujer viv\u00eda junto a su pareja en una vivienda del Barrio Porvenir.<\/h3>\n<h3>Ayer por la tarde, la polic\u00eda fue alertada por las hijas de Quiroga, que encontraron a su madre tirada en la cocina-comedor de la casa, con evidentes signos de violencia.<\/h3>\n<h3>Personal de la Divisi\u00f3n Homicidios constat\u00f3 el deceso de la mujer, quien falleci\u00f3 producto de lesiones aparentemente provocadas con arma blanca.<\/h3>\n<h3>En el lugar se hicieron presentes: la Fiscal Adjunta,\u00a0<strong>Dra. Lorena Ohanian<\/strong>; el m\u00e9dico forense de la Tercera Circunscripci\u00f3n,\u00a0<strong>Dr. Gustavo Lafourcade Dur\u00e1n<\/strong>; el Jefe de la Polic\u00eda de la provincia de San Luis,\u00a0<strong>Hern\u00e1n Soloa<\/strong>; el Director de Investigaciones,\u00a0<strong>Fabi\u00e1n Altamirano<\/strong>; el Jefe de la Unidad Regional del Orden P\u00fablico N\u00b0III (UROP III),\u00a0<strong>Gustavo Ortiz<\/strong>; el Jefe de la Divisi\u00f3n Criminal\u00edstica,\u00a0<strong>Ram\u00f3n Cardetti<\/strong>; el Jefe de la Divisi\u00f3n Homicidios,\u00a0<strong>Claudio Ortiz<\/strong>; y efectivos de las referidas dependencias policiales.<\/h3>\n<h3>De acuerdo al informe preliminar de la autopsia,\u00a0<strong>Quiroga falleci\u00f3 a causa de un shock hipovol\u00e9mico<\/strong>, provocado por una hemorragia profusa en los vasos del cuello.<\/h3>\n<h3>El cuerpo presentaba m\u00faltiples heridas cortantes en la cabeza, rostro, cuello, t\u00f3rax, brazos y piernas.<\/h3>\n<p><img fetchpriority=\"high\" decoding=\"async\" class=\"wp-image-1512 aligncenter\" src=\"https:\/\/apuntesdesanluis.com\/wp-content\/uploads\/2023\/08\/DETENIDO-EN-CONCARAN-300x208.png\" alt=\"\" width=\"736\" height=\"510\" srcset=\"https:\/\/apuntesdesanluis.com\/wp-content\/uploads\/2023\/08\/DETENIDO-EN-CONCARAN-300x208.png 300w, https:\/\/apuntesdesanluis.com\/wp-content\/uploads\/2023\/08\/DETENIDO-EN-CONCARAN.png 684w\" sizes=\"(max-width: 736px) 100vw, 736px\" \/><\/p>\n<h3><strong>El principal sospechoso del crimen es R.V.P., pareja de la v\u00edctima<\/strong>, quien este domingo por la ma\u00f1ana fue retenido por la polic\u00eda a la salida de Concar\u00e1n, sobre Ruta provincial N\u00b06 camino a San Mart\u00edn.<\/h3>\n<h3>El hombre de 62 a\u00f1os ten\u00eda manchas de sangre en su ropa y marcas en su cuerpo compatibles con signos de defensa, seg\u00fan el examen m\u00e9dico practicado por el forense en sede policial.<\/h3>\n<h3>La investigaci\u00f3n es dirigida por las fiscales\u00a0<strong>D\u00e9bora Antonella Roy Gitto<\/strong>\u00a0y\u00a0<strong>Lorena Ohanian<\/strong>,\u00a0<strong>quienes este domingo, pasadas las 13:00 hs., ordenaron la detenci\u00f3n de R.V.P. como presunto autor del delito de homicidio agravado por el v\u00ednculo<\/strong>.<\/h3>\n<h3>Tambi\u00e9n ordenaron llevar a cabo rastrillajes para dar con el arma\/elemento homicida.<\/h3>\n<h3>El imputado se encuentra\u00a0 alojado en la Alcaid\u00eda de la UROP III de Concar\u00e1n.<\/h3>\n","protected":false},"excerpt":{"rendered":"<p>Se trata de R.V.P., pareja de la v\u00edctima, quien est\u00e1 sospechado como autor del delito&#8230;<\/p>\n","protected":false},"author":1,"featured_media":1511,"comment_status":"closed","ping_status":"closed","sticky":false,"template":"","format":"standard","meta":{"footnotes":""},"categories":[6],"tags":[],"class_list":["post-1510","post","type-post","status-publish","format-standard","has-post-thumbnail","hentry","category-ciudad-provincia"],"yoast_head":"<!-- This site is optimized with the Yoast SEO plugin v26.1.1 - https:\/\/yoast.com\/wordpress\/plugins\/seo\/ -->\n<title>DETUVIERON AL PRESUNTO AUTOR DEL HOMICIDIO DE UNA MUJER EN CONCAR\u00c1N - Apuntes de San Luis<\/title>\n<meta name=\"robots\" content=\"index, follow, max-snippet:-1, max-image-preview:large, max-video-preview:-1\" \/>\n<link rel=\"canonical\" href=\"https:\/\/apuntesdesanluis.com\/index.php\/2023\/08\/13\/detuvieron-al-presunto-autor-del-homicidio-de-una-mujer-en-concaran\/\" \/>\n<meta property=\"og:locale\" content=\"es_ES\" \/>\n<meta property=\"og:type\" content=\"article\" \/>\n<meta property=\"og:title\" content=\"DETUVIERON AL PRESUNTO AUTOR DEL HOMICIDIO DE UNA MUJER EN CONCAR\u00c1N - Apuntes de San Luis\" \/>\n<meta property=\"og:description\" content=\"Se trata de R.V.P., pareja de la v\u00edctima, quien est\u00e1 sospechado como autor del delito...\" \/>\n<meta property=\"og:url\" content=\"https:\/\/apuntesdesanluis.com\/index.php\/2023\/08\/13\/detuvieron-al-presunto-autor-del-homicidio-de-una-mujer-en-concaran\/\" \/>\n<meta property=\"og:site_name\" content=\"Apuntes de San Luis\" \/>\n<meta property=\"article:published_time\" content=\"2023-08-13T21:28:41+00:00\" \/>\n<meta property=\"og:image\" content=\"https:\/\/apuntesdesanluis.com\/wp-content\/uploads\/2023\/08\/CASA-DEL-FEMENICIDIO.png\" \/>\n\t<meta property=\"og:image:width\" content=\"600\" \/>\n\t<meta property=\"og:image:height\" content=\"347\" \/>\n\t<meta property=\"og:image:type\" content=\"image\/png\" \/>\n<meta name=\"author\" content=\"apuntesdesanluis.com\" \/>\n<meta name=\"twitter:card\" content=\"summary_large_image\" \/>\n<meta name=\"twitter:label1\" content=\"Escrito por\" \/>\n\t<meta name=\"twitter:data1\" content=\"apuntesdesanluis.com\" \/>\n\t<meta name=\"twitter:label2\" content=\"Tiempo de lectura\" \/>\n\t<meta name=\"twitter:data2\" content=\"2 minutos\" \/>\n<script type=\"application\/ld+json\" class=\"yoast-schema-graph\">{\"@context\":\"https:\/\/schema.org\",\"@graph\":[{\"@type\":\"Article\",\"@id\":\"https:\/\/apuntesdesanluis.com\/index.php\/2023\/08\/13\/detuvieron-al-presunto-autor-del-homicidio-de-una-mujer-en-concaran\/#article\",\"isPartOf\":{\"@id\":\"https:\/\/apuntesdesanluis.com\/index.php\/2023\/08\/13\/detuvieron-al-presunto-autor-del-homicidio-de-una-mujer-en-concaran\/\"},\"author\":{\"name\":\"apuntesdesanluis.com\",\"@id\":\"https:\/\/apuntesdesanluis.com\/#\/schema\/person\/b55151d52296fcce64d1a72538a70b90\"},\"headline\":\"DETUVIERON AL PRESUNTO AUTOR DEL HOMICIDIO DE UNA MUJER EN CONCAR\u00c1N\",\"datePublished\":\"2023-08-13T21:28:41+00:00\",\"mainEntityOfPage\":{\"@id\":\"https:\/\/apuntesdesanluis.com\/index.php\/2023\/08\/13\/detuvieron-al-presunto-autor-del-homicidio-de-una-mujer-en-concaran\/\"},\"wordCount\":424,\"publisher\":{\"@id\":\"https:\/\/apuntesdesanluis.com\/#\/schema\/person\/b55151d52296fcce64d1a72538a70b90\"},\"image\":{\"@id\":\"https:\/\/apuntesdesanluis.com\/index.php\/2023\/08\/13\/detuvieron-al-presunto-autor-del-homicidio-de-una-mujer-en-concaran\/#primaryimage\"},\"thumbnailUrl\":\"https:\/\/apuntesdesanluis.com\/wp-content\/uploads\/2023\/08\/CASA-DEL-FEMENICIDIO.png\",\"articleSection\":[\"Ciudad\/Provincia\"],\"inLanguage\":\"es-AR\"},{\"@type\":\"WebPage\",\"@id\":\"https:\/\/apuntesdesanluis.com\/index.php\/2023\/08\/13\/detuvieron-al-presunto-autor-del-homicidio-de-una-mujer-en-concaran\/\",\"url\":\"https:\/\/apuntesdesanluis.com\/index.php\/2023\/08\/13\/detuvieron-al-presunto-autor-del-homicidio-de-una-mujer-en-concaran\/\",\"name\":\"DETUVIERON AL PRESUNTO AUTOR DEL HOMICIDIO DE UNA MUJER EN CONCAR\u00c1N - Apuntes de San Luis\",\"isPartOf\":{\"@id\":\"https:\/\/apuntesdesanluis.com\/#website\"},\"primaryImageOfPage\":{\"@id\":\"https:\/\/apuntesdesanluis.com\/index.php\/2023\/08\/13\/detuvieron-al-presunto-autor-del-homicidio-de-una-mujer-en-concaran\/#primaryimage\"},\"image\":{\"@id\":\"https:\/\/apuntesdesanluis.com\/index.php\/2023\/08\/13\/detuvieron-al-presunto-autor-del-homicidio-de-una-mujer-en-concaran\/#primaryimage\"},\"thumbnailUrl\":\"https:\/\/apuntesdesanluis.com\/wp-content\/uploads\/2023\/08\/CASA-DEL-FEMENICIDIO.png\",\"datePublished\":\"2023-08-13T21:28:41+00:00\",\"breadcrumb\":{\"@id\":\"https:\/\/apuntesdesanluis.com\/index.php\/2023\/08\/13\/detuvieron-al-presunto-autor-del-homicidio-de-una-mujer-en-concaran\/#breadcrumb\"},\"inLanguage\":\"es-AR\",\"potentialAction\":[{\"@type\":\"ReadAction\",\"target\":[\"https:\/\/apuntesdesanluis.com\/index.php\/2023\/08\/13\/detuvieron-al-presunto-autor-del-homicidio-de-una-mujer-en-concaran\/\"]}]},{\"@type\":\"ImageObject\",\"inLanguage\":\"es-AR\",\"@id\":\"https:\/\/apuntesdesanluis.com\/index.php\/2023\/08\/13\/detuvieron-al-presunto-autor-del-homicidio-de-una-mujer-en-concaran\/#primaryimage\",\"url\":\"https:\/\/apuntesdesanluis.com\/wp-content\/uploads\/2023\/08\/CASA-DEL-FEMENICIDIO.png\",\"contentUrl\":\"https:\/\/apuntesdesanluis.com\/wp-content\/uploads\/2023\/08\/CASA-DEL-FEMENICIDIO.png\",\"width\":600,\"height\":347},{\"@type\":\"BreadcrumbList\",\"@id\":\"https:\/\/apuntesdesanluis.com\/index.php\/2023\/08\/13\/detuvieron-al-presunto-autor-del-homicidio-de-una-mujer-en-concaran\/#breadcrumb\",\"itemListElement\":[{\"@type\":\"ListItem\",\"position\":1,\"name\":\"Inicio\",\"item\":\"https:\/\/apuntesdesanluis.com\/\"},{\"@type\":\"ListItem\",\"position\":2,\"name\":\"DETUVIERON AL PRESUNTO AUTOR DEL HOMICIDIO DE UNA MUJER EN CONCAR\u00c1N\"}]},{\"@type\":\"WebSite\",\"@id\":\"https:\/\/apuntesdesanluis.com\/#website\",\"url\":\"https:\/\/apuntesdesanluis.com\/\",\"name\":\"Apuntes de San Luis\",\"description\":\"\",\"publisher\":{\"@id\":\"https:\/\/apuntesdesanluis.com\/#\/schema\/person\/b55151d52296fcce64d1a72538a70b90\"},\"potentialAction\":[{\"@type\":\"SearchAction\",\"target\":{\"@type\":\"EntryPoint\",\"urlTemplate\":\"https:\/\/apuntesdesanluis.com\/?s={search_term_string}\"},\"query-input\":{\"@type\":\"PropertyValueSpecification\",\"valueRequired\":true,\"valueName\":\"search_term_string\"}}],\"inLanguage\":\"es-AR\"},{\"@type\":[\"Person\",\"Organization\"],\"@id\":\"https:\/\/apuntesdesanluis.com\/#\/schema\/person\/b55151d52296fcce64d1a72538a70b90\",\"name\":\"apuntesdesanluis.com\",\"image\":{\"@type\":\"ImageObject\",\"inLanguage\":\"es-AR\",\"@id\":\"https:\/\/apuntesdesanluis.com\/#\/schema\/person\/image\/\",\"url\":\"https:\/\/apuntesdesanluis.com\/wp-content\/uploads\/2023\/07\/cropped-apuntesdesanluis.png\",\"contentUrl\":\"https:\/\/apuntesdesanluis.com\/wp-content\/uploads\/2023\/07\/cropped-apuntesdesanluis.png\",\"width\":450,\"height\":112,\"caption\":\"apuntesdesanluis.com\"},\"logo\":{\"@id\":\"https:\/\/apuntesdesanluis.com\/#\/schema\/person\/image\/\"},\"sameAs\":[\"https:\/\/apuntesdesanluis.com\"],\"url\":\"https:\/\/apuntesdesanluis.com\/index.php\/author\/apuntesdesanluis-com\/\"}]}<\/script>\n<!-- \/ Yoast SEO plugin. -->","yoast_head_json":{"title":"DETUVIERON AL PRESUNTO AUTOR DEL HOMICIDIO DE UNA MUJER EN CONCAR\u00c1N - Apuntes de San Luis","robots":{"index":"index","follow":"follow","max-snippet":"max-snippet:-1","max-image-preview":"max-image-preview:large","max-video-preview":"max-video-preview:-1"},"canonical":"https:\/\/apuntesdesanluis.com\/index.php\/2023\/08\/13\/detuvieron-al-presunto-autor-del-homicidio-de-una-mujer-en-concaran\/","og_locale":"es_ES","og_type":"article","og_title":"DETUVIERON AL PRESUNTO AUTOR DEL HOMICIDIO DE UNA MUJER EN CONCAR\u00c1N - Apuntes de San Luis","og_description":"Se trata de R.V.P., pareja de la v\u00edctima, quien est\u00e1 sospechado como autor del delito...","og_url":"https:\/\/apuntesdesanluis.com\/index.php\/2023\/08\/13\/detuvieron-al-presunto-autor-del-homicidio-de-una-mujer-en-concaran\/","og_site_name":"Apuntes de San Luis","article_published_time":"2023-08-13T21:28:41+00:00","og_image":[{"width":600,"height":347,"url":"https:\/\/apuntesdesanluis.com\/wp-content\/uploads\/2023\/08\/CASA-DEL-FEMENICIDIO.png","type":"image\/png"}],"author":"apuntesdesanluis.com","twitter_card":"summary_large_image","twitter_misc":{"Escrito por":"apuntesdesanluis.com","Tiempo de lectura":"2 minutos"},"schema":{"@context":"https:\/\/schema.org","@graph":[{"@type":"Article","@id":"https:\/\/apuntesdesanluis.com\/index.php\/2023\/08\/13\/detuvieron-al-presunto-autor-del-homicidio-de-una-mujer-en-concaran\/#article","isPartOf":{"@id":"https:\/\/apuntesdesanluis.com\/index.php\/2023\/08\/13\/detuvieron-al-presunto-autor-del-homicidio-de-una-mujer-en-concaran\/"},"author":{"name":"apuntesdesanluis.com","@id":"https:\/\/apuntesdesanluis.com\/#\/schema\/person\/b55151d52296fcce64d1a72538a70b90"},"headline":"DETUVIERON AL PRESUNTO AUTOR DEL HOMICIDIO DE UNA MUJER EN CONCAR\u00c1N","datePublished":"2023-08-13T21:28:41+00:00","mainEntityOfPage":{"@id":"https:\/\/apuntesdesanluis.com\/index.php\/2023\/08\/13\/detuvieron-al-presunto-autor-del-homicidio-de-una-mujer-en-concaran\/"},"wordCount":424,"publisher":{"@id":"https:\/\/apuntesdesanluis.com\/#\/schema\/person\/b55151d52296fcce64d1a72538a70b90"},"image":{"@id":"https:\/\/apuntesdesanluis.com\/index.php\/2023\/08\/13\/detuvieron-al-presunto-autor-del-homicidio-de-una-mujer-en-concaran\/#primaryimage"},"thumbnailUrl":"https:\/\/apuntesdesanluis.com\/wp-content\/uploads\/2023\/08\/CASA-DEL-FEMENICIDIO.png","articleSection":["Ciudad\/Provincia"],"inLanguage":"es-AR"},{"@type":"WebPage","@id":"https:\/\/apuntesdesanluis.com\/index.php\/2023\/08\/13\/detuvieron-al-presunto-autor-del-homicidio-de-una-mujer-en-concaran\/","url":"https:\/\/apuntesdesanluis.com\/index.php\/2023\/08\/13\/detuvieron-al-presunto-autor-del-homicidio-de-una-mujer-en-concaran\/","name":"DETUVIERON AL PRESUNTO AUTOR DEL HOMICIDIO DE UNA MUJER EN CONCAR\u00c1N - Apuntes de San Luis","isPartOf":{"@id":"https:\/\/apuntesdesanluis.com\/#website"},"primaryImageOfPage":{"@id":"https:\/\/apuntesdesanluis.com\/index.php\/2023\/08\/13\/detuvieron-al-presunto-autor-del-homicidio-de-una-mujer-en-concaran\/#primaryimage"},"image":{"@id":"https:\/\/apuntesdesanluis.com\/index.php\/2023\/08\/13\/detuvieron-al-presunto-autor-del-homicidio-de-una-mujer-en-concaran\/#primaryimage"},"thumbnailUrl":"https:\/\/apuntesdesanluis.com\/wp-content\/uploads\/2023\/08\/CASA-DEL-FEMENICIDIO.png","datePublished":"2023-08-13T21:28:41+00:00","breadcrumb":{"@id":"https:\/\/apuntesdesanluis.com\/index.php\/2023\/08\/13\/detuvieron-al-presunto-autor-del-homicidio-de-una-mujer-en-concaran\/#breadcrumb"},"inLanguage":"es-AR","potentialAction":[{"@type":"ReadAction","target":["https:\/\/apuntesdesanluis.com\/index.php\/2023\/08\/13\/detuvieron-al-presunto-autor-del-homicidio-de-una-mujer-en-concaran\/"]}]},{"@type":"ImageObject","inLanguage":"es-AR","@id":"https:\/\/apuntesdesanluis.com\/index.php\/2023\/08\/13\/detuvieron-al-presunto-autor-del-homicidio-de-una-mujer-en-concaran\/#primaryimage","url":"https:\/\/apuntesdesanluis.com\/wp-content\/uploads\/2023\/08\/CASA-DEL-FEMENICIDIO.png","contentUrl":"https:\/\/apuntesdesanluis.com\/wp-content\/uploads\/2023\/08\/CASA-DEL-FEMENICIDIO.png","width":600,"height":347},{"@type":"BreadcrumbList","@id":"https:\/\/apuntesdesanluis.com\/index.php\/2023\/08\/13\/detuvieron-al-presunto-autor-del-homicidio-de-una-mujer-en-concaran\/#breadcrumb","itemListElement":[{"@type":"ListItem","position":1,"name":"Inicio","item":"https:\/\/apuntesdesanluis.com\/"},{"@type":"ListItem","position":2,"name":"DETUVIERON AL PRESUNTO AUTOR DEL HOMICIDIO DE UNA MUJER EN CONCAR\u00c1N"}]},{"@type":"WebSite","@id":"https:\/\/apuntesdesanluis.com\/#website","url":"https:\/\/apuntesdesanluis.com\/","name":"Apuntes de San Luis","description":"","publisher":{"@id":"https:\/\/apuntesdesanluis.com\/#\/schema\/person\/b55151d52296fcce64d1a72538a70b90"},"potentialAction":[{"@type":"SearchAction","target":{"@type":"EntryPoint","urlTemplate":"https:\/\/apuntesdesanluis.com\/?s={search_term_string}"},"query-input":{"@type":"PropertyValueSpecification","valueRequired":true,"valueName":"search_term_string"}}],"inLanguage":"es-AR"},{"@type":["Person","Organization"],"@id":"https:\/\/apuntesdesanluis.com\/#\/schema\/person\/b55151d52296fcce64d1a72538a70b90","name":"apuntesdesanluis.com","image":{"@type":"ImageObject","inLanguage":"es-AR","@id":"https:\/\/apuntesdesanluis.com\/#\/schema\/person\/image\/","url":"https:\/\/apuntesdesanluis.com\/wp-content\/uploads\/2023\/07\/cropped-apuntesdesanluis.png","contentUrl":"https:\/\/apuntesdesanluis.com\/wp-content\/uploads\/2023\/07\/cropped-apuntesdesanluis.png","width":450,"height":112,"caption":"apuntesdesanluis.com"},"logo":{"@id":"https:\/\/apuntesdesanluis.com\/#\/schema\/person\/image\/"},"sameAs":["https:\/\/apuntesdesanluis.com"],"url":"https:\/\/apuntesdesanluis.com\/index.php\/author\/apuntesdesanluis-com\/"}]}},"featured_image_urls":{"full":["https:\/\/apuntesdesanluis.com\/wp-content\/uploads\/2023\/08\/CASA-DEL-FEMENICIDIO.png",600,347,false],"thumbnail":["https:\/\/apuntesdesanluis.com\/wp-content\/uploads\/2023\/08\/CASA-DEL-FEMENICIDIO-150x150.png",150,150,true],"medium":["https:\/\/apuntesdesanluis.com\/wp-content\/uploads\/2023\/08\/CASA-DEL-FEMENICIDIO-300x174.png",300,174,true],"medium_large":["https:\/\/apuntesdesanluis.com\/wp-content\/uploads\/2023\/08\/CASA-DEL-FEMENICIDIO.png",600,347,false],"large":["https:\/\/apuntesdesanluis.com\/wp-content\/uploads\/2023\/08\/CASA-DEL-FEMENICIDIO.png",600,347,false],"1536x1536":["https:\/\/apuntesdesanluis.com\/wp-content\/uploads\/2023\/08\/CASA-DEL-FEMENICIDIO.png",600,347,false],"2048x2048":["https:\/\/apuntesdesanluis.com\/wp-content\/uploads\/2023\/08\/CASA-DEL-FEMENICIDIO.png",600,347,false],"newsever-slider-full":["https:\/\/apuntesdesanluis.com\/wp-content\/uploads\/2023\/08\/CASA-DEL-FEMENICIDIO.png",600,347,false],"newsever-featured":["https:\/\/apuntesdesanluis.com\/wp-content\/uploads\/2023\/08\/CASA-DEL-FEMENICIDIO.png",600,347,false],"newsever-medium":["https:\/\/apuntesdesanluis.com\/wp-content\/uploads\/2023\/08\/CASA-DEL-FEMENICIDIO.png",600,347,false]},"author_info":{"display_name":"apuntesdesanluis.com","author_link":"https:\/\/apuntesdesanluis.com\/index.php\/author\/apuntesdesanluis-com\/"},"category_info":"<a href=\"https:\/\/apuntesdesanluis.com\/index.php\/category\/ciudad-provincia\/\" rel=\"category tag\">Ciudad\/Provincia<\/a>","tag_info":"Ciudad\/Provincia","comment_count":"0","_links":{"self":[{"href":"https:\/\/apuntesdesanluis.com\/index.php\/wp-json\/wp\/v2\/posts\/1510","targetHints":{"allow":["GET"]}}],"collection":[{"href":"https:\/\/apuntesdesanluis.com\/index.php\/wp-json\/wp\/v2\/posts"}],"about":[{"href":"https:\/\/apuntesdesanluis.com\/index.php\/wp-json\/wp\/v2\/types\/post"}],"author":[{"embeddable":true,"href":"https:\/\/apuntesdesanluis.com\/index.php\/wp-json\/wp\/v2\/users\/1"}],"replies":[{"embeddable":true,"href":"https:\/\/apuntesdesanluis.com\/index.php\/wp-json\/wp\/v2\/comments?post=1510"}],"version-history":[{"count":1,"href":"https:\/\/apuntesdesanluis.com\/index.php\/wp-json\/wp\/v2\/posts\/1510\/revisions"}],"predecessor-version":[{"id":1513,"href":"https:\/\/apuntesdesanluis.com\/index.php\/wp-json\/wp\/v2\/posts\/1510\/revisions\/1513"}],"wp:featuredmedia":[{"embeddable":true,"href":"https:\/\/apuntesdesanluis.com\/index.php\/wp-json\/wp\/v2\/media\/1511"}],"wp:attachment":[{"href":"https:\/\/apuntesdesanluis.com\/index.php\/wp-json\/wp\/v2\/media?parent=1510"}],"wp:term":[{"taxonomy":"category","embeddable":true,"href":"https:\/\/apuntesdesanluis.com\/index.php\/wp-json\/wp\/v2\/categories?post=1510"},{"taxonomy":"post_tag","embeddable":true,"href":"https:\/\/apuntesdesanluis.com\/index.php\/wp-json\/wp\/v2\/tags?post=1510"}],"curies":[{"name":"wp","href":"https:\/\/api.w.org\/{rel}","templated":true}]}}