{"id":15103,"date":"2024-04-23T20:52:15","date_gmt":"2024-04-23T23:52:15","guid":{"rendered":"https:\/\/apuntesdesanluis.com\/?p=15103"},"modified":"2024-04-23T20:52:15","modified_gmt":"2024-04-23T23:52:15","slug":"todo-un-absurdo-la-justicia-le-pidio-al-gobierno-que-explique-por-que-se-demando-a-si-mismo-por-las-prepagas","status":"publish","type":"post","link":"https:\/\/apuntesdesanluis.com\/index.php\/2024\/04\/23\/todo-un-absurdo-la-justicia-le-pidio-al-gobierno-que-explique-por-que-se-demando-a-si-mismo-por-las-prepagas\/","title":{"rendered":"TODO UN ABSURDO: LA JUSTICIA LE PIDI\u00d3 AL GOBIERNO QUE EXPLIQUE POR QU\u00c9 SE DEMAND\u00d3 A S\u00cd MISMO POR LAS PREPAGAS"},"content":{"rendered":"<h3>Una jueza le pidi\u00f3 al Gobierno que explique por qu\u00e9 present\u00f3 un amparo contra el aumento indiscriminado de las empresas de medicina prepaga que fue autorizado por un DNU a\u00fan vigente emitido por el propio gobierno.<\/h3>\n<h3>M\u00e1s a\u00fan, el pedido busca establecer si la resoluci\u00f3n que dispuso retrotraer los precios de las prepagas a diciembre de 2023 neutraliza los efectos del amparo presentado.<\/h3>\n<h3>La jueza en lo civil y comercial federal Mercedes Maquieira curs\u00f3 el pedido al gobierno como una \u201caclaratoria\u201d sobre los t\u00e9rminos del amparo y la resoluci\u00f3n emitida por la Secretar\u00eda de Industria y Comercio en torno a las tarifas de las empresas.<\/h3>\n<h3>Lo hizo en el marco de una acci\u00f3n judicial de la Superintendencia de Servicios de Salud, presentada el mismo d\u00eda en que el gobierno resolvi\u00f3 ordenar que lo que cobran las empresas se retrotraiga a valores de diciembre de 2023.<\/h3>\n<h3>En los hechos, el gobierno le pide al Poder Judicial que le ordene a las prepagas que retrotraigan el aumento de tarifas que, por una parte, fue autorizado por el DNU 70\/23 y, por la otra, ya fue neutralizado mediante una resoluci\u00f3n de un organismo que depende del propio gobierno.<\/h3>\n<h3>En efecto, la Secretar\u00eda de Industria y Comercio, que depende del Ministerio de Econom\u00eda, emiti\u00f3 la semana pasada una medida que impuso a las empresas de medicinas prepaga fijar los precios a valores de diciembre pasado y calcular los incrementos sobre la base de la inflaci\u00f3n calculada por el INDEC.<\/h3>\n<h3>El pedido de aclaraci\u00f3n formulado por la jueza es previo a que resuelva si acepta la competencia o la declina para que intervenga el fuero en lo Contencioso Administrativo Federal.<\/h3>\n<p>&nbsp;<\/p>\n<p>&nbsp;<\/p>\n<p>&nbsp;<\/p>\n","protected":false},"excerpt":{"rendered":"<p>Una jueza le pidi\u00f3 al Gobierno que explique por qu\u00e9 present\u00f3 un amparo contra el&#8230;<\/p>\n","protected":false},"author":1,"featured_media":13139,"comment_status":"closed","ping_status":"closed","sticky":false,"template":"","format":"standard","meta":{"footnotes":""},"categories":[5],"tags":[],"class_list":["post-15103","post","type-post","status-publish","format-standard","has-post-thumbnail","hentry","category-nacionales-internacionales"],"yoast_head":"<!-- This site is optimized with the Yoast SEO plugin v26.1.1 - https:\/\/yoast.com\/wordpress\/plugins\/seo\/ -->\n<title>TODO UN ABSURDO: LA JUSTICIA LE PIDI\u00d3 AL GOBIERNO QUE EXPLIQUE POR QU\u00c9 SE DEMAND\u00d3 A S\u00cd MISMO POR LAS PREPAGAS - Apuntes de San Luis<\/title>\n<meta name=\"robots\" content=\"index, follow, max-snippet:-1, max-image-preview:large, max-video-preview:-1\" \/>\n<link rel=\"canonical\" href=\"https:\/\/apuntesdesanluis.com\/index.php\/2024\/04\/23\/todo-un-absurdo-la-justicia-le-pidio-al-gobierno-que-explique-por-que-se-demando-a-si-mismo-por-las-prepagas\/\" \/>\n<meta property=\"og:locale\" content=\"es_ES\" \/>\n<meta property=\"og:type\" content=\"article\" \/>\n<meta property=\"og:title\" content=\"TODO UN ABSURDO: LA JUSTICIA LE PIDI\u00d3 AL GOBIERNO QUE EXPLIQUE POR QU\u00c9 SE DEMAND\u00d3 A S\u00cd MISMO POR LAS PREPAGAS - Apuntes de San Luis\" \/>\n<meta property=\"og:description\" content=\"Una jueza le pidi\u00f3 al Gobierno que explique por qu\u00e9 present\u00f3 un amparo contra el...\" \/>\n<meta property=\"og:url\" content=\"https:\/\/apuntesdesanluis.com\/index.php\/2024\/04\/23\/todo-un-absurdo-la-justicia-le-pidio-al-gobierno-que-explique-por-que-se-demando-a-si-mismo-por-las-prepagas\/\" \/>\n<meta property=\"og:site_name\" content=\"Apuntes de San Luis\" \/>\n<meta property=\"article:published_time\" content=\"2024-04-23T23:52:15+00:00\" \/>\n<meta property=\"og:image\" content=\"https:\/\/apuntesdesanluis.com\/wp-content\/uploads\/2024\/03\/PLATA-OBRAS-SOCIALES.png\" \/>\n\t<meta property=\"og:image:width\" content=\"631\" \/>\n\t<meta property=\"og:image:height\" content=\"402\" \/>\n\t<meta property=\"og:image:type\" content=\"image\/png\" \/>\n<meta name=\"author\" content=\"apuntesdesanluis.com\" \/>\n<meta name=\"twitter:card\" content=\"summary_large_image\" \/>\n<meta name=\"twitter:label1\" content=\"Escrito por\" \/>\n\t<meta name=\"twitter:data1\" content=\"apuntesdesanluis.com\" \/>\n\t<meta name=\"twitter:label2\" content=\"Tiempo de lectura\" \/>\n\t<meta name=\"twitter:data2\" content=\"2 minutos\" \/>\n<script type=\"application\/ld+json\" class=\"yoast-schema-graph\">{\"@context\":\"https:\/\/schema.org\",\"@graph\":[{\"@type\":\"Article\",\"@id\":\"https:\/\/apuntesdesanluis.com\/index.php\/2024\/04\/23\/todo-un-absurdo-la-justicia-le-pidio-al-gobierno-que-explique-por-que-se-demando-a-si-mismo-por-las-prepagas\/#article\",\"isPartOf\":{\"@id\":\"https:\/\/apuntesdesanluis.com\/index.php\/2024\/04\/23\/todo-un-absurdo-la-justicia-le-pidio-al-gobierno-que-explique-por-que-se-demando-a-si-mismo-por-las-prepagas\/\"},\"author\":{\"name\":\"apuntesdesanluis.com\",\"@id\":\"https:\/\/apuntesdesanluis.com\/#\/schema\/person\/b55151d52296fcce64d1a72538a70b90\"},\"headline\":\"TODO UN ABSURDO: LA JUSTICIA LE PIDI\u00d3 AL GOBIERNO QUE EXPLIQUE POR QU\u00c9 SE DEMAND\u00d3 A S\u00cd MISMO POR LAS PREPAGAS\",\"datePublished\":\"2024-04-23T23:52:15+00:00\",\"mainEntityOfPage\":{\"@id\":\"https:\/\/apuntesdesanluis.com\/index.php\/2024\/04\/23\/todo-un-absurdo-la-justicia-le-pidio-al-gobierno-que-explique-por-que-se-demando-a-si-mismo-por-las-prepagas\/\"},\"wordCount\":310,\"publisher\":{\"@id\":\"https:\/\/apuntesdesanluis.com\/#\/schema\/person\/b55151d52296fcce64d1a72538a70b90\"},\"image\":{\"@id\":\"https:\/\/apuntesdesanluis.com\/index.php\/2024\/04\/23\/todo-un-absurdo-la-justicia-le-pidio-al-gobierno-que-explique-por-que-se-demando-a-si-mismo-por-las-prepagas\/#primaryimage\"},\"thumbnailUrl\":\"https:\/\/apuntesdesanluis.com\/wp-content\/uploads\/2024\/03\/PLATA-OBRAS-SOCIALES.png\",\"articleSection\":[\"Nacionales\/Internacionales\"],\"inLanguage\":\"es-AR\"},{\"@type\":\"WebPage\",\"@id\":\"https:\/\/apuntesdesanluis.com\/index.php\/2024\/04\/23\/todo-un-absurdo-la-justicia-le-pidio-al-gobierno-que-explique-por-que-se-demando-a-si-mismo-por-las-prepagas\/\",\"url\":\"https:\/\/apuntesdesanluis.com\/index.php\/2024\/04\/23\/todo-un-absurdo-la-justicia-le-pidio-al-gobierno-que-explique-por-que-se-demando-a-si-mismo-por-las-prepagas\/\",\"name\":\"TODO UN ABSURDO: LA JUSTICIA LE PIDI\u00d3 AL GOBIERNO QUE EXPLIQUE POR QU\u00c9 SE DEMAND\u00d3 A S\u00cd MISMO POR LAS PREPAGAS - Apuntes de San Luis\",\"isPartOf\":{\"@id\":\"https:\/\/apuntesdesanluis.com\/#website\"},\"primaryImageOfPage\":{\"@id\":\"https:\/\/apuntesdesanluis.com\/index.php\/2024\/04\/23\/todo-un-absurdo-la-justicia-le-pidio-al-gobierno-que-explique-por-que-se-demando-a-si-mismo-por-las-prepagas\/#primaryimage\"},\"image\":{\"@id\":\"https:\/\/apuntesdesanluis.com\/index.php\/2024\/04\/23\/todo-un-absurdo-la-justicia-le-pidio-al-gobierno-que-explique-por-que-se-demando-a-si-mismo-por-las-prepagas\/#primaryimage\"},\"thumbnailUrl\":\"https:\/\/apuntesdesanluis.com\/wp-content\/uploads\/2024\/03\/PLATA-OBRAS-SOCIALES.png\",\"datePublished\":\"2024-04-23T23:52:15+00:00\",\"breadcrumb\":{\"@id\":\"https:\/\/apuntesdesanluis.com\/index.php\/2024\/04\/23\/todo-un-absurdo-la-justicia-le-pidio-al-gobierno-que-explique-por-que-se-demando-a-si-mismo-por-las-prepagas\/#breadcrumb\"},\"inLanguage\":\"es-AR\",\"potentialAction\":[{\"@type\":\"ReadAction\",\"target\":[\"https:\/\/apuntesdesanluis.com\/index.php\/2024\/04\/23\/todo-un-absurdo-la-justicia-le-pidio-al-gobierno-que-explique-por-que-se-demando-a-si-mismo-por-las-prepagas\/\"]}]},{\"@type\":\"ImageObject\",\"inLanguage\":\"es-AR\",\"@id\":\"https:\/\/apuntesdesanluis.com\/index.php\/2024\/04\/23\/todo-un-absurdo-la-justicia-le-pidio-al-gobierno-que-explique-por-que-se-demando-a-si-mismo-por-las-prepagas\/#primaryimage\",\"url\":\"https:\/\/apuntesdesanluis.com\/wp-content\/uploads\/2024\/03\/PLATA-OBRAS-SOCIALES.png\",\"contentUrl\":\"https:\/\/apuntesdesanluis.com\/wp-content\/uploads\/2024\/03\/PLATA-OBRAS-SOCIALES.png\",\"width\":631,\"height\":402},{\"@type\":\"BreadcrumbList\",\"@id\":\"https:\/\/apuntesdesanluis.com\/index.php\/2024\/04\/23\/todo-un-absurdo-la-justicia-le-pidio-al-gobierno-que-explique-por-que-se-demando-a-si-mismo-por-las-prepagas\/#breadcrumb\",\"itemListElement\":[{\"@type\":\"ListItem\",\"position\":1,\"name\":\"Inicio\",\"item\":\"https:\/\/apuntesdesanluis.com\/\"},{\"@type\":\"ListItem\",\"position\":2,\"name\":\"TODO UN ABSURDO: LA JUSTICIA LE PIDI\u00d3 AL GOBIERNO QUE EXPLIQUE POR QU\u00c9 SE DEMAND\u00d3 A S\u00cd MISMO POR LAS PREPAGAS\"}]},{\"@type\":\"WebSite\",\"@id\":\"https:\/\/apuntesdesanluis.com\/#website\",\"url\":\"https:\/\/apuntesdesanluis.com\/\",\"name\":\"Apuntes de San Luis\",\"description\":\"\",\"publisher\":{\"@id\":\"https:\/\/apuntesdesanluis.com\/#\/schema\/person\/b55151d52296fcce64d1a72538a70b90\"},\"potentialAction\":[{\"@type\":\"SearchAction\",\"target\":{\"@type\":\"EntryPoint\",\"urlTemplate\":\"https:\/\/apuntesdesanluis.com\/?s={search_term_string}\"},\"query-input\":{\"@type\":\"PropertyValueSpecification\",\"valueRequired\":true,\"valueName\":\"search_term_string\"}}],\"inLanguage\":\"es-AR\"},{\"@type\":[\"Person\",\"Organization\"],\"@id\":\"https:\/\/apuntesdesanluis.com\/#\/schema\/person\/b55151d52296fcce64d1a72538a70b90\",\"name\":\"apuntesdesanluis.com\",\"image\":{\"@type\":\"ImageObject\",\"inLanguage\":\"es-AR\",\"@id\":\"https:\/\/apuntesdesanluis.com\/#\/schema\/person\/image\/\",\"url\":\"https:\/\/apuntesdesanluis.com\/wp-content\/uploads\/2023\/07\/cropped-apuntesdesanluis.png\",\"contentUrl\":\"https:\/\/apuntesdesanluis.com\/wp-content\/uploads\/2023\/07\/cropped-apuntesdesanluis.png\",\"width\":450,\"height\":112,\"caption\":\"apuntesdesanluis.com\"},\"logo\":{\"@id\":\"https:\/\/apuntesdesanluis.com\/#\/schema\/person\/image\/\"},\"sameAs\":[\"https:\/\/apuntesdesanluis.com\"],\"url\":\"https:\/\/apuntesdesanluis.com\/index.php\/author\/apuntesdesanluis-com\/\"}]}<\/script>\n<!-- \/ Yoast SEO plugin. -->","yoast_head_json":{"title":"TODO UN ABSURDO: LA JUSTICIA LE PIDI\u00d3 AL GOBIERNO QUE EXPLIQUE POR QU\u00c9 SE DEMAND\u00d3 A S\u00cd MISMO POR LAS PREPAGAS - Apuntes de San Luis","robots":{"index":"index","follow":"follow","max-snippet":"max-snippet:-1","max-image-preview":"max-image-preview:large","max-video-preview":"max-video-preview:-1"},"canonical":"https:\/\/apuntesdesanluis.com\/index.php\/2024\/04\/23\/todo-un-absurdo-la-justicia-le-pidio-al-gobierno-que-explique-por-que-se-demando-a-si-mismo-por-las-prepagas\/","og_locale":"es_ES","og_type":"article","og_title":"TODO UN ABSURDO: LA JUSTICIA LE PIDI\u00d3 AL GOBIERNO QUE EXPLIQUE POR QU\u00c9 SE DEMAND\u00d3 A S\u00cd MISMO POR LAS PREPAGAS - Apuntes de San Luis","og_description":"Una jueza le pidi\u00f3 al Gobierno que explique por qu\u00e9 present\u00f3 un amparo contra el...","og_url":"https:\/\/apuntesdesanluis.com\/index.php\/2024\/04\/23\/todo-un-absurdo-la-justicia-le-pidio-al-gobierno-que-explique-por-que-se-demando-a-si-mismo-por-las-prepagas\/","og_site_name":"Apuntes de San Luis","article_published_time":"2024-04-23T23:52:15+00:00","og_image":[{"width":631,"height":402,"url":"https:\/\/apuntesdesanluis.com\/wp-content\/uploads\/2024\/03\/PLATA-OBRAS-SOCIALES.png","type":"image\/png"}],"author":"apuntesdesanluis.com","twitter_card":"summary_large_image","twitter_misc":{"Escrito por":"apuntesdesanluis.com","Tiempo de lectura":"2 minutos"},"schema":{"@context":"https:\/\/schema.org","@graph":[{"@type":"Article","@id":"https:\/\/apuntesdesanluis.com\/index.php\/2024\/04\/23\/todo-un-absurdo-la-justicia-le-pidio-al-gobierno-que-explique-por-que-se-demando-a-si-mismo-por-las-prepagas\/#article","isPartOf":{"@id":"https:\/\/apuntesdesanluis.com\/index.php\/2024\/04\/23\/todo-un-absurdo-la-justicia-le-pidio-al-gobierno-que-explique-por-que-se-demando-a-si-mismo-por-las-prepagas\/"},"author":{"name":"apuntesdesanluis.com","@id":"https:\/\/apuntesdesanluis.com\/#\/schema\/person\/b55151d52296fcce64d1a72538a70b90"},"headline":"TODO UN ABSURDO: LA JUSTICIA LE PIDI\u00d3 AL GOBIERNO QUE EXPLIQUE POR QU\u00c9 SE DEMAND\u00d3 A S\u00cd MISMO POR LAS PREPAGAS","datePublished":"2024-04-23T23:52:15+00:00","mainEntityOfPage":{"@id":"https:\/\/apuntesdesanluis.com\/index.php\/2024\/04\/23\/todo-un-absurdo-la-justicia-le-pidio-al-gobierno-que-explique-por-que-se-demando-a-si-mismo-por-las-prepagas\/"},"wordCount":310,"publisher":{"@id":"https:\/\/apuntesdesanluis.com\/#\/schema\/person\/b55151d52296fcce64d1a72538a70b90"},"image":{"@id":"https:\/\/apuntesdesanluis.com\/index.php\/2024\/04\/23\/todo-un-absurdo-la-justicia-le-pidio-al-gobierno-que-explique-por-que-se-demando-a-si-mismo-por-las-prepagas\/#primaryimage"},"thumbnailUrl":"https:\/\/apuntesdesanluis.com\/wp-content\/uploads\/2024\/03\/PLATA-OBRAS-SOCIALES.png","articleSection":["Nacionales\/Internacionales"],"inLanguage":"es-AR"},{"@type":"WebPage","@id":"https:\/\/apuntesdesanluis.com\/index.php\/2024\/04\/23\/todo-un-absurdo-la-justicia-le-pidio-al-gobierno-que-explique-por-que-se-demando-a-si-mismo-por-las-prepagas\/","url":"https:\/\/apuntesdesanluis.com\/index.php\/2024\/04\/23\/todo-un-absurdo-la-justicia-le-pidio-al-gobierno-que-explique-por-que-se-demando-a-si-mismo-por-las-prepagas\/","name":"TODO UN ABSURDO: LA JUSTICIA LE PIDI\u00d3 AL GOBIERNO QUE EXPLIQUE POR QU\u00c9 SE DEMAND\u00d3 A S\u00cd MISMO POR LAS PREPAGAS - Apuntes de San Luis","isPartOf":{"@id":"https:\/\/apuntesdesanluis.com\/#website"},"primaryImageOfPage":{"@id":"https:\/\/apuntesdesanluis.com\/index.php\/2024\/04\/23\/todo-un-absurdo-la-justicia-le-pidio-al-gobierno-que-explique-por-que-se-demando-a-si-mismo-por-las-prepagas\/#primaryimage"},"image":{"@id":"https:\/\/apuntesdesanluis.com\/index.php\/2024\/04\/23\/todo-un-absurdo-la-justicia-le-pidio-al-gobierno-que-explique-por-que-se-demando-a-si-mismo-por-las-prepagas\/#primaryimage"},"thumbnailUrl":"https:\/\/apuntesdesanluis.com\/wp-content\/uploads\/2024\/03\/PLATA-OBRAS-SOCIALES.png","datePublished":"2024-04-23T23:52:15+00:00","breadcrumb":{"@id":"https:\/\/apuntesdesanluis.com\/index.php\/2024\/04\/23\/todo-un-absurdo-la-justicia-le-pidio-al-gobierno-que-explique-por-que-se-demando-a-si-mismo-por-las-prepagas\/#breadcrumb"},"inLanguage":"es-AR","potentialAction":[{"@type":"ReadAction","target":["https:\/\/apuntesdesanluis.com\/index.php\/2024\/04\/23\/todo-un-absurdo-la-justicia-le-pidio-al-gobierno-que-explique-por-que-se-demando-a-si-mismo-por-las-prepagas\/"]}]},{"@type":"ImageObject","inLanguage":"es-AR","@id":"https:\/\/apuntesdesanluis.com\/index.php\/2024\/04\/23\/todo-un-absurdo-la-justicia-le-pidio-al-gobierno-que-explique-por-que-se-demando-a-si-mismo-por-las-prepagas\/#primaryimage","url":"https:\/\/apuntesdesanluis.com\/wp-content\/uploads\/2024\/03\/PLATA-OBRAS-SOCIALES.png","contentUrl":"https:\/\/apuntesdesanluis.com\/wp-content\/uploads\/2024\/03\/PLATA-OBRAS-SOCIALES.png","width":631,"height":402},{"@type":"BreadcrumbList","@id":"https:\/\/apuntesdesanluis.com\/index.php\/2024\/04\/23\/todo-un-absurdo-la-justicia-le-pidio-al-gobierno-que-explique-por-que-se-demando-a-si-mismo-por-las-prepagas\/#breadcrumb","itemListElement":[{"@type":"ListItem","position":1,"name":"Inicio","item":"https:\/\/apuntesdesanluis.com\/"},{"@type":"ListItem","position":2,"name":"TODO UN ABSURDO: LA JUSTICIA LE PIDI\u00d3 AL GOBIERNO QUE EXPLIQUE POR QU\u00c9 SE DEMAND\u00d3 A S\u00cd MISMO POR LAS PREPAGAS"}]},{"@type":"WebSite","@id":"https:\/\/apuntesdesanluis.com\/#website","url":"https:\/\/apuntesdesanluis.com\/","name":"Apuntes de San Luis","description":"","publisher":{"@id":"https:\/\/apuntesdesanluis.com\/#\/schema\/person\/b55151d52296fcce64d1a72538a70b90"},"potentialAction":[{"@type":"SearchAction","target":{"@type":"EntryPoint","urlTemplate":"https:\/\/apuntesdesanluis.com\/?s={search_term_string}"},"query-input":{"@type":"PropertyValueSpecification","valueRequired":true,"valueName":"search_term_string"}}],"inLanguage":"es-AR"},{"@type":["Person","Organization"],"@id":"https:\/\/apuntesdesanluis.com\/#\/schema\/person\/b55151d52296fcce64d1a72538a70b90","name":"apuntesdesanluis.com","image":{"@type":"ImageObject","inLanguage":"es-AR","@id":"https:\/\/apuntesdesanluis.com\/#\/schema\/person\/image\/","url":"https:\/\/apuntesdesanluis.com\/wp-content\/uploads\/2023\/07\/cropped-apuntesdesanluis.png","contentUrl":"https:\/\/apuntesdesanluis.com\/wp-content\/uploads\/2023\/07\/cropped-apuntesdesanluis.png","width":450,"height":112,"caption":"apuntesdesanluis.com"},"logo":{"@id":"https:\/\/apuntesdesanluis.com\/#\/schema\/person\/image\/"},"sameAs":["https:\/\/apuntesdesanluis.com"],"url":"https:\/\/apuntesdesanluis.com\/index.php\/author\/apuntesdesanluis-com\/"}]}},"featured_image_urls":{"full":["https:\/\/apuntesdesanluis.com\/wp-content\/uploads\/2024\/03\/PLATA-OBRAS-SOCIALES.png",631,402,false],"thumbnail":["https:\/\/apuntesdesanluis.com\/wp-content\/uploads\/2024\/03\/PLATA-OBRAS-SOCIALES-150x150.png",150,150,true],"medium":["https:\/\/apuntesdesanluis.com\/wp-content\/uploads\/2024\/03\/PLATA-OBRAS-SOCIALES-300x191.png",300,191,true],"medium_large":["https:\/\/apuntesdesanluis.com\/wp-content\/uploads\/2024\/03\/PLATA-OBRAS-SOCIALES.png",631,402,false],"large":["https:\/\/apuntesdesanluis.com\/wp-content\/uploads\/2024\/03\/PLATA-OBRAS-SOCIALES.png",631,402,false],"1536x1536":["https:\/\/apuntesdesanluis.com\/wp-content\/uploads\/2024\/03\/PLATA-OBRAS-SOCIALES.png",631,402,false],"2048x2048":["https:\/\/apuntesdesanluis.com\/wp-content\/uploads\/2024\/03\/PLATA-OBRAS-SOCIALES.png",631,402,false],"newsever-slider-full":["https:\/\/apuntesdesanluis.com\/wp-content\/uploads\/2024\/03\/PLATA-OBRAS-SOCIALES.png",631,402,false],"newsever-featured":["https:\/\/apuntesdesanluis.com\/wp-content\/uploads\/2024\/03\/PLATA-OBRAS-SOCIALES.png",631,402,false],"newsever-medium":["https:\/\/apuntesdesanluis.com\/wp-content\/uploads\/2024\/03\/PLATA-OBRAS-SOCIALES.png",631,402,false]},"author_info":{"display_name":"apuntesdesanluis.com","author_link":"https:\/\/apuntesdesanluis.com\/index.php\/author\/apuntesdesanluis-com\/"},"category_info":"<a href=\"https:\/\/apuntesdesanluis.com\/index.php\/category\/nacionales-internacionales\/\" rel=\"category tag\">Nacionales\/Internacionales<\/a>","tag_info":"Nacionales\/Internacionales","comment_count":"0","_links":{"self":[{"href":"https:\/\/apuntesdesanluis.com\/index.php\/wp-json\/wp\/v2\/posts\/15103","targetHints":{"allow":["GET"]}}],"collection":[{"href":"https:\/\/apuntesdesanluis.com\/index.php\/wp-json\/wp\/v2\/posts"}],"about":[{"href":"https:\/\/apuntesdesanluis.com\/index.php\/wp-json\/wp\/v2\/types\/post"}],"author":[{"embeddable":true,"href":"https:\/\/apuntesdesanluis.com\/index.php\/wp-json\/wp\/v2\/users\/1"}],"replies":[{"embeddable":true,"href":"https:\/\/apuntesdesanluis.com\/index.php\/wp-json\/wp\/v2\/comments?post=15103"}],"version-history":[{"count":1,"href":"https:\/\/apuntesdesanluis.com\/index.php\/wp-json\/wp\/v2\/posts\/15103\/revisions"}],"predecessor-version":[{"id":15104,"href":"https:\/\/apuntesdesanluis.com\/index.php\/wp-json\/wp\/v2\/posts\/15103\/revisions\/15104"}],"wp:featuredmedia":[{"embeddable":true,"href":"https:\/\/apuntesdesanluis.com\/index.php\/wp-json\/wp\/v2\/media\/13139"}],"wp:attachment":[{"href":"https:\/\/apuntesdesanluis.com\/index.php\/wp-json\/wp\/v2\/media?parent=15103"}],"wp:term":[{"taxonomy":"category","embeddable":true,"href":"https:\/\/apuntesdesanluis.com\/index.php\/wp-json\/wp\/v2\/categories?post=15103"},{"taxonomy":"post_tag","embeddable":true,"href":"https:\/\/apuntesdesanluis.com\/index.php\/wp-json\/wp\/v2\/tags?post=15103"}],"curies":[{"name":"wp","href":"https:\/\/api.w.org\/{rel}","templated":true}]}}