{"id":15105,"date":"2024-04-23T20:56:18","date_gmt":"2024-04-23T23:56:18","guid":{"rendered":"https:\/\/apuntesdesanluis.com\/?p=15105"},"modified":"2024-04-23T20:56:18","modified_gmt":"2024-04-23T23:56:18","slug":"otro-dato-confirma-la-fuerte-recesion-la-actividad-economica-cayo-32-en-febrero","status":"publish","type":"post","link":"https:\/\/apuntesdesanluis.com\/index.php\/2024\/04\/23\/otro-dato-confirma-la-fuerte-recesion-la-actividad-economica-cayo-32-en-febrero\/","title":{"rendered":"OTRO DATO CONFIRMA LA FUERTE RECESI\u00d3N: LA ACTIVIDAD ECON\u00d3MICA CAY\u00d3 3,2% EN FEBRERO"},"content":{"rendered":"<h3>La recesi\u00f3n ya se instal\u00f3 a pleno en la econom\u00eda argentina, de acuerdo con datos oficiales. Con los n\u00fameros de febrero, el estimador de actividad econ\u00f3mica (EMAE) registr\u00f3 una ca\u00edda de 3,2% en la comparaci\u00f3n interanual, seg\u00fan el INDEC. Con relaci\u00f3n a enero la baja fue del 0,2%.<\/h3>\n<h3>Ocho sectores claves registraron ca\u00eddas en la comparaci\u00f3n interanual, entre los que se destacan Construcci\u00f3n (-19,1%) e Intermediaci\u00f3n financiera (-12,1% ia).<\/h3>\n<h3>Junto con Industria manufacturera (-8,4%) y Comercio mayorista, minorista y reparaciones (-5,5%), aportan 3,1 puntos porcentuales a la ca\u00edda interanual del EMAE.<\/h3>\n<h3>En tanto, siete sectores de actividad que conforman el EMAE registraron subas en febrero, entre los que se destacan Pesca (+31,6% ia) y Explotaci\u00f3n de minas y canteras (11,7% ia).<\/h3>\n<h3>El sector Explotaci\u00f3n de minas y canteras (+11,7%) fue, a su vez, el de mayor incidencia positiva en la variaci\u00f3n interanual del EMAE, seguido por Agricultura, ganader\u00eda, caza y silvicultura (+5,5%).<\/h3>\n<h3>Emilio Prado, economista de la Fundaci\u00f3n Libertad y Progreso, dijo que la recesi\u00f3n \u201cse profundiz\u00f3 en febrero dado que, en t\u00e9rminos desestacionalizados, el EMAE cay\u00f3 0,2% mensual y anot\u00f3 su cuarta ca\u00edda al hilo\u201d.<\/h3>\n<h3>&#8220;El registro negativo del EMAE hab\u00eda sido adelantado por los datos de Construcci\u00f3n (ISAC) y producci\u00f3n industrial (IPI) nos dieron pistas de ello con sus respectivas bajas del 10,1% y 1,3% mensual. Sin embargo, los sectores vinculados a las exportaciones siguieron al alza, como la miner\u00eda (+11,7%ia) y agricultura, ganader\u00eda y pesca (+5,5%), y lograron contrarrestar parte de la retracci\u00f3n.<\/h3>\n<h3>Una relativa buena noticia es que la magnitud de la ca\u00edda se moder\u00f3 en relaci\u00f3n a enero (-1,2%) y diciembre (-2,8%). Esto nos indica que el piso de la contracci\u00f3n est\u00e1 cerca y, m\u00e1s espec\u00edficamente, posiblemente lo encontremos en abril&#8221;, indic\u00f3.<\/h3>\n<h3>Dijo que \u201cse puede inferir otra ca\u00edda en marzo a partir de los datos provistos por algunos sectores como \u00edndice construya (-11,2% mensual) y la producci\u00f3n automotriz (-29,4%ia), al igual que la contracci\u00f3n real en la recaudaci\u00f3n del IVA DGI del 18%, indicio de una nueva ca\u00edda en el consumo\u201d.<\/h3>\n<p>&nbsp;<\/p>\n<p>&nbsp;<\/p>\n<p>&nbsp;<\/p>\n<p>&nbsp;<\/p>\n<p>&nbsp;<\/p>\n<p>&nbsp;<\/p>\n","protected":false},"excerpt":{"rendered":"<p>La recesi\u00f3n ya se instal\u00f3 a pleno en la econom\u00eda argentina, de acuerdo con datos&#8230;<\/p>\n","protected":false},"author":1,"featured_media":15106,"comment_status":"closed","ping_status":"closed","sticky":false,"template":"","format":"standard","meta":{"footnotes":""},"categories":[5],"tags":[],"class_list":["post-15105","post","type-post","status-publish","format-standard","has-post-thumbnail","hentry","category-nacionales-internacionales"],"yoast_head":"<!-- This site is optimized with the Yoast SEO plugin v26.1.1 - https:\/\/yoast.com\/wordpress\/plugins\/seo\/ -->\n<title>OTRO DATO CONFIRMA LA FUERTE RECESI\u00d3N: LA ACTIVIDAD ECON\u00d3MICA CAY\u00d3 3,2% EN FEBRERO - Apuntes de San Luis<\/title>\n<meta name=\"robots\" content=\"index, follow, max-snippet:-1, max-image-preview:large, max-video-preview:-1\" \/>\n<link rel=\"canonical\" href=\"https:\/\/apuntesdesanluis.com\/index.php\/2024\/04\/23\/otro-dato-confirma-la-fuerte-recesion-la-actividad-economica-cayo-32-en-febrero\/\" \/>\n<meta property=\"og:locale\" content=\"es_ES\" \/>\n<meta property=\"og:type\" content=\"article\" \/>\n<meta property=\"og:title\" content=\"OTRO DATO CONFIRMA LA FUERTE RECESI\u00d3N: LA ACTIVIDAD ECON\u00d3MICA CAY\u00d3 3,2% EN FEBRERO - Apuntes de San Luis\" \/>\n<meta property=\"og:description\" content=\"La recesi\u00f3n ya se instal\u00f3 a pleno en la econom\u00eda argentina, de acuerdo con datos...\" \/>\n<meta property=\"og:url\" content=\"https:\/\/apuntesdesanluis.com\/index.php\/2024\/04\/23\/otro-dato-confirma-la-fuerte-recesion-la-actividad-economica-cayo-32-en-febrero\/\" \/>\n<meta property=\"og:site_name\" content=\"Apuntes de San Luis\" \/>\n<meta property=\"article:published_time\" content=\"2024-04-23T23:56:18+00:00\" \/>\n<meta property=\"og:image\" content=\"https:\/\/apuntesdesanluis.com\/wp-content\/uploads\/2024\/04\/CONSTRUCCION.png\" \/>\n\t<meta property=\"og:image:width\" content=\"661\" \/>\n\t<meta property=\"og:image:height\" content=\"404\" \/>\n\t<meta property=\"og:image:type\" content=\"image\/png\" \/>\n<meta name=\"author\" content=\"apuntesdesanluis.com\" \/>\n<meta name=\"twitter:card\" content=\"summary_large_image\" \/>\n<meta name=\"twitter:label1\" content=\"Escrito por\" \/>\n\t<meta name=\"twitter:data1\" content=\"apuntesdesanluis.com\" \/>\n\t<meta name=\"twitter:label2\" content=\"Tiempo de lectura\" \/>\n\t<meta name=\"twitter:data2\" content=\"2 minutos\" \/>\n<script type=\"application\/ld+json\" class=\"yoast-schema-graph\">{\"@context\":\"https:\/\/schema.org\",\"@graph\":[{\"@type\":\"Article\",\"@id\":\"https:\/\/apuntesdesanluis.com\/index.php\/2024\/04\/23\/otro-dato-confirma-la-fuerte-recesion-la-actividad-economica-cayo-32-en-febrero\/#article\",\"isPartOf\":{\"@id\":\"https:\/\/apuntesdesanluis.com\/index.php\/2024\/04\/23\/otro-dato-confirma-la-fuerte-recesion-la-actividad-economica-cayo-32-en-febrero\/\"},\"author\":{\"name\":\"apuntesdesanluis.com\",\"@id\":\"https:\/\/apuntesdesanluis.com\/#\/schema\/person\/b55151d52296fcce64d1a72538a70b90\"},\"headline\":\"OTRO DATO CONFIRMA LA FUERTE RECESI\u00d3N: LA ACTIVIDAD ECON\u00d3MICA CAY\u00d3 3,2% EN FEBRERO\",\"datePublished\":\"2024-04-23T23:56:18+00:00\",\"mainEntityOfPage\":{\"@id\":\"https:\/\/apuntesdesanluis.com\/index.php\/2024\/04\/23\/otro-dato-confirma-la-fuerte-recesion-la-actividad-economica-cayo-32-en-febrero\/\"},\"wordCount\":383,\"publisher\":{\"@id\":\"https:\/\/apuntesdesanluis.com\/#\/schema\/person\/b55151d52296fcce64d1a72538a70b90\"},\"image\":{\"@id\":\"https:\/\/apuntesdesanluis.com\/index.php\/2024\/04\/23\/otro-dato-confirma-la-fuerte-recesion-la-actividad-economica-cayo-32-en-febrero\/#primaryimage\"},\"thumbnailUrl\":\"https:\/\/apuntesdesanluis.com\/wp-content\/uploads\/2024\/04\/CONSTRUCCION.png\",\"articleSection\":[\"Nacionales\/Internacionales\"],\"inLanguage\":\"es-AR\"},{\"@type\":\"WebPage\",\"@id\":\"https:\/\/apuntesdesanluis.com\/index.php\/2024\/04\/23\/otro-dato-confirma-la-fuerte-recesion-la-actividad-economica-cayo-32-en-febrero\/\",\"url\":\"https:\/\/apuntesdesanluis.com\/index.php\/2024\/04\/23\/otro-dato-confirma-la-fuerte-recesion-la-actividad-economica-cayo-32-en-febrero\/\",\"name\":\"OTRO DATO CONFIRMA LA FUERTE RECESI\u00d3N: LA ACTIVIDAD ECON\u00d3MICA CAY\u00d3 3,2% EN FEBRERO - Apuntes de San Luis\",\"isPartOf\":{\"@id\":\"https:\/\/apuntesdesanluis.com\/#website\"},\"primaryImageOfPage\":{\"@id\":\"https:\/\/apuntesdesanluis.com\/index.php\/2024\/04\/23\/otro-dato-confirma-la-fuerte-recesion-la-actividad-economica-cayo-32-en-febrero\/#primaryimage\"},\"image\":{\"@id\":\"https:\/\/apuntesdesanluis.com\/index.php\/2024\/04\/23\/otro-dato-confirma-la-fuerte-recesion-la-actividad-economica-cayo-32-en-febrero\/#primaryimage\"},\"thumbnailUrl\":\"https:\/\/apuntesdesanluis.com\/wp-content\/uploads\/2024\/04\/CONSTRUCCION.png\",\"datePublished\":\"2024-04-23T23:56:18+00:00\",\"breadcrumb\":{\"@id\":\"https:\/\/apuntesdesanluis.com\/index.php\/2024\/04\/23\/otro-dato-confirma-la-fuerte-recesion-la-actividad-economica-cayo-32-en-febrero\/#breadcrumb\"},\"inLanguage\":\"es-AR\",\"potentialAction\":[{\"@type\":\"ReadAction\",\"target\":[\"https:\/\/apuntesdesanluis.com\/index.php\/2024\/04\/23\/otro-dato-confirma-la-fuerte-recesion-la-actividad-economica-cayo-32-en-febrero\/\"]}]},{\"@type\":\"ImageObject\",\"inLanguage\":\"es-AR\",\"@id\":\"https:\/\/apuntesdesanluis.com\/index.php\/2024\/04\/23\/otro-dato-confirma-la-fuerte-recesion-la-actividad-economica-cayo-32-en-febrero\/#primaryimage\",\"url\":\"https:\/\/apuntesdesanluis.com\/wp-content\/uploads\/2024\/04\/CONSTRUCCION.png\",\"contentUrl\":\"https:\/\/apuntesdesanluis.com\/wp-content\/uploads\/2024\/04\/CONSTRUCCION.png\",\"width\":661,\"height\":404},{\"@type\":\"BreadcrumbList\",\"@id\":\"https:\/\/apuntesdesanluis.com\/index.php\/2024\/04\/23\/otro-dato-confirma-la-fuerte-recesion-la-actividad-economica-cayo-32-en-febrero\/#breadcrumb\",\"itemListElement\":[{\"@type\":\"ListItem\",\"position\":1,\"name\":\"Inicio\",\"item\":\"https:\/\/apuntesdesanluis.com\/\"},{\"@type\":\"ListItem\",\"position\":2,\"name\":\"OTRO DATO CONFIRMA LA FUERTE RECESI\u00d3N: LA ACTIVIDAD ECON\u00d3MICA CAY\u00d3 3,2% EN FEBRERO\"}]},{\"@type\":\"WebSite\",\"@id\":\"https:\/\/apuntesdesanluis.com\/#website\",\"url\":\"https:\/\/apuntesdesanluis.com\/\",\"name\":\"Apuntes de San Luis\",\"description\":\"\",\"publisher\":{\"@id\":\"https:\/\/apuntesdesanluis.com\/#\/schema\/person\/b55151d52296fcce64d1a72538a70b90\"},\"potentialAction\":[{\"@type\":\"SearchAction\",\"target\":{\"@type\":\"EntryPoint\",\"urlTemplate\":\"https:\/\/apuntesdesanluis.com\/?s={search_term_string}\"},\"query-input\":{\"@type\":\"PropertyValueSpecification\",\"valueRequired\":true,\"valueName\":\"search_term_string\"}}],\"inLanguage\":\"es-AR\"},{\"@type\":[\"Person\",\"Organization\"],\"@id\":\"https:\/\/apuntesdesanluis.com\/#\/schema\/person\/b55151d52296fcce64d1a72538a70b90\",\"name\":\"apuntesdesanluis.com\",\"image\":{\"@type\":\"ImageObject\",\"inLanguage\":\"es-AR\",\"@id\":\"https:\/\/apuntesdesanluis.com\/#\/schema\/person\/image\/\",\"url\":\"https:\/\/apuntesdesanluis.com\/wp-content\/uploads\/2023\/07\/cropped-apuntesdesanluis.png\",\"contentUrl\":\"https:\/\/apuntesdesanluis.com\/wp-content\/uploads\/2023\/07\/cropped-apuntesdesanluis.png\",\"width\":450,\"height\":112,\"caption\":\"apuntesdesanluis.com\"},\"logo\":{\"@id\":\"https:\/\/apuntesdesanluis.com\/#\/schema\/person\/image\/\"},\"sameAs\":[\"https:\/\/apuntesdesanluis.com\"],\"url\":\"https:\/\/apuntesdesanluis.com\/index.php\/author\/apuntesdesanluis-com\/\"}]}<\/script>\n<!-- \/ Yoast SEO plugin. -->","yoast_head_json":{"title":"OTRO DATO CONFIRMA LA FUERTE RECESI\u00d3N: LA ACTIVIDAD ECON\u00d3MICA CAY\u00d3 3,2% EN FEBRERO - Apuntes de San Luis","robots":{"index":"index","follow":"follow","max-snippet":"max-snippet:-1","max-image-preview":"max-image-preview:large","max-video-preview":"max-video-preview:-1"},"canonical":"https:\/\/apuntesdesanluis.com\/index.php\/2024\/04\/23\/otro-dato-confirma-la-fuerte-recesion-la-actividad-economica-cayo-32-en-febrero\/","og_locale":"es_ES","og_type":"article","og_title":"OTRO DATO CONFIRMA LA FUERTE RECESI\u00d3N: LA ACTIVIDAD ECON\u00d3MICA CAY\u00d3 3,2% EN FEBRERO - Apuntes de San Luis","og_description":"La recesi\u00f3n ya se instal\u00f3 a pleno en la econom\u00eda argentina, de acuerdo con datos...","og_url":"https:\/\/apuntesdesanluis.com\/index.php\/2024\/04\/23\/otro-dato-confirma-la-fuerte-recesion-la-actividad-economica-cayo-32-en-febrero\/","og_site_name":"Apuntes de San Luis","article_published_time":"2024-04-23T23:56:18+00:00","og_image":[{"width":661,"height":404,"url":"https:\/\/apuntesdesanluis.com\/wp-content\/uploads\/2024\/04\/CONSTRUCCION.png","type":"image\/png"}],"author":"apuntesdesanluis.com","twitter_card":"summary_large_image","twitter_misc":{"Escrito por":"apuntesdesanluis.com","Tiempo de lectura":"2 minutos"},"schema":{"@context":"https:\/\/schema.org","@graph":[{"@type":"Article","@id":"https:\/\/apuntesdesanluis.com\/index.php\/2024\/04\/23\/otro-dato-confirma-la-fuerte-recesion-la-actividad-economica-cayo-32-en-febrero\/#article","isPartOf":{"@id":"https:\/\/apuntesdesanluis.com\/index.php\/2024\/04\/23\/otro-dato-confirma-la-fuerte-recesion-la-actividad-economica-cayo-32-en-febrero\/"},"author":{"name":"apuntesdesanluis.com","@id":"https:\/\/apuntesdesanluis.com\/#\/schema\/person\/b55151d52296fcce64d1a72538a70b90"},"headline":"OTRO DATO CONFIRMA LA FUERTE RECESI\u00d3N: LA ACTIVIDAD ECON\u00d3MICA CAY\u00d3 3,2% EN FEBRERO","datePublished":"2024-04-23T23:56:18+00:00","mainEntityOfPage":{"@id":"https:\/\/apuntesdesanluis.com\/index.php\/2024\/04\/23\/otro-dato-confirma-la-fuerte-recesion-la-actividad-economica-cayo-32-en-febrero\/"},"wordCount":383,"publisher":{"@id":"https:\/\/apuntesdesanluis.com\/#\/schema\/person\/b55151d52296fcce64d1a72538a70b90"},"image":{"@id":"https:\/\/apuntesdesanluis.com\/index.php\/2024\/04\/23\/otro-dato-confirma-la-fuerte-recesion-la-actividad-economica-cayo-32-en-febrero\/#primaryimage"},"thumbnailUrl":"https:\/\/apuntesdesanluis.com\/wp-content\/uploads\/2024\/04\/CONSTRUCCION.png","articleSection":["Nacionales\/Internacionales"],"inLanguage":"es-AR"},{"@type":"WebPage","@id":"https:\/\/apuntesdesanluis.com\/index.php\/2024\/04\/23\/otro-dato-confirma-la-fuerte-recesion-la-actividad-economica-cayo-32-en-febrero\/","url":"https:\/\/apuntesdesanluis.com\/index.php\/2024\/04\/23\/otro-dato-confirma-la-fuerte-recesion-la-actividad-economica-cayo-32-en-febrero\/","name":"OTRO DATO CONFIRMA LA FUERTE RECESI\u00d3N: LA ACTIVIDAD ECON\u00d3MICA CAY\u00d3 3,2% EN FEBRERO - Apuntes de San Luis","isPartOf":{"@id":"https:\/\/apuntesdesanluis.com\/#website"},"primaryImageOfPage":{"@id":"https:\/\/apuntesdesanluis.com\/index.php\/2024\/04\/23\/otro-dato-confirma-la-fuerte-recesion-la-actividad-economica-cayo-32-en-febrero\/#primaryimage"},"image":{"@id":"https:\/\/apuntesdesanluis.com\/index.php\/2024\/04\/23\/otro-dato-confirma-la-fuerte-recesion-la-actividad-economica-cayo-32-en-febrero\/#primaryimage"},"thumbnailUrl":"https:\/\/apuntesdesanluis.com\/wp-content\/uploads\/2024\/04\/CONSTRUCCION.png","datePublished":"2024-04-23T23:56:18+00:00","breadcrumb":{"@id":"https:\/\/apuntesdesanluis.com\/index.php\/2024\/04\/23\/otro-dato-confirma-la-fuerte-recesion-la-actividad-economica-cayo-32-en-febrero\/#breadcrumb"},"inLanguage":"es-AR","potentialAction":[{"@type":"ReadAction","target":["https:\/\/apuntesdesanluis.com\/index.php\/2024\/04\/23\/otro-dato-confirma-la-fuerte-recesion-la-actividad-economica-cayo-32-en-febrero\/"]}]},{"@type":"ImageObject","inLanguage":"es-AR","@id":"https:\/\/apuntesdesanluis.com\/index.php\/2024\/04\/23\/otro-dato-confirma-la-fuerte-recesion-la-actividad-economica-cayo-32-en-febrero\/#primaryimage","url":"https:\/\/apuntesdesanluis.com\/wp-content\/uploads\/2024\/04\/CONSTRUCCION.png","contentUrl":"https:\/\/apuntesdesanluis.com\/wp-content\/uploads\/2024\/04\/CONSTRUCCION.png","width":661,"height":404},{"@type":"BreadcrumbList","@id":"https:\/\/apuntesdesanluis.com\/index.php\/2024\/04\/23\/otro-dato-confirma-la-fuerte-recesion-la-actividad-economica-cayo-32-en-febrero\/#breadcrumb","itemListElement":[{"@type":"ListItem","position":1,"name":"Inicio","item":"https:\/\/apuntesdesanluis.com\/"},{"@type":"ListItem","position":2,"name":"OTRO DATO CONFIRMA LA FUERTE RECESI\u00d3N: LA ACTIVIDAD ECON\u00d3MICA CAY\u00d3 3,2% EN FEBRERO"}]},{"@type":"WebSite","@id":"https:\/\/apuntesdesanluis.com\/#website","url":"https:\/\/apuntesdesanluis.com\/","name":"Apuntes de San Luis","description":"","publisher":{"@id":"https:\/\/apuntesdesanluis.com\/#\/schema\/person\/b55151d52296fcce64d1a72538a70b90"},"potentialAction":[{"@type":"SearchAction","target":{"@type":"EntryPoint","urlTemplate":"https:\/\/apuntesdesanluis.com\/?s={search_term_string}"},"query-input":{"@type":"PropertyValueSpecification","valueRequired":true,"valueName":"search_term_string"}}],"inLanguage":"es-AR"},{"@type":["Person","Organization"],"@id":"https:\/\/apuntesdesanluis.com\/#\/schema\/person\/b55151d52296fcce64d1a72538a70b90","name":"apuntesdesanluis.com","image":{"@type":"ImageObject","inLanguage":"es-AR","@id":"https:\/\/apuntesdesanluis.com\/#\/schema\/person\/image\/","url":"https:\/\/apuntesdesanluis.com\/wp-content\/uploads\/2023\/07\/cropped-apuntesdesanluis.png","contentUrl":"https:\/\/apuntesdesanluis.com\/wp-content\/uploads\/2023\/07\/cropped-apuntesdesanluis.png","width":450,"height":112,"caption":"apuntesdesanluis.com"},"logo":{"@id":"https:\/\/apuntesdesanluis.com\/#\/schema\/person\/image\/"},"sameAs":["https:\/\/apuntesdesanluis.com"],"url":"https:\/\/apuntesdesanluis.com\/index.php\/author\/apuntesdesanluis-com\/"}]}},"featured_image_urls":{"full":["https:\/\/apuntesdesanluis.com\/wp-content\/uploads\/2024\/04\/CONSTRUCCION.png",661,404,false],"thumbnail":["https:\/\/apuntesdesanluis.com\/wp-content\/uploads\/2024\/04\/CONSTRUCCION-150x150.png",150,150,true],"medium":["https:\/\/apuntesdesanluis.com\/wp-content\/uploads\/2024\/04\/CONSTRUCCION-300x183.png",300,183,true],"medium_large":["https:\/\/apuntesdesanluis.com\/wp-content\/uploads\/2024\/04\/CONSTRUCCION.png",640,391,false],"large":["https:\/\/apuntesdesanluis.com\/wp-content\/uploads\/2024\/04\/CONSTRUCCION.png",640,391,false],"1536x1536":["https:\/\/apuntesdesanluis.com\/wp-content\/uploads\/2024\/04\/CONSTRUCCION.png",661,404,false],"2048x2048":["https:\/\/apuntesdesanluis.com\/wp-content\/uploads\/2024\/04\/CONSTRUCCION.png",661,404,false],"newsever-slider-full":["https:\/\/apuntesdesanluis.com\/wp-content\/uploads\/2024\/04\/CONSTRUCCION.png",661,404,false],"newsever-featured":["https:\/\/apuntesdesanluis.com\/wp-content\/uploads\/2024\/04\/CONSTRUCCION.png",661,404,false],"newsever-medium":["https:\/\/apuntesdesanluis.com\/wp-content\/uploads\/2024\/04\/CONSTRUCCION.png",661,404,false]},"author_info":{"display_name":"apuntesdesanluis.com","author_link":"https:\/\/apuntesdesanluis.com\/index.php\/author\/apuntesdesanluis-com\/"},"category_info":"<a href=\"https:\/\/apuntesdesanluis.com\/index.php\/category\/nacionales-internacionales\/\" rel=\"category tag\">Nacionales\/Internacionales<\/a>","tag_info":"Nacionales\/Internacionales","comment_count":"0","_links":{"self":[{"href":"https:\/\/apuntesdesanluis.com\/index.php\/wp-json\/wp\/v2\/posts\/15105","targetHints":{"allow":["GET"]}}],"collection":[{"href":"https:\/\/apuntesdesanluis.com\/index.php\/wp-json\/wp\/v2\/posts"}],"about":[{"href":"https:\/\/apuntesdesanluis.com\/index.php\/wp-json\/wp\/v2\/types\/post"}],"author":[{"embeddable":true,"href":"https:\/\/apuntesdesanluis.com\/index.php\/wp-json\/wp\/v2\/users\/1"}],"replies":[{"embeddable":true,"href":"https:\/\/apuntesdesanluis.com\/index.php\/wp-json\/wp\/v2\/comments?post=15105"}],"version-history":[{"count":1,"href":"https:\/\/apuntesdesanluis.com\/index.php\/wp-json\/wp\/v2\/posts\/15105\/revisions"}],"predecessor-version":[{"id":15107,"href":"https:\/\/apuntesdesanluis.com\/index.php\/wp-json\/wp\/v2\/posts\/15105\/revisions\/15107"}],"wp:featuredmedia":[{"embeddable":true,"href":"https:\/\/apuntesdesanluis.com\/index.php\/wp-json\/wp\/v2\/media\/15106"}],"wp:attachment":[{"href":"https:\/\/apuntesdesanluis.com\/index.php\/wp-json\/wp\/v2\/media?parent=15105"}],"wp:term":[{"taxonomy":"category","embeddable":true,"href":"https:\/\/apuntesdesanluis.com\/index.php\/wp-json\/wp\/v2\/categories?post=15105"},{"taxonomy":"post_tag","embeddable":true,"href":"https:\/\/apuntesdesanluis.com\/index.php\/wp-json\/wp\/v2\/tags?post=15105"}],"curies":[{"name":"wp","href":"https:\/\/api.w.org\/{rel}","templated":true}]}}