{"id":15119,"date":"2024-04-23T12:33:37","date_gmt":"2024-04-23T15:33:37","guid":{"rendered":"https:\/\/apuntesdesanluis.com\/?p=15119"},"modified":"2024-04-23T21:34:41","modified_gmt":"2024-04-24T00:34:41","slug":"el-gobierno-lanzo-idea-un-proyecto-para-todos-los-estudiantes-de-la-provincia","status":"publish","type":"post","link":"https:\/\/apuntesdesanluis.com\/index.php\/2024\/04\/23\/el-gobierno-lanzo-idea-un-proyecto-para-todos-los-estudiantes-de-la-provincia\/","title":{"rendered":"EL GOBIERNO LANZ\u00d3 IDEA, UN PROYECTO PARA TODOS LOS ESTUDIANTES DE LA PROVINCIA"},"content":{"rendered":"<h3>Inicio al Desarrollo Econ\u00f3mico Adolescente (IDEA) es un trabajo mancomunado entre los ministerios de Educaci\u00f3n y Desarrollo Productivo. Tiene como objetivo promover el esp\u00edritu emprendedor orientado a la educaci\u00f3n de los estudiantes.<\/h3>\n<h3>Desde este lunes, los ministerios de Desarrollo Productivo y Educaci\u00f3n lanzaron IDEA (Inicio al Desarrollo Econ\u00f3mico Adolescente), bajo el marco de \u2018Mi Pr\u00f3ximo Paso\u2019. Este nuevo proyecto promueve el esp\u00edritu emprendedor y orienta la educaci\u00f3n de los alumnos al desarrollo productivo para fomentar la cultura del trabajo desde la escuela.<\/h3>\n<h3>Las inscripciones comenzaron este lunes y finalizar\u00e1n el 31 de mayo. Los interesados podr\u00e1n anotarse a trav\u00e9s de este <strong><a href=\"https:\/\/docs.google.com\/forms\/d\/e\/1FAIpQLSeW6_cxuRxhWJZY657HxnKzWotkISjpIF52D3zUwOVxnQ2wBA\/viewform\"><span style=\"color: #3366ff;\">link<\/span><\/a><\/strong>.<\/h3>\n<h3>IDEA consiste en elaborar un proyecto productivo escolar, teniendo como referencia las fortalezas y las debilidades de la regi\u00f3n y a su vez que permita la participaci\u00f3n activa en la elaboraci\u00f3n y ejecuci\u00f3n del mismo por parte de los estudiantes, docentes y la comunidad local.<\/h3>\n<h3>Pretende trabajar en la integraci\u00f3n de aspectos pedag\u00f3gicos, mediante el aprendizaje pr\u00e1ctico y la aplicaci\u00f3n de conocimientos, a partir de la investigaci\u00f3n y la b\u00fasqueda de informaci\u00f3n.<\/h3>\n<h3>Una vez identificadas las escuelas dispuestas a participar en IDEA, se comenzar\u00e1 con la agenda de informaci\u00f3n virtual, a partir del 3 de junio hasta el receso escolar del 5 de julio; con el objeto de ofrecer herramientas que fortalezcan las bases concretas del proyecto a investigar por los alumnos y los docentes involucrados.<\/h3>\n<h3>A partir del 22 de julio y hasta el 31 de octubre se puntuar\u00e1 el tipo de proyecto a desarrollar y de acuerdo al contexto, se orientar\u00e1 con asesoramiento t\u00e9cnico.<\/h3>\n<h3>Para m\u00e1s informaci\u00f3n llamar a direcci\u00f3n de Desarrollo Productivo y Escuela al interno: (0266) 445-2000 \u2013 interno 3177 o al correo electr\u00f3nico: <a href=\"mailto:desarrolloproductivoyescuela@gmail.com\"><span style=\"color: #3366ff;\">desarrolloproductivoyescuela@gmail.com<\/span><\/a><\/h3>\n<p>&nbsp;<\/p>\n<p>&nbsp;<\/p>\n<p>&nbsp;<\/p>\n","protected":false},"excerpt":{"rendered":"<p>Inicio al Desarrollo Econ\u00f3mico Adolescente (IDEA) es un trabajo mancomunado entre los ministerios de Educaci\u00f3n&#8230;<\/p>\n","protected":false},"author":1,"featured_media":15120,"comment_status":"closed","ping_status":"closed","sticky":false,"template":"","format":"standard","meta":{"footnotes":""},"categories":[6],"tags":[],"class_list":["post-15119","post","type-post","status-publish","format-standard","has-post-thumbnail","hentry","category-ciudad-provincia"],"yoast_head":"<!-- This site is optimized with the Yoast SEO plugin v26.1.1 - https:\/\/yoast.com\/wordpress\/plugins\/seo\/ -->\n<title>EL GOBIERNO LANZ\u00d3 IDEA, UN PROYECTO PARA TODOS LOS ESTUDIANTES DE LA PROVINCIA - Apuntes de San Luis<\/title>\n<meta name=\"robots\" content=\"index, follow, max-snippet:-1, max-image-preview:large, max-video-preview:-1\" \/>\n<link rel=\"canonical\" href=\"https:\/\/apuntesdesanluis.com\/index.php\/2024\/04\/23\/el-gobierno-lanzo-idea-un-proyecto-para-todos-los-estudiantes-de-la-provincia\/\" \/>\n<meta property=\"og:locale\" content=\"es_ES\" \/>\n<meta property=\"og:type\" content=\"article\" \/>\n<meta property=\"og:title\" content=\"EL GOBIERNO LANZ\u00d3 IDEA, UN PROYECTO PARA TODOS LOS ESTUDIANTES DE LA PROVINCIA - Apuntes de San Luis\" \/>\n<meta property=\"og:description\" content=\"Inicio al Desarrollo Econ\u00f3mico Adolescente (IDEA) es un trabajo mancomunado entre los ministerios de Educaci\u00f3n...\" \/>\n<meta property=\"og:url\" content=\"https:\/\/apuntesdesanluis.com\/index.php\/2024\/04\/23\/el-gobierno-lanzo-idea-un-proyecto-para-todos-los-estudiantes-de-la-provincia\/\" \/>\n<meta property=\"og:site_name\" content=\"Apuntes de San Luis\" \/>\n<meta property=\"article:published_time\" content=\"2024-04-23T15:33:37+00:00\" \/>\n<meta property=\"article:modified_time\" content=\"2024-04-24T00:34:41+00:00\" \/>\n<meta property=\"og:image\" content=\"https:\/\/apuntesdesanluis.com\/wp-content\/uploads\/2024\/04\/POGGI-CON-ALUMNOS.png\" \/>\n\t<meta property=\"og:image:width\" content=\"767\" \/>\n\t<meta property=\"og:image:height\" content=\"505\" \/>\n\t<meta property=\"og:image:type\" content=\"image\/png\" \/>\n<meta name=\"author\" content=\"apuntesdesanluis.com\" \/>\n<meta name=\"twitter:card\" content=\"summary_large_image\" \/>\n<meta name=\"twitter:label1\" content=\"Escrito por\" \/>\n\t<meta name=\"twitter:data1\" content=\"apuntesdesanluis.com\" \/>\n\t<meta name=\"twitter:label2\" content=\"Tiempo de lectura\" \/>\n\t<meta name=\"twitter:data2\" content=\"2 minutos\" \/>\n<script type=\"application\/ld+json\" class=\"yoast-schema-graph\">{\"@context\":\"https:\/\/schema.org\",\"@graph\":[{\"@type\":\"Article\",\"@id\":\"https:\/\/apuntesdesanluis.com\/index.php\/2024\/04\/23\/el-gobierno-lanzo-idea-un-proyecto-para-todos-los-estudiantes-de-la-provincia\/#article\",\"isPartOf\":{\"@id\":\"https:\/\/apuntesdesanluis.com\/index.php\/2024\/04\/23\/el-gobierno-lanzo-idea-un-proyecto-para-todos-los-estudiantes-de-la-provincia\/\"},\"author\":{\"name\":\"apuntesdesanluis.com\",\"@id\":\"https:\/\/apuntesdesanluis.com\/#\/schema\/person\/b55151d52296fcce64d1a72538a70b90\"},\"headline\":\"EL GOBIERNO LANZ\u00d3 IDEA, UN PROYECTO PARA TODOS LOS ESTUDIANTES DE LA PROVINCIA\",\"datePublished\":\"2024-04-23T15:33:37+00:00\",\"dateModified\":\"2024-04-24T00:34:41+00:00\",\"mainEntityOfPage\":{\"@id\":\"https:\/\/apuntesdesanluis.com\/index.php\/2024\/04\/23\/el-gobierno-lanzo-idea-un-proyecto-para-todos-los-estudiantes-de-la-provincia\/\"},\"wordCount\":320,\"publisher\":{\"@id\":\"https:\/\/apuntesdesanluis.com\/#\/schema\/person\/b55151d52296fcce64d1a72538a70b90\"},\"image\":{\"@id\":\"https:\/\/apuntesdesanluis.com\/index.php\/2024\/04\/23\/el-gobierno-lanzo-idea-un-proyecto-para-todos-los-estudiantes-de-la-provincia\/#primaryimage\"},\"thumbnailUrl\":\"https:\/\/apuntesdesanluis.com\/wp-content\/uploads\/2024\/04\/POGGI-CON-ALUMNOS.png\",\"articleSection\":[\"Ciudad\/Provincia\"],\"inLanguage\":\"es-AR\"},{\"@type\":\"WebPage\",\"@id\":\"https:\/\/apuntesdesanluis.com\/index.php\/2024\/04\/23\/el-gobierno-lanzo-idea-un-proyecto-para-todos-los-estudiantes-de-la-provincia\/\",\"url\":\"https:\/\/apuntesdesanluis.com\/index.php\/2024\/04\/23\/el-gobierno-lanzo-idea-un-proyecto-para-todos-los-estudiantes-de-la-provincia\/\",\"name\":\"EL GOBIERNO LANZ\u00d3 IDEA, UN PROYECTO PARA TODOS LOS ESTUDIANTES DE LA PROVINCIA - Apuntes de San Luis\",\"isPartOf\":{\"@id\":\"https:\/\/apuntesdesanluis.com\/#website\"},\"primaryImageOfPage\":{\"@id\":\"https:\/\/apuntesdesanluis.com\/index.php\/2024\/04\/23\/el-gobierno-lanzo-idea-un-proyecto-para-todos-los-estudiantes-de-la-provincia\/#primaryimage\"},\"image\":{\"@id\":\"https:\/\/apuntesdesanluis.com\/index.php\/2024\/04\/23\/el-gobierno-lanzo-idea-un-proyecto-para-todos-los-estudiantes-de-la-provincia\/#primaryimage\"},\"thumbnailUrl\":\"https:\/\/apuntesdesanluis.com\/wp-content\/uploads\/2024\/04\/POGGI-CON-ALUMNOS.png\",\"datePublished\":\"2024-04-23T15:33:37+00:00\",\"dateModified\":\"2024-04-24T00:34:41+00:00\",\"breadcrumb\":{\"@id\":\"https:\/\/apuntesdesanluis.com\/index.php\/2024\/04\/23\/el-gobierno-lanzo-idea-un-proyecto-para-todos-los-estudiantes-de-la-provincia\/#breadcrumb\"},\"inLanguage\":\"es-AR\",\"potentialAction\":[{\"@type\":\"ReadAction\",\"target\":[\"https:\/\/apuntesdesanluis.com\/index.php\/2024\/04\/23\/el-gobierno-lanzo-idea-un-proyecto-para-todos-los-estudiantes-de-la-provincia\/\"]}]},{\"@type\":\"ImageObject\",\"inLanguage\":\"es-AR\",\"@id\":\"https:\/\/apuntesdesanluis.com\/index.php\/2024\/04\/23\/el-gobierno-lanzo-idea-un-proyecto-para-todos-los-estudiantes-de-la-provincia\/#primaryimage\",\"url\":\"https:\/\/apuntesdesanluis.com\/wp-content\/uploads\/2024\/04\/POGGI-CON-ALUMNOS.png\",\"contentUrl\":\"https:\/\/apuntesdesanluis.com\/wp-content\/uploads\/2024\/04\/POGGI-CON-ALUMNOS.png\",\"width\":767,\"height\":505},{\"@type\":\"BreadcrumbList\",\"@id\":\"https:\/\/apuntesdesanluis.com\/index.php\/2024\/04\/23\/el-gobierno-lanzo-idea-un-proyecto-para-todos-los-estudiantes-de-la-provincia\/#breadcrumb\",\"itemListElement\":[{\"@type\":\"ListItem\",\"position\":1,\"name\":\"Inicio\",\"item\":\"https:\/\/apuntesdesanluis.com\/\"},{\"@type\":\"ListItem\",\"position\":2,\"name\":\"EL GOBIERNO LANZ\u00d3 IDEA, UN PROYECTO PARA TODOS LOS ESTUDIANTES DE LA PROVINCIA\"}]},{\"@type\":\"WebSite\",\"@id\":\"https:\/\/apuntesdesanluis.com\/#website\",\"url\":\"https:\/\/apuntesdesanluis.com\/\",\"name\":\"Apuntes de San Luis\",\"description\":\"\",\"publisher\":{\"@id\":\"https:\/\/apuntesdesanluis.com\/#\/schema\/person\/b55151d52296fcce64d1a72538a70b90\"},\"potentialAction\":[{\"@type\":\"SearchAction\",\"target\":{\"@type\":\"EntryPoint\",\"urlTemplate\":\"https:\/\/apuntesdesanluis.com\/?s={search_term_string}\"},\"query-input\":{\"@type\":\"PropertyValueSpecification\",\"valueRequired\":true,\"valueName\":\"search_term_string\"}}],\"inLanguage\":\"es-AR\"},{\"@type\":[\"Person\",\"Organization\"],\"@id\":\"https:\/\/apuntesdesanluis.com\/#\/schema\/person\/b55151d52296fcce64d1a72538a70b90\",\"name\":\"apuntesdesanluis.com\",\"image\":{\"@type\":\"ImageObject\",\"inLanguage\":\"es-AR\",\"@id\":\"https:\/\/apuntesdesanluis.com\/#\/schema\/person\/image\/\",\"url\":\"https:\/\/apuntesdesanluis.com\/wp-content\/uploads\/2023\/07\/cropped-apuntesdesanluis.png\",\"contentUrl\":\"https:\/\/apuntesdesanluis.com\/wp-content\/uploads\/2023\/07\/cropped-apuntesdesanluis.png\",\"width\":450,\"height\":112,\"caption\":\"apuntesdesanluis.com\"},\"logo\":{\"@id\":\"https:\/\/apuntesdesanluis.com\/#\/schema\/person\/image\/\"},\"sameAs\":[\"https:\/\/apuntesdesanluis.com\"],\"url\":\"https:\/\/apuntesdesanluis.com\/index.php\/author\/apuntesdesanluis-com\/\"}]}<\/script>\n<!-- \/ Yoast SEO plugin. -->","yoast_head_json":{"title":"EL GOBIERNO LANZ\u00d3 IDEA, UN PROYECTO PARA TODOS LOS ESTUDIANTES DE LA PROVINCIA - Apuntes de San Luis","robots":{"index":"index","follow":"follow","max-snippet":"max-snippet:-1","max-image-preview":"max-image-preview:large","max-video-preview":"max-video-preview:-1"},"canonical":"https:\/\/apuntesdesanluis.com\/index.php\/2024\/04\/23\/el-gobierno-lanzo-idea-un-proyecto-para-todos-los-estudiantes-de-la-provincia\/","og_locale":"es_ES","og_type":"article","og_title":"EL GOBIERNO LANZ\u00d3 IDEA, UN PROYECTO PARA TODOS LOS ESTUDIANTES DE LA PROVINCIA - Apuntes de San Luis","og_description":"Inicio al Desarrollo Econ\u00f3mico Adolescente (IDEA) es un trabajo mancomunado entre los ministerios de Educaci\u00f3n...","og_url":"https:\/\/apuntesdesanluis.com\/index.php\/2024\/04\/23\/el-gobierno-lanzo-idea-un-proyecto-para-todos-los-estudiantes-de-la-provincia\/","og_site_name":"Apuntes de San Luis","article_published_time":"2024-04-23T15:33:37+00:00","article_modified_time":"2024-04-24T00:34:41+00:00","og_image":[{"width":767,"height":505,"url":"https:\/\/apuntesdesanluis.com\/wp-content\/uploads\/2024\/04\/POGGI-CON-ALUMNOS.png","type":"image\/png"}],"author":"apuntesdesanluis.com","twitter_card":"summary_large_image","twitter_misc":{"Escrito por":"apuntesdesanluis.com","Tiempo de lectura":"2 minutos"},"schema":{"@context":"https:\/\/schema.org","@graph":[{"@type":"Article","@id":"https:\/\/apuntesdesanluis.com\/index.php\/2024\/04\/23\/el-gobierno-lanzo-idea-un-proyecto-para-todos-los-estudiantes-de-la-provincia\/#article","isPartOf":{"@id":"https:\/\/apuntesdesanluis.com\/index.php\/2024\/04\/23\/el-gobierno-lanzo-idea-un-proyecto-para-todos-los-estudiantes-de-la-provincia\/"},"author":{"name":"apuntesdesanluis.com","@id":"https:\/\/apuntesdesanluis.com\/#\/schema\/person\/b55151d52296fcce64d1a72538a70b90"},"headline":"EL GOBIERNO LANZ\u00d3 IDEA, UN PROYECTO PARA TODOS LOS ESTUDIANTES DE LA PROVINCIA","datePublished":"2024-04-23T15:33:37+00:00","dateModified":"2024-04-24T00:34:41+00:00","mainEntityOfPage":{"@id":"https:\/\/apuntesdesanluis.com\/index.php\/2024\/04\/23\/el-gobierno-lanzo-idea-un-proyecto-para-todos-los-estudiantes-de-la-provincia\/"},"wordCount":320,"publisher":{"@id":"https:\/\/apuntesdesanluis.com\/#\/schema\/person\/b55151d52296fcce64d1a72538a70b90"},"image":{"@id":"https:\/\/apuntesdesanluis.com\/index.php\/2024\/04\/23\/el-gobierno-lanzo-idea-un-proyecto-para-todos-los-estudiantes-de-la-provincia\/#primaryimage"},"thumbnailUrl":"https:\/\/apuntesdesanluis.com\/wp-content\/uploads\/2024\/04\/POGGI-CON-ALUMNOS.png","articleSection":["Ciudad\/Provincia"],"inLanguage":"es-AR"},{"@type":"WebPage","@id":"https:\/\/apuntesdesanluis.com\/index.php\/2024\/04\/23\/el-gobierno-lanzo-idea-un-proyecto-para-todos-los-estudiantes-de-la-provincia\/","url":"https:\/\/apuntesdesanluis.com\/index.php\/2024\/04\/23\/el-gobierno-lanzo-idea-un-proyecto-para-todos-los-estudiantes-de-la-provincia\/","name":"EL GOBIERNO LANZ\u00d3 IDEA, UN PROYECTO PARA TODOS LOS ESTUDIANTES DE LA PROVINCIA - Apuntes de San Luis","isPartOf":{"@id":"https:\/\/apuntesdesanluis.com\/#website"},"primaryImageOfPage":{"@id":"https:\/\/apuntesdesanluis.com\/index.php\/2024\/04\/23\/el-gobierno-lanzo-idea-un-proyecto-para-todos-los-estudiantes-de-la-provincia\/#primaryimage"},"image":{"@id":"https:\/\/apuntesdesanluis.com\/index.php\/2024\/04\/23\/el-gobierno-lanzo-idea-un-proyecto-para-todos-los-estudiantes-de-la-provincia\/#primaryimage"},"thumbnailUrl":"https:\/\/apuntesdesanluis.com\/wp-content\/uploads\/2024\/04\/POGGI-CON-ALUMNOS.png","datePublished":"2024-04-23T15:33:37+00:00","dateModified":"2024-04-24T00:34:41+00:00","breadcrumb":{"@id":"https:\/\/apuntesdesanluis.com\/index.php\/2024\/04\/23\/el-gobierno-lanzo-idea-un-proyecto-para-todos-los-estudiantes-de-la-provincia\/#breadcrumb"},"inLanguage":"es-AR","potentialAction":[{"@type":"ReadAction","target":["https:\/\/apuntesdesanluis.com\/index.php\/2024\/04\/23\/el-gobierno-lanzo-idea-un-proyecto-para-todos-los-estudiantes-de-la-provincia\/"]}]},{"@type":"ImageObject","inLanguage":"es-AR","@id":"https:\/\/apuntesdesanluis.com\/index.php\/2024\/04\/23\/el-gobierno-lanzo-idea-un-proyecto-para-todos-los-estudiantes-de-la-provincia\/#primaryimage","url":"https:\/\/apuntesdesanluis.com\/wp-content\/uploads\/2024\/04\/POGGI-CON-ALUMNOS.png","contentUrl":"https:\/\/apuntesdesanluis.com\/wp-content\/uploads\/2024\/04\/POGGI-CON-ALUMNOS.png","width":767,"height":505},{"@type":"BreadcrumbList","@id":"https:\/\/apuntesdesanluis.com\/index.php\/2024\/04\/23\/el-gobierno-lanzo-idea-un-proyecto-para-todos-los-estudiantes-de-la-provincia\/#breadcrumb","itemListElement":[{"@type":"ListItem","position":1,"name":"Inicio","item":"https:\/\/apuntesdesanluis.com\/"},{"@type":"ListItem","position":2,"name":"EL GOBIERNO LANZ\u00d3 IDEA, UN PROYECTO PARA TODOS LOS ESTUDIANTES DE LA PROVINCIA"}]},{"@type":"WebSite","@id":"https:\/\/apuntesdesanluis.com\/#website","url":"https:\/\/apuntesdesanluis.com\/","name":"Apuntes de San Luis","description":"","publisher":{"@id":"https:\/\/apuntesdesanluis.com\/#\/schema\/person\/b55151d52296fcce64d1a72538a70b90"},"potentialAction":[{"@type":"SearchAction","target":{"@type":"EntryPoint","urlTemplate":"https:\/\/apuntesdesanluis.com\/?s={search_term_string}"},"query-input":{"@type":"PropertyValueSpecification","valueRequired":true,"valueName":"search_term_string"}}],"inLanguage":"es-AR"},{"@type":["Person","Organization"],"@id":"https:\/\/apuntesdesanluis.com\/#\/schema\/person\/b55151d52296fcce64d1a72538a70b90","name":"apuntesdesanluis.com","image":{"@type":"ImageObject","inLanguage":"es-AR","@id":"https:\/\/apuntesdesanluis.com\/#\/schema\/person\/image\/","url":"https:\/\/apuntesdesanluis.com\/wp-content\/uploads\/2023\/07\/cropped-apuntesdesanluis.png","contentUrl":"https:\/\/apuntesdesanluis.com\/wp-content\/uploads\/2023\/07\/cropped-apuntesdesanluis.png","width":450,"height":112,"caption":"apuntesdesanluis.com"},"logo":{"@id":"https:\/\/apuntesdesanluis.com\/#\/schema\/person\/image\/"},"sameAs":["https:\/\/apuntesdesanluis.com"],"url":"https:\/\/apuntesdesanluis.com\/index.php\/author\/apuntesdesanluis-com\/"}]}},"featured_image_urls":{"full":["https:\/\/apuntesdesanluis.com\/wp-content\/uploads\/2024\/04\/POGGI-CON-ALUMNOS.png",767,505,false],"thumbnail":["https:\/\/apuntesdesanluis.com\/wp-content\/uploads\/2024\/04\/POGGI-CON-ALUMNOS-150x150.png",150,150,true],"medium":["https:\/\/apuntesdesanluis.com\/wp-content\/uploads\/2024\/04\/POGGI-CON-ALUMNOS-300x198.png",300,198,true],"medium_large":["https:\/\/apuntesdesanluis.com\/wp-content\/uploads\/2024\/04\/POGGI-CON-ALUMNOS.png",640,421,false],"large":["https:\/\/apuntesdesanluis.com\/wp-content\/uploads\/2024\/04\/POGGI-CON-ALUMNOS.png",640,421,false],"1536x1536":["https:\/\/apuntesdesanluis.com\/wp-content\/uploads\/2024\/04\/POGGI-CON-ALUMNOS.png",767,505,false],"2048x2048":["https:\/\/apuntesdesanluis.com\/wp-content\/uploads\/2024\/04\/POGGI-CON-ALUMNOS.png",767,505,false],"newsever-slider-full":["https:\/\/apuntesdesanluis.com\/wp-content\/uploads\/2024\/04\/POGGI-CON-ALUMNOS.png",767,505,false],"newsever-featured":["https:\/\/apuntesdesanluis.com\/wp-content\/uploads\/2024\/04\/POGGI-CON-ALUMNOS.png",767,505,false],"newsever-medium":["https:\/\/apuntesdesanluis.com\/wp-content\/uploads\/2024\/04\/POGGI-CON-ALUMNOS-720x475.png",720,475,true]},"author_info":{"display_name":"apuntesdesanluis.com","author_link":"https:\/\/apuntesdesanluis.com\/index.php\/author\/apuntesdesanluis-com\/"},"category_info":"<a href=\"https:\/\/apuntesdesanluis.com\/index.php\/category\/ciudad-provincia\/\" rel=\"category tag\">Ciudad\/Provincia<\/a>","tag_info":"Ciudad\/Provincia","comment_count":"0","_links":{"self":[{"href":"https:\/\/apuntesdesanluis.com\/index.php\/wp-json\/wp\/v2\/posts\/15119","targetHints":{"allow":["GET"]}}],"collection":[{"href":"https:\/\/apuntesdesanluis.com\/index.php\/wp-json\/wp\/v2\/posts"}],"about":[{"href":"https:\/\/apuntesdesanluis.com\/index.php\/wp-json\/wp\/v2\/types\/post"}],"author":[{"embeddable":true,"href":"https:\/\/apuntesdesanluis.com\/index.php\/wp-json\/wp\/v2\/users\/1"}],"replies":[{"embeddable":true,"href":"https:\/\/apuntesdesanluis.com\/index.php\/wp-json\/wp\/v2\/comments?post=15119"}],"version-history":[{"count":1,"href":"https:\/\/apuntesdesanluis.com\/index.php\/wp-json\/wp\/v2\/posts\/15119\/revisions"}],"predecessor-version":[{"id":15121,"href":"https:\/\/apuntesdesanluis.com\/index.php\/wp-json\/wp\/v2\/posts\/15119\/revisions\/15121"}],"wp:featuredmedia":[{"embeddable":true,"href":"https:\/\/apuntesdesanluis.com\/index.php\/wp-json\/wp\/v2\/media\/15120"}],"wp:attachment":[{"href":"https:\/\/apuntesdesanluis.com\/index.php\/wp-json\/wp\/v2\/media?parent=15119"}],"wp:term":[{"taxonomy":"category","embeddable":true,"href":"https:\/\/apuntesdesanluis.com\/index.php\/wp-json\/wp\/v2\/categories?post=15119"},{"taxonomy":"post_tag","embeddable":true,"href":"https:\/\/apuntesdesanluis.com\/index.php\/wp-json\/wp\/v2\/tags?post=15119"}],"curies":[{"name":"wp","href":"https:\/\/api.w.org\/{rel}","templated":true}]}}